{"id":12849,"date":"2017-06-04T17:58:47","date_gmt":"2017-06-04T16:58:47","guid":{"rendered":"http:\/\/www.info-algerie.com\/actualites\/necessaire-formation-des-magistrats-et-des-avocats-au-mecanisme-de-lexception-dinconstitutionnalite\/"},"modified":"2017-06-04T17:58:47","modified_gmt":"2017-06-04T16:58:47","slug":"necessaire-formation-des-magistrats-et-des-avocats-au-mecanisme-de-lexception-dinconstitutionnalite","status":"publish","type":"post","link":"https:\/\/www.info-algerie.com\/actualites\/necessaire-formation-des-magistrats-et-des-avocats-au-mecanisme-de-lexception-dinconstitutionnalite\/","title":{"rendered":"N\u00e9cessaire formation des magistrats et des avocats au m\u00e9canisme de\u00a0 l&#039;exception d&#039;inconstitutionnalit\u00e9  \u00a0"},"content":{"rendered":"<div class=\"K2FeedImage\"><img decoding=\"async\" src=\"https:\/\/www.info-algerie.com\/actualites\/wp-content\/uploads\/2017\/06\/523e27efbe8f17468e3b3ca62ff30ee5_S.jpg\" alt=\"N&#xE9;cessaire formation des magistrats et des avocats au m&#xE9;canisme de&#xA0; l'exception d'inconstitutionnalit&#xE9;  &#xA0;\" \/><\/div>\n<div class=\"K2FeedIntroText\">\n<p class=\"MsoNormal\">ALGER, &#8211; Des sp\u00e9cialistes en droit constitutionnel ont\u00a0 mis l&rsquo;accent, dimanche \u00e0 Alger, sur la n\u00e9cessit\u00e9 de la formation des magistrats et des avocats au m\u00e9canisme de l&rsquo;exception\u00a0 d&rsquo;inconstitutionnalit\u00e9 pr\u00e9vu par la r\u00e9cente r\u00e9vision de la Constitution et\u00a0 qui entrera en vigueur en mars 2019 au niveau des tribunaux civils et\u00a0 militaires.<\/p>\n<p>&#013;\n<\/p><\/div>\n<div class=\"K2FeedFullText\">&#013;<\/p>\n<p>\u00a0<\/p>\n<p>&#013;<\/p>\n<p>Lors d&rsquo;une conf\u00e9rence sur l'\u00a0\u00bbexception d&rsquo;inconstitutionnalit\u00e9:\u00a0 \u00e9change d&rsquo;exp\u00e9riences et de bonnes pratiques\u00a0\u00bb, organis\u00e9e par le Conseil\u00a0 constitutionnel en collaboration avec le Programme des Nations Unies pour\u00a0 le d\u00e9veloppement (PNUD), le pr\u00e9sident de l&rsquo;Institution, Mourad Medelci, a\u00a0 pr\u00e9cis\u00e9 que l&rsquo;exception d&rsquo;inconstitutionnalit\u00e9, qui est l&rsquo;une des\u00a0 principales nouveaut\u00e9s introduites \u00e0 la faveur de la r\u00e9vision de la\u00a0 Constitution de mars 2016, constitue \u00ab\u00a0un immense pas en avant en mati\u00e8re de\u00a0 garantie des droits de l&rsquo;homme et des libert\u00e9s fondamentales dans un Etat\u00a0 de droit\u00a0\u00bb, soulignant qu&rsquo;il importait de former d\u00e8s \u00e0 pr\u00e9sent les\u00a0 magistrats et les avocats \u00e0 ce m\u00e9canisme et d&rsquo;informer les citoyens sur\u00a0 leur droit de recourir \u00e0 cette disposition constitutionnelle.<\/p>\n<p>&#013;<\/p>\n<p>La rencontre d&rsquo;aujourd&rsquo;hui, anim\u00e9e par des experts de renomm\u00e9e\u00a0 internationale issus de \u00ab\u00a0diverses cultures constitutionnelles\u00a0\u00bb, offre au\u00a0 Conseil constitutionnel et aux diff\u00e9rentes instances partenaires\u00a0 l&rsquo;opportunit\u00e9 d'\u00a0\u00bb\u00e9largir leur vision en vue d&rsquo;une meilleure compr\u00e9hension\u00a0 et d&rsquo;une application plus efficiente de ce m\u00e9canisme\u00a0\u00bb, a estim\u00e9 M. Medelci.<\/p>\n<p>&#013;<\/p>\n<p>R\u00e9pondant aux questionnements du pr\u00e9sident du Conseil\u00a0 constitutionnel sur le m\u00e9canisme de l&rsquo;exception d&rsquo;inconstitutionnalit\u00e9 et\u00a0 les moyens de son application sur le terrain sans se heurter \u00e0 des vides\u00a0 juridiques ou \u00e0 des incompatibilit\u00e9s, le membre du parlement belge, Francis\u00a0 Delp\u00e9r\u00e9e, a soulign\u00e9 l&rsquo;importance d\u00a0\u00bb&lsquo;un effort p\u00e9dagogique \u00e0 partir de\u00a0 l&rsquo;universit\u00e9 \u00e0 travers la formation des \u00e9tudiants de droit \u00e0 cette nouvelle\u00a0 option dont disposent les justiciables, mais aussi par la mise \u00e0 niveau des<\/p>\n<p>&#013;<\/p>\n<p>connaissances des enseignants pour qu&rsquo;ils soient au fait de ce nouveau\u00a0 m\u00e9canisme\u00a0\u00bb, a-t-il dit.<\/p>\n<p>&#013;<\/p>\n<p>Appelant \u00e9galement \u00e0 \u00ab\u00a0la formation des avocats pour qu&rsquo;ils puissent\u00a0 faire b\u00e9n\u00e9ficier leurs clients de toutes les voies de recours possibles\u00a0\u00bb,\u00a0 il a estim\u00e9 que jusqu&rsquo;\u00e0 la promulgation de la loi organique, le chantier\u00a0 doit rester ouvert pour enrichir cette disposition\u00a0 et parvenir \u00e0 la\u00a0 maitrise des m\u00e9canismes de son application\u00a0\u00bb.<\/p>\n<p>&#013;<\/p>\n<p>Le directeur g\u00e9n\u00e9ral du Centre d&rsquo;\u00e9tudes et de recherches\u00a0 constitutionnelles, Mohamed Bousoltane, a, pour sa part, affirm\u00e9 que loi\u00a0 organique portant m\u00e9canisme de l&rsquo;exception d&rsquo;inconstitutionnalit\u00e9\u00a0 \u00ab\u00a0consacrera un large espace \u00e0 l&rsquo;\u00e9largissement des pr\u00e9rogatives conf\u00e9r\u00e9es au\u00a0 Conseil constitutionnel\u00a0\u00bb, ajoutant que les pr\u00e9paratifs li\u00e9s \u00e0 ce texte\u00a0 entam\u00e9es au d\u00e9but de l&rsquo;ann\u00e9e \u00ab\u00a0vont bon train\u00a0\u00bb en attendant sa mise en oeuvre\u00a0 de ladite disposition au niveau des tribunaux civils et militaires.<\/p>\n<p>&#013;<\/p>\n<p>A rappeler dans ce sens, que les justiciables auront, \u00e0 partir de 2019, la\u00a0 possibilit\u00e9 de contester la conformit\u00e9 des textes juridiques aux\u00a0 dispositions constitutionnelles, \u00e0 travers l&rsquo;exception de\u00a0 l&rsquo;inconstitutionnalit\u00e9, introduite r\u00e9cemment suite au dernier amendement\u00a0 constitutionnel, et qui est \u00ab\u00a0un pas suppl\u00e9mentaire en mati\u00e8re de consolidation des droits de l&rsquo;Homme et de resserrement des liens entre les\u00a0 diff\u00e9rentes juridictions de l&rsquo;autorit\u00e9 judicaire.<\/p>\n<p>&#013;<\/p>\n<p>Ce nouveau m\u00e9canisme est cr\u00e9e en vertu de l&rsquo;article 188 de l&rsquo;amendement\u00a0 constitutionnel de 2016 qui stipule que \u00ab\u00a0le conseil constitutionnel peut\u00a0 \u00eatre saisi d&rsquo;une exception d&rsquo;inconstitutionnalit\u00e9 sur renvoie de la Cour\u00a0 supr\u00eame ou du Conseil d&rsquo;Etat, lorsque l&rsquo;une des parties au proc\u00e8s soutient\u00a0 devant une juridiction que la disposition l\u00e9gislative dont d\u00e9pend l&rsquo;issue\u00a0 du litige porte atteinte aux droits et libert\u00e9s garantis par la\u00a0 Constitution.<\/p>\n<p>&#013;<\/p>\n<p>Sachant que les conditions et les modalit\u00e9s de mise en oeuvre de l&rsquo;alin\u00e9a\u00a0 ci-dessus seront fix\u00e9es par une loi organique\u00a0\u00bb.<\/p>\n<p>&#013;<\/p>\n<p>En vertu de ce texte, le justiciable pourra contester la conformit\u00e9 des\u00a0 textes juridiques aux dispositions de la Constitution devant la Cour\u00a0 supr\u00eame, qui les transmet, par la suite, au Conseil constitutionnel, dans\u00a0 le cas o\u00f9 l&rsquo;affaire est relative au Droit public (Commercial, Civil&#8230;),\u00a0 alors que le recours se fait devant le Conseil d&rsquo;Etat qui le transmet au\u00a0 Conseil constitutionnel, si l&rsquo;affaire est relative au Droit administratif.<\/p>\n<p>&#013;<\/p>\n<p>Cependant, l&rsquo;application de de ce nouveau m\u00e9canisme est encadr\u00e9e par\u00a0 nombre de condition comme la n\u00e9cessit\u00e9 qu&rsquo;elle soit effectu\u00e9e dans le cadre\u00a0 des litiges introduites devant la justice et que l&rsquo;exception\u00a0 d&rsquo;inconstitutionnalit\u00e9 doit concerner les lois relatives aux libert\u00e9s et\u00a0 droits, sachant que cette proc\u00e9dure pourrait concerner un ou plusieurs\u00a0 articles ou toute la loi.<\/p>\n<p>&#013;<\/p>\n<p>L&rsquo;institution constitutionnelle tend \u00e0 consacrer une p\u00e9riode transitive de\u00a0 3 ann\u00e9es \u00e0 compter de l&rsquo;entr\u00e9e en vigueur des amendements constitutionnels, une p\u00e9riode r\u00e9serv\u00e9e \u00e0 la pr\u00e9paration de la loi organique relative \u00e0 ce m\u00e9canisme et \u00e0 son application, afin de permettre au Conseil\u00a0 constitutionnel de s&rsquo;adapter \u00e0 ce nouveau principe, apr\u00e8s son \u00e9largissement\u00a0 \u00e0 cet effet. En outre il a \u00e9t\u00e9 proc\u00e9d\u00e9 \u00e0 l&rsquo;amendement des deux Codes de\u00a0 proc\u00e9dures civiles et p\u00e9nales en plus d&rsquo;autres mesures pour assurer une\u00a0 bonne mise en oeuvre de cette disposition.<\/p>\n<p>&#013;<\/p>\n<p>\u00a0<\/p>\n<p>&#013;<\/p>\n<p class=\"MsoNormal\">A souligner, que le Conseil constitutionnel d\u00e9lib\u00e8re, dans ce cadre, \u00e0\u00a0 huis clos Time out<\/p>\n<\/div>\n<p>&#013;<br \/>\nSource: <a href=\"http:\/\/www.aps.dz\/algerie\/58538-necessaire-formation-des-magistrats-et-des-avocats-au-mecanisme-de-l-exception-d-inconstitutionnalite\" target=\"_blank\">N\u00e9cessaire formation des magistrats et des avocats au m\u00e9canisme de\u00a0 l&rsquo;exception d&rsquo;inconstitutionnalit\u00e9  \u00a0<\/a><\/p>\n<!--CusAds0-->\n<div style=\"font-size: 0px; height: 0px; line-height: 0px; margin: 0; padding: 0; clear: both;\"><\/div>","protected":false},"excerpt":{"rendered":"<p>ALGER, &#8211; Des sp\u00e9cialistes en droit constitutionnel ont\u00a0 mis l&rsquo;accent, dimanche \u00e0 Alger, sur la n\u00e9cessit\u00e9 de la formation des magistrats et des avocats au m\u00e9canisme de l&rsquo;exception\u00a0 d&rsquo;inconstitutionnalit\u00e9 pr\u00e9vu par la r\u00e9cente r\u00e9vision de la Constitution et\u00a0 qui entrera en vigueur en mars 2019 au niveau des tribunaux civils et\u00a0 militaires. &#013; &#013; \u00a0<\/p>\n","protected":false},"author":6,"featured_media":12850,"comment_status":"open","ping_status":"open","sticky":false,"template":"","format":"standard","meta":{"footnotes":""},"categories":[22],"tags":[93],"class_list":["post-12849","post","type-post","status-publish","format-standard","has-post-thumbnail","hentry","category-infos","tag-onu"],"yoast_head":"<!-- This site is optimized with the Yoast SEO plugin v27.5 - https:\/\/yoast.com\/product\/yoast-seo-wordpress\/ -->\n<title>N\u00e9cessaire formation des magistrats et des avocats au m\u00e9canisme de\u00a0 l&#039;exception d&#039;inconstitutionnalit\u00e9 \u00a0 - info algerie<\/title>\n<meta name=\"robots\" content=\"index, follow, max-snippet:-1, max-image-preview:large, max-video-preview:-1\" \/>\n<link rel=\"canonical\" href=\"https:\/\/www.info-algerie.com\/actualites\/necessaire-formation-des-magistrats-et-des-avocats-au-mecanisme-de-lexception-dinconstitutionnalite\/\" \/>\n<meta property=\"og:locale\" content=\"fr_FR\" \/>\n<meta property=\"og:type\" content=\"article\" \/>\n<meta property=\"og:title\" content=\"N\u00e9cessaire formation des magistrats et des avocats au m\u00e9canisme de\u00a0 l&#039;exception d&#039;inconstitutionnalit\u00e9 \u00a0 - info algerie\" \/>\n<meta property=\"og:description\" content=\"ALGER, &#8211; Des sp\u00e9cialistes en droit constitutionnel ont\u00a0 mis l&rsquo;accent, dimanche \u00e0 Alger, sur la n\u00e9cessit\u00e9 de la formation des magistrats et des avocats au m\u00e9canisme de l&rsquo;exception\u00a0 d&rsquo;inconstitutionnalit\u00e9 pr\u00e9vu par la r\u00e9cente r\u00e9vision de la Constitution et\u00a0 qui entrera en vigueur en mars 2019 au niveau des tribunaux civils et\u00a0 militaires. &#013; &#013; \u00a0\" \/>\n<meta property=\"og:url\" content=\"https:\/\/www.info-algerie.com\/actualites\/necessaire-formation-des-magistrats-et-des-avocats-au-mecanisme-de-lexception-dinconstitutionnalite\/\" \/>\n<meta property=\"og:site_name\" content=\"info algerie\" \/>\n<meta property=\"article:publisher\" content=\"https:\/\/www.facebook.com\/infoalgerieactu\" \/>\n<meta property=\"article:published_time\" content=\"2017-06-04T16:58:47+00:00\" \/>\n<meta property=\"og:image\" content=\"https:\/\/www.info-algerie.com\/actualites\/wp-content\/uploads\/2017\/06\/523e27efbe8f17468e3b3ca62ff30ee5_S-1.jpg\" \/>\n\t<meta property=\"og:image:width\" content=\"280\" \/>\n\t<meta property=\"og:image:height\" content=\"169\" \/>\n\t<meta property=\"og:image:type\" content=\"image\/jpeg\" \/>\n<meta name=\"author\" content=\"La r\u00e9daction\" \/>\n<meta name=\"twitter:label1\" content=\"\u00c9crit par\" \/>\n\t<meta name=\"twitter:data1\" content=\"La r\u00e9daction\" \/>\n\t<meta name=\"twitter:label2\" content=\"Dur\u00e9e de lecture estim\u00e9e\" \/>\n\t<meta name=\"twitter:data2\" content=\"4 minutes\" \/>\n<script type=\"application\/ld+json\" class=\"yoast-schema-graph\">{\"@context\":\"https:\\\/\\\/schema.org\",\"@graph\":[{\"@type\":\"Article\",\"@id\":\"https:\\\/\\\/www.info-algerie.com\\\/actualites\\\/necessaire-formation-des-magistrats-et-des-avocats-au-mecanisme-de-lexception-dinconstitutionnalite\\\/#article\",\"isPartOf\":{\"@id\":\"https:\\\/\\\/www.info-algerie.com\\\/actualites\\\/necessaire-formation-des-magistrats-et-des-avocats-au-mecanisme-de-lexception-dinconstitutionnalite\\\/\"},\"author\":{\"name\":\"La r\u00e9daction\",\"@id\":\"https:\\\/\\\/www.info-algerie.com\\\/actualites\\\/#\\\/schema\\\/person\\\/847aaec44920825b843a08f30ec6aa1e\"},\"headline\":\"N\u00e9cessaire formation des magistrats et des avocats au m\u00e9canisme de\u00a0 l&#039;exception d&#039;inconstitutionnalit\u00e9 \u00a0\",\"datePublished\":\"2017-06-04T16:58:47+00:00\",\"mainEntityOfPage\":{\"@id\":\"https:\\\/\\\/www.info-algerie.com\\\/actualites\\\/necessaire-formation-des-magistrats-et-des-avocats-au-mecanisme-de-lexception-dinconstitutionnalite\\\/\"},\"wordCount\":927,\"commentCount\":0,\"publisher\":{\"@id\":\"https:\\\/\\\/www.info-algerie.com\\\/actualites\\\/#organization\"},\"image\":{\"@id\":\"https:\\\/\\\/www.info-algerie.com\\\/actualites\\\/necessaire-formation-des-magistrats-et-des-avocats-au-mecanisme-de-lexception-dinconstitutionnalite\\\/#primaryimage\"},\"thumbnailUrl\":\"https:\\\/\\\/www.info-algerie.com\\\/actualites\\\/wp-content\\\/uploads\\\/2017\\\/06\\\/523e27efbe8f17468e3b3ca62ff30ee5_S-1.jpg\",\"keywords\":[\"ONU\"],\"articleSection\":[\"infos\"],\"inLanguage\":\"fr-FR\",\"potentialAction\":[{\"@type\":\"CommentAction\",\"name\":\"Comment\",\"target\":[\"https:\\\/\\\/www.info-algerie.com\\\/actualites\\\/necessaire-formation-des-magistrats-et-des-avocats-au-mecanisme-de-lexception-dinconstitutionnalite\\\/#respond\"]}]},{\"@type\":\"WebPage\",\"@id\":\"https:\\\/\\\/www.info-algerie.com\\\/actualites\\\/necessaire-formation-des-magistrats-et-des-avocats-au-mecanisme-de-lexception-dinconstitutionnalite\\\/\",\"url\":\"https:\\\/\\\/www.info-algerie.com\\\/actualites\\\/necessaire-formation-des-magistrats-et-des-avocats-au-mecanisme-de-lexception-dinconstitutionnalite\\\/\",\"name\":\"N\u00e9cessaire formation des magistrats et des avocats au m\u00e9canisme de\u00a0 l&#039;exception d&#039;inconstitutionnalit\u00e9 \u00a0 - info algerie\",\"isPartOf\":{\"@id\":\"https:\\\/\\\/www.info-algerie.com\\\/actualites\\\/#website\"},\"primaryImageOfPage\":{\"@id\":\"https:\\\/\\\/www.info-algerie.com\\\/actualites\\\/necessaire-formation-des-magistrats-et-des-avocats-au-mecanisme-de-lexception-dinconstitutionnalite\\\/#primaryimage\"},\"image\":{\"@id\":\"https:\\\/\\\/www.info-algerie.com\\\/actualites\\\/necessaire-formation-des-magistrats-et-des-avocats-au-mecanisme-de-lexception-dinconstitutionnalite\\\/#primaryimage\"},\"thumbnailUrl\":\"https:\\\/\\\/www.info-algerie.com\\\/actualites\\\/wp-content\\\/uploads\\\/2017\\\/06\\\/523e27efbe8f17468e3b3ca62ff30ee5_S-1.jpg\",\"datePublished\":\"2017-06-04T16:58:47+00:00\",\"breadcrumb\":{\"@id\":\"https:\\\/\\\/www.info-algerie.com\\\/actualites\\\/necessaire-formation-des-magistrats-et-des-avocats-au-mecanisme-de-lexception-dinconstitutionnalite\\\/#breadcrumb\"},\"inLanguage\":\"fr-FR\",\"potentialAction\":[{\"@type\":\"ReadAction\",\"target\":[\"https:\\\/\\\/www.info-algerie.com\\\/actualites\\\/necessaire-formation-des-magistrats-et-des-avocats-au-mecanisme-de-lexception-dinconstitutionnalite\\\/\"]}]},{\"@type\":\"ImageObject\",\"inLanguage\":\"fr-FR\",\"@id\":\"https:\\\/\\\/www.info-algerie.com\\\/actualites\\\/necessaire-formation-des-magistrats-et-des-avocats-au-mecanisme-de-lexception-dinconstitutionnalite\\\/#primaryimage\",\"url\":\"https:\\\/\\\/www.info-algerie.com\\\/actualites\\\/wp-content\\\/uploads\\\/2017\\\/06\\\/523e27efbe8f17468e3b3ca62ff30ee5_S-1.jpg\",\"contentUrl\":\"https:\\\/\\\/www.info-algerie.com\\\/actualites\\\/wp-content\\\/uploads\\\/2017\\\/06\\\/523e27efbe8f17468e3b3ca62ff30ee5_S-1.jpg\",\"width\":280,\"height\":169},{\"@type\":\"BreadcrumbList\",\"@id\":\"https:\\\/\\\/www.info-algerie.com\\\/actualites\\\/necessaire-formation-des-magistrats-et-des-avocats-au-mecanisme-de-lexception-dinconstitutionnalite\\\/#breadcrumb\",\"itemListElement\":[{\"@type\":\"ListItem\",\"position\":1,\"name\":\"Accueil\",\"item\":\"https:\\\/\\\/www.info-algerie.com\\\/actualites\\\/\"},{\"@type\":\"ListItem\",\"position\":2,\"name\":\"N\u00e9cessaire formation des magistrats et des avocats au m\u00e9canisme de\u00a0 l&#039;exception d&#039;inconstitutionnalit\u00e9 \u00a0\"}]},{\"@type\":\"WebSite\",\"@id\":\"https:\\\/\\\/www.info-algerie.com\\\/actualites\\\/#website\",\"url\":\"https:\\\/\\\/www.info-algerie.com\\\/actualites\\\/\",\"name\":\"info algerie\",\"description\":\"Toutes les actualit\u00e9s\",\"publisher\":{\"@id\":\"https:\\\/\\\/www.info-algerie.com\\\/actualites\\\/#organization\"},\"potentialAction\":[{\"@type\":\"SearchAction\",\"target\":{\"@type\":\"EntryPoint\",\"urlTemplate\":\"https:\\\/\\\/www.info-algerie.com\\\/actualites\\\/?s={search_term_string}\"},\"query-input\":{\"@type\":\"PropertyValueSpecification\",\"valueRequired\":true,\"valueName\":\"search_term_string\"}}],\"inLanguage\":\"fr-FR\"},{\"@type\":\"Organization\",\"@id\":\"https:\\\/\\\/www.info-algerie.com\\\/actualites\\\/#organization\",\"name\":\"info algerie\",\"url\":\"https:\\\/\\\/www.info-algerie.com\\\/actualites\\\/\",\"logo\":{\"@type\":\"ImageObject\",\"inLanguage\":\"fr-FR\",\"@id\":\"https:\\\/\\\/www.info-algerie.com\\\/actualites\\\/#\\\/schema\\\/logo\\\/image\\\/\",\"url\":\"https:\\\/\\\/www.info-algerie.com\\\/actualites\\\/wp-content\\\/uploads\\\/2022\\\/07\\\/logo-ia-120.png\",\"contentUrl\":\"https:\\\/\\\/www.info-algerie.com\\\/actualites\\\/wp-content\\\/uploads\\\/2022\\\/07\\\/logo-ia-120.png\",\"width\":120,\"height\":43,\"caption\":\"info algerie\"},\"image\":{\"@id\":\"https:\\\/\\\/www.info-algerie.com\\\/actualites\\\/#\\\/schema\\\/logo\\\/image\\\/\"},\"sameAs\":[\"https:\\\/\\\/www.facebook.com\\\/infoalgerieactu\",\"https:\\\/\\\/x.com\\\/infoalgerie1\"]},{\"@type\":\"Person\",\"@id\":\"https:\\\/\\\/www.info-algerie.com\\\/actualites\\\/#\\\/schema\\\/person\\\/847aaec44920825b843a08f30ec6aa1e\",\"name\":\"La r\u00e9daction\",\"image\":{\"@type\":\"ImageObject\",\"inLanguage\":\"fr-FR\",\"@id\":\"https:\\\/\\\/secure.gravatar.com\\\/avatar\\\/769db425c6f465158149f1ffd6cf61ce7a8a879d11dfbef8288af36dfddd418c?s=96&d=mm&r=g\",\"url\":\"https:\\\/\\\/secure.gravatar.com\\\/avatar\\\/769db425c6f465158149f1ffd6cf61ce7a8a879d11dfbef8288af36dfddd418c?s=96&d=mm&r=g\",\"contentUrl\":\"https:\\\/\\\/secure.gravatar.com\\\/avatar\\\/769db425c6f465158149f1ffd6cf61ce7a8a879d11dfbef8288af36dfddd418c?s=96&d=mm&r=g\",\"caption\":\"La r\u00e9daction\"},\"sameAs\":[\"http:\\\/\\\/www.lkeria.com\\\/\"],\"url\":\"https:\\\/\\\/www.info-algerie.com\\\/actualites\\\/author\\\/chakib32\\\/\"}]}<\/script>\n<!-- \/ Yoast SEO plugin. -->","yoast_head_json":{"title":"N\u00e9cessaire formation des magistrats et des avocats au m\u00e9canisme de\u00a0 l&#039;exception d&#039;inconstitutionnalit\u00e9 \u00a0 - info algerie","robots":{"index":"index","follow":"follow","max-snippet":"max-snippet:-1","max-image-preview":"max-image-preview:large","max-video-preview":"max-video-preview:-1"},"canonical":"https:\/\/www.info-algerie.com\/actualites\/necessaire-formation-des-magistrats-et-des-avocats-au-mecanisme-de-lexception-dinconstitutionnalite\/","og_locale":"fr_FR","og_type":"article","og_title":"N\u00e9cessaire formation des magistrats et des avocats au m\u00e9canisme de\u00a0 l&#039;exception d&#039;inconstitutionnalit\u00e9 \u00a0 - info algerie","og_description":"ALGER, &#8211; Des sp\u00e9cialistes en droit constitutionnel ont\u00a0 mis l&rsquo;accent, dimanche \u00e0 Alger, sur la n\u00e9cessit\u00e9 de la formation des magistrats et des avocats au m\u00e9canisme de l&rsquo;exception\u00a0 d&rsquo;inconstitutionnalit\u00e9 pr\u00e9vu par la r\u00e9cente r\u00e9vision de la Constitution et\u00a0 qui entrera en vigueur en mars 2019 au niveau des tribunaux civils et\u00a0 militaires. &#013; &#013; \u00a0","og_url":"https:\/\/www.info-algerie.com\/actualites\/necessaire-formation-des-magistrats-et-des-avocats-au-mecanisme-de-lexception-dinconstitutionnalite\/","og_site_name":"info algerie","article_publisher":"https:\/\/www.facebook.com\/infoalgerieactu","article_published_time":"2017-06-04T16:58:47+00:00","og_image":[{"width":280,"height":169,"url":"https:\/\/www.info-algerie.com\/actualites\/wp-content\/uploads\/2017\/06\/523e27efbe8f17468e3b3ca62ff30ee5_S-1.jpg","type":"image\/jpeg"}],"author":"La r\u00e9daction","twitter_misc":{"\u00c9crit par":"La r\u00e9daction","Dur\u00e9e de lecture estim\u00e9e":"4 minutes"},"schema":{"@context":"https:\/\/schema.org","@graph":[{"@type":"Article","@id":"https:\/\/www.info-algerie.com\/actualites\/necessaire-formation-des-magistrats-et-des-avocats-au-mecanisme-de-lexception-dinconstitutionnalite\/#article","isPartOf":{"@id":"https:\/\/www.info-algerie.com\/actualites\/necessaire-formation-des-magistrats-et-des-avocats-au-mecanisme-de-lexception-dinconstitutionnalite\/"},"author":{"name":"La r\u00e9daction","@id":"https:\/\/www.info-algerie.com\/actualites\/#\/schema\/person\/847aaec44920825b843a08f30ec6aa1e"},"headline":"N\u00e9cessaire formation des magistrats et des avocats au m\u00e9canisme de\u00a0 l&#039;exception d&#039;inconstitutionnalit\u00e9 \u00a0","datePublished":"2017-06-04T16:58:47+00:00","mainEntityOfPage":{"@id":"https:\/\/www.info-algerie.com\/actualites\/necessaire-formation-des-magistrats-et-des-avocats-au-mecanisme-de-lexception-dinconstitutionnalite\/"},"wordCount":927,"commentCount":0,"publisher":{"@id":"https:\/\/www.info-algerie.com\/actualites\/#organization"},"image":{"@id":"https:\/\/www.info-algerie.com\/actualites\/necessaire-formation-des-magistrats-et-des-avocats-au-mecanisme-de-lexception-dinconstitutionnalite\/#primaryimage"},"thumbnailUrl":"https:\/\/www.info-algerie.com\/actualites\/wp-content\/uploads\/2017\/06\/523e27efbe8f17468e3b3ca62ff30ee5_S-1.jpg","keywords":["ONU"],"articleSection":["infos"],"inLanguage":"fr-FR","potentialAction":[{"@type":"CommentAction","name":"Comment","target":["https:\/\/www.info-algerie.com\/actualites\/necessaire-formation-des-magistrats-et-des-avocats-au-mecanisme-de-lexception-dinconstitutionnalite\/#respond"]}]},{"@type":"WebPage","@id":"https:\/\/www.info-algerie.com\/actualites\/necessaire-formation-des-magistrats-et-des-avocats-au-mecanisme-de-lexception-dinconstitutionnalite\/","url":"https:\/\/www.info-algerie.com\/actualites\/necessaire-formation-des-magistrats-et-des-avocats-au-mecanisme-de-lexception-dinconstitutionnalite\/","name":"N\u00e9cessaire formation des magistrats et des avocats au m\u00e9canisme de\u00a0 l&#039;exception d&#039;inconstitutionnalit\u00e9 \u00a0 - info algerie","isPartOf":{"@id":"https:\/\/www.info-algerie.com\/actualites\/#website"},"primaryImageOfPage":{"@id":"https:\/\/www.info-algerie.com\/actualites\/necessaire-formation-des-magistrats-et-des-avocats-au-mecanisme-de-lexception-dinconstitutionnalite\/#primaryimage"},"image":{"@id":"https:\/\/www.info-algerie.com\/actualites\/necessaire-formation-des-magistrats-et-des-avocats-au-mecanisme-de-lexception-dinconstitutionnalite\/#primaryimage"},"thumbnailUrl":"https:\/\/www.info-algerie.com\/actualites\/wp-content\/uploads\/2017\/06\/523e27efbe8f17468e3b3ca62ff30ee5_S-1.jpg","datePublished":"2017-06-04T16:58:47+00:00","breadcrumb":{"@id":"https:\/\/www.info-algerie.com\/actualites\/necessaire-formation-des-magistrats-et-des-avocats-au-mecanisme-de-lexception-dinconstitutionnalite\/#breadcrumb"},"inLanguage":"fr-FR","potentialAction":[{"@type":"ReadAction","target":["https:\/\/www.info-algerie.com\/actualites\/necessaire-formation-des-magistrats-et-des-avocats-au-mecanisme-de-lexception-dinconstitutionnalite\/"]}]},{"@type":"ImageObject","inLanguage":"fr-FR","@id":"https:\/\/www.info-algerie.com\/actualites\/necessaire-formation-des-magistrats-et-des-avocats-au-mecanisme-de-lexception-dinconstitutionnalite\/#primaryimage","url":"https:\/\/www.info-algerie.com\/actualites\/wp-content\/uploads\/2017\/06\/523e27efbe8f17468e3b3ca62ff30ee5_S-1.jpg","contentUrl":"https:\/\/www.info-algerie.com\/actualites\/wp-content\/uploads\/2017\/06\/523e27efbe8f17468e3b3ca62ff30ee5_S-1.jpg","width":280,"height":169},{"@type":"BreadcrumbList","@id":"https:\/\/www.info-algerie.com\/actualites\/necessaire-formation-des-magistrats-et-des-avocats-au-mecanisme-de-lexception-dinconstitutionnalite\/#breadcrumb","itemListElement":[{"@type":"ListItem","position":1,"name":"Accueil","item":"https:\/\/www.info-algerie.com\/actualites\/"},{"@type":"ListItem","position":2,"name":"N\u00e9cessaire formation des magistrats et des avocats au m\u00e9canisme de\u00a0 l&#039;exception d&#039;inconstitutionnalit\u00e9 \u00a0"}]},{"@type":"WebSite","@id":"https:\/\/www.info-algerie.com\/actualites\/#website","url":"https:\/\/www.info-algerie.com\/actualites\/","name":"info algerie","description":"Toutes les actualit\u00e9s","publisher":{"@id":"https:\/\/www.info-algerie.com\/actualites\/#organization"},"potentialAction":[{"@type":"SearchAction","target":{"@type":"EntryPoint","urlTemplate":"https:\/\/www.info-algerie.com\/actualites\/?s={search_term_string}"},"query-input":{"@type":"PropertyValueSpecification","valueRequired":true,"valueName":"search_term_string"}}],"inLanguage":"fr-FR"},{"@type":"Organization","@id":"https:\/\/www.info-algerie.com\/actualites\/#organization","name":"info algerie","url":"https:\/\/www.info-algerie.com\/actualites\/","logo":{"@type":"ImageObject","inLanguage":"fr-FR","@id":"https:\/\/www.info-algerie.com\/actualites\/#\/schema\/logo\/image\/","url":"https:\/\/www.info-algerie.com\/actualites\/wp-content\/uploads\/2022\/07\/logo-ia-120.png","contentUrl":"https:\/\/www.info-algerie.com\/actualites\/wp-content\/uploads\/2022\/07\/logo-ia-120.png","width":120,"height":43,"caption":"info algerie"},"image":{"@id":"https:\/\/www.info-algerie.com\/actualites\/#\/schema\/logo\/image\/"},"sameAs":["https:\/\/www.facebook.com\/infoalgerieactu","https:\/\/x.com\/infoalgerie1"]},{"@type":"Person","@id":"https:\/\/www.info-algerie.com\/actualites\/#\/schema\/person\/847aaec44920825b843a08f30ec6aa1e","name":"La r\u00e9daction","image":{"@type":"ImageObject","inLanguage":"fr-FR","@id":"https:\/\/secure.gravatar.com\/avatar\/769db425c6f465158149f1ffd6cf61ce7a8a879d11dfbef8288af36dfddd418c?s=96&d=mm&r=g","url":"https:\/\/secure.gravatar.com\/avatar\/769db425c6f465158149f1ffd6cf61ce7a8a879d11dfbef8288af36dfddd418c?s=96&d=mm&r=g","contentUrl":"https:\/\/secure.gravatar.com\/avatar\/769db425c6f465158149f1ffd6cf61ce7a8a879d11dfbef8288af36dfddd418c?s=96&d=mm&r=g","caption":"La r\u00e9daction"},"sameAs":["http:\/\/www.lkeria.com\/"],"url":"https:\/\/www.info-algerie.com\/actualites\/author\/chakib32\/"}]}},"_links":{"self":[{"href":"https:\/\/www.info-algerie.com\/actualites\/wp-json\/wp\/v2\/posts\/12849","targetHints":{"allow":["GET"]}}],"collection":[{"href":"https:\/\/www.info-algerie.com\/actualites\/wp-json\/wp\/v2\/posts"}],"about":[{"href":"https:\/\/www.info-algerie.com\/actualites\/wp-json\/wp\/v2\/types\/post"}],"author":[{"embeddable":true,"href":"https:\/\/www.info-algerie.com\/actualites\/wp-json\/wp\/v2\/users\/6"}],"replies":[{"embeddable":true,"href":"https:\/\/www.info-algerie.com\/actualites\/wp-json\/wp\/v2\/comments?post=12849"}],"version-history":[{"count":0,"href":"https:\/\/www.info-algerie.com\/actualites\/wp-json\/wp\/v2\/posts\/12849\/revisions"}],"wp:featuredmedia":[{"embeddable":true,"href":"https:\/\/www.info-algerie.com\/actualites\/wp-json\/wp\/v2\/media\/12850"}],"wp:attachment":[{"href":"https:\/\/www.info-algerie.com\/actualites\/wp-json\/wp\/v2\/media?parent=12849"}],"wp:term":[{"taxonomy":"category","embeddable":true,"href":"https:\/\/www.info-algerie.com\/actualites\/wp-json\/wp\/v2\/categories?post=12849"},{"taxonomy":"post_tag","embeddable":true,"href":"https:\/\/www.info-algerie.com\/actualites\/wp-json\/wp\/v2\/tags?post=12849"}],"curies":[{"name":"wp","href":"https:\/\/api.w.org\/{rel}","templated":true}]}}