{"id":12852,"date":"2017-06-04T17:51:46","date_gmt":"2017-06-04T16:51:46","guid":{"rendered":"http:\/\/www.info-algerie.com\/actualites\/le-plan-daction-du-gouvernement-presente-le-18-juin-a-lapn\/"},"modified":"2017-06-04T17:51:46","modified_gmt":"2017-06-04T16:51:46","slug":"le-plan-daction-du-gouvernement-presente-le-18-juin-a-lapn","status":"publish","type":"post","link":"https:\/\/www.info-algerie.com\/actualites\/le-plan-daction-du-gouvernement-presente-le-18-juin-a-lapn\/","title":{"rendered":"Le Plan d&#039;action du gouvernement pr\u00e9sent\u00e9 le 18 juin \u00e0 l&#039;APN"},"content":{"rendered":"<div class=\"K2FeedImage\"><img decoding=\"async\" src=\"https:\/\/www.info-algerie.com\/actualites\/wp-content\/uploads\/2017\/06\/23513b97955e110c1137c360d34d43f9_S.jpg\" alt=\"Le Plan d'action du gouvernement pr&#xE9;sent&#xE9; le 18 juin &#xE0; l'APN\" \/><\/div>\n<div class=\"K2FeedIntroText\">\n<p class=\"MsoNormal\">ALGER- \u00a0Le Plan d&rsquo;action du gouvernement de M.\u00a0 Abdelmadjid Tebboune sera pr\u00e9sent\u00e9 le 18 juin prochain \u00e0 l&rsquo;Assembl\u00e9e\u00a0 populaire nationale (APN), a-t-on appris dimanche aupr\u00e8s des services du\u00a0 Premier ministre.<\/p>\n<p>&#013;\n<\/p><\/div>\n<div class=\"K2FeedFullText\">&#013;<\/p>\n<p>\u00a0<\/p>\n<p>&#013;<\/p>\n<p>Des groupes de travail repr\u00e9sentant plusieurs d\u00e9partements minist\u00e9riels se\u00a0 penchent actuellement sur l&rsquo;\u00e9laboration de ce Plan d&rsquo;action, dont les\u00a0 principales priorit\u00e9s sont l&rsquo;am\u00e9lioration du pouvoir d&rsquo;achat, la protection\u00a0 de l&rsquo;\u00e9conomie nationale et la rationalisation des importations \u00e0 travers\u00a0 notamment la r\u00e9duction de la facture des produits superflus afin d&rsquo;\u00e9viter\u00a0 un retour \u00e0 l&rsquo;endettement ext\u00e9rieur, pr\u00e9cise-t-on de m\u00eame source.<\/p>\n<p>&#013;<\/p>\n<p>\u00a0La lutte contre le ch\u00f4mage, la cr\u00e9ation de logements, la justice sociale\u00a0 et la pr\u00e9servation des couches d\u00e9favoris\u00e9es et l&rsquo;encouragement des projets d&rsquo;investissement figurent \u00e9galement parmi les priorit\u00e9s du nouveau\u00a0 gouvernement.\u00a0<\/p>\n<p>&#013;<\/p>\n<p>A l&rsquo;issue de la c\u00e9r\u00e9monie de passation de pouvoir avec son pr\u00e9d\u00e9cesseur,\u00a0 Abdelmalek Sellal, le nouveau Premier ministre, Abdelmadjid Tebboune avait\u00a0 indiqu\u00e9 qu&rsquo;une reconversion \u00e9conomique \u00ab\u00a0n\u00e9cessaire\u00a0\u00bb et \u00ab\u00a0urgente\u00a0\u00bb allait\u00a0 \u00eatre la priorit\u00e9 de la nouvelle \u00e9quipe gouvernementale pour que l&rsquo;Alg\u00e9rie\u00a0 \u00ab\u00a0ne d\u00e9pende plus des fluctuations des prix des hydrocarbures\u00a0\u00bb.<\/p>\n<p>&#013;<\/p>\n<p>\u00ab\u00a0Une autre priorit\u00e9 s&rsquo;impose c&rsquo;est la reconversion de notre \u00e9conomie, qui\u00a0 a \u00e9t\u00e9 entam\u00e9e par mon pr\u00e9d\u00e9cesseur, ami et fr\u00e8re, Abdelmalek Sellal. Une\u00a0 reconversion \u00e9conomique n\u00e9cessaire et urgente pour faire en sorte que notre\u00a0 pays ne d\u00e9pende plus des fluctuations des prix des hydrocarbures\u00a0\u00bb, avait-il\u00a0 d\u00e9clar\u00e9.<\/p>\n<p>&#013;<\/p>\n<p>\u00ab\u00a0Il s&rsquo;agit de construire une \u00e9conomie plus saine et plus \u00e9quilibr\u00e9e dans\u00a0 laquelle le secteur priv\u00e9 aura toute sa place, peut-\u00eatre m\u00eame une place\u00a0 prioritaire, avec toute la r\u00e9gulation et le contr\u00f4le que doit faire le\u00a0 gouvernement, au nom du pr\u00e9sident de la R\u00e9publique\u00a0\u00bb, avait ajout\u00e9 M.\u00a0 Tebboune.<\/p>\n<p>&#013;<\/p>\n<p>Il avait pr\u00e9cis\u00e9 qu&rsquo;un Plan d&rsquo;action du gouvernement \u00ab\u00a0plus d\u00e9taill\u00e9 sera\u00a0 expos\u00e9 incessamment, d\u00e8s qu&rsquo;il sera achev\u00e9 devant les \u00e9lus de la Nation, \u00e0\u00a0 commencer par l&rsquo;APN et ensuite le Conseil de la Nation\u00a0\u00bb.<\/p>\n<p>&#013;<\/p>\n<p>\u00a0<\/p>\n<p>&#013;<\/p>\n<p>M. Tebboune avait assur\u00e9 que son gouvernement allait continuer la mission\u00a0 initi\u00e9e par M. Sellal avec les m\u00eames priorit\u00e9s qu&rsquo;a fix\u00e9es le pr\u00e9sident de\u00a0 la R\u00e9publique, qui sont, l&rsquo;\u00e9radication totale de la crise du logement,\u00a0 l&rsquo;\u00e9ducation et la sant\u00e9.\u00a0<\/p>\n<p>&#013;<\/p>\n<p class=\"MsoNormal\"><span style=\"font-size: 18.0pt;line-height: 115%\">\u00a0<\/span><\/p>\n<p>&#013;<\/p>\n<p class=\"MsoNormal\"><span style=\"font-size: 18.0pt;line-height: 115%\">\u00a0<\/span><\/p>\n<\/div>\n<p>&#013;<br \/>\nSource: <a href=\"http:\/\/www.aps.dz\/algerie\/58537-le-plan-d-action-du-gouvernement-presente-le-18-juin-a-l-apn\" target=\"_blank\">Le Plan d&rsquo;action du gouvernement pr\u00e9sent\u00e9 le 18 juin \u00e0 l&rsquo;APN<\/a><\/p>\n<!--CusAds0-->\n<div style=\"font-size: 0px; height: 0px; line-height: 0px; margin: 0; padding: 0; clear: both;\"><\/div>","protected":false},"excerpt":{"rendered":"<p>ALGER- \u00a0Le Plan d&rsquo;action du gouvernement de M.\u00a0 Abdelmadjid Tebboune sera pr\u00e9sent\u00e9 le 18 juin prochain \u00e0 l&rsquo;Assembl\u00e9e\u00a0 populaire nationale (APN), a-t-on appris dimanche aupr\u00e8s des services du\u00a0 Premier ministre. &#013; &#013; \u00a0 &#013; Des groupes de travail repr\u00e9sentant plusieurs d\u00e9partements minist\u00e9riels se\u00a0 penchent actuellement sur l&rsquo;\u00e9laboration de ce Plan d&rsquo;action, dont les\u00a0 principales priorit\u00e9s<\/p>\n","protected":false},"author":6,"featured_media":12853,"comment_status":"open","ping_status":"open","sticky":false,"template":"","format":"standard","meta":{"footnotes":""},"categories":[22],"tags":[93],"class_list":["post-12852","post","type-post","status-publish","format-standard","has-post-thumbnail","hentry","category-infos","tag-onu"],"yoast_head":"<!-- This site is optimized with the Yoast SEO plugin v27.5 - https:\/\/yoast.com\/product\/yoast-seo-wordpress\/ -->\n<title>Le Plan d&#039;action du gouvernement pr\u00e9sent\u00e9 le 18 juin \u00e0 l&#039;APN - info algerie<\/title>\n<meta name=\"robots\" content=\"index, follow, max-snippet:-1, max-image-preview:large, max-video-preview:-1\" \/>\n<link rel=\"canonical\" href=\"https:\/\/www.info-algerie.com\/actualites\/le-plan-daction-du-gouvernement-presente-le-18-juin-a-lapn\/\" \/>\n<meta property=\"og:locale\" content=\"fr_FR\" \/>\n<meta property=\"og:type\" content=\"article\" \/>\n<meta property=\"og:title\" content=\"Le Plan d&#039;action du gouvernement pr\u00e9sent\u00e9 le 18 juin \u00e0 l&#039;APN - info algerie\" \/>\n<meta property=\"og:description\" content=\"ALGER- \u00a0Le Plan d&rsquo;action du gouvernement de M.\u00a0 Abdelmadjid Tebboune sera pr\u00e9sent\u00e9 le 18 juin prochain \u00e0 l&rsquo;Assembl\u00e9e\u00a0 populaire nationale (APN), a-t-on appris dimanche aupr\u00e8s des services du\u00a0 Premier ministre. &#013; &#013; \u00a0 &#013; Des groupes de travail repr\u00e9sentant plusieurs d\u00e9partements minist\u00e9riels se\u00a0 penchent actuellement sur l&rsquo;\u00e9laboration de ce Plan d&rsquo;action, dont les\u00a0 principales priorit\u00e9s\" \/>\n<meta property=\"og:url\" content=\"https:\/\/www.info-algerie.com\/actualites\/le-plan-daction-du-gouvernement-presente-le-18-juin-a-lapn\/\" \/>\n<meta property=\"og:site_name\" content=\"info algerie\" \/>\n<meta property=\"article:publisher\" content=\"https:\/\/www.facebook.com\/infoalgerieactu\" \/>\n<meta property=\"article:published_time\" content=\"2017-06-04T16:51:46+00:00\" \/>\n<meta property=\"og:image\" content=\"https:\/\/www.info-algerie.com\/actualites\/wp-content\/uploads\/2017\/06\/23513b97955e110c1137c360d34d43f9_S-1.jpg\" \/>\n\t<meta property=\"og:image:width\" content=\"280\" \/>\n\t<meta property=\"og:image:height\" content=\"158\" \/>\n\t<meta property=\"og:image:type\" content=\"image\/jpeg\" \/>\n<meta name=\"author\" content=\"La r\u00e9daction\" \/>\n<meta name=\"twitter:label1\" content=\"\u00c9crit par\" \/>\n\t<meta name=\"twitter:data1\" content=\"La r\u00e9daction\" \/>\n\t<meta name=\"twitter:label2\" content=\"Dur\u00e9e de lecture estim\u00e9e\" \/>\n\t<meta name=\"twitter:data2\" content=\"2 minutes\" \/>\n<script type=\"application\/ld+json\" class=\"yoast-schema-graph\">{\"@context\":\"https:\\\/\\\/schema.org\",\"@graph\":[{\"@type\":\"Article\",\"@id\":\"https:\\\/\\\/www.info-algerie.com\\\/actualites\\\/le-plan-daction-du-gouvernement-presente-le-18-juin-a-lapn\\\/#article\",\"isPartOf\":{\"@id\":\"https:\\\/\\\/www.info-algerie.com\\\/actualites\\\/le-plan-daction-du-gouvernement-presente-le-18-juin-a-lapn\\\/\"},\"author\":{\"name\":\"La r\u00e9daction\",\"@id\":\"https:\\\/\\\/www.info-algerie.com\\\/actualites\\\/#\\\/schema\\\/person\\\/847aaec44920825b843a08f30ec6aa1e\"},\"headline\":\"Le Plan d&#039;action du gouvernement pr\u00e9sent\u00e9 le 18 juin \u00e0 l&#039;APN\",\"datePublished\":\"2017-06-04T16:51:46+00:00\",\"mainEntityOfPage\":{\"@id\":\"https:\\\/\\\/www.info-algerie.com\\\/actualites\\\/le-plan-daction-du-gouvernement-presente-le-18-juin-a-lapn\\\/\"},\"wordCount\":427,\"commentCount\":0,\"publisher\":{\"@id\":\"https:\\\/\\\/www.info-algerie.com\\\/actualites\\\/#organization\"},\"image\":{\"@id\":\"https:\\\/\\\/www.info-algerie.com\\\/actualites\\\/le-plan-daction-du-gouvernement-presente-le-18-juin-a-lapn\\\/#primaryimage\"},\"thumbnailUrl\":\"https:\\\/\\\/www.info-algerie.com\\\/actualites\\\/wp-content\\\/uploads\\\/2017\\\/06\\\/23513b97955e110c1137c360d34d43f9_S-1.jpg\",\"keywords\":[\"ONU\"],\"articleSection\":[\"infos\"],\"inLanguage\":\"fr-FR\",\"potentialAction\":[{\"@type\":\"CommentAction\",\"name\":\"Comment\",\"target\":[\"https:\\\/\\\/www.info-algerie.com\\\/actualites\\\/le-plan-daction-du-gouvernement-presente-le-18-juin-a-lapn\\\/#respond\"]}]},{\"@type\":\"WebPage\",\"@id\":\"https:\\\/\\\/www.info-algerie.com\\\/actualites\\\/le-plan-daction-du-gouvernement-presente-le-18-juin-a-lapn\\\/\",\"url\":\"https:\\\/\\\/www.info-algerie.com\\\/actualites\\\/le-plan-daction-du-gouvernement-presente-le-18-juin-a-lapn\\\/\",\"name\":\"Le Plan d&#039;action du gouvernement pr\u00e9sent\u00e9 le 18 juin \u00e0 l&#039;APN - info algerie\",\"isPartOf\":{\"@id\":\"https:\\\/\\\/www.info-algerie.com\\\/actualites\\\/#website\"},\"primaryImageOfPage\":{\"@id\":\"https:\\\/\\\/www.info-algerie.com\\\/actualites\\\/le-plan-daction-du-gouvernement-presente-le-18-juin-a-lapn\\\/#primaryimage\"},\"image\":{\"@id\":\"https:\\\/\\\/www.info-algerie.com\\\/actualites\\\/le-plan-daction-du-gouvernement-presente-le-18-juin-a-lapn\\\/#primaryimage\"},\"thumbnailUrl\":\"https:\\\/\\\/www.info-algerie.com\\\/actualites\\\/wp-content\\\/uploads\\\/2017\\\/06\\\/23513b97955e110c1137c360d34d43f9_S-1.jpg\",\"datePublished\":\"2017-06-04T16:51:46+00:00\",\"breadcrumb\":{\"@id\":\"https:\\\/\\\/www.info-algerie.com\\\/actualites\\\/le-plan-daction-du-gouvernement-presente-le-18-juin-a-lapn\\\/#breadcrumb\"},\"inLanguage\":\"fr-FR\",\"potentialAction\":[{\"@type\":\"ReadAction\",\"target\":[\"https:\\\/\\\/www.info-algerie.com\\\/actualites\\\/le-plan-daction-du-gouvernement-presente-le-18-juin-a-lapn\\\/\"]}]},{\"@type\":\"ImageObject\",\"inLanguage\":\"fr-FR\",\"@id\":\"https:\\\/\\\/www.info-algerie.com\\\/actualites\\\/le-plan-daction-du-gouvernement-presente-le-18-juin-a-lapn\\\/#primaryimage\",\"url\":\"https:\\\/\\\/www.info-algerie.com\\\/actualites\\\/wp-content\\\/uploads\\\/2017\\\/06\\\/23513b97955e110c1137c360d34d43f9_S-1.jpg\",\"contentUrl\":\"https:\\\/\\\/www.info-algerie.com\\\/actualites\\\/wp-content\\\/uploads\\\/2017\\\/06\\\/23513b97955e110c1137c360d34d43f9_S-1.jpg\",\"width\":280,\"height\":158},{\"@type\":\"BreadcrumbList\",\"@id\":\"https:\\\/\\\/www.info-algerie.com\\\/actualites\\\/le-plan-daction-du-gouvernement-presente-le-18-juin-a-lapn\\\/#breadcrumb\",\"itemListElement\":[{\"@type\":\"ListItem\",\"position\":1,\"name\":\"Accueil\",\"item\":\"https:\\\/\\\/www.info-algerie.com\\\/actualites\\\/\"},{\"@type\":\"ListItem\",\"position\":2,\"name\":\"Le Plan d&#039;action du gouvernement pr\u00e9sent\u00e9 le 18 juin \u00e0 l&#039;APN\"}]},{\"@type\":\"WebSite\",\"@id\":\"https:\\\/\\\/www.info-algerie.com\\\/actualites\\\/#website\",\"url\":\"https:\\\/\\\/www.info-algerie.com\\\/actualites\\\/\",\"name\":\"info algerie\",\"description\":\"Toutes les actualit\u00e9s\",\"publisher\":{\"@id\":\"https:\\\/\\\/www.info-algerie.com\\\/actualites\\\/#organization\"},\"potentialAction\":[{\"@type\":\"SearchAction\",\"target\":{\"@type\":\"EntryPoint\",\"urlTemplate\":\"https:\\\/\\\/www.info-algerie.com\\\/actualites\\\/?s={search_term_string}\"},\"query-input\":{\"@type\":\"PropertyValueSpecification\",\"valueRequired\":true,\"valueName\":\"search_term_string\"}}],\"inLanguage\":\"fr-FR\"},{\"@type\":\"Organization\",\"@id\":\"https:\\\/\\\/www.info-algerie.com\\\/actualites\\\/#organization\",\"name\":\"info algerie\",\"url\":\"https:\\\/\\\/www.info-algerie.com\\\/actualites\\\/\",\"logo\":{\"@type\":\"ImageObject\",\"inLanguage\":\"fr-FR\",\"@id\":\"https:\\\/\\\/www.info-algerie.com\\\/actualites\\\/#\\\/schema\\\/logo\\\/image\\\/\",\"url\":\"https:\\\/\\\/www.info-algerie.com\\\/actualites\\\/wp-content\\\/uploads\\\/2022\\\/07\\\/logo-ia-120.png\",\"contentUrl\":\"https:\\\/\\\/www.info-algerie.com\\\/actualites\\\/wp-content\\\/uploads\\\/2022\\\/07\\\/logo-ia-120.png\",\"width\":120,\"height\":43,\"caption\":\"info algerie\"},\"image\":{\"@id\":\"https:\\\/\\\/www.info-algerie.com\\\/actualites\\\/#\\\/schema\\\/logo\\\/image\\\/\"},\"sameAs\":[\"https:\\\/\\\/www.facebook.com\\\/infoalgerieactu\",\"https:\\\/\\\/x.com\\\/infoalgerie1\"]},{\"@type\":\"Person\",\"@id\":\"https:\\\/\\\/www.info-algerie.com\\\/actualites\\\/#\\\/schema\\\/person\\\/847aaec44920825b843a08f30ec6aa1e\",\"name\":\"La r\u00e9daction\",\"image\":{\"@type\":\"ImageObject\",\"inLanguage\":\"fr-FR\",\"@id\":\"https:\\\/\\\/secure.gravatar.com\\\/avatar\\\/769db425c6f465158149f1ffd6cf61ce7a8a879d11dfbef8288af36dfddd418c?s=96&d=mm&r=g\",\"url\":\"https:\\\/\\\/secure.gravatar.com\\\/avatar\\\/769db425c6f465158149f1ffd6cf61ce7a8a879d11dfbef8288af36dfddd418c?s=96&d=mm&r=g\",\"contentUrl\":\"https:\\\/\\\/secure.gravatar.com\\\/avatar\\\/769db425c6f465158149f1ffd6cf61ce7a8a879d11dfbef8288af36dfddd418c?s=96&d=mm&r=g\",\"caption\":\"La r\u00e9daction\"},\"sameAs\":[\"http:\\\/\\\/www.lkeria.com\\\/\"],\"url\":\"https:\\\/\\\/www.info-algerie.com\\\/actualites\\\/author\\\/chakib32\\\/\"}]}<\/script>\n<!-- \/ Yoast SEO plugin. -->","yoast_head_json":{"title":"Le Plan d&#039;action du gouvernement pr\u00e9sent\u00e9 le 18 juin \u00e0 l&#039;APN - info algerie","robots":{"index":"index","follow":"follow","max-snippet":"max-snippet:-1","max-image-preview":"max-image-preview:large","max-video-preview":"max-video-preview:-1"},"canonical":"https:\/\/www.info-algerie.com\/actualites\/le-plan-daction-du-gouvernement-presente-le-18-juin-a-lapn\/","og_locale":"fr_FR","og_type":"article","og_title":"Le Plan d&#039;action du gouvernement pr\u00e9sent\u00e9 le 18 juin \u00e0 l&#039;APN - info algerie","og_description":"ALGER- \u00a0Le Plan d&rsquo;action du gouvernement de M.\u00a0 Abdelmadjid Tebboune sera pr\u00e9sent\u00e9 le 18 juin prochain \u00e0 l&rsquo;Assembl\u00e9e\u00a0 populaire nationale (APN), a-t-on appris dimanche aupr\u00e8s des services du\u00a0 Premier ministre. &#013; &#013; \u00a0 &#013; Des groupes de travail repr\u00e9sentant plusieurs d\u00e9partements minist\u00e9riels se\u00a0 penchent actuellement sur l&rsquo;\u00e9laboration de ce Plan d&rsquo;action, dont les\u00a0 principales priorit\u00e9s","og_url":"https:\/\/www.info-algerie.com\/actualites\/le-plan-daction-du-gouvernement-presente-le-18-juin-a-lapn\/","og_site_name":"info algerie","article_publisher":"https:\/\/www.facebook.com\/infoalgerieactu","article_published_time":"2017-06-04T16:51:46+00:00","og_image":[{"width":280,"height":158,"url":"https:\/\/www.info-algerie.com\/actualites\/wp-content\/uploads\/2017\/06\/23513b97955e110c1137c360d34d43f9_S-1.jpg","type":"image\/jpeg"}],"author":"La r\u00e9daction","twitter_misc":{"\u00c9crit par":"La r\u00e9daction","Dur\u00e9e de lecture estim\u00e9e":"2 minutes"},"schema":{"@context":"https:\/\/schema.org","@graph":[{"@type":"Article","@id":"https:\/\/www.info-algerie.com\/actualites\/le-plan-daction-du-gouvernement-presente-le-18-juin-a-lapn\/#article","isPartOf":{"@id":"https:\/\/www.info-algerie.com\/actualites\/le-plan-daction-du-gouvernement-presente-le-18-juin-a-lapn\/"},"author":{"name":"La r\u00e9daction","@id":"https:\/\/www.info-algerie.com\/actualites\/#\/schema\/person\/847aaec44920825b843a08f30ec6aa1e"},"headline":"Le Plan d&#039;action du gouvernement pr\u00e9sent\u00e9 le 18 juin \u00e0 l&#039;APN","datePublished":"2017-06-04T16:51:46+00:00","mainEntityOfPage":{"@id":"https:\/\/www.info-algerie.com\/actualites\/le-plan-daction-du-gouvernement-presente-le-18-juin-a-lapn\/"},"wordCount":427,"commentCount":0,"publisher":{"@id":"https:\/\/www.info-algerie.com\/actualites\/#organization"},"image":{"@id":"https:\/\/www.info-algerie.com\/actualites\/le-plan-daction-du-gouvernement-presente-le-18-juin-a-lapn\/#primaryimage"},"thumbnailUrl":"https:\/\/www.info-algerie.com\/actualites\/wp-content\/uploads\/2017\/06\/23513b97955e110c1137c360d34d43f9_S-1.jpg","keywords":["ONU"],"articleSection":["infos"],"inLanguage":"fr-FR","potentialAction":[{"@type":"CommentAction","name":"Comment","target":["https:\/\/www.info-algerie.com\/actualites\/le-plan-daction-du-gouvernement-presente-le-18-juin-a-lapn\/#respond"]}]},{"@type":"WebPage","@id":"https:\/\/www.info-algerie.com\/actualites\/le-plan-daction-du-gouvernement-presente-le-18-juin-a-lapn\/","url":"https:\/\/www.info-algerie.com\/actualites\/le-plan-daction-du-gouvernement-presente-le-18-juin-a-lapn\/","name":"Le Plan d&#039;action du gouvernement pr\u00e9sent\u00e9 le 18 juin \u00e0 l&#039;APN - info algerie","isPartOf":{"@id":"https:\/\/www.info-algerie.com\/actualites\/#website"},"primaryImageOfPage":{"@id":"https:\/\/www.info-algerie.com\/actualites\/le-plan-daction-du-gouvernement-presente-le-18-juin-a-lapn\/#primaryimage"},"image":{"@id":"https:\/\/www.info-algerie.com\/actualites\/le-plan-daction-du-gouvernement-presente-le-18-juin-a-lapn\/#primaryimage"},"thumbnailUrl":"https:\/\/www.info-algerie.com\/actualites\/wp-content\/uploads\/2017\/06\/23513b97955e110c1137c360d34d43f9_S-1.jpg","datePublished":"2017-06-04T16:51:46+00:00","breadcrumb":{"@id":"https:\/\/www.info-algerie.com\/actualites\/le-plan-daction-du-gouvernement-presente-le-18-juin-a-lapn\/#breadcrumb"},"inLanguage":"fr-FR","potentialAction":[{"@type":"ReadAction","target":["https:\/\/www.info-algerie.com\/actualites\/le-plan-daction-du-gouvernement-presente-le-18-juin-a-lapn\/"]}]},{"@type":"ImageObject","inLanguage":"fr-FR","@id":"https:\/\/www.info-algerie.com\/actualites\/le-plan-daction-du-gouvernement-presente-le-18-juin-a-lapn\/#primaryimage","url":"https:\/\/www.info-algerie.com\/actualites\/wp-content\/uploads\/2017\/06\/23513b97955e110c1137c360d34d43f9_S-1.jpg","contentUrl":"https:\/\/www.info-algerie.com\/actualites\/wp-content\/uploads\/2017\/06\/23513b97955e110c1137c360d34d43f9_S-1.jpg","width":280,"height":158},{"@type":"BreadcrumbList","@id":"https:\/\/www.info-algerie.com\/actualites\/le-plan-daction-du-gouvernement-presente-le-18-juin-a-lapn\/#breadcrumb","itemListElement":[{"@type":"ListItem","position":1,"name":"Accueil","item":"https:\/\/www.info-algerie.com\/actualites\/"},{"@type":"ListItem","position":2,"name":"Le Plan d&#039;action du gouvernement pr\u00e9sent\u00e9 le 18 juin \u00e0 l&#039;APN"}]},{"@type":"WebSite","@id":"https:\/\/www.info-algerie.com\/actualites\/#website","url":"https:\/\/www.info-algerie.com\/actualites\/","name":"info algerie","description":"Toutes les actualit\u00e9s","publisher":{"@id":"https:\/\/www.info-algerie.com\/actualites\/#organization"},"potentialAction":[{"@type":"SearchAction","target":{"@type":"EntryPoint","urlTemplate":"https:\/\/www.info-algerie.com\/actualites\/?s={search_term_string}"},"query-input":{"@type":"PropertyValueSpecification","valueRequired":true,"valueName":"search_term_string"}}],"inLanguage":"fr-FR"},{"@type":"Organization","@id":"https:\/\/www.info-algerie.com\/actualites\/#organization","name":"info algerie","url":"https:\/\/www.info-algerie.com\/actualites\/","logo":{"@type":"ImageObject","inLanguage":"fr-FR","@id":"https:\/\/www.info-algerie.com\/actualites\/#\/schema\/logo\/image\/","url":"https:\/\/www.info-algerie.com\/actualites\/wp-content\/uploads\/2022\/07\/logo-ia-120.png","contentUrl":"https:\/\/www.info-algerie.com\/actualites\/wp-content\/uploads\/2022\/07\/logo-ia-120.png","width":120,"height":43,"caption":"info algerie"},"image":{"@id":"https:\/\/www.info-algerie.com\/actualites\/#\/schema\/logo\/image\/"},"sameAs":["https:\/\/www.facebook.com\/infoalgerieactu","https:\/\/x.com\/infoalgerie1"]},{"@type":"Person","@id":"https:\/\/www.info-algerie.com\/actualites\/#\/schema\/person\/847aaec44920825b843a08f30ec6aa1e","name":"La r\u00e9daction","image":{"@type":"ImageObject","inLanguage":"fr-FR","@id":"https:\/\/secure.gravatar.com\/avatar\/769db425c6f465158149f1ffd6cf61ce7a8a879d11dfbef8288af36dfddd418c?s=96&d=mm&r=g","url":"https:\/\/secure.gravatar.com\/avatar\/769db425c6f465158149f1ffd6cf61ce7a8a879d11dfbef8288af36dfddd418c?s=96&d=mm&r=g","contentUrl":"https:\/\/secure.gravatar.com\/avatar\/769db425c6f465158149f1ffd6cf61ce7a8a879d11dfbef8288af36dfddd418c?s=96&d=mm&r=g","caption":"La r\u00e9daction"},"sameAs":["http:\/\/www.lkeria.com\/"],"url":"https:\/\/www.info-algerie.com\/actualites\/author\/chakib32\/"}]}},"_links":{"self":[{"href":"https:\/\/www.info-algerie.com\/actualites\/wp-json\/wp\/v2\/posts\/12852","targetHints":{"allow":["GET"]}}],"collection":[{"href":"https:\/\/www.info-algerie.com\/actualites\/wp-json\/wp\/v2\/posts"}],"about":[{"href":"https:\/\/www.info-algerie.com\/actualites\/wp-json\/wp\/v2\/types\/post"}],"author":[{"embeddable":true,"href":"https:\/\/www.info-algerie.com\/actualites\/wp-json\/wp\/v2\/users\/6"}],"replies":[{"embeddable":true,"href":"https:\/\/www.info-algerie.com\/actualites\/wp-json\/wp\/v2\/comments?post=12852"}],"version-history":[{"count":0,"href":"https:\/\/www.info-algerie.com\/actualites\/wp-json\/wp\/v2\/posts\/12852\/revisions"}],"wp:featuredmedia":[{"embeddable":true,"href":"https:\/\/www.info-algerie.com\/actualites\/wp-json\/wp\/v2\/media\/12853"}],"wp:attachment":[{"href":"https:\/\/www.info-algerie.com\/actualites\/wp-json\/wp\/v2\/media?parent=12852"}],"wp:term":[{"taxonomy":"category","embeddable":true,"href":"https:\/\/www.info-algerie.com\/actualites\/wp-json\/wp\/v2\/categories?post=12852"},{"taxonomy":"post_tag","embeddable":true,"href":"https:\/\/www.info-algerie.com\/actualites\/wp-json\/wp\/v2\/tags?post=12852"}],"curies":[{"name":"wp","href":"https:\/\/api.w.org\/{rel}","templated":true}]}}