{"id":12862,"date":"2017-06-05T08:25:43","date_gmt":"2017-06-05T07:25:43","guid":{"rendered":"http:\/\/www.info-algerie.com\/actualites\/bachir-cherif-inhume-au-cimetiere-de-ben-aknoun\/"},"modified":"2017-06-05T08:25:43","modified_gmt":"2017-06-05T07:25:43","slug":"bachir-cherif-inhume-au-cimetiere-de-ben-aknoun","status":"publish","type":"post","link":"https:\/\/www.info-algerie.com\/actualites\/bachir-cherif-inhume-au-cimetiere-de-ben-aknoun\/","title":{"rendered":"Bachir Cherif inhum\u00e9 au cimeti\u00e8re de Ben Aknoun  \u00a0"},"content":{"rendered":"<div class=\"K2FeedImage\"><img decoding=\"async\" src=\"https:\/\/www.info-algerie.com\/actualites\/wp-content\/uploads\/2017\/06\/fb8135208ebd37b1cf97c6b9a0c2076a_S.jpg\" alt=\"Bachir Cherif inhum&#xE9; au cimeti&#xE8;re de Ben Aknoun  &#xA0;\" \/><\/div>\n<div class=\"K2FeedIntroText\">\n<p>ALGER- Le journaliste et directeur du quotidien La\u00a0 Tribune, Hassen Bachir Cherif, d\u00e9c\u00e9d\u00e9 dimanche \u00e0 l&rsquo;aube \u00e0 Alger, a \u00e9t\u00e9\u00a0 inhum\u00e9 dans l&rsquo;apr\u00e8s-midi au cimeti\u00e8re de Ben Aknoun \u00e0 Alger.<\/p>\n<p>&#013;\n<\/p><\/div>\n<div class=\"K2FeedFullText\">&#013;<\/p>\n<p>L&rsquo;enterrement a eu lieu en pr\u00e9sence d&rsquo;une foule nombreuse, dont le\u00a0 ministre de la Communication, Djamel Kaouane, le ministre des Affaires\u00a0 \u00e9trang\u00e8res, Abdelkader Messahel, le ministre de la Justice Garde des\u00a0 Sceaux, Tayeb Louh, le ministre de la Culture, Azzedine Mihoubi, du\u00a0 ministre de la Jeunesse et des Sports, El Hadi Oud Ali, ainsi que du\u00a0 conseiller \u00e0 la pr\u00e9sidence de la R\u00e9publique, Said Bouteflika, et du\u00a0 conseiller \u00e0 la pr\u00e9sidence de la R\u00e9publique, Kamel-Rezzag Bara.<\/p>\n<p>&#013;<\/p>\n<p>Des personnalit\u00e9s nationales, des chefs de partis politiques et des\u00a0 journalistes, ainsi que les membres de sa famille et ses amis ont \u00e9galement\u00a0 assist\u00e9 \u00e0 l&rsquo;enterrement. Ag\u00e9 de 66 ans, Bachir Cherif, qui \u00e9tait \u00e9galement ancien journaliste au\u00a0 quotidien El-Moudjahid, est d\u00e9c\u00e9d\u00e9 suite \u00e0 un arr\u00eat cardiaque. Le d\u00e9funt a \u00e9t\u00e9 responsable de la communication au minist\u00e8re de la\u00a0 Jeunesse et des Sports\u00a0 (1988) et au gouvernement (1989-1990) avant d&rsquo;int\u00e9grer l&rsquo;\u00e9quipe\u00a0 r\u00e9dactionnelle de l&rsquo;hebdomadaire La Nation.<\/p>\n<p>&#013;<\/p>\n<p>Avec d&rsquo;autres journalistes, il a fond\u00e9 le quotidien La Tribune qu&rsquo;il\u00a0 dirigeait \u00e0 ce jour.<\/p>\n<\/div>\n<p>&#013;<br \/>\nSource: <a href=\"http:\/\/www.aps.dz\/algerie\/58543-bachir-cherif-inhume-au-cimetiere-de-ben-aknoun\" target=\"_blank\">Bachir Cherif inhum\u00e9 au cimeti\u00e8re de Ben Aknoun  \u00a0<\/a><\/p>\n<!--CusAds0-->\n<div style=\"font-size: 0px; height: 0px; line-height: 0px; margin: 0; padding: 0; clear: both;\"><\/div>","protected":false},"excerpt":{"rendered":"<p>ALGER- Le journaliste et directeur du quotidien La\u00a0 Tribune, Hassen Bachir Cherif, d\u00e9c\u00e9d\u00e9 dimanche \u00e0 l&rsquo;aube \u00e0 Alger, a \u00e9t\u00e9\u00a0 inhum\u00e9 dans l&rsquo;apr\u00e8s-midi au cimeti\u00e8re de Ben Aknoun \u00e0 Alger. &#013; &#013; L&rsquo;enterrement a eu lieu en pr\u00e9sence d&rsquo;une foule nombreuse, dont le\u00a0 ministre de la Communication, Djamel Kaouane, le ministre des Affaires\u00a0 \u00e9trang\u00e8res, Abdelkader<\/p>\n","protected":false},"author":6,"featured_media":12863,"comment_status":"open","ping_status":"open","sticky":false,"template":"","format":"standard","meta":{"footnotes":""},"categories":[22],"tags":[93],"class_list":["post-12862","post","type-post","status-publish","format-standard","has-post-thumbnail","hentry","category-infos","tag-onu"],"yoast_head":"<!-- This site is optimized with the Yoast SEO plugin v27.5 - https:\/\/yoast.com\/product\/yoast-seo-wordpress\/ -->\n<title>Bachir Cherif inhum\u00e9 au cimeti\u00e8re de Ben Aknoun \u00a0 - info algerie<\/title>\n<meta name=\"robots\" content=\"index, follow, max-snippet:-1, max-image-preview:large, max-video-preview:-1\" \/>\n<link rel=\"canonical\" href=\"https:\/\/www.info-algerie.com\/actualites\/bachir-cherif-inhume-au-cimetiere-de-ben-aknoun\/\" \/>\n<meta property=\"og:locale\" content=\"fr_FR\" \/>\n<meta property=\"og:type\" content=\"article\" \/>\n<meta property=\"og:title\" content=\"Bachir Cherif inhum\u00e9 au cimeti\u00e8re de Ben Aknoun \u00a0 - info algerie\" \/>\n<meta property=\"og:description\" content=\"ALGER- Le journaliste et directeur du quotidien La\u00a0 Tribune, Hassen Bachir Cherif, d\u00e9c\u00e9d\u00e9 dimanche \u00e0 l&rsquo;aube \u00e0 Alger, a \u00e9t\u00e9\u00a0 inhum\u00e9 dans l&rsquo;apr\u00e8s-midi au cimeti\u00e8re de Ben Aknoun \u00e0 Alger. &#013; &#013; L&rsquo;enterrement a eu lieu en pr\u00e9sence d&rsquo;une foule nombreuse, dont le\u00a0 ministre de la Communication, Djamel Kaouane, le ministre des Affaires\u00a0 \u00e9trang\u00e8res, Abdelkader\" \/>\n<meta property=\"og:url\" content=\"https:\/\/www.info-algerie.com\/actualites\/bachir-cherif-inhume-au-cimetiere-de-ben-aknoun\/\" \/>\n<meta property=\"og:site_name\" content=\"info algerie\" \/>\n<meta property=\"article:publisher\" content=\"https:\/\/www.facebook.com\/infoalgerieactu\" \/>\n<meta property=\"article:published_time\" content=\"2017-06-05T07:25:43+00:00\" \/>\n<meta property=\"og:image\" content=\"https:\/\/www.info-algerie.com\/actualites\/wp-content\/uploads\/2017\/06\/fb8135208ebd37b1cf97c6b9a0c2076a_S-1.jpg\" \/>\n\t<meta property=\"og:image:width\" content=\"280\" \/>\n\t<meta property=\"og:image:height\" content=\"186\" \/>\n\t<meta property=\"og:image:type\" content=\"image\/jpeg\" \/>\n<meta name=\"author\" content=\"La r\u00e9daction\" \/>\n<meta name=\"twitter:label1\" content=\"\u00c9crit par\" \/>\n\t<meta name=\"twitter:data1\" content=\"La r\u00e9daction\" \/>\n\t<meta name=\"twitter:label2\" content=\"Dur\u00e9e de lecture estim\u00e9e\" \/>\n\t<meta name=\"twitter:data2\" content=\"1 minute\" \/>\n<script type=\"application\/ld+json\" class=\"yoast-schema-graph\">{\"@context\":\"https:\\\/\\\/schema.org\",\"@graph\":[{\"@type\":\"Article\",\"@id\":\"https:\\\/\\\/www.info-algerie.com\\\/actualites\\\/bachir-cherif-inhume-au-cimetiere-de-ben-aknoun\\\/#article\",\"isPartOf\":{\"@id\":\"https:\\\/\\\/www.info-algerie.com\\\/actualites\\\/bachir-cherif-inhume-au-cimetiere-de-ben-aknoun\\\/\"},\"author\":{\"name\":\"La r\u00e9daction\",\"@id\":\"https:\\\/\\\/www.info-algerie.com\\\/actualites\\\/#\\\/schema\\\/person\\\/847aaec44920825b843a08f30ec6aa1e\"},\"headline\":\"Bachir Cherif inhum\u00e9 au cimeti\u00e8re de Ben Aknoun \u00a0\",\"datePublished\":\"2017-06-05T07:25:43+00:00\",\"mainEntityOfPage\":{\"@id\":\"https:\\\/\\\/www.info-algerie.com\\\/actualites\\\/bachir-cherif-inhume-au-cimetiere-de-ben-aknoun\\\/\"},\"wordCount\":234,\"commentCount\":0,\"publisher\":{\"@id\":\"https:\\\/\\\/www.info-algerie.com\\\/actualites\\\/#organization\"},\"image\":{\"@id\":\"https:\\\/\\\/www.info-algerie.com\\\/actualites\\\/bachir-cherif-inhume-au-cimetiere-de-ben-aknoun\\\/#primaryimage\"},\"thumbnailUrl\":\"https:\\\/\\\/www.info-algerie.com\\\/actualites\\\/wp-content\\\/uploads\\\/2017\\\/06\\\/fb8135208ebd37b1cf97c6b9a0c2076a_S-1.jpg\",\"keywords\":[\"ONU\"],\"articleSection\":[\"infos\"],\"inLanguage\":\"fr-FR\",\"potentialAction\":[{\"@type\":\"CommentAction\",\"name\":\"Comment\",\"target\":[\"https:\\\/\\\/www.info-algerie.com\\\/actualites\\\/bachir-cherif-inhume-au-cimetiere-de-ben-aknoun\\\/#respond\"]}]},{\"@type\":\"WebPage\",\"@id\":\"https:\\\/\\\/www.info-algerie.com\\\/actualites\\\/bachir-cherif-inhume-au-cimetiere-de-ben-aknoun\\\/\",\"url\":\"https:\\\/\\\/www.info-algerie.com\\\/actualites\\\/bachir-cherif-inhume-au-cimetiere-de-ben-aknoun\\\/\",\"name\":\"Bachir Cherif inhum\u00e9 au cimeti\u00e8re de Ben Aknoun \u00a0 - info algerie\",\"isPartOf\":{\"@id\":\"https:\\\/\\\/www.info-algerie.com\\\/actualites\\\/#website\"},\"primaryImageOfPage\":{\"@id\":\"https:\\\/\\\/www.info-algerie.com\\\/actualites\\\/bachir-cherif-inhume-au-cimetiere-de-ben-aknoun\\\/#primaryimage\"},\"image\":{\"@id\":\"https:\\\/\\\/www.info-algerie.com\\\/actualites\\\/bachir-cherif-inhume-au-cimetiere-de-ben-aknoun\\\/#primaryimage\"},\"thumbnailUrl\":\"https:\\\/\\\/www.info-algerie.com\\\/actualites\\\/wp-content\\\/uploads\\\/2017\\\/06\\\/fb8135208ebd37b1cf97c6b9a0c2076a_S-1.jpg\",\"datePublished\":\"2017-06-05T07:25:43+00:00\",\"breadcrumb\":{\"@id\":\"https:\\\/\\\/www.info-algerie.com\\\/actualites\\\/bachir-cherif-inhume-au-cimetiere-de-ben-aknoun\\\/#breadcrumb\"},\"inLanguage\":\"fr-FR\",\"potentialAction\":[{\"@type\":\"ReadAction\",\"target\":[\"https:\\\/\\\/www.info-algerie.com\\\/actualites\\\/bachir-cherif-inhume-au-cimetiere-de-ben-aknoun\\\/\"]}]},{\"@type\":\"ImageObject\",\"inLanguage\":\"fr-FR\",\"@id\":\"https:\\\/\\\/www.info-algerie.com\\\/actualites\\\/bachir-cherif-inhume-au-cimetiere-de-ben-aknoun\\\/#primaryimage\",\"url\":\"https:\\\/\\\/www.info-algerie.com\\\/actualites\\\/wp-content\\\/uploads\\\/2017\\\/06\\\/fb8135208ebd37b1cf97c6b9a0c2076a_S-1.jpg\",\"contentUrl\":\"https:\\\/\\\/www.info-algerie.com\\\/actualites\\\/wp-content\\\/uploads\\\/2017\\\/06\\\/fb8135208ebd37b1cf97c6b9a0c2076a_S-1.jpg\",\"width\":280,\"height\":186},{\"@type\":\"BreadcrumbList\",\"@id\":\"https:\\\/\\\/www.info-algerie.com\\\/actualites\\\/bachir-cherif-inhume-au-cimetiere-de-ben-aknoun\\\/#breadcrumb\",\"itemListElement\":[{\"@type\":\"ListItem\",\"position\":1,\"name\":\"Accueil\",\"item\":\"https:\\\/\\\/www.info-algerie.com\\\/actualites\\\/\"},{\"@type\":\"ListItem\",\"position\":2,\"name\":\"Bachir Cherif inhum\u00e9 au cimeti\u00e8re de Ben Aknoun \u00a0\"}]},{\"@type\":\"WebSite\",\"@id\":\"https:\\\/\\\/www.info-algerie.com\\\/actualites\\\/#website\",\"url\":\"https:\\\/\\\/www.info-algerie.com\\\/actualites\\\/\",\"name\":\"info algerie\",\"description\":\"Toutes les actualit\u00e9s\",\"publisher\":{\"@id\":\"https:\\\/\\\/www.info-algerie.com\\\/actualites\\\/#organization\"},\"potentialAction\":[{\"@type\":\"SearchAction\",\"target\":{\"@type\":\"EntryPoint\",\"urlTemplate\":\"https:\\\/\\\/www.info-algerie.com\\\/actualites\\\/?s={search_term_string}\"},\"query-input\":{\"@type\":\"PropertyValueSpecification\",\"valueRequired\":true,\"valueName\":\"search_term_string\"}}],\"inLanguage\":\"fr-FR\"},{\"@type\":\"Organization\",\"@id\":\"https:\\\/\\\/www.info-algerie.com\\\/actualites\\\/#organization\",\"name\":\"info algerie\",\"url\":\"https:\\\/\\\/www.info-algerie.com\\\/actualites\\\/\",\"logo\":{\"@type\":\"ImageObject\",\"inLanguage\":\"fr-FR\",\"@id\":\"https:\\\/\\\/www.info-algerie.com\\\/actualites\\\/#\\\/schema\\\/logo\\\/image\\\/\",\"url\":\"https:\\\/\\\/www.info-algerie.com\\\/actualites\\\/wp-content\\\/uploads\\\/2022\\\/07\\\/logo-ia-120.png\",\"contentUrl\":\"https:\\\/\\\/www.info-algerie.com\\\/actualites\\\/wp-content\\\/uploads\\\/2022\\\/07\\\/logo-ia-120.png\",\"width\":120,\"height\":43,\"caption\":\"info algerie\"},\"image\":{\"@id\":\"https:\\\/\\\/www.info-algerie.com\\\/actualites\\\/#\\\/schema\\\/logo\\\/image\\\/\"},\"sameAs\":[\"https:\\\/\\\/www.facebook.com\\\/infoalgerieactu\",\"https:\\\/\\\/x.com\\\/infoalgerie1\"]},{\"@type\":\"Person\",\"@id\":\"https:\\\/\\\/www.info-algerie.com\\\/actualites\\\/#\\\/schema\\\/person\\\/847aaec44920825b843a08f30ec6aa1e\",\"name\":\"La r\u00e9daction\",\"image\":{\"@type\":\"ImageObject\",\"inLanguage\":\"fr-FR\",\"@id\":\"https:\\\/\\\/secure.gravatar.com\\\/avatar\\\/769db425c6f465158149f1ffd6cf61ce7a8a879d11dfbef8288af36dfddd418c?s=96&d=mm&r=g\",\"url\":\"https:\\\/\\\/secure.gravatar.com\\\/avatar\\\/769db425c6f465158149f1ffd6cf61ce7a8a879d11dfbef8288af36dfddd418c?s=96&d=mm&r=g\",\"contentUrl\":\"https:\\\/\\\/secure.gravatar.com\\\/avatar\\\/769db425c6f465158149f1ffd6cf61ce7a8a879d11dfbef8288af36dfddd418c?s=96&d=mm&r=g\",\"caption\":\"La r\u00e9daction\"},\"sameAs\":[\"http:\\\/\\\/www.lkeria.com\\\/\"],\"url\":\"https:\\\/\\\/www.info-algerie.com\\\/actualites\\\/author\\\/chakib32\\\/\"}]}<\/script>\n<!-- \/ Yoast SEO plugin. -->","yoast_head_json":{"title":"Bachir Cherif inhum\u00e9 au cimeti\u00e8re de Ben Aknoun \u00a0 - info algerie","robots":{"index":"index","follow":"follow","max-snippet":"max-snippet:-1","max-image-preview":"max-image-preview:large","max-video-preview":"max-video-preview:-1"},"canonical":"https:\/\/www.info-algerie.com\/actualites\/bachir-cherif-inhume-au-cimetiere-de-ben-aknoun\/","og_locale":"fr_FR","og_type":"article","og_title":"Bachir Cherif inhum\u00e9 au cimeti\u00e8re de Ben Aknoun \u00a0 - info algerie","og_description":"ALGER- Le journaliste et directeur du quotidien La\u00a0 Tribune, Hassen Bachir Cherif, d\u00e9c\u00e9d\u00e9 dimanche \u00e0 l&rsquo;aube \u00e0 Alger, a \u00e9t\u00e9\u00a0 inhum\u00e9 dans l&rsquo;apr\u00e8s-midi au cimeti\u00e8re de Ben Aknoun \u00e0 Alger. &#013; &#013; L&rsquo;enterrement a eu lieu en pr\u00e9sence d&rsquo;une foule nombreuse, dont le\u00a0 ministre de la Communication, Djamel Kaouane, le ministre des Affaires\u00a0 \u00e9trang\u00e8res, Abdelkader","og_url":"https:\/\/www.info-algerie.com\/actualites\/bachir-cherif-inhume-au-cimetiere-de-ben-aknoun\/","og_site_name":"info algerie","article_publisher":"https:\/\/www.facebook.com\/infoalgerieactu","article_published_time":"2017-06-05T07:25:43+00:00","og_image":[{"width":280,"height":186,"url":"https:\/\/www.info-algerie.com\/actualites\/wp-content\/uploads\/2017\/06\/fb8135208ebd37b1cf97c6b9a0c2076a_S-1.jpg","type":"image\/jpeg"}],"author":"La r\u00e9daction","twitter_misc":{"\u00c9crit par":"La r\u00e9daction","Dur\u00e9e de lecture estim\u00e9e":"1 minute"},"schema":{"@context":"https:\/\/schema.org","@graph":[{"@type":"Article","@id":"https:\/\/www.info-algerie.com\/actualites\/bachir-cherif-inhume-au-cimetiere-de-ben-aknoun\/#article","isPartOf":{"@id":"https:\/\/www.info-algerie.com\/actualites\/bachir-cherif-inhume-au-cimetiere-de-ben-aknoun\/"},"author":{"name":"La r\u00e9daction","@id":"https:\/\/www.info-algerie.com\/actualites\/#\/schema\/person\/847aaec44920825b843a08f30ec6aa1e"},"headline":"Bachir Cherif inhum\u00e9 au cimeti\u00e8re de Ben Aknoun \u00a0","datePublished":"2017-06-05T07:25:43+00:00","mainEntityOfPage":{"@id":"https:\/\/www.info-algerie.com\/actualites\/bachir-cherif-inhume-au-cimetiere-de-ben-aknoun\/"},"wordCount":234,"commentCount":0,"publisher":{"@id":"https:\/\/www.info-algerie.com\/actualites\/#organization"},"image":{"@id":"https:\/\/www.info-algerie.com\/actualites\/bachir-cherif-inhume-au-cimetiere-de-ben-aknoun\/#primaryimage"},"thumbnailUrl":"https:\/\/www.info-algerie.com\/actualites\/wp-content\/uploads\/2017\/06\/fb8135208ebd37b1cf97c6b9a0c2076a_S-1.jpg","keywords":["ONU"],"articleSection":["infos"],"inLanguage":"fr-FR","potentialAction":[{"@type":"CommentAction","name":"Comment","target":["https:\/\/www.info-algerie.com\/actualites\/bachir-cherif-inhume-au-cimetiere-de-ben-aknoun\/#respond"]}]},{"@type":"WebPage","@id":"https:\/\/www.info-algerie.com\/actualites\/bachir-cherif-inhume-au-cimetiere-de-ben-aknoun\/","url":"https:\/\/www.info-algerie.com\/actualites\/bachir-cherif-inhume-au-cimetiere-de-ben-aknoun\/","name":"Bachir Cherif inhum\u00e9 au cimeti\u00e8re de Ben Aknoun \u00a0 - info algerie","isPartOf":{"@id":"https:\/\/www.info-algerie.com\/actualites\/#website"},"primaryImageOfPage":{"@id":"https:\/\/www.info-algerie.com\/actualites\/bachir-cherif-inhume-au-cimetiere-de-ben-aknoun\/#primaryimage"},"image":{"@id":"https:\/\/www.info-algerie.com\/actualites\/bachir-cherif-inhume-au-cimetiere-de-ben-aknoun\/#primaryimage"},"thumbnailUrl":"https:\/\/www.info-algerie.com\/actualites\/wp-content\/uploads\/2017\/06\/fb8135208ebd37b1cf97c6b9a0c2076a_S-1.jpg","datePublished":"2017-06-05T07:25:43+00:00","breadcrumb":{"@id":"https:\/\/www.info-algerie.com\/actualites\/bachir-cherif-inhume-au-cimetiere-de-ben-aknoun\/#breadcrumb"},"inLanguage":"fr-FR","potentialAction":[{"@type":"ReadAction","target":["https:\/\/www.info-algerie.com\/actualites\/bachir-cherif-inhume-au-cimetiere-de-ben-aknoun\/"]}]},{"@type":"ImageObject","inLanguage":"fr-FR","@id":"https:\/\/www.info-algerie.com\/actualites\/bachir-cherif-inhume-au-cimetiere-de-ben-aknoun\/#primaryimage","url":"https:\/\/www.info-algerie.com\/actualites\/wp-content\/uploads\/2017\/06\/fb8135208ebd37b1cf97c6b9a0c2076a_S-1.jpg","contentUrl":"https:\/\/www.info-algerie.com\/actualites\/wp-content\/uploads\/2017\/06\/fb8135208ebd37b1cf97c6b9a0c2076a_S-1.jpg","width":280,"height":186},{"@type":"BreadcrumbList","@id":"https:\/\/www.info-algerie.com\/actualites\/bachir-cherif-inhume-au-cimetiere-de-ben-aknoun\/#breadcrumb","itemListElement":[{"@type":"ListItem","position":1,"name":"Accueil","item":"https:\/\/www.info-algerie.com\/actualites\/"},{"@type":"ListItem","position":2,"name":"Bachir Cherif inhum\u00e9 au cimeti\u00e8re de Ben Aknoun \u00a0"}]},{"@type":"WebSite","@id":"https:\/\/www.info-algerie.com\/actualites\/#website","url":"https:\/\/www.info-algerie.com\/actualites\/","name":"info algerie","description":"Toutes les actualit\u00e9s","publisher":{"@id":"https:\/\/www.info-algerie.com\/actualites\/#organization"},"potentialAction":[{"@type":"SearchAction","target":{"@type":"EntryPoint","urlTemplate":"https:\/\/www.info-algerie.com\/actualites\/?s={search_term_string}"},"query-input":{"@type":"PropertyValueSpecification","valueRequired":true,"valueName":"search_term_string"}}],"inLanguage":"fr-FR"},{"@type":"Organization","@id":"https:\/\/www.info-algerie.com\/actualites\/#organization","name":"info algerie","url":"https:\/\/www.info-algerie.com\/actualites\/","logo":{"@type":"ImageObject","inLanguage":"fr-FR","@id":"https:\/\/www.info-algerie.com\/actualites\/#\/schema\/logo\/image\/","url":"https:\/\/www.info-algerie.com\/actualites\/wp-content\/uploads\/2022\/07\/logo-ia-120.png","contentUrl":"https:\/\/www.info-algerie.com\/actualites\/wp-content\/uploads\/2022\/07\/logo-ia-120.png","width":120,"height":43,"caption":"info algerie"},"image":{"@id":"https:\/\/www.info-algerie.com\/actualites\/#\/schema\/logo\/image\/"},"sameAs":["https:\/\/www.facebook.com\/infoalgerieactu","https:\/\/x.com\/infoalgerie1"]},{"@type":"Person","@id":"https:\/\/www.info-algerie.com\/actualites\/#\/schema\/person\/847aaec44920825b843a08f30ec6aa1e","name":"La r\u00e9daction","image":{"@type":"ImageObject","inLanguage":"fr-FR","@id":"https:\/\/secure.gravatar.com\/avatar\/769db425c6f465158149f1ffd6cf61ce7a8a879d11dfbef8288af36dfddd418c?s=96&d=mm&r=g","url":"https:\/\/secure.gravatar.com\/avatar\/769db425c6f465158149f1ffd6cf61ce7a8a879d11dfbef8288af36dfddd418c?s=96&d=mm&r=g","contentUrl":"https:\/\/secure.gravatar.com\/avatar\/769db425c6f465158149f1ffd6cf61ce7a8a879d11dfbef8288af36dfddd418c?s=96&d=mm&r=g","caption":"La r\u00e9daction"},"sameAs":["http:\/\/www.lkeria.com\/"],"url":"https:\/\/www.info-algerie.com\/actualites\/author\/chakib32\/"}]}},"_links":{"self":[{"href":"https:\/\/www.info-algerie.com\/actualites\/wp-json\/wp\/v2\/posts\/12862","targetHints":{"allow":["GET"]}}],"collection":[{"href":"https:\/\/www.info-algerie.com\/actualites\/wp-json\/wp\/v2\/posts"}],"about":[{"href":"https:\/\/www.info-algerie.com\/actualites\/wp-json\/wp\/v2\/types\/post"}],"author":[{"embeddable":true,"href":"https:\/\/www.info-algerie.com\/actualites\/wp-json\/wp\/v2\/users\/6"}],"replies":[{"embeddable":true,"href":"https:\/\/www.info-algerie.com\/actualites\/wp-json\/wp\/v2\/comments?post=12862"}],"version-history":[{"count":0,"href":"https:\/\/www.info-algerie.com\/actualites\/wp-json\/wp\/v2\/posts\/12862\/revisions"}],"wp:featuredmedia":[{"embeddable":true,"href":"https:\/\/www.info-algerie.com\/actualites\/wp-json\/wp\/v2\/media\/12863"}],"wp:attachment":[{"href":"https:\/\/www.info-algerie.com\/actualites\/wp-json\/wp\/v2\/media?parent=12862"}],"wp:term":[{"taxonomy":"category","embeddable":true,"href":"https:\/\/www.info-algerie.com\/actualites\/wp-json\/wp\/v2\/categories?post=12862"},{"taxonomy":"post_tag","embeddable":true,"href":"https:\/\/www.info-algerie.com\/actualites\/wp-json\/wp\/v2\/tags?post=12862"}],"curies":[{"name":"wp","href":"https:\/\/api.w.org\/{rel}","templated":true}]}}