{"id":12868,"date":"2017-06-05T08:40:50","date_gmt":"2017-06-05T07:40:50","guid":{"rendered":"http:\/\/www.info-algerie.com\/actualites\/bem-creer-de-bonnes-conditions-de-travail-pour-les-encadreurs-des-centres-de-collecte-et-de-correction-des-epreuves\/"},"modified":"2017-06-05T08:40:50","modified_gmt":"2017-06-05T07:40:50","slug":"bem-creer-de-bonnes-conditions-de-travail-pour-les-encadreurs-des-centres-de-collecte-et-de-correction-des-epreuves","status":"publish","type":"post","link":"https:\/\/www.info-algerie.com\/actualites\/bem-creer-de-bonnes-conditions-de-travail-pour-les-encadreurs-des-centres-de-collecte-et-de-correction-des-epreuves\/","title":{"rendered":"BEM: cr\u00e9er de bonnes conditions de travail pour les encadreurs des centres de collecte et de correction des \u00e9preuves"},"content":{"rendered":"<div class=\"K2FeedImage\"><img decoding=\"async\" src=\"https:\/\/www.info-algerie.com\/actualites\/wp-content\/uploads\/2017\/06\/e8b5d252dd4812e8add1e5cceea7948d_S.jpg\" alt=\"BEM: cr&#xE9;er de bonnes conditions de travail pour les encadreurs des centres de collecte et de correction des &#xE9;preuves\" \/><\/div>\n<div class=\"K2FeedIntroText\">\n<p class=\"MsoNoSpacing\">SAIDA- La ministre de l\u2019Education nationale, Nouria\u00a0 Benghebrit, a insist\u00e9 dimanche \u00e0 Saida sur la cr\u00e9ation de toutes les\u00a0 conditions favorables permettant aux encadreurs des centres de collecte et correction des \u00e9preuves du brevet d\u2019enseignement moyen (BEM) de l\u2019ann\u00e9e\u00a0 2017 de mener \u00e0 bien leur travail.<\/p>\n<p>&#013;\n<\/p><\/div>\n<div class=\"K2FeedFullText\">&#013;<\/p>\n<p>Mme Benghebrit a d\u00e9clar\u00e9 \u00e0 la presse, en marge de l\u2019ouverture des plis de\u00a0 la mati\u00e8re d\u2019\u00e9ducation islamique des examens du Breuvet d&rsquo;enseignement\u00a0 moyen (BEM) au CEM \u00ab\u00a0Medjadji Abdelkader\u00a0\u00bb de Saida, qu\u2019un climat favorable\u00a0 doit \u00eatre fourni aux correcteurs pour les aider dans leur travail.<\/p>\n<p>&#013;<\/p>\n<p>Le minist\u00e8re de tutelle, a-t-elle ajout\u00e9, a donn\u00e9 aux correcteurs la\u00a0 libert\u00e9 de corriger des copies du BEM de jour ou de nuit selon la capacit\u00e9\u00a0 de chacun afin de leur permettre d\u2019assumer leur mission convenablement et\u00a0 dans des conditions id\u00e9ales, surtout en ce mois de ramadhan.<\/p>\n<p>&#013;<\/p>\n<p>En outre elle a salu\u00e9 les efforts d\u00e9ploy\u00e9s par les autorit\u00e9s locales pour\u00a0 garantir la r\u00e9ussite de ces \u00e9preuves qui seront suivies par les examens du\u00a0 baccalaur\u00e9at la semaine prochaine.<\/p>\n<p>&#013;<\/p>\n<p>La ministre a suivi, lors de cette visite, des explications fournies par\u00a0 des cadres du centre de collecte et de correction du BEM au CEM \u00ab\u00a0Khadidja\u00a0 Oum El Mouminine\u00a0\u00bb de Saida qui recueille des copies des trois wilayas que\u00a0 sont B\u00e9char, Tiaret et Mascara.<\/p>\n<p>&#013;<\/p>\n<p>Ce centre qui compte 157 encadreurs devra accueillir 31.993 copies\u00a0 d\u2019examens pour les num\u00e9roter et les envoyer aux centres de correction.<\/p>\n<p>&#013;<\/p>\n<p>Mme Benghebrit s\u2019est enquise au CEM \u00ab\u00a0Medjadji Abdelkader\u00a0\u00bb, au chef-lieu de\u00a0 wilaya, du d\u00e9roulement des \u00e9preuves pour quatre \u00e9l\u00e8ves sourds muets, tout\u00a0 en insistant sur la n\u00e9cessit\u00e9 d\u2019accompagner ces \u00e9l\u00e8ves et leur offrir un\u00a0 environnement propice pour s\u2019int\u00e9grer avec les \u00e9l\u00e8ves ordinaires.<\/p>\n<p>&#013;<\/p>\n<p>\u00a0<\/p>\n<p>&#013;<\/p>\n<p>La ministre a donn\u00e9, dimanche matin au CEM \u00ab\u00a0Cheikh Abdelkader Mecherfi\u00a0\u00bb de\u00a0 Ghriss (wilaya\u00a0 de Mascara), le coup d&rsquo;envoi des \u00e9preuves du brevet\u00a0 d\u2019enseignement moyen.<\/p>\n<\/div>\n<p>&#013;<br \/>\nSource: <a href=\"http:\/\/www.aps.dz\/algerie\/58546-bem-creer-de-bonnes-conditions-de-travail-pour-les-encadreurs-des-centres-de-collecte-et-de-correction-des-epreuves\" target=\"_blank\">BEM: cr\u00e9er de bonnes conditions de travail pour les encadreurs des centres de collecte et de correction des \u00e9preuves<\/a><\/p>\n<!--CusAds0-->\n<div style=\"font-size: 0px; height: 0px; line-height: 0px; margin: 0; padding: 0; clear: both;\"><\/div>","protected":false},"excerpt":{"rendered":"<p>SAIDA- La ministre de l\u2019Education nationale, Nouria\u00a0 Benghebrit, a insist\u00e9 dimanche \u00e0 Saida sur la cr\u00e9ation de toutes les\u00a0 conditions favorables permettant aux encadreurs des centres de collecte et correction des \u00e9preuves du brevet d\u2019enseignement moyen (BEM) de l\u2019ann\u00e9e\u00a0 2017 de mener \u00e0 bien leur travail. &#013; &#013; Mme Benghebrit a d\u00e9clar\u00e9 \u00e0 la presse,<\/p>\n","protected":false},"author":6,"featured_media":12869,"comment_status":"open","ping_status":"open","sticky":false,"template":"","format":"standard","meta":{"footnotes":""},"categories":[22],"tags":[93],"class_list":["post-12868","post","type-post","status-publish","format-standard","has-post-thumbnail","hentry","category-infos","tag-onu"],"yoast_head":"<!-- This site is optimized with the Yoast SEO plugin v27.5 - https:\/\/yoast.com\/product\/yoast-seo-wordpress\/ -->\n<title>BEM: cr\u00e9er de bonnes conditions de travail pour les encadreurs des centres de collecte et de correction des \u00e9preuves - info algerie<\/title>\n<meta name=\"robots\" content=\"index, follow, max-snippet:-1, max-image-preview:large, max-video-preview:-1\" \/>\n<link rel=\"canonical\" href=\"https:\/\/www.info-algerie.com\/actualites\/bem-creer-de-bonnes-conditions-de-travail-pour-les-encadreurs-des-centres-de-collecte-et-de-correction-des-epreuves\/\" \/>\n<meta property=\"og:locale\" content=\"fr_FR\" \/>\n<meta property=\"og:type\" content=\"article\" \/>\n<meta property=\"og:title\" content=\"BEM: cr\u00e9er de bonnes conditions de travail pour les encadreurs des centres de collecte et de correction des \u00e9preuves - info algerie\" \/>\n<meta property=\"og:description\" content=\"SAIDA- La ministre de l\u2019Education nationale, Nouria\u00a0 Benghebrit, a insist\u00e9 dimanche \u00e0 Saida sur la cr\u00e9ation de toutes les\u00a0 conditions favorables permettant aux encadreurs des centres de collecte et correction des \u00e9preuves du brevet d\u2019enseignement moyen (BEM) de l\u2019ann\u00e9e\u00a0 2017 de mener \u00e0 bien leur travail. &#013; &#013; Mme Benghebrit a d\u00e9clar\u00e9 \u00e0 la presse,\" \/>\n<meta property=\"og:url\" content=\"https:\/\/www.info-algerie.com\/actualites\/bem-creer-de-bonnes-conditions-de-travail-pour-les-encadreurs-des-centres-de-collecte-et-de-correction-des-epreuves\/\" \/>\n<meta property=\"og:site_name\" content=\"info algerie\" \/>\n<meta property=\"article:publisher\" content=\"https:\/\/www.facebook.com\/infoalgerieactu\" \/>\n<meta property=\"article:published_time\" content=\"2017-06-05T07:40:50+00:00\" \/>\n<meta property=\"og:image\" content=\"https:\/\/www.info-algerie.com\/actualites\/wp-content\/uploads\/2017\/06\/e8b5d252dd4812e8add1e5cceea7948d_S-1.jpg\" \/>\n\t<meta property=\"og:image:width\" content=\"280\" \/>\n\t<meta property=\"og:image:height\" content=\"143\" \/>\n\t<meta property=\"og:image:type\" content=\"image\/jpeg\" \/>\n<meta name=\"author\" content=\"La r\u00e9daction\" \/>\n<meta name=\"twitter:label1\" content=\"\u00c9crit par\" \/>\n\t<meta name=\"twitter:data1\" content=\"La r\u00e9daction\" \/>\n\t<meta name=\"twitter:label2\" content=\"Dur\u00e9e de lecture estim\u00e9e\" \/>\n\t<meta name=\"twitter:data2\" content=\"2 minutes\" \/>\n<script type=\"application\/ld+json\" class=\"yoast-schema-graph\">{\"@context\":\"https:\\\/\\\/schema.org\",\"@graph\":[{\"@type\":\"Article\",\"@id\":\"https:\\\/\\\/www.info-algerie.com\\\/actualites\\\/bem-creer-de-bonnes-conditions-de-travail-pour-les-encadreurs-des-centres-de-collecte-et-de-correction-des-epreuves\\\/#article\",\"isPartOf\":{\"@id\":\"https:\\\/\\\/www.info-algerie.com\\\/actualites\\\/bem-creer-de-bonnes-conditions-de-travail-pour-les-encadreurs-des-centres-de-collecte-et-de-correction-des-epreuves\\\/\"},\"author\":{\"name\":\"La r\u00e9daction\",\"@id\":\"https:\\\/\\\/www.info-algerie.com\\\/actualites\\\/#\\\/schema\\\/person\\\/847aaec44920825b843a08f30ec6aa1e\"},\"headline\":\"BEM: cr\u00e9er de bonnes conditions de travail pour les encadreurs des centres de collecte et de correction des \u00e9preuves\",\"datePublished\":\"2017-06-05T07:40:50+00:00\",\"mainEntityOfPage\":{\"@id\":\"https:\\\/\\\/www.info-algerie.com\\\/actualites\\\/bem-creer-de-bonnes-conditions-de-travail-pour-les-encadreurs-des-centres-de-collecte-et-de-correction-des-epreuves\\\/\"},\"wordCount\":368,\"commentCount\":0,\"publisher\":{\"@id\":\"https:\\\/\\\/www.info-algerie.com\\\/actualites\\\/#organization\"},\"image\":{\"@id\":\"https:\\\/\\\/www.info-algerie.com\\\/actualites\\\/bem-creer-de-bonnes-conditions-de-travail-pour-les-encadreurs-des-centres-de-collecte-et-de-correction-des-epreuves\\\/#primaryimage\"},\"thumbnailUrl\":\"https:\\\/\\\/www.info-algerie.com\\\/actualites\\\/wp-content\\\/uploads\\\/2017\\\/06\\\/e8b5d252dd4812e8add1e5cceea7948d_S-1.jpg\",\"keywords\":[\"ONU\"],\"articleSection\":[\"infos\"],\"inLanguage\":\"fr-FR\",\"potentialAction\":[{\"@type\":\"CommentAction\",\"name\":\"Comment\",\"target\":[\"https:\\\/\\\/www.info-algerie.com\\\/actualites\\\/bem-creer-de-bonnes-conditions-de-travail-pour-les-encadreurs-des-centres-de-collecte-et-de-correction-des-epreuves\\\/#respond\"]}]},{\"@type\":\"WebPage\",\"@id\":\"https:\\\/\\\/www.info-algerie.com\\\/actualites\\\/bem-creer-de-bonnes-conditions-de-travail-pour-les-encadreurs-des-centres-de-collecte-et-de-correction-des-epreuves\\\/\",\"url\":\"https:\\\/\\\/www.info-algerie.com\\\/actualites\\\/bem-creer-de-bonnes-conditions-de-travail-pour-les-encadreurs-des-centres-de-collecte-et-de-correction-des-epreuves\\\/\",\"name\":\"BEM: cr\u00e9er de bonnes conditions de travail pour les encadreurs des centres de collecte et de correction des \u00e9preuves - info algerie\",\"isPartOf\":{\"@id\":\"https:\\\/\\\/www.info-algerie.com\\\/actualites\\\/#website\"},\"primaryImageOfPage\":{\"@id\":\"https:\\\/\\\/www.info-algerie.com\\\/actualites\\\/bem-creer-de-bonnes-conditions-de-travail-pour-les-encadreurs-des-centres-de-collecte-et-de-correction-des-epreuves\\\/#primaryimage\"},\"image\":{\"@id\":\"https:\\\/\\\/www.info-algerie.com\\\/actualites\\\/bem-creer-de-bonnes-conditions-de-travail-pour-les-encadreurs-des-centres-de-collecte-et-de-correction-des-epreuves\\\/#primaryimage\"},\"thumbnailUrl\":\"https:\\\/\\\/www.info-algerie.com\\\/actualites\\\/wp-content\\\/uploads\\\/2017\\\/06\\\/e8b5d252dd4812e8add1e5cceea7948d_S-1.jpg\",\"datePublished\":\"2017-06-05T07:40:50+00:00\",\"breadcrumb\":{\"@id\":\"https:\\\/\\\/www.info-algerie.com\\\/actualites\\\/bem-creer-de-bonnes-conditions-de-travail-pour-les-encadreurs-des-centres-de-collecte-et-de-correction-des-epreuves\\\/#breadcrumb\"},\"inLanguage\":\"fr-FR\",\"potentialAction\":[{\"@type\":\"ReadAction\",\"target\":[\"https:\\\/\\\/www.info-algerie.com\\\/actualites\\\/bem-creer-de-bonnes-conditions-de-travail-pour-les-encadreurs-des-centres-de-collecte-et-de-correction-des-epreuves\\\/\"]}]},{\"@type\":\"ImageObject\",\"inLanguage\":\"fr-FR\",\"@id\":\"https:\\\/\\\/www.info-algerie.com\\\/actualites\\\/bem-creer-de-bonnes-conditions-de-travail-pour-les-encadreurs-des-centres-de-collecte-et-de-correction-des-epreuves\\\/#primaryimage\",\"url\":\"https:\\\/\\\/www.info-algerie.com\\\/actualites\\\/wp-content\\\/uploads\\\/2017\\\/06\\\/e8b5d252dd4812e8add1e5cceea7948d_S-1.jpg\",\"contentUrl\":\"https:\\\/\\\/www.info-algerie.com\\\/actualites\\\/wp-content\\\/uploads\\\/2017\\\/06\\\/e8b5d252dd4812e8add1e5cceea7948d_S-1.jpg\",\"width\":280,\"height\":143},{\"@type\":\"BreadcrumbList\",\"@id\":\"https:\\\/\\\/www.info-algerie.com\\\/actualites\\\/bem-creer-de-bonnes-conditions-de-travail-pour-les-encadreurs-des-centres-de-collecte-et-de-correction-des-epreuves\\\/#breadcrumb\",\"itemListElement\":[{\"@type\":\"ListItem\",\"position\":1,\"name\":\"Accueil\",\"item\":\"https:\\\/\\\/www.info-algerie.com\\\/actualites\\\/\"},{\"@type\":\"ListItem\",\"position\":2,\"name\":\"BEM: cr\u00e9er de bonnes conditions de travail pour les encadreurs des centres de collecte et de correction des \u00e9preuves\"}]},{\"@type\":\"WebSite\",\"@id\":\"https:\\\/\\\/www.info-algerie.com\\\/actualites\\\/#website\",\"url\":\"https:\\\/\\\/www.info-algerie.com\\\/actualites\\\/\",\"name\":\"info algerie\",\"description\":\"Toutes les actualit\u00e9s\",\"publisher\":{\"@id\":\"https:\\\/\\\/www.info-algerie.com\\\/actualites\\\/#organization\"},\"potentialAction\":[{\"@type\":\"SearchAction\",\"target\":{\"@type\":\"EntryPoint\",\"urlTemplate\":\"https:\\\/\\\/www.info-algerie.com\\\/actualites\\\/?s={search_term_string}\"},\"query-input\":{\"@type\":\"PropertyValueSpecification\",\"valueRequired\":true,\"valueName\":\"search_term_string\"}}],\"inLanguage\":\"fr-FR\"},{\"@type\":\"Organization\",\"@id\":\"https:\\\/\\\/www.info-algerie.com\\\/actualites\\\/#organization\",\"name\":\"info algerie\",\"url\":\"https:\\\/\\\/www.info-algerie.com\\\/actualites\\\/\",\"logo\":{\"@type\":\"ImageObject\",\"inLanguage\":\"fr-FR\",\"@id\":\"https:\\\/\\\/www.info-algerie.com\\\/actualites\\\/#\\\/schema\\\/logo\\\/image\\\/\",\"url\":\"https:\\\/\\\/www.info-algerie.com\\\/actualites\\\/wp-content\\\/uploads\\\/2022\\\/07\\\/logo-ia-120.png\",\"contentUrl\":\"https:\\\/\\\/www.info-algerie.com\\\/actualites\\\/wp-content\\\/uploads\\\/2022\\\/07\\\/logo-ia-120.png\",\"width\":120,\"height\":43,\"caption\":\"info algerie\"},\"image\":{\"@id\":\"https:\\\/\\\/www.info-algerie.com\\\/actualites\\\/#\\\/schema\\\/logo\\\/image\\\/\"},\"sameAs\":[\"https:\\\/\\\/www.facebook.com\\\/infoalgerieactu\",\"https:\\\/\\\/x.com\\\/infoalgerie1\"]},{\"@type\":\"Person\",\"@id\":\"https:\\\/\\\/www.info-algerie.com\\\/actualites\\\/#\\\/schema\\\/person\\\/847aaec44920825b843a08f30ec6aa1e\",\"name\":\"La r\u00e9daction\",\"image\":{\"@type\":\"ImageObject\",\"inLanguage\":\"fr-FR\",\"@id\":\"https:\\\/\\\/secure.gravatar.com\\\/avatar\\\/769db425c6f465158149f1ffd6cf61ce7a8a879d11dfbef8288af36dfddd418c?s=96&d=mm&r=g\",\"url\":\"https:\\\/\\\/secure.gravatar.com\\\/avatar\\\/769db425c6f465158149f1ffd6cf61ce7a8a879d11dfbef8288af36dfddd418c?s=96&d=mm&r=g\",\"contentUrl\":\"https:\\\/\\\/secure.gravatar.com\\\/avatar\\\/769db425c6f465158149f1ffd6cf61ce7a8a879d11dfbef8288af36dfddd418c?s=96&d=mm&r=g\",\"caption\":\"La r\u00e9daction\"},\"sameAs\":[\"http:\\\/\\\/www.lkeria.com\\\/\"],\"url\":\"https:\\\/\\\/www.info-algerie.com\\\/actualites\\\/author\\\/chakib32\\\/\"}]}<\/script>\n<!-- \/ Yoast SEO plugin. -->","yoast_head_json":{"title":"BEM: cr\u00e9er de bonnes conditions de travail pour les encadreurs des centres de collecte et de correction des \u00e9preuves - info algerie","robots":{"index":"index","follow":"follow","max-snippet":"max-snippet:-1","max-image-preview":"max-image-preview:large","max-video-preview":"max-video-preview:-1"},"canonical":"https:\/\/www.info-algerie.com\/actualites\/bem-creer-de-bonnes-conditions-de-travail-pour-les-encadreurs-des-centres-de-collecte-et-de-correction-des-epreuves\/","og_locale":"fr_FR","og_type":"article","og_title":"BEM: cr\u00e9er de bonnes conditions de travail pour les encadreurs des centres de collecte et de correction des \u00e9preuves - info algerie","og_description":"SAIDA- La ministre de l\u2019Education nationale, Nouria\u00a0 Benghebrit, a insist\u00e9 dimanche \u00e0 Saida sur la cr\u00e9ation de toutes les\u00a0 conditions favorables permettant aux encadreurs des centres de collecte et correction des \u00e9preuves du brevet d\u2019enseignement moyen (BEM) de l\u2019ann\u00e9e\u00a0 2017 de mener \u00e0 bien leur travail. &#013; &#013; Mme Benghebrit a d\u00e9clar\u00e9 \u00e0 la presse,","og_url":"https:\/\/www.info-algerie.com\/actualites\/bem-creer-de-bonnes-conditions-de-travail-pour-les-encadreurs-des-centres-de-collecte-et-de-correction-des-epreuves\/","og_site_name":"info algerie","article_publisher":"https:\/\/www.facebook.com\/infoalgerieactu","article_published_time":"2017-06-05T07:40:50+00:00","og_image":[{"width":280,"height":143,"url":"https:\/\/www.info-algerie.com\/actualites\/wp-content\/uploads\/2017\/06\/e8b5d252dd4812e8add1e5cceea7948d_S-1.jpg","type":"image\/jpeg"}],"author":"La r\u00e9daction","twitter_misc":{"\u00c9crit par":"La r\u00e9daction","Dur\u00e9e de lecture estim\u00e9e":"2 minutes"},"schema":{"@context":"https:\/\/schema.org","@graph":[{"@type":"Article","@id":"https:\/\/www.info-algerie.com\/actualites\/bem-creer-de-bonnes-conditions-de-travail-pour-les-encadreurs-des-centres-de-collecte-et-de-correction-des-epreuves\/#article","isPartOf":{"@id":"https:\/\/www.info-algerie.com\/actualites\/bem-creer-de-bonnes-conditions-de-travail-pour-les-encadreurs-des-centres-de-collecte-et-de-correction-des-epreuves\/"},"author":{"name":"La r\u00e9daction","@id":"https:\/\/www.info-algerie.com\/actualites\/#\/schema\/person\/847aaec44920825b843a08f30ec6aa1e"},"headline":"BEM: cr\u00e9er de bonnes conditions de travail pour les encadreurs des centres de collecte et de correction des \u00e9preuves","datePublished":"2017-06-05T07:40:50+00:00","mainEntityOfPage":{"@id":"https:\/\/www.info-algerie.com\/actualites\/bem-creer-de-bonnes-conditions-de-travail-pour-les-encadreurs-des-centres-de-collecte-et-de-correction-des-epreuves\/"},"wordCount":368,"commentCount":0,"publisher":{"@id":"https:\/\/www.info-algerie.com\/actualites\/#organization"},"image":{"@id":"https:\/\/www.info-algerie.com\/actualites\/bem-creer-de-bonnes-conditions-de-travail-pour-les-encadreurs-des-centres-de-collecte-et-de-correction-des-epreuves\/#primaryimage"},"thumbnailUrl":"https:\/\/www.info-algerie.com\/actualites\/wp-content\/uploads\/2017\/06\/e8b5d252dd4812e8add1e5cceea7948d_S-1.jpg","keywords":["ONU"],"articleSection":["infos"],"inLanguage":"fr-FR","potentialAction":[{"@type":"CommentAction","name":"Comment","target":["https:\/\/www.info-algerie.com\/actualites\/bem-creer-de-bonnes-conditions-de-travail-pour-les-encadreurs-des-centres-de-collecte-et-de-correction-des-epreuves\/#respond"]}]},{"@type":"WebPage","@id":"https:\/\/www.info-algerie.com\/actualites\/bem-creer-de-bonnes-conditions-de-travail-pour-les-encadreurs-des-centres-de-collecte-et-de-correction-des-epreuves\/","url":"https:\/\/www.info-algerie.com\/actualites\/bem-creer-de-bonnes-conditions-de-travail-pour-les-encadreurs-des-centres-de-collecte-et-de-correction-des-epreuves\/","name":"BEM: cr\u00e9er de bonnes conditions de travail pour les encadreurs des centres de collecte et de correction des \u00e9preuves - info algerie","isPartOf":{"@id":"https:\/\/www.info-algerie.com\/actualites\/#website"},"primaryImageOfPage":{"@id":"https:\/\/www.info-algerie.com\/actualites\/bem-creer-de-bonnes-conditions-de-travail-pour-les-encadreurs-des-centres-de-collecte-et-de-correction-des-epreuves\/#primaryimage"},"image":{"@id":"https:\/\/www.info-algerie.com\/actualites\/bem-creer-de-bonnes-conditions-de-travail-pour-les-encadreurs-des-centres-de-collecte-et-de-correction-des-epreuves\/#primaryimage"},"thumbnailUrl":"https:\/\/www.info-algerie.com\/actualites\/wp-content\/uploads\/2017\/06\/e8b5d252dd4812e8add1e5cceea7948d_S-1.jpg","datePublished":"2017-06-05T07:40:50+00:00","breadcrumb":{"@id":"https:\/\/www.info-algerie.com\/actualites\/bem-creer-de-bonnes-conditions-de-travail-pour-les-encadreurs-des-centres-de-collecte-et-de-correction-des-epreuves\/#breadcrumb"},"inLanguage":"fr-FR","potentialAction":[{"@type":"ReadAction","target":["https:\/\/www.info-algerie.com\/actualites\/bem-creer-de-bonnes-conditions-de-travail-pour-les-encadreurs-des-centres-de-collecte-et-de-correction-des-epreuves\/"]}]},{"@type":"ImageObject","inLanguage":"fr-FR","@id":"https:\/\/www.info-algerie.com\/actualites\/bem-creer-de-bonnes-conditions-de-travail-pour-les-encadreurs-des-centres-de-collecte-et-de-correction-des-epreuves\/#primaryimage","url":"https:\/\/www.info-algerie.com\/actualites\/wp-content\/uploads\/2017\/06\/e8b5d252dd4812e8add1e5cceea7948d_S-1.jpg","contentUrl":"https:\/\/www.info-algerie.com\/actualites\/wp-content\/uploads\/2017\/06\/e8b5d252dd4812e8add1e5cceea7948d_S-1.jpg","width":280,"height":143},{"@type":"BreadcrumbList","@id":"https:\/\/www.info-algerie.com\/actualites\/bem-creer-de-bonnes-conditions-de-travail-pour-les-encadreurs-des-centres-de-collecte-et-de-correction-des-epreuves\/#breadcrumb","itemListElement":[{"@type":"ListItem","position":1,"name":"Accueil","item":"https:\/\/www.info-algerie.com\/actualites\/"},{"@type":"ListItem","position":2,"name":"BEM: cr\u00e9er de bonnes conditions de travail pour les encadreurs des centres de collecte et de correction des \u00e9preuves"}]},{"@type":"WebSite","@id":"https:\/\/www.info-algerie.com\/actualites\/#website","url":"https:\/\/www.info-algerie.com\/actualites\/","name":"info algerie","description":"Toutes les actualit\u00e9s","publisher":{"@id":"https:\/\/www.info-algerie.com\/actualites\/#organization"},"potentialAction":[{"@type":"SearchAction","target":{"@type":"EntryPoint","urlTemplate":"https:\/\/www.info-algerie.com\/actualites\/?s={search_term_string}"},"query-input":{"@type":"PropertyValueSpecification","valueRequired":true,"valueName":"search_term_string"}}],"inLanguage":"fr-FR"},{"@type":"Organization","@id":"https:\/\/www.info-algerie.com\/actualites\/#organization","name":"info algerie","url":"https:\/\/www.info-algerie.com\/actualites\/","logo":{"@type":"ImageObject","inLanguage":"fr-FR","@id":"https:\/\/www.info-algerie.com\/actualites\/#\/schema\/logo\/image\/","url":"https:\/\/www.info-algerie.com\/actualites\/wp-content\/uploads\/2022\/07\/logo-ia-120.png","contentUrl":"https:\/\/www.info-algerie.com\/actualites\/wp-content\/uploads\/2022\/07\/logo-ia-120.png","width":120,"height":43,"caption":"info algerie"},"image":{"@id":"https:\/\/www.info-algerie.com\/actualites\/#\/schema\/logo\/image\/"},"sameAs":["https:\/\/www.facebook.com\/infoalgerieactu","https:\/\/x.com\/infoalgerie1"]},{"@type":"Person","@id":"https:\/\/www.info-algerie.com\/actualites\/#\/schema\/person\/847aaec44920825b843a08f30ec6aa1e","name":"La r\u00e9daction","image":{"@type":"ImageObject","inLanguage":"fr-FR","@id":"https:\/\/secure.gravatar.com\/avatar\/769db425c6f465158149f1ffd6cf61ce7a8a879d11dfbef8288af36dfddd418c?s=96&d=mm&r=g","url":"https:\/\/secure.gravatar.com\/avatar\/769db425c6f465158149f1ffd6cf61ce7a8a879d11dfbef8288af36dfddd418c?s=96&d=mm&r=g","contentUrl":"https:\/\/secure.gravatar.com\/avatar\/769db425c6f465158149f1ffd6cf61ce7a8a879d11dfbef8288af36dfddd418c?s=96&d=mm&r=g","caption":"La r\u00e9daction"},"sameAs":["http:\/\/www.lkeria.com\/"],"url":"https:\/\/www.info-algerie.com\/actualites\/author\/chakib32\/"}]}},"_links":{"self":[{"href":"https:\/\/www.info-algerie.com\/actualites\/wp-json\/wp\/v2\/posts\/12868","targetHints":{"allow":["GET"]}}],"collection":[{"href":"https:\/\/www.info-algerie.com\/actualites\/wp-json\/wp\/v2\/posts"}],"about":[{"href":"https:\/\/www.info-algerie.com\/actualites\/wp-json\/wp\/v2\/types\/post"}],"author":[{"embeddable":true,"href":"https:\/\/www.info-algerie.com\/actualites\/wp-json\/wp\/v2\/users\/6"}],"replies":[{"embeddable":true,"href":"https:\/\/www.info-algerie.com\/actualites\/wp-json\/wp\/v2\/comments?post=12868"}],"version-history":[{"count":0,"href":"https:\/\/www.info-algerie.com\/actualites\/wp-json\/wp\/v2\/posts\/12868\/revisions"}],"wp:featuredmedia":[{"embeddable":true,"href":"https:\/\/www.info-algerie.com\/actualites\/wp-json\/wp\/v2\/media\/12869"}],"wp:attachment":[{"href":"https:\/\/www.info-algerie.com\/actualites\/wp-json\/wp\/v2\/media?parent=12868"}],"wp:term":[{"taxonomy":"category","embeddable":true,"href":"https:\/\/www.info-algerie.com\/actualites\/wp-json\/wp\/v2\/categories?post=12868"},{"taxonomy":"post_tag","embeddable":true,"href":"https:\/\/www.info-algerie.com\/actualites\/wp-json\/wp\/v2\/tags?post=12868"}],"curies":[{"name":"wp","href":"https:\/\/api.w.org\/{rel}","templated":true}]}}