{"id":12871,"date":"2017-06-05T08:33:49","date_gmt":"2017-06-05T07:33:49","guid":{"rendered":"http:\/\/www.info-algerie.com\/actualites\/bem-la-bonne-organisation-et-le-climat-serein-marquent-le-debut-des-epreuves\/"},"modified":"2017-06-05T08:33:49","modified_gmt":"2017-06-05T07:33:49","slug":"bem-la-bonne-organisation-et-le-climat-serein-marquent-le-debut-des-epreuves","status":"publish","type":"post","link":"https:\/\/www.info-algerie.com\/actualites\/bem-la-bonne-organisation-et-le-climat-serein-marquent-le-debut-des-epreuves\/","title":{"rendered":"BEM: la bonne organisation et le climat serein marquent le d\u00e9but des \u00e9preuves"},"content":{"rendered":"<div class=\"K2FeedImage\"><img decoding=\"async\" src=\"https:\/\/www.info-algerie.com\/actualites\/wp-content\/uploads\/2017\/06\/5cbb7d6abddd860d633f313cfe803180_S.jpg\" alt=\"BEM: la bonne organisation et le climat serein marquent le d&#xE9;but des &#xE9;preuves\" \/><\/div>\n<div class=\"K2FeedIntroText\">\n<p class=\"MsoNoSpacing\">ALGER &#8211; Les \u00e9preuves de l\u2019examen du Brevet\u00a0 d\u2019enseignement moyen (BEM), dont le coup d&rsquo;envoi a \u00e9t\u00e9 donn\u00e9 dimanche \u00e0\u00a0 Mascara par la ministre de l&rsquo;Education nationale, Nouria Benghebrit, ont\u00a0 \u00e9t\u00e9 marqu\u00e9es par une bonne organisation et un climat serein, a constat\u00e9 l&rsquo;APS.<\/p>\n<p>&#013;\n<\/p><\/div>\n<div class=\"K2FeedFullText\">&#013;<\/p>\n<p>Ils sont 566.221 candidats dont 51,58 % de filles, \u00e0 passer cet ultime\u00a0 examen de fin de cycle moyen au niveau de 2.234 centres r\u00e9partis \u00e0\u00a0 l&rsquo;\u00e9chelle nationale.<\/p>\n<p>&#013;<\/p>\n<p>Quelque 7.680 d\u00e9tenus ont \u00e9galement pass\u00e9 les \u00e9preuves du BEM au niveau de\u00a0 42 \u00e9tablissements p\u00e9nitentiaires agr\u00e9\u00e9s par le minist\u00e8re de l&rsquo;Education\u00a0 nationale comme des centres d&rsquo;examens officiels.<\/p>\n<p>&#013;<\/p>\n<p>Mme Benghebrit a ainsi soulign\u00e9, depuis la wilaya de Mascara\u00a0 la\u00a0 mobilisation de toutes les structures de l\u2019Etat pour \u00ab\u00a0assurer des\u00a0 conditions propices devant permettre \u00e0 l\u2019\u00e9l\u00e8ve de prouver et d\u2019exprimer ses\u00a0 comp\u00e9tences\u00a0\u00bb, lors de ces \u00e9preuves, ajoutant que les mesures de s\u00e9curit\u00e9 prises visent \u00e0 garantir une \u00ab\u00a0\u00e9galit\u00e9 des chances\u00a0\u00bb aux candidats et\u00a0 qu\u2019elles sont li\u00e9es au volet p\u00e9dagogique.<\/p>\n<p>&#013;<\/p>\n<p>Elle a consid\u00e9r\u00e9 que le climat dans lequel se d\u00e9roulent cette ann\u00e9e les\u00a0 examens est \u00ab\u00a0bien diff\u00e9rent de celui de l\u2019ann\u00e9e \u00e9coul\u00e9e\u00a0\u00bb. Parmi ces \u00a0mesures, figurent notamment l&rsquo;interdiction de l&rsquo;usage de t\u00e9l\u00e9phones mobiles\u00a0 et autres moyens de communication \u00e9lectroniques dans les salles d&rsquo;examen.<\/p>\n<p>&#013;<\/p>\n<p>L&rsquo;examen du BEM se d\u00e9roule sous la supervision de l&rsquo;Office national des\u00a0 examens et concours (ONEC) et l&rsquo;encadrement des personnels du secteur de\u00a0 l&rsquo;\u00e9ducation nationale conform\u00e9ment aux dispositions de la Convention\u00a0 conclue entre les minist\u00e8res de la Justice et de l&rsquo;Education nationale.<\/p>\n<p>&#013;<\/p>\n<p>A l&rsquo;issue de l&rsquo;examen, qui durera trois jours, les candidats qui auront\u00a0 obtenu une moyenne \u00e9gale ou sup\u00e9rieure \u00e0 10\/20, acc\u00e8deront automatiquement\u00a0 en classe de premi\u00e8re ann\u00e9e secondaire sur la base de la moyenne d\u00e9croch\u00e9e\u00a0 \u00e0 l`examen national et celle de l`\u00e9valuation continue de l&rsquo;ann\u00e9e.<\/p>\n<p>&#013;<\/p>\n<p>Concernant les diff\u00e9rentes \u00e9preuves, des candidats au BEM ont \u00e9t\u00e9 unanimes\u00a0 \u00e0 dire que les sujets de langue arabe et de sciences physiques et\u00a0 technologiques \u00e9taient \u00ab\u00a0faciles\u00a0\u00bb et \u00e0 \u00ab\u00a0la port\u00e9e de tous les \u00e9l\u00e8ves\u00a0\u00bb, d&rsquo;o\u00f9\u00a0 un optimisme quant \u00e0 un passage au cycle secondaire avec d&rsquo;excellentes\u00a0 moyennes.<\/p>\n<p>&#013;<\/p>\n<p>Lors d&rsquo;une tourn\u00e9e de l&rsquo;APS \u00e0 travers plusieurs centres d&rsquo;examen \u00e0 Alger,\u00a0 les candidats \u00e9taient tr\u00e8s optimistes apr\u00e8s les \u00e9preuves de langue arabe et\u00a0 de sciences physiques qui \u00e9taient \u00ab\u00a0\u00e0 la port\u00e9e de tous\u00a0\u00bb, affirmant que le\u00a0 je\u00fbne n&rsquo;a pas eu d&rsquo;effet sur leur concentration en d\u00e9pit des longues\u00a0 soir\u00e9es ramadhanesques consacr\u00e9es aux derni\u00e8res r\u00e9visions.<\/p>\n<p>&#013;<\/p>\n<p>La premi\u00e8re journ\u00e9e a \u00e9t\u00e9 aussi marqu\u00e9e par un important dispositif\u00a0 s\u00e9curitaire pour le bon d\u00e9roulement des examens. La Direction g\u00e9n\u00e9rale de\u00a0 la suret\u00e9 nationale (DGSN) a ainsi mis en place un dispositif de s\u00e9curit\u00e9 \u00e0\u00a0 l&rsquo;occasion des examens, tous paliers confondus, et dont la mise en ex\u00e9cution a \u00e9t\u00e9 confi\u00e9e \u00e0 des brigades au niveau des s\u00fbret\u00e9s des 48\u00a0 wilayas.<\/p>\n<p>&#013;<\/p>\n<p>Ce dispositif repose sur la mobilisation des services de la police pour\u00a0 s\u00e9curiser les centres d&rsquo;examen pour les trois paliers (primaire, moyen et\u00a0 secondaire) dans les r\u00e9gions urbaines \u00e0 travers l&rsquo;ensemble du territoire\u00a0 national, et comporte des mesures s\u00e9curitaires pragmatiques visant \u00e0\u00a0 garantir la fluidit\u00e9 routi\u00e8re et faciliter le trafic au niveau des grands\u00a0 axes menant vers les centres d&rsquo;examen, outre les \u00e9quipes de s\u00e9curit\u00e9\u00a0 sp\u00e9cialis\u00e9es charg\u00e9es de l&rsquo;escorte et la s\u00e9curisation des sujets et les\u00a0 copies vers les centres de correction.<\/p>\n<p>&#013;<\/p>\n<p>Il en est de m\u00eame pour la Gendarmerie nationale qui a \u00e9labor\u00e9 un plan de\u00a0 s\u00e9curit\u00e9 sp\u00e9cial pour ces examens en mobilisant les moyens humains et\u00a0 mat\u00e9riels pour le bon d\u00e9roulement des \u00e9preuves.<\/p>\n<p>&#013;<\/p>\n<p>La Protection civile est \u00e9galement mobilis\u00e9e pour la circonstance avec\u00a0 ses services techniques de pr\u00e9vention qui ont effectu\u00e9 des visites au\u00a0 niveau de l&rsquo;ensemble des \u00e9tablissements scolaires d\u00e9sign\u00e9s pour accueillir\u00a0 les examens afin de veiller \u00e0 la conformit\u00e9 des normes de s\u00e9curit\u00e9 et\u00a0 garantir la protection des utilisateurs.<\/p>\n<p>&#013;<\/p>\n<p>\u00a0<\/p>\n<p>&#013;<\/p>\n<p>Il est \u00e0 rappeler que le taux de r\u00e9ussite \u00e0 l`examen du BEM au niveau\u00a0 national l&rsquo;ann\u00e9e derni\u00e8re \u00e9tait de 54,42% parmi les 559.926 candidats.<\/p>\n<\/div>\n<p>&#013;<br \/>\nSource: <a href=\"http:\/\/www.aps.dz\/algerie\/58545-bem-la-bonne-organisation-et-le-climat-serein-marquent-le-debut-des-epreuves\" target=\"_blank\">BEM: la bonne organisation et le climat serein marquent le d\u00e9but des \u00e9preuves<\/a><\/p>\n<!--CusAds0-->\n<div style=\"font-size: 0px; height: 0px; line-height: 0px; margin: 0; padding: 0; clear: both;\"><\/div>","protected":false},"excerpt":{"rendered":"<p>ALGER &#8211; Les \u00e9preuves de l\u2019examen du Brevet\u00a0 d\u2019enseignement moyen (BEM), dont le coup d&rsquo;envoi a \u00e9t\u00e9 donn\u00e9 dimanche \u00e0\u00a0 Mascara par la ministre de l&rsquo;Education nationale, Nouria Benghebrit, ont\u00a0 \u00e9t\u00e9 marqu\u00e9es par une bonne organisation et un climat serein, a constat\u00e9 l&rsquo;APS. &#013; &#013; Ils sont 566.221 candidats dont 51,58 % de filles, \u00e0<\/p>\n","protected":false},"author":6,"featured_media":12872,"comment_status":"open","ping_status":"open","sticky":false,"template":"","format":"standard","meta":{"footnotes":""},"categories":[22],"tags":[93],"class_list":["post-12871","post","type-post","status-publish","format-standard","has-post-thumbnail","hentry","category-infos","tag-onu"],"yoast_head":"<!-- This site is optimized with the Yoast SEO plugin v27.5 - https:\/\/yoast.com\/product\/yoast-seo-wordpress\/ -->\n<title>BEM: la bonne organisation et le climat serein marquent le d\u00e9but des \u00e9preuves - info algerie<\/title>\n<meta name=\"robots\" content=\"index, follow, max-snippet:-1, max-image-preview:large, max-video-preview:-1\" \/>\n<link rel=\"canonical\" href=\"https:\/\/www.info-algerie.com\/actualites\/bem-la-bonne-organisation-et-le-climat-serein-marquent-le-debut-des-epreuves\/\" \/>\n<meta property=\"og:locale\" content=\"fr_FR\" \/>\n<meta property=\"og:type\" content=\"article\" \/>\n<meta property=\"og:title\" content=\"BEM: la bonne organisation et le climat serein marquent le d\u00e9but des \u00e9preuves - info algerie\" \/>\n<meta property=\"og:description\" content=\"ALGER &#8211; Les \u00e9preuves de l\u2019examen du Brevet\u00a0 d\u2019enseignement moyen (BEM), dont le coup d&rsquo;envoi a \u00e9t\u00e9 donn\u00e9 dimanche \u00e0\u00a0 Mascara par la ministre de l&rsquo;Education nationale, Nouria Benghebrit, ont\u00a0 \u00e9t\u00e9 marqu\u00e9es par une bonne organisation et un climat serein, a constat\u00e9 l&rsquo;APS. &#013; &#013; Ils sont 566.221 candidats dont 51,58 % de filles, \u00e0\" \/>\n<meta property=\"og:url\" content=\"https:\/\/www.info-algerie.com\/actualites\/bem-la-bonne-organisation-et-le-climat-serein-marquent-le-debut-des-epreuves\/\" \/>\n<meta property=\"og:site_name\" content=\"info algerie\" \/>\n<meta property=\"article:publisher\" content=\"https:\/\/www.facebook.com\/infoalgerieactu\" \/>\n<meta property=\"article:published_time\" content=\"2017-06-05T07:33:49+00:00\" \/>\n<meta property=\"og:image\" content=\"https:\/\/www.info-algerie.com\/actualites\/wp-content\/uploads\/2017\/06\/5cbb7d6abddd860d633f313cfe803180_S-1.jpg\" \/>\n\t<meta property=\"og:image:width\" content=\"280\" \/>\n\t<meta property=\"og:image:height\" content=\"156\" \/>\n\t<meta property=\"og:image:type\" content=\"image\/jpeg\" \/>\n<meta name=\"author\" content=\"La r\u00e9daction\" \/>\n<meta name=\"twitter:label1\" content=\"\u00c9crit par\" \/>\n\t<meta name=\"twitter:data1\" content=\"La r\u00e9daction\" \/>\n\t<meta name=\"twitter:label2\" content=\"Dur\u00e9e de lecture estim\u00e9e\" \/>\n\t<meta name=\"twitter:data2\" content=\"4 minutes\" \/>\n<script type=\"application\/ld+json\" class=\"yoast-schema-graph\">{\"@context\":\"https:\\\/\\\/schema.org\",\"@graph\":[{\"@type\":\"Article\",\"@id\":\"https:\\\/\\\/www.info-algerie.com\\\/actualites\\\/bem-la-bonne-organisation-et-le-climat-serein-marquent-le-debut-des-epreuves\\\/#article\",\"isPartOf\":{\"@id\":\"https:\\\/\\\/www.info-algerie.com\\\/actualites\\\/bem-la-bonne-organisation-et-le-climat-serein-marquent-le-debut-des-epreuves\\\/\"},\"author\":{\"name\":\"La r\u00e9daction\",\"@id\":\"https:\\\/\\\/www.info-algerie.com\\\/actualites\\\/#\\\/schema\\\/person\\\/847aaec44920825b843a08f30ec6aa1e\"},\"headline\":\"BEM: la bonne organisation et le climat serein marquent le d\u00e9but des \u00e9preuves\",\"datePublished\":\"2017-06-05T07:33:49+00:00\",\"mainEntityOfPage\":{\"@id\":\"https:\\\/\\\/www.info-algerie.com\\\/actualites\\\/bem-la-bonne-organisation-et-le-climat-serein-marquent-le-debut-des-epreuves\\\/\"},\"wordCount\":757,\"commentCount\":0,\"publisher\":{\"@id\":\"https:\\\/\\\/www.info-algerie.com\\\/actualites\\\/#organization\"},\"image\":{\"@id\":\"https:\\\/\\\/www.info-algerie.com\\\/actualites\\\/bem-la-bonne-organisation-et-le-climat-serein-marquent-le-debut-des-epreuves\\\/#primaryimage\"},\"thumbnailUrl\":\"https:\\\/\\\/www.info-algerie.com\\\/actualites\\\/wp-content\\\/uploads\\\/2017\\\/06\\\/5cbb7d6abddd860d633f313cfe803180_S-1.jpg\",\"keywords\":[\"ONU\"],\"articleSection\":[\"infos\"],\"inLanguage\":\"fr-FR\",\"potentialAction\":[{\"@type\":\"CommentAction\",\"name\":\"Comment\",\"target\":[\"https:\\\/\\\/www.info-algerie.com\\\/actualites\\\/bem-la-bonne-organisation-et-le-climat-serein-marquent-le-debut-des-epreuves\\\/#respond\"]}]},{\"@type\":\"WebPage\",\"@id\":\"https:\\\/\\\/www.info-algerie.com\\\/actualites\\\/bem-la-bonne-organisation-et-le-climat-serein-marquent-le-debut-des-epreuves\\\/\",\"url\":\"https:\\\/\\\/www.info-algerie.com\\\/actualites\\\/bem-la-bonne-organisation-et-le-climat-serein-marquent-le-debut-des-epreuves\\\/\",\"name\":\"BEM: la bonne organisation et le climat serein marquent le d\u00e9but des \u00e9preuves - info algerie\",\"isPartOf\":{\"@id\":\"https:\\\/\\\/www.info-algerie.com\\\/actualites\\\/#website\"},\"primaryImageOfPage\":{\"@id\":\"https:\\\/\\\/www.info-algerie.com\\\/actualites\\\/bem-la-bonne-organisation-et-le-climat-serein-marquent-le-debut-des-epreuves\\\/#primaryimage\"},\"image\":{\"@id\":\"https:\\\/\\\/www.info-algerie.com\\\/actualites\\\/bem-la-bonne-organisation-et-le-climat-serein-marquent-le-debut-des-epreuves\\\/#primaryimage\"},\"thumbnailUrl\":\"https:\\\/\\\/www.info-algerie.com\\\/actualites\\\/wp-content\\\/uploads\\\/2017\\\/06\\\/5cbb7d6abddd860d633f313cfe803180_S-1.jpg\",\"datePublished\":\"2017-06-05T07:33:49+00:00\",\"breadcrumb\":{\"@id\":\"https:\\\/\\\/www.info-algerie.com\\\/actualites\\\/bem-la-bonne-organisation-et-le-climat-serein-marquent-le-debut-des-epreuves\\\/#breadcrumb\"},\"inLanguage\":\"fr-FR\",\"potentialAction\":[{\"@type\":\"ReadAction\",\"target\":[\"https:\\\/\\\/www.info-algerie.com\\\/actualites\\\/bem-la-bonne-organisation-et-le-climat-serein-marquent-le-debut-des-epreuves\\\/\"]}]},{\"@type\":\"ImageObject\",\"inLanguage\":\"fr-FR\",\"@id\":\"https:\\\/\\\/www.info-algerie.com\\\/actualites\\\/bem-la-bonne-organisation-et-le-climat-serein-marquent-le-debut-des-epreuves\\\/#primaryimage\",\"url\":\"https:\\\/\\\/www.info-algerie.com\\\/actualites\\\/wp-content\\\/uploads\\\/2017\\\/06\\\/5cbb7d6abddd860d633f313cfe803180_S-1.jpg\",\"contentUrl\":\"https:\\\/\\\/www.info-algerie.com\\\/actualites\\\/wp-content\\\/uploads\\\/2017\\\/06\\\/5cbb7d6abddd860d633f313cfe803180_S-1.jpg\",\"width\":280,\"height\":156},{\"@type\":\"BreadcrumbList\",\"@id\":\"https:\\\/\\\/www.info-algerie.com\\\/actualites\\\/bem-la-bonne-organisation-et-le-climat-serein-marquent-le-debut-des-epreuves\\\/#breadcrumb\",\"itemListElement\":[{\"@type\":\"ListItem\",\"position\":1,\"name\":\"Accueil\",\"item\":\"https:\\\/\\\/www.info-algerie.com\\\/actualites\\\/\"},{\"@type\":\"ListItem\",\"position\":2,\"name\":\"BEM: la bonne organisation et le climat serein marquent le d\u00e9but des \u00e9preuves\"}]},{\"@type\":\"WebSite\",\"@id\":\"https:\\\/\\\/www.info-algerie.com\\\/actualites\\\/#website\",\"url\":\"https:\\\/\\\/www.info-algerie.com\\\/actualites\\\/\",\"name\":\"info algerie\",\"description\":\"Toutes les actualit\u00e9s\",\"publisher\":{\"@id\":\"https:\\\/\\\/www.info-algerie.com\\\/actualites\\\/#organization\"},\"potentialAction\":[{\"@type\":\"SearchAction\",\"target\":{\"@type\":\"EntryPoint\",\"urlTemplate\":\"https:\\\/\\\/www.info-algerie.com\\\/actualites\\\/?s={search_term_string}\"},\"query-input\":{\"@type\":\"PropertyValueSpecification\",\"valueRequired\":true,\"valueName\":\"search_term_string\"}}],\"inLanguage\":\"fr-FR\"},{\"@type\":\"Organization\",\"@id\":\"https:\\\/\\\/www.info-algerie.com\\\/actualites\\\/#organization\",\"name\":\"info algerie\",\"url\":\"https:\\\/\\\/www.info-algerie.com\\\/actualites\\\/\",\"logo\":{\"@type\":\"ImageObject\",\"inLanguage\":\"fr-FR\",\"@id\":\"https:\\\/\\\/www.info-algerie.com\\\/actualites\\\/#\\\/schema\\\/logo\\\/image\\\/\",\"url\":\"https:\\\/\\\/www.info-algerie.com\\\/actualites\\\/wp-content\\\/uploads\\\/2022\\\/07\\\/logo-ia-120.png\",\"contentUrl\":\"https:\\\/\\\/www.info-algerie.com\\\/actualites\\\/wp-content\\\/uploads\\\/2022\\\/07\\\/logo-ia-120.png\",\"width\":120,\"height\":43,\"caption\":\"info algerie\"},\"image\":{\"@id\":\"https:\\\/\\\/www.info-algerie.com\\\/actualites\\\/#\\\/schema\\\/logo\\\/image\\\/\"},\"sameAs\":[\"https:\\\/\\\/www.facebook.com\\\/infoalgerieactu\",\"https:\\\/\\\/x.com\\\/infoalgerie1\"]},{\"@type\":\"Person\",\"@id\":\"https:\\\/\\\/www.info-algerie.com\\\/actualites\\\/#\\\/schema\\\/person\\\/847aaec44920825b843a08f30ec6aa1e\",\"name\":\"La r\u00e9daction\",\"image\":{\"@type\":\"ImageObject\",\"inLanguage\":\"fr-FR\",\"@id\":\"https:\\\/\\\/secure.gravatar.com\\\/avatar\\\/769db425c6f465158149f1ffd6cf61ce7a8a879d11dfbef8288af36dfddd418c?s=96&d=mm&r=g\",\"url\":\"https:\\\/\\\/secure.gravatar.com\\\/avatar\\\/769db425c6f465158149f1ffd6cf61ce7a8a879d11dfbef8288af36dfddd418c?s=96&d=mm&r=g\",\"contentUrl\":\"https:\\\/\\\/secure.gravatar.com\\\/avatar\\\/769db425c6f465158149f1ffd6cf61ce7a8a879d11dfbef8288af36dfddd418c?s=96&d=mm&r=g\",\"caption\":\"La r\u00e9daction\"},\"sameAs\":[\"http:\\\/\\\/www.lkeria.com\\\/\"],\"url\":\"https:\\\/\\\/www.info-algerie.com\\\/actualites\\\/author\\\/chakib32\\\/\"}]}<\/script>\n<!-- \/ Yoast SEO plugin. -->","yoast_head_json":{"title":"BEM: la bonne organisation et le climat serein marquent le d\u00e9but des \u00e9preuves - info algerie","robots":{"index":"index","follow":"follow","max-snippet":"max-snippet:-1","max-image-preview":"max-image-preview:large","max-video-preview":"max-video-preview:-1"},"canonical":"https:\/\/www.info-algerie.com\/actualites\/bem-la-bonne-organisation-et-le-climat-serein-marquent-le-debut-des-epreuves\/","og_locale":"fr_FR","og_type":"article","og_title":"BEM: la bonne organisation et le climat serein marquent le d\u00e9but des \u00e9preuves - info algerie","og_description":"ALGER &#8211; Les \u00e9preuves de l\u2019examen du Brevet\u00a0 d\u2019enseignement moyen (BEM), dont le coup d&rsquo;envoi a \u00e9t\u00e9 donn\u00e9 dimanche \u00e0\u00a0 Mascara par la ministre de l&rsquo;Education nationale, Nouria Benghebrit, ont\u00a0 \u00e9t\u00e9 marqu\u00e9es par une bonne organisation et un climat serein, a constat\u00e9 l&rsquo;APS. &#013; &#013; Ils sont 566.221 candidats dont 51,58 % de filles, \u00e0","og_url":"https:\/\/www.info-algerie.com\/actualites\/bem-la-bonne-organisation-et-le-climat-serein-marquent-le-debut-des-epreuves\/","og_site_name":"info algerie","article_publisher":"https:\/\/www.facebook.com\/infoalgerieactu","article_published_time":"2017-06-05T07:33:49+00:00","og_image":[{"width":280,"height":156,"url":"https:\/\/www.info-algerie.com\/actualites\/wp-content\/uploads\/2017\/06\/5cbb7d6abddd860d633f313cfe803180_S-1.jpg","type":"image\/jpeg"}],"author":"La r\u00e9daction","twitter_misc":{"\u00c9crit par":"La r\u00e9daction","Dur\u00e9e de lecture estim\u00e9e":"4 minutes"},"schema":{"@context":"https:\/\/schema.org","@graph":[{"@type":"Article","@id":"https:\/\/www.info-algerie.com\/actualites\/bem-la-bonne-organisation-et-le-climat-serein-marquent-le-debut-des-epreuves\/#article","isPartOf":{"@id":"https:\/\/www.info-algerie.com\/actualites\/bem-la-bonne-organisation-et-le-climat-serein-marquent-le-debut-des-epreuves\/"},"author":{"name":"La r\u00e9daction","@id":"https:\/\/www.info-algerie.com\/actualites\/#\/schema\/person\/847aaec44920825b843a08f30ec6aa1e"},"headline":"BEM: la bonne organisation et le climat serein marquent le d\u00e9but des \u00e9preuves","datePublished":"2017-06-05T07:33:49+00:00","mainEntityOfPage":{"@id":"https:\/\/www.info-algerie.com\/actualites\/bem-la-bonne-organisation-et-le-climat-serein-marquent-le-debut-des-epreuves\/"},"wordCount":757,"commentCount":0,"publisher":{"@id":"https:\/\/www.info-algerie.com\/actualites\/#organization"},"image":{"@id":"https:\/\/www.info-algerie.com\/actualites\/bem-la-bonne-organisation-et-le-climat-serein-marquent-le-debut-des-epreuves\/#primaryimage"},"thumbnailUrl":"https:\/\/www.info-algerie.com\/actualites\/wp-content\/uploads\/2017\/06\/5cbb7d6abddd860d633f313cfe803180_S-1.jpg","keywords":["ONU"],"articleSection":["infos"],"inLanguage":"fr-FR","potentialAction":[{"@type":"CommentAction","name":"Comment","target":["https:\/\/www.info-algerie.com\/actualites\/bem-la-bonne-organisation-et-le-climat-serein-marquent-le-debut-des-epreuves\/#respond"]}]},{"@type":"WebPage","@id":"https:\/\/www.info-algerie.com\/actualites\/bem-la-bonne-organisation-et-le-climat-serein-marquent-le-debut-des-epreuves\/","url":"https:\/\/www.info-algerie.com\/actualites\/bem-la-bonne-organisation-et-le-climat-serein-marquent-le-debut-des-epreuves\/","name":"BEM: la bonne organisation et le climat serein marquent le d\u00e9but des \u00e9preuves - info algerie","isPartOf":{"@id":"https:\/\/www.info-algerie.com\/actualites\/#website"},"primaryImageOfPage":{"@id":"https:\/\/www.info-algerie.com\/actualites\/bem-la-bonne-organisation-et-le-climat-serein-marquent-le-debut-des-epreuves\/#primaryimage"},"image":{"@id":"https:\/\/www.info-algerie.com\/actualites\/bem-la-bonne-organisation-et-le-climat-serein-marquent-le-debut-des-epreuves\/#primaryimage"},"thumbnailUrl":"https:\/\/www.info-algerie.com\/actualites\/wp-content\/uploads\/2017\/06\/5cbb7d6abddd860d633f313cfe803180_S-1.jpg","datePublished":"2017-06-05T07:33:49+00:00","breadcrumb":{"@id":"https:\/\/www.info-algerie.com\/actualites\/bem-la-bonne-organisation-et-le-climat-serein-marquent-le-debut-des-epreuves\/#breadcrumb"},"inLanguage":"fr-FR","potentialAction":[{"@type":"ReadAction","target":["https:\/\/www.info-algerie.com\/actualites\/bem-la-bonne-organisation-et-le-climat-serein-marquent-le-debut-des-epreuves\/"]}]},{"@type":"ImageObject","inLanguage":"fr-FR","@id":"https:\/\/www.info-algerie.com\/actualites\/bem-la-bonne-organisation-et-le-climat-serein-marquent-le-debut-des-epreuves\/#primaryimage","url":"https:\/\/www.info-algerie.com\/actualites\/wp-content\/uploads\/2017\/06\/5cbb7d6abddd860d633f313cfe803180_S-1.jpg","contentUrl":"https:\/\/www.info-algerie.com\/actualites\/wp-content\/uploads\/2017\/06\/5cbb7d6abddd860d633f313cfe803180_S-1.jpg","width":280,"height":156},{"@type":"BreadcrumbList","@id":"https:\/\/www.info-algerie.com\/actualites\/bem-la-bonne-organisation-et-le-climat-serein-marquent-le-debut-des-epreuves\/#breadcrumb","itemListElement":[{"@type":"ListItem","position":1,"name":"Accueil","item":"https:\/\/www.info-algerie.com\/actualites\/"},{"@type":"ListItem","position":2,"name":"BEM: la bonne organisation et le climat serein marquent le d\u00e9but des \u00e9preuves"}]},{"@type":"WebSite","@id":"https:\/\/www.info-algerie.com\/actualites\/#website","url":"https:\/\/www.info-algerie.com\/actualites\/","name":"info algerie","description":"Toutes les actualit\u00e9s","publisher":{"@id":"https:\/\/www.info-algerie.com\/actualites\/#organization"},"potentialAction":[{"@type":"SearchAction","target":{"@type":"EntryPoint","urlTemplate":"https:\/\/www.info-algerie.com\/actualites\/?s={search_term_string}"},"query-input":{"@type":"PropertyValueSpecification","valueRequired":true,"valueName":"search_term_string"}}],"inLanguage":"fr-FR"},{"@type":"Organization","@id":"https:\/\/www.info-algerie.com\/actualites\/#organization","name":"info algerie","url":"https:\/\/www.info-algerie.com\/actualites\/","logo":{"@type":"ImageObject","inLanguage":"fr-FR","@id":"https:\/\/www.info-algerie.com\/actualites\/#\/schema\/logo\/image\/","url":"https:\/\/www.info-algerie.com\/actualites\/wp-content\/uploads\/2022\/07\/logo-ia-120.png","contentUrl":"https:\/\/www.info-algerie.com\/actualites\/wp-content\/uploads\/2022\/07\/logo-ia-120.png","width":120,"height":43,"caption":"info algerie"},"image":{"@id":"https:\/\/www.info-algerie.com\/actualites\/#\/schema\/logo\/image\/"},"sameAs":["https:\/\/www.facebook.com\/infoalgerieactu","https:\/\/x.com\/infoalgerie1"]},{"@type":"Person","@id":"https:\/\/www.info-algerie.com\/actualites\/#\/schema\/person\/847aaec44920825b843a08f30ec6aa1e","name":"La r\u00e9daction","image":{"@type":"ImageObject","inLanguage":"fr-FR","@id":"https:\/\/secure.gravatar.com\/avatar\/769db425c6f465158149f1ffd6cf61ce7a8a879d11dfbef8288af36dfddd418c?s=96&d=mm&r=g","url":"https:\/\/secure.gravatar.com\/avatar\/769db425c6f465158149f1ffd6cf61ce7a8a879d11dfbef8288af36dfddd418c?s=96&d=mm&r=g","contentUrl":"https:\/\/secure.gravatar.com\/avatar\/769db425c6f465158149f1ffd6cf61ce7a8a879d11dfbef8288af36dfddd418c?s=96&d=mm&r=g","caption":"La r\u00e9daction"},"sameAs":["http:\/\/www.lkeria.com\/"],"url":"https:\/\/www.info-algerie.com\/actualites\/author\/chakib32\/"}]}},"_links":{"self":[{"href":"https:\/\/www.info-algerie.com\/actualites\/wp-json\/wp\/v2\/posts\/12871","targetHints":{"allow":["GET"]}}],"collection":[{"href":"https:\/\/www.info-algerie.com\/actualites\/wp-json\/wp\/v2\/posts"}],"about":[{"href":"https:\/\/www.info-algerie.com\/actualites\/wp-json\/wp\/v2\/types\/post"}],"author":[{"embeddable":true,"href":"https:\/\/www.info-algerie.com\/actualites\/wp-json\/wp\/v2\/users\/6"}],"replies":[{"embeddable":true,"href":"https:\/\/www.info-algerie.com\/actualites\/wp-json\/wp\/v2\/comments?post=12871"}],"version-history":[{"count":0,"href":"https:\/\/www.info-algerie.com\/actualites\/wp-json\/wp\/v2\/posts\/12871\/revisions"}],"wp:featuredmedia":[{"embeddable":true,"href":"https:\/\/www.info-algerie.com\/actualites\/wp-json\/wp\/v2\/media\/12872"}],"wp:attachment":[{"href":"https:\/\/www.info-algerie.com\/actualites\/wp-json\/wp\/v2\/media?parent=12871"}],"wp:term":[{"taxonomy":"category","embeddable":true,"href":"https:\/\/www.info-algerie.com\/actualites\/wp-json\/wp\/v2\/categories?post=12871"},{"taxonomy":"post_tag","embeddable":true,"href":"https:\/\/www.info-algerie.com\/actualites\/wp-json\/wp\/v2\/tags?post=12871"}],"curies":[{"name":"wp","href":"https:\/\/api.w.org\/{rel}","templated":true}]}}