{"id":12880,"date":"2017-06-05T15:27:19","date_gmt":"2017-06-05T14:27:19","guid":{"rendered":"http:\/\/www.info-algerie.com\/actualites\/arrivee-du-mae-egyptien-a-alger-pour-prendre-part-a-la-reunion-tripartite-sur-la-libye\/"},"modified":"2017-06-05T15:27:19","modified_gmt":"2017-06-05T14:27:19","slug":"arrivee-du-mae-egyptien-a-alger-pour-prendre-part-a-la-reunion-tripartite-sur-la-libye","status":"publish","type":"post","link":"https:\/\/www.info-algerie.com\/actualites\/arrivee-du-mae-egyptien-a-alger-pour-prendre-part-a-la-reunion-tripartite-sur-la-libye\/","title":{"rendered":"Arriv\u00e9e du MAE \u00e9gyptien \u00e0 Alger pour prendre part \u00e0 la r\u00e9union tripartite\u00a0 sur la Libye"},"content":{"rendered":"<div class=\"K2FeedImage\"><img decoding=\"async\" src=\"https:\/\/www.info-algerie.com\/actualites\/wp-content\/uploads\/2017\/06\/e8b5d252dd4812e8add1e5cceea7948d_S-2.jpg\" alt=\"Arriv&#xE9;e du MAE &#xE9;gyptien &#xE0; Alger pour prendre part &#xE0; la r&#xE9;union tripartite&#xA0; sur la Libye\" \/><\/div>\n<div class=\"K2FeedIntroText\">\n<p>ALGER- Le ministre \u00e9gyptien des Affaires \u00e9trang\u00e8res,\u00a0 Samah Chokri, est arriv\u00e9 lundi \u00e0 Alger pour prendre part \u00e0 la r\u00e9union\u00a0 minist\u00e9rielle tripartite Alg\u00e9rie-Tunisie-Egypte sur la Libye.<\/p>\n<p>&#013;\n<\/p><\/div>\n<div class=\"K2FeedFullText\">&#013;<\/p>\n<p>M. Chokri a \u00e9t\u00e9 accueilli \u00e0 son arriv\u00e9e \u00e0 l&rsquo;a\u00e9roport international\u00a0 Houari-boum\u00e9diene par le ministre des Affaires \u00e9trang\u00e8res, Abdelkader\u00a0 Messahel.<\/p>\n<p>&#013;<\/p>\n<p>La r\u00e9union d&rsquo;Alger \u00e0 laquelle prendra \u00e9galement part le ministre tunisien\u00a0 des Affaires \u00e9trang\u00e8res, Khemaies Jhinaoui, vise \u00e0 permettre aux chefs de\u00a0 diplomatie des trois pays de \u00ab\u00a0poursuivre leurs consultations sur la\u00a0 situation politique et s\u00e9curitaire pr\u00e9valant en Libye\u00a0\u00bb.<\/p>\n<p>&#013;<\/p>\n<p>Cette r\u00e9union intervient apr\u00e8s celle des pays voisins de la Libye tenue \u00e0\u00a0 Alger le 8 mai et la r\u00e9union de Tunis des 19 et 20 f\u00e9vrier dernier.\u00a0<\/p>\n<p>&#013;<\/p>\n<p>La m\u00eame occasion sera mise \u00e0 profit pour \u00ab\u00a0examiner l&rsquo;ensemble des facteurs\u00a0 susceptibles d&rsquo;\u00eatre mis \u00e0 contribution pour favoriser une d\u00e9marche\u00a0 coordonn\u00e9e en vue d&rsquo;accompagner les fr\u00e8res libyens dans leur qu\u00eate d&rsquo;une\u00a0 solution politique \u00e0 la crise \u00e0 laquelle est confront\u00e9 ce pays fr\u00e8re et\u00a0 voisin\u00a0\u00bb, a-t-on indiqu\u00e9 aupr\u00e8s du minist\u00e8re des Affaires \u00e9trang\u00e8res.<\/p>\n<\/div>\n<p>&#013;<br \/>\nSource: <a href=\"http:\/\/www.aps.dz\/algerie\/58546-arrivee-du-mae-egyptien-a-alger-pour-prendre-part-a-la-reunion-tripartite-sur-la-libye\" target=\"_blank\">Arriv\u00e9e du MAE \u00e9gyptien \u00e0 Alger pour prendre part \u00e0 la r\u00e9union tripartite\u00a0 sur la Libye<\/a><\/p>\n<!--CusAds0-->\n<div style=\"font-size: 0px; height: 0px; line-height: 0px; margin: 0; padding: 0; clear: both;\"><\/div>","protected":false},"excerpt":{"rendered":"<p>ALGER- Le ministre \u00e9gyptien des Affaires \u00e9trang\u00e8res,\u00a0 Samah Chokri, est arriv\u00e9 lundi \u00e0 Alger pour prendre part \u00e0 la r\u00e9union\u00a0 minist\u00e9rielle tripartite Alg\u00e9rie-Tunisie-Egypte sur la Libye. &#013; &#013; M. Chokri a \u00e9t\u00e9 accueilli \u00e0 son arriv\u00e9e \u00e0 l&rsquo;a\u00e9roport international\u00a0 Houari-boum\u00e9diene par le ministre des Affaires \u00e9trang\u00e8res, Abdelkader\u00a0 Messahel. &#013; La r\u00e9union d&rsquo;Alger \u00e0 laquelle prendra<\/p>\n","protected":false},"author":6,"featured_media":12881,"comment_status":"open","ping_status":"open","sticky":false,"template":"","format":"standard","meta":{"footnotes":""},"categories":[22],"tags":[93],"class_list":["post-12880","post","type-post","status-publish","format-standard","has-post-thumbnail","hentry","category-infos","tag-onu"],"yoast_head":"<!-- This site is optimized with the Yoast SEO plugin v27.5 - https:\/\/yoast.com\/product\/yoast-seo-wordpress\/ -->\n<title>Arriv\u00e9e du MAE \u00e9gyptien \u00e0 Alger pour prendre part \u00e0 la r\u00e9union tripartite\u00a0 sur la Libye - info algerie<\/title>\n<meta name=\"robots\" content=\"index, follow, max-snippet:-1, max-image-preview:large, max-video-preview:-1\" \/>\n<link rel=\"canonical\" href=\"https:\/\/www.info-algerie.com\/actualites\/arrivee-du-mae-egyptien-a-alger-pour-prendre-part-a-la-reunion-tripartite-sur-la-libye\/\" \/>\n<meta property=\"og:locale\" content=\"fr_FR\" \/>\n<meta property=\"og:type\" content=\"article\" \/>\n<meta property=\"og:title\" content=\"Arriv\u00e9e du MAE \u00e9gyptien \u00e0 Alger pour prendre part \u00e0 la r\u00e9union tripartite\u00a0 sur la Libye - info algerie\" \/>\n<meta property=\"og:description\" content=\"ALGER- Le ministre \u00e9gyptien des Affaires \u00e9trang\u00e8res,\u00a0 Samah Chokri, est arriv\u00e9 lundi \u00e0 Alger pour prendre part \u00e0 la r\u00e9union\u00a0 minist\u00e9rielle tripartite Alg\u00e9rie-Tunisie-Egypte sur la Libye. &#013; &#013; M. Chokri a \u00e9t\u00e9 accueilli \u00e0 son arriv\u00e9e \u00e0 l&rsquo;a\u00e9roport international\u00a0 Houari-boum\u00e9diene par le ministre des Affaires \u00e9trang\u00e8res, Abdelkader\u00a0 Messahel. &#013; La r\u00e9union d&rsquo;Alger \u00e0 laquelle prendra\" \/>\n<meta property=\"og:url\" content=\"https:\/\/www.info-algerie.com\/actualites\/arrivee-du-mae-egyptien-a-alger-pour-prendre-part-a-la-reunion-tripartite-sur-la-libye\/\" \/>\n<meta property=\"og:site_name\" content=\"info algerie\" \/>\n<meta property=\"article:publisher\" content=\"https:\/\/www.facebook.com\/infoalgerieactu\" \/>\n<meta property=\"article:published_time\" content=\"2017-06-05T14:27:19+00:00\" \/>\n<meta property=\"og:image\" content=\"https:\/\/www.info-algerie.com\/actualites\/wp-content\/uploads\/2017\/06\/e8b5d252dd4812e8add1e5cceea7948d_S-3.jpg\" \/>\n\t<meta property=\"og:image:width\" content=\"280\" \/>\n\t<meta property=\"og:image:height\" content=\"143\" \/>\n\t<meta property=\"og:image:type\" content=\"image\/jpeg\" \/>\n<meta name=\"author\" content=\"La r\u00e9daction\" \/>\n<meta name=\"twitter:label1\" content=\"\u00c9crit par\" \/>\n\t<meta name=\"twitter:data1\" content=\"La r\u00e9daction\" \/>\n\t<meta name=\"twitter:label2\" content=\"Dur\u00e9e de lecture estim\u00e9e\" \/>\n\t<meta name=\"twitter:data2\" content=\"1 minute\" \/>\n<script type=\"application\/ld+json\" class=\"yoast-schema-graph\">{\"@context\":\"https:\\\/\\\/schema.org\",\"@graph\":[{\"@type\":\"Article\",\"@id\":\"https:\\\/\\\/www.info-algerie.com\\\/actualites\\\/arrivee-du-mae-egyptien-a-alger-pour-prendre-part-a-la-reunion-tripartite-sur-la-libye\\\/#article\",\"isPartOf\":{\"@id\":\"https:\\\/\\\/www.info-algerie.com\\\/actualites\\\/arrivee-du-mae-egyptien-a-alger-pour-prendre-part-a-la-reunion-tripartite-sur-la-libye\\\/\"},\"author\":{\"name\":\"La r\u00e9daction\",\"@id\":\"https:\\\/\\\/www.info-algerie.com\\\/actualites\\\/#\\\/schema\\\/person\\\/847aaec44920825b843a08f30ec6aa1e\"},\"headline\":\"Arriv\u00e9e du MAE \u00e9gyptien \u00e0 Alger pour prendre part \u00e0 la r\u00e9union tripartite\u00a0 sur la Libye\",\"datePublished\":\"2017-06-05T14:27:19+00:00\",\"mainEntityOfPage\":{\"@id\":\"https:\\\/\\\/www.info-algerie.com\\\/actualites\\\/arrivee-du-mae-egyptien-a-alger-pour-prendre-part-a-la-reunion-tripartite-sur-la-libye\\\/\"},\"wordCount\":217,\"commentCount\":0,\"publisher\":{\"@id\":\"https:\\\/\\\/www.info-algerie.com\\\/actualites\\\/#organization\"},\"image\":{\"@id\":\"https:\\\/\\\/www.info-algerie.com\\\/actualites\\\/arrivee-du-mae-egyptien-a-alger-pour-prendre-part-a-la-reunion-tripartite-sur-la-libye\\\/#primaryimage\"},\"thumbnailUrl\":\"https:\\\/\\\/www.info-algerie.com\\\/actualites\\\/wp-content\\\/uploads\\\/2017\\\/06\\\/e8b5d252dd4812e8add1e5cceea7948d_S-3.jpg\",\"keywords\":[\"ONU\"],\"articleSection\":[\"infos\"],\"inLanguage\":\"fr-FR\",\"potentialAction\":[{\"@type\":\"CommentAction\",\"name\":\"Comment\",\"target\":[\"https:\\\/\\\/www.info-algerie.com\\\/actualites\\\/arrivee-du-mae-egyptien-a-alger-pour-prendre-part-a-la-reunion-tripartite-sur-la-libye\\\/#respond\"]}]},{\"@type\":\"WebPage\",\"@id\":\"https:\\\/\\\/www.info-algerie.com\\\/actualites\\\/arrivee-du-mae-egyptien-a-alger-pour-prendre-part-a-la-reunion-tripartite-sur-la-libye\\\/\",\"url\":\"https:\\\/\\\/www.info-algerie.com\\\/actualites\\\/arrivee-du-mae-egyptien-a-alger-pour-prendre-part-a-la-reunion-tripartite-sur-la-libye\\\/\",\"name\":\"Arriv\u00e9e du MAE \u00e9gyptien \u00e0 Alger pour prendre part \u00e0 la r\u00e9union tripartite\u00a0 sur la Libye - info algerie\",\"isPartOf\":{\"@id\":\"https:\\\/\\\/www.info-algerie.com\\\/actualites\\\/#website\"},\"primaryImageOfPage\":{\"@id\":\"https:\\\/\\\/www.info-algerie.com\\\/actualites\\\/arrivee-du-mae-egyptien-a-alger-pour-prendre-part-a-la-reunion-tripartite-sur-la-libye\\\/#primaryimage\"},\"image\":{\"@id\":\"https:\\\/\\\/www.info-algerie.com\\\/actualites\\\/arrivee-du-mae-egyptien-a-alger-pour-prendre-part-a-la-reunion-tripartite-sur-la-libye\\\/#primaryimage\"},\"thumbnailUrl\":\"https:\\\/\\\/www.info-algerie.com\\\/actualites\\\/wp-content\\\/uploads\\\/2017\\\/06\\\/e8b5d252dd4812e8add1e5cceea7948d_S-3.jpg\",\"datePublished\":\"2017-06-05T14:27:19+00:00\",\"breadcrumb\":{\"@id\":\"https:\\\/\\\/www.info-algerie.com\\\/actualites\\\/arrivee-du-mae-egyptien-a-alger-pour-prendre-part-a-la-reunion-tripartite-sur-la-libye\\\/#breadcrumb\"},\"inLanguage\":\"fr-FR\",\"potentialAction\":[{\"@type\":\"ReadAction\",\"target\":[\"https:\\\/\\\/www.info-algerie.com\\\/actualites\\\/arrivee-du-mae-egyptien-a-alger-pour-prendre-part-a-la-reunion-tripartite-sur-la-libye\\\/\"]}]},{\"@type\":\"ImageObject\",\"inLanguage\":\"fr-FR\",\"@id\":\"https:\\\/\\\/www.info-algerie.com\\\/actualites\\\/arrivee-du-mae-egyptien-a-alger-pour-prendre-part-a-la-reunion-tripartite-sur-la-libye\\\/#primaryimage\",\"url\":\"https:\\\/\\\/www.info-algerie.com\\\/actualites\\\/wp-content\\\/uploads\\\/2017\\\/06\\\/e8b5d252dd4812e8add1e5cceea7948d_S-3.jpg\",\"contentUrl\":\"https:\\\/\\\/www.info-algerie.com\\\/actualites\\\/wp-content\\\/uploads\\\/2017\\\/06\\\/e8b5d252dd4812e8add1e5cceea7948d_S-3.jpg\",\"width\":280,\"height\":143},{\"@type\":\"BreadcrumbList\",\"@id\":\"https:\\\/\\\/www.info-algerie.com\\\/actualites\\\/arrivee-du-mae-egyptien-a-alger-pour-prendre-part-a-la-reunion-tripartite-sur-la-libye\\\/#breadcrumb\",\"itemListElement\":[{\"@type\":\"ListItem\",\"position\":1,\"name\":\"Accueil\",\"item\":\"https:\\\/\\\/www.info-algerie.com\\\/actualites\\\/\"},{\"@type\":\"ListItem\",\"position\":2,\"name\":\"Arriv\u00e9e du MAE \u00e9gyptien \u00e0 Alger pour prendre part \u00e0 la r\u00e9union tripartite\u00a0 sur la Libye\"}]},{\"@type\":\"WebSite\",\"@id\":\"https:\\\/\\\/www.info-algerie.com\\\/actualites\\\/#website\",\"url\":\"https:\\\/\\\/www.info-algerie.com\\\/actualites\\\/\",\"name\":\"info algerie\",\"description\":\"Toutes les actualit\u00e9s\",\"publisher\":{\"@id\":\"https:\\\/\\\/www.info-algerie.com\\\/actualites\\\/#organization\"},\"potentialAction\":[{\"@type\":\"SearchAction\",\"target\":{\"@type\":\"EntryPoint\",\"urlTemplate\":\"https:\\\/\\\/www.info-algerie.com\\\/actualites\\\/?s={search_term_string}\"},\"query-input\":{\"@type\":\"PropertyValueSpecification\",\"valueRequired\":true,\"valueName\":\"search_term_string\"}}],\"inLanguage\":\"fr-FR\"},{\"@type\":\"Organization\",\"@id\":\"https:\\\/\\\/www.info-algerie.com\\\/actualites\\\/#organization\",\"name\":\"info algerie\",\"url\":\"https:\\\/\\\/www.info-algerie.com\\\/actualites\\\/\",\"logo\":{\"@type\":\"ImageObject\",\"inLanguage\":\"fr-FR\",\"@id\":\"https:\\\/\\\/www.info-algerie.com\\\/actualites\\\/#\\\/schema\\\/logo\\\/image\\\/\",\"url\":\"https:\\\/\\\/www.info-algerie.com\\\/actualites\\\/wp-content\\\/uploads\\\/2022\\\/07\\\/logo-ia-120.png\",\"contentUrl\":\"https:\\\/\\\/www.info-algerie.com\\\/actualites\\\/wp-content\\\/uploads\\\/2022\\\/07\\\/logo-ia-120.png\",\"width\":120,\"height\":43,\"caption\":\"info algerie\"},\"image\":{\"@id\":\"https:\\\/\\\/www.info-algerie.com\\\/actualites\\\/#\\\/schema\\\/logo\\\/image\\\/\"},\"sameAs\":[\"https:\\\/\\\/www.facebook.com\\\/infoalgerieactu\",\"https:\\\/\\\/x.com\\\/infoalgerie1\"]},{\"@type\":\"Person\",\"@id\":\"https:\\\/\\\/www.info-algerie.com\\\/actualites\\\/#\\\/schema\\\/person\\\/847aaec44920825b843a08f30ec6aa1e\",\"name\":\"La r\u00e9daction\",\"image\":{\"@type\":\"ImageObject\",\"inLanguage\":\"fr-FR\",\"@id\":\"https:\\\/\\\/secure.gravatar.com\\\/avatar\\\/769db425c6f465158149f1ffd6cf61ce7a8a879d11dfbef8288af36dfddd418c?s=96&d=mm&r=g\",\"url\":\"https:\\\/\\\/secure.gravatar.com\\\/avatar\\\/769db425c6f465158149f1ffd6cf61ce7a8a879d11dfbef8288af36dfddd418c?s=96&d=mm&r=g\",\"contentUrl\":\"https:\\\/\\\/secure.gravatar.com\\\/avatar\\\/769db425c6f465158149f1ffd6cf61ce7a8a879d11dfbef8288af36dfddd418c?s=96&d=mm&r=g\",\"caption\":\"La r\u00e9daction\"},\"sameAs\":[\"http:\\\/\\\/www.lkeria.com\\\/\"],\"url\":\"https:\\\/\\\/www.info-algerie.com\\\/actualites\\\/author\\\/chakib32\\\/\"}]}<\/script>\n<!-- \/ Yoast SEO plugin. -->","yoast_head_json":{"title":"Arriv\u00e9e du MAE \u00e9gyptien \u00e0 Alger pour prendre part \u00e0 la r\u00e9union tripartite\u00a0 sur la Libye - info algerie","robots":{"index":"index","follow":"follow","max-snippet":"max-snippet:-1","max-image-preview":"max-image-preview:large","max-video-preview":"max-video-preview:-1"},"canonical":"https:\/\/www.info-algerie.com\/actualites\/arrivee-du-mae-egyptien-a-alger-pour-prendre-part-a-la-reunion-tripartite-sur-la-libye\/","og_locale":"fr_FR","og_type":"article","og_title":"Arriv\u00e9e du MAE \u00e9gyptien \u00e0 Alger pour prendre part \u00e0 la r\u00e9union tripartite\u00a0 sur la Libye - info algerie","og_description":"ALGER- Le ministre \u00e9gyptien des Affaires \u00e9trang\u00e8res,\u00a0 Samah Chokri, est arriv\u00e9 lundi \u00e0 Alger pour prendre part \u00e0 la r\u00e9union\u00a0 minist\u00e9rielle tripartite Alg\u00e9rie-Tunisie-Egypte sur la Libye. &#013; &#013; M. Chokri a \u00e9t\u00e9 accueilli \u00e0 son arriv\u00e9e \u00e0 l&rsquo;a\u00e9roport international\u00a0 Houari-boum\u00e9diene par le ministre des Affaires \u00e9trang\u00e8res, Abdelkader\u00a0 Messahel. &#013; La r\u00e9union d&rsquo;Alger \u00e0 laquelle prendra","og_url":"https:\/\/www.info-algerie.com\/actualites\/arrivee-du-mae-egyptien-a-alger-pour-prendre-part-a-la-reunion-tripartite-sur-la-libye\/","og_site_name":"info algerie","article_publisher":"https:\/\/www.facebook.com\/infoalgerieactu","article_published_time":"2017-06-05T14:27:19+00:00","og_image":[{"width":280,"height":143,"url":"https:\/\/www.info-algerie.com\/actualites\/wp-content\/uploads\/2017\/06\/e8b5d252dd4812e8add1e5cceea7948d_S-3.jpg","type":"image\/jpeg"}],"author":"La r\u00e9daction","twitter_misc":{"\u00c9crit par":"La r\u00e9daction","Dur\u00e9e de lecture estim\u00e9e":"1 minute"},"schema":{"@context":"https:\/\/schema.org","@graph":[{"@type":"Article","@id":"https:\/\/www.info-algerie.com\/actualites\/arrivee-du-mae-egyptien-a-alger-pour-prendre-part-a-la-reunion-tripartite-sur-la-libye\/#article","isPartOf":{"@id":"https:\/\/www.info-algerie.com\/actualites\/arrivee-du-mae-egyptien-a-alger-pour-prendre-part-a-la-reunion-tripartite-sur-la-libye\/"},"author":{"name":"La r\u00e9daction","@id":"https:\/\/www.info-algerie.com\/actualites\/#\/schema\/person\/847aaec44920825b843a08f30ec6aa1e"},"headline":"Arriv\u00e9e du MAE \u00e9gyptien \u00e0 Alger pour prendre part \u00e0 la r\u00e9union tripartite\u00a0 sur la Libye","datePublished":"2017-06-05T14:27:19+00:00","mainEntityOfPage":{"@id":"https:\/\/www.info-algerie.com\/actualites\/arrivee-du-mae-egyptien-a-alger-pour-prendre-part-a-la-reunion-tripartite-sur-la-libye\/"},"wordCount":217,"commentCount":0,"publisher":{"@id":"https:\/\/www.info-algerie.com\/actualites\/#organization"},"image":{"@id":"https:\/\/www.info-algerie.com\/actualites\/arrivee-du-mae-egyptien-a-alger-pour-prendre-part-a-la-reunion-tripartite-sur-la-libye\/#primaryimage"},"thumbnailUrl":"https:\/\/www.info-algerie.com\/actualites\/wp-content\/uploads\/2017\/06\/e8b5d252dd4812e8add1e5cceea7948d_S-3.jpg","keywords":["ONU"],"articleSection":["infos"],"inLanguage":"fr-FR","potentialAction":[{"@type":"CommentAction","name":"Comment","target":["https:\/\/www.info-algerie.com\/actualites\/arrivee-du-mae-egyptien-a-alger-pour-prendre-part-a-la-reunion-tripartite-sur-la-libye\/#respond"]}]},{"@type":"WebPage","@id":"https:\/\/www.info-algerie.com\/actualites\/arrivee-du-mae-egyptien-a-alger-pour-prendre-part-a-la-reunion-tripartite-sur-la-libye\/","url":"https:\/\/www.info-algerie.com\/actualites\/arrivee-du-mae-egyptien-a-alger-pour-prendre-part-a-la-reunion-tripartite-sur-la-libye\/","name":"Arriv\u00e9e du MAE \u00e9gyptien \u00e0 Alger pour prendre part \u00e0 la r\u00e9union tripartite\u00a0 sur la Libye - info algerie","isPartOf":{"@id":"https:\/\/www.info-algerie.com\/actualites\/#website"},"primaryImageOfPage":{"@id":"https:\/\/www.info-algerie.com\/actualites\/arrivee-du-mae-egyptien-a-alger-pour-prendre-part-a-la-reunion-tripartite-sur-la-libye\/#primaryimage"},"image":{"@id":"https:\/\/www.info-algerie.com\/actualites\/arrivee-du-mae-egyptien-a-alger-pour-prendre-part-a-la-reunion-tripartite-sur-la-libye\/#primaryimage"},"thumbnailUrl":"https:\/\/www.info-algerie.com\/actualites\/wp-content\/uploads\/2017\/06\/e8b5d252dd4812e8add1e5cceea7948d_S-3.jpg","datePublished":"2017-06-05T14:27:19+00:00","breadcrumb":{"@id":"https:\/\/www.info-algerie.com\/actualites\/arrivee-du-mae-egyptien-a-alger-pour-prendre-part-a-la-reunion-tripartite-sur-la-libye\/#breadcrumb"},"inLanguage":"fr-FR","potentialAction":[{"@type":"ReadAction","target":["https:\/\/www.info-algerie.com\/actualites\/arrivee-du-mae-egyptien-a-alger-pour-prendre-part-a-la-reunion-tripartite-sur-la-libye\/"]}]},{"@type":"ImageObject","inLanguage":"fr-FR","@id":"https:\/\/www.info-algerie.com\/actualites\/arrivee-du-mae-egyptien-a-alger-pour-prendre-part-a-la-reunion-tripartite-sur-la-libye\/#primaryimage","url":"https:\/\/www.info-algerie.com\/actualites\/wp-content\/uploads\/2017\/06\/e8b5d252dd4812e8add1e5cceea7948d_S-3.jpg","contentUrl":"https:\/\/www.info-algerie.com\/actualites\/wp-content\/uploads\/2017\/06\/e8b5d252dd4812e8add1e5cceea7948d_S-3.jpg","width":280,"height":143},{"@type":"BreadcrumbList","@id":"https:\/\/www.info-algerie.com\/actualites\/arrivee-du-mae-egyptien-a-alger-pour-prendre-part-a-la-reunion-tripartite-sur-la-libye\/#breadcrumb","itemListElement":[{"@type":"ListItem","position":1,"name":"Accueil","item":"https:\/\/www.info-algerie.com\/actualites\/"},{"@type":"ListItem","position":2,"name":"Arriv\u00e9e du MAE \u00e9gyptien \u00e0 Alger pour prendre part \u00e0 la r\u00e9union tripartite\u00a0 sur la Libye"}]},{"@type":"WebSite","@id":"https:\/\/www.info-algerie.com\/actualites\/#website","url":"https:\/\/www.info-algerie.com\/actualites\/","name":"info algerie","description":"Toutes les actualit\u00e9s","publisher":{"@id":"https:\/\/www.info-algerie.com\/actualites\/#organization"},"potentialAction":[{"@type":"SearchAction","target":{"@type":"EntryPoint","urlTemplate":"https:\/\/www.info-algerie.com\/actualites\/?s={search_term_string}"},"query-input":{"@type":"PropertyValueSpecification","valueRequired":true,"valueName":"search_term_string"}}],"inLanguage":"fr-FR"},{"@type":"Organization","@id":"https:\/\/www.info-algerie.com\/actualites\/#organization","name":"info algerie","url":"https:\/\/www.info-algerie.com\/actualites\/","logo":{"@type":"ImageObject","inLanguage":"fr-FR","@id":"https:\/\/www.info-algerie.com\/actualites\/#\/schema\/logo\/image\/","url":"https:\/\/www.info-algerie.com\/actualites\/wp-content\/uploads\/2022\/07\/logo-ia-120.png","contentUrl":"https:\/\/www.info-algerie.com\/actualites\/wp-content\/uploads\/2022\/07\/logo-ia-120.png","width":120,"height":43,"caption":"info algerie"},"image":{"@id":"https:\/\/www.info-algerie.com\/actualites\/#\/schema\/logo\/image\/"},"sameAs":["https:\/\/www.facebook.com\/infoalgerieactu","https:\/\/x.com\/infoalgerie1"]},{"@type":"Person","@id":"https:\/\/www.info-algerie.com\/actualites\/#\/schema\/person\/847aaec44920825b843a08f30ec6aa1e","name":"La r\u00e9daction","image":{"@type":"ImageObject","inLanguage":"fr-FR","@id":"https:\/\/secure.gravatar.com\/avatar\/769db425c6f465158149f1ffd6cf61ce7a8a879d11dfbef8288af36dfddd418c?s=96&d=mm&r=g","url":"https:\/\/secure.gravatar.com\/avatar\/769db425c6f465158149f1ffd6cf61ce7a8a879d11dfbef8288af36dfddd418c?s=96&d=mm&r=g","contentUrl":"https:\/\/secure.gravatar.com\/avatar\/769db425c6f465158149f1ffd6cf61ce7a8a879d11dfbef8288af36dfddd418c?s=96&d=mm&r=g","caption":"La r\u00e9daction"},"sameAs":["http:\/\/www.lkeria.com\/"],"url":"https:\/\/www.info-algerie.com\/actualites\/author\/chakib32\/"}]}},"_links":{"self":[{"href":"https:\/\/www.info-algerie.com\/actualites\/wp-json\/wp\/v2\/posts\/12880","targetHints":{"allow":["GET"]}}],"collection":[{"href":"https:\/\/www.info-algerie.com\/actualites\/wp-json\/wp\/v2\/posts"}],"about":[{"href":"https:\/\/www.info-algerie.com\/actualites\/wp-json\/wp\/v2\/types\/post"}],"author":[{"embeddable":true,"href":"https:\/\/www.info-algerie.com\/actualites\/wp-json\/wp\/v2\/users\/6"}],"replies":[{"embeddable":true,"href":"https:\/\/www.info-algerie.com\/actualites\/wp-json\/wp\/v2\/comments?post=12880"}],"version-history":[{"count":0,"href":"https:\/\/www.info-algerie.com\/actualites\/wp-json\/wp\/v2\/posts\/12880\/revisions"}],"wp:featuredmedia":[{"embeddable":true,"href":"https:\/\/www.info-algerie.com\/actualites\/wp-json\/wp\/v2\/media\/12881"}],"wp:attachment":[{"href":"https:\/\/www.info-algerie.com\/actualites\/wp-json\/wp\/v2\/media?parent=12880"}],"wp:term":[{"taxonomy":"category","embeddable":true,"href":"https:\/\/www.info-algerie.com\/actualites\/wp-json\/wp\/v2\/categories?post=12880"},{"taxonomy":"post_tag","embeddable":true,"href":"https:\/\/www.info-algerie.com\/actualites\/wp-json\/wp\/v2\/tags?post=12880"}],"curies":[{"name":"wp","href":"https:\/\/api.w.org\/{rel}","templated":true}]}}