{"id":129,"date":"2015-08-20T14:43:11","date_gmt":"2015-08-20T13:43:11","guid":{"rendered":"http:\/\/www.info-algerie.com\/actualites\/le-president-bouteflika-affirme-lattachement-de-lalgerie-a-ledification-du-maghreb-arabe\/"},"modified":"2015-08-21T16:30:19","modified_gmt":"2015-08-21T15:30:19","slug":"le-president-bouteflika-affirme-lattachement-de-lalgerie-a-ledification-du-maghreb-arabe","status":"publish","type":"post","link":"https:\/\/www.info-algerie.com\/actualites\/le-president-bouteflika-affirme-lattachement-de-lalgerie-a-ledification-du-maghreb-arabe\/","title":{"rendered":"Le pr\u00e9sident Bouteflika affirme l&rsquo;attachement de l&rsquo;Alg\u00e9rie \u00e0 l&rsquo;\u00e9dification du Maghreb arabe"},"content":{"rendered":"<div class=\"K2FeedImage\"><\/div>\n<div class=\"K2FeedIntroText\">\n<p style=\"text-align: justify;\">Le pr\u00e9sident de la R\u00e9publique a affirm\u00e9 jeudi \u00e0 Constantine l&rsquo;attachement de l&rsquo;Alg\u00e9rie au projet d&rsquo;\u00e9dification du Maghreb arabe par fid\u00e9lit\u00e9 aux nobles valeurs de justice, de libert\u00e9, d&rsquo;unit\u00e9 et de progr\u00e8s commun qui nous ont unis durant notre lutte contre le colonialisme.<\/p>\n<p style=\"text-align: justify;\">Le 20 ao\u00fbt, c&rsquo;est aussi le symbole de la solidarit\u00e9 de notre valeureux peuple avec ses fr\u00e8res dans le royaume du Maroc. Aussi, je saisis cette opportunit\u00e9 pour dire, au nom du peuple alg\u00e9rien, l&rsquo;attachement de l&rsquo;Alg\u00e9rie au projet d&rsquo;\u00e9dification du Maghreb arabe par fid\u00e9lit\u00e9 aux nobles valeurs de justice, de libert\u00e9, d&rsquo;unit\u00e9 et de progr\u00e8s commun qui nous ont unis durant notre lutte contre le colonialisme, a affirm\u00e9 le pr\u00e9sident Bouteflika dans un message \u00e0 la nation \u00e0 l&rsquo;occasion de la journ\u00e9e nationale du moudjahid lue en son nom par le ministre de la Culture Azzedine Mihoubi.<\/p>\n<p style=\"text-align: justify;\">Le pr\u00e9sident de la R\u00e9publique a rappel\u00e9 que le peuple alg\u00e9rien avait joint sa voix \u00e0 celle des peuples marocain et tunisien pour \u00ab\u00a0d\u00e9noncer le protectorat et les forces d&rsquo;occupation au moment o\u00f9 les chefs de la R\u00e9volution alg\u00e9rienne pr\u00e9paraient un soul\u00e8vement populaire \u00e0 l&rsquo;\u00e9chelle maghr\u00e9bine pour en finir avec le colonialisme\u00a0\u00bb.<\/p>\n<p style=\"text-align: justify;\">\u00ab\u00a0Des faits concomitants au sentiment commun des peuples du Maghreb arabe que leur parcours et leur destin \u00e9taient \u00e9troitement li\u00e9s aussi bien dans l&rsquo;aisance que dans l&rsquo;adversit\u00e9\u00a0\u00bb, a soutenu le chef de l&rsquo;Etat ajoutant que \u00ab\u00a0les conditions d&rsquo;une r\u00e9volution maghr\u00e9bine collective \u00e9taient, d\u00e8s lors, r\u00e9unies, \u00e9crivant une nouvelle page heureuse de l&rsquo;histoire du continent africain et du monde arabe\u00a0\u00bb.<\/p>\n<\/div>\n<p>Source: <a href=\"http:\/\/www.aps.dz\/algerie\/27420-le-pr%C3%A9sident-bouteflika-affirme-l-attachement-de-l-alg%C3%A9rie-%C3%A0-l-%C3%A9dification-du-maghreb-arabe\" target=\"_blank\">Le pr\u00e9sident Bouteflika affirme l&rsquo;attachement de l&rsquo;Alg\u00e9rie \u00e0 l&rsquo;\u00e9dification du Maghreb arabe<\/a><\/p>\n<!--CusAds0-->\n<div style=\"font-size: 0px; height: 0px; line-height: 0px; margin: 0; padding: 0; clear: both;\"><\/div>","protected":false},"excerpt":{"rendered":"<p>Le pr\u00e9sident de la R\u00e9publique a affirm\u00e9 jeudi \u00e0 Constantine l&rsquo;attachement de l&rsquo;Alg\u00e9rie au projet d&rsquo;\u00e9dification du Maghreb arabe par fid\u00e9lit\u00e9 aux nobles valeurs de justice, de libert\u00e9, d&rsquo;unit\u00e9 et de progr\u00e8s commun qui nous ont unis durant notre lutte contre le colonialisme. Le 20 ao\u00fbt, c&rsquo;est aussi le symbole de la solidarit\u00e9 de notre<\/p>\n","protected":false},"author":6,"featured_media":186,"comment_status":"open","ping_status":"open","sticky":false,"template":"","format":"standard","meta":{"footnotes":""},"categories":[7],"tags":[],"class_list":["post-129","post","type-post","status-publish","format-standard","has-post-thumbnail","hentry","category-politique"],"yoast_head":"<!-- This site is optimized with the Yoast SEO plugin v27.5 - https:\/\/yoast.com\/product\/yoast-seo-wordpress\/ -->\n<title>Bouteflika affirme l&#039;attachement de l&#039;Alg\u00e9rie \u00e0 l&#039;\u00e9dification du Maghreb<\/title>\n<meta name=\"description\" content=\"Le pr\u00e9sident Bouteflika affirme l&#039;attachement de l&#039;Alg\u00e9rie \u00e0 l&#039;\u00e9dification du Maghreb arabe\" \/>\n<meta name=\"robots\" content=\"index, follow, max-snippet:-1, max-image-preview:large, max-video-preview:-1\" \/>\n<link rel=\"canonical\" href=\"https:\/\/www.info-algerie.com\/actualites\/le-president-bouteflika-affirme-lattachement-de-lalgerie-a-ledification-du-maghreb-arabe\/\" \/>\n<meta property=\"og:locale\" content=\"fr_FR\" \/>\n<meta property=\"og:type\" content=\"article\" \/>\n<meta property=\"og:title\" content=\"Bouteflika affirme l&#039;attachement de l&#039;Alg\u00e9rie \u00e0 l&#039;\u00e9dification du Maghreb\" \/>\n<meta property=\"og:description\" content=\"Le pr\u00e9sident Bouteflika affirme l&#039;attachement de l&#039;Alg\u00e9rie \u00e0 l&#039;\u00e9dification du Maghreb arabe\" \/>\n<meta property=\"og:url\" content=\"https:\/\/www.info-algerie.com\/actualites\/le-president-bouteflika-affirme-lattachement-de-lalgerie-a-ledification-du-maghreb-arabe\/\" \/>\n<meta property=\"og:site_name\" content=\"info algerie\" \/>\n<meta property=\"article:publisher\" content=\"https:\/\/www.facebook.com\/infoalgerieactu\" \/>\n<meta property=\"article:published_time\" content=\"2015-08-20T13:43:11+00:00\" \/>\n<meta property=\"article:modified_time\" content=\"2015-08-21T15:30:19+00:00\" \/>\n<meta property=\"og:image\" content=\"https:\/\/www.info-algerie.com\/actualites\/wp-content\/uploads\/2015\/08\/attachement-de-lAlg\u00e9rie-\u00e0-l\u00e9dification-du-Maghreb.jpg\" \/>\n\t<meta property=\"og:image:width\" content=\"900\" \/>\n\t<meta property=\"og:image:height\" content=\"508\" \/>\n\t<meta property=\"og:image:type\" content=\"image\/jpeg\" \/>\n<meta name=\"author\" content=\"La r\u00e9daction\" \/>\n<meta name=\"twitter:label1\" content=\"\u00c9crit par\" \/>\n\t<meta name=\"twitter:data1\" content=\"La r\u00e9daction\" \/>\n\t<meta name=\"twitter:label2\" content=\"Dur\u00e9e de lecture estim\u00e9e\" \/>\n\t<meta name=\"twitter:data2\" content=\"1 minute\" \/>\n<script type=\"application\/ld+json\" class=\"yoast-schema-graph\">{\"@context\":\"https:\\\/\\\/schema.org\",\"@graph\":[{\"@type\":\"Article\",\"@id\":\"https:\\\/\\\/www.info-algerie.com\\\/actualites\\\/le-president-bouteflika-affirme-lattachement-de-lalgerie-a-ledification-du-maghreb-arabe\\\/#article\",\"isPartOf\":{\"@id\":\"https:\\\/\\\/www.info-algerie.com\\\/actualites\\\/le-president-bouteflika-affirme-lattachement-de-lalgerie-a-ledification-du-maghreb-arabe\\\/\"},\"author\":{\"name\":\"La r\u00e9daction\",\"@id\":\"https:\\\/\\\/www.info-algerie.com\\\/actualites\\\/#\\\/schema\\\/person\\\/847aaec44920825b843a08f30ec6aa1e\"},\"headline\":\"Le pr\u00e9sident Bouteflika affirme l&rsquo;attachement de l&rsquo;Alg\u00e9rie \u00e0 l&rsquo;\u00e9dification du Maghreb arabe\",\"datePublished\":\"2015-08-20T13:43:11+00:00\",\"dateModified\":\"2015-08-21T15:30:19+00:00\",\"mainEntityOfPage\":{\"@id\":\"https:\\\/\\\/www.info-algerie.com\\\/actualites\\\/le-president-bouteflika-affirme-lattachement-de-lalgerie-a-ledification-du-maghreb-arabe\\\/\"},\"wordCount\":323,\"commentCount\":0,\"publisher\":{\"@id\":\"https:\\\/\\\/www.info-algerie.com\\\/actualites\\\/#organization\"},\"image\":{\"@id\":\"https:\\\/\\\/www.info-algerie.com\\\/actualites\\\/le-president-bouteflika-affirme-lattachement-de-lalgerie-a-ledification-du-maghreb-arabe\\\/#primaryimage\"},\"thumbnailUrl\":\"https:\\\/\\\/www.info-algerie.com\\\/actualites\\\/wp-content\\\/uploads\\\/2015\\\/08\\\/attachement-de-lAlg\u00e9rie-\u00e0-l\u00e9dification-du-Maghreb.jpg\",\"articleSection\":[\"Politique\"],\"inLanguage\":\"fr-FR\",\"potentialAction\":[{\"@type\":\"CommentAction\",\"name\":\"Comment\",\"target\":[\"https:\\\/\\\/www.info-algerie.com\\\/actualites\\\/le-president-bouteflika-affirme-lattachement-de-lalgerie-a-ledification-du-maghreb-arabe\\\/#respond\"]}]},{\"@type\":\"WebPage\",\"@id\":\"https:\\\/\\\/www.info-algerie.com\\\/actualites\\\/le-president-bouteflika-affirme-lattachement-de-lalgerie-a-ledification-du-maghreb-arabe\\\/\",\"url\":\"https:\\\/\\\/www.info-algerie.com\\\/actualites\\\/le-president-bouteflika-affirme-lattachement-de-lalgerie-a-ledification-du-maghreb-arabe\\\/\",\"name\":\"Bouteflika affirme l'attachement de l'Alg\u00e9rie \u00e0 l'\u00e9dification du Maghreb\",\"isPartOf\":{\"@id\":\"https:\\\/\\\/www.info-algerie.com\\\/actualites\\\/#website\"},\"primaryImageOfPage\":{\"@id\":\"https:\\\/\\\/www.info-algerie.com\\\/actualites\\\/le-president-bouteflika-affirme-lattachement-de-lalgerie-a-ledification-du-maghreb-arabe\\\/#primaryimage\"},\"image\":{\"@id\":\"https:\\\/\\\/www.info-algerie.com\\\/actualites\\\/le-president-bouteflika-affirme-lattachement-de-lalgerie-a-ledification-du-maghreb-arabe\\\/#primaryimage\"},\"thumbnailUrl\":\"https:\\\/\\\/www.info-algerie.com\\\/actualites\\\/wp-content\\\/uploads\\\/2015\\\/08\\\/attachement-de-lAlg\u00e9rie-\u00e0-l\u00e9dification-du-Maghreb.jpg\",\"datePublished\":\"2015-08-20T13:43:11+00:00\",\"dateModified\":\"2015-08-21T15:30:19+00:00\",\"description\":\"Le pr\u00e9sident Bouteflika affirme l'attachement de l'Alg\u00e9rie \u00e0 l'\u00e9dification du Maghreb arabe\",\"breadcrumb\":{\"@id\":\"https:\\\/\\\/www.info-algerie.com\\\/actualites\\\/le-president-bouteflika-affirme-lattachement-de-lalgerie-a-ledification-du-maghreb-arabe\\\/#breadcrumb\"},\"inLanguage\":\"fr-FR\",\"potentialAction\":[{\"@type\":\"ReadAction\",\"target\":[\"https:\\\/\\\/www.info-algerie.com\\\/actualites\\\/le-president-bouteflika-affirme-lattachement-de-lalgerie-a-ledification-du-maghreb-arabe\\\/\"]}]},{\"@type\":\"ImageObject\",\"inLanguage\":\"fr-FR\",\"@id\":\"https:\\\/\\\/www.info-algerie.com\\\/actualites\\\/le-president-bouteflika-affirme-lattachement-de-lalgerie-a-ledification-du-maghreb-arabe\\\/#primaryimage\",\"url\":\"https:\\\/\\\/www.info-algerie.com\\\/actualites\\\/wp-content\\\/uploads\\\/2015\\\/08\\\/attachement-de-lAlg\u00e9rie-\u00e0-l\u00e9dification-du-Maghreb.jpg\",\"contentUrl\":\"https:\\\/\\\/www.info-algerie.com\\\/actualites\\\/wp-content\\\/uploads\\\/2015\\\/08\\\/attachement-de-lAlg\u00e9rie-\u00e0-l\u00e9dification-du-Maghreb.jpg\",\"width\":900,\"height\":508,\"caption\":\"attachement de l'Alg\u00e9rie \u00e0 l'\u00e9dification du Maghreb\"},{\"@type\":\"BreadcrumbList\",\"@id\":\"https:\\\/\\\/www.info-algerie.com\\\/actualites\\\/le-president-bouteflika-affirme-lattachement-de-lalgerie-a-ledification-du-maghreb-arabe\\\/#breadcrumb\",\"itemListElement\":[{\"@type\":\"ListItem\",\"position\":1,\"name\":\"Accueil\",\"item\":\"https:\\\/\\\/www.info-algerie.com\\\/actualites\\\/\"},{\"@type\":\"ListItem\",\"position\":2,\"name\":\"Le pr\u00e9sident Bouteflika affirme l&rsquo;attachement de l&rsquo;Alg\u00e9rie \u00e0 l&rsquo;\u00e9dification du Maghreb arabe\"}]},{\"@type\":\"WebSite\",\"@id\":\"https:\\\/\\\/www.info-algerie.com\\\/actualites\\\/#website\",\"url\":\"https:\\\/\\\/www.info-algerie.com\\\/actualites\\\/\",\"name\":\"info algerie\",\"description\":\"Toutes les actualit\u00e9s\",\"publisher\":{\"@id\":\"https:\\\/\\\/www.info-algerie.com\\\/actualites\\\/#organization\"},\"potentialAction\":[{\"@type\":\"SearchAction\",\"target\":{\"@type\":\"EntryPoint\",\"urlTemplate\":\"https:\\\/\\\/www.info-algerie.com\\\/actualites\\\/?s={search_term_string}\"},\"query-input\":{\"@type\":\"PropertyValueSpecification\",\"valueRequired\":true,\"valueName\":\"search_term_string\"}}],\"inLanguage\":\"fr-FR\"},{\"@type\":\"Organization\",\"@id\":\"https:\\\/\\\/www.info-algerie.com\\\/actualites\\\/#organization\",\"name\":\"info algerie\",\"url\":\"https:\\\/\\\/www.info-algerie.com\\\/actualites\\\/\",\"logo\":{\"@type\":\"ImageObject\",\"inLanguage\":\"fr-FR\",\"@id\":\"https:\\\/\\\/www.info-algerie.com\\\/actualites\\\/#\\\/schema\\\/logo\\\/image\\\/\",\"url\":\"https:\\\/\\\/www.info-algerie.com\\\/actualites\\\/wp-content\\\/uploads\\\/2022\\\/07\\\/logo-ia-120.png\",\"contentUrl\":\"https:\\\/\\\/www.info-algerie.com\\\/actualites\\\/wp-content\\\/uploads\\\/2022\\\/07\\\/logo-ia-120.png\",\"width\":120,\"height\":43,\"caption\":\"info algerie\"},\"image\":{\"@id\":\"https:\\\/\\\/www.info-algerie.com\\\/actualites\\\/#\\\/schema\\\/logo\\\/image\\\/\"},\"sameAs\":[\"https:\\\/\\\/www.facebook.com\\\/infoalgerieactu\",\"https:\\\/\\\/x.com\\\/infoalgerie1\"]},{\"@type\":\"Person\",\"@id\":\"https:\\\/\\\/www.info-algerie.com\\\/actualites\\\/#\\\/schema\\\/person\\\/847aaec44920825b843a08f30ec6aa1e\",\"name\":\"La r\u00e9daction\",\"image\":{\"@type\":\"ImageObject\",\"inLanguage\":\"fr-FR\",\"@id\":\"https:\\\/\\\/secure.gravatar.com\\\/avatar\\\/769db425c6f465158149f1ffd6cf61ce7a8a879d11dfbef8288af36dfddd418c?s=96&d=mm&r=g\",\"url\":\"https:\\\/\\\/secure.gravatar.com\\\/avatar\\\/769db425c6f465158149f1ffd6cf61ce7a8a879d11dfbef8288af36dfddd418c?s=96&d=mm&r=g\",\"contentUrl\":\"https:\\\/\\\/secure.gravatar.com\\\/avatar\\\/769db425c6f465158149f1ffd6cf61ce7a8a879d11dfbef8288af36dfddd418c?s=96&d=mm&r=g\",\"caption\":\"La r\u00e9daction\"},\"sameAs\":[\"http:\\\/\\\/www.lkeria.com\\\/\"],\"url\":\"https:\\\/\\\/www.info-algerie.com\\\/actualites\\\/author\\\/chakib32\\\/\"}]}<\/script>\n<!-- \/ Yoast SEO plugin. -->","yoast_head_json":{"title":"Bouteflika affirme l'attachement de l'Alg\u00e9rie \u00e0 l'\u00e9dification du Maghreb","description":"Le pr\u00e9sident Bouteflika affirme l'attachement de l'Alg\u00e9rie \u00e0 l'\u00e9dification du Maghreb arabe","robots":{"index":"index","follow":"follow","max-snippet":"max-snippet:-1","max-image-preview":"max-image-preview:large","max-video-preview":"max-video-preview:-1"},"canonical":"https:\/\/www.info-algerie.com\/actualites\/le-president-bouteflika-affirme-lattachement-de-lalgerie-a-ledification-du-maghreb-arabe\/","og_locale":"fr_FR","og_type":"article","og_title":"Bouteflika affirme l'attachement de l'Alg\u00e9rie \u00e0 l'\u00e9dification du Maghreb","og_description":"Le pr\u00e9sident Bouteflika affirme l'attachement de l'Alg\u00e9rie \u00e0 l'\u00e9dification du Maghreb arabe","og_url":"https:\/\/www.info-algerie.com\/actualites\/le-president-bouteflika-affirme-lattachement-de-lalgerie-a-ledification-du-maghreb-arabe\/","og_site_name":"info algerie","article_publisher":"https:\/\/www.facebook.com\/infoalgerieactu","article_published_time":"2015-08-20T13:43:11+00:00","article_modified_time":"2015-08-21T15:30:19+00:00","og_image":[{"width":900,"height":508,"url":"https:\/\/www.info-algerie.com\/actualites\/wp-content\/uploads\/2015\/08\/attachement-de-lAlg\u00e9rie-\u00e0-l\u00e9dification-du-Maghreb.jpg","type":"image\/jpeg"}],"author":"La r\u00e9daction","twitter_misc":{"\u00c9crit par":"La r\u00e9daction","Dur\u00e9e de lecture estim\u00e9e":"1 minute"},"schema":{"@context":"https:\/\/schema.org","@graph":[{"@type":"Article","@id":"https:\/\/www.info-algerie.com\/actualites\/le-president-bouteflika-affirme-lattachement-de-lalgerie-a-ledification-du-maghreb-arabe\/#article","isPartOf":{"@id":"https:\/\/www.info-algerie.com\/actualites\/le-president-bouteflika-affirme-lattachement-de-lalgerie-a-ledification-du-maghreb-arabe\/"},"author":{"name":"La r\u00e9daction","@id":"https:\/\/www.info-algerie.com\/actualites\/#\/schema\/person\/847aaec44920825b843a08f30ec6aa1e"},"headline":"Le pr\u00e9sident Bouteflika affirme l&rsquo;attachement de l&rsquo;Alg\u00e9rie \u00e0 l&rsquo;\u00e9dification du Maghreb arabe","datePublished":"2015-08-20T13:43:11+00:00","dateModified":"2015-08-21T15:30:19+00:00","mainEntityOfPage":{"@id":"https:\/\/www.info-algerie.com\/actualites\/le-president-bouteflika-affirme-lattachement-de-lalgerie-a-ledification-du-maghreb-arabe\/"},"wordCount":323,"commentCount":0,"publisher":{"@id":"https:\/\/www.info-algerie.com\/actualites\/#organization"},"image":{"@id":"https:\/\/www.info-algerie.com\/actualites\/le-president-bouteflika-affirme-lattachement-de-lalgerie-a-ledification-du-maghreb-arabe\/#primaryimage"},"thumbnailUrl":"https:\/\/www.info-algerie.com\/actualites\/wp-content\/uploads\/2015\/08\/attachement-de-lAlg\u00e9rie-\u00e0-l\u00e9dification-du-Maghreb.jpg","articleSection":["Politique"],"inLanguage":"fr-FR","potentialAction":[{"@type":"CommentAction","name":"Comment","target":["https:\/\/www.info-algerie.com\/actualites\/le-president-bouteflika-affirme-lattachement-de-lalgerie-a-ledification-du-maghreb-arabe\/#respond"]}]},{"@type":"WebPage","@id":"https:\/\/www.info-algerie.com\/actualites\/le-president-bouteflika-affirme-lattachement-de-lalgerie-a-ledification-du-maghreb-arabe\/","url":"https:\/\/www.info-algerie.com\/actualites\/le-president-bouteflika-affirme-lattachement-de-lalgerie-a-ledification-du-maghreb-arabe\/","name":"Bouteflika affirme l'attachement de l'Alg\u00e9rie \u00e0 l'\u00e9dification du Maghreb","isPartOf":{"@id":"https:\/\/www.info-algerie.com\/actualites\/#website"},"primaryImageOfPage":{"@id":"https:\/\/www.info-algerie.com\/actualites\/le-president-bouteflika-affirme-lattachement-de-lalgerie-a-ledification-du-maghreb-arabe\/#primaryimage"},"image":{"@id":"https:\/\/www.info-algerie.com\/actualites\/le-president-bouteflika-affirme-lattachement-de-lalgerie-a-ledification-du-maghreb-arabe\/#primaryimage"},"thumbnailUrl":"https:\/\/www.info-algerie.com\/actualites\/wp-content\/uploads\/2015\/08\/attachement-de-lAlg\u00e9rie-\u00e0-l\u00e9dification-du-Maghreb.jpg","datePublished":"2015-08-20T13:43:11+00:00","dateModified":"2015-08-21T15:30:19+00:00","description":"Le pr\u00e9sident Bouteflika affirme l'attachement de l'Alg\u00e9rie \u00e0 l'\u00e9dification du Maghreb arabe","breadcrumb":{"@id":"https:\/\/www.info-algerie.com\/actualites\/le-president-bouteflika-affirme-lattachement-de-lalgerie-a-ledification-du-maghreb-arabe\/#breadcrumb"},"inLanguage":"fr-FR","potentialAction":[{"@type":"ReadAction","target":["https:\/\/www.info-algerie.com\/actualites\/le-president-bouteflika-affirme-lattachement-de-lalgerie-a-ledification-du-maghreb-arabe\/"]}]},{"@type":"ImageObject","inLanguage":"fr-FR","@id":"https:\/\/www.info-algerie.com\/actualites\/le-president-bouteflika-affirme-lattachement-de-lalgerie-a-ledification-du-maghreb-arabe\/#primaryimage","url":"https:\/\/www.info-algerie.com\/actualites\/wp-content\/uploads\/2015\/08\/attachement-de-lAlg\u00e9rie-\u00e0-l\u00e9dification-du-Maghreb.jpg","contentUrl":"https:\/\/www.info-algerie.com\/actualites\/wp-content\/uploads\/2015\/08\/attachement-de-lAlg\u00e9rie-\u00e0-l\u00e9dification-du-Maghreb.jpg","width":900,"height":508,"caption":"attachement de l'Alg\u00e9rie \u00e0 l'\u00e9dification du Maghreb"},{"@type":"BreadcrumbList","@id":"https:\/\/www.info-algerie.com\/actualites\/le-president-bouteflika-affirme-lattachement-de-lalgerie-a-ledification-du-maghreb-arabe\/#breadcrumb","itemListElement":[{"@type":"ListItem","position":1,"name":"Accueil","item":"https:\/\/www.info-algerie.com\/actualites\/"},{"@type":"ListItem","position":2,"name":"Le pr\u00e9sident Bouteflika affirme l&rsquo;attachement de l&rsquo;Alg\u00e9rie \u00e0 l&rsquo;\u00e9dification du Maghreb arabe"}]},{"@type":"WebSite","@id":"https:\/\/www.info-algerie.com\/actualites\/#website","url":"https:\/\/www.info-algerie.com\/actualites\/","name":"info algerie","description":"Toutes les actualit\u00e9s","publisher":{"@id":"https:\/\/www.info-algerie.com\/actualites\/#organization"},"potentialAction":[{"@type":"SearchAction","target":{"@type":"EntryPoint","urlTemplate":"https:\/\/www.info-algerie.com\/actualites\/?s={search_term_string}"},"query-input":{"@type":"PropertyValueSpecification","valueRequired":true,"valueName":"search_term_string"}}],"inLanguage":"fr-FR"},{"@type":"Organization","@id":"https:\/\/www.info-algerie.com\/actualites\/#organization","name":"info algerie","url":"https:\/\/www.info-algerie.com\/actualites\/","logo":{"@type":"ImageObject","inLanguage":"fr-FR","@id":"https:\/\/www.info-algerie.com\/actualites\/#\/schema\/logo\/image\/","url":"https:\/\/www.info-algerie.com\/actualites\/wp-content\/uploads\/2022\/07\/logo-ia-120.png","contentUrl":"https:\/\/www.info-algerie.com\/actualites\/wp-content\/uploads\/2022\/07\/logo-ia-120.png","width":120,"height":43,"caption":"info algerie"},"image":{"@id":"https:\/\/www.info-algerie.com\/actualites\/#\/schema\/logo\/image\/"},"sameAs":["https:\/\/www.facebook.com\/infoalgerieactu","https:\/\/x.com\/infoalgerie1"]},{"@type":"Person","@id":"https:\/\/www.info-algerie.com\/actualites\/#\/schema\/person\/847aaec44920825b843a08f30ec6aa1e","name":"La r\u00e9daction","image":{"@type":"ImageObject","inLanguage":"fr-FR","@id":"https:\/\/secure.gravatar.com\/avatar\/769db425c6f465158149f1ffd6cf61ce7a8a879d11dfbef8288af36dfddd418c?s=96&d=mm&r=g","url":"https:\/\/secure.gravatar.com\/avatar\/769db425c6f465158149f1ffd6cf61ce7a8a879d11dfbef8288af36dfddd418c?s=96&d=mm&r=g","contentUrl":"https:\/\/secure.gravatar.com\/avatar\/769db425c6f465158149f1ffd6cf61ce7a8a879d11dfbef8288af36dfddd418c?s=96&d=mm&r=g","caption":"La r\u00e9daction"},"sameAs":["http:\/\/www.lkeria.com\/"],"url":"https:\/\/www.info-algerie.com\/actualites\/author\/chakib32\/"}]}},"_links":{"self":[{"href":"https:\/\/www.info-algerie.com\/actualites\/wp-json\/wp\/v2\/posts\/129","targetHints":{"allow":["GET"]}}],"collection":[{"href":"https:\/\/www.info-algerie.com\/actualites\/wp-json\/wp\/v2\/posts"}],"about":[{"href":"https:\/\/www.info-algerie.com\/actualites\/wp-json\/wp\/v2\/types\/post"}],"author":[{"embeddable":true,"href":"https:\/\/www.info-algerie.com\/actualites\/wp-json\/wp\/v2\/users\/6"}],"replies":[{"embeddable":true,"href":"https:\/\/www.info-algerie.com\/actualites\/wp-json\/wp\/v2\/comments?post=129"}],"version-history":[{"count":2,"href":"https:\/\/www.info-algerie.com\/actualites\/wp-json\/wp\/v2\/posts\/129\/revisions"}],"predecessor-version":[{"id":187,"href":"https:\/\/www.info-algerie.com\/actualites\/wp-json\/wp\/v2\/posts\/129\/revisions\/187"}],"wp:featuredmedia":[{"embeddable":true,"href":"https:\/\/www.info-algerie.com\/actualites\/wp-json\/wp\/v2\/media\/186"}],"wp:attachment":[{"href":"https:\/\/www.info-algerie.com\/actualites\/wp-json\/wp\/v2\/media?parent=129"}],"wp:term":[{"taxonomy":"category","embeddable":true,"href":"https:\/\/www.info-algerie.com\/actualites\/wp-json\/wp\/v2\/categories?post=129"},{"taxonomy":"post_tag","embeddable":true,"href":"https:\/\/www.info-algerie.com\/actualites\/wp-json\/wp\/v2\/tags?post=129"}],"curies":[{"name":"wp","href":"https:\/\/api.w.org\/{rel}","templated":true}]}}