{"id":12907,"date":"2017-06-06T08:08:34","date_gmt":"2017-06-06T07:08:34","guid":{"rendered":"http:\/\/www.info-algerie.com\/actualites\/pour-une-position-commune-des-pays-voisins-sur-une-approche-pacifique-pour-le-reglement-de-la-crise-libyenne\/"},"modified":"2017-06-06T08:08:34","modified_gmt":"2017-06-06T07:08:34","slug":"pour-une-position-commune-des-pays-voisins-sur-une-approche-pacifique-pour-le-reglement-de-la-crise-libyenne","status":"publish","type":"post","link":"https:\/\/www.info-algerie.com\/actualites\/pour-une-position-commune-des-pays-voisins-sur-une-approche-pacifique-pour-le-reglement-de-la-crise-libyenne\/","title":{"rendered":"Pour une position commune des pays voisins sur une\u00a0approche pacifique pour le r\u00e8glement de la crise libyenne"},"content":{"rendered":"<div class=\"K2FeedImage\"><img decoding=\"async\" src=\"https:\/\/www.info-algerie.com\/actualites\/wp-content\/uploads\/2017\/06\/9da17090d72e0aa44c3e5187df064fe3_S.jpg\" alt=\"Pour une position commune des pays voisins sur une&#xA0;approche pacifique pour le r&#xE8;glement de la crise libyenne\" \/><\/div>\n<div class=\"K2FeedIntroText\">\n<p>ALGER- Le ministre des Affaires \u00e9trang\u00e8res, Abdelkader\u00a0 Messahel, a affirm\u00e9 lundi \u00e0 Alger que la r\u00e9union minist\u00e9rielle tripartite\u00a0 Alg\u00e9rie-Tunisie-Egypte sur la Libye abrit\u00e9e par l&rsquo;Alg\u00e9rie le 05 et 06 juin,\u00a0 sera sanctionn\u00e9e par la \u00ab\u00a0D\u00e9claration d&rsquo;Alger\u00a0\u00bb qui exprimera \u00ab\u00a0la\u00a0 convergence\u00a0\u00bb des positions des trois pays sur \u00ab\u00a0notre approche pour r\u00e9soudre\u00a0 la crise libyenne\u00a0\u00bb.<\/p>\n<p>&#013;\n<\/p><\/div>\n<div class=\"K2FeedFullText\">&#013;<\/p>\n<p>\u00ab\u00a0Il y a convergence de vues entre l&rsquo;Alg\u00e9rie et la Tunisie \u00e0 propos de la\u00a0 Libye quant \u00e0 la n\u00e9cessit\u00e9 d&rsquo;une solution politique intervenant dans le\u00a0 cadre d&rsquo;un dialogue inclusif inter-libyens sans exclusive, sauf pour ce qui\u00a0 est des groupes terroristes class\u00e9s par l&rsquo;ONU\u00a0\u00bb, a indiqu\u00e9 M. Messahel au terme de son entretien avec son homologue tunisien, Khemaies Jhinaoui,\u00a0 avant de relever \u00ab\u00a0l&rsquo;imp\u00e9ratif de la coordination entre les deux pays\u00a0 concernant les d\u00e9fis li\u00e9s \u00e0 la lutte contre le terrorisme dans la r\u00e9gion\u00a0\u00bb.<\/p>\n<p>&#013;<\/p>\n<p>\u00ab\u00a0La stabilit\u00e9 de la Libye est celle de l&rsquo;Alg\u00e9rie, de la Tunisie, et de\u00a0 l&rsquo;Egypte\u00a0\u00bb, a-t-il ajout\u00e9. La r\u00e9union minist\u00e9rielle tripartite abrit\u00e9e par l&rsquo;Alg\u00e9rie sera\u00a0 sanctionn\u00e9e par \u00ab\u00a0la D\u00e9claration d&rsquo;Alger qui donnera une vision sur les\u00a0 positions des trois pays concernant notre approche pour la r\u00e9solution de la\u00a0 crise libyenne qui doit \u00eatre politique, pacifique et sans aucune ing\u00e9rence\u00a0 \u00e9trang\u00e8re dans les affaires libyennes\u00a0\u00bb, a d\u00e9clar\u00e9 le chef de la diplomatie\u00a0 alg\u00e9rienne, annon\u00e7ant par la m\u00eame occasion la tenue prochaine au Caire de\u00a0 la troisi\u00e8me r\u00e9union tripartite.<\/p>\n<p>&#013;<\/p>\n<p>Apr\u00e8s avoir qualifi\u00e9 les relations bilat\u00e9rales alg\u00e9ro-tunisiennes de\u00a0 \u00ab\u00a0distingu\u00e9es et exemplaires\u00a0\u00bb au vu du volume d&rsquo;\u00e9changes, r\u00e9unions et\u00a0 programmes de d\u00e9veloppement dans diff\u00e9rents domaines, M. Messahel a fait\u00a0 \u00e9tat de la tenue de la Haute r\u00e9union mixte \u00ab\u00a0\u00e0 Alger d\u00e9but 2018\u00a0\u00bb dans le\u00a0 cadre de la concr\u00e9tisation de la \u00ab\u00a0feuille de route\u00a0\u00bb dont les grandes lignes\u00a0 ont \u00e9t\u00e9 trac\u00e9es lors de la r\u00e9union de f\u00e9vrier 2017, avant de relever que\u00a0 \u00ab\u00a0qu&rsquo;il est de notre devoir en notre qualit\u00e9 de ministres des affaires \u00e9trang\u00e8res de veiller \u00e0 la mise en oeuvre de ce qui a \u00e9t\u00e9 d\u00e9cid\u00e9\u00a0\u00bb\u00a0 Le ministre des Affaires \u00e9trang\u00e8res tunisien, Khemaies Jhinaoui a souhait\u00e9\u00a0 pour sa part voir la r\u00e9union d&rsquo;Alger sanctionn\u00e9e par \u00ab\u00a0une d\u00e9claration\u00a0 refl\u00e9tant cette convergence de vues entre les trois pays. Une d\u00e9claration\u00a0 par le biais de laquelle nous pouvons nous exprimer ensemble et envoyer un\u00a0 seul message \u00e0 destination des libyens et de l&rsquo;opinion publique\u00a0 internationale sur la question libyenne\u00a0\u00bb.<\/p>\n<p>&#013;<\/p>\n<p>Apr\u00e8s avoir relev\u00e9 \u00ab\u00a0une large convergence de positions entre l&rsquo;Alg\u00e9rie, la\u00a0 Tunisie et l&rsquo;Egypte sur le dossier libyen\u00a0\u00bb, le responsable tunisien a\u00a0 ajout\u00e9 que la r\u00e9union sera une occasion pour \u00ab\u00a0\u00e9changer les id\u00e9es sur les\u00a0 voies \u00e0 m\u00eame d&rsquo;aider les fr\u00e8res libyens \u00e0 surmonter leurs diff\u00e9rends et\u00a0 s&rsquo;orienter vers le dialogue et la solution pacifique pour trouver une issue\u00a0 \u00e0 la crise qui secoue leur pays\u00a0\u00bb.<\/p>\n<p>&#013;<\/p>\n<p>Pour ce qui est des relations alg\u00e9ro-tunisiennes, M. Jhinaoui a indiqu\u00e9\u00a0 que les responsables des pays \u00ab\u00a0sont convaincus de l&rsquo;imp\u00e9ratif de relancer\u00a0 les relations bilat\u00e9rales distingu\u00e9es dans les domaines \u00e9conomiques et\u00a0 s\u00e9curitaires et de la n\u00e9cessit\u00e9 de la coordination sur les diff\u00e9rentes\u00a0 questions\u00a0\u00bb.<\/p>\n<p>&#013;<\/p>\n<p>Le ministre tunisien des Affaires \u00e9trang\u00e8res, Khemaies Jhinaoui, est\u00a0 arriv\u00e9 lundi \u00e0 Alger, pour prendre part \u00e0 la r\u00e9union minist\u00e9rielle\u00a0 tripartite Alg\u00e9rie-Tunisie-Egypte sur la Libye. M. Jhinaoui, a \u00e9t\u00e9 accueilli \u00e0 son arriv\u00e9e \u00e0 l&rsquo;a\u00e9roport international\u00a0 Houari-Boum\u00e9diene par le ministre des Affaires \u00e9trang\u00e8res, Abdelkader\u00a0 Messahel.<\/p>\n<p>&#013;<\/p>\n<p>\u00a0<\/p>\n<p>&#013;<\/p>\n<p>La r\u00e9union qui se tient sur la demande de l&rsquo;Alg\u00e9rie verra la participation\u00a0 du ministre des Affaires \u00e9trang\u00e8res, Abdelkader Messahel, et ses deux\u00a0 homologues \u00e9gyptien et tunisien, Samah Chokri et Khemaies Jhinaoui.<\/p>\n<\/div>\n<p>&#013;<br \/>\nSource: <a href=\"http:\/\/www.aps.dz\/algerie\/58563-pour-une-position-commune-des-pays-voisins-sur-une-approche-pacifique-pour-le-reglement-de-la-crise-libyenne\" target=\"_blank\">Pour une position commune des pays voisins sur une\u00a0approche pacifique pour le r\u00e8glement de la crise libyenne<\/a><\/p>\n<!--CusAds0-->\n<div style=\"font-size: 0px; height: 0px; line-height: 0px; margin: 0; padding: 0; clear: both;\"><\/div>","protected":false},"excerpt":{"rendered":"<p>ALGER- Le ministre des Affaires \u00e9trang\u00e8res, Abdelkader\u00a0 Messahel, a affirm\u00e9 lundi \u00e0 Alger que la r\u00e9union minist\u00e9rielle tripartite\u00a0 Alg\u00e9rie-Tunisie-Egypte sur la Libye abrit\u00e9e par l&rsquo;Alg\u00e9rie le 05 et 06 juin,\u00a0 sera sanctionn\u00e9e par la \u00ab\u00a0D\u00e9claration d&rsquo;Alger\u00a0\u00bb qui exprimera \u00ab\u00a0la\u00a0 convergence\u00a0\u00bb des positions des trois pays sur \u00ab\u00a0notre approche pour r\u00e9soudre\u00a0 la crise libyenne\u00a0\u00bb. &#013; &#013;<\/p>\n","protected":false},"author":6,"featured_media":12908,"comment_status":"open","ping_status":"open","sticky":false,"template":"","format":"standard","meta":{"footnotes":""},"categories":[22],"tags":[93],"class_list":["post-12907","post","type-post","status-publish","format-standard","has-post-thumbnail","hentry","category-infos","tag-onu"],"yoast_head":"<!-- This site is optimized with the Yoast SEO plugin v27.5 - https:\/\/yoast.com\/product\/yoast-seo-wordpress\/ -->\n<title>Pour une position commune des pays voisins sur une\u00a0approche pacifique pour le r\u00e8glement de la crise libyenne - info algerie<\/title>\n<meta name=\"robots\" content=\"index, follow, max-snippet:-1, max-image-preview:large, max-video-preview:-1\" \/>\n<link rel=\"canonical\" href=\"https:\/\/www.info-algerie.com\/actualites\/pour-une-position-commune-des-pays-voisins-sur-une-approche-pacifique-pour-le-reglement-de-la-crise-libyenne\/\" \/>\n<meta property=\"og:locale\" content=\"fr_FR\" \/>\n<meta property=\"og:type\" content=\"article\" \/>\n<meta property=\"og:title\" content=\"Pour une position commune des pays voisins sur une\u00a0approche pacifique pour le r\u00e8glement de la crise libyenne - info algerie\" \/>\n<meta property=\"og:description\" content=\"ALGER- Le ministre des Affaires \u00e9trang\u00e8res, Abdelkader\u00a0 Messahel, a affirm\u00e9 lundi \u00e0 Alger que la r\u00e9union minist\u00e9rielle tripartite\u00a0 Alg\u00e9rie-Tunisie-Egypte sur la Libye abrit\u00e9e par l&rsquo;Alg\u00e9rie le 05 et 06 juin,\u00a0 sera sanctionn\u00e9e par la \u00ab\u00a0D\u00e9claration d&rsquo;Alger\u00a0\u00bb qui exprimera \u00ab\u00a0la\u00a0 convergence\u00a0\u00bb des positions des trois pays sur \u00ab\u00a0notre approche pour r\u00e9soudre\u00a0 la crise libyenne\u00a0\u00bb. &#013; &#013;\" \/>\n<meta property=\"og:url\" content=\"https:\/\/www.info-algerie.com\/actualites\/pour-une-position-commune-des-pays-voisins-sur-une-approche-pacifique-pour-le-reglement-de-la-crise-libyenne\/\" \/>\n<meta property=\"og:site_name\" content=\"info algerie\" \/>\n<meta property=\"article:publisher\" content=\"https:\/\/www.facebook.com\/infoalgerieactu\" \/>\n<meta property=\"article:published_time\" content=\"2017-06-06T07:08:34+00:00\" \/>\n<meta property=\"og:image\" content=\"https:\/\/www.info-algerie.com\/actualites\/wp-content\/uploads\/2017\/06\/9da17090d72e0aa44c3e5187df064fe3_S-1.jpg\" \/>\n\t<meta property=\"og:image:width\" content=\"280\" \/>\n\t<meta property=\"og:image:height\" content=\"197\" \/>\n\t<meta property=\"og:image:type\" content=\"image\/jpeg\" \/>\n<meta name=\"author\" content=\"La r\u00e9daction\" \/>\n<meta name=\"twitter:label1\" content=\"\u00c9crit par\" \/>\n\t<meta name=\"twitter:data1\" content=\"La r\u00e9daction\" \/>\n\t<meta name=\"twitter:label2\" content=\"Dur\u00e9e de lecture estim\u00e9e\" \/>\n\t<meta name=\"twitter:data2\" content=\"3 minutes\" \/>\n<script type=\"application\/ld+json\" class=\"yoast-schema-graph\">{\"@context\":\"https:\\\/\\\/schema.org\",\"@graph\":[{\"@type\":\"Article\",\"@id\":\"https:\\\/\\\/www.info-algerie.com\\\/actualites\\\/pour-une-position-commune-des-pays-voisins-sur-une-approche-pacifique-pour-le-reglement-de-la-crise-libyenne\\\/#article\",\"isPartOf\":{\"@id\":\"https:\\\/\\\/www.info-algerie.com\\\/actualites\\\/pour-une-position-commune-des-pays-voisins-sur-une-approche-pacifique-pour-le-reglement-de-la-crise-libyenne\\\/\"},\"author\":{\"name\":\"La r\u00e9daction\",\"@id\":\"https:\\\/\\\/www.info-algerie.com\\\/actualites\\\/#\\\/schema\\\/person\\\/847aaec44920825b843a08f30ec6aa1e\"},\"headline\":\"Pour une position commune des pays voisins sur une\u00a0approche pacifique pour le r\u00e8glement de la crise libyenne\",\"datePublished\":\"2017-06-06T07:08:34+00:00\",\"mainEntityOfPage\":{\"@id\":\"https:\\\/\\\/www.info-algerie.com\\\/actualites\\\/pour-une-position-commune-des-pays-voisins-sur-une-approche-pacifique-pour-le-reglement-de-la-crise-libyenne\\\/\"},\"wordCount\":686,\"commentCount\":0,\"publisher\":{\"@id\":\"https:\\\/\\\/www.info-algerie.com\\\/actualites\\\/#organization\"},\"image\":{\"@id\":\"https:\\\/\\\/www.info-algerie.com\\\/actualites\\\/pour-une-position-commune-des-pays-voisins-sur-une-approche-pacifique-pour-le-reglement-de-la-crise-libyenne\\\/#primaryimage\"},\"thumbnailUrl\":\"https:\\\/\\\/www.info-algerie.com\\\/actualites\\\/wp-content\\\/uploads\\\/2017\\\/06\\\/9da17090d72e0aa44c3e5187df064fe3_S-1.jpg\",\"keywords\":[\"ONU\"],\"articleSection\":[\"infos\"],\"inLanguage\":\"fr-FR\",\"potentialAction\":[{\"@type\":\"CommentAction\",\"name\":\"Comment\",\"target\":[\"https:\\\/\\\/www.info-algerie.com\\\/actualites\\\/pour-une-position-commune-des-pays-voisins-sur-une-approche-pacifique-pour-le-reglement-de-la-crise-libyenne\\\/#respond\"]}]},{\"@type\":\"WebPage\",\"@id\":\"https:\\\/\\\/www.info-algerie.com\\\/actualites\\\/pour-une-position-commune-des-pays-voisins-sur-une-approche-pacifique-pour-le-reglement-de-la-crise-libyenne\\\/\",\"url\":\"https:\\\/\\\/www.info-algerie.com\\\/actualites\\\/pour-une-position-commune-des-pays-voisins-sur-une-approche-pacifique-pour-le-reglement-de-la-crise-libyenne\\\/\",\"name\":\"Pour une position commune des pays voisins sur une\u00a0approche pacifique pour le r\u00e8glement de la crise libyenne - info algerie\",\"isPartOf\":{\"@id\":\"https:\\\/\\\/www.info-algerie.com\\\/actualites\\\/#website\"},\"primaryImageOfPage\":{\"@id\":\"https:\\\/\\\/www.info-algerie.com\\\/actualites\\\/pour-une-position-commune-des-pays-voisins-sur-une-approche-pacifique-pour-le-reglement-de-la-crise-libyenne\\\/#primaryimage\"},\"image\":{\"@id\":\"https:\\\/\\\/www.info-algerie.com\\\/actualites\\\/pour-une-position-commune-des-pays-voisins-sur-une-approche-pacifique-pour-le-reglement-de-la-crise-libyenne\\\/#primaryimage\"},\"thumbnailUrl\":\"https:\\\/\\\/www.info-algerie.com\\\/actualites\\\/wp-content\\\/uploads\\\/2017\\\/06\\\/9da17090d72e0aa44c3e5187df064fe3_S-1.jpg\",\"datePublished\":\"2017-06-06T07:08:34+00:00\",\"breadcrumb\":{\"@id\":\"https:\\\/\\\/www.info-algerie.com\\\/actualites\\\/pour-une-position-commune-des-pays-voisins-sur-une-approche-pacifique-pour-le-reglement-de-la-crise-libyenne\\\/#breadcrumb\"},\"inLanguage\":\"fr-FR\",\"potentialAction\":[{\"@type\":\"ReadAction\",\"target\":[\"https:\\\/\\\/www.info-algerie.com\\\/actualites\\\/pour-une-position-commune-des-pays-voisins-sur-une-approche-pacifique-pour-le-reglement-de-la-crise-libyenne\\\/\"]}]},{\"@type\":\"ImageObject\",\"inLanguage\":\"fr-FR\",\"@id\":\"https:\\\/\\\/www.info-algerie.com\\\/actualites\\\/pour-une-position-commune-des-pays-voisins-sur-une-approche-pacifique-pour-le-reglement-de-la-crise-libyenne\\\/#primaryimage\",\"url\":\"https:\\\/\\\/www.info-algerie.com\\\/actualites\\\/wp-content\\\/uploads\\\/2017\\\/06\\\/9da17090d72e0aa44c3e5187df064fe3_S-1.jpg\",\"contentUrl\":\"https:\\\/\\\/www.info-algerie.com\\\/actualites\\\/wp-content\\\/uploads\\\/2017\\\/06\\\/9da17090d72e0aa44c3e5187df064fe3_S-1.jpg\",\"width\":280,\"height\":197},{\"@type\":\"BreadcrumbList\",\"@id\":\"https:\\\/\\\/www.info-algerie.com\\\/actualites\\\/pour-une-position-commune-des-pays-voisins-sur-une-approche-pacifique-pour-le-reglement-de-la-crise-libyenne\\\/#breadcrumb\",\"itemListElement\":[{\"@type\":\"ListItem\",\"position\":1,\"name\":\"Accueil\",\"item\":\"https:\\\/\\\/www.info-algerie.com\\\/actualites\\\/\"},{\"@type\":\"ListItem\",\"position\":2,\"name\":\"Pour une position commune des pays voisins sur une\u00a0approche pacifique pour le r\u00e8glement de la crise libyenne\"}]},{\"@type\":\"WebSite\",\"@id\":\"https:\\\/\\\/www.info-algerie.com\\\/actualites\\\/#website\",\"url\":\"https:\\\/\\\/www.info-algerie.com\\\/actualites\\\/\",\"name\":\"info algerie\",\"description\":\"Toutes les actualit\u00e9s\",\"publisher\":{\"@id\":\"https:\\\/\\\/www.info-algerie.com\\\/actualites\\\/#organization\"},\"potentialAction\":[{\"@type\":\"SearchAction\",\"target\":{\"@type\":\"EntryPoint\",\"urlTemplate\":\"https:\\\/\\\/www.info-algerie.com\\\/actualites\\\/?s={search_term_string}\"},\"query-input\":{\"@type\":\"PropertyValueSpecification\",\"valueRequired\":true,\"valueName\":\"search_term_string\"}}],\"inLanguage\":\"fr-FR\"},{\"@type\":\"Organization\",\"@id\":\"https:\\\/\\\/www.info-algerie.com\\\/actualites\\\/#organization\",\"name\":\"info algerie\",\"url\":\"https:\\\/\\\/www.info-algerie.com\\\/actualites\\\/\",\"logo\":{\"@type\":\"ImageObject\",\"inLanguage\":\"fr-FR\",\"@id\":\"https:\\\/\\\/www.info-algerie.com\\\/actualites\\\/#\\\/schema\\\/logo\\\/image\\\/\",\"url\":\"https:\\\/\\\/www.info-algerie.com\\\/actualites\\\/wp-content\\\/uploads\\\/2022\\\/07\\\/logo-ia-120.png\",\"contentUrl\":\"https:\\\/\\\/www.info-algerie.com\\\/actualites\\\/wp-content\\\/uploads\\\/2022\\\/07\\\/logo-ia-120.png\",\"width\":120,\"height\":43,\"caption\":\"info algerie\"},\"image\":{\"@id\":\"https:\\\/\\\/www.info-algerie.com\\\/actualites\\\/#\\\/schema\\\/logo\\\/image\\\/\"},\"sameAs\":[\"https:\\\/\\\/www.facebook.com\\\/infoalgerieactu\",\"https:\\\/\\\/x.com\\\/infoalgerie1\"]},{\"@type\":\"Person\",\"@id\":\"https:\\\/\\\/www.info-algerie.com\\\/actualites\\\/#\\\/schema\\\/person\\\/847aaec44920825b843a08f30ec6aa1e\",\"name\":\"La r\u00e9daction\",\"image\":{\"@type\":\"ImageObject\",\"inLanguage\":\"fr-FR\",\"@id\":\"https:\\\/\\\/secure.gravatar.com\\\/avatar\\\/769db425c6f465158149f1ffd6cf61ce7a8a879d11dfbef8288af36dfddd418c?s=96&d=mm&r=g\",\"url\":\"https:\\\/\\\/secure.gravatar.com\\\/avatar\\\/769db425c6f465158149f1ffd6cf61ce7a8a879d11dfbef8288af36dfddd418c?s=96&d=mm&r=g\",\"contentUrl\":\"https:\\\/\\\/secure.gravatar.com\\\/avatar\\\/769db425c6f465158149f1ffd6cf61ce7a8a879d11dfbef8288af36dfddd418c?s=96&d=mm&r=g\",\"caption\":\"La r\u00e9daction\"},\"sameAs\":[\"http:\\\/\\\/www.lkeria.com\\\/\"],\"url\":\"https:\\\/\\\/www.info-algerie.com\\\/actualites\\\/author\\\/chakib32\\\/\"}]}<\/script>\n<!-- \/ Yoast SEO plugin. -->","yoast_head_json":{"title":"Pour une position commune des pays voisins sur une\u00a0approche pacifique pour le r\u00e8glement de la crise libyenne - info algerie","robots":{"index":"index","follow":"follow","max-snippet":"max-snippet:-1","max-image-preview":"max-image-preview:large","max-video-preview":"max-video-preview:-1"},"canonical":"https:\/\/www.info-algerie.com\/actualites\/pour-une-position-commune-des-pays-voisins-sur-une-approche-pacifique-pour-le-reglement-de-la-crise-libyenne\/","og_locale":"fr_FR","og_type":"article","og_title":"Pour une position commune des pays voisins sur une\u00a0approche pacifique pour le r\u00e8glement de la crise libyenne - info algerie","og_description":"ALGER- Le ministre des Affaires \u00e9trang\u00e8res, Abdelkader\u00a0 Messahel, a affirm\u00e9 lundi \u00e0 Alger que la r\u00e9union minist\u00e9rielle tripartite\u00a0 Alg\u00e9rie-Tunisie-Egypte sur la Libye abrit\u00e9e par l&rsquo;Alg\u00e9rie le 05 et 06 juin,\u00a0 sera sanctionn\u00e9e par la \u00ab\u00a0D\u00e9claration d&rsquo;Alger\u00a0\u00bb qui exprimera \u00ab\u00a0la\u00a0 convergence\u00a0\u00bb des positions des trois pays sur \u00ab\u00a0notre approche pour r\u00e9soudre\u00a0 la crise libyenne\u00a0\u00bb. &#013; &#013;","og_url":"https:\/\/www.info-algerie.com\/actualites\/pour-une-position-commune-des-pays-voisins-sur-une-approche-pacifique-pour-le-reglement-de-la-crise-libyenne\/","og_site_name":"info algerie","article_publisher":"https:\/\/www.facebook.com\/infoalgerieactu","article_published_time":"2017-06-06T07:08:34+00:00","og_image":[{"width":280,"height":197,"url":"https:\/\/www.info-algerie.com\/actualites\/wp-content\/uploads\/2017\/06\/9da17090d72e0aa44c3e5187df064fe3_S-1.jpg","type":"image\/jpeg"}],"author":"La r\u00e9daction","twitter_misc":{"\u00c9crit par":"La r\u00e9daction","Dur\u00e9e de lecture estim\u00e9e":"3 minutes"},"schema":{"@context":"https:\/\/schema.org","@graph":[{"@type":"Article","@id":"https:\/\/www.info-algerie.com\/actualites\/pour-une-position-commune-des-pays-voisins-sur-une-approche-pacifique-pour-le-reglement-de-la-crise-libyenne\/#article","isPartOf":{"@id":"https:\/\/www.info-algerie.com\/actualites\/pour-une-position-commune-des-pays-voisins-sur-une-approche-pacifique-pour-le-reglement-de-la-crise-libyenne\/"},"author":{"name":"La r\u00e9daction","@id":"https:\/\/www.info-algerie.com\/actualites\/#\/schema\/person\/847aaec44920825b843a08f30ec6aa1e"},"headline":"Pour une position commune des pays voisins sur une\u00a0approche pacifique pour le r\u00e8glement de la crise libyenne","datePublished":"2017-06-06T07:08:34+00:00","mainEntityOfPage":{"@id":"https:\/\/www.info-algerie.com\/actualites\/pour-une-position-commune-des-pays-voisins-sur-une-approche-pacifique-pour-le-reglement-de-la-crise-libyenne\/"},"wordCount":686,"commentCount":0,"publisher":{"@id":"https:\/\/www.info-algerie.com\/actualites\/#organization"},"image":{"@id":"https:\/\/www.info-algerie.com\/actualites\/pour-une-position-commune-des-pays-voisins-sur-une-approche-pacifique-pour-le-reglement-de-la-crise-libyenne\/#primaryimage"},"thumbnailUrl":"https:\/\/www.info-algerie.com\/actualites\/wp-content\/uploads\/2017\/06\/9da17090d72e0aa44c3e5187df064fe3_S-1.jpg","keywords":["ONU"],"articleSection":["infos"],"inLanguage":"fr-FR","potentialAction":[{"@type":"CommentAction","name":"Comment","target":["https:\/\/www.info-algerie.com\/actualites\/pour-une-position-commune-des-pays-voisins-sur-une-approche-pacifique-pour-le-reglement-de-la-crise-libyenne\/#respond"]}]},{"@type":"WebPage","@id":"https:\/\/www.info-algerie.com\/actualites\/pour-une-position-commune-des-pays-voisins-sur-une-approche-pacifique-pour-le-reglement-de-la-crise-libyenne\/","url":"https:\/\/www.info-algerie.com\/actualites\/pour-une-position-commune-des-pays-voisins-sur-une-approche-pacifique-pour-le-reglement-de-la-crise-libyenne\/","name":"Pour une position commune des pays voisins sur une\u00a0approche pacifique pour le r\u00e8glement de la crise libyenne - info algerie","isPartOf":{"@id":"https:\/\/www.info-algerie.com\/actualites\/#website"},"primaryImageOfPage":{"@id":"https:\/\/www.info-algerie.com\/actualites\/pour-une-position-commune-des-pays-voisins-sur-une-approche-pacifique-pour-le-reglement-de-la-crise-libyenne\/#primaryimage"},"image":{"@id":"https:\/\/www.info-algerie.com\/actualites\/pour-une-position-commune-des-pays-voisins-sur-une-approche-pacifique-pour-le-reglement-de-la-crise-libyenne\/#primaryimage"},"thumbnailUrl":"https:\/\/www.info-algerie.com\/actualites\/wp-content\/uploads\/2017\/06\/9da17090d72e0aa44c3e5187df064fe3_S-1.jpg","datePublished":"2017-06-06T07:08:34+00:00","breadcrumb":{"@id":"https:\/\/www.info-algerie.com\/actualites\/pour-une-position-commune-des-pays-voisins-sur-une-approche-pacifique-pour-le-reglement-de-la-crise-libyenne\/#breadcrumb"},"inLanguage":"fr-FR","potentialAction":[{"@type":"ReadAction","target":["https:\/\/www.info-algerie.com\/actualites\/pour-une-position-commune-des-pays-voisins-sur-une-approche-pacifique-pour-le-reglement-de-la-crise-libyenne\/"]}]},{"@type":"ImageObject","inLanguage":"fr-FR","@id":"https:\/\/www.info-algerie.com\/actualites\/pour-une-position-commune-des-pays-voisins-sur-une-approche-pacifique-pour-le-reglement-de-la-crise-libyenne\/#primaryimage","url":"https:\/\/www.info-algerie.com\/actualites\/wp-content\/uploads\/2017\/06\/9da17090d72e0aa44c3e5187df064fe3_S-1.jpg","contentUrl":"https:\/\/www.info-algerie.com\/actualites\/wp-content\/uploads\/2017\/06\/9da17090d72e0aa44c3e5187df064fe3_S-1.jpg","width":280,"height":197},{"@type":"BreadcrumbList","@id":"https:\/\/www.info-algerie.com\/actualites\/pour-une-position-commune-des-pays-voisins-sur-une-approche-pacifique-pour-le-reglement-de-la-crise-libyenne\/#breadcrumb","itemListElement":[{"@type":"ListItem","position":1,"name":"Accueil","item":"https:\/\/www.info-algerie.com\/actualites\/"},{"@type":"ListItem","position":2,"name":"Pour une position commune des pays voisins sur une\u00a0approche pacifique pour le r\u00e8glement de la crise libyenne"}]},{"@type":"WebSite","@id":"https:\/\/www.info-algerie.com\/actualites\/#website","url":"https:\/\/www.info-algerie.com\/actualites\/","name":"info algerie","description":"Toutes les actualit\u00e9s","publisher":{"@id":"https:\/\/www.info-algerie.com\/actualites\/#organization"},"potentialAction":[{"@type":"SearchAction","target":{"@type":"EntryPoint","urlTemplate":"https:\/\/www.info-algerie.com\/actualites\/?s={search_term_string}"},"query-input":{"@type":"PropertyValueSpecification","valueRequired":true,"valueName":"search_term_string"}}],"inLanguage":"fr-FR"},{"@type":"Organization","@id":"https:\/\/www.info-algerie.com\/actualites\/#organization","name":"info algerie","url":"https:\/\/www.info-algerie.com\/actualites\/","logo":{"@type":"ImageObject","inLanguage":"fr-FR","@id":"https:\/\/www.info-algerie.com\/actualites\/#\/schema\/logo\/image\/","url":"https:\/\/www.info-algerie.com\/actualites\/wp-content\/uploads\/2022\/07\/logo-ia-120.png","contentUrl":"https:\/\/www.info-algerie.com\/actualites\/wp-content\/uploads\/2022\/07\/logo-ia-120.png","width":120,"height":43,"caption":"info algerie"},"image":{"@id":"https:\/\/www.info-algerie.com\/actualites\/#\/schema\/logo\/image\/"},"sameAs":["https:\/\/www.facebook.com\/infoalgerieactu","https:\/\/x.com\/infoalgerie1"]},{"@type":"Person","@id":"https:\/\/www.info-algerie.com\/actualites\/#\/schema\/person\/847aaec44920825b843a08f30ec6aa1e","name":"La r\u00e9daction","image":{"@type":"ImageObject","inLanguage":"fr-FR","@id":"https:\/\/secure.gravatar.com\/avatar\/769db425c6f465158149f1ffd6cf61ce7a8a879d11dfbef8288af36dfddd418c?s=96&d=mm&r=g","url":"https:\/\/secure.gravatar.com\/avatar\/769db425c6f465158149f1ffd6cf61ce7a8a879d11dfbef8288af36dfddd418c?s=96&d=mm&r=g","contentUrl":"https:\/\/secure.gravatar.com\/avatar\/769db425c6f465158149f1ffd6cf61ce7a8a879d11dfbef8288af36dfddd418c?s=96&d=mm&r=g","caption":"La r\u00e9daction"},"sameAs":["http:\/\/www.lkeria.com\/"],"url":"https:\/\/www.info-algerie.com\/actualites\/author\/chakib32\/"}]}},"_links":{"self":[{"href":"https:\/\/www.info-algerie.com\/actualites\/wp-json\/wp\/v2\/posts\/12907","targetHints":{"allow":["GET"]}}],"collection":[{"href":"https:\/\/www.info-algerie.com\/actualites\/wp-json\/wp\/v2\/posts"}],"about":[{"href":"https:\/\/www.info-algerie.com\/actualites\/wp-json\/wp\/v2\/types\/post"}],"author":[{"embeddable":true,"href":"https:\/\/www.info-algerie.com\/actualites\/wp-json\/wp\/v2\/users\/6"}],"replies":[{"embeddable":true,"href":"https:\/\/www.info-algerie.com\/actualites\/wp-json\/wp\/v2\/comments?post=12907"}],"version-history":[{"count":0,"href":"https:\/\/www.info-algerie.com\/actualites\/wp-json\/wp\/v2\/posts\/12907\/revisions"}],"wp:featuredmedia":[{"embeddable":true,"href":"https:\/\/www.info-algerie.com\/actualites\/wp-json\/wp\/v2\/media\/12908"}],"wp:attachment":[{"href":"https:\/\/www.info-algerie.com\/actualites\/wp-json\/wp\/v2\/media?parent=12907"}],"wp:term":[{"taxonomy":"category","embeddable":true,"href":"https:\/\/www.info-algerie.com\/actualites\/wp-json\/wp\/v2\/categories?post=12907"},{"taxonomy":"post_tag","embeddable":true,"href":"https:\/\/www.info-algerie.com\/actualites\/wp-json\/wp\/v2\/tags?post=12907"}],"curies":[{"name":"wp","href":"https:\/\/api.w.org\/{rel}","templated":true}]}}