{"id":12910,"date":"2017-06-05T21:19:42","date_gmt":"2017-06-05T20:19:42","guid":{"rendered":"http:\/\/www.info-algerie.com\/actualites\/debut-des-travaux-de-la-reunion-ministerielle-tripartite-sur-la-crise-libyenne\/"},"modified":"2017-06-05T21:19:42","modified_gmt":"2017-06-05T20:19:42","slug":"debut-des-travaux-de-la-reunion-ministerielle-tripartite-sur-la-crise-libyenne","status":"publish","type":"post","link":"https:\/\/www.info-algerie.com\/actualites\/debut-des-travaux-de-la-reunion-ministerielle-tripartite-sur-la-crise-libyenne\/","title":{"rendered":"D\u00e9but des travaux de la r\u00e9union minist\u00e9rielle tripartite\u00a0sur la crise libyenne"},"content":{"rendered":"<div class=\"K2FeedImage\"><img decoding=\"async\" src=\"https:\/\/www.info-algerie.com\/actualites\/wp-content\/uploads\/2017\/06\/dc546eb16705029e6453b146f64811d6_S.jpg\" alt=\"D&#xE9;but des travaux de la r&#xE9;union minist&#xE9;rielle tripartite&#xA0;sur la crise libyenne\" \/><\/div>\n<div class=\"K2FeedIntroText\">\n<p class=\"MsoNoSpacing\">ALGER &#8211; Les travaux de la r\u00e9union minist\u00e9rielle\u00a0 tripartite entre l&rsquo;Alg\u00e9rie, la Tunisie et l&rsquo;Egypte sur la crise libyenne\u00a0 ont d\u00e9but\u00e9 lundi soir \u00e0 Alger en vue d&rsquo;\u00e9valuer la situation politique et s\u00e9curitaire pr\u00e9valant dans la r\u00e9gion et rechercher les voies et moyens \u00e0\u00a0 m\u00eame d&rsquo;unifier les vues pour parvenir \u00e0 une solution politique pacifique en\u00a0 Libye.<\/p>\n<p>&#013;\n<\/p><\/div>\n<div class=\"K2FeedFullText\">&#013;<\/p>\n<p>Cette r\u00e9union est une occasion pour r\u00e9it\u00e9rer le soutien au processus\u00a0 politique et exhorter les bellig\u00e9rants libyens au dialogue et ce sans\u00a0 ing\u00e9rence \u00e9trang\u00e8re. La r\u00e9union \u00e0 laquelle prennent part le ministre des\u00a0 Affaires \u00e9trang\u00e8res Abdelkader Messahel, et ses deux homologues tunisien et\u00a0 \u00e9gyptien, Khemaies Jhinaoui et Samah Chokri aborde les derniers\u00a0 d\u00e9veloppements de la crise libyenne. Elle intervient apr\u00e8s celle tenue le\u00a0 20 f\u00e9vrier dernier \u00e0 Tunis.<\/p>\n<p>&#013;<\/p>\n<p>Cette rencontre sera ax\u00e9e \u00e9galement sur les voies et moyens \u00e0 m\u00eame de\u00a0 relancer les efforts politiques visant \u00e0 rapprocher les points de vues\u00a0 entre les bellig\u00e9rants libyens et \u00a3uvrera \u00e0 faire face \u00e0 l&rsquo;ing\u00e9rence\u00a0 \u00e9trang\u00e8re sous toutes ses formes pour \u00e9viter tout obstacle de nature \u00e0 entraver le processus politique initi\u00e9 par l&rsquo;ONU.<\/p>\n<p>&#013;<\/p>\n<p>\u00a0<\/p>\n<p>&#013;<\/p>\n<p>Cette r\u00e9union sera sanctionn\u00e9e par la D\u00e9claration d&rsquo;Alger en faveur d&rsquo;un\u00a0 r\u00e8glement politique inclusif en Libye, \u00e0 travers lequel, les parties\u00a0 r\u00e9it\u00e9reront leur engagement pour accompagner le processus du r\u00e8glement\u00a0 politique dans le cadre de l&rsquo;accord politique libyen et soutenir la\u00a0 solution politique comme moyen de r\u00e9gler cette crise par le dialogue\u00a0 inclusif et le rejet de l&rsquo;ing\u00e9rence \u00e9trang\u00e8re et de l&rsquo;option\u00a0 militaire.<\/p>\n<\/div>\n<p>&#013;<br \/>\nSource: <a href=\"http:\/\/www.aps.dz\/algerie\/58565-debut-des-travaux-de-la-reunion-ministerielle-tripartite-algerie-tunisie-egypte-sur-la-crise-libyenne\" target=\"_blank\">D\u00e9but des travaux de la r\u00e9union minist\u00e9rielle tripartite\u00a0sur la crise libyenne<\/a><\/p>\n<!--CusAds0-->\n<div style=\"font-size: 0px; height: 0px; line-height: 0px; margin: 0; padding: 0; clear: both;\"><\/div>","protected":false},"excerpt":{"rendered":"<p>ALGER &#8211; Les travaux de la r\u00e9union minist\u00e9rielle\u00a0 tripartite entre l&rsquo;Alg\u00e9rie, la Tunisie et l&rsquo;Egypte sur la crise libyenne\u00a0 ont d\u00e9but\u00e9 lundi soir \u00e0 Alger en vue d&rsquo;\u00e9valuer la situation politique et s\u00e9curitaire pr\u00e9valant dans la r\u00e9gion et rechercher les voies et moyens \u00e0\u00a0 m\u00eame d&rsquo;unifier les vues pour parvenir \u00e0 une solution politique pacifique<\/p>\n","protected":false},"author":6,"featured_media":12911,"comment_status":"open","ping_status":"open","sticky":false,"template":"","format":"standard","meta":{"footnotes":""},"categories":[22],"tags":[93],"class_list":["post-12910","post","type-post","status-publish","format-standard","has-post-thumbnail","hentry","category-infos","tag-onu"],"yoast_head":"<!-- This site is optimized with the Yoast SEO plugin v27.5 - https:\/\/yoast.com\/product\/yoast-seo-wordpress\/ -->\n<title>D\u00e9but des travaux de la r\u00e9union minist\u00e9rielle tripartite\u00a0sur la crise libyenne - info algerie<\/title>\n<meta name=\"robots\" content=\"index, follow, max-snippet:-1, max-image-preview:large, max-video-preview:-1\" \/>\n<link rel=\"canonical\" href=\"https:\/\/www.info-algerie.com\/actualites\/debut-des-travaux-de-la-reunion-ministerielle-tripartite-sur-la-crise-libyenne\/\" \/>\n<meta property=\"og:locale\" content=\"fr_FR\" \/>\n<meta property=\"og:type\" content=\"article\" \/>\n<meta property=\"og:title\" content=\"D\u00e9but des travaux de la r\u00e9union minist\u00e9rielle tripartite\u00a0sur la crise libyenne - info algerie\" \/>\n<meta property=\"og:description\" content=\"ALGER &#8211; Les travaux de la r\u00e9union minist\u00e9rielle\u00a0 tripartite entre l&rsquo;Alg\u00e9rie, la Tunisie et l&rsquo;Egypte sur la crise libyenne\u00a0 ont d\u00e9but\u00e9 lundi soir \u00e0 Alger en vue d&rsquo;\u00e9valuer la situation politique et s\u00e9curitaire pr\u00e9valant dans la r\u00e9gion et rechercher les voies et moyens \u00e0\u00a0 m\u00eame d&rsquo;unifier les vues pour parvenir \u00e0 une solution politique pacifique\" \/>\n<meta property=\"og:url\" content=\"https:\/\/www.info-algerie.com\/actualites\/debut-des-travaux-de-la-reunion-ministerielle-tripartite-sur-la-crise-libyenne\/\" \/>\n<meta property=\"og:site_name\" content=\"info algerie\" \/>\n<meta property=\"article:publisher\" content=\"https:\/\/www.facebook.com\/infoalgerieactu\" \/>\n<meta property=\"article:published_time\" content=\"2017-06-05T20:19:42+00:00\" \/>\n<meta property=\"og:image\" content=\"https:\/\/www.info-algerie.com\/actualites\/wp-content\/uploads\/2017\/06\/dc546eb16705029e6453b146f64811d6_S-1.jpg\" \/>\n\t<meta property=\"og:image:width\" content=\"280\" \/>\n\t<meta property=\"og:image:height\" content=\"182\" \/>\n\t<meta property=\"og:image:type\" content=\"image\/jpeg\" \/>\n<meta name=\"author\" content=\"La r\u00e9daction\" \/>\n<meta name=\"twitter:label1\" content=\"\u00c9crit par\" \/>\n\t<meta name=\"twitter:data1\" content=\"La r\u00e9daction\" \/>\n\t<meta name=\"twitter:label2\" content=\"Dur\u00e9e de lecture estim\u00e9e\" \/>\n\t<meta name=\"twitter:data2\" content=\"1 minute\" \/>\n<script type=\"application\/ld+json\" class=\"yoast-schema-graph\">{\"@context\":\"https:\\\/\\\/schema.org\",\"@graph\":[{\"@type\":\"Article\",\"@id\":\"https:\\\/\\\/www.info-algerie.com\\\/actualites\\\/debut-des-travaux-de-la-reunion-ministerielle-tripartite-sur-la-crise-libyenne\\\/#article\",\"isPartOf\":{\"@id\":\"https:\\\/\\\/www.info-algerie.com\\\/actualites\\\/debut-des-travaux-de-la-reunion-ministerielle-tripartite-sur-la-crise-libyenne\\\/\"},\"author\":{\"name\":\"La r\u00e9daction\",\"@id\":\"https:\\\/\\\/www.info-algerie.com\\\/actualites\\\/#\\\/schema\\\/person\\\/847aaec44920825b843a08f30ec6aa1e\"},\"headline\":\"D\u00e9but des travaux de la r\u00e9union minist\u00e9rielle tripartite\u00a0sur la crise libyenne\",\"datePublished\":\"2017-06-05T20:19:42+00:00\",\"mainEntityOfPage\":{\"@id\":\"https:\\\/\\\/www.info-algerie.com\\\/actualites\\\/debut-des-travaux-de-la-reunion-ministerielle-tripartite-sur-la-crise-libyenne\\\/\"},\"wordCount\":306,\"commentCount\":0,\"publisher\":{\"@id\":\"https:\\\/\\\/www.info-algerie.com\\\/actualites\\\/#organization\"},\"image\":{\"@id\":\"https:\\\/\\\/www.info-algerie.com\\\/actualites\\\/debut-des-travaux-de-la-reunion-ministerielle-tripartite-sur-la-crise-libyenne\\\/#primaryimage\"},\"thumbnailUrl\":\"https:\\\/\\\/www.info-algerie.com\\\/actualites\\\/wp-content\\\/uploads\\\/2017\\\/06\\\/dc546eb16705029e6453b146f64811d6_S-1.jpg\",\"keywords\":[\"ONU\"],\"articleSection\":[\"infos\"],\"inLanguage\":\"fr-FR\",\"potentialAction\":[{\"@type\":\"CommentAction\",\"name\":\"Comment\",\"target\":[\"https:\\\/\\\/www.info-algerie.com\\\/actualites\\\/debut-des-travaux-de-la-reunion-ministerielle-tripartite-sur-la-crise-libyenne\\\/#respond\"]}]},{\"@type\":\"WebPage\",\"@id\":\"https:\\\/\\\/www.info-algerie.com\\\/actualites\\\/debut-des-travaux-de-la-reunion-ministerielle-tripartite-sur-la-crise-libyenne\\\/\",\"url\":\"https:\\\/\\\/www.info-algerie.com\\\/actualites\\\/debut-des-travaux-de-la-reunion-ministerielle-tripartite-sur-la-crise-libyenne\\\/\",\"name\":\"D\u00e9but des travaux de la r\u00e9union minist\u00e9rielle tripartite\u00a0sur la crise libyenne - info algerie\",\"isPartOf\":{\"@id\":\"https:\\\/\\\/www.info-algerie.com\\\/actualites\\\/#website\"},\"primaryImageOfPage\":{\"@id\":\"https:\\\/\\\/www.info-algerie.com\\\/actualites\\\/debut-des-travaux-de-la-reunion-ministerielle-tripartite-sur-la-crise-libyenne\\\/#primaryimage\"},\"image\":{\"@id\":\"https:\\\/\\\/www.info-algerie.com\\\/actualites\\\/debut-des-travaux-de-la-reunion-ministerielle-tripartite-sur-la-crise-libyenne\\\/#primaryimage\"},\"thumbnailUrl\":\"https:\\\/\\\/www.info-algerie.com\\\/actualites\\\/wp-content\\\/uploads\\\/2017\\\/06\\\/dc546eb16705029e6453b146f64811d6_S-1.jpg\",\"datePublished\":\"2017-06-05T20:19:42+00:00\",\"breadcrumb\":{\"@id\":\"https:\\\/\\\/www.info-algerie.com\\\/actualites\\\/debut-des-travaux-de-la-reunion-ministerielle-tripartite-sur-la-crise-libyenne\\\/#breadcrumb\"},\"inLanguage\":\"fr-FR\",\"potentialAction\":[{\"@type\":\"ReadAction\",\"target\":[\"https:\\\/\\\/www.info-algerie.com\\\/actualites\\\/debut-des-travaux-de-la-reunion-ministerielle-tripartite-sur-la-crise-libyenne\\\/\"]}]},{\"@type\":\"ImageObject\",\"inLanguage\":\"fr-FR\",\"@id\":\"https:\\\/\\\/www.info-algerie.com\\\/actualites\\\/debut-des-travaux-de-la-reunion-ministerielle-tripartite-sur-la-crise-libyenne\\\/#primaryimage\",\"url\":\"https:\\\/\\\/www.info-algerie.com\\\/actualites\\\/wp-content\\\/uploads\\\/2017\\\/06\\\/dc546eb16705029e6453b146f64811d6_S-1.jpg\",\"contentUrl\":\"https:\\\/\\\/www.info-algerie.com\\\/actualites\\\/wp-content\\\/uploads\\\/2017\\\/06\\\/dc546eb16705029e6453b146f64811d6_S-1.jpg\",\"width\":280,\"height\":182},{\"@type\":\"BreadcrumbList\",\"@id\":\"https:\\\/\\\/www.info-algerie.com\\\/actualites\\\/debut-des-travaux-de-la-reunion-ministerielle-tripartite-sur-la-crise-libyenne\\\/#breadcrumb\",\"itemListElement\":[{\"@type\":\"ListItem\",\"position\":1,\"name\":\"Accueil\",\"item\":\"https:\\\/\\\/www.info-algerie.com\\\/actualites\\\/\"},{\"@type\":\"ListItem\",\"position\":2,\"name\":\"D\u00e9but des travaux de la r\u00e9union minist\u00e9rielle tripartite\u00a0sur la crise libyenne\"}]},{\"@type\":\"WebSite\",\"@id\":\"https:\\\/\\\/www.info-algerie.com\\\/actualites\\\/#website\",\"url\":\"https:\\\/\\\/www.info-algerie.com\\\/actualites\\\/\",\"name\":\"info algerie\",\"description\":\"Toutes les actualit\u00e9s\",\"publisher\":{\"@id\":\"https:\\\/\\\/www.info-algerie.com\\\/actualites\\\/#organization\"},\"potentialAction\":[{\"@type\":\"SearchAction\",\"target\":{\"@type\":\"EntryPoint\",\"urlTemplate\":\"https:\\\/\\\/www.info-algerie.com\\\/actualites\\\/?s={search_term_string}\"},\"query-input\":{\"@type\":\"PropertyValueSpecification\",\"valueRequired\":true,\"valueName\":\"search_term_string\"}}],\"inLanguage\":\"fr-FR\"},{\"@type\":\"Organization\",\"@id\":\"https:\\\/\\\/www.info-algerie.com\\\/actualites\\\/#organization\",\"name\":\"info algerie\",\"url\":\"https:\\\/\\\/www.info-algerie.com\\\/actualites\\\/\",\"logo\":{\"@type\":\"ImageObject\",\"inLanguage\":\"fr-FR\",\"@id\":\"https:\\\/\\\/www.info-algerie.com\\\/actualites\\\/#\\\/schema\\\/logo\\\/image\\\/\",\"url\":\"https:\\\/\\\/www.info-algerie.com\\\/actualites\\\/wp-content\\\/uploads\\\/2022\\\/07\\\/logo-ia-120.png\",\"contentUrl\":\"https:\\\/\\\/www.info-algerie.com\\\/actualites\\\/wp-content\\\/uploads\\\/2022\\\/07\\\/logo-ia-120.png\",\"width\":120,\"height\":43,\"caption\":\"info algerie\"},\"image\":{\"@id\":\"https:\\\/\\\/www.info-algerie.com\\\/actualites\\\/#\\\/schema\\\/logo\\\/image\\\/\"},\"sameAs\":[\"https:\\\/\\\/www.facebook.com\\\/infoalgerieactu\",\"https:\\\/\\\/x.com\\\/infoalgerie1\"]},{\"@type\":\"Person\",\"@id\":\"https:\\\/\\\/www.info-algerie.com\\\/actualites\\\/#\\\/schema\\\/person\\\/847aaec44920825b843a08f30ec6aa1e\",\"name\":\"La r\u00e9daction\",\"image\":{\"@type\":\"ImageObject\",\"inLanguage\":\"fr-FR\",\"@id\":\"https:\\\/\\\/secure.gravatar.com\\\/avatar\\\/769db425c6f465158149f1ffd6cf61ce7a8a879d11dfbef8288af36dfddd418c?s=96&d=mm&r=g\",\"url\":\"https:\\\/\\\/secure.gravatar.com\\\/avatar\\\/769db425c6f465158149f1ffd6cf61ce7a8a879d11dfbef8288af36dfddd418c?s=96&d=mm&r=g\",\"contentUrl\":\"https:\\\/\\\/secure.gravatar.com\\\/avatar\\\/769db425c6f465158149f1ffd6cf61ce7a8a879d11dfbef8288af36dfddd418c?s=96&d=mm&r=g\",\"caption\":\"La r\u00e9daction\"},\"sameAs\":[\"http:\\\/\\\/www.lkeria.com\\\/\"],\"url\":\"https:\\\/\\\/www.info-algerie.com\\\/actualites\\\/author\\\/chakib32\\\/\"}]}<\/script>\n<!-- \/ Yoast SEO plugin. -->","yoast_head_json":{"title":"D\u00e9but des travaux de la r\u00e9union minist\u00e9rielle tripartite\u00a0sur la crise libyenne - info algerie","robots":{"index":"index","follow":"follow","max-snippet":"max-snippet:-1","max-image-preview":"max-image-preview:large","max-video-preview":"max-video-preview:-1"},"canonical":"https:\/\/www.info-algerie.com\/actualites\/debut-des-travaux-de-la-reunion-ministerielle-tripartite-sur-la-crise-libyenne\/","og_locale":"fr_FR","og_type":"article","og_title":"D\u00e9but des travaux de la r\u00e9union minist\u00e9rielle tripartite\u00a0sur la crise libyenne - info algerie","og_description":"ALGER &#8211; Les travaux de la r\u00e9union minist\u00e9rielle\u00a0 tripartite entre l&rsquo;Alg\u00e9rie, la Tunisie et l&rsquo;Egypte sur la crise libyenne\u00a0 ont d\u00e9but\u00e9 lundi soir \u00e0 Alger en vue d&rsquo;\u00e9valuer la situation politique et s\u00e9curitaire pr\u00e9valant dans la r\u00e9gion et rechercher les voies et moyens \u00e0\u00a0 m\u00eame d&rsquo;unifier les vues pour parvenir \u00e0 une solution politique pacifique","og_url":"https:\/\/www.info-algerie.com\/actualites\/debut-des-travaux-de-la-reunion-ministerielle-tripartite-sur-la-crise-libyenne\/","og_site_name":"info algerie","article_publisher":"https:\/\/www.facebook.com\/infoalgerieactu","article_published_time":"2017-06-05T20:19:42+00:00","og_image":[{"width":280,"height":182,"url":"https:\/\/www.info-algerie.com\/actualites\/wp-content\/uploads\/2017\/06\/dc546eb16705029e6453b146f64811d6_S-1.jpg","type":"image\/jpeg"}],"author":"La r\u00e9daction","twitter_misc":{"\u00c9crit par":"La r\u00e9daction","Dur\u00e9e de lecture estim\u00e9e":"1 minute"},"schema":{"@context":"https:\/\/schema.org","@graph":[{"@type":"Article","@id":"https:\/\/www.info-algerie.com\/actualites\/debut-des-travaux-de-la-reunion-ministerielle-tripartite-sur-la-crise-libyenne\/#article","isPartOf":{"@id":"https:\/\/www.info-algerie.com\/actualites\/debut-des-travaux-de-la-reunion-ministerielle-tripartite-sur-la-crise-libyenne\/"},"author":{"name":"La r\u00e9daction","@id":"https:\/\/www.info-algerie.com\/actualites\/#\/schema\/person\/847aaec44920825b843a08f30ec6aa1e"},"headline":"D\u00e9but des travaux de la r\u00e9union minist\u00e9rielle tripartite\u00a0sur la crise libyenne","datePublished":"2017-06-05T20:19:42+00:00","mainEntityOfPage":{"@id":"https:\/\/www.info-algerie.com\/actualites\/debut-des-travaux-de-la-reunion-ministerielle-tripartite-sur-la-crise-libyenne\/"},"wordCount":306,"commentCount":0,"publisher":{"@id":"https:\/\/www.info-algerie.com\/actualites\/#organization"},"image":{"@id":"https:\/\/www.info-algerie.com\/actualites\/debut-des-travaux-de-la-reunion-ministerielle-tripartite-sur-la-crise-libyenne\/#primaryimage"},"thumbnailUrl":"https:\/\/www.info-algerie.com\/actualites\/wp-content\/uploads\/2017\/06\/dc546eb16705029e6453b146f64811d6_S-1.jpg","keywords":["ONU"],"articleSection":["infos"],"inLanguage":"fr-FR","potentialAction":[{"@type":"CommentAction","name":"Comment","target":["https:\/\/www.info-algerie.com\/actualites\/debut-des-travaux-de-la-reunion-ministerielle-tripartite-sur-la-crise-libyenne\/#respond"]}]},{"@type":"WebPage","@id":"https:\/\/www.info-algerie.com\/actualites\/debut-des-travaux-de-la-reunion-ministerielle-tripartite-sur-la-crise-libyenne\/","url":"https:\/\/www.info-algerie.com\/actualites\/debut-des-travaux-de-la-reunion-ministerielle-tripartite-sur-la-crise-libyenne\/","name":"D\u00e9but des travaux de la r\u00e9union minist\u00e9rielle tripartite\u00a0sur la crise libyenne - info algerie","isPartOf":{"@id":"https:\/\/www.info-algerie.com\/actualites\/#website"},"primaryImageOfPage":{"@id":"https:\/\/www.info-algerie.com\/actualites\/debut-des-travaux-de-la-reunion-ministerielle-tripartite-sur-la-crise-libyenne\/#primaryimage"},"image":{"@id":"https:\/\/www.info-algerie.com\/actualites\/debut-des-travaux-de-la-reunion-ministerielle-tripartite-sur-la-crise-libyenne\/#primaryimage"},"thumbnailUrl":"https:\/\/www.info-algerie.com\/actualites\/wp-content\/uploads\/2017\/06\/dc546eb16705029e6453b146f64811d6_S-1.jpg","datePublished":"2017-06-05T20:19:42+00:00","breadcrumb":{"@id":"https:\/\/www.info-algerie.com\/actualites\/debut-des-travaux-de-la-reunion-ministerielle-tripartite-sur-la-crise-libyenne\/#breadcrumb"},"inLanguage":"fr-FR","potentialAction":[{"@type":"ReadAction","target":["https:\/\/www.info-algerie.com\/actualites\/debut-des-travaux-de-la-reunion-ministerielle-tripartite-sur-la-crise-libyenne\/"]}]},{"@type":"ImageObject","inLanguage":"fr-FR","@id":"https:\/\/www.info-algerie.com\/actualites\/debut-des-travaux-de-la-reunion-ministerielle-tripartite-sur-la-crise-libyenne\/#primaryimage","url":"https:\/\/www.info-algerie.com\/actualites\/wp-content\/uploads\/2017\/06\/dc546eb16705029e6453b146f64811d6_S-1.jpg","contentUrl":"https:\/\/www.info-algerie.com\/actualites\/wp-content\/uploads\/2017\/06\/dc546eb16705029e6453b146f64811d6_S-1.jpg","width":280,"height":182},{"@type":"BreadcrumbList","@id":"https:\/\/www.info-algerie.com\/actualites\/debut-des-travaux-de-la-reunion-ministerielle-tripartite-sur-la-crise-libyenne\/#breadcrumb","itemListElement":[{"@type":"ListItem","position":1,"name":"Accueil","item":"https:\/\/www.info-algerie.com\/actualites\/"},{"@type":"ListItem","position":2,"name":"D\u00e9but des travaux de la r\u00e9union minist\u00e9rielle tripartite\u00a0sur la crise libyenne"}]},{"@type":"WebSite","@id":"https:\/\/www.info-algerie.com\/actualites\/#website","url":"https:\/\/www.info-algerie.com\/actualites\/","name":"info algerie","description":"Toutes les actualit\u00e9s","publisher":{"@id":"https:\/\/www.info-algerie.com\/actualites\/#organization"},"potentialAction":[{"@type":"SearchAction","target":{"@type":"EntryPoint","urlTemplate":"https:\/\/www.info-algerie.com\/actualites\/?s={search_term_string}"},"query-input":{"@type":"PropertyValueSpecification","valueRequired":true,"valueName":"search_term_string"}}],"inLanguage":"fr-FR"},{"@type":"Organization","@id":"https:\/\/www.info-algerie.com\/actualites\/#organization","name":"info algerie","url":"https:\/\/www.info-algerie.com\/actualites\/","logo":{"@type":"ImageObject","inLanguage":"fr-FR","@id":"https:\/\/www.info-algerie.com\/actualites\/#\/schema\/logo\/image\/","url":"https:\/\/www.info-algerie.com\/actualites\/wp-content\/uploads\/2022\/07\/logo-ia-120.png","contentUrl":"https:\/\/www.info-algerie.com\/actualites\/wp-content\/uploads\/2022\/07\/logo-ia-120.png","width":120,"height":43,"caption":"info algerie"},"image":{"@id":"https:\/\/www.info-algerie.com\/actualites\/#\/schema\/logo\/image\/"},"sameAs":["https:\/\/www.facebook.com\/infoalgerieactu","https:\/\/x.com\/infoalgerie1"]},{"@type":"Person","@id":"https:\/\/www.info-algerie.com\/actualites\/#\/schema\/person\/847aaec44920825b843a08f30ec6aa1e","name":"La r\u00e9daction","image":{"@type":"ImageObject","inLanguage":"fr-FR","@id":"https:\/\/secure.gravatar.com\/avatar\/769db425c6f465158149f1ffd6cf61ce7a8a879d11dfbef8288af36dfddd418c?s=96&d=mm&r=g","url":"https:\/\/secure.gravatar.com\/avatar\/769db425c6f465158149f1ffd6cf61ce7a8a879d11dfbef8288af36dfddd418c?s=96&d=mm&r=g","contentUrl":"https:\/\/secure.gravatar.com\/avatar\/769db425c6f465158149f1ffd6cf61ce7a8a879d11dfbef8288af36dfddd418c?s=96&d=mm&r=g","caption":"La r\u00e9daction"},"sameAs":["http:\/\/www.lkeria.com\/"],"url":"https:\/\/www.info-algerie.com\/actualites\/author\/chakib32\/"}]}},"_links":{"self":[{"href":"https:\/\/www.info-algerie.com\/actualites\/wp-json\/wp\/v2\/posts\/12910","targetHints":{"allow":["GET"]}}],"collection":[{"href":"https:\/\/www.info-algerie.com\/actualites\/wp-json\/wp\/v2\/posts"}],"about":[{"href":"https:\/\/www.info-algerie.com\/actualites\/wp-json\/wp\/v2\/types\/post"}],"author":[{"embeddable":true,"href":"https:\/\/www.info-algerie.com\/actualites\/wp-json\/wp\/v2\/users\/6"}],"replies":[{"embeddable":true,"href":"https:\/\/www.info-algerie.com\/actualites\/wp-json\/wp\/v2\/comments?post=12910"}],"version-history":[{"count":0,"href":"https:\/\/www.info-algerie.com\/actualites\/wp-json\/wp\/v2\/posts\/12910\/revisions"}],"wp:featuredmedia":[{"embeddable":true,"href":"https:\/\/www.info-algerie.com\/actualites\/wp-json\/wp\/v2\/media\/12911"}],"wp:attachment":[{"href":"https:\/\/www.info-algerie.com\/actualites\/wp-json\/wp\/v2\/media?parent=12910"}],"wp:term":[{"taxonomy":"category","embeddable":true,"href":"https:\/\/www.info-algerie.com\/actualites\/wp-json\/wp\/v2\/categories?post=12910"},{"taxonomy":"post_tag","embeddable":true,"href":"https:\/\/www.info-algerie.com\/actualites\/wp-json\/wp\/v2\/tags?post=12910"}],"curies":[{"name":"wp","href":"https:\/\/api.w.org\/{rel}","templated":true}]}}