{"id":12912,"date":"2017-06-06T09:12:48","date_gmt":"2017-06-06T08:12:48","guid":{"rendered":"http:\/\/www.info-algerie.com\/actualites\/accord-politique-libyen-satisfaction-de-la-determination-par-les-libyens-des-points-concernes-par-lamendement\/"},"modified":"2017-06-06T09:12:48","modified_gmt":"2017-06-06T08:12:48","slug":"accord-politique-libyen-satisfaction-de-la-determination-par-les-libyens-des-points-concernes-par-lamendement","status":"publish","type":"post","link":"https:\/\/www.info-algerie.com\/actualites\/accord-politique-libyen-satisfaction-de-la-determination-par-les-libyens-des-points-concernes-par-lamendement\/","title":{"rendered":"Accord politique libyen: satisfaction de la d\u00e9termination, par les Libyens, des points concern\u00e9s par l&#039;amendement"},"content":{"rendered":"<div class=\"K2FeedIntroText\">\n<p>ALGER &#8211; Les ministres alg\u00e9rien, tunisien et \u00e9gyptien des\u00a0 Affaires \u00e9trang\u00e8res se sont f\u00e9licit\u00e9s lundi \u00e0 Alger de la d\u00e9termination,\u00a0 par les parties Libyennes, des points de l&rsquo;Accord politique concern\u00e9s par\u00a0<span style=\"font-size: 12.16px\">l&rsquo;amendement, mettant en avant l&rsquo;importance du m\u00e9canisme des pays voisins<\/span><span style=\"font-size: 12.16px\">\u00a0 <\/span><span style=\"font-size: 12.16px\">de la Libye initi\u00e9 par l&rsquo;Alg\u00e9rie et son approche pour le r\u00e8glement de la<\/span><span style=\"font-size: 12.16px\">\u00a0 <\/span><span style=\"font-size: 12.16px\">crise libyenne ax\u00e9e sur le dialogue et la r\u00e9conciliation nationale.<\/span><\/p>\n<p>&#013;\n<\/p><\/div>\n<div class=\"K2FeedFullText\">&#013;<\/p>\n<p>Dans \u00ab\u00a0La D\u00e9claration minist\u00e9rielle d&rsquo;Alger pour le soutien au r\u00e8glement\u00a0 politique inclusif en Libye\u00a0\u00bb ayant sanctionn\u00e9 les <a href=\"http:\/\/www.aps.dz\/algerie\/58565-debut-des-travaux-de-la-reunion-ministerielle-tripartite-algerie-tunisie-egypte-sur-la-crise-libyenne\"><strong>travaux de la r\u00e9union\u00a0 tripartite sur la Libye<\/strong><\/a> tenue lundi \u00e0 Alger, les ministres des Affaires\u00a0 \u00e9trang\u00e8res des trois pays \u00ab\u00a0se sont f\u00e9licit\u00e9s de la d\u00e9termination, par les\u00a0parties libyennes, des points de l&rsquo;Accord politique concern\u00e9s par\u00a0 l&rsquo;amendement\u00a0\u00bb, encourageant \u00ab\u00a0l&rsquo;acc\u00e9l\u00e9ration du lancement des n\u00e9gociations\u00a0 en vue d&rsquo;adopter des formules consensuelles et parachever la mise en oeuvre\u00a0 des dispositions de l&rsquo;Accord politique\u00a0\u00bb.\u00a0<\/p>\n<p>&#013;<\/p>\n<p>Les MAE des trois pays ont \u00e9galement salu\u00e9 \u00ab\u00a0les \u00e9tapes positives\u00a0 accomplies \u00e0 la faveur de la composition de la Commission mixte du\u00a0 dialogue, ainsi que les rencontres ayant regroup\u00e9 des personnalit\u00e9s\u00a0 politiques et d&rsquo;importants acteurs libyens\u00a0\u00bb.<\/p>\n<p>&#013;<\/p>\n<p>\u00ab\u00a0La D\u00e9claration minist\u00e9rielle d&rsquo;Alger pour le soutien au r\u00e8glement\u00a0 politique inclusif en Libye\u00a0\u00bb a relev\u00e9 l&rsquo;importance du m\u00e9canisme des pays\u00a0 voisins de la Libye initi\u00e9 par l&rsquo;Alg\u00e9rie, en mai 2014, en marge des\u00a0 r\u00e9unions minist\u00e9rielles du Mouvement des non-align\u00e9s et \u00ab\u00a0l&rsquo;approche adopt\u00e9e\u00a0par ce m\u00e9canisme dans le r\u00e8glement de la crise libyenne bas\u00e9e sur\u00a0 l&rsquo;accompagnement du peuple libyen dans sa qu\u00eate pour recouvrir sa s\u00e9curit\u00e9\u00a0 et sa stabilit\u00e9, rappelant les conclusions de ses r\u00e9unions\u00a0\u00bb.<\/p>\n<p>&#013;<\/p>\n<p>Les pays voisins de la Libye avaient convenu \u00e0 l&rsquo;issue de la r\u00e9union\u00a0 minist\u00e9rielle tenue le 8 mai 2017 \u00e0 Alger de la n\u00e9cessit\u00e9 d&rsquo;encourager la\u00a0 r\u00e9conciliation nationale en Libye, le rejet de toute forme de violence et\u00a0 d&rsquo;interf\u00e9rence \u00e9trang\u00e8re dans les affaires de la Libye et de toute option\u00a0 militaire, et ce pour assoir la r\u00e9conciliation nationale en Libye.\u00a0<\/p>\n<p>&#013;<\/p>\n<p>Les ministres ont \u00e9galement mis en avant le r\u00f4le de leurs pays (Alg\u00e9rie,\u00a0 Tunisie et Egypte) dans la relance du processus politique onusien et les\u00a0 efforts d\u00e9ploy\u00e9s par la Mission des Nations Unies pour parrainer le\u00a0 processus, qualifiant le transfert du si\u00e8ge de la mission onusienne en\u00a0 Libye vers la capitale libyenne Tripoli de \u00ab\u00a0pas positif\u00a0\u00bb.\u00a0<\/p>\n<p>&#013;<\/p>\n<p>Lors de cette r\u00e9union, les ministres des Affaires \u00e9trang\u00e8res des trois\u00a0 pays ont pass\u00e9 en revue la situation s\u00e9curitaire pr\u00e9valant en Libye et les\u00a0 affrontements survenus dans plusieurs villes et r\u00e9gions du pays, ainsi que\u00a0 les efforts des parties libyennes, au double plan nationale et local,\u00a0visant \u00e0 poursuivre le dialogue national inclusif et assoir la\u00a0 r\u00e9conciliation nationale dans le cadre de l&rsquo;initiative tripartite incluant\u00a0 l&rsquo;Alg\u00e9rie, la Tunisie et l&rsquo;Egypte.\u00a0<\/p>\n<p>&#013;<\/p>\n<p>L&rsquo;occasion a \u00e9galement \u00e9t\u00e9 pour examiner les efforts consentis par les\u00a0 trois pays en vue d&rsquo;encourager les parties libyennes \u00e0 trouver des\u00a0 solutions consensuelles aux points de divergences entravant la mise en\u00a0 oeuvre de l&rsquo;Accord politique.\u00a0<\/p>\n<p>&#013;<\/p>\n<p>\u00a0<\/p>\n<p>&#013;<\/p>\n<p class=\"MsoNormal\">Les trois parties ont convenu au terme de cette r\u00e9union de tenir la\u00a0 prochaine rencontre en Egypte. La date de ce rendez-vous sera fix\u00e9e\u00a0 ult\u00e9rieurement apr\u00e8s concertation entre les trois ministres des Affaires\u00a0 \u00e9trang\u00e8res. \u00a0<\/p>\n<\/div>\n<p>&#013;<br \/>\nSource: <a href=\"http:\/\/www.aps.dz\/algerie\/58568-accord-politique-libyen-satisfaction-de-la-determination-par-les-libyens-des-points-concernes-par-l-amendement\" target=\"_blank\">Accord politique libyen: satisfaction de la d\u00e9termination, par les Libyens, des points concern\u00e9s par l&rsquo;amendement<\/a><\/p>\n<!--CusAds0-->\n<div style=\"font-size: 0px; height: 0px; line-height: 0px; margin: 0; padding: 0; clear: both;\"><\/div>","protected":false},"excerpt":{"rendered":"<p>ALGER &#8211; Les ministres alg\u00e9rien, tunisien et \u00e9gyptien des\u00a0 Affaires \u00e9trang\u00e8res se sont f\u00e9licit\u00e9s lundi \u00e0 Alger de la d\u00e9termination,\u00a0 par les parties Libyennes, des points de l&rsquo;Accord politique concern\u00e9s par\u00a0l&rsquo;amendement, mettant en avant l&rsquo;importance du m\u00e9canisme des pays voisins\u00a0 de la Libye initi\u00e9 par l&rsquo;Alg\u00e9rie et son approche pour le r\u00e8glement de la\u00a0 crise<\/p>\n","protected":false},"author":6,"featured_media":0,"comment_status":"open","ping_status":"open","sticky":false,"template":"","format":"standard","meta":{"footnotes":""},"categories":[22],"tags":[93],"class_list":["post-12912","post","type-post","status-publish","format-standard","hentry","category-infos","tag-onu"],"yoast_head":"<!-- This site is optimized with the Yoast SEO plugin v27.5 - https:\/\/yoast.com\/product\/yoast-seo-wordpress\/ -->\n<title>Accord politique libyen: satisfaction de la d\u00e9termination, par les Libyens, des points concern\u00e9s par l&#039;amendement - info algerie<\/title>\n<meta name=\"robots\" content=\"index, follow, max-snippet:-1, max-image-preview:large, max-video-preview:-1\" \/>\n<link rel=\"canonical\" href=\"https:\/\/www.info-algerie.com\/actualites\/accord-politique-libyen-satisfaction-de-la-determination-par-les-libyens-des-points-concernes-par-lamendement\/\" \/>\n<meta property=\"og:locale\" content=\"fr_FR\" \/>\n<meta property=\"og:type\" content=\"article\" \/>\n<meta property=\"og:title\" content=\"Accord politique libyen: satisfaction de la d\u00e9termination, par les Libyens, des points concern\u00e9s par l&#039;amendement - info algerie\" \/>\n<meta property=\"og:description\" content=\"ALGER &#8211; Les ministres alg\u00e9rien, tunisien et \u00e9gyptien des\u00a0 Affaires \u00e9trang\u00e8res se sont f\u00e9licit\u00e9s lundi \u00e0 Alger de la d\u00e9termination,\u00a0 par les parties Libyennes, des points de l&rsquo;Accord politique concern\u00e9s par\u00a0l&rsquo;amendement, mettant en avant l&rsquo;importance du m\u00e9canisme des pays voisins\u00a0 de la Libye initi\u00e9 par l&rsquo;Alg\u00e9rie et son approche pour le r\u00e8glement de la\u00a0 crise\" \/>\n<meta property=\"og:url\" content=\"https:\/\/www.info-algerie.com\/actualites\/accord-politique-libyen-satisfaction-de-la-determination-par-les-libyens-des-points-concernes-par-lamendement\/\" \/>\n<meta property=\"og:site_name\" content=\"info algerie\" \/>\n<meta property=\"article:publisher\" content=\"https:\/\/www.facebook.com\/infoalgerieactu\" \/>\n<meta property=\"article:published_time\" content=\"2017-06-06T08:12:48+00:00\" \/>\n<meta name=\"author\" content=\"La r\u00e9daction\" \/>\n<meta name=\"twitter:label1\" content=\"\u00c9crit par\" \/>\n\t<meta name=\"twitter:data1\" content=\"La r\u00e9daction\" \/>\n\t<meta name=\"twitter:label2\" content=\"Dur\u00e9e de lecture estim\u00e9e\" \/>\n\t<meta name=\"twitter:data2\" content=\"3 minutes\" \/>\n<script type=\"application\/ld+json\" class=\"yoast-schema-graph\">{\"@context\":\"https:\\\/\\\/schema.org\",\"@graph\":[{\"@type\":\"Article\",\"@id\":\"https:\\\/\\\/www.info-algerie.com\\\/actualites\\\/accord-politique-libyen-satisfaction-de-la-determination-par-les-libyens-des-points-concernes-par-lamendement\\\/#article\",\"isPartOf\":{\"@id\":\"https:\\\/\\\/www.info-algerie.com\\\/actualites\\\/accord-politique-libyen-satisfaction-de-la-determination-par-les-libyens-des-points-concernes-par-lamendement\\\/\"},\"author\":{\"name\":\"La r\u00e9daction\",\"@id\":\"https:\\\/\\\/www.info-algerie.com\\\/actualites\\\/#\\\/schema\\\/person\\\/847aaec44920825b843a08f30ec6aa1e\"},\"headline\":\"Accord politique libyen: satisfaction de la d\u00e9termination, par les Libyens, des points concern\u00e9s par l&#039;amendement\",\"datePublished\":\"2017-06-06T08:12:48+00:00\",\"mainEntityOfPage\":{\"@id\":\"https:\\\/\\\/www.info-algerie.com\\\/actualites\\\/accord-politique-libyen-satisfaction-de-la-determination-par-les-libyens-des-points-concernes-par-lamendement\\\/\"},\"wordCount\":625,\"commentCount\":0,\"publisher\":{\"@id\":\"https:\\\/\\\/www.info-algerie.com\\\/actualites\\\/#organization\"},\"keywords\":[\"ONU\"],\"articleSection\":[\"infos\"],\"inLanguage\":\"fr-FR\",\"potentialAction\":[{\"@type\":\"CommentAction\",\"name\":\"Comment\",\"target\":[\"https:\\\/\\\/www.info-algerie.com\\\/actualites\\\/accord-politique-libyen-satisfaction-de-la-determination-par-les-libyens-des-points-concernes-par-lamendement\\\/#respond\"]}]},{\"@type\":\"WebPage\",\"@id\":\"https:\\\/\\\/www.info-algerie.com\\\/actualites\\\/accord-politique-libyen-satisfaction-de-la-determination-par-les-libyens-des-points-concernes-par-lamendement\\\/\",\"url\":\"https:\\\/\\\/www.info-algerie.com\\\/actualites\\\/accord-politique-libyen-satisfaction-de-la-determination-par-les-libyens-des-points-concernes-par-lamendement\\\/\",\"name\":\"Accord politique libyen: satisfaction de la d\u00e9termination, par les Libyens, des points concern\u00e9s par l&#039;amendement - info algerie\",\"isPartOf\":{\"@id\":\"https:\\\/\\\/www.info-algerie.com\\\/actualites\\\/#website\"},\"datePublished\":\"2017-06-06T08:12:48+00:00\",\"breadcrumb\":{\"@id\":\"https:\\\/\\\/www.info-algerie.com\\\/actualites\\\/accord-politique-libyen-satisfaction-de-la-determination-par-les-libyens-des-points-concernes-par-lamendement\\\/#breadcrumb\"},\"inLanguage\":\"fr-FR\",\"potentialAction\":[{\"@type\":\"ReadAction\",\"target\":[\"https:\\\/\\\/www.info-algerie.com\\\/actualites\\\/accord-politique-libyen-satisfaction-de-la-determination-par-les-libyens-des-points-concernes-par-lamendement\\\/\"]}]},{\"@type\":\"BreadcrumbList\",\"@id\":\"https:\\\/\\\/www.info-algerie.com\\\/actualites\\\/accord-politique-libyen-satisfaction-de-la-determination-par-les-libyens-des-points-concernes-par-lamendement\\\/#breadcrumb\",\"itemListElement\":[{\"@type\":\"ListItem\",\"position\":1,\"name\":\"Accueil\",\"item\":\"https:\\\/\\\/www.info-algerie.com\\\/actualites\\\/\"},{\"@type\":\"ListItem\",\"position\":2,\"name\":\"Accord politique libyen: satisfaction de la d\u00e9termination, par les Libyens, des points concern\u00e9s par l&#039;amendement\"}]},{\"@type\":\"WebSite\",\"@id\":\"https:\\\/\\\/www.info-algerie.com\\\/actualites\\\/#website\",\"url\":\"https:\\\/\\\/www.info-algerie.com\\\/actualites\\\/\",\"name\":\"info algerie\",\"description\":\"Toutes les actualit\u00e9s\",\"publisher\":{\"@id\":\"https:\\\/\\\/www.info-algerie.com\\\/actualites\\\/#organization\"},\"potentialAction\":[{\"@type\":\"SearchAction\",\"target\":{\"@type\":\"EntryPoint\",\"urlTemplate\":\"https:\\\/\\\/www.info-algerie.com\\\/actualites\\\/?s={search_term_string}\"},\"query-input\":{\"@type\":\"PropertyValueSpecification\",\"valueRequired\":true,\"valueName\":\"search_term_string\"}}],\"inLanguage\":\"fr-FR\"},{\"@type\":\"Organization\",\"@id\":\"https:\\\/\\\/www.info-algerie.com\\\/actualites\\\/#organization\",\"name\":\"info algerie\",\"url\":\"https:\\\/\\\/www.info-algerie.com\\\/actualites\\\/\",\"logo\":{\"@type\":\"ImageObject\",\"inLanguage\":\"fr-FR\",\"@id\":\"https:\\\/\\\/www.info-algerie.com\\\/actualites\\\/#\\\/schema\\\/logo\\\/image\\\/\",\"url\":\"https:\\\/\\\/www.info-algerie.com\\\/actualites\\\/wp-content\\\/uploads\\\/2022\\\/07\\\/logo-ia-120.png\",\"contentUrl\":\"https:\\\/\\\/www.info-algerie.com\\\/actualites\\\/wp-content\\\/uploads\\\/2022\\\/07\\\/logo-ia-120.png\",\"width\":120,\"height\":43,\"caption\":\"info algerie\"},\"image\":{\"@id\":\"https:\\\/\\\/www.info-algerie.com\\\/actualites\\\/#\\\/schema\\\/logo\\\/image\\\/\"},\"sameAs\":[\"https:\\\/\\\/www.facebook.com\\\/infoalgerieactu\",\"https:\\\/\\\/x.com\\\/infoalgerie1\"]},{\"@type\":\"Person\",\"@id\":\"https:\\\/\\\/www.info-algerie.com\\\/actualites\\\/#\\\/schema\\\/person\\\/847aaec44920825b843a08f30ec6aa1e\",\"name\":\"La r\u00e9daction\",\"image\":{\"@type\":\"ImageObject\",\"inLanguage\":\"fr-FR\",\"@id\":\"https:\\\/\\\/secure.gravatar.com\\\/avatar\\\/769db425c6f465158149f1ffd6cf61ce7a8a879d11dfbef8288af36dfddd418c?s=96&d=mm&r=g\",\"url\":\"https:\\\/\\\/secure.gravatar.com\\\/avatar\\\/769db425c6f465158149f1ffd6cf61ce7a8a879d11dfbef8288af36dfddd418c?s=96&d=mm&r=g\",\"contentUrl\":\"https:\\\/\\\/secure.gravatar.com\\\/avatar\\\/769db425c6f465158149f1ffd6cf61ce7a8a879d11dfbef8288af36dfddd418c?s=96&d=mm&r=g\",\"caption\":\"La r\u00e9daction\"},\"sameAs\":[\"http:\\\/\\\/www.lkeria.com\\\/\"],\"url\":\"https:\\\/\\\/www.info-algerie.com\\\/actualites\\\/author\\\/chakib32\\\/\"}]}<\/script>\n<!-- \/ Yoast SEO plugin. -->","yoast_head_json":{"title":"Accord politique libyen: satisfaction de la d\u00e9termination, par les Libyens, des points concern\u00e9s par l&#039;amendement - info algerie","robots":{"index":"index","follow":"follow","max-snippet":"max-snippet:-1","max-image-preview":"max-image-preview:large","max-video-preview":"max-video-preview:-1"},"canonical":"https:\/\/www.info-algerie.com\/actualites\/accord-politique-libyen-satisfaction-de-la-determination-par-les-libyens-des-points-concernes-par-lamendement\/","og_locale":"fr_FR","og_type":"article","og_title":"Accord politique libyen: satisfaction de la d\u00e9termination, par les Libyens, des points concern\u00e9s par l&#039;amendement - info algerie","og_description":"ALGER &#8211; Les ministres alg\u00e9rien, tunisien et \u00e9gyptien des\u00a0 Affaires \u00e9trang\u00e8res se sont f\u00e9licit\u00e9s lundi \u00e0 Alger de la d\u00e9termination,\u00a0 par les parties Libyennes, des points de l&rsquo;Accord politique concern\u00e9s par\u00a0l&rsquo;amendement, mettant en avant l&rsquo;importance du m\u00e9canisme des pays voisins\u00a0 de la Libye initi\u00e9 par l&rsquo;Alg\u00e9rie et son approche pour le r\u00e8glement de la\u00a0 crise","og_url":"https:\/\/www.info-algerie.com\/actualites\/accord-politique-libyen-satisfaction-de-la-determination-par-les-libyens-des-points-concernes-par-lamendement\/","og_site_name":"info algerie","article_publisher":"https:\/\/www.facebook.com\/infoalgerieactu","article_published_time":"2017-06-06T08:12:48+00:00","author":"La r\u00e9daction","twitter_misc":{"\u00c9crit par":"La r\u00e9daction","Dur\u00e9e de lecture estim\u00e9e":"3 minutes"},"schema":{"@context":"https:\/\/schema.org","@graph":[{"@type":"Article","@id":"https:\/\/www.info-algerie.com\/actualites\/accord-politique-libyen-satisfaction-de-la-determination-par-les-libyens-des-points-concernes-par-lamendement\/#article","isPartOf":{"@id":"https:\/\/www.info-algerie.com\/actualites\/accord-politique-libyen-satisfaction-de-la-determination-par-les-libyens-des-points-concernes-par-lamendement\/"},"author":{"name":"La r\u00e9daction","@id":"https:\/\/www.info-algerie.com\/actualites\/#\/schema\/person\/847aaec44920825b843a08f30ec6aa1e"},"headline":"Accord politique libyen: satisfaction de la d\u00e9termination, par les Libyens, des points concern\u00e9s par l&#039;amendement","datePublished":"2017-06-06T08:12:48+00:00","mainEntityOfPage":{"@id":"https:\/\/www.info-algerie.com\/actualites\/accord-politique-libyen-satisfaction-de-la-determination-par-les-libyens-des-points-concernes-par-lamendement\/"},"wordCount":625,"commentCount":0,"publisher":{"@id":"https:\/\/www.info-algerie.com\/actualites\/#organization"},"keywords":["ONU"],"articleSection":["infos"],"inLanguage":"fr-FR","potentialAction":[{"@type":"CommentAction","name":"Comment","target":["https:\/\/www.info-algerie.com\/actualites\/accord-politique-libyen-satisfaction-de-la-determination-par-les-libyens-des-points-concernes-par-lamendement\/#respond"]}]},{"@type":"WebPage","@id":"https:\/\/www.info-algerie.com\/actualites\/accord-politique-libyen-satisfaction-de-la-determination-par-les-libyens-des-points-concernes-par-lamendement\/","url":"https:\/\/www.info-algerie.com\/actualites\/accord-politique-libyen-satisfaction-de-la-determination-par-les-libyens-des-points-concernes-par-lamendement\/","name":"Accord politique libyen: satisfaction de la d\u00e9termination, par les Libyens, des points concern\u00e9s par l&#039;amendement - info algerie","isPartOf":{"@id":"https:\/\/www.info-algerie.com\/actualites\/#website"},"datePublished":"2017-06-06T08:12:48+00:00","breadcrumb":{"@id":"https:\/\/www.info-algerie.com\/actualites\/accord-politique-libyen-satisfaction-de-la-determination-par-les-libyens-des-points-concernes-par-lamendement\/#breadcrumb"},"inLanguage":"fr-FR","potentialAction":[{"@type":"ReadAction","target":["https:\/\/www.info-algerie.com\/actualites\/accord-politique-libyen-satisfaction-de-la-determination-par-les-libyens-des-points-concernes-par-lamendement\/"]}]},{"@type":"BreadcrumbList","@id":"https:\/\/www.info-algerie.com\/actualites\/accord-politique-libyen-satisfaction-de-la-determination-par-les-libyens-des-points-concernes-par-lamendement\/#breadcrumb","itemListElement":[{"@type":"ListItem","position":1,"name":"Accueil","item":"https:\/\/www.info-algerie.com\/actualites\/"},{"@type":"ListItem","position":2,"name":"Accord politique libyen: satisfaction de la d\u00e9termination, par les Libyens, des points concern\u00e9s par l&#039;amendement"}]},{"@type":"WebSite","@id":"https:\/\/www.info-algerie.com\/actualites\/#website","url":"https:\/\/www.info-algerie.com\/actualites\/","name":"info algerie","description":"Toutes les actualit\u00e9s","publisher":{"@id":"https:\/\/www.info-algerie.com\/actualites\/#organization"},"potentialAction":[{"@type":"SearchAction","target":{"@type":"EntryPoint","urlTemplate":"https:\/\/www.info-algerie.com\/actualites\/?s={search_term_string}"},"query-input":{"@type":"PropertyValueSpecification","valueRequired":true,"valueName":"search_term_string"}}],"inLanguage":"fr-FR"},{"@type":"Organization","@id":"https:\/\/www.info-algerie.com\/actualites\/#organization","name":"info algerie","url":"https:\/\/www.info-algerie.com\/actualites\/","logo":{"@type":"ImageObject","inLanguage":"fr-FR","@id":"https:\/\/www.info-algerie.com\/actualites\/#\/schema\/logo\/image\/","url":"https:\/\/www.info-algerie.com\/actualites\/wp-content\/uploads\/2022\/07\/logo-ia-120.png","contentUrl":"https:\/\/www.info-algerie.com\/actualites\/wp-content\/uploads\/2022\/07\/logo-ia-120.png","width":120,"height":43,"caption":"info algerie"},"image":{"@id":"https:\/\/www.info-algerie.com\/actualites\/#\/schema\/logo\/image\/"},"sameAs":["https:\/\/www.facebook.com\/infoalgerieactu","https:\/\/x.com\/infoalgerie1"]},{"@type":"Person","@id":"https:\/\/www.info-algerie.com\/actualites\/#\/schema\/person\/847aaec44920825b843a08f30ec6aa1e","name":"La r\u00e9daction","image":{"@type":"ImageObject","inLanguage":"fr-FR","@id":"https:\/\/secure.gravatar.com\/avatar\/769db425c6f465158149f1ffd6cf61ce7a8a879d11dfbef8288af36dfddd418c?s=96&d=mm&r=g","url":"https:\/\/secure.gravatar.com\/avatar\/769db425c6f465158149f1ffd6cf61ce7a8a879d11dfbef8288af36dfddd418c?s=96&d=mm&r=g","contentUrl":"https:\/\/secure.gravatar.com\/avatar\/769db425c6f465158149f1ffd6cf61ce7a8a879d11dfbef8288af36dfddd418c?s=96&d=mm&r=g","caption":"La r\u00e9daction"},"sameAs":["http:\/\/www.lkeria.com\/"],"url":"https:\/\/www.info-algerie.com\/actualites\/author\/chakib32\/"}]}},"_links":{"self":[{"href":"https:\/\/www.info-algerie.com\/actualites\/wp-json\/wp\/v2\/posts\/12912","targetHints":{"allow":["GET"]}}],"collection":[{"href":"https:\/\/www.info-algerie.com\/actualites\/wp-json\/wp\/v2\/posts"}],"about":[{"href":"https:\/\/www.info-algerie.com\/actualites\/wp-json\/wp\/v2\/types\/post"}],"author":[{"embeddable":true,"href":"https:\/\/www.info-algerie.com\/actualites\/wp-json\/wp\/v2\/users\/6"}],"replies":[{"embeddable":true,"href":"https:\/\/www.info-algerie.com\/actualites\/wp-json\/wp\/v2\/comments?post=12912"}],"version-history":[{"count":0,"href":"https:\/\/www.info-algerie.com\/actualites\/wp-json\/wp\/v2\/posts\/12912\/revisions"}],"wp:attachment":[{"href":"https:\/\/www.info-algerie.com\/actualites\/wp-json\/wp\/v2\/media?parent=12912"}],"wp:term":[{"taxonomy":"category","embeddable":true,"href":"https:\/\/www.info-algerie.com\/actualites\/wp-json\/wp\/v2\/categories?post=12912"},{"taxonomy":"post_tag","embeddable":true,"href":"https:\/\/www.info-algerie.com\/actualites\/wp-json\/wp\/v2\/tags?post=12912"}],"curies":[{"name":"wp","href":"https:\/\/api.w.org\/{rel}","templated":true}]}}