{"id":12917,"date":"2017-06-06T08:31:41","date_gmt":"2017-06-06T07:31:41","guid":{"rendered":"http:\/\/www.info-algerie.com\/actualites\/crise-libyenne-la-coordination-entre-les-pays-voisins-est-permanente\/"},"modified":"2017-06-06T08:31:41","modified_gmt":"2017-06-06T07:31:41","slug":"crise-libyenne-la-coordination-entre-les-pays-voisins-est-permanente","status":"publish","type":"post","link":"https:\/\/www.info-algerie.com\/actualites\/crise-libyenne-la-coordination-entre-les-pays-voisins-est-permanente\/","title":{"rendered":"Crise libyenne: la coordination entre les pays voisins est &quot;permanente&quot;"},"content":{"rendered":"<div class=\"K2FeedImage\"><img decoding=\"async\" src=\"https:\/\/www.info-algerie.com\/actualites\/wp-content\/uploads\/2017\/06\/0acd8e1cc8f61068fee697bbc1fe81c2_S.jpg\" \/><\/div>\n<div class=\"K2FeedIntroText\">\n<p>ALGER- Le ministre des Affaires \u00e9trang\u00e8res, Abdelkader\u00a0 Messahel, a indiqu\u00e9 lundi \u00e0 Alger que la coordination entre les pays\u00a0 voisins de la Libye, notamment l&rsquo;Alg\u00e9rie, la Tunisie et l&rsquo;Egypte, \u00e9tait\u00a0 \u00ab\u00a0permanente\u00a0\u00bb pour accompagner les Libyens en vue du r\u00e8glement de la crise\u00a0 que traverse leur pays loin de toute intervention \u00e9trang\u00e8re.<\/p>\n<p>&#013;\n<\/p><\/div>\n<div class=\"K2FeedFullText\">&#013;<\/p>\n<p>\u00a0Dans une d\u00e9claration \u00e0 la presse \u00e0 l&rsquo;issue de ses entretiens avec\u00a0 son homologue \u00e9gyptien, Sameh Chokri, M. Messahel a pr\u00e9cis\u00e9 avoir abord\u00e9 la\u00a0 situation en Libye, mettant en avant la coordination \u00ab\u00a0permanente\u00a0\u00bb entre les\u00a0 pays voisins de la Libye, notamment l&rsquo;Alg\u00e9rie, la Tunisie et l&rsquo;Egypte,\u00a0 \u00ab\u00a0pour accompagner les Libyens afin qu&rsquo;ils puissent r\u00e9gler eux-m\u00eames leurs\u00a0 probl\u00e8mes loin de toute intervention \u00e9trang\u00e8re et dans le cadre de\u00a0 l&rsquo;int\u00e9grit\u00e9 territoriale de la Libye\u00a0\u00bb.<\/p>\n<p>&#013;<\/p>\n<p>\u00a0Il a, \u00e0 cet \u00e9gard, rappel\u00e9 la derni\u00e8re r\u00e9union des pays voisins de\u00a0 la Libye <a href=\"http:\/\/www.aps.dz\/algerie\/57209-12eme-session-ministerielle-des-pays-voisins-de-la-libye-prevue-a-tripoli-un-message-de-solidarite-avec-le-peuple-libyen-messahel\">tenue \u00e0 Alger le 8 mai.<\/a><\/p>\n<p>&#013;<\/p>\n<p>Le ministre a \u00e9galement indiqu\u00e9 avoir abord\u00e9 avec son homologue la\u00a0 situation dans la r\u00e9gion qui est, a-t-il dit, \u00ab\u00a0menac\u00e9e par le terrorisme,\u00a0 le crime organis\u00e9 et la migration clandestine\u00a0\u00bb, mettant l&rsquo;accent sur\u00a0 l&rsquo;importance de la coordination \u00ab\u00a0permanente et continue\u00a0\u00bb entre l&rsquo;Alg\u00e9rie et\u00a0 l&rsquo;Egypte pour faire face \u00e0 ces d\u00e9fis.<\/p>\n<p>&#013;<\/p>\n<p>Apr\u00e8s avoir rappel\u00e9 les sacrifices consentis par les deux pays dans\u00a0 la lutte contre le terrorisme, le chef de la diplomatie a insist\u00e9 sur\u00a0 l&rsquo;importance de la coordination bilat\u00e9rale et au niveau de l&rsquo;Organisation\u00a0 des Nations Unies et des autres organisations internationales.<\/p>\n<p>&#013;<\/p>\n<p>Les entretiens ont aussi port\u00e9 sur la question de la r\u00e9forme de la\u00a0 Ligue arabe, a fait savoir M. Messahel, pr\u00e9cisant que l&rsquo;Alg\u00e9rie plaidait\u00a0 pour une r\u00e9forme \u00ab\u00a0en profondeur\u00a0\u00bb de l&rsquo;organisation afin de l&rsquo;adapter aux\u00a0 mutations g\u00e9ostrat\u00e9giques en cours dans le monde et la mettre au service\u00a0 des peuples et des Etats arabes.<\/p>\n<p>&#013;<\/p>\n<p>Le ministre s&rsquo;est \u00e9galement f\u00e9licit\u00e9 de la \u00ab\u00a0coordination\u00a0 permanente\u00a0\u00bb entre l&rsquo;Alg\u00e9rie et l&rsquo;Egypte au niveau de l&rsquo;Union africaine.<\/p>\n<p>&#013;<\/p>\n<p>Concernant les relations alg\u00e9ro-\u00e9gyptiennes, M. Messahel les a\u00a0 qualifi\u00e9es d'\u00a0\u00bbexceptionnelles\u00a0\u00bb dans diff\u00e9rents domaines, faisant part de la\u00a0 volont\u00e9 des deux pays de renforcer leur coop\u00e9ration \u00e9conomique.<\/p>\n<p>&#013;<\/p>\n<p>Le ministre a pr\u00e9cis\u00e9 que les deux parties avaient \u00e9voqu\u00e9 les\u00a0 pr\u00e9paratifs de la r\u00e9union de la Grande commission mixte et de la r\u00e9union du\u00a0 Comit\u00e9 de suivi qui la pr\u00e9c\u00e8dera pour \u00e9valuer la mise en oeuvre des\u00a0 d\u00e9cisions prises lors de la pr\u00e9c\u00e9dente session tenue au Caire.<\/p>\n<p>&#013;<\/p>\n<p>M. Chokri a, pour sa part, pr\u00e9cis\u00e9 que sa visite \u00ab\u00a0participe du\u00a0 souci de poursuivre la coordination entre les deux pays\u00a0\u00bb, soulignant que\u00a0 cette coordination proc\u00e9dait de la volont\u00e9 des dirigeants des deux pays,\u00a0 Abdelaziz Bouteflika et Abdel Fattah Al-Sissi, de faire face aux d\u00e9fis qui\u00a0 se posent \u00e0 l&rsquo;Alg\u00e9rie et \u00e0 l&rsquo;Egypte et de renforcer la coop\u00e9ration au mieux\u00a0 des int\u00e9r\u00eats des deux peuples et pour prot\u00e9ger la s\u00e9curit\u00e9 nationale arabe\u00a0 contre les dangers qui la menacent.<\/p>\n<p>&#013;<\/p>\n<p>La rencontre a permis d&rsquo;aborder, en premier lieu, les relations\u00a0 bilat\u00e9rales et le souci commun de les d\u00e9velopper sur les plans politique,\u00a0 \u00e9conomique, culturel et social, et d&rsquo;intensifier les investissements\u00a0 \u00e9gyptiens en Alg\u00e9rie, par l&rsquo;ouverture d&rsquo;autres cr\u00e9neaux de commerce entre\u00a0<\/p>\n<p>&#013;<\/p>\n<p>les deux pays, a ajout\u00e9 M. Chokri qui a exprim\u00e9 ses remerciements au\u00a0 gouvernement alg\u00e9rien pour les facilitations accord\u00e9es \u00e0 l&rsquo;importation des\u00a0 produits \u00e9gyptiens, \u00ab\u00a0ce qui est \u00e0 m\u00eame, a-t-il dit, de favoriser\u00a0 l&rsquo;augmentation des \u00e9changes commerciaux et de renforcer les liens entre les\u00a0 deux pays\u00a0\u00bb.<\/p>\n<p>&#013;<\/p>\n<p>Les discussions ont \u00e9galement port\u00e9 sur les questions r\u00e9gionales,\u00a0 notamment les derniers d\u00e9veloppements en Libye, la lutte contre le\u00a0 terrorisme, la question palestinienne, et la situation en Syrie et au\u00a0 Y\u00e9men, a pr\u00e9cis\u00e9 le ministre \u00e9gyptien qui a fait \u00e9galement \u00e9tat d'\u00a0\u00bbune\u00a0 grande convergence\u00a0\u00bb de points de vue des deux pays concernant ces\u00a0 questions, a-t-il indiqu\u00e9.<\/p>\n<p>&#013;<\/p>\n<p>\u00a0\u00a0\u00bb Nous avons \u00e9galement discut\u00e9 de l&rsquo;importance de poursuivre l&rsquo;\u00e9troite\u00a0 coordination dans le cadre de notre action africaine commune pour la\u00a0 concr\u00e9tisation des efforts de d\u00e9veloppement des pays africains et \u00e9voqu\u00e9 la\u00a0 contribution de l&rsquo;Alg\u00e9rie et de l&rsquo;Egypte dans ce sens ainsi que la r\u00e9forme\u00a0 de l&rsquo;organisation africaine\u00a0\u00bb, a pr\u00e9cis\u00e9 M. Chokri.<\/p>\n<p>&#013;<\/p>\n<p>Le ministre \u00e9gyptien des Affaires \u00e9trang\u00e8res, Samah Chokri, est arriv\u00e9\u00a0 lundi \u00e0 Alger pour prendre part \u00e0 la r\u00e9union minist\u00e9rielle tripartite\u00a0 Alg\u00e9rie-Tunisie-Egypte sur la Libye, consacr\u00e9e \u00e0 l&rsquo;\u00e9valuation de la\u00a0 situation dans ce pays \u00e0 la lumi\u00e8re des derniers d\u00e9veloppements\u00a0 s\u00e9curitaires, pour parvenir \u00e0 un r\u00e8glement politique de la crise qui secoue\u00a0 le pays depuis 2011.<\/p>\n<\/div>\n<p>&#013;<br \/>\nSource: <a href=\"http:\/\/www.aps.dz\/algerie\/58566-crise-libyenne-la-coordination-entre-les-pays-voisins-est-permanente\" target=\"_blank\">Crise libyenne: la coordination entre les pays voisins est \u00ab\u00a0permanente\u00a0\u00bb<\/a><\/p>\n<!--CusAds0-->\n<div style=\"font-size: 0px; height: 0px; line-height: 0px; margin: 0; padding: 0; clear: both;\"><\/div>","protected":false},"excerpt":{"rendered":"<p>ALGER- Le ministre des Affaires \u00e9trang\u00e8res, Abdelkader\u00a0 Messahel, a indiqu\u00e9 lundi \u00e0 Alger que la coordination entre les pays\u00a0 voisins de la Libye, notamment l&rsquo;Alg\u00e9rie, la Tunisie et l&rsquo;Egypte, \u00e9tait\u00a0 \u00ab\u00a0permanente\u00a0\u00bb pour accompagner les Libyens en vue du r\u00e8glement de la crise\u00a0 que traverse leur pays loin de toute intervention \u00e9trang\u00e8re. &#013; &#013; \u00a0Dans une<\/p>\n","protected":false},"author":6,"featured_media":12918,"comment_status":"open","ping_status":"open","sticky":false,"template":"","format":"standard","meta":{"footnotes":""},"categories":[22],"tags":[93],"class_list":["post-12917","post","type-post","status-publish","format-standard","has-post-thumbnail","hentry","category-infos","tag-onu"],"yoast_head":"<!-- This site is optimized with the Yoast SEO plugin v27.5 - https:\/\/yoast.com\/product\/yoast-seo-wordpress\/ -->\n<title>Crise libyenne: la coordination entre les pays voisins est &quot;permanente&quot; - info algerie<\/title>\n<meta name=\"robots\" content=\"index, follow, max-snippet:-1, max-image-preview:large, max-video-preview:-1\" \/>\n<link rel=\"canonical\" href=\"https:\/\/www.info-algerie.com\/actualites\/crise-libyenne-la-coordination-entre-les-pays-voisins-est-permanente\/\" \/>\n<meta property=\"og:locale\" content=\"fr_FR\" \/>\n<meta property=\"og:type\" content=\"article\" \/>\n<meta property=\"og:title\" content=\"Crise libyenne: la coordination entre les pays voisins est &quot;permanente&quot; - info algerie\" \/>\n<meta property=\"og:description\" content=\"ALGER- Le ministre des Affaires \u00e9trang\u00e8res, Abdelkader\u00a0 Messahel, a indiqu\u00e9 lundi \u00e0 Alger que la coordination entre les pays\u00a0 voisins de la Libye, notamment l&rsquo;Alg\u00e9rie, la Tunisie et l&rsquo;Egypte, \u00e9tait\u00a0 \u00ab\u00a0permanente\u00a0\u00bb pour accompagner les Libyens en vue du r\u00e8glement de la crise\u00a0 que traverse leur pays loin de toute intervention \u00e9trang\u00e8re. &#013; &#013; \u00a0Dans une\" \/>\n<meta property=\"og:url\" content=\"https:\/\/www.info-algerie.com\/actualites\/crise-libyenne-la-coordination-entre-les-pays-voisins-est-permanente\/\" \/>\n<meta property=\"og:site_name\" content=\"info algerie\" \/>\n<meta property=\"article:publisher\" content=\"https:\/\/www.facebook.com\/infoalgerieactu\" \/>\n<meta property=\"article:published_time\" content=\"2017-06-06T07:31:41+00:00\" \/>\n<meta property=\"og:image\" content=\"https:\/\/www.info-algerie.com\/actualites\/wp-content\/uploads\/2017\/06\/0acd8e1cc8f61068fee697bbc1fe81c2_S-1.jpg\" \/>\n\t<meta property=\"og:image:width\" content=\"280\" \/>\n\t<meta property=\"og:image:height\" content=\"169\" \/>\n\t<meta property=\"og:image:type\" content=\"image\/jpeg\" \/>\n<meta name=\"author\" content=\"La r\u00e9daction\" \/>\n<meta name=\"twitter:label1\" content=\"\u00c9crit par\" \/>\n\t<meta name=\"twitter:data1\" content=\"La r\u00e9daction\" \/>\n\t<meta name=\"twitter:label2\" content=\"Dur\u00e9e de lecture estim\u00e9e\" \/>\n\t<meta name=\"twitter:data2\" content=\"4 minutes\" \/>\n<script type=\"application\/ld+json\" class=\"yoast-schema-graph\">{\"@context\":\"https:\\\/\\\/schema.org\",\"@graph\":[{\"@type\":\"Article\",\"@id\":\"https:\\\/\\\/www.info-algerie.com\\\/actualites\\\/crise-libyenne-la-coordination-entre-les-pays-voisins-est-permanente\\\/#article\",\"isPartOf\":{\"@id\":\"https:\\\/\\\/www.info-algerie.com\\\/actualites\\\/crise-libyenne-la-coordination-entre-les-pays-voisins-est-permanente\\\/\"},\"author\":{\"name\":\"La r\u00e9daction\",\"@id\":\"https:\\\/\\\/www.info-algerie.com\\\/actualites\\\/#\\\/schema\\\/person\\\/847aaec44920825b843a08f30ec6aa1e\"},\"headline\":\"Crise libyenne: la coordination entre les pays voisins est &quot;permanente&quot;\",\"datePublished\":\"2017-06-06T07:31:41+00:00\",\"mainEntityOfPage\":{\"@id\":\"https:\\\/\\\/www.info-algerie.com\\\/actualites\\\/crise-libyenne-la-coordination-entre-les-pays-voisins-est-permanente\\\/\"},\"wordCount\":826,\"commentCount\":0,\"publisher\":{\"@id\":\"https:\\\/\\\/www.info-algerie.com\\\/actualites\\\/#organization\"},\"image\":{\"@id\":\"https:\\\/\\\/www.info-algerie.com\\\/actualites\\\/crise-libyenne-la-coordination-entre-les-pays-voisins-est-permanente\\\/#primaryimage\"},\"thumbnailUrl\":\"https:\\\/\\\/www.info-algerie.com\\\/actualites\\\/wp-content\\\/uploads\\\/2017\\\/06\\\/0acd8e1cc8f61068fee697bbc1fe81c2_S-1.jpg\",\"keywords\":[\"ONU\"],\"articleSection\":[\"infos\"],\"inLanguage\":\"fr-FR\",\"potentialAction\":[{\"@type\":\"CommentAction\",\"name\":\"Comment\",\"target\":[\"https:\\\/\\\/www.info-algerie.com\\\/actualites\\\/crise-libyenne-la-coordination-entre-les-pays-voisins-est-permanente\\\/#respond\"]}]},{\"@type\":\"WebPage\",\"@id\":\"https:\\\/\\\/www.info-algerie.com\\\/actualites\\\/crise-libyenne-la-coordination-entre-les-pays-voisins-est-permanente\\\/\",\"url\":\"https:\\\/\\\/www.info-algerie.com\\\/actualites\\\/crise-libyenne-la-coordination-entre-les-pays-voisins-est-permanente\\\/\",\"name\":\"Crise libyenne: la coordination entre les pays voisins est &quot;permanente&quot; - info algerie\",\"isPartOf\":{\"@id\":\"https:\\\/\\\/www.info-algerie.com\\\/actualites\\\/#website\"},\"primaryImageOfPage\":{\"@id\":\"https:\\\/\\\/www.info-algerie.com\\\/actualites\\\/crise-libyenne-la-coordination-entre-les-pays-voisins-est-permanente\\\/#primaryimage\"},\"image\":{\"@id\":\"https:\\\/\\\/www.info-algerie.com\\\/actualites\\\/crise-libyenne-la-coordination-entre-les-pays-voisins-est-permanente\\\/#primaryimage\"},\"thumbnailUrl\":\"https:\\\/\\\/www.info-algerie.com\\\/actualites\\\/wp-content\\\/uploads\\\/2017\\\/06\\\/0acd8e1cc8f61068fee697bbc1fe81c2_S-1.jpg\",\"datePublished\":\"2017-06-06T07:31:41+00:00\",\"breadcrumb\":{\"@id\":\"https:\\\/\\\/www.info-algerie.com\\\/actualites\\\/crise-libyenne-la-coordination-entre-les-pays-voisins-est-permanente\\\/#breadcrumb\"},\"inLanguage\":\"fr-FR\",\"potentialAction\":[{\"@type\":\"ReadAction\",\"target\":[\"https:\\\/\\\/www.info-algerie.com\\\/actualites\\\/crise-libyenne-la-coordination-entre-les-pays-voisins-est-permanente\\\/\"]}]},{\"@type\":\"ImageObject\",\"inLanguage\":\"fr-FR\",\"@id\":\"https:\\\/\\\/www.info-algerie.com\\\/actualites\\\/crise-libyenne-la-coordination-entre-les-pays-voisins-est-permanente\\\/#primaryimage\",\"url\":\"https:\\\/\\\/www.info-algerie.com\\\/actualites\\\/wp-content\\\/uploads\\\/2017\\\/06\\\/0acd8e1cc8f61068fee697bbc1fe81c2_S-1.jpg\",\"contentUrl\":\"https:\\\/\\\/www.info-algerie.com\\\/actualites\\\/wp-content\\\/uploads\\\/2017\\\/06\\\/0acd8e1cc8f61068fee697bbc1fe81c2_S-1.jpg\",\"width\":280,\"height\":169},{\"@type\":\"BreadcrumbList\",\"@id\":\"https:\\\/\\\/www.info-algerie.com\\\/actualites\\\/crise-libyenne-la-coordination-entre-les-pays-voisins-est-permanente\\\/#breadcrumb\",\"itemListElement\":[{\"@type\":\"ListItem\",\"position\":1,\"name\":\"Accueil\",\"item\":\"https:\\\/\\\/www.info-algerie.com\\\/actualites\\\/\"},{\"@type\":\"ListItem\",\"position\":2,\"name\":\"Crise libyenne: la coordination entre les pays voisins est &quot;permanente&quot;\"}]},{\"@type\":\"WebSite\",\"@id\":\"https:\\\/\\\/www.info-algerie.com\\\/actualites\\\/#website\",\"url\":\"https:\\\/\\\/www.info-algerie.com\\\/actualites\\\/\",\"name\":\"info algerie\",\"description\":\"Toutes les actualit\u00e9s\",\"publisher\":{\"@id\":\"https:\\\/\\\/www.info-algerie.com\\\/actualites\\\/#organization\"},\"potentialAction\":[{\"@type\":\"SearchAction\",\"target\":{\"@type\":\"EntryPoint\",\"urlTemplate\":\"https:\\\/\\\/www.info-algerie.com\\\/actualites\\\/?s={search_term_string}\"},\"query-input\":{\"@type\":\"PropertyValueSpecification\",\"valueRequired\":true,\"valueName\":\"search_term_string\"}}],\"inLanguage\":\"fr-FR\"},{\"@type\":\"Organization\",\"@id\":\"https:\\\/\\\/www.info-algerie.com\\\/actualites\\\/#organization\",\"name\":\"info algerie\",\"url\":\"https:\\\/\\\/www.info-algerie.com\\\/actualites\\\/\",\"logo\":{\"@type\":\"ImageObject\",\"inLanguage\":\"fr-FR\",\"@id\":\"https:\\\/\\\/www.info-algerie.com\\\/actualites\\\/#\\\/schema\\\/logo\\\/image\\\/\",\"url\":\"https:\\\/\\\/www.info-algerie.com\\\/actualites\\\/wp-content\\\/uploads\\\/2022\\\/07\\\/logo-ia-120.png\",\"contentUrl\":\"https:\\\/\\\/www.info-algerie.com\\\/actualites\\\/wp-content\\\/uploads\\\/2022\\\/07\\\/logo-ia-120.png\",\"width\":120,\"height\":43,\"caption\":\"info algerie\"},\"image\":{\"@id\":\"https:\\\/\\\/www.info-algerie.com\\\/actualites\\\/#\\\/schema\\\/logo\\\/image\\\/\"},\"sameAs\":[\"https:\\\/\\\/www.facebook.com\\\/infoalgerieactu\",\"https:\\\/\\\/x.com\\\/infoalgerie1\"]},{\"@type\":\"Person\",\"@id\":\"https:\\\/\\\/www.info-algerie.com\\\/actualites\\\/#\\\/schema\\\/person\\\/847aaec44920825b843a08f30ec6aa1e\",\"name\":\"La r\u00e9daction\",\"image\":{\"@type\":\"ImageObject\",\"inLanguage\":\"fr-FR\",\"@id\":\"https:\\\/\\\/secure.gravatar.com\\\/avatar\\\/769db425c6f465158149f1ffd6cf61ce7a8a879d11dfbef8288af36dfddd418c?s=96&d=mm&r=g\",\"url\":\"https:\\\/\\\/secure.gravatar.com\\\/avatar\\\/769db425c6f465158149f1ffd6cf61ce7a8a879d11dfbef8288af36dfddd418c?s=96&d=mm&r=g\",\"contentUrl\":\"https:\\\/\\\/secure.gravatar.com\\\/avatar\\\/769db425c6f465158149f1ffd6cf61ce7a8a879d11dfbef8288af36dfddd418c?s=96&d=mm&r=g\",\"caption\":\"La r\u00e9daction\"},\"sameAs\":[\"http:\\\/\\\/www.lkeria.com\\\/\"],\"url\":\"https:\\\/\\\/www.info-algerie.com\\\/actualites\\\/author\\\/chakib32\\\/\"}]}<\/script>\n<!-- \/ Yoast SEO plugin. -->","yoast_head_json":{"title":"Crise libyenne: la coordination entre les pays voisins est &quot;permanente&quot; - info algerie","robots":{"index":"index","follow":"follow","max-snippet":"max-snippet:-1","max-image-preview":"max-image-preview:large","max-video-preview":"max-video-preview:-1"},"canonical":"https:\/\/www.info-algerie.com\/actualites\/crise-libyenne-la-coordination-entre-les-pays-voisins-est-permanente\/","og_locale":"fr_FR","og_type":"article","og_title":"Crise libyenne: la coordination entre les pays voisins est &quot;permanente&quot; - info algerie","og_description":"ALGER- Le ministre des Affaires \u00e9trang\u00e8res, Abdelkader\u00a0 Messahel, a indiqu\u00e9 lundi \u00e0 Alger que la coordination entre les pays\u00a0 voisins de la Libye, notamment l&rsquo;Alg\u00e9rie, la Tunisie et l&rsquo;Egypte, \u00e9tait\u00a0 \u00ab\u00a0permanente\u00a0\u00bb pour accompagner les Libyens en vue du r\u00e8glement de la crise\u00a0 que traverse leur pays loin de toute intervention \u00e9trang\u00e8re. &#013; &#013; \u00a0Dans une","og_url":"https:\/\/www.info-algerie.com\/actualites\/crise-libyenne-la-coordination-entre-les-pays-voisins-est-permanente\/","og_site_name":"info algerie","article_publisher":"https:\/\/www.facebook.com\/infoalgerieactu","article_published_time":"2017-06-06T07:31:41+00:00","og_image":[{"width":280,"height":169,"url":"https:\/\/www.info-algerie.com\/actualites\/wp-content\/uploads\/2017\/06\/0acd8e1cc8f61068fee697bbc1fe81c2_S-1.jpg","type":"image\/jpeg"}],"author":"La r\u00e9daction","twitter_misc":{"\u00c9crit par":"La r\u00e9daction","Dur\u00e9e de lecture estim\u00e9e":"4 minutes"},"schema":{"@context":"https:\/\/schema.org","@graph":[{"@type":"Article","@id":"https:\/\/www.info-algerie.com\/actualites\/crise-libyenne-la-coordination-entre-les-pays-voisins-est-permanente\/#article","isPartOf":{"@id":"https:\/\/www.info-algerie.com\/actualites\/crise-libyenne-la-coordination-entre-les-pays-voisins-est-permanente\/"},"author":{"name":"La r\u00e9daction","@id":"https:\/\/www.info-algerie.com\/actualites\/#\/schema\/person\/847aaec44920825b843a08f30ec6aa1e"},"headline":"Crise libyenne: la coordination entre les pays voisins est &quot;permanente&quot;","datePublished":"2017-06-06T07:31:41+00:00","mainEntityOfPage":{"@id":"https:\/\/www.info-algerie.com\/actualites\/crise-libyenne-la-coordination-entre-les-pays-voisins-est-permanente\/"},"wordCount":826,"commentCount":0,"publisher":{"@id":"https:\/\/www.info-algerie.com\/actualites\/#organization"},"image":{"@id":"https:\/\/www.info-algerie.com\/actualites\/crise-libyenne-la-coordination-entre-les-pays-voisins-est-permanente\/#primaryimage"},"thumbnailUrl":"https:\/\/www.info-algerie.com\/actualites\/wp-content\/uploads\/2017\/06\/0acd8e1cc8f61068fee697bbc1fe81c2_S-1.jpg","keywords":["ONU"],"articleSection":["infos"],"inLanguage":"fr-FR","potentialAction":[{"@type":"CommentAction","name":"Comment","target":["https:\/\/www.info-algerie.com\/actualites\/crise-libyenne-la-coordination-entre-les-pays-voisins-est-permanente\/#respond"]}]},{"@type":"WebPage","@id":"https:\/\/www.info-algerie.com\/actualites\/crise-libyenne-la-coordination-entre-les-pays-voisins-est-permanente\/","url":"https:\/\/www.info-algerie.com\/actualites\/crise-libyenne-la-coordination-entre-les-pays-voisins-est-permanente\/","name":"Crise libyenne: la coordination entre les pays voisins est &quot;permanente&quot; - info algerie","isPartOf":{"@id":"https:\/\/www.info-algerie.com\/actualites\/#website"},"primaryImageOfPage":{"@id":"https:\/\/www.info-algerie.com\/actualites\/crise-libyenne-la-coordination-entre-les-pays-voisins-est-permanente\/#primaryimage"},"image":{"@id":"https:\/\/www.info-algerie.com\/actualites\/crise-libyenne-la-coordination-entre-les-pays-voisins-est-permanente\/#primaryimage"},"thumbnailUrl":"https:\/\/www.info-algerie.com\/actualites\/wp-content\/uploads\/2017\/06\/0acd8e1cc8f61068fee697bbc1fe81c2_S-1.jpg","datePublished":"2017-06-06T07:31:41+00:00","breadcrumb":{"@id":"https:\/\/www.info-algerie.com\/actualites\/crise-libyenne-la-coordination-entre-les-pays-voisins-est-permanente\/#breadcrumb"},"inLanguage":"fr-FR","potentialAction":[{"@type":"ReadAction","target":["https:\/\/www.info-algerie.com\/actualites\/crise-libyenne-la-coordination-entre-les-pays-voisins-est-permanente\/"]}]},{"@type":"ImageObject","inLanguage":"fr-FR","@id":"https:\/\/www.info-algerie.com\/actualites\/crise-libyenne-la-coordination-entre-les-pays-voisins-est-permanente\/#primaryimage","url":"https:\/\/www.info-algerie.com\/actualites\/wp-content\/uploads\/2017\/06\/0acd8e1cc8f61068fee697bbc1fe81c2_S-1.jpg","contentUrl":"https:\/\/www.info-algerie.com\/actualites\/wp-content\/uploads\/2017\/06\/0acd8e1cc8f61068fee697bbc1fe81c2_S-1.jpg","width":280,"height":169},{"@type":"BreadcrumbList","@id":"https:\/\/www.info-algerie.com\/actualites\/crise-libyenne-la-coordination-entre-les-pays-voisins-est-permanente\/#breadcrumb","itemListElement":[{"@type":"ListItem","position":1,"name":"Accueil","item":"https:\/\/www.info-algerie.com\/actualites\/"},{"@type":"ListItem","position":2,"name":"Crise libyenne: la coordination entre les pays voisins est &quot;permanente&quot;"}]},{"@type":"WebSite","@id":"https:\/\/www.info-algerie.com\/actualites\/#website","url":"https:\/\/www.info-algerie.com\/actualites\/","name":"info algerie","description":"Toutes les actualit\u00e9s","publisher":{"@id":"https:\/\/www.info-algerie.com\/actualites\/#organization"},"potentialAction":[{"@type":"SearchAction","target":{"@type":"EntryPoint","urlTemplate":"https:\/\/www.info-algerie.com\/actualites\/?s={search_term_string}"},"query-input":{"@type":"PropertyValueSpecification","valueRequired":true,"valueName":"search_term_string"}}],"inLanguage":"fr-FR"},{"@type":"Organization","@id":"https:\/\/www.info-algerie.com\/actualites\/#organization","name":"info algerie","url":"https:\/\/www.info-algerie.com\/actualites\/","logo":{"@type":"ImageObject","inLanguage":"fr-FR","@id":"https:\/\/www.info-algerie.com\/actualites\/#\/schema\/logo\/image\/","url":"https:\/\/www.info-algerie.com\/actualites\/wp-content\/uploads\/2022\/07\/logo-ia-120.png","contentUrl":"https:\/\/www.info-algerie.com\/actualites\/wp-content\/uploads\/2022\/07\/logo-ia-120.png","width":120,"height":43,"caption":"info algerie"},"image":{"@id":"https:\/\/www.info-algerie.com\/actualites\/#\/schema\/logo\/image\/"},"sameAs":["https:\/\/www.facebook.com\/infoalgerieactu","https:\/\/x.com\/infoalgerie1"]},{"@type":"Person","@id":"https:\/\/www.info-algerie.com\/actualites\/#\/schema\/person\/847aaec44920825b843a08f30ec6aa1e","name":"La r\u00e9daction","image":{"@type":"ImageObject","inLanguage":"fr-FR","@id":"https:\/\/secure.gravatar.com\/avatar\/769db425c6f465158149f1ffd6cf61ce7a8a879d11dfbef8288af36dfddd418c?s=96&d=mm&r=g","url":"https:\/\/secure.gravatar.com\/avatar\/769db425c6f465158149f1ffd6cf61ce7a8a879d11dfbef8288af36dfddd418c?s=96&d=mm&r=g","contentUrl":"https:\/\/secure.gravatar.com\/avatar\/769db425c6f465158149f1ffd6cf61ce7a8a879d11dfbef8288af36dfddd418c?s=96&d=mm&r=g","caption":"La r\u00e9daction"},"sameAs":["http:\/\/www.lkeria.com\/"],"url":"https:\/\/www.info-algerie.com\/actualites\/author\/chakib32\/"}]}},"_links":{"self":[{"href":"https:\/\/www.info-algerie.com\/actualites\/wp-json\/wp\/v2\/posts\/12917","targetHints":{"allow":["GET"]}}],"collection":[{"href":"https:\/\/www.info-algerie.com\/actualites\/wp-json\/wp\/v2\/posts"}],"about":[{"href":"https:\/\/www.info-algerie.com\/actualites\/wp-json\/wp\/v2\/types\/post"}],"author":[{"embeddable":true,"href":"https:\/\/www.info-algerie.com\/actualites\/wp-json\/wp\/v2\/users\/6"}],"replies":[{"embeddable":true,"href":"https:\/\/www.info-algerie.com\/actualites\/wp-json\/wp\/v2\/comments?post=12917"}],"version-history":[{"count":0,"href":"https:\/\/www.info-algerie.com\/actualites\/wp-json\/wp\/v2\/posts\/12917\/revisions"}],"wp:featuredmedia":[{"embeddable":true,"href":"https:\/\/www.info-algerie.com\/actualites\/wp-json\/wp\/v2\/media\/12918"}],"wp:attachment":[{"href":"https:\/\/www.info-algerie.com\/actualites\/wp-json\/wp\/v2\/media?parent=12917"}],"wp:term":[{"taxonomy":"category","embeddable":true,"href":"https:\/\/www.info-algerie.com\/actualites\/wp-json\/wp\/v2\/categories?post=12917"},{"taxonomy":"post_tag","embeddable":true,"href":"https:\/\/www.info-algerie.com\/actualites\/wp-json\/wp\/v2\/tags?post=12917"}],"curies":[{"name":"wp","href":"https:\/\/api.w.org\/{rel}","templated":true}]}}