{"id":12920,"date":"2017-06-06T09:46:50","date_gmt":"2017-06-06T08:46:50","guid":{"rendered":"http:\/\/www.info-algerie.com\/actualites\/preserver-lunite-de-la-libye-et-adopter-la-solution-politique-pour-resoudre-la-crise\/"},"modified":"2017-06-06T09:46:50","modified_gmt":"2017-06-06T08:46:50","slug":"preserver-lunite-de-la-libye-et-adopter-la-solution-politique-pour-resoudre-la-crise","status":"publish","type":"post","link":"https:\/\/www.info-algerie.com\/actualites\/preserver-lunite-de-la-libye-et-adopter-la-solution-politique-pour-resoudre-la-crise\/","title":{"rendered":"Pr\u00e9server l&#039;unit\u00e9 de la Libye et adopter la solution politique pour r\u00e9soudre la crise"},"content":{"rendered":"<div class=\"K2FeedImage\"><img decoding=\"async\" src=\"https:\/\/www.info-algerie.com\/actualites\/wp-content\/uploads\/2017\/06\/8be7e0b2eb8752ffe76eb99c75722e62_S.jpg\" alt=\"Pr&#xE9;server l'unit&#xE9; de la Libye et adopter la solution politique pour r&#xE9;soudre la crise\" \/><\/div>\n<div class=\"K2FeedIntroText\">\n<p class=\"MsoNoSpacing\">ALGER- Les ministres des Affaires Etrang\u00e8res de\u00a0 l&rsquo;Alg\u00e9rie, de la Tunisie et de l&rsquo;Egypte ont mis l&rsquo;accent lundi soir \u00e0 Alger\u00a0 sur la n\u00e9cessit\u00e9 de s&rsquo;attacher \u00e0 la pr\u00e9servation de l&rsquo;int\u00e9grit\u00e9\u00a0 territoriale, la souverainet\u00e9, l&rsquo;unit\u00e9 de la Libye et la coh\u00e9sion de son\u00a0 peuple et sur la solution politique comme moyen pour r\u00e9soudre la crise \u00e0\u00a0 travers le dialogue inclusif, le rejet de l&rsquo;interf\u00e9rence \u00e9trang\u00e8re et de\u00a0 l&rsquo;option militaire.<\/p>\n<p>&#013;\n<\/p><\/div>\n<div class=\"K2FeedFullText\">&#013;<\/p>\n<p>Le ministre des Affaires Etrang\u00e8res, Abdelkader Messahel a pass\u00e9 en revue\u00a0 avec ses homologues tunisien et \u00e9gyptien,\u00a0 Khemaies Jhinaoui et Samah\u00a0 Chokri au cours de la <a href=\"http:\/\/www.aps.dz\/algerie\/58565-debut-des-travaux-de-la-reunion-ministerielle-tripartite-algerie-tunisie-egypte-sur-la-crise-libyenne\"><strong>r\u00e9union tripartie tenue \u00e0 Alge<\/strong><\/a>r, la situation\u00a0 s\u00e9curitaire en Libye et les affrontements survenus dans plusieurs villes et r\u00e9gions libyennes.<\/p>\n<p>&#013;<\/p>\n<p>Le ministre des Affaires \u00e9trang\u00e8res, Abdelkader Messahel, a affirm\u00e9 que la\u00a0 \u00ab\u00a0D\u00e9claration d&rsquo;Alger\u00a0\u00bb donnera une \u00ab\u00a0vision sur les positions des trois pays\u00a0 concernant notre approche pour r\u00e9soudre la crise libyenne qui doit \u00eatre\u00a0 politique, pacifique et sans aucune interf\u00e9rence \u00e9trang\u00e8re dans les affaires libyennes\u00a0\u00bb, annon\u00e7ant la tenue d&rsquo;une troisi\u00e8me session du dialogue\u00a0 tripartie lors de la r\u00e9union du Caire.<\/p>\n<p>&#013;<\/p>\n<p>Abordant les relations Alg\u00e9ro-tunisiennes qu&rsquo;il a qualifi\u00e9 de \u00ab\u00a0distingu\u00e9es\u00a0 et exemplaires\u00a0\u00bb au vu du volume d&rsquo;\u00e9changes, r\u00e9unions et programmes de\u00a0 d\u00e9veloppement dans diff\u00e9rents domaines, M. Messahel a fait \u00e9tat de la tenue\u00a0 de la Haute r\u00e9union mixte \u00ab\u00a0\u00e0 Alger d\u00e9but 2018\u00a0\u00bb dans le cadre de la concr\u00e9tisation de la \u00ab\u00a0feuille de route\u00a0\u00bb dont les grandes lignes ont \u00e9t\u00e9\u00a0 trac\u00e9es lors de la r\u00e9union de f\u00e9vrier 2017, avant de relever que \u00ab\u00a0qu&rsquo;il est\u00a0 de notre devoir en notre qualit\u00e9 de ministres des affaires \u00e9trang\u00e8res de\u00a0 veiller \u00e0 la mise en oeuvre de ce qui a \u00e9t\u00e9 d\u00e9cid\u00e9\u00a0\u00bb\u00a0 Le ministre des Affaires \u00e9trang\u00e8res tunisien, Khemaies Jhinaoui a souhait\u00e9\u00a0 pour sa part voir la \u00ab\u00a0D\u00e9claration d&rsquo;Alger\u00a0\u00bb refl\u00e9ter la convergence de vues\u00a0 entre les trois pays. Une d\u00e9claration par le biais de laquelle nous pouvons nous exprimer ensemble et envoyer un seul message \u00e0 destination des Libyens\u00a0 et de l&rsquo;opinion publique internationale sur la question libyenne.<\/p>\n<p>&#013;<\/p>\n<p>Apr\u00e8s avoir relev\u00e9 \u00ab\u00a0une large convergence de positions entre l&rsquo;Alg\u00e9rie, la\u00a0 Tunisie et l&rsquo;Egypte sur le dossier libyen\u00a0\u00bb, le responsable tunisien a mis\u00a0 en avant l&rsquo;importance de \u00ab\u00a0l&rsquo;\u00e9change d&rsquo;id\u00e9es sur les voies et moyens \u00e0 m\u00eame\u00a0 d&rsquo;aider les fr\u00e8res libyens \u00e0 surmonter leurs diff\u00e9rends et s&rsquo;orienter vers le dialogue et la solution pacifique pour trouver une issue \u00e0 la crise qui\u00a0 secoue leur pays\u00a0\u00bb.<\/p>\n<p>&#013;<\/p>\n<p>Pour ce qui est des relations alg\u00e9ro-tunisiennes, M. Jhinaoui a indiqu\u00e9\u00a0 que les responsables des pays \u00ab\u00a0sont convaincus de l&rsquo;imp\u00e9ratif de relancer\u00a0 les relations bilat\u00e9rales distingu\u00e9es dans les domaines \u00e9conomiques et\u00a0 s\u00e9curitaires et de la n\u00e9cessit\u00e9 de la coordination sur les diff\u00e9rentes\u00a0 questions\u00a0\u00bb.<\/p>\n<p>&#013;<\/p>\n<p>\u00a0<\/p>\n<p>&#013;<\/p>\n<p><strong>=Le r\u00f4le du m\u00e9canisme des pays voisins de la Libye mis en avant=<\/strong><\/p>\n<p>&#013;<\/p>\n<p>\u00a0<\/p>\n<p>&#013;<\/p>\n<p>Les ministres ont relev\u00e9 lors de leur r\u00e9union l&rsquo;importance du \u00ab\u00a0m\u00e9canisme\u00a0 des pays voisins de la Libye et de son approche pour le r\u00e8glement de la\u00a0 crise libyenne et l&rsquo;accompagnement du peuple Libyen vers le recouvrement de\u00a0 sa s\u00e9curit\u00e9 et sa stabilit\u00e9\u00a0\u00bb, rappelant par la m\u00eame occasion les\u00a0 conclusions de ses r\u00e9unions.<\/p>\n<p>&#013;<\/p>\n<p>Les ministres ont \u00e9galement mis en avant le r\u00f4le de leurs pays (Alg\u00e9rie,\u00a0 Tunisie et Egypte) dans la relance du processus politique onusien et les\u00a0 efforts d\u00e9ploy\u00e9s par la Mission des Nations Unies pour parrainer le\u00a0 processus, qualifiant le transfert du si\u00e8ge de la mission onusienne en\u00a0 Libye vers la capitale libyenne Tripoli de \u00ab\u00a0pas positif\u00a0\u00bb.<\/p>\n<p>&#013;<\/p>\n<p>Evoquant les r\u00e9cents actes de violences survenus en Libye, les ministres\u00a0 ont appel\u00e9 \u00e0 \u00ab\u00a0bannir la violence\u00a0\u00bb ou de prendre toute mesure de nature \u00e0\u00a0 entraver le processus du r\u00e8glement politique en Libye qui\u00a0 prolongera la\u00a0 souffrance du peuple libyen, particuli\u00e8rement au niveau \u00e9conomique et humanitaire\u00a0\u00bb.<\/p>\n<p>&#013;<\/p>\n<p>Ils ont en outre mis en garde contre les retomb\u00e9es de la d\u00e9gradation de la\u00a0 situation sur la s\u00e9curit\u00e9 et la stabilit\u00e9 de la Libye et de toute la\u00a0 r\u00e9gion, une situation qui sert les int\u00e9r\u00eats des groupes terroristes et leur\u00a0 ouvre la voie d&rsquo;\u00e9largir leur activit\u00e9s criminelles, relevant l&rsquo;importance\u00a0 de renforcer la coordination et l&rsquo;\u00e9change d&rsquo;informations entre les services\u00a0 de s\u00e9curit\u00e9 des trois pays.<\/p>\n<p>&#013;<\/p>\n<p>Apr\u00e8s avoir salu\u00e9 les efforts d\u00e9ploy\u00e9s par l&rsquo;Alg\u00e9rie, l&rsquo;Egypte et la\u00a0 Tunisie visant \u00e0 rapprocher les points de vues des parties libyennes ,\u00a0 oeuvrer \u00e0 associer tous les acteurs et \u00e9largir le terrain d&rsquo;entente, les\u00a0 ministres des trois pays ont r\u00e9it\u00e9r\u00e9 leur total engagement \u00e0 soutenir la\u00a0 Libye et l&rsquo;accompagner dans le processus du r\u00e8glement politique\u00a0 conform\u00e9ment aux dispositions de l&rsquo;Accord politique libyen.<\/p>\n<p>&#013;<\/p>\n<p>La r\u00e9union a \u00e9galement permis de r\u00e9it\u00e9rer le soutien au processus\u00a0 politique, exhorter les bellig\u00e9rants libyens au dialogue, et rejeter\u00a0 l&rsquo;ing\u00e9rence \u00e9trang\u00e8re.<\/p>\n<p>&#013;<\/p>\n<p>La rencontre \u00e0 laquelle ont pris part le ministre des Affaires \u00e9trang\u00e8res\u00a0 Abdelkader Messahel, et ses deux homologues tunisien et \u00e9gyptien, Khemaies\u00a0 Jhinaoui et Samah Chokri a abord\u00e9 les derniers d\u00e9veloppements de la crise\u00a0 libyenne. Elle intervient apr\u00e8s celle tenue le 20 f\u00e9vrier dernier \u00e0 Tunis.<\/p>\n<p>&#013;<\/p>\n<p>Elle a \u00e9galement \u00e9t\u00e9 ax\u00e9e sur les voies et moyens \u00e0 m\u00eame de relancer les\u00a0 efforts politiques visant \u00e0 rapprocher les points de vues entre les\u00a0 bellig\u00e9rants libyens et oeuvrer \u00e0 faire face \u00e0 l&rsquo;ing\u00e9rence \u00e9trang\u00e8re sous\u00a0 toutes ses formes pour \u00e9viter tout obstacle de nature \u00e0 entraver le\u00a0 processus politique initi\u00e9 par l&rsquo;ONU.<\/p>\n<p>&#013;<\/p>\n<p>La r\u00e9union a \u00e9t\u00e9 sanctionn\u00e9e par la D\u00e9claration minist\u00e9rielle d&rsquo;Alger pour\u00a0 un r\u00e8glement politique inclusif en Libye, \u00e0 travers laquelle, les parties\u00a0 ont r\u00e9it\u00e9r\u00e9 leur engagement pour accompagner le processus du r\u00e8glement\u00a0 politique dans le cadre de l&rsquo;Accord politique libyen et soutenir la solution politique comme moyen de r\u00e9gler cette crise par le dialogue\u00a0 inclusif , le rejet de l&rsquo;ing\u00e9rence \u00e9trang\u00e8re et de l&rsquo;option militaire.<\/p>\n<p>&#013;<\/p>\n<p><span lang=\"EN-US\">\u00a0<\/span><\/p>\n<p>&#013;<\/p>\n<p>\u00a0<\/p>\n<p>&#013;<\/p>\n<p><span lang=\"EN-US\">\u00a0<\/span><\/p>\n<\/div>\n<p>&#013;<br \/>\nSource: <a href=\"http:\/\/www.aps.dz\/algerie\/58569-preservation-de-l-unite-de-la-libye-et-adoptiion-de-la-solution-politique-comme-moyen-pour-resoudre-la-crise\" target=\"_blank\">Pr\u00e9server l&rsquo;unit\u00e9 de la Libye et adopter la solution politique pour r\u00e9soudre la crise<\/a><\/p>\n<!--CusAds0-->\n<div style=\"font-size: 0px; height: 0px; line-height: 0px; margin: 0; padding: 0; clear: both;\"><\/div>","protected":false},"excerpt":{"rendered":"<p>ALGER- Les ministres des Affaires Etrang\u00e8res de\u00a0 l&rsquo;Alg\u00e9rie, de la Tunisie et de l&rsquo;Egypte ont mis l&rsquo;accent lundi soir \u00e0 Alger\u00a0 sur la n\u00e9cessit\u00e9 de s&rsquo;attacher \u00e0 la pr\u00e9servation de l&rsquo;int\u00e9grit\u00e9\u00a0 territoriale, la souverainet\u00e9, l&rsquo;unit\u00e9 de la Libye et la coh\u00e9sion de son\u00a0 peuple et sur la solution politique comme moyen pour r\u00e9soudre la crise<\/p>\n","protected":false},"author":6,"featured_media":12921,"comment_status":"open","ping_status":"open","sticky":false,"template":"","format":"standard","meta":{"footnotes":""},"categories":[22],"tags":[93],"class_list":["post-12920","post","type-post","status-publish","format-standard","has-post-thumbnail","hentry","category-infos","tag-onu"],"yoast_head":"<!-- This site is optimized with the Yoast SEO plugin v27.5 - https:\/\/yoast.com\/product\/yoast-seo-wordpress\/ -->\n<title>Pr\u00e9server l&#039;unit\u00e9 de la Libye et adopter la solution politique pour r\u00e9soudre la crise - info algerie<\/title>\n<meta name=\"robots\" content=\"index, follow, max-snippet:-1, max-image-preview:large, max-video-preview:-1\" \/>\n<link rel=\"canonical\" href=\"https:\/\/www.info-algerie.com\/actualites\/preserver-lunite-de-la-libye-et-adopter-la-solution-politique-pour-resoudre-la-crise\/\" \/>\n<meta property=\"og:locale\" content=\"fr_FR\" \/>\n<meta property=\"og:type\" content=\"article\" \/>\n<meta property=\"og:title\" content=\"Pr\u00e9server l&#039;unit\u00e9 de la Libye et adopter la solution politique pour r\u00e9soudre la crise - info algerie\" \/>\n<meta property=\"og:description\" content=\"ALGER- Les ministres des Affaires Etrang\u00e8res de\u00a0 l&rsquo;Alg\u00e9rie, de la Tunisie et de l&rsquo;Egypte ont mis l&rsquo;accent lundi soir \u00e0 Alger\u00a0 sur la n\u00e9cessit\u00e9 de s&rsquo;attacher \u00e0 la pr\u00e9servation de l&rsquo;int\u00e9grit\u00e9\u00a0 territoriale, la souverainet\u00e9, l&rsquo;unit\u00e9 de la Libye et la coh\u00e9sion de son\u00a0 peuple et sur la solution politique comme moyen pour r\u00e9soudre la crise\" \/>\n<meta property=\"og:url\" content=\"https:\/\/www.info-algerie.com\/actualites\/preserver-lunite-de-la-libye-et-adopter-la-solution-politique-pour-resoudre-la-crise\/\" \/>\n<meta property=\"og:site_name\" content=\"info algerie\" \/>\n<meta property=\"article:publisher\" content=\"https:\/\/www.facebook.com\/infoalgerieactu\" \/>\n<meta property=\"article:published_time\" content=\"2017-06-06T08:46:50+00:00\" \/>\n<meta property=\"og:image\" content=\"https:\/\/www.info-algerie.com\/actualites\/wp-content\/uploads\/2017\/06\/8be7e0b2eb8752ffe76eb99c75722e62_S-1.jpg\" \/>\n\t<meta property=\"og:image:width\" content=\"280\" \/>\n\t<meta property=\"og:image:height\" content=\"169\" \/>\n\t<meta property=\"og:image:type\" content=\"image\/jpeg\" \/>\n<meta name=\"author\" content=\"La r\u00e9daction\" \/>\n<meta name=\"twitter:label1\" content=\"\u00c9crit par\" \/>\n\t<meta name=\"twitter:data1\" content=\"La r\u00e9daction\" \/>\n\t<meta name=\"twitter:label2\" content=\"Dur\u00e9e de lecture estim\u00e9e\" \/>\n\t<meta name=\"twitter:data2\" content=\"5 minutes\" \/>\n<script type=\"application\/ld+json\" class=\"yoast-schema-graph\">{\"@context\":\"https:\\\/\\\/schema.org\",\"@graph\":[{\"@type\":\"Article\",\"@id\":\"https:\\\/\\\/www.info-algerie.com\\\/actualites\\\/preserver-lunite-de-la-libye-et-adopter-la-solution-politique-pour-resoudre-la-crise\\\/#article\",\"isPartOf\":{\"@id\":\"https:\\\/\\\/www.info-algerie.com\\\/actualites\\\/preserver-lunite-de-la-libye-et-adopter-la-solution-politique-pour-resoudre-la-crise\\\/\"},\"author\":{\"name\":\"La r\u00e9daction\",\"@id\":\"https:\\\/\\\/www.info-algerie.com\\\/actualites\\\/#\\\/schema\\\/person\\\/847aaec44920825b843a08f30ec6aa1e\"},\"headline\":\"Pr\u00e9server l&#039;unit\u00e9 de la Libye et adopter la solution politique pour r\u00e9soudre la crise\",\"datePublished\":\"2017-06-06T08:46:50+00:00\",\"mainEntityOfPage\":{\"@id\":\"https:\\\/\\\/www.info-algerie.com\\\/actualites\\\/preserver-lunite-de-la-libye-et-adopter-la-solution-politique-pour-resoudre-la-crise\\\/\"},\"wordCount\":1073,\"commentCount\":0,\"publisher\":{\"@id\":\"https:\\\/\\\/www.info-algerie.com\\\/actualites\\\/#organization\"},\"image\":{\"@id\":\"https:\\\/\\\/www.info-algerie.com\\\/actualites\\\/preserver-lunite-de-la-libye-et-adopter-la-solution-politique-pour-resoudre-la-crise\\\/#primaryimage\"},\"thumbnailUrl\":\"https:\\\/\\\/www.info-algerie.com\\\/actualites\\\/wp-content\\\/uploads\\\/2017\\\/06\\\/8be7e0b2eb8752ffe76eb99c75722e62_S-1.jpg\",\"keywords\":[\"ONU\"],\"articleSection\":[\"infos\"],\"inLanguage\":\"fr-FR\",\"potentialAction\":[{\"@type\":\"CommentAction\",\"name\":\"Comment\",\"target\":[\"https:\\\/\\\/www.info-algerie.com\\\/actualites\\\/preserver-lunite-de-la-libye-et-adopter-la-solution-politique-pour-resoudre-la-crise\\\/#respond\"]}]},{\"@type\":\"WebPage\",\"@id\":\"https:\\\/\\\/www.info-algerie.com\\\/actualites\\\/preserver-lunite-de-la-libye-et-adopter-la-solution-politique-pour-resoudre-la-crise\\\/\",\"url\":\"https:\\\/\\\/www.info-algerie.com\\\/actualites\\\/preserver-lunite-de-la-libye-et-adopter-la-solution-politique-pour-resoudre-la-crise\\\/\",\"name\":\"Pr\u00e9server l&#039;unit\u00e9 de la Libye et adopter la solution politique pour r\u00e9soudre la crise - info algerie\",\"isPartOf\":{\"@id\":\"https:\\\/\\\/www.info-algerie.com\\\/actualites\\\/#website\"},\"primaryImageOfPage\":{\"@id\":\"https:\\\/\\\/www.info-algerie.com\\\/actualites\\\/preserver-lunite-de-la-libye-et-adopter-la-solution-politique-pour-resoudre-la-crise\\\/#primaryimage\"},\"image\":{\"@id\":\"https:\\\/\\\/www.info-algerie.com\\\/actualites\\\/preserver-lunite-de-la-libye-et-adopter-la-solution-politique-pour-resoudre-la-crise\\\/#primaryimage\"},\"thumbnailUrl\":\"https:\\\/\\\/www.info-algerie.com\\\/actualites\\\/wp-content\\\/uploads\\\/2017\\\/06\\\/8be7e0b2eb8752ffe76eb99c75722e62_S-1.jpg\",\"datePublished\":\"2017-06-06T08:46:50+00:00\",\"breadcrumb\":{\"@id\":\"https:\\\/\\\/www.info-algerie.com\\\/actualites\\\/preserver-lunite-de-la-libye-et-adopter-la-solution-politique-pour-resoudre-la-crise\\\/#breadcrumb\"},\"inLanguage\":\"fr-FR\",\"potentialAction\":[{\"@type\":\"ReadAction\",\"target\":[\"https:\\\/\\\/www.info-algerie.com\\\/actualites\\\/preserver-lunite-de-la-libye-et-adopter-la-solution-politique-pour-resoudre-la-crise\\\/\"]}]},{\"@type\":\"ImageObject\",\"inLanguage\":\"fr-FR\",\"@id\":\"https:\\\/\\\/www.info-algerie.com\\\/actualites\\\/preserver-lunite-de-la-libye-et-adopter-la-solution-politique-pour-resoudre-la-crise\\\/#primaryimage\",\"url\":\"https:\\\/\\\/www.info-algerie.com\\\/actualites\\\/wp-content\\\/uploads\\\/2017\\\/06\\\/8be7e0b2eb8752ffe76eb99c75722e62_S-1.jpg\",\"contentUrl\":\"https:\\\/\\\/www.info-algerie.com\\\/actualites\\\/wp-content\\\/uploads\\\/2017\\\/06\\\/8be7e0b2eb8752ffe76eb99c75722e62_S-1.jpg\",\"width\":280,\"height\":169},{\"@type\":\"BreadcrumbList\",\"@id\":\"https:\\\/\\\/www.info-algerie.com\\\/actualites\\\/preserver-lunite-de-la-libye-et-adopter-la-solution-politique-pour-resoudre-la-crise\\\/#breadcrumb\",\"itemListElement\":[{\"@type\":\"ListItem\",\"position\":1,\"name\":\"Accueil\",\"item\":\"https:\\\/\\\/www.info-algerie.com\\\/actualites\\\/\"},{\"@type\":\"ListItem\",\"position\":2,\"name\":\"Pr\u00e9server l&#039;unit\u00e9 de la Libye et adopter la solution politique pour r\u00e9soudre la crise\"}]},{\"@type\":\"WebSite\",\"@id\":\"https:\\\/\\\/www.info-algerie.com\\\/actualites\\\/#website\",\"url\":\"https:\\\/\\\/www.info-algerie.com\\\/actualites\\\/\",\"name\":\"info algerie\",\"description\":\"Toutes les actualit\u00e9s\",\"publisher\":{\"@id\":\"https:\\\/\\\/www.info-algerie.com\\\/actualites\\\/#organization\"},\"potentialAction\":[{\"@type\":\"SearchAction\",\"target\":{\"@type\":\"EntryPoint\",\"urlTemplate\":\"https:\\\/\\\/www.info-algerie.com\\\/actualites\\\/?s={search_term_string}\"},\"query-input\":{\"@type\":\"PropertyValueSpecification\",\"valueRequired\":true,\"valueName\":\"search_term_string\"}}],\"inLanguage\":\"fr-FR\"},{\"@type\":\"Organization\",\"@id\":\"https:\\\/\\\/www.info-algerie.com\\\/actualites\\\/#organization\",\"name\":\"info algerie\",\"url\":\"https:\\\/\\\/www.info-algerie.com\\\/actualites\\\/\",\"logo\":{\"@type\":\"ImageObject\",\"inLanguage\":\"fr-FR\",\"@id\":\"https:\\\/\\\/www.info-algerie.com\\\/actualites\\\/#\\\/schema\\\/logo\\\/image\\\/\",\"url\":\"https:\\\/\\\/www.info-algerie.com\\\/actualites\\\/wp-content\\\/uploads\\\/2022\\\/07\\\/logo-ia-120.png\",\"contentUrl\":\"https:\\\/\\\/www.info-algerie.com\\\/actualites\\\/wp-content\\\/uploads\\\/2022\\\/07\\\/logo-ia-120.png\",\"width\":120,\"height\":43,\"caption\":\"info algerie\"},\"image\":{\"@id\":\"https:\\\/\\\/www.info-algerie.com\\\/actualites\\\/#\\\/schema\\\/logo\\\/image\\\/\"},\"sameAs\":[\"https:\\\/\\\/www.facebook.com\\\/infoalgerieactu\",\"https:\\\/\\\/x.com\\\/infoalgerie1\"]},{\"@type\":\"Person\",\"@id\":\"https:\\\/\\\/www.info-algerie.com\\\/actualites\\\/#\\\/schema\\\/person\\\/847aaec44920825b843a08f30ec6aa1e\",\"name\":\"La r\u00e9daction\",\"image\":{\"@type\":\"ImageObject\",\"inLanguage\":\"fr-FR\",\"@id\":\"https:\\\/\\\/secure.gravatar.com\\\/avatar\\\/769db425c6f465158149f1ffd6cf61ce7a8a879d11dfbef8288af36dfddd418c?s=96&d=mm&r=g\",\"url\":\"https:\\\/\\\/secure.gravatar.com\\\/avatar\\\/769db425c6f465158149f1ffd6cf61ce7a8a879d11dfbef8288af36dfddd418c?s=96&d=mm&r=g\",\"contentUrl\":\"https:\\\/\\\/secure.gravatar.com\\\/avatar\\\/769db425c6f465158149f1ffd6cf61ce7a8a879d11dfbef8288af36dfddd418c?s=96&d=mm&r=g\",\"caption\":\"La r\u00e9daction\"},\"sameAs\":[\"http:\\\/\\\/www.lkeria.com\\\/\"],\"url\":\"https:\\\/\\\/www.info-algerie.com\\\/actualites\\\/author\\\/chakib32\\\/\"}]}<\/script>\n<!-- \/ Yoast SEO plugin. -->","yoast_head_json":{"title":"Pr\u00e9server l&#039;unit\u00e9 de la Libye et adopter la solution politique pour r\u00e9soudre la crise - info algerie","robots":{"index":"index","follow":"follow","max-snippet":"max-snippet:-1","max-image-preview":"max-image-preview:large","max-video-preview":"max-video-preview:-1"},"canonical":"https:\/\/www.info-algerie.com\/actualites\/preserver-lunite-de-la-libye-et-adopter-la-solution-politique-pour-resoudre-la-crise\/","og_locale":"fr_FR","og_type":"article","og_title":"Pr\u00e9server l&#039;unit\u00e9 de la Libye et adopter la solution politique pour r\u00e9soudre la crise - info algerie","og_description":"ALGER- Les ministres des Affaires Etrang\u00e8res de\u00a0 l&rsquo;Alg\u00e9rie, de la Tunisie et de l&rsquo;Egypte ont mis l&rsquo;accent lundi soir \u00e0 Alger\u00a0 sur la n\u00e9cessit\u00e9 de s&rsquo;attacher \u00e0 la pr\u00e9servation de l&rsquo;int\u00e9grit\u00e9\u00a0 territoriale, la souverainet\u00e9, l&rsquo;unit\u00e9 de la Libye et la coh\u00e9sion de son\u00a0 peuple et sur la solution politique comme moyen pour r\u00e9soudre la crise","og_url":"https:\/\/www.info-algerie.com\/actualites\/preserver-lunite-de-la-libye-et-adopter-la-solution-politique-pour-resoudre-la-crise\/","og_site_name":"info algerie","article_publisher":"https:\/\/www.facebook.com\/infoalgerieactu","article_published_time":"2017-06-06T08:46:50+00:00","og_image":[{"width":280,"height":169,"url":"https:\/\/www.info-algerie.com\/actualites\/wp-content\/uploads\/2017\/06\/8be7e0b2eb8752ffe76eb99c75722e62_S-1.jpg","type":"image\/jpeg"}],"author":"La r\u00e9daction","twitter_misc":{"\u00c9crit par":"La r\u00e9daction","Dur\u00e9e de lecture estim\u00e9e":"5 minutes"},"schema":{"@context":"https:\/\/schema.org","@graph":[{"@type":"Article","@id":"https:\/\/www.info-algerie.com\/actualites\/preserver-lunite-de-la-libye-et-adopter-la-solution-politique-pour-resoudre-la-crise\/#article","isPartOf":{"@id":"https:\/\/www.info-algerie.com\/actualites\/preserver-lunite-de-la-libye-et-adopter-la-solution-politique-pour-resoudre-la-crise\/"},"author":{"name":"La r\u00e9daction","@id":"https:\/\/www.info-algerie.com\/actualites\/#\/schema\/person\/847aaec44920825b843a08f30ec6aa1e"},"headline":"Pr\u00e9server l&#039;unit\u00e9 de la Libye et adopter la solution politique pour r\u00e9soudre la crise","datePublished":"2017-06-06T08:46:50+00:00","mainEntityOfPage":{"@id":"https:\/\/www.info-algerie.com\/actualites\/preserver-lunite-de-la-libye-et-adopter-la-solution-politique-pour-resoudre-la-crise\/"},"wordCount":1073,"commentCount":0,"publisher":{"@id":"https:\/\/www.info-algerie.com\/actualites\/#organization"},"image":{"@id":"https:\/\/www.info-algerie.com\/actualites\/preserver-lunite-de-la-libye-et-adopter-la-solution-politique-pour-resoudre-la-crise\/#primaryimage"},"thumbnailUrl":"https:\/\/www.info-algerie.com\/actualites\/wp-content\/uploads\/2017\/06\/8be7e0b2eb8752ffe76eb99c75722e62_S-1.jpg","keywords":["ONU"],"articleSection":["infos"],"inLanguage":"fr-FR","potentialAction":[{"@type":"CommentAction","name":"Comment","target":["https:\/\/www.info-algerie.com\/actualites\/preserver-lunite-de-la-libye-et-adopter-la-solution-politique-pour-resoudre-la-crise\/#respond"]}]},{"@type":"WebPage","@id":"https:\/\/www.info-algerie.com\/actualites\/preserver-lunite-de-la-libye-et-adopter-la-solution-politique-pour-resoudre-la-crise\/","url":"https:\/\/www.info-algerie.com\/actualites\/preserver-lunite-de-la-libye-et-adopter-la-solution-politique-pour-resoudre-la-crise\/","name":"Pr\u00e9server l&#039;unit\u00e9 de la Libye et adopter la solution politique pour r\u00e9soudre la crise - info algerie","isPartOf":{"@id":"https:\/\/www.info-algerie.com\/actualites\/#website"},"primaryImageOfPage":{"@id":"https:\/\/www.info-algerie.com\/actualites\/preserver-lunite-de-la-libye-et-adopter-la-solution-politique-pour-resoudre-la-crise\/#primaryimage"},"image":{"@id":"https:\/\/www.info-algerie.com\/actualites\/preserver-lunite-de-la-libye-et-adopter-la-solution-politique-pour-resoudre-la-crise\/#primaryimage"},"thumbnailUrl":"https:\/\/www.info-algerie.com\/actualites\/wp-content\/uploads\/2017\/06\/8be7e0b2eb8752ffe76eb99c75722e62_S-1.jpg","datePublished":"2017-06-06T08:46:50+00:00","breadcrumb":{"@id":"https:\/\/www.info-algerie.com\/actualites\/preserver-lunite-de-la-libye-et-adopter-la-solution-politique-pour-resoudre-la-crise\/#breadcrumb"},"inLanguage":"fr-FR","potentialAction":[{"@type":"ReadAction","target":["https:\/\/www.info-algerie.com\/actualites\/preserver-lunite-de-la-libye-et-adopter-la-solution-politique-pour-resoudre-la-crise\/"]}]},{"@type":"ImageObject","inLanguage":"fr-FR","@id":"https:\/\/www.info-algerie.com\/actualites\/preserver-lunite-de-la-libye-et-adopter-la-solution-politique-pour-resoudre-la-crise\/#primaryimage","url":"https:\/\/www.info-algerie.com\/actualites\/wp-content\/uploads\/2017\/06\/8be7e0b2eb8752ffe76eb99c75722e62_S-1.jpg","contentUrl":"https:\/\/www.info-algerie.com\/actualites\/wp-content\/uploads\/2017\/06\/8be7e0b2eb8752ffe76eb99c75722e62_S-1.jpg","width":280,"height":169},{"@type":"BreadcrumbList","@id":"https:\/\/www.info-algerie.com\/actualites\/preserver-lunite-de-la-libye-et-adopter-la-solution-politique-pour-resoudre-la-crise\/#breadcrumb","itemListElement":[{"@type":"ListItem","position":1,"name":"Accueil","item":"https:\/\/www.info-algerie.com\/actualites\/"},{"@type":"ListItem","position":2,"name":"Pr\u00e9server l&#039;unit\u00e9 de la Libye et adopter la solution politique pour r\u00e9soudre la crise"}]},{"@type":"WebSite","@id":"https:\/\/www.info-algerie.com\/actualites\/#website","url":"https:\/\/www.info-algerie.com\/actualites\/","name":"info algerie","description":"Toutes les actualit\u00e9s","publisher":{"@id":"https:\/\/www.info-algerie.com\/actualites\/#organization"},"potentialAction":[{"@type":"SearchAction","target":{"@type":"EntryPoint","urlTemplate":"https:\/\/www.info-algerie.com\/actualites\/?s={search_term_string}"},"query-input":{"@type":"PropertyValueSpecification","valueRequired":true,"valueName":"search_term_string"}}],"inLanguage":"fr-FR"},{"@type":"Organization","@id":"https:\/\/www.info-algerie.com\/actualites\/#organization","name":"info algerie","url":"https:\/\/www.info-algerie.com\/actualites\/","logo":{"@type":"ImageObject","inLanguage":"fr-FR","@id":"https:\/\/www.info-algerie.com\/actualites\/#\/schema\/logo\/image\/","url":"https:\/\/www.info-algerie.com\/actualites\/wp-content\/uploads\/2022\/07\/logo-ia-120.png","contentUrl":"https:\/\/www.info-algerie.com\/actualites\/wp-content\/uploads\/2022\/07\/logo-ia-120.png","width":120,"height":43,"caption":"info algerie"},"image":{"@id":"https:\/\/www.info-algerie.com\/actualites\/#\/schema\/logo\/image\/"},"sameAs":["https:\/\/www.facebook.com\/infoalgerieactu","https:\/\/x.com\/infoalgerie1"]},{"@type":"Person","@id":"https:\/\/www.info-algerie.com\/actualites\/#\/schema\/person\/847aaec44920825b843a08f30ec6aa1e","name":"La r\u00e9daction","image":{"@type":"ImageObject","inLanguage":"fr-FR","@id":"https:\/\/secure.gravatar.com\/avatar\/769db425c6f465158149f1ffd6cf61ce7a8a879d11dfbef8288af36dfddd418c?s=96&d=mm&r=g","url":"https:\/\/secure.gravatar.com\/avatar\/769db425c6f465158149f1ffd6cf61ce7a8a879d11dfbef8288af36dfddd418c?s=96&d=mm&r=g","contentUrl":"https:\/\/secure.gravatar.com\/avatar\/769db425c6f465158149f1ffd6cf61ce7a8a879d11dfbef8288af36dfddd418c?s=96&d=mm&r=g","caption":"La r\u00e9daction"},"sameAs":["http:\/\/www.lkeria.com\/"],"url":"https:\/\/www.info-algerie.com\/actualites\/author\/chakib32\/"}]}},"_links":{"self":[{"href":"https:\/\/www.info-algerie.com\/actualites\/wp-json\/wp\/v2\/posts\/12920","targetHints":{"allow":["GET"]}}],"collection":[{"href":"https:\/\/www.info-algerie.com\/actualites\/wp-json\/wp\/v2\/posts"}],"about":[{"href":"https:\/\/www.info-algerie.com\/actualites\/wp-json\/wp\/v2\/types\/post"}],"author":[{"embeddable":true,"href":"https:\/\/www.info-algerie.com\/actualites\/wp-json\/wp\/v2\/users\/6"}],"replies":[{"embeddable":true,"href":"https:\/\/www.info-algerie.com\/actualites\/wp-json\/wp\/v2\/comments?post=12920"}],"version-history":[{"count":0,"href":"https:\/\/www.info-algerie.com\/actualites\/wp-json\/wp\/v2\/posts\/12920\/revisions"}],"wp:featuredmedia":[{"embeddable":true,"href":"https:\/\/www.info-algerie.com\/actualites\/wp-json\/wp\/v2\/media\/12921"}],"wp:attachment":[{"href":"https:\/\/www.info-algerie.com\/actualites\/wp-json\/wp\/v2\/media?parent=12920"}],"wp:term":[{"taxonomy":"category","embeddable":true,"href":"https:\/\/www.info-algerie.com\/actualites\/wp-json\/wp\/v2\/categories?post=12920"},{"taxonomy":"post_tag","embeddable":true,"href":"https:\/\/www.info-algerie.com\/actualites\/wp-json\/wp\/v2\/tags?post=12920"}],"curies":[{"name":"wp","href":"https:\/\/api.w.org\/{rel}","templated":true}]}}