{"id":12932,"date":"2017-06-06T12:52:54","date_gmt":"2017-06-06T11:52:54","guid":{"rendered":"http:\/\/www.info-algerie.com\/actualites\/tebboune-recoit-les-ministres-egyptien-et-tunisien-des-affaires-etrangeres\/"},"modified":"2017-06-06T12:52:54","modified_gmt":"2017-06-06T11:52:54","slug":"tebboune-recoit-les-ministres-egyptien-et-tunisien-des-affaires-etrangeres","status":"publish","type":"post","link":"https:\/\/www.info-algerie.com\/actualites\/tebboune-recoit-les-ministres-egyptien-et-tunisien-des-affaires-etrangeres\/","title":{"rendered":"Tebboune re\u00e7oit les ministres \u00e9gyptien et tunisien des Affaires\u00a0 \u00e9trang\u00e8res"},"content":{"rendered":"<div class=\"K2FeedImage\"><img decoding=\"async\" src=\"https:\/\/www.info-algerie.com\/actualites\/wp-content\/uploads\/2017\/06\/f7d8547d0ff04e183ee2f2fea568f26d_S.jpg\" alt=\"Tebboune re&#xE7;oit les ministres &#xE9;gyptien et tunisien des Affaires&#xA0; &#xE9;trang&#xE8;res\" \/><\/div>\n<div class=\"K2FeedIntroText\">\n<p class=\"MsoNoSpacing\">ALGER- Le Premier ministre, Abdelmadjid Tebboune a re\u00e7u\u00a0 mardi les ministres des Affaires \u00e9trang\u00e8res \u00e9gyptien et tunisien,\u00a0 respectivement, Sameh Choukri et Khemaies Jhinaoui, qui ont pris part \u00e0 la\u00a0 r\u00e9union tripartite sur la Libye, tenue lundi \u00e0 Alger, a indiqu\u00e9 un\u00a0 communiqu\u00e9 des services du Premier ministre.<\/p>\n<p>&#013;\n<\/p><\/div>\n<div class=\"K2FeedFullText\">&#013;<\/p>\n<p>L&rsquo;audience \u00e0 laquelle a pris part le ministre des Affaires \u00e9trang\u00e8res, Abdelkader Messahel, a permis, \u00ab\u00a0en premier lieu, de rendre compte des\u00a0 r\u00e9sultats de cette r\u00e9union tripartite et des efforts entrepris par l\u2019Alg\u00e9rie, l\u2019Egypte et la Tunisie, pour le r\u00e8glement de la crise qui affecte ce pays fr\u00e8re et voisin, \u00e0 travers la solution politique, le dialogue inclusif et la r\u00e9conciliation nationale, sans ing\u00e9rence ext\u00e9rieure\u00a0\u00bb, a pr\u00e9cis\u00e9 la m\u00eame source.<\/p>\n<p>&#013;<\/p>\n<p>Par ailleurs, cette audience a permis \u00ab\u00a0d\u2019exprimer la volont\u00e9 des trois pays \u00e0 poursuivre leurs efforts, en vue de r\u00e9tablir, au plus vite, la paix\u00a0 et la stabilit\u00e9 dans l\u2019ensemble de la sous-r\u00e9gion\u00a0\u00bb, a ajout\u00e9 la m\u00eame source.<\/p>\n<\/div>\n<p>&#013;<br \/>\nSource: <a href=\"http:\/\/www.aps.dz\/algerie\/58580-tebboune-recoit-les-ministres-egyptien-et-tunisien-des-affaires-etrangeres\" target=\"_blank\">Tebboune re\u00e7oit les ministres \u00e9gyptien et tunisien des Affaires\u00a0 \u00e9trang\u00e8res<\/a><\/p>\n<!--CusAds0-->\n<div style=\"font-size: 0px; height: 0px; line-height: 0px; margin: 0; padding: 0; clear: both;\"><\/div>","protected":false},"excerpt":{"rendered":"<p>ALGER- Le Premier ministre, Abdelmadjid Tebboune a re\u00e7u\u00a0 mardi les ministres des Affaires \u00e9trang\u00e8res \u00e9gyptien et tunisien,\u00a0 respectivement, Sameh Choukri et Khemaies Jhinaoui, qui ont pris part \u00e0 la\u00a0 r\u00e9union tripartite sur la Libye, tenue lundi \u00e0 Alger, a indiqu\u00e9 un\u00a0 communiqu\u00e9 des services du Premier ministre. &#013; &#013; L&rsquo;audience \u00e0 laquelle a pris part<\/p>\n","protected":false},"author":6,"featured_media":12933,"comment_status":"open","ping_status":"open","sticky":false,"template":"","format":"standard","meta":{"footnotes":""},"categories":[22],"tags":[93],"class_list":["post-12932","post","type-post","status-publish","format-standard","has-post-thumbnail","hentry","category-infos","tag-onu"],"yoast_head":"<!-- This site is optimized with the Yoast SEO plugin v27.5 - https:\/\/yoast.com\/product\/yoast-seo-wordpress\/ -->\n<title>Tebboune re\u00e7oit les ministres \u00e9gyptien et tunisien des Affaires\u00a0 \u00e9trang\u00e8res - info algerie<\/title>\n<meta name=\"robots\" content=\"index, follow, max-snippet:-1, max-image-preview:large, max-video-preview:-1\" \/>\n<link rel=\"canonical\" href=\"https:\/\/www.info-algerie.com\/actualites\/tebboune-recoit-les-ministres-egyptien-et-tunisien-des-affaires-etrangeres\/\" \/>\n<meta property=\"og:locale\" content=\"fr_FR\" \/>\n<meta property=\"og:type\" content=\"article\" \/>\n<meta property=\"og:title\" content=\"Tebboune re\u00e7oit les ministres \u00e9gyptien et tunisien des Affaires\u00a0 \u00e9trang\u00e8res - info algerie\" \/>\n<meta property=\"og:description\" content=\"ALGER- Le Premier ministre, Abdelmadjid Tebboune a re\u00e7u\u00a0 mardi les ministres des Affaires \u00e9trang\u00e8res \u00e9gyptien et tunisien,\u00a0 respectivement, Sameh Choukri et Khemaies Jhinaoui, qui ont pris part \u00e0 la\u00a0 r\u00e9union tripartite sur la Libye, tenue lundi \u00e0 Alger, a indiqu\u00e9 un\u00a0 communiqu\u00e9 des services du Premier ministre. &#013; &#013; L&rsquo;audience \u00e0 laquelle a pris part\" \/>\n<meta property=\"og:url\" content=\"https:\/\/www.info-algerie.com\/actualites\/tebboune-recoit-les-ministres-egyptien-et-tunisien-des-affaires-etrangeres\/\" \/>\n<meta property=\"og:site_name\" content=\"info algerie\" \/>\n<meta property=\"article:publisher\" content=\"https:\/\/www.facebook.com\/infoalgerieactu\" \/>\n<meta property=\"article:published_time\" content=\"2017-06-06T11:52:54+00:00\" \/>\n<meta property=\"og:image\" content=\"https:\/\/www.info-algerie.com\/actualites\/wp-content\/uploads\/2017\/06\/f7d8547d0ff04e183ee2f2fea568f26d_S-1.jpg\" \/>\n\t<meta property=\"og:image:width\" content=\"280\" \/>\n\t<meta property=\"og:image:height\" content=\"200\" \/>\n\t<meta property=\"og:image:type\" content=\"image\/jpeg\" \/>\n<meta name=\"author\" content=\"La r\u00e9daction\" \/>\n<meta name=\"twitter:label1\" content=\"\u00c9crit par\" \/>\n\t<meta name=\"twitter:data1\" content=\"La r\u00e9daction\" \/>\n\t<meta name=\"twitter:label2\" content=\"Dur\u00e9e de lecture estim\u00e9e\" \/>\n\t<meta name=\"twitter:data2\" content=\"1 minute\" \/>\n<script type=\"application\/ld+json\" class=\"yoast-schema-graph\">{\"@context\":\"https:\\\/\\\/schema.org\",\"@graph\":[{\"@type\":\"Article\",\"@id\":\"https:\\\/\\\/www.info-algerie.com\\\/actualites\\\/tebboune-recoit-les-ministres-egyptien-et-tunisien-des-affaires-etrangeres\\\/#article\",\"isPartOf\":{\"@id\":\"https:\\\/\\\/www.info-algerie.com\\\/actualites\\\/tebboune-recoit-les-ministres-egyptien-et-tunisien-des-affaires-etrangeres\\\/\"},\"author\":{\"name\":\"La r\u00e9daction\",\"@id\":\"https:\\\/\\\/www.info-algerie.com\\\/actualites\\\/#\\\/schema\\\/person\\\/847aaec44920825b843a08f30ec6aa1e\"},\"headline\":\"Tebboune re\u00e7oit les ministres \u00e9gyptien et tunisien des Affaires\u00a0 \u00e9trang\u00e8res\",\"datePublished\":\"2017-06-06T11:52:54+00:00\",\"mainEntityOfPage\":{\"@id\":\"https:\\\/\\\/www.info-algerie.com\\\/actualites\\\/tebboune-recoit-les-ministres-egyptien-et-tunisien-des-affaires-etrangeres\\\/\"},\"wordCount\":197,\"commentCount\":0,\"publisher\":{\"@id\":\"https:\\\/\\\/www.info-algerie.com\\\/actualites\\\/#organization\"},\"image\":{\"@id\":\"https:\\\/\\\/www.info-algerie.com\\\/actualites\\\/tebboune-recoit-les-ministres-egyptien-et-tunisien-des-affaires-etrangeres\\\/#primaryimage\"},\"thumbnailUrl\":\"https:\\\/\\\/www.info-algerie.com\\\/actualites\\\/wp-content\\\/uploads\\\/2017\\\/06\\\/f7d8547d0ff04e183ee2f2fea568f26d_S-1.jpg\",\"keywords\":[\"ONU\"],\"articleSection\":[\"infos\"],\"inLanguage\":\"fr-FR\",\"potentialAction\":[{\"@type\":\"CommentAction\",\"name\":\"Comment\",\"target\":[\"https:\\\/\\\/www.info-algerie.com\\\/actualites\\\/tebboune-recoit-les-ministres-egyptien-et-tunisien-des-affaires-etrangeres\\\/#respond\"]}]},{\"@type\":\"WebPage\",\"@id\":\"https:\\\/\\\/www.info-algerie.com\\\/actualites\\\/tebboune-recoit-les-ministres-egyptien-et-tunisien-des-affaires-etrangeres\\\/\",\"url\":\"https:\\\/\\\/www.info-algerie.com\\\/actualites\\\/tebboune-recoit-les-ministres-egyptien-et-tunisien-des-affaires-etrangeres\\\/\",\"name\":\"Tebboune re\u00e7oit les ministres \u00e9gyptien et tunisien des Affaires\u00a0 \u00e9trang\u00e8res - info algerie\",\"isPartOf\":{\"@id\":\"https:\\\/\\\/www.info-algerie.com\\\/actualites\\\/#website\"},\"primaryImageOfPage\":{\"@id\":\"https:\\\/\\\/www.info-algerie.com\\\/actualites\\\/tebboune-recoit-les-ministres-egyptien-et-tunisien-des-affaires-etrangeres\\\/#primaryimage\"},\"image\":{\"@id\":\"https:\\\/\\\/www.info-algerie.com\\\/actualites\\\/tebboune-recoit-les-ministres-egyptien-et-tunisien-des-affaires-etrangeres\\\/#primaryimage\"},\"thumbnailUrl\":\"https:\\\/\\\/www.info-algerie.com\\\/actualites\\\/wp-content\\\/uploads\\\/2017\\\/06\\\/f7d8547d0ff04e183ee2f2fea568f26d_S-1.jpg\",\"datePublished\":\"2017-06-06T11:52:54+00:00\",\"breadcrumb\":{\"@id\":\"https:\\\/\\\/www.info-algerie.com\\\/actualites\\\/tebboune-recoit-les-ministres-egyptien-et-tunisien-des-affaires-etrangeres\\\/#breadcrumb\"},\"inLanguage\":\"fr-FR\",\"potentialAction\":[{\"@type\":\"ReadAction\",\"target\":[\"https:\\\/\\\/www.info-algerie.com\\\/actualites\\\/tebboune-recoit-les-ministres-egyptien-et-tunisien-des-affaires-etrangeres\\\/\"]}]},{\"@type\":\"ImageObject\",\"inLanguage\":\"fr-FR\",\"@id\":\"https:\\\/\\\/www.info-algerie.com\\\/actualites\\\/tebboune-recoit-les-ministres-egyptien-et-tunisien-des-affaires-etrangeres\\\/#primaryimage\",\"url\":\"https:\\\/\\\/www.info-algerie.com\\\/actualites\\\/wp-content\\\/uploads\\\/2017\\\/06\\\/f7d8547d0ff04e183ee2f2fea568f26d_S-1.jpg\",\"contentUrl\":\"https:\\\/\\\/www.info-algerie.com\\\/actualites\\\/wp-content\\\/uploads\\\/2017\\\/06\\\/f7d8547d0ff04e183ee2f2fea568f26d_S-1.jpg\",\"width\":280,\"height\":200},{\"@type\":\"BreadcrumbList\",\"@id\":\"https:\\\/\\\/www.info-algerie.com\\\/actualites\\\/tebboune-recoit-les-ministres-egyptien-et-tunisien-des-affaires-etrangeres\\\/#breadcrumb\",\"itemListElement\":[{\"@type\":\"ListItem\",\"position\":1,\"name\":\"Accueil\",\"item\":\"https:\\\/\\\/www.info-algerie.com\\\/actualites\\\/\"},{\"@type\":\"ListItem\",\"position\":2,\"name\":\"Tebboune re\u00e7oit les ministres \u00e9gyptien et tunisien des Affaires\u00a0 \u00e9trang\u00e8res\"}]},{\"@type\":\"WebSite\",\"@id\":\"https:\\\/\\\/www.info-algerie.com\\\/actualites\\\/#website\",\"url\":\"https:\\\/\\\/www.info-algerie.com\\\/actualites\\\/\",\"name\":\"info algerie\",\"description\":\"Toutes les actualit\u00e9s\",\"publisher\":{\"@id\":\"https:\\\/\\\/www.info-algerie.com\\\/actualites\\\/#organization\"},\"potentialAction\":[{\"@type\":\"SearchAction\",\"target\":{\"@type\":\"EntryPoint\",\"urlTemplate\":\"https:\\\/\\\/www.info-algerie.com\\\/actualites\\\/?s={search_term_string}\"},\"query-input\":{\"@type\":\"PropertyValueSpecification\",\"valueRequired\":true,\"valueName\":\"search_term_string\"}}],\"inLanguage\":\"fr-FR\"},{\"@type\":\"Organization\",\"@id\":\"https:\\\/\\\/www.info-algerie.com\\\/actualites\\\/#organization\",\"name\":\"info algerie\",\"url\":\"https:\\\/\\\/www.info-algerie.com\\\/actualites\\\/\",\"logo\":{\"@type\":\"ImageObject\",\"inLanguage\":\"fr-FR\",\"@id\":\"https:\\\/\\\/www.info-algerie.com\\\/actualites\\\/#\\\/schema\\\/logo\\\/image\\\/\",\"url\":\"https:\\\/\\\/www.info-algerie.com\\\/actualites\\\/wp-content\\\/uploads\\\/2022\\\/07\\\/logo-ia-120.png\",\"contentUrl\":\"https:\\\/\\\/www.info-algerie.com\\\/actualites\\\/wp-content\\\/uploads\\\/2022\\\/07\\\/logo-ia-120.png\",\"width\":120,\"height\":43,\"caption\":\"info algerie\"},\"image\":{\"@id\":\"https:\\\/\\\/www.info-algerie.com\\\/actualites\\\/#\\\/schema\\\/logo\\\/image\\\/\"},\"sameAs\":[\"https:\\\/\\\/www.facebook.com\\\/infoalgerieactu\",\"https:\\\/\\\/x.com\\\/infoalgerie1\"]},{\"@type\":\"Person\",\"@id\":\"https:\\\/\\\/www.info-algerie.com\\\/actualites\\\/#\\\/schema\\\/person\\\/847aaec44920825b843a08f30ec6aa1e\",\"name\":\"La r\u00e9daction\",\"image\":{\"@type\":\"ImageObject\",\"inLanguage\":\"fr-FR\",\"@id\":\"https:\\\/\\\/secure.gravatar.com\\\/avatar\\\/769db425c6f465158149f1ffd6cf61ce7a8a879d11dfbef8288af36dfddd418c?s=96&d=mm&r=g\",\"url\":\"https:\\\/\\\/secure.gravatar.com\\\/avatar\\\/769db425c6f465158149f1ffd6cf61ce7a8a879d11dfbef8288af36dfddd418c?s=96&d=mm&r=g\",\"contentUrl\":\"https:\\\/\\\/secure.gravatar.com\\\/avatar\\\/769db425c6f465158149f1ffd6cf61ce7a8a879d11dfbef8288af36dfddd418c?s=96&d=mm&r=g\",\"caption\":\"La r\u00e9daction\"},\"sameAs\":[\"http:\\\/\\\/www.lkeria.com\\\/\"],\"url\":\"https:\\\/\\\/www.info-algerie.com\\\/actualites\\\/author\\\/chakib32\\\/\"}]}<\/script>\n<!-- \/ Yoast SEO plugin. -->","yoast_head_json":{"title":"Tebboune re\u00e7oit les ministres \u00e9gyptien et tunisien des Affaires\u00a0 \u00e9trang\u00e8res - info algerie","robots":{"index":"index","follow":"follow","max-snippet":"max-snippet:-1","max-image-preview":"max-image-preview:large","max-video-preview":"max-video-preview:-1"},"canonical":"https:\/\/www.info-algerie.com\/actualites\/tebboune-recoit-les-ministres-egyptien-et-tunisien-des-affaires-etrangeres\/","og_locale":"fr_FR","og_type":"article","og_title":"Tebboune re\u00e7oit les ministres \u00e9gyptien et tunisien des Affaires\u00a0 \u00e9trang\u00e8res - info algerie","og_description":"ALGER- Le Premier ministre, Abdelmadjid Tebboune a re\u00e7u\u00a0 mardi les ministres des Affaires \u00e9trang\u00e8res \u00e9gyptien et tunisien,\u00a0 respectivement, Sameh Choukri et Khemaies Jhinaoui, qui ont pris part \u00e0 la\u00a0 r\u00e9union tripartite sur la Libye, tenue lundi \u00e0 Alger, a indiqu\u00e9 un\u00a0 communiqu\u00e9 des services du Premier ministre. &#013; &#013; L&rsquo;audience \u00e0 laquelle a pris part","og_url":"https:\/\/www.info-algerie.com\/actualites\/tebboune-recoit-les-ministres-egyptien-et-tunisien-des-affaires-etrangeres\/","og_site_name":"info algerie","article_publisher":"https:\/\/www.facebook.com\/infoalgerieactu","article_published_time":"2017-06-06T11:52:54+00:00","og_image":[{"width":280,"height":200,"url":"https:\/\/www.info-algerie.com\/actualites\/wp-content\/uploads\/2017\/06\/f7d8547d0ff04e183ee2f2fea568f26d_S-1.jpg","type":"image\/jpeg"}],"author":"La r\u00e9daction","twitter_misc":{"\u00c9crit par":"La r\u00e9daction","Dur\u00e9e de lecture estim\u00e9e":"1 minute"},"schema":{"@context":"https:\/\/schema.org","@graph":[{"@type":"Article","@id":"https:\/\/www.info-algerie.com\/actualites\/tebboune-recoit-les-ministres-egyptien-et-tunisien-des-affaires-etrangeres\/#article","isPartOf":{"@id":"https:\/\/www.info-algerie.com\/actualites\/tebboune-recoit-les-ministres-egyptien-et-tunisien-des-affaires-etrangeres\/"},"author":{"name":"La r\u00e9daction","@id":"https:\/\/www.info-algerie.com\/actualites\/#\/schema\/person\/847aaec44920825b843a08f30ec6aa1e"},"headline":"Tebboune re\u00e7oit les ministres \u00e9gyptien et tunisien des Affaires\u00a0 \u00e9trang\u00e8res","datePublished":"2017-06-06T11:52:54+00:00","mainEntityOfPage":{"@id":"https:\/\/www.info-algerie.com\/actualites\/tebboune-recoit-les-ministres-egyptien-et-tunisien-des-affaires-etrangeres\/"},"wordCount":197,"commentCount":0,"publisher":{"@id":"https:\/\/www.info-algerie.com\/actualites\/#organization"},"image":{"@id":"https:\/\/www.info-algerie.com\/actualites\/tebboune-recoit-les-ministres-egyptien-et-tunisien-des-affaires-etrangeres\/#primaryimage"},"thumbnailUrl":"https:\/\/www.info-algerie.com\/actualites\/wp-content\/uploads\/2017\/06\/f7d8547d0ff04e183ee2f2fea568f26d_S-1.jpg","keywords":["ONU"],"articleSection":["infos"],"inLanguage":"fr-FR","potentialAction":[{"@type":"CommentAction","name":"Comment","target":["https:\/\/www.info-algerie.com\/actualites\/tebboune-recoit-les-ministres-egyptien-et-tunisien-des-affaires-etrangeres\/#respond"]}]},{"@type":"WebPage","@id":"https:\/\/www.info-algerie.com\/actualites\/tebboune-recoit-les-ministres-egyptien-et-tunisien-des-affaires-etrangeres\/","url":"https:\/\/www.info-algerie.com\/actualites\/tebboune-recoit-les-ministres-egyptien-et-tunisien-des-affaires-etrangeres\/","name":"Tebboune re\u00e7oit les ministres \u00e9gyptien et tunisien des Affaires\u00a0 \u00e9trang\u00e8res - info algerie","isPartOf":{"@id":"https:\/\/www.info-algerie.com\/actualites\/#website"},"primaryImageOfPage":{"@id":"https:\/\/www.info-algerie.com\/actualites\/tebboune-recoit-les-ministres-egyptien-et-tunisien-des-affaires-etrangeres\/#primaryimage"},"image":{"@id":"https:\/\/www.info-algerie.com\/actualites\/tebboune-recoit-les-ministres-egyptien-et-tunisien-des-affaires-etrangeres\/#primaryimage"},"thumbnailUrl":"https:\/\/www.info-algerie.com\/actualites\/wp-content\/uploads\/2017\/06\/f7d8547d0ff04e183ee2f2fea568f26d_S-1.jpg","datePublished":"2017-06-06T11:52:54+00:00","breadcrumb":{"@id":"https:\/\/www.info-algerie.com\/actualites\/tebboune-recoit-les-ministres-egyptien-et-tunisien-des-affaires-etrangeres\/#breadcrumb"},"inLanguage":"fr-FR","potentialAction":[{"@type":"ReadAction","target":["https:\/\/www.info-algerie.com\/actualites\/tebboune-recoit-les-ministres-egyptien-et-tunisien-des-affaires-etrangeres\/"]}]},{"@type":"ImageObject","inLanguage":"fr-FR","@id":"https:\/\/www.info-algerie.com\/actualites\/tebboune-recoit-les-ministres-egyptien-et-tunisien-des-affaires-etrangeres\/#primaryimage","url":"https:\/\/www.info-algerie.com\/actualites\/wp-content\/uploads\/2017\/06\/f7d8547d0ff04e183ee2f2fea568f26d_S-1.jpg","contentUrl":"https:\/\/www.info-algerie.com\/actualites\/wp-content\/uploads\/2017\/06\/f7d8547d0ff04e183ee2f2fea568f26d_S-1.jpg","width":280,"height":200},{"@type":"BreadcrumbList","@id":"https:\/\/www.info-algerie.com\/actualites\/tebboune-recoit-les-ministres-egyptien-et-tunisien-des-affaires-etrangeres\/#breadcrumb","itemListElement":[{"@type":"ListItem","position":1,"name":"Accueil","item":"https:\/\/www.info-algerie.com\/actualites\/"},{"@type":"ListItem","position":2,"name":"Tebboune re\u00e7oit les ministres \u00e9gyptien et tunisien des Affaires\u00a0 \u00e9trang\u00e8res"}]},{"@type":"WebSite","@id":"https:\/\/www.info-algerie.com\/actualites\/#website","url":"https:\/\/www.info-algerie.com\/actualites\/","name":"info algerie","description":"Toutes les actualit\u00e9s","publisher":{"@id":"https:\/\/www.info-algerie.com\/actualites\/#organization"},"potentialAction":[{"@type":"SearchAction","target":{"@type":"EntryPoint","urlTemplate":"https:\/\/www.info-algerie.com\/actualites\/?s={search_term_string}"},"query-input":{"@type":"PropertyValueSpecification","valueRequired":true,"valueName":"search_term_string"}}],"inLanguage":"fr-FR"},{"@type":"Organization","@id":"https:\/\/www.info-algerie.com\/actualites\/#organization","name":"info algerie","url":"https:\/\/www.info-algerie.com\/actualites\/","logo":{"@type":"ImageObject","inLanguage":"fr-FR","@id":"https:\/\/www.info-algerie.com\/actualites\/#\/schema\/logo\/image\/","url":"https:\/\/www.info-algerie.com\/actualites\/wp-content\/uploads\/2022\/07\/logo-ia-120.png","contentUrl":"https:\/\/www.info-algerie.com\/actualites\/wp-content\/uploads\/2022\/07\/logo-ia-120.png","width":120,"height":43,"caption":"info algerie"},"image":{"@id":"https:\/\/www.info-algerie.com\/actualites\/#\/schema\/logo\/image\/"},"sameAs":["https:\/\/www.facebook.com\/infoalgerieactu","https:\/\/x.com\/infoalgerie1"]},{"@type":"Person","@id":"https:\/\/www.info-algerie.com\/actualites\/#\/schema\/person\/847aaec44920825b843a08f30ec6aa1e","name":"La r\u00e9daction","image":{"@type":"ImageObject","inLanguage":"fr-FR","@id":"https:\/\/secure.gravatar.com\/avatar\/769db425c6f465158149f1ffd6cf61ce7a8a879d11dfbef8288af36dfddd418c?s=96&d=mm&r=g","url":"https:\/\/secure.gravatar.com\/avatar\/769db425c6f465158149f1ffd6cf61ce7a8a879d11dfbef8288af36dfddd418c?s=96&d=mm&r=g","contentUrl":"https:\/\/secure.gravatar.com\/avatar\/769db425c6f465158149f1ffd6cf61ce7a8a879d11dfbef8288af36dfddd418c?s=96&d=mm&r=g","caption":"La r\u00e9daction"},"sameAs":["http:\/\/www.lkeria.com\/"],"url":"https:\/\/www.info-algerie.com\/actualites\/author\/chakib32\/"}]}},"_links":{"self":[{"href":"https:\/\/www.info-algerie.com\/actualites\/wp-json\/wp\/v2\/posts\/12932","targetHints":{"allow":["GET"]}}],"collection":[{"href":"https:\/\/www.info-algerie.com\/actualites\/wp-json\/wp\/v2\/posts"}],"about":[{"href":"https:\/\/www.info-algerie.com\/actualites\/wp-json\/wp\/v2\/types\/post"}],"author":[{"embeddable":true,"href":"https:\/\/www.info-algerie.com\/actualites\/wp-json\/wp\/v2\/users\/6"}],"replies":[{"embeddable":true,"href":"https:\/\/www.info-algerie.com\/actualites\/wp-json\/wp\/v2\/comments?post=12932"}],"version-history":[{"count":0,"href":"https:\/\/www.info-algerie.com\/actualites\/wp-json\/wp\/v2\/posts\/12932\/revisions"}],"wp:featuredmedia":[{"embeddable":true,"href":"https:\/\/www.info-algerie.com\/actualites\/wp-json\/wp\/v2\/media\/12933"}],"wp:attachment":[{"href":"https:\/\/www.info-algerie.com\/actualites\/wp-json\/wp\/v2\/media?parent=12932"}],"wp:term":[{"taxonomy":"category","embeddable":true,"href":"https:\/\/www.info-algerie.com\/actualites\/wp-json\/wp\/v2\/categories?post=12932"},{"taxonomy":"post_tag","embeddable":true,"href":"https:\/\/www.info-algerie.com\/actualites\/wp-json\/wp\/v2\/tags?post=12932"}],"curies":[{"name":"wp","href":"https:\/\/api.w.org\/{rel}","templated":true}]}}