{"id":12941,"date":"2017-06-06T17:34:26","date_gmt":"2017-06-06T16:34:26","guid":{"rendered":"http:\/\/www.info-algerie.com\/actualites\/bem-les-candidats-tres-optimistes-au-terme-des-epreuves\/"},"modified":"2017-06-06T17:34:26","modified_gmt":"2017-06-06T16:34:26","slug":"bem-les-candidats-tres-optimistes-au-terme-des-epreuves","status":"publish","type":"post","link":"https:\/\/www.info-algerie.com\/actualites\/bem-les-candidats-tres-optimistes-au-terme-des-epreuves\/","title":{"rendered":"BEM: les candidats tr\u00e8s optimistes au terme des \u00e9preuves"},"content":{"rendered":"<div class=\"K2FeedImage\"><img decoding=\"async\" src=\"https:\/\/www.info-algerie.com\/actualites\/wp-content\/uploads\/2017\/06\/78dacbbcaa68962a7edaa40c1223442a_S.jpg\" alt=\"BEM: les candidats tr&#xE8;s optimistes au terme des &#xE9;preuves\" \/><\/div>\n<div class=\"K2FeedIntroText\">\n<p class=\"MsoNormal\">ALGER &#8211; Plus de 566.000 candidats \u00e0 l&rsquo;examen du Brevet\u00a0 d&rsquo;enseignement moyen (BEM) session 2017 ont achev\u00e9 mardi leurs \u00e9preuves \u00e0\u00a0 travers l&rsquo;ensemble du territoire national sur fond d&rsquo;optimisme, la plupart\u00a0 des sujets ayant \u00e9t\u00e9 \u00e0 la port\u00e9e de tous.<\/p>\n<p>&#013;\n<\/p><\/div>\n<div class=\"K2FeedFullText\">&#013;<\/p>\n<p>Les candidats rencontr\u00e9s par l&rsquo;APS devant le centre d&rsquo;examen du\u00a0 lyc\u00e9e Al-Idrissi, \u00e0 la Place du 1er Mai (Alger) \u00e9taient contents et\u00a0 soulag\u00e9s, assurant que les sujets des \u00e9preuves du dernier jour d&rsquo;examen\u00a0 (Fran\u00e7ais et sciences naturelles) \u00e9taient faciles et \u00e0 leur port\u00e9e.<\/p>\n<p>&#013;<\/p>\n<p>Arborant un large sourire, Khadidja a dit que ce jour marquait la\u00a0 derni\u00e8re \u00e9tape pour l&rsquo;obtention du pr\u00e9cieux s\u00e9same qui ouvre la porte du\u00a0 secondaire.<\/p>\n<p>&#013;<\/p>\n<p>Pour Hichem, les \u00e9preuves de Fran\u00e7ais et de sciences naturelles lui\u00a0 ont redonn\u00e9 espoir apr\u00e8s avoir \u00e9t\u00e9 quelque peu d\u00e9courag\u00e9 par celle de\u00a0 math\u00e9matiques. Il s&rsquo;est dit optimiste quant \u00e0 sa r\u00e9ussite.<\/p>\n<p>&#013;<\/p>\n<p>Une enseignante rencontr\u00e9 par l&rsquo;APS a pr\u00e9cis\u00e9 que tous les sujets\u00a0 des \u00e9preuves de l&rsquo;examen du BEM de cette ann\u00e9e figuraient dans le\u00a0 programme, y compris celui de math\u00e9matiques qui avait perturb\u00e9 les\u00a0 candidats lundi.<\/p>\n<p>&#013;<\/p>\n<p>Ainsi, 566.221 candidats au total, dont 51,58% de filles, ont\u00a0 pass\u00e9 durant trois jours l&rsquo;examen du BEM dans neuf mati\u00e8res (langue arabe,\u00a0 langue fran\u00e7aise, langue anglaise, math\u00e9matiques, sciences physiques et\u00a0 technologiques, sciences naturelles, histoire et g\u00e9ographie, \u00e9ducation\u00a0 islamique, \u00e9ducation civique, outre la langue amazighe qui concerne\u00a0 certaines wilayas).<\/p>\n<p>&#013;<\/p>\n<p>L&rsquo;op\u00e9ration de correction d\u00e9butera quatre jours apr\u00e8s la fin des \u00e9preuves,\u00a0 les r\u00e9sultats de cette session \u00e9tant pr\u00e9vu au plus tard pour le 27 juin .<\/p>\n<p>&#013;<\/p>\n<p>Sont admis d`office en premi\u00e8re ann\u00e9e secondaire les candidats ayant\u00a0 obtenu une note sup\u00e9rieure ou \u00e9gale \u00e0 10\/20 au BEM. Pour les postulants\u00a0 ayant obtenu moins de 10\/20 au BEM, leur note d`admission au lyc\u00e9e sera\u00a0 compt\u00e9e sur la somme de la moyenne annuelle de la quatri\u00e8me ann\u00e9e et celle\u00a0 obtenue au BEM divis\u00e9e par deux.<\/p>\n<p>&#013;<\/p>\n<p>\u00a0<\/p>\n<p>&#013;<\/p>\n<p class=\"MsoNormal\">Examen national et obligatoire, le Brevet d&rsquo;enseignement moyen permet\u00a0 l&rsquo;\u00e9valuation des acquis de l&rsquo;\u00e9l\u00e8ve de 4e ann\u00e9e moyenne pour son passage au\u00a0 cycle secondaire.<\/p>\n<\/div>\n<p>&#013;<br \/>\nSource: <a href=\"http:\/\/www.aps.dz\/algerie\/58606-bem-les-candidats-tres-optimistes-au-terme-des-epreuves\" target=\"_blank\">BEM: les candidats tr\u00e8s optimistes au terme des \u00e9preuves<\/a><\/p>\n<!--CusAds0-->\n<div style=\"font-size: 0px; height: 0px; line-height: 0px; margin: 0; padding: 0; clear: both;\"><\/div>","protected":false},"excerpt":{"rendered":"<p>ALGER &#8211; Plus de 566.000 candidats \u00e0 l&rsquo;examen du Brevet\u00a0 d&rsquo;enseignement moyen (BEM) session 2017 ont achev\u00e9 mardi leurs \u00e9preuves \u00e0\u00a0 travers l&rsquo;ensemble du territoire national sur fond d&rsquo;optimisme, la plupart\u00a0 des sujets ayant \u00e9t\u00e9 \u00e0 la port\u00e9e de tous. &#013; &#013; Les candidats rencontr\u00e9s par l&rsquo;APS devant le centre d&rsquo;examen du\u00a0 lyc\u00e9e Al-Idrissi, \u00e0<\/p>\n","protected":false},"author":6,"featured_media":12942,"comment_status":"open","ping_status":"open","sticky":false,"template":"","format":"standard","meta":{"footnotes":""},"categories":[22],"tags":[93],"class_list":["post-12941","post","type-post","status-publish","format-standard","has-post-thumbnail","hentry","category-infos","tag-onu"],"yoast_head":"<!-- This site is optimized with the Yoast SEO plugin v27.5 - https:\/\/yoast.com\/product\/yoast-seo-wordpress\/ -->\n<title>BEM: les candidats tr\u00e8s optimistes au terme des \u00e9preuves - info algerie<\/title>\n<meta name=\"robots\" content=\"index, follow, max-snippet:-1, max-image-preview:large, max-video-preview:-1\" \/>\n<link rel=\"canonical\" href=\"https:\/\/www.info-algerie.com\/actualites\/bem-les-candidats-tres-optimistes-au-terme-des-epreuves\/\" \/>\n<meta property=\"og:locale\" content=\"fr_FR\" \/>\n<meta property=\"og:type\" content=\"article\" \/>\n<meta property=\"og:title\" content=\"BEM: les candidats tr\u00e8s optimistes au terme des \u00e9preuves - info algerie\" \/>\n<meta property=\"og:description\" content=\"ALGER &#8211; Plus de 566.000 candidats \u00e0 l&rsquo;examen du Brevet\u00a0 d&rsquo;enseignement moyen (BEM) session 2017 ont achev\u00e9 mardi leurs \u00e9preuves \u00e0\u00a0 travers l&rsquo;ensemble du territoire national sur fond d&rsquo;optimisme, la plupart\u00a0 des sujets ayant \u00e9t\u00e9 \u00e0 la port\u00e9e de tous. &#013; &#013; Les candidats rencontr\u00e9s par l&rsquo;APS devant le centre d&rsquo;examen du\u00a0 lyc\u00e9e Al-Idrissi, \u00e0\" \/>\n<meta property=\"og:url\" content=\"https:\/\/www.info-algerie.com\/actualites\/bem-les-candidats-tres-optimistes-au-terme-des-epreuves\/\" \/>\n<meta property=\"og:site_name\" content=\"info algerie\" \/>\n<meta property=\"article:publisher\" content=\"https:\/\/www.facebook.com\/infoalgerieactu\" \/>\n<meta property=\"article:published_time\" content=\"2017-06-06T16:34:26+00:00\" \/>\n<meta property=\"og:image\" content=\"https:\/\/www.info-algerie.com\/actualites\/wp-content\/uploads\/2017\/06\/78dacbbcaa68962a7edaa40c1223442a_S-1.jpg\" \/>\n\t<meta property=\"og:image:width\" content=\"280\" \/>\n\t<meta property=\"og:image:height\" content=\"169\" \/>\n\t<meta property=\"og:image:type\" content=\"image\/jpeg\" \/>\n<meta name=\"author\" content=\"La r\u00e9daction\" \/>\n<meta name=\"twitter:label1\" content=\"\u00c9crit par\" \/>\n\t<meta name=\"twitter:data1\" content=\"La r\u00e9daction\" \/>\n\t<meta name=\"twitter:label2\" content=\"Dur\u00e9e de lecture estim\u00e9e\" \/>\n\t<meta name=\"twitter:data2\" content=\"2 minutes\" \/>\n<script type=\"application\/ld+json\" class=\"yoast-schema-graph\">{\"@context\":\"https:\\\/\\\/schema.org\",\"@graph\":[{\"@type\":\"Article\",\"@id\":\"https:\\\/\\\/www.info-algerie.com\\\/actualites\\\/bem-les-candidats-tres-optimistes-au-terme-des-epreuves\\\/#article\",\"isPartOf\":{\"@id\":\"https:\\\/\\\/www.info-algerie.com\\\/actualites\\\/bem-les-candidats-tres-optimistes-au-terme-des-epreuves\\\/\"},\"author\":{\"name\":\"La r\u00e9daction\",\"@id\":\"https:\\\/\\\/www.info-algerie.com\\\/actualites\\\/#\\\/schema\\\/person\\\/847aaec44920825b843a08f30ec6aa1e\"},\"headline\":\"BEM: les candidats tr\u00e8s optimistes au terme des \u00e9preuves\",\"datePublished\":\"2017-06-06T16:34:26+00:00\",\"mainEntityOfPage\":{\"@id\":\"https:\\\/\\\/www.info-algerie.com\\\/actualites\\\/bem-les-candidats-tres-optimistes-au-terme-des-epreuves\\\/\"},\"wordCount\":389,\"commentCount\":0,\"publisher\":{\"@id\":\"https:\\\/\\\/www.info-algerie.com\\\/actualites\\\/#organization\"},\"image\":{\"@id\":\"https:\\\/\\\/www.info-algerie.com\\\/actualites\\\/bem-les-candidats-tres-optimistes-au-terme-des-epreuves\\\/#primaryimage\"},\"thumbnailUrl\":\"https:\\\/\\\/www.info-algerie.com\\\/actualites\\\/wp-content\\\/uploads\\\/2017\\\/06\\\/78dacbbcaa68962a7edaa40c1223442a_S-1.jpg\",\"keywords\":[\"ONU\"],\"articleSection\":[\"infos\"],\"inLanguage\":\"fr-FR\",\"potentialAction\":[{\"@type\":\"CommentAction\",\"name\":\"Comment\",\"target\":[\"https:\\\/\\\/www.info-algerie.com\\\/actualites\\\/bem-les-candidats-tres-optimistes-au-terme-des-epreuves\\\/#respond\"]}]},{\"@type\":\"WebPage\",\"@id\":\"https:\\\/\\\/www.info-algerie.com\\\/actualites\\\/bem-les-candidats-tres-optimistes-au-terme-des-epreuves\\\/\",\"url\":\"https:\\\/\\\/www.info-algerie.com\\\/actualites\\\/bem-les-candidats-tres-optimistes-au-terme-des-epreuves\\\/\",\"name\":\"BEM: les candidats tr\u00e8s optimistes au terme des \u00e9preuves - info algerie\",\"isPartOf\":{\"@id\":\"https:\\\/\\\/www.info-algerie.com\\\/actualites\\\/#website\"},\"primaryImageOfPage\":{\"@id\":\"https:\\\/\\\/www.info-algerie.com\\\/actualites\\\/bem-les-candidats-tres-optimistes-au-terme-des-epreuves\\\/#primaryimage\"},\"image\":{\"@id\":\"https:\\\/\\\/www.info-algerie.com\\\/actualites\\\/bem-les-candidats-tres-optimistes-au-terme-des-epreuves\\\/#primaryimage\"},\"thumbnailUrl\":\"https:\\\/\\\/www.info-algerie.com\\\/actualites\\\/wp-content\\\/uploads\\\/2017\\\/06\\\/78dacbbcaa68962a7edaa40c1223442a_S-1.jpg\",\"datePublished\":\"2017-06-06T16:34:26+00:00\",\"breadcrumb\":{\"@id\":\"https:\\\/\\\/www.info-algerie.com\\\/actualites\\\/bem-les-candidats-tres-optimistes-au-terme-des-epreuves\\\/#breadcrumb\"},\"inLanguage\":\"fr-FR\",\"potentialAction\":[{\"@type\":\"ReadAction\",\"target\":[\"https:\\\/\\\/www.info-algerie.com\\\/actualites\\\/bem-les-candidats-tres-optimistes-au-terme-des-epreuves\\\/\"]}]},{\"@type\":\"ImageObject\",\"inLanguage\":\"fr-FR\",\"@id\":\"https:\\\/\\\/www.info-algerie.com\\\/actualites\\\/bem-les-candidats-tres-optimistes-au-terme-des-epreuves\\\/#primaryimage\",\"url\":\"https:\\\/\\\/www.info-algerie.com\\\/actualites\\\/wp-content\\\/uploads\\\/2017\\\/06\\\/78dacbbcaa68962a7edaa40c1223442a_S-1.jpg\",\"contentUrl\":\"https:\\\/\\\/www.info-algerie.com\\\/actualites\\\/wp-content\\\/uploads\\\/2017\\\/06\\\/78dacbbcaa68962a7edaa40c1223442a_S-1.jpg\",\"width\":280,\"height\":169},{\"@type\":\"BreadcrumbList\",\"@id\":\"https:\\\/\\\/www.info-algerie.com\\\/actualites\\\/bem-les-candidats-tres-optimistes-au-terme-des-epreuves\\\/#breadcrumb\",\"itemListElement\":[{\"@type\":\"ListItem\",\"position\":1,\"name\":\"Accueil\",\"item\":\"https:\\\/\\\/www.info-algerie.com\\\/actualites\\\/\"},{\"@type\":\"ListItem\",\"position\":2,\"name\":\"BEM: les candidats tr\u00e8s optimistes au terme des \u00e9preuves\"}]},{\"@type\":\"WebSite\",\"@id\":\"https:\\\/\\\/www.info-algerie.com\\\/actualites\\\/#website\",\"url\":\"https:\\\/\\\/www.info-algerie.com\\\/actualites\\\/\",\"name\":\"info algerie\",\"description\":\"Toutes les actualit\u00e9s\",\"publisher\":{\"@id\":\"https:\\\/\\\/www.info-algerie.com\\\/actualites\\\/#organization\"},\"potentialAction\":[{\"@type\":\"SearchAction\",\"target\":{\"@type\":\"EntryPoint\",\"urlTemplate\":\"https:\\\/\\\/www.info-algerie.com\\\/actualites\\\/?s={search_term_string}\"},\"query-input\":{\"@type\":\"PropertyValueSpecification\",\"valueRequired\":true,\"valueName\":\"search_term_string\"}}],\"inLanguage\":\"fr-FR\"},{\"@type\":\"Organization\",\"@id\":\"https:\\\/\\\/www.info-algerie.com\\\/actualites\\\/#organization\",\"name\":\"info algerie\",\"url\":\"https:\\\/\\\/www.info-algerie.com\\\/actualites\\\/\",\"logo\":{\"@type\":\"ImageObject\",\"inLanguage\":\"fr-FR\",\"@id\":\"https:\\\/\\\/www.info-algerie.com\\\/actualites\\\/#\\\/schema\\\/logo\\\/image\\\/\",\"url\":\"https:\\\/\\\/www.info-algerie.com\\\/actualites\\\/wp-content\\\/uploads\\\/2022\\\/07\\\/logo-ia-120.png\",\"contentUrl\":\"https:\\\/\\\/www.info-algerie.com\\\/actualites\\\/wp-content\\\/uploads\\\/2022\\\/07\\\/logo-ia-120.png\",\"width\":120,\"height\":43,\"caption\":\"info algerie\"},\"image\":{\"@id\":\"https:\\\/\\\/www.info-algerie.com\\\/actualites\\\/#\\\/schema\\\/logo\\\/image\\\/\"},\"sameAs\":[\"https:\\\/\\\/www.facebook.com\\\/infoalgerieactu\",\"https:\\\/\\\/x.com\\\/infoalgerie1\"]},{\"@type\":\"Person\",\"@id\":\"https:\\\/\\\/www.info-algerie.com\\\/actualites\\\/#\\\/schema\\\/person\\\/847aaec44920825b843a08f30ec6aa1e\",\"name\":\"La r\u00e9daction\",\"image\":{\"@type\":\"ImageObject\",\"inLanguage\":\"fr-FR\",\"@id\":\"https:\\\/\\\/secure.gravatar.com\\\/avatar\\\/769db425c6f465158149f1ffd6cf61ce7a8a879d11dfbef8288af36dfddd418c?s=96&d=mm&r=g\",\"url\":\"https:\\\/\\\/secure.gravatar.com\\\/avatar\\\/769db425c6f465158149f1ffd6cf61ce7a8a879d11dfbef8288af36dfddd418c?s=96&d=mm&r=g\",\"contentUrl\":\"https:\\\/\\\/secure.gravatar.com\\\/avatar\\\/769db425c6f465158149f1ffd6cf61ce7a8a879d11dfbef8288af36dfddd418c?s=96&d=mm&r=g\",\"caption\":\"La r\u00e9daction\"},\"sameAs\":[\"http:\\\/\\\/www.lkeria.com\\\/\"],\"url\":\"https:\\\/\\\/www.info-algerie.com\\\/actualites\\\/author\\\/chakib32\\\/\"}]}<\/script>\n<!-- \/ Yoast SEO plugin. -->","yoast_head_json":{"title":"BEM: les candidats tr\u00e8s optimistes au terme des \u00e9preuves - info algerie","robots":{"index":"index","follow":"follow","max-snippet":"max-snippet:-1","max-image-preview":"max-image-preview:large","max-video-preview":"max-video-preview:-1"},"canonical":"https:\/\/www.info-algerie.com\/actualites\/bem-les-candidats-tres-optimistes-au-terme-des-epreuves\/","og_locale":"fr_FR","og_type":"article","og_title":"BEM: les candidats tr\u00e8s optimistes au terme des \u00e9preuves - info algerie","og_description":"ALGER &#8211; Plus de 566.000 candidats \u00e0 l&rsquo;examen du Brevet\u00a0 d&rsquo;enseignement moyen (BEM) session 2017 ont achev\u00e9 mardi leurs \u00e9preuves \u00e0\u00a0 travers l&rsquo;ensemble du territoire national sur fond d&rsquo;optimisme, la plupart\u00a0 des sujets ayant \u00e9t\u00e9 \u00e0 la port\u00e9e de tous. &#013; &#013; Les candidats rencontr\u00e9s par l&rsquo;APS devant le centre d&rsquo;examen du\u00a0 lyc\u00e9e Al-Idrissi, \u00e0","og_url":"https:\/\/www.info-algerie.com\/actualites\/bem-les-candidats-tres-optimistes-au-terme-des-epreuves\/","og_site_name":"info algerie","article_publisher":"https:\/\/www.facebook.com\/infoalgerieactu","article_published_time":"2017-06-06T16:34:26+00:00","og_image":[{"width":280,"height":169,"url":"https:\/\/www.info-algerie.com\/actualites\/wp-content\/uploads\/2017\/06\/78dacbbcaa68962a7edaa40c1223442a_S-1.jpg","type":"image\/jpeg"}],"author":"La r\u00e9daction","twitter_misc":{"\u00c9crit par":"La r\u00e9daction","Dur\u00e9e de lecture estim\u00e9e":"2 minutes"},"schema":{"@context":"https:\/\/schema.org","@graph":[{"@type":"Article","@id":"https:\/\/www.info-algerie.com\/actualites\/bem-les-candidats-tres-optimistes-au-terme-des-epreuves\/#article","isPartOf":{"@id":"https:\/\/www.info-algerie.com\/actualites\/bem-les-candidats-tres-optimistes-au-terme-des-epreuves\/"},"author":{"name":"La r\u00e9daction","@id":"https:\/\/www.info-algerie.com\/actualites\/#\/schema\/person\/847aaec44920825b843a08f30ec6aa1e"},"headline":"BEM: les candidats tr\u00e8s optimistes au terme des \u00e9preuves","datePublished":"2017-06-06T16:34:26+00:00","mainEntityOfPage":{"@id":"https:\/\/www.info-algerie.com\/actualites\/bem-les-candidats-tres-optimistes-au-terme-des-epreuves\/"},"wordCount":389,"commentCount":0,"publisher":{"@id":"https:\/\/www.info-algerie.com\/actualites\/#organization"},"image":{"@id":"https:\/\/www.info-algerie.com\/actualites\/bem-les-candidats-tres-optimistes-au-terme-des-epreuves\/#primaryimage"},"thumbnailUrl":"https:\/\/www.info-algerie.com\/actualites\/wp-content\/uploads\/2017\/06\/78dacbbcaa68962a7edaa40c1223442a_S-1.jpg","keywords":["ONU"],"articleSection":["infos"],"inLanguage":"fr-FR","potentialAction":[{"@type":"CommentAction","name":"Comment","target":["https:\/\/www.info-algerie.com\/actualites\/bem-les-candidats-tres-optimistes-au-terme-des-epreuves\/#respond"]}]},{"@type":"WebPage","@id":"https:\/\/www.info-algerie.com\/actualites\/bem-les-candidats-tres-optimistes-au-terme-des-epreuves\/","url":"https:\/\/www.info-algerie.com\/actualites\/bem-les-candidats-tres-optimistes-au-terme-des-epreuves\/","name":"BEM: les candidats tr\u00e8s optimistes au terme des \u00e9preuves - info algerie","isPartOf":{"@id":"https:\/\/www.info-algerie.com\/actualites\/#website"},"primaryImageOfPage":{"@id":"https:\/\/www.info-algerie.com\/actualites\/bem-les-candidats-tres-optimistes-au-terme-des-epreuves\/#primaryimage"},"image":{"@id":"https:\/\/www.info-algerie.com\/actualites\/bem-les-candidats-tres-optimistes-au-terme-des-epreuves\/#primaryimage"},"thumbnailUrl":"https:\/\/www.info-algerie.com\/actualites\/wp-content\/uploads\/2017\/06\/78dacbbcaa68962a7edaa40c1223442a_S-1.jpg","datePublished":"2017-06-06T16:34:26+00:00","breadcrumb":{"@id":"https:\/\/www.info-algerie.com\/actualites\/bem-les-candidats-tres-optimistes-au-terme-des-epreuves\/#breadcrumb"},"inLanguage":"fr-FR","potentialAction":[{"@type":"ReadAction","target":["https:\/\/www.info-algerie.com\/actualites\/bem-les-candidats-tres-optimistes-au-terme-des-epreuves\/"]}]},{"@type":"ImageObject","inLanguage":"fr-FR","@id":"https:\/\/www.info-algerie.com\/actualites\/bem-les-candidats-tres-optimistes-au-terme-des-epreuves\/#primaryimage","url":"https:\/\/www.info-algerie.com\/actualites\/wp-content\/uploads\/2017\/06\/78dacbbcaa68962a7edaa40c1223442a_S-1.jpg","contentUrl":"https:\/\/www.info-algerie.com\/actualites\/wp-content\/uploads\/2017\/06\/78dacbbcaa68962a7edaa40c1223442a_S-1.jpg","width":280,"height":169},{"@type":"BreadcrumbList","@id":"https:\/\/www.info-algerie.com\/actualites\/bem-les-candidats-tres-optimistes-au-terme-des-epreuves\/#breadcrumb","itemListElement":[{"@type":"ListItem","position":1,"name":"Accueil","item":"https:\/\/www.info-algerie.com\/actualites\/"},{"@type":"ListItem","position":2,"name":"BEM: les candidats tr\u00e8s optimistes au terme des \u00e9preuves"}]},{"@type":"WebSite","@id":"https:\/\/www.info-algerie.com\/actualites\/#website","url":"https:\/\/www.info-algerie.com\/actualites\/","name":"info algerie","description":"Toutes les actualit\u00e9s","publisher":{"@id":"https:\/\/www.info-algerie.com\/actualites\/#organization"},"potentialAction":[{"@type":"SearchAction","target":{"@type":"EntryPoint","urlTemplate":"https:\/\/www.info-algerie.com\/actualites\/?s={search_term_string}"},"query-input":{"@type":"PropertyValueSpecification","valueRequired":true,"valueName":"search_term_string"}}],"inLanguage":"fr-FR"},{"@type":"Organization","@id":"https:\/\/www.info-algerie.com\/actualites\/#organization","name":"info algerie","url":"https:\/\/www.info-algerie.com\/actualites\/","logo":{"@type":"ImageObject","inLanguage":"fr-FR","@id":"https:\/\/www.info-algerie.com\/actualites\/#\/schema\/logo\/image\/","url":"https:\/\/www.info-algerie.com\/actualites\/wp-content\/uploads\/2022\/07\/logo-ia-120.png","contentUrl":"https:\/\/www.info-algerie.com\/actualites\/wp-content\/uploads\/2022\/07\/logo-ia-120.png","width":120,"height":43,"caption":"info algerie"},"image":{"@id":"https:\/\/www.info-algerie.com\/actualites\/#\/schema\/logo\/image\/"},"sameAs":["https:\/\/www.facebook.com\/infoalgerieactu","https:\/\/x.com\/infoalgerie1"]},{"@type":"Person","@id":"https:\/\/www.info-algerie.com\/actualites\/#\/schema\/person\/847aaec44920825b843a08f30ec6aa1e","name":"La r\u00e9daction","image":{"@type":"ImageObject","inLanguage":"fr-FR","@id":"https:\/\/secure.gravatar.com\/avatar\/769db425c6f465158149f1ffd6cf61ce7a8a879d11dfbef8288af36dfddd418c?s=96&d=mm&r=g","url":"https:\/\/secure.gravatar.com\/avatar\/769db425c6f465158149f1ffd6cf61ce7a8a879d11dfbef8288af36dfddd418c?s=96&d=mm&r=g","contentUrl":"https:\/\/secure.gravatar.com\/avatar\/769db425c6f465158149f1ffd6cf61ce7a8a879d11dfbef8288af36dfddd418c?s=96&d=mm&r=g","caption":"La r\u00e9daction"},"sameAs":["http:\/\/www.lkeria.com\/"],"url":"https:\/\/www.info-algerie.com\/actualites\/author\/chakib32\/"}]}},"_links":{"self":[{"href":"https:\/\/www.info-algerie.com\/actualites\/wp-json\/wp\/v2\/posts\/12941","targetHints":{"allow":["GET"]}}],"collection":[{"href":"https:\/\/www.info-algerie.com\/actualites\/wp-json\/wp\/v2\/posts"}],"about":[{"href":"https:\/\/www.info-algerie.com\/actualites\/wp-json\/wp\/v2\/types\/post"}],"author":[{"embeddable":true,"href":"https:\/\/www.info-algerie.com\/actualites\/wp-json\/wp\/v2\/users\/6"}],"replies":[{"embeddable":true,"href":"https:\/\/www.info-algerie.com\/actualites\/wp-json\/wp\/v2\/comments?post=12941"}],"version-history":[{"count":0,"href":"https:\/\/www.info-algerie.com\/actualites\/wp-json\/wp\/v2\/posts\/12941\/revisions"}],"wp:featuredmedia":[{"embeddable":true,"href":"https:\/\/www.info-algerie.com\/actualites\/wp-json\/wp\/v2\/media\/12942"}],"wp:attachment":[{"href":"https:\/\/www.info-algerie.com\/actualites\/wp-json\/wp\/v2\/media?parent=12941"}],"wp:term":[{"taxonomy":"category","embeddable":true,"href":"https:\/\/www.info-algerie.com\/actualites\/wp-json\/wp\/v2\/categories?post=12941"},{"taxonomy":"post_tag","embeddable":true,"href":"https:\/\/www.info-algerie.com\/actualites\/wp-json\/wp\/v2\/tags?post=12941"}],"curies":[{"name":"wp","href":"https:\/\/api.w.org\/{rel}","templated":true}]}}