{"id":12963,"date":"2017-06-07T15:51:56","date_gmt":"2017-06-07T14:51:56","guid":{"rendered":"http:\/\/www.info-algerie.com\/actualites\/affaire-des-moines-de-tibhirine-un-livre-leve-les-zones-dombres-entretenues-en-france\/"},"modified":"2017-06-07T15:51:56","modified_gmt":"2017-06-07T14:51:56","slug":"affaire-des-moines-de-tibhirine-un-livre-leve-les-zones-dombres-entretenues-en-france","status":"publish","type":"post","link":"https:\/\/www.info-algerie.com\/actualites\/affaire-des-moines-de-tibhirine-un-livre-leve-les-zones-dombres-entretenues-en-france\/","title":{"rendered":"Affaire des moines de Tibhirine : un livre l\u00e8ve les zones d\u2019ombres entretenues en France"},"content":{"rendered":"<div class=\"K2FeedImage\"><img decoding=\"async\" src=\"https:\/\/www.info-algerie.com\/actualites\/wp-content\/uploads\/2017\/06\/dc0144894441021a83e5090c04bda4d3_S.jpg\" alt=\"Affaire des moines de Tibhirine : un livre l&#xE8;ve les zones d&#x2019;ombres entretenues en France\" \/><\/div>\n<div class=\"K2FeedIntroText\">\n<p class=\"MsoNormal\">PARIS-\u00a0 L\u2019ancien patron du contre-espionnage fran\u00e7ais, Yves Bonnet, vient de signer un livre d\u00e9di\u00e9 \u00e0 la trag\u00e9die alg\u00e9rienne des ann\u00e9es 1990 dans lequel il l\u00e8ve des zones d\u2019ombre sur l\u2019affaire dite des moines de Tibhirine. \u00a0\u00a0<\/p>\n<p>&#013;\n<\/p><\/div>\n<div class=\"K2FeedFullText\">&#013;<\/p>\n<p class=\"MsoNormal\">Loin d\u2019\u00eatre un ouvrage ordinaire, \u00a0dans ce livre intitul\u00e9 \u00abLa deuxi\u00e8me guerre d\u2019Alg\u00e9rie\u00a0: les zones\u00a0 d\u2019ombres de la trag\u00e9die des moines de Tibhirine enfin lev\u00e9es\u00a0\u00bb, riche en informations pr\u00e9cises \u00e9manant des rapports de renseignements, dont certaines publi\u00e9es par les m\u00e9dias, Yves Bonnet a men\u00e9 sa propre enqu\u00eate, sur la base de la masse d\u2019informations dont il dispose, en retournant sur des lieux\u00a0 o\u00f9 (il) ne trouve que d\u00e9sillusion et amertume, apr\u00e8s tant d\u2019ann\u00e9es de d\u00e9sinformation,\u00a0 de rumeurs et, en fin de compte des coups sournois et stupides port\u00e9s \u00e0 l\u2019amiti\u00e9 alg\u00e9ro-fran\u00e7aise.<\/p>\n<p>&#013;<\/p>\n<p class=\"MsoNormal\">Sa mission \u00e9tait de dire l\u2019honneur, celui de t\u00e9moigner, de prouver, de chasser le mensonge et d\u00e9noncer les faussaires, revenant sur le contexte de l\u2019assassinat des moines en 1996 \u00e0 Tibhirine (M\u00e9d\u00e9a) par le groupe islamique arm\u00e9 (GIA) pour produire un document\u00a0 irr\u00e9futable.<\/p>\n<p>&#013;<\/p>\n<p class=\"MsoNormal\">Dans la gestion du c\u00f4t\u00e9 fran\u00e7ais de l\u2019apr\u00e8s drame et de la crise qui s\u2019en est suivie, l\u2019auteur rapporte les propos de Philippe Seguin, ancien pr\u00e9sident de l\u2019Assembl\u00e9e fran\u00e7aise, qui lui disait que \u00ab\u00a0toute l\u2019administration du Quai d\u2019Orsay, o\u00f9 agit un puissant lobby anti-alg\u00e9rien, continue de traiter ces affaires avec un m\u00e9lange de d\u00e9sinvolture et d\u2019aveuglement, peut-\u00eatre influenc\u00e9 par la remont\u00e9e d\u2019informations non seulement orient\u00e9es, mais de surcro\u00eet mal orient\u00e9es\u00a0\u00bb.<\/p>\n<p>&#013;<\/p>\n<p class=\"MsoNormal\">\u00ab\u00a0Pr\u00e8s de vingt ans apr\u00e8s le drame, l\u2019Alg\u00e9rie ne comprend pas l\u2019acharnement m\u00e9diatique et judiciaire dont elle fait l\u2019objet en France\u00a0\u00bb, \u00e9crit Yves Bonnet qui charge, dans son livre (VA Editions, 284 pages, avril 2017) qu\u2019il a voulu\u00a0 \u00ab\u00a0honn\u00eate et complet\u00a0\u00bb, certains m\u00e9dias fran\u00e7ais, le juge Marc Tr\u00e9vidic et l\u2019attach\u00e9 militaire le g\u00e9n\u00e9ral Buchwalter qui se sont mis, dit-il, en porte-\u00e0-faux en voulant semer le doute sur l\u2019arm\u00e9e alg\u00e9rienne.<\/p>\n<p>&#013;<\/p>\n<p class=\"MsoNormal\">\u00ab\u00a0Il est \u00e9vident que l\u2019arm\u00e9e, la police, les services de s\u00e9curit\u00e9 alg\u00e9riens ne pouvaient commettre un pareil forfait ni, moins encore, agir aussi stupidement\u00a0\u00bb , a-t-il affirm\u00e9, s\u2019interrogeant :\u00a0 \u00ab\u00a0A qui fera-t-on croire que des militaires commettant une bavure aussi grave seraient assez pervers et idiots pour trancher les t\u00eates de leurs victimes et prendre le risque insens\u00e9 de les livrer au public ?\u00a0\u00bb\u00a0<\/p>\n<p>&#013;<\/p>\n<p class=\"MsoNormal\">Se basant sur des informations v\u00e9rifi\u00e9es, des recoupements et des analyses d\u2019anciens collaborateurs, experts et religieux, l\u2019auteur parle de l\u2019inutile pol\u00e9mique lanc\u00e9e par le g\u00e9n\u00e9ral Buchwalter qui a voulu apporter, dix ans apr\u00e8s le drame, une nouvelle version (supputations) en \u00e9voquant une soi-disant\u00a0 bavure de l\u2019arm\u00e9e alg\u00e9rienne. Quant au juge Tr\u00e9vidic, il lui reproche le fait de tomber dans le pi\u00e8ge de la m\u00e9diatisation pour un dossier qui n\u2019a nullement besoin de publicit\u00e9, relevant chez lui un seul son de cloche.<\/p>\n<p>&#013;<\/p>\n<p class=\"MsoNormal\">\u00ab\u00a0La saisine de la justice fran\u00e7aise que l\u2019Alg\u00e9rie n\u2019a jamais mise en cause, aurait pu poser un probl\u00e8me de comp\u00e9tence : nous avons vu plus haut que celle de la justice alg\u00e9rienne a \u00e9t\u00e9 purement et simplement \u00e9lud\u00e9e, comme s\u2019il ne s\u2019agissait pas en l\u2019esp\u00e8ce d\u2019un pays de droit\u00a0\u00bb , a-t-il \u00e9crit, recommandant que\u00a0 \u00ab\u00a0si l\u2019on veut bien consid\u00e9rer que l\u2019entente et m\u00eame l\u2019amiti\u00e9 avec l\u2019Alg\u00e9rie nous sont absolument indispensables, comme elles le furent pour l\u2019Alg\u00e9rie voici vingt ans, il est sage de s\u2019en tenir \u00e0 l\u2019\u00e9tat actuel du dossier\u00a0\u00bb.\u00a0<\/p>\n<p>&#013;<\/p>\n<p class=\"MsoNormal\">En ce qui concerne la partialit\u00e9 des m\u00e9dias dans cette affaire, il consid\u00e8re que ces derniers\u00a0 \u00ab\u00a0ne pr\u00e9tendent plus \u00e0 l\u2019expression d\u2019opinions mais aspirent au profit p\u00e9cuniaire\u00a0\u00bb.\u00a0<\/p>\n<\/div>\n<p>&#013;<br \/>\nSource: <a href=\"http:\/\/www.aps.dz\/algerie\/58622-affaire-des-moines-de-tibhirine-un-livre-leve-les-zones-d-ombres-entretenues-en-france\" target=\"_blank\">Affaire des moines de Tibhirine : un livre l\u00e8ve les zones d\u2019ombres entretenues en France<\/a><\/p>\n<!--CusAds0-->\n<div style=\"font-size: 0px; height: 0px; line-height: 0px; margin: 0; padding: 0; clear: both;\"><\/div>","protected":false},"excerpt":{"rendered":"<p>PARIS-\u00a0 L\u2019ancien patron du contre-espionnage fran\u00e7ais, Yves Bonnet, vient de signer un livre d\u00e9di\u00e9 \u00e0 la trag\u00e9die alg\u00e9rienne des ann\u00e9es 1990 dans lequel il l\u00e8ve des zones d\u2019ombre sur l\u2019affaire dite des moines de Tibhirine. \u00a0\u00a0 &#013; &#013; Loin d\u2019\u00eatre un ouvrage ordinaire, \u00a0dans ce livre intitul\u00e9 \u00abLa deuxi\u00e8me guerre d\u2019Alg\u00e9rie\u00a0: les zones\u00a0 d\u2019ombres de<\/p>\n","protected":false},"author":6,"featured_media":12964,"comment_status":"open","ping_status":"open","sticky":false,"template":"","format":"standard","meta":{"footnotes":""},"categories":[22],"tags":[93],"class_list":["post-12963","post","type-post","status-publish","format-standard","has-post-thumbnail","hentry","category-infos","tag-onu"],"yoast_head":"<!-- This site is optimized with the Yoast SEO plugin v27.5 - https:\/\/yoast.com\/product\/yoast-seo-wordpress\/ -->\n<title>Affaire des moines de Tibhirine : un livre l\u00e8ve les zones d\u2019ombres entretenues en France - info algerie<\/title>\n<meta name=\"robots\" content=\"index, follow, max-snippet:-1, max-image-preview:large, max-video-preview:-1\" \/>\n<link rel=\"canonical\" href=\"https:\/\/www.info-algerie.com\/actualites\/affaire-des-moines-de-tibhirine-un-livre-leve-les-zones-dombres-entretenues-en-france\/\" \/>\n<meta property=\"og:locale\" content=\"fr_FR\" \/>\n<meta property=\"og:type\" content=\"article\" \/>\n<meta property=\"og:title\" content=\"Affaire des moines de Tibhirine : un livre l\u00e8ve les zones d\u2019ombres entretenues en France - info algerie\" \/>\n<meta property=\"og:description\" content=\"PARIS-\u00a0 L\u2019ancien patron du contre-espionnage fran\u00e7ais, Yves Bonnet, vient de signer un livre d\u00e9di\u00e9 \u00e0 la trag\u00e9die alg\u00e9rienne des ann\u00e9es 1990 dans lequel il l\u00e8ve des zones d\u2019ombre sur l\u2019affaire dite des moines de Tibhirine. \u00a0\u00a0 &#013; &#013; Loin d\u2019\u00eatre un ouvrage ordinaire, \u00a0dans ce livre intitul\u00e9 \u00abLa deuxi\u00e8me guerre d\u2019Alg\u00e9rie\u00a0: les zones\u00a0 d\u2019ombres de\" \/>\n<meta property=\"og:url\" content=\"https:\/\/www.info-algerie.com\/actualites\/affaire-des-moines-de-tibhirine-un-livre-leve-les-zones-dombres-entretenues-en-france\/\" \/>\n<meta property=\"og:site_name\" content=\"info algerie\" \/>\n<meta property=\"article:publisher\" content=\"https:\/\/www.facebook.com\/infoalgerieactu\" \/>\n<meta property=\"article:published_time\" content=\"2017-06-07T14:51:56+00:00\" \/>\n<meta property=\"og:image\" content=\"https:\/\/www.info-algerie.com\/actualites\/wp-content\/uploads\/2017\/06\/dc0144894441021a83e5090c04bda4d3_S-1.jpg\" \/>\n\t<meta property=\"og:image:width\" content=\"280\" \/>\n\t<meta property=\"og:image:height\" content=\"169\" \/>\n\t<meta property=\"og:image:type\" content=\"image\/jpeg\" \/>\n<meta name=\"author\" content=\"La r\u00e9daction\" \/>\n<meta name=\"twitter:label1\" content=\"\u00c9crit par\" \/>\n\t<meta name=\"twitter:data1\" content=\"La r\u00e9daction\" \/>\n\t<meta name=\"twitter:label2\" content=\"Dur\u00e9e de lecture estim\u00e9e\" \/>\n\t<meta name=\"twitter:data2\" content=\"4 minutes\" \/>\n<script type=\"application\/ld+json\" class=\"yoast-schema-graph\">{\"@context\":\"https:\\\/\\\/schema.org\",\"@graph\":[{\"@type\":\"Article\",\"@id\":\"https:\\\/\\\/www.info-algerie.com\\\/actualites\\\/affaire-des-moines-de-tibhirine-un-livre-leve-les-zones-dombres-entretenues-en-france\\\/#article\",\"isPartOf\":{\"@id\":\"https:\\\/\\\/www.info-algerie.com\\\/actualites\\\/affaire-des-moines-de-tibhirine-un-livre-leve-les-zones-dombres-entretenues-en-france\\\/\"},\"author\":{\"name\":\"La r\u00e9daction\",\"@id\":\"https:\\\/\\\/www.info-algerie.com\\\/actualites\\\/#\\\/schema\\\/person\\\/847aaec44920825b843a08f30ec6aa1e\"},\"headline\":\"Affaire des moines de Tibhirine : un livre l\u00e8ve les zones d\u2019ombres entretenues en France\",\"datePublished\":\"2017-06-07T14:51:56+00:00\",\"mainEntityOfPage\":{\"@id\":\"https:\\\/\\\/www.info-algerie.com\\\/actualites\\\/affaire-des-moines-de-tibhirine-un-livre-leve-les-zones-dombres-entretenues-en-france\\\/\"},\"wordCount\":720,\"commentCount\":0,\"publisher\":{\"@id\":\"https:\\\/\\\/www.info-algerie.com\\\/actualites\\\/#organization\"},\"image\":{\"@id\":\"https:\\\/\\\/www.info-algerie.com\\\/actualites\\\/affaire-des-moines-de-tibhirine-un-livre-leve-les-zones-dombres-entretenues-en-france\\\/#primaryimage\"},\"thumbnailUrl\":\"https:\\\/\\\/www.info-algerie.com\\\/actualites\\\/wp-content\\\/uploads\\\/2017\\\/06\\\/dc0144894441021a83e5090c04bda4d3_S-1.jpg\",\"keywords\":[\"ONU\"],\"articleSection\":[\"infos\"],\"inLanguage\":\"fr-FR\",\"potentialAction\":[{\"@type\":\"CommentAction\",\"name\":\"Comment\",\"target\":[\"https:\\\/\\\/www.info-algerie.com\\\/actualites\\\/affaire-des-moines-de-tibhirine-un-livre-leve-les-zones-dombres-entretenues-en-france\\\/#respond\"]}]},{\"@type\":\"WebPage\",\"@id\":\"https:\\\/\\\/www.info-algerie.com\\\/actualites\\\/affaire-des-moines-de-tibhirine-un-livre-leve-les-zones-dombres-entretenues-en-france\\\/\",\"url\":\"https:\\\/\\\/www.info-algerie.com\\\/actualites\\\/affaire-des-moines-de-tibhirine-un-livre-leve-les-zones-dombres-entretenues-en-france\\\/\",\"name\":\"Affaire des moines de Tibhirine : un livre l\u00e8ve les zones d\u2019ombres entretenues en France - info algerie\",\"isPartOf\":{\"@id\":\"https:\\\/\\\/www.info-algerie.com\\\/actualites\\\/#website\"},\"primaryImageOfPage\":{\"@id\":\"https:\\\/\\\/www.info-algerie.com\\\/actualites\\\/affaire-des-moines-de-tibhirine-un-livre-leve-les-zones-dombres-entretenues-en-france\\\/#primaryimage\"},\"image\":{\"@id\":\"https:\\\/\\\/www.info-algerie.com\\\/actualites\\\/affaire-des-moines-de-tibhirine-un-livre-leve-les-zones-dombres-entretenues-en-france\\\/#primaryimage\"},\"thumbnailUrl\":\"https:\\\/\\\/www.info-algerie.com\\\/actualites\\\/wp-content\\\/uploads\\\/2017\\\/06\\\/dc0144894441021a83e5090c04bda4d3_S-1.jpg\",\"datePublished\":\"2017-06-07T14:51:56+00:00\",\"breadcrumb\":{\"@id\":\"https:\\\/\\\/www.info-algerie.com\\\/actualites\\\/affaire-des-moines-de-tibhirine-un-livre-leve-les-zones-dombres-entretenues-en-france\\\/#breadcrumb\"},\"inLanguage\":\"fr-FR\",\"potentialAction\":[{\"@type\":\"ReadAction\",\"target\":[\"https:\\\/\\\/www.info-algerie.com\\\/actualites\\\/affaire-des-moines-de-tibhirine-un-livre-leve-les-zones-dombres-entretenues-en-france\\\/\"]}]},{\"@type\":\"ImageObject\",\"inLanguage\":\"fr-FR\",\"@id\":\"https:\\\/\\\/www.info-algerie.com\\\/actualites\\\/affaire-des-moines-de-tibhirine-un-livre-leve-les-zones-dombres-entretenues-en-france\\\/#primaryimage\",\"url\":\"https:\\\/\\\/www.info-algerie.com\\\/actualites\\\/wp-content\\\/uploads\\\/2017\\\/06\\\/dc0144894441021a83e5090c04bda4d3_S-1.jpg\",\"contentUrl\":\"https:\\\/\\\/www.info-algerie.com\\\/actualites\\\/wp-content\\\/uploads\\\/2017\\\/06\\\/dc0144894441021a83e5090c04bda4d3_S-1.jpg\",\"width\":280,\"height\":169},{\"@type\":\"BreadcrumbList\",\"@id\":\"https:\\\/\\\/www.info-algerie.com\\\/actualites\\\/affaire-des-moines-de-tibhirine-un-livre-leve-les-zones-dombres-entretenues-en-france\\\/#breadcrumb\",\"itemListElement\":[{\"@type\":\"ListItem\",\"position\":1,\"name\":\"Accueil\",\"item\":\"https:\\\/\\\/www.info-algerie.com\\\/actualites\\\/\"},{\"@type\":\"ListItem\",\"position\":2,\"name\":\"Affaire des moines de Tibhirine : un livre l\u00e8ve les zones d\u2019ombres entretenues en France\"}]},{\"@type\":\"WebSite\",\"@id\":\"https:\\\/\\\/www.info-algerie.com\\\/actualites\\\/#website\",\"url\":\"https:\\\/\\\/www.info-algerie.com\\\/actualites\\\/\",\"name\":\"info algerie\",\"description\":\"Toutes les actualit\u00e9s\",\"publisher\":{\"@id\":\"https:\\\/\\\/www.info-algerie.com\\\/actualites\\\/#organization\"},\"potentialAction\":[{\"@type\":\"SearchAction\",\"target\":{\"@type\":\"EntryPoint\",\"urlTemplate\":\"https:\\\/\\\/www.info-algerie.com\\\/actualites\\\/?s={search_term_string}\"},\"query-input\":{\"@type\":\"PropertyValueSpecification\",\"valueRequired\":true,\"valueName\":\"search_term_string\"}}],\"inLanguage\":\"fr-FR\"},{\"@type\":\"Organization\",\"@id\":\"https:\\\/\\\/www.info-algerie.com\\\/actualites\\\/#organization\",\"name\":\"info algerie\",\"url\":\"https:\\\/\\\/www.info-algerie.com\\\/actualites\\\/\",\"logo\":{\"@type\":\"ImageObject\",\"inLanguage\":\"fr-FR\",\"@id\":\"https:\\\/\\\/www.info-algerie.com\\\/actualites\\\/#\\\/schema\\\/logo\\\/image\\\/\",\"url\":\"https:\\\/\\\/www.info-algerie.com\\\/actualites\\\/wp-content\\\/uploads\\\/2022\\\/07\\\/logo-ia-120.png\",\"contentUrl\":\"https:\\\/\\\/www.info-algerie.com\\\/actualites\\\/wp-content\\\/uploads\\\/2022\\\/07\\\/logo-ia-120.png\",\"width\":120,\"height\":43,\"caption\":\"info algerie\"},\"image\":{\"@id\":\"https:\\\/\\\/www.info-algerie.com\\\/actualites\\\/#\\\/schema\\\/logo\\\/image\\\/\"},\"sameAs\":[\"https:\\\/\\\/www.facebook.com\\\/infoalgerieactu\",\"https:\\\/\\\/x.com\\\/infoalgerie1\"]},{\"@type\":\"Person\",\"@id\":\"https:\\\/\\\/www.info-algerie.com\\\/actualites\\\/#\\\/schema\\\/person\\\/847aaec44920825b843a08f30ec6aa1e\",\"name\":\"La r\u00e9daction\",\"image\":{\"@type\":\"ImageObject\",\"inLanguage\":\"fr-FR\",\"@id\":\"https:\\\/\\\/secure.gravatar.com\\\/avatar\\\/769db425c6f465158149f1ffd6cf61ce7a8a879d11dfbef8288af36dfddd418c?s=96&d=mm&r=g\",\"url\":\"https:\\\/\\\/secure.gravatar.com\\\/avatar\\\/769db425c6f465158149f1ffd6cf61ce7a8a879d11dfbef8288af36dfddd418c?s=96&d=mm&r=g\",\"contentUrl\":\"https:\\\/\\\/secure.gravatar.com\\\/avatar\\\/769db425c6f465158149f1ffd6cf61ce7a8a879d11dfbef8288af36dfddd418c?s=96&d=mm&r=g\",\"caption\":\"La r\u00e9daction\"},\"sameAs\":[\"http:\\\/\\\/www.lkeria.com\\\/\"],\"url\":\"https:\\\/\\\/www.info-algerie.com\\\/actualites\\\/author\\\/chakib32\\\/\"}]}<\/script>\n<!-- \/ Yoast SEO plugin. -->","yoast_head_json":{"title":"Affaire des moines de Tibhirine : un livre l\u00e8ve les zones d\u2019ombres entretenues en France - info algerie","robots":{"index":"index","follow":"follow","max-snippet":"max-snippet:-1","max-image-preview":"max-image-preview:large","max-video-preview":"max-video-preview:-1"},"canonical":"https:\/\/www.info-algerie.com\/actualites\/affaire-des-moines-de-tibhirine-un-livre-leve-les-zones-dombres-entretenues-en-france\/","og_locale":"fr_FR","og_type":"article","og_title":"Affaire des moines de Tibhirine : un livre l\u00e8ve les zones d\u2019ombres entretenues en France - info algerie","og_description":"PARIS-\u00a0 L\u2019ancien patron du contre-espionnage fran\u00e7ais, Yves Bonnet, vient de signer un livre d\u00e9di\u00e9 \u00e0 la trag\u00e9die alg\u00e9rienne des ann\u00e9es 1990 dans lequel il l\u00e8ve des zones d\u2019ombre sur l\u2019affaire dite des moines de Tibhirine. \u00a0\u00a0 &#013; &#013; Loin d\u2019\u00eatre un ouvrage ordinaire, \u00a0dans ce livre intitul\u00e9 \u00abLa deuxi\u00e8me guerre d\u2019Alg\u00e9rie\u00a0: les zones\u00a0 d\u2019ombres de","og_url":"https:\/\/www.info-algerie.com\/actualites\/affaire-des-moines-de-tibhirine-un-livre-leve-les-zones-dombres-entretenues-en-france\/","og_site_name":"info algerie","article_publisher":"https:\/\/www.facebook.com\/infoalgerieactu","article_published_time":"2017-06-07T14:51:56+00:00","og_image":[{"width":280,"height":169,"url":"https:\/\/www.info-algerie.com\/actualites\/wp-content\/uploads\/2017\/06\/dc0144894441021a83e5090c04bda4d3_S-1.jpg","type":"image\/jpeg"}],"author":"La r\u00e9daction","twitter_misc":{"\u00c9crit par":"La r\u00e9daction","Dur\u00e9e de lecture estim\u00e9e":"4 minutes"},"schema":{"@context":"https:\/\/schema.org","@graph":[{"@type":"Article","@id":"https:\/\/www.info-algerie.com\/actualites\/affaire-des-moines-de-tibhirine-un-livre-leve-les-zones-dombres-entretenues-en-france\/#article","isPartOf":{"@id":"https:\/\/www.info-algerie.com\/actualites\/affaire-des-moines-de-tibhirine-un-livre-leve-les-zones-dombres-entretenues-en-france\/"},"author":{"name":"La r\u00e9daction","@id":"https:\/\/www.info-algerie.com\/actualites\/#\/schema\/person\/847aaec44920825b843a08f30ec6aa1e"},"headline":"Affaire des moines de Tibhirine : un livre l\u00e8ve les zones d\u2019ombres entretenues en France","datePublished":"2017-06-07T14:51:56+00:00","mainEntityOfPage":{"@id":"https:\/\/www.info-algerie.com\/actualites\/affaire-des-moines-de-tibhirine-un-livre-leve-les-zones-dombres-entretenues-en-france\/"},"wordCount":720,"commentCount":0,"publisher":{"@id":"https:\/\/www.info-algerie.com\/actualites\/#organization"},"image":{"@id":"https:\/\/www.info-algerie.com\/actualites\/affaire-des-moines-de-tibhirine-un-livre-leve-les-zones-dombres-entretenues-en-france\/#primaryimage"},"thumbnailUrl":"https:\/\/www.info-algerie.com\/actualites\/wp-content\/uploads\/2017\/06\/dc0144894441021a83e5090c04bda4d3_S-1.jpg","keywords":["ONU"],"articleSection":["infos"],"inLanguage":"fr-FR","potentialAction":[{"@type":"CommentAction","name":"Comment","target":["https:\/\/www.info-algerie.com\/actualites\/affaire-des-moines-de-tibhirine-un-livre-leve-les-zones-dombres-entretenues-en-france\/#respond"]}]},{"@type":"WebPage","@id":"https:\/\/www.info-algerie.com\/actualites\/affaire-des-moines-de-tibhirine-un-livre-leve-les-zones-dombres-entretenues-en-france\/","url":"https:\/\/www.info-algerie.com\/actualites\/affaire-des-moines-de-tibhirine-un-livre-leve-les-zones-dombres-entretenues-en-france\/","name":"Affaire des moines de Tibhirine : un livre l\u00e8ve les zones d\u2019ombres entretenues en France - info algerie","isPartOf":{"@id":"https:\/\/www.info-algerie.com\/actualites\/#website"},"primaryImageOfPage":{"@id":"https:\/\/www.info-algerie.com\/actualites\/affaire-des-moines-de-tibhirine-un-livre-leve-les-zones-dombres-entretenues-en-france\/#primaryimage"},"image":{"@id":"https:\/\/www.info-algerie.com\/actualites\/affaire-des-moines-de-tibhirine-un-livre-leve-les-zones-dombres-entretenues-en-france\/#primaryimage"},"thumbnailUrl":"https:\/\/www.info-algerie.com\/actualites\/wp-content\/uploads\/2017\/06\/dc0144894441021a83e5090c04bda4d3_S-1.jpg","datePublished":"2017-06-07T14:51:56+00:00","breadcrumb":{"@id":"https:\/\/www.info-algerie.com\/actualites\/affaire-des-moines-de-tibhirine-un-livre-leve-les-zones-dombres-entretenues-en-france\/#breadcrumb"},"inLanguage":"fr-FR","potentialAction":[{"@type":"ReadAction","target":["https:\/\/www.info-algerie.com\/actualites\/affaire-des-moines-de-tibhirine-un-livre-leve-les-zones-dombres-entretenues-en-france\/"]}]},{"@type":"ImageObject","inLanguage":"fr-FR","@id":"https:\/\/www.info-algerie.com\/actualites\/affaire-des-moines-de-tibhirine-un-livre-leve-les-zones-dombres-entretenues-en-france\/#primaryimage","url":"https:\/\/www.info-algerie.com\/actualites\/wp-content\/uploads\/2017\/06\/dc0144894441021a83e5090c04bda4d3_S-1.jpg","contentUrl":"https:\/\/www.info-algerie.com\/actualites\/wp-content\/uploads\/2017\/06\/dc0144894441021a83e5090c04bda4d3_S-1.jpg","width":280,"height":169},{"@type":"BreadcrumbList","@id":"https:\/\/www.info-algerie.com\/actualites\/affaire-des-moines-de-tibhirine-un-livre-leve-les-zones-dombres-entretenues-en-france\/#breadcrumb","itemListElement":[{"@type":"ListItem","position":1,"name":"Accueil","item":"https:\/\/www.info-algerie.com\/actualites\/"},{"@type":"ListItem","position":2,"name":"Affaire des moines de Tibhirine : un livre l\u00e8ve les zones d\u2019ombres entretenues en France"}]},{"@type":"WebSite","@id":"https:\/\/www.info-algerie.com\/actualites\/#website","url":"https:\/\/www.info-algerie.com\/actualites\/","name":"info algerie","description":"Toutes les actualit\u00e9s","publisher":{"@id":"https:\/\/www.info-algerie.com\/actualites\/#organization"},"potentialAction":[{"@type":"SearchAction","target":{"@type":"EntryPoint","urlTemplate":"https:\/\/www.info-algerie.com\/actualites\/?s={search_term_string}"},"query-input":{"@type":"PropertyValueSpecification","valueRequired":true,"valueName":"search_term_string"}}],"inLanguage":"fr-FR"},{"@type":"Organization","@id":"https:\/\/www.info-algerie.com\/actualites\/#organization","name":"info algerie","url":"https:\/\/www.info-algerie.com\/actualites\/","logo":{"@type":"ImageObject","inLanguage":"fr-FR","@id":"https:\/\/www.info-algerie.com\/actualites\/#\/schema\/logo\/image\/","url":"https:\/\/www.info-algerie.com\/actualites\/wp-content\/uploads\/2022\/07\/logo-ia-120.png","contentUrl":"https:\/\/www.info-algerie.com\/actualites\/wp-content\/uploads\/2022\/07\/logo-ia-120.png","width":120,"height":43,"caption":"info algerie"},"image":{"@id":"https:\/\/www.info-algerie.com\/actualites\/#\/schema\/logo\/image\/"},"sameAs":["https:\/\/www.facebook.com\/infoalgerieactu","https:\/\/x.com\/infoalgerie1"]},{"@type":"Person","@id":"https:\/\/www.info-algerie.com\/actualites\/#\/schema\/person\/847aaec44920825b843a08f30ec6aa1e","name":"La r\u00e9daction","image":{"@type":"ImageObject","inLanguage":"fr-FR","@id":"https:\/\/secure.gravatar.com\/avatar\/769db425c6f465158149f1ffd6cf61ce7a8a879d11dfbef8288af36dfddd418c?s=96&d=mm&r=g","url":"https:\/\/secure.gravatar.com\/avatar\/769db425c6f465158149f1ffd6cf61ce7a8a879d11dfbef8288af36dfddd418c?s=96&d=mm&r=g","contentUrl":"https:\/\/secure.gravatar.com\/avatar\/769db425c6f465158149f1ffd6cf61ce7a8a879d11dfbef8288af36dfddd418c?s=96&d=mm&r=g","caption":"La r\u00e9daction"},"sameAs":["http:\/\/www.lkeria.com\/"],"url":"https:\/\/www.info-algerie.com\/actualites\/author\/chakib32\/"}]}},"_links":{"self":[{"href":"https:\/\/www.info-algerie.com\/actualites\/wp-json\/wp\/v2\/posts\/12963","targetHints":{"allow":["GET"]}}],"collection":[{"href":"https:\/\/www.info-algerie.com\/actualites\/wp-json\/wp\/v2\/posts"}],"about":[{"href":"https:\/\/www.info-algerie.com\/actualites\/wp-json\/wp\/v2\/types\/post"}],"author":[{"embeddable":true,"href":"https:\/\/www.info-algerie.com\/actualites\/wp-json\/wp\/v2\/users\/6"}],"replies":[{"embeddable":true,"href":"https:\/\/www.info-algerie.com\/actualites\/wp-json\/wp\/v2\/comments?post=12963"}],"version-history":[{"count":0,"href":"https:\/\/www.info-algerie.com\/actualites\/wp-json\/wp\/v2\/posts\/12963\/revisions"}],"wp:featuredmedia":[{"embeddable":true,"href":"https:\/\/www.info-algerie.com\/actualites\/wp-json\/wp\/v2\/media\/12964"}],"wp:attachment":[{"href":"https:\/\/www.info-algerie.com\/actualites\/wp-json\/wp\/v2\/media?parent=12963"}],"wp:term":[{"taxonomy":"category","embeddable":true,"href":"https:\/\/www.info-algerie.com\/actualites\/wp-json\/wp\/v2\/categories?post=12963"},{"taxonomy":"post_tag","embeddable":true,"href":"https:\/\/www.info-algerie.com\/actualites\/wp-json\/wp\/v2\/tags?post=12963"}],"curies":[{"name":"wp","href":"https:\/\/api.w.org\/{rel}","templated":true}]}}