{"id":12995,"date":"2017-06-08T16:42:14","date_gmt":"2017-06-08T15:42:14","guid":{"rendered":"http:\/\/www.info-algerie.com\/actualites\/messahel-prend-part-a-abuja-a-la-reunion-des-ministres-des-affaires-etrangeres-dafrique-et-des-pays-nordiques\/"},"modified":"2017-06-08T16:42:14","modified_gmt":"2017-06-08T15:42:14","slug":"messahel-prend-part-a-abuja-a-la-reunion-des-ministres-des-affaires-etrangeres-dafrique-et-des-pays-nordiques","status":"publish","type":"post","link":"https:\/\/www.info-algerie.com\/actualites\/messahel-prend-part-a-abuja-a-la-reunion-des-ministres-des-affaires-etrangeres-dafrique-et-des-pays-nordiques\/","title":{"rendered":"Messahel prend part \u00e0 Abuja \u00e0 la r\u00e9union des ministres des Affaires \u00e9trang\u00e8res d&#039;Afrique et des Pays Nordiques"},"content":{"rendered":"<div class=\"K2FeedImage\"><img decoding=\"async\" src=\"https:\/\/www.info-algerie.com\/actualites\/wp-content\/uploads\/2017\/06\/fd8795150c84c082f779efb1fd13a720_S.jpg\" alt=\"Messahel prend part &#xE0; Abuja &#xE0; la r&#xE9;union des ministres des Affaires &#xE9;trang&#xE8;res d'Afrique et des Pays Nordiques\" \/><\/div>\n<div class=\"K2FeedIntroText\">\n<p>ALGER- Le ministre des Affaires \u00e9trang\u00e8res, Abdelkader Messahel, se rendra vendredi \u00e0 Abuja \u00e0 l&rsquo;invitation de son homologue nig\u00e9rian, Geoffrey Onyeama, o\u00f9 il prendra part aux travaux de la r\u00e9union des ministres des Affaires \u00e9trang\u00e8res d&rsquo;Afrique et des Pays Nordiques, indique jeudi un communiqu\u00e9 du MAE.<\/p>\n<p>&#013;\n<\/p><\/div>\n<div class=\"K2FeedFullText\">&#013;<\/p>\n<p>Cette r\u00e9union, qui est \u00e0 sa 16\u00e8me \u00e9dition, s&rsquo;inscrit dans le cadre du renforcement de la concertation politique entre les pays africains et nordiques et se tiendra sous le th\u00e8me \u00ab\u00a0Assurer un d\u00e9veloppement durable \u00e0 travers l&rsquo;investissement\u00a0\u00bb, pr\u00e9cise la m\u00eame source.<\/p>\n<p>&#013;<\/p>\n<p>Les questions inh\u00e9rentes au partenariat, aux \u00e9changes \u00e9conomiques et \u00e0 l&rsquo;investissement entre les deux p\u00f4les africain et nordique autant que celles ayant trait \u00e0 la paix et \u00e0 la s\u00e9curit\u00e9 internationales, seront au centre des discussions qui auront lieu \u00e0 l&rsquo;occasion de cette r\u00e9union.<\/p>\n<p>&#013;<\/p>\n<p>En marge de cette rencontre de deux jours, M. Messahel \u00ab\u00a0examinera avec nombre de ses homologues des pays participants les voies et moyens de nature \u00e0 renforcer davantage la coop\u00e9ration bilat\u00e9rale, ainsi que les questions internationales d&rsquo;int\u00e9r\u00eat commun\u00a0\u00bb, ajoute le communiqu\u00e9.<\/p>\n<\/div>\n<p>&#013;<br \/>\nSource: <a href=\"http:\/\/www.aps.dz\/algerie\/58671-messahel-prend-part-a-abuja-a-la-reunion-des-ministres-des-affaires-etrangeres-d-afrique-et-des-pays-nordiques\" target=\"_blank\">Messahel prend part \u00e0 Abuja \u00e0 la r\u00e9union des ministres des Affaires \u00e9trang\u00e8res d&rsquo;Afrique et des Pays Nordiques<\/a><\/p>\n<!--CusAds0-->\n<div style=\"font-size: 0px; height: 0px; line-height: 0px; margin: 0; padding: 0; clear: both;\"><\/div>","protected":false},"excerpt":{"rendered":"<p>ALGER- Le ministre des Affaires \u00e9trang\u00e8res, Abdelkader Messahel, se rendra vendredi \u00e0 Abuja \u00e0 l&rsquo;invitation de son homologue nig\u00e9rian, Geoffrey Onyeama, o\u00f9 il prendra part aux travaux de la r\u00e9union des ministres des Affaires \u00e9trang\u00e8res d&rsquo;Afrique et des Pays Nordiques, indique jeudi un communiqu\u00e9 du MAE. &#013; &#013; Cette r\u00e9union, qui est \u00e0 sa 16\u00e8me<\/p>\n","protected":false},"author":6,"featured_media":12996,"comment_status":"open","ping_status":"open","sticky":false,"template":"","format":"standard","meta":{"footnotes":""},"categories":[22],"tags":[93],"class_list":["post-12995","post","type-post","status-publish","format-standard","has-post-thumbnail","hentry","category-infos","tag-onu"],"yoast_head":"<!-- This site is optimized with the Yoast SEO plugin v27.5 - https:\/\/yoast.com\/product\/yoast-seo-wordpress\/ -->\n<title>Messahel prend part \u00e0 Abuja \u00e0 la r\u00e9union des ministres des Affaires \u00e9trang\u00e8res d&#039;Afrique et des Pays Nordiques - info algerie<\/title>\n<meta name=\"robots\" content=\"index, follow, max-snippet:-1, max-image-preview:large, max-video-preview:-1\" \/>\n<link rel=\"canonical\" href=\"https:\/\/www.info-algerie.com\/actualites\/messahel-prend-part-a-abuja-a-la-reunion-des-ministres-des-affaires-etrangeres-dafrique-et-des-pays-nordiques\/\" \/>\n<meta property=\"og:locale\" content=\"fr_FR\" \/>\n<meta property=\"og:type\" content=\"article\" \/>\n<meta property=\"og:title\" content=\"Messahel prend part \u00e0 Abuja \u00e0 la r\u00e9union des ministres des Affaires \u00e9trang\u00e8res d&#039;Afrique et des Pays Nordiques - info algerie\" \/>\n<meta property=\"og:description\" content=\"ALGER- Le ministre des Affaires \u00e9trang\u00e8res, Abdelkader Messahel, se rendra vendredi \u00e0 Abuja \u00e0 l&rsquo;invitation de son homologue nig\u00e9rian, Geoffrey Onyeama, o\u00f9 il prendra part aux travaux de la r\u00e9union des ministres des Affaires \u00e9trang\u00e8res d&rsquo;Afrique et des Pays Nordiques, indique jeudi un communiqu\u00e9 du MAE. &#013; &#013; Cette r\u00e9union, qui est \u00e0 sa 16\u00e8me\" \/>\n<meta property=\"og:url\" content=\"https:\/\/www.info-algerie.com\/actualites\/messahel-prend-part-a-abuja-a-la-reunion-des-ministres-des-affaires-etrangeres-dafrique-et-des-pays-nordiques\/\" \/>\n<meta property=\"og:site_name\" content=\"info algerie\" \/>\n<meta property=\"article:publisher\" content=\"https:\/\/www.facebook.com\/infoalgerieactu\" \/>\n<meta property=\"article:published_time\" content=\"2017-06-08T15:42:14+00:00\" \/>\n<meta property=\"og:image\" content=\"https:\/\/www.info-algerie.com\/actualites\/wp-content\/uploads\/2017\/06\/fd8795150c84c082f779efb1fd13a720_S-1.jpg\" \/>\n\t<meta property=\"og:image:width\" content=\"280\" \/>\n\t<meta property=\"og:image:height\" content=\"169\" \/>\n\t<meta property=\"og:image:type\" content=\"image\/jpeg\" \/>\n<meta name=\"author\" content=\"La r\u00e9daction\" \/>\n<meta name=\"twitter:label1\" content=\"\u00c9crit par\" \/>\n\t<meta name=\"twitter:data1\" content=\"La r\u00e9daction\" \/>\n\t<meta name=\"twitter:label2\" content=\"Dur\u00e9e de lecture estim\u00e9e\" \/>\n\t<meta name=\"twitter:data2\" content=\"1 minute\" \/>\n<script type=\"application\/ld+json\" class=\"yoast-schema-graph\">{\"@context\":\"https:\\\/\\\/schema.org\",\"@graph\":[{\"@type\":\"Article\",\"@id\":\"https:\\\/\\\/www.info-algerie.com\\\/actualites\\\/messahel-prend-part-a-abuja-a-la-reunion-des-ministres-des-affaires-etrangeres-dafrique-et-des-pays-nordiques\\\/#article\",\"isPartOf\":{\"@id\":\"https:\\\/\\\/www.info-algerie.com\\\/actualites\\\/messahel-prend-part-a-abuja-a-la-reunion-des-ministres-des-affaires-etrangeres-dafrique-et-des-pays-nordiques\\\/\"},\"author\":{\"name\":\"La r\u00e9daction\",\"@id\":\"https:\\\/\\\/www.info-algerie.com\\\/actualites\\\/#\\\/schema\\\/person\\\/847aaec44920825b843a08f30ec6aa1e\"},\"headline\":\"Messahel prend part \u00e0 Abuja \u00e0 la r\u00e9union des ministres des Affaires \u00e9trang\u00e8res d&#039;Afrique et des Pays Nordiques\",\"datePublished\":\"2017-06-08T15:42:14+00:00\",\"mainEntityOfPage\":{\"@id\":\"https:\\\/\\\/www.info-algerie.com\\\/actualites\\\/messahel-prend-part-a-abuja-a-la-reunion-des-ministres-des-affaires-etrangeres-dafrique-et-des-pays-nordiques\\\/\"},\"wordCount\":226,\"commentCount\":0,\"publisher\":{\"@id\":\"https:\\\/\\\/www.info-algerie.com\\\/actualites\\\/#organization\"},\"image\":{\"@id\":\"https:\\\/\\\/www.info-algerie.com\\\/actualites\\\/messahel-prend-part-a-abuja-a-la-reunion-des-ministres-des-affaires-etrangeres-dafrique-et-des-pays-nordiques\\\/#primaryimage\"},\"thumbnailUrl\":\"https:\\\/\\\/www.info-algerie.com\\\/actualites\\\/wp-content\\\/uploads\\\/2017\\\/06\\\/fd8795150c84c082f779efb1fd13a720_S-1.jpg\",\"keywords\":[\"ONU\"],\"articleSection\":[\"infos\"],\"inLanguage\":\"fr-FR\",\"potentialAction\":[{\"@type\":\"CommentAction\",\"name\":\"Comment\",\"target\":[\"https:\\\/\\\/www.info-algerie.com\\\/actualites\\\/messahel-prend-part-a-abuja-a-la-reunion-des-ministres-des-affaires-etrangeres-dafrique-et-des-pays-nordiques\\\/#respond\"]}]},{\"@type\":\"WebPage\",\"@id\":\"https:\\\/\\\/www.info-algerie.com\\\/actualites\\\/messahel-prend-part-a-abuja-a-la-reunion-des-ministres-des-affaires-etrangeres-dafrique-et-des-pays-nordiques\\\/\",\"url\":\"https:\\\/\\\/www.info-algerie.com\\\/actualites\\\/messahel-prend-part-a-abuja-a-la-reunion-des-ministres-des-affaires-etrangeres-dafrique-et-des-pays-nordiques\\\/\",\"name\":\"Messahel prend part \u00e0 Abuja \u00e0 la r\u00e9union des ministres des Affaires \u00e9trang\u00e8res d&#039;Afrique et des Pays Nordiques - info algerie\",\"isPartOf\":{\"@id\":\"https:\\\/\\\/www.info-algerie.com\\\/actualites\\\/#website\"},\"primaryImageOfPage\":{\"@id\":\"https:\\\/\\\/www.info-algerie.com\\\/actualites\\\/messahel-prend-part-a-abuja-a-la-reunion-des-ministres-des-affaires-etrangeres-dafrique-et-des-pays-nordiques\\\/#primaryimage\"},\"image\":{\"@id\":\"https:\\\/\\\/www.info-algerie.com\\\/actualites\\\/messahel-prend-part-a-abuja-a-la-reunion-des-ministres-des-affaires-etrangeres-dafrique-et-des-pays-nordiques\\\/#primaryimage\"},\"thumbnailUrl\":\"https:\\\/\\\/www.info-algerie.com\\\/actualites\\\/wp-content\\\/uploads\\\/2017\\\/06\\\/fd8795150c84c082f779efb1fd13a720_S-1.jpg\",\"datePublished\":\"2017-06-08T15:42:14+00:00\",\"breadcrumb\":{\"@id\":\"https:\\\/\\\/www.info-algerie.com\\\/actualites\\\/messahel-prend-part-a-abuja-a-la-reunion-des-ministres-des-affaires-etrangeres-dafrique-et-des-pays-nordiques\\\/#breadcrumb\"},\"inLanguage\":\"fr-FR\",\"potentialAction\":[{\"@type\":\"ReadAction\",\"target\":[\"https:\\\/\\\/www.info-algerie.com\\\/actualites\\\/messahel-prend-part-a-abuja-a-la-reunion-des-ministres-des-affaires-etrangeres-dafrique-et-des-pays-nordiques\\\/\"]}]},{\"@type\":\"ImageObject\",\"inLanguage\":\"fr-FR\",\"@id\":\"https:\\\/\\\/www.info-algerie.com\\\/actualites\\\/messahel-prend-part-a-abuja-a-la-reunion-des-ministres-des-affaires-etrangeres-dafrique-et-des-pays-nordiques\\\/#primaryimage\",\"url\":\"https:\\\/\\\/www.info-algerie.com\\\/actualites\\\/wp-content\\\/uploads\\\/2017\\\/06\\\/fd8795150c84c082f779efb1fd13a720_S-1.jpg\",\"contentUrl\":\"https:\\\/\\\/www.info-algerie.com\\\/actualites\\\/wp-content\\\/uploads\\\/2017\\\/06\\\/fd8795150c84c082f779efb1fd13a720_S-1.jpg\",\"width\":280,\"height\":169},{\"@type\":\"BreadcrumbList\",\"@id\":\"https:\\\/\\\/www.info-algerie.com\\\/actualites\\\/messahel-prend-part-a-abuja-a-la-reunion-des-ministres-des-affaires-etrangeres-dafrique-et-des-pays-nordiques\\\/#breadcrumb\",\"itemListElement\":[{\"@type\":\"ListItem\",\"position\":1,\"name\":\"Accueil\",\"item\":\"https:\\\/\\\/www.info-algerie.com\\\/actualites\\\/\"},{\"@type\":\"ListItem\",\"position\":2,\"name\":\"Messahel prend part \u00e0 Abuja \u00e0 la r\u00e9union des ministres des Affaires \u00e9trang\u00e8res d&#039;Afrique et des Pays Nordiques\"}]},{\"@type\":\"WebSite\",\"@id\":\"https:\\\/\\\/www.info-algerie.com\\\/actualites\\\/#website\",\"url\":\"https:\\\/\\\/www.info-algerie.com\\\/actualites\\\/\",\"name\":\"info algerie\",\"description\":\"Toutes les actualit\u00e9s\",\"publisher\":{\"@id\":\"https:\\\/\\\/www.info-algerie.com\\\/actualites\\\/#organization\"},\"potentialAction\":[{\"@type\":\"SearchAction\",\"target\":{\"@type\":\"EntryPoint\",\"urlTemplate\":\"https:\\\/\\\/www.info-algerie.com\\\/actualites\\\/?s={search_term_string}\"},\"query-input\":{\"@type\":\"PropertyValueSpecification\",\"valueRequired\":true,\"valueName\":\"search_term_string\"}}],\"inLanguage\":\"fr-FR\"},{\"@type\":\"Organization\",\"@id\":\"https:\\\/\\\/www.info-algerie.com\\\/actualites\\\/#organization\",\"name\":\"info algerie\",\"url\":\"https:\\\/\\\/www.info-algerie.com\\\/actualites\\\/\",\"logo\":{\"@type\":\"ImageObject\",\"inLanguage\":\"fr-FR\",\"@id\":\"https:\\\/\\\/www.info-algerie.com\\\/actualites\\\/#\\\/schema\\\/logo\\\/image\\\/\",\"url\":\"https:\\\/\\\/www.info-algerie.com\\\/actualites\\\/wp-content\\\/uploads\\\/2022\\\/07\\\/logo-ia-120.png\",\"contentUrl\":\"https:\\\/\\\/www.info-algerie.com\\\/actualites\\\/wp-content\\\/uploads\\\/2022\\\/07\\\/logo-ia-120.png\",\"width\":120,\"height\":43,\"caption\":\"info algerie\"},\"image\":{\"@id\":\"https:\\\/\\\/www.info-algerie.com\\\/actualites\\\/#\\\/schema\\\/logo\\\/image\\\/\"},\"sameAs\":[\"https:\\\/\\\/www.facebook.com\\\/infoalgerieactu\",\"https:\\\/\\\/x.com\\\/infoalgerie1\"]},{\"@type\":\"Person\",\"@id\":\"https:\\\/\\\/www.info-algerie.com\\\/actualites\\\/#\\\/schema\\\/person\\\/847aaec44920825b843a08f30ec6aa1e\",\"name\":\"La r\u00e9daction\",\"image\":{\"@type\":\"ImageObject\",\"inLanguage\":\"fr-FR\",\"@id\":\"https:\\\/\\\/secure.gravatar.com\\\/avatar\\\/769db425c6f465158149f1ffd6cf61ce7a8a879d11dfbef8288af36dfddd418c?s=96&d=mm&r=g\",\"url\":\"https:\\\/\\\/secure.gravatar.com\\\/avatar\\\/769db425c6f465158149f1ffd6cf61ce7a8a879d11dfbef8288af36dfddd418c?s=96&d=mm&r=g\",\"contentUrl\":\"https:\\\/\\\/secure.gravatar.com\\\/avatar\\\/769db425c6f465158149f1ffd6cf61ce7a8a879d11dfbef8288af36dfddd418c?s=96&d=mm&r=g\",\"caption\":\"La r\u00e9daction\"},\"sameAs\":[\"http:\\\/\\\/www.lkeria.com\\\/\"],\"url\":\"https:\\\/\\\/www.info-algerie.com\\\/actualites\\\/author\\\/chakib32\\\/\"}]}<\/script>\n<!-- \/ Yoast SEO plugin. -->","yoast_head_json":{"title":"Messahel prend part \u00e0 Abuja \u00e0 la r\u00e9union des ministres des Affaires \u00e9trang\u00e8res d&#039;Afrique et des Pays Nordiques - info algerie","robots":{"index":"index","follow":"follow","max-snippet":"max-snippet:-1","max-image-preview":"max-image-preview:large","max-video-preview":"max-video-preview:-1"},"canonical":"https:\/\/www.info-algerie.com\/actualites\/messahel-prend-part-a-abuja-a-la-reunion-des-ministres-des-affaires-etrangeres-dafrique-et-des-pays-nordiques\/","og_locale":"fr_FR","og_type":"article","og_title":"Messahel prend part \u00e0 Abuja \u00e0 la r\u00e9union des ministres des Affaires \u00e9trang\u00e8res d&#039;Afrique et des Pays Nordiques - info algerie","og_description":"ALGER- Le ministre des Affaires \u00e9trang\u00e8res, Abdelkader Messahel, se rendra vendredi \u00e0 Abuja \u00e0 l&rsquo;invitation de son homologue nig\u00e9rian, Geoffrey Onyeama, o\u00f9 il prendra part aux travaux de la r\u00e9union des ministres des Affaires \u00e9trang\u00e8res d&rsquo;Afrique et des Pays Nordiques, indique jeudi un communiqu\u00e9 du MAE. &#013; &#013; Cette r\u00e9union, qui est \u00e0 sa 16\u00e8me","og_url":"https:\/\/www.info-algerie.com\/actualites\/messahel-prend-part-a-abuja-a-la-reunion-des-ministres-des-affaires-etrangeres-dafrique-et-des-pays-nordiques\/","og_site_name":"info algerie","article_publisher":"https:\/\/www.facebook.com\/infoalgerieactu","article_published_time":"2017-06-08T15:42:14+00:00","og_image":[{"width":280,"height":169,"url":"https:\/\/www.info-algerie.com\/actualites\/wp-content\/uploads\/2017\/06\/fd8795150c84c082f779efb1fd13a720_S-1.jpg","type":"image\/jpeg"}],"author":"La r\u00e9daction","twitter_misc":{"\u00c9crit par":"La r\u00e9daction","Dur\u00e9e de lecture estim\u00e9e":"1 minute"},"schema":{"@context":"https:\/\/schema.org","@graph":[{"@type":"Article","@id":"https:\/\/www.info-algerie.com\/actualites\/messahel-prend-part-a-abuja-a-la-reunion-des-ministres-des-affaires-etrangeres-dafrique-et-des-pays-nordiques\/#article","isPartOf":{"@id":"https:\/\/www.info-algerie.com\/actualites\/messahel-prend-part-a-abuja-a-la-reunion-des-ministres-des-affaires-etrangeres-dafrique-et-des-pays-nordiques\/"},"author":{"name":"La r\u00e9daction","@id":"https:\/\/www.info-algerie.com\/actualites\/#\/schema\/person\/847aaec44920825b843a08f30ec6aa1e"},"headline":"Messahel prend part \u00e0 Abuja \u00e0 la r\u00e9union des ministres des Affaires \u00e9trang\u00e8res d&#039;Afrique et des Pays Nordiques","datePublished":"2017-06-08T15:42:14+00:00","mainEntityOfPage":{"@id":"https:\/\/www.info-algerie.com\/actualites\/messahel-prend-part-a-abuja-a-la-reunion-des-ministres-des-affaires-etrangeres-dafrique-et-des-pays-nordiques\/"},"wordCount":226,"commentCount":0,"publisher":{"@id":"https:\/\/www.info-algerie.com\/actualites\/#organization"},"image":{"@id":"https:\/\/www.info-algerie.com\/actualites\/messahel-prend-part-a-abuja-a-la-reunion-des-ministres-des-affaires-etrangeres-dafrique-et-des-pays-nordiques\/#primaryimage"},"thumbnailUrl":"https:\/\/www.info-algerie.com\/actualites\/wp-content\/uploads\/2017\/06\/fd8795150c84c082f779efb1fd13a720_S-1.jpg","keywords":["ONU"],"articleSection":["infos"],"inLanguage":"fr-FR","potentialAction":[{"@type":"CommentAction","name":"Comment","target":["https:\/\/www.info-algerie.com\/actualites\/messahel-prend-part-a-abuja-a-la-reunion-des-ministres-des-affaires-etrangeres-dafrique-et-des-pays-nordiques\/#respond"]}]},{"@type":"WebPage","@id":"https:\/\/www.info-algerie.com\/actualites\/messahel-prend-part-a-abuja-a-la-reunion-des-ministres-des-affaires-etrangeres-dafrique-et-des-pays-nordiques\/","url":"https:\/\/www.info-algerie.com\/actualites\/messahel-prend-part-a-abuja-a-la-reunion-des-ministres-des-affaires-etrangeres-dafrique-et-des-pays-nordiques\/","name":"Messahel prend part \u00e0 Abuja \u00e0 la r\u00e9union des ministres des Affaires \u00e9trang\u00e8res d&#039;Afrique et des Pays Nordiques - info algerie","isPartOf":{"@id":"https:\/\/www.info-algerie.com\/actualites\/#website"},"primaryImageOfPage":{"@id":"https:\/\/www.info-algerie.com\/actualites\/messahel-prend-part-a-abuja-a-la-reunion-des-ministres-des-affaires-etrangeres-dafrique-et-des-pays-nordiques\/#primaryimage"},"image":{"@id":"https:\/\/www.info-algerie.com\/actualites\/messahel-prend-part-a-abuja-a-la-reunion-des-ministres-des-affaires-etrangeres-dafrique-et-des-pays-nordiques\/#primaryimage"},"thumbnailUrl":"https:\/\/www.info-algerie.com\/actualites\/wp-content\/uploads\/2017\/06\/fd8795150c84c082f779efb1fd13a720_S-1.jpg","datePublished":"2017-06-08T15:42:14+00:00","breadcrumb":{"@id":"https:\/\/www.info-algerie.com\/actualites\/messahel-prend-part-a-abuja-a-la-reunion-des-ministres-des-affaires-etrangeres-dafrique-et-des-pays-nordiques\/#breadcrumb"},"inLanguage":"fr-FR","potentialAction":[{"@type":"ReadAction","target":["https:\/\/www.info-algerie.com\/actualites\/messahel-prend-part-a-abuja-a-la-reunion-des-ministres-des-affaires-etrangeres-dafrique-et-des-pays-nordiques\/"]}]},{"@type":"ImageObject","inLanguage":"fr-FR","@id":"https:\/\/www.info-algerie.com\/actualites\/messahel-prend-part-a-abuja-a-la-reunion-des-ministres-des-affaires-etrangeres-dafrique-et-des-pays-nordiques\/#primaryimage","url":"https:\/\/www.info-algerie.com\/actualites\/wp-content\/uploads\/2017\/06\/fd8795150c84c082f779efb1fd13a720_S-1.jpg","contentUrl":"https:\/\/www.info-algerie.com\/actualites\/wp-content\/uploads\/2017\/06\/fd8795150c84c082f779efb1fd13a720_S-1.jpg","width":280,"height":169},{"@type":"BreadcrumbList","@id":"https:\/\/www.info-algerie.com\/actualites\/messahel-prend-part-a-abuja-a-la-reunion-des-ministres-des-affaires-etrangeres-dafrique-et-des-pays-nordiques\/#breadcrumb","itemListElement":[{"@type":"ListItem","position":1,"name":"Accueil","item":"https:\/\/www.info-algerie.com\/actualites\/"},{"@type":"ListItem","position":2,"name":"Messahel prend part \u00e0 Abuja \u00e0 la r\u00e9union des ministres des Affaires \u00e9trang\u00e8res d&#039;Afrique et des Pays Nordiques"}]},{"@type":"WebSite","@id":"https:\/\/www.info-algerie.com\/actualites\/#website","url":"https:\/\/www.info-algerie.com\/actualites\/","name":"info algerie","description":"Toutes les actualit\u00e9s","publisher":{"@id":"https:\/\/www.info-algerie.com\/actualites\/#organization"},"potentialAction":[{"@type":"SearchAction","target":{"@type":"EntryPoint","urlTemplate":"https:\/\/www.info-algerie.com\/actualites\/?s={search_term_string}"},"query-input":{"@type":"PropertyValueSpecification","valueRequired":true,"valueName":"search_term_string"}}],"inLanguage":"fr-FR"},{"@type":"Organization","@id":"https:\/\/www.info-algerie.com\/actualites\/#organization","name":"info algerie","url":"https:\/\/www.info-algerie.com\/actualites\/","logo":{"@type":"ImageObject","inLanguage":"fr-FR","@id":"https:\/\/www.info-algerie.com\/actualites\/#\/schema\/logo\/image\/","url":"https:\/\/www.info-algerie.com\/actualites\/wp-content\/uploads\/2022\/07\/logo-ia-120.png","contentUrl":"https:\/\/www.info-algerie.com\/actualites\/wp-content\/uploads\/2022\/07\/logo-ia-120.png","width":120,"height":43,"caption":"info algerie"},"image":{"@id":"https:\/\/www.info-algerie.com\/actualites\/#\/schema\/logo\/image\/"},"sameAs":["https:\/\/www.facebook.com\/infoalgerieactu","https:\/\/x.com\/infoalgerie1"]},{"@type":"Person","@id":"https:\/\/www.info-algerie.com\/actualites\/#\/schema\/person\/847aaec44920825b843a08f30ec6aa1e","name":"La r\u00e9daction","image":{"@type":"ImageObject","inLanguage":"fr-FR","@id":"https:\/\/secure.gravatar.com\/avatar\/769db425c6f465158149f1ffd6cf61ce7a8a879d11dfbef8288af36dfddd418c?s=96&d=mm&r=g","url":"https:\/\/secure.gravatar.com\/avatar\/769db425c6f465158149f1ffd6cf61ce7a8a879d11dfbef8288af36dfddd418c?s=96&d=mm&r=g","contentUrl":"https:\/\/secure.gravatar.com\/avatar\/769db425c6f465158149f1ffd6cf61ce7a8a879d11dfbef8288af36dfddd418c?s=96&d=mm&r=g","caption":"La r\u00e9daction"},"sameAs":["http:\/\/www.lkeria.com\/"],"url":"https:\/\/www.info-algerie.com\/actualites\/author\/chakib32\/"}]}},"_links":{"self":[{"href":"https:\/\/www.info-algerie.com\/actualites\/wp-json\/wp\/v2\/posts\/12995","targetHints":{"allow":["GET"]}}],"collection":[{"href":"https:\/\/www.info-algerie.com\/actualites\/wp-json\/wp\/v2\/posts"}],"about":[{"href":"https:\/\/www.info-algerie.com\/actualites\/wp-json\/wp\/v2\/types\/post"}],"author":[{"embeddable":true,"href":"https:\/\/www.info-algerie.com\/actualites\/wp-json\/wp\/v2\/users\/6"}],"replies":[{"embeddable":true,"href":"https:\/\/www.info-algerie.com\/actualites\/wp-json\/wp\/v2\/comments?post=12995"}],"version-history":[{"count":0,"href":"https:\/\/www.info-algerie.com\/actualites\/wp-json\/wp\/v2\/posts\/12995\/revisions"}],"wp:featuredmedia":[{"embeddable":true,"href":"https:\/\/www.info-algerie.com\/actualites\/wp-json\/wp\/v2\/media\/12996"}],"wp:attachment":[{"href":"https:\/\/www.info-algerie.com\/actualites\/wp-json\/wp\/v2\/media?parent=12995"}],"wp:term":[{"taxonomy":"category","embeddable":true,"href":"https:\/\/www.info-algerie.com\/actualites\/wp-json\/wp\/v2\/categories?post=12995"},{"taxonomy":"post_tag","embeddable":true,"href":"https:\/\/www.info-algerie.com\/actualites\/wp-json\/wp\/v2\/tags?post=12995"}],"curies":[{"name":"wp","href":"https:\/\/api.w.org\/{rel}","templated":true}]}}