{"id":13004,"date":"2017-06-08T21:00:00","date_gmt":"2017-06-08T20:00:00","guid":{"rendered":"http:\/\/www.info-algerie.com\/actualites\/le-president-macron-dans-les-toutes-prochaines-semaines-en-algerie-elysee\/"},"modified":"2017-06-08T21:00:00","modified_gmt":"2017-06-08T20:00:00","slug":"le-president-macron-dans-les-toutes-prochaines-semaines-en-algerie-elysee","status":"publish","type":"post","link":"https:\/\/www.info-algerie.com\/actualites\/le-president-macron-dans-les-toutes-prochaines-semaines-en-algerie-elysee\/","title":{"rendered":"Le Pr\u00e9sident Macron dans les toutes prochaines semaines en Alg\u00e9rie (Elys\u00e9e)"},"content":{"rendered":"<div class=\"K2FeedImage\"><img decoding=\"async\" src=\"https:\/\/www.info-algerie.com\/actualites\/wp-content\/uploads\/2017\/06\/47b648e20598cafadff972eab2eaa183_S.jpg\" alt=\"Le Pr&#xE9;sident Macron dans les toutes prochaines semaines en Alg&#xE9;rie (Elys&#xE9;e)\" \/><\/div>\n<div class=\"K2FeedIntroText\">\n<p>PARIS &#8211; Le pr\u00e9sident fran\u00e7ais, Emmanuel Macron, effectuera \u00ab\u00a0dans les toutes prochaines semaines\u00a0\u00bb une visite en Alg\u00e9rie, a indiqu\u00e9 jeudi la pr\u00e9sidence fran\u00e7aise, sans pr\u00e9ciser de date.<\/p>\n<p>&#013;\n<\/p><\/div>\n<div class=\"K2FeedFullText\">&#013;<\/p>\n<p>L\u2019Elys\u00e9e a pr\u00e9cis\u00e9 qu&rsquo;Emmanuel Macron, qui s&rsquo;est entretenu par t\u00e9l\u00e9phone jeudi avec le pr\u00e9sident de la R\u00e9publique Abdelaziz Bouteflika, se rendra officiellement en Alg\u00e9rie dans les toutes prochaines semaines, indiquant que lors de son \u00e9change t\u00e9l\u00e9phonique avec M. Bouteflika, il a soulign\u00e9 \u00ab\u00a0son attachement et sa volont\u00e9 de construire un rapport d&rsquo;amiti\u00e9 et de confiance avec l&rsquo;Alg\u00e9rie, partenaire strat\u00e9gique pour la France\u00a0\u00bb.<\/p>\n<p>&#013;<\/p>\n<p>D\u2019apr\u00e8s la pr\u00e9sidence fran\u00e7aise, les deux dirigeants ont notamment fait le point sur le dossier libyen et le dossier sah\u00e9lo-saharien, rappelant l&rsquo;importance de la relation bilat\u00e9rale entre les deux pays en mati\u00e8re de coop\u00e9ration dans la lutte contre le terrorisme.<\/p>\n<p>&#013;<\/p>\n<p>Lors de sa campagne pour la pr\u00e9sidentielle, le candidat Macron a effectu\u00e9 une visite en Alg\u00e9rie pour, avait-il dit, souligner l\u2019importance de (l\u2019Alg\u00e9rie) et de r\u00e9affirmer la force des liens qui unissent (les deux pays).<\/p>\n<p>&#013;<\/p>\n<p>\u00ab\u00a0Nos deux pays sont en effet confront\u00e9s aux m\u00eames d\u00e9fis. Les d\u00e9fis s\u00e9curitaires, d\u2019abord, avec la menace terroriste, l\u2019instabilit\u00e9 r\u00e9gionale au Moyen-Orient, au Machrek et au Sahel. Les d\u00e9fis \u00e9conomiques et sociaux ensuite, avec le besoin de mener des r\u00e9formes pour retrouver les leviers d\u2019une croissance plus juste et plus \u00e9quitable, et le r\u00e9\u00e9quilibrage de nos balances commerciales. Les d\u00e9fis \u00e9cologiques \u00e9galement, pour faire face au d\u00e9r\u00e8glement climatique et conduire ensemble une transition \u00e9nerg\u00e9tique indispensable au 21e si\u00e8cle\u00a0\u00bb, avait-il expliqu\u00e9.<\/p>\n<\/div>\n<p>&#013;<br \/>\nSource: <a href=\"http:\/\/www.aps.dz\/algerie\/58687-le-president-macron-dans-les-toutes-prochaines-semaines-en-algerie-elysee\" target=\"_blank\">Le Pr\u00e9sident Macron dans les toutes prochaines semaines en Alg\u00e9rie (Elys\u00e9e)<\/a><\/p>\n<!--CusAds0-->\n<div style=\"font-size: 0px; height: 0px; line-height: 0px; margin: 0; padding: 0; clear: both;\"><\/div>","protected":false},"excerpt":{"rendered":"<p>PARIS &#8211; Le pr\u00e9sident fran\u00e7ais, Emmanuel Macron, effectuera \u00ab\u00a0dans les toutes prochaines semaines\u00a0\u00bb une visite en Alg\u00e9rie, a indiqu\u00e9 jeudi la pr\u00e9sidence fran\u00e7aise, sans pr\u00e9ciser de date. &#013; &#013; L\u2019Elys\u00e9e a pr\u00e9cis\u00e9 qu&rsquo;Emmanuel Macron, qui s&rsquo;est entretenu par t\u00e9l\u00e9phone jeudi avec le pr\u00e9sident de la R\u00e9publique Abdelaziz Bouteflika, se rendra officiellement en Alg\u00e9rie dans les<\/p>\n","protected":false},"author":6,"featured_media":13005,"comment_status":"open","ping_status":"open","sticky":false,"template":"","format":"standard","meta":{"footnotes":""},"categories":[22],"tags":[93],"class_list":["post-13004","post","type-post","status-publish","format-standard","has-post-thumbnail","hentry","category-infos","tag-onu"],"yoast_head":"<!-- This site is optimized with the Yoast SEO plugin v27.5 - https:\/\/yoast.com\/product\/yoast-seo-wordpress\/ -->\n<title>Le Pr\u00e9sident Macron dans les toutes prochaines semaines en Alg\u00e9rie (Elys\u00e9e) - info algerie<\/title>\n<meta name=\"robots\" content=\"index, follow, max-snippet:-1, max-image-preview:large, max-video-preview:-1\" \/>\n<link rel=\"canonical\" href=\"https:\/\/www.info-algerie.com\/actualites\/le-president-macron-dans-les-toutes-prochaines-semaines-en-algerie-elysee\/\" \/>\n<meta property=\"og:locale\" content=\"fr_FR\" \/>\n<meta property=\"og:type\" content=\"article\" \/>\n<meta property=\"og:title\" content=\"Le Pr\u00e9sident Macron dans les toutes prochaines semaines en Alg\u00e9rie (Elys\u00e9e) - info algerie\" \/>\n<meta property=\"og:description\" content=\"PARIS &#8211; Le pr\u00e9sident fran\u00e7ais, Emmanuel Macron, effectuera \u00ab\u00a0dans les toutes prochaines semaines\u00a0\u00bb une visite en Alg\u00e9rie, a indiqu\u00e9 jeudi la pr\u00e9sidence fran\u00e7aise, sans pr\u00e9ciser de date. &#013; &#013; L\u2019Elys\u00e9e a pr\u00e9cis\u00e9 qu&rsquo;Emmanuel Macron, qui s&rsquo;est entretenu par t\u00e9l\u00e9phone jeudi avec le pr\u00e9sident de la R\u00e9publique Abdelaziz Bouteflika, se rendra officiellement en Alg\u00e9rie dans les\" \/>\n<meta property=\"og:url\" content=\"https:\/\/www.info-algerie.com\/actualites\/le-president-macron-dans-les-toutes-prochaines-semaines-en-algerie-elysee\/\" \/>\n<meta property=\"og:site_name\" content=\"info algerie\" \/>\n<meta property=\"article:publisher\" content=\"https:\/\/www.facebook.com\/infoalgerieactu\" \/>\n<meta property=\"article:published_time\" content=\"2017-06-08T20:00:00+00:00\" \/>\n<meta property=\"og:image\" content=\"https:\/\/www.info-algerie.com\/actualites\/wp-content\/uploads\/2017\/06\/47b648e20598cafadff972eab2eaa183_S-1.jpg\" \/>\n\t<meta property=\"og:image:width\" content=\"280\" \/>\n\t<meta property=\"og:image:height\" content=\"169\" \/>\n\t<meta property=\"og:image:type\" content=\"image\/jpeg\" \/>\n<meta name=\"author\" content=\"La r\u00e9daction\" \/>\n<meta name=\"twitter:label1\" content=\"\u00c9crit par\" \/>\n\t<meta name=\"twitter:data1\" content=\"La r\u00e9daction\" \/>\n\t<meta name=\"twitter:label2\" content=\"Dur\u00e9e de lecture estim\u00e9e\" \/>\n\t<meta name=\"twitter:data2\" content=\"2 minutes\" \/>\n<script type=\"application\/ld+json\" class=\"yoast-schema-graph\">{\"@context\":\"https:\\\/\\\/schema.org\",\"@graph\":[{\"@type\":\"Article\",\"@id\":\"https:\\\/\\\/www.info-algerie.com\\\/actualites\\\/le-president-macron-dans-les-toutes-prochaines-semaines-en-algerie-elysee\\\/#article\",\"isPartOf\":{\"@id\":\"https:\\\/\\\/www.info-algerie.com\\\/actualites\\\/le-president-macron-dans-les-toutes-prochaines-semaines-en-algerie-elysee\\\/\"},\"author\":{\"name\":\"La r\u00e9daction\",\"@id\":\"https:\\\/\\\/www.info-algerie.com\\\/actualites\\\/#\\\/schema\\\/person\\\/847aaec44920825b843a08f30ec6aa1e\"},\"headline\":\"Le Pr\u00e9sident Macron dans les toutes prochaines semaines en Alg\u00e9rie (Elys\u00e9e)\",\"datePublished\":\"2017-06-08T20:00:00+00:00\",\"mainEntityOfPage\":{\"@id\":\"https:\\\/\\\/www.info-algerie.com\\\/actualites\\\/le-president-macron-dans-les-toutes-prochaines-semaines-en-algerie-elysee\\\/\"},\"wordCount\":327,\"commentCount\":0,\"publisher\":{\"@id\":\"https:\\\/\\\/www.info-algerie.com\\\/actualites\\\/#organization\"},\"image\":{\"@id\":\"https:\\\/\\\/www.info-algerie.com\\\/actualites\\\/le-president-macron-dans-les-toutes-prochaines-semaines-en-algerie-elysee\\\/#primaryimage\"},\"thumbnailUrl\":\"https:\\\/\\\/www.info-algerie.com\\\/actualites\\\/wp-content\\\/uploads\\\/2017\\\/06\\\/47b648e20598cafadff972eab2eaa183_S-1.jpg\",\"keywords\":[\"ONU\"],\"articleSection\":[\"infos\"],\"inLanguage\":\"fr-FR\",\"potentialAction\":[{\"@type\":\"CommentAction\",\"name\":\"Comment\",\"target\":[\"https:\\\/\\\/www.info-algerie.com\\\/actualites\\\/le-president-macron-dans-les-toutes-prochaines-semaines-en-algerie-elysee\\\/#respond\"]}]},{\"@type\":\"WebPage\",\"@id\":\"https:\\\/\\\/www.info-algerie.com\\\/actualites\\\/le-president-macron-dans-les-toutes-prochaines-semaines-en-algerie-elysee\\\/\",\"url\":\"https:\\\/\\\/www.info-algerie.com\\\/actualites\\\/le-president-macron-dans-les-toutes-prochaines-semaines-en-algerie-elysee\\\/\",\"name\":\"Le Pr\u00e9sident Macron dans les toutes prochaines semaines en Alg\u00e9rie (Elys\u00e9e) - info algerie\",\"isPartOf\":{\"@id\":\"https:\\\/\\\/www.info-algerie.com\\\/actualites\\\/#website\"},\"primaryImageOfPage\":{\"@id\":\"https:\\\/\\\/www.info-algerie.com\\\/actualites\\\/le-president-macron-dans-les-toutes-prochaines-semaines-en-algerie-elysee\\\/#primaryimage\"},\"image\":{\"@id\":\"https:\\\/\\\/www.info-algerie.com\\\/actualites\\\/le-president-macron-dans-les-toutes-prochaines-semaines-en-algerie-elysee\\\/#primaryimage\"},\"thumbnailUrl\":\"https:\\\/\\\/www.info-algerie.com\\\/actualites\\\/wp-content\\\/uploads\\\/2017\\\/06\\\/47b648e20598cafadff972eab2eaa183_S-1.jpg\",\"datePublished\":\"2017-06-08T20:00:00+00:00\",\"breadcrumb\":{\"@id\":\"https:\\\/\\\/www.info-algerie.com\\\/actualites\\\/le-president-macron-dans-les-toutes-prochaines-semaines-en-algerie-elysee\\\/#breadcrumb\"},\"inLanguage\":\"fr-FR\",\"potentialAction\":[{\"@type\":\"ReadAction\",\"target\":[\"https:\\\/\\\/www.info-algerie.com\\\/actualites\\\/le-president-macron-dans-les-toutes-prochaines-semaines-en-algerie-elysee\\\/\"]}]},{\"@type\":\"ImageObject\",\"inLanguage\":\"fr-FR\",\"@id\":\"https:\\\/\\\/www.info-algerie.com\\\/actualites\\\/le-president-macron-dans-les-toutes-prochaines-semaines-en-algerie-elysee\\\/#primaryimage\",\"url\":\"https:\\\/\\\/www.info-algerie.com\\\/actualites\\\/wp-content\\\/uploads\\\/2017\\\/06\\\/47b648e20598cafadff972eab2eaa183_S-1.jpg\",\"contentUrl\":\"https:\\\/\\\/www.info-algerie.com\\\/actualites\\\/wp-content\\\/uploads\\\/2017\\\/06\\\/47b648e20598cafadff972eab2eaa183_S-1.jpg\",\"width\":280,\"height\":169},{\"@type\":\"BreadcrumbList\",\"@id\":\"https:\\\/\\\/www.info-algerie.com\\\/actualites\\\/le-president-macron-dans-les-toutes-prochaines-semaines-en-algerie-elysee\\\/#breadcrumb\",\"itemListElement\":[{\"@type\":\"ListItem\",\"position\":1,\"name\":\"Accueil\",\"item\":\"https:\\\/\\\/www.info-algerie.com\\\/actualites\\\/\"},{\"@type\":\"ListItem\",\"position\":2,\"name\":\"Le Pr\u00e9sident Macron dans les toutes prochaines semaines en Alg\u00e9rie (Elys\u00e9e)\"}]},{\"@type\":\"WebSite\",\"@id\":\"https:\\\/\\\/www.info-algerie.com\\\/actualites\\\/#website\",\"url\":\"https:\\\/\\\/www.info-algerie.com\\\/actualites\\\/\",\"name\":\"info algerie\",\"description\":\"Toutes les actualit\u00e9s\",\"publisher\":{\"@id\":\"https:\\\/\\\/www.info-algerie.com\\\/actualites\\\/#organization\"},\"potentialAction\":[{\"@type\":\"SearchAction\",\"target\":{\"@type\":\"EntryPoint\",\"urlTemplate\":\"https:\\\/\\\/www.info-algerie.com\\\/actualites\\\/?s={search_term_string}\"},\"query-input\":{\"@type\":\"PropertyValueSpecification\",\"valueRequired\":true,\"valueName\":\"search_term_string\"}}],\"inLanguage\":\"fr-FR\"},{\"@type\":\"Organization\",\"@id\":\"https:\\\/\\\/www.info-algerie.com\\\/actualites\\\/#organization\",\"name\":\"info algerie\",\"url\":\"https:\\\/\\\/www.info-algerie.com\\\/actualites\\\/\",\"logo\":{\"@type\":\"ImageObject\",\"inLanguage\":\"fr-FR\",\"@id\":\"https:\\\/\\\/www.info-algerie.com\\\/actualites\\\/#\\\/schema\\\/logo\\\/image\\\/\",\"url\":\"https:\\\/\\\/www.info-algerie.com\\\/actualites\\\/wp-content\\\/uploads\\\/2022\\\/07\\\/logo-ia-120.png\",\"contentUrl\":\"https:\\\/\\\/www.info-algerie.com\\\/actualites\\\/wp-content\\\/uploads\\\/2022\\\/07\\\/logo-ia-120.png\",\"width\":120,\"height\":43,\"caption\":\"info algerie\"},\"image\":{\"@id\":\"https:\\\/\\\/www.info-algerie.com\\\/actualites\\\/#\\\/schema\\\/logo\\\/image\\\/\"},\"sameAs\":[\"https:\\\/\\\/www.facebook.com\\\/infoalgerieactu\",\"https:\\\/\\\/x.com\\\/infoalgerie1\"]},{\"@type\":\"Person\",\"@id\":\"https:\\\/\\\/www.info-algerie.com\\\/actualites\\\/#\\\/schema\\\/person\\\/847aaec44920825b843a08f30ec6aa1e\",\"name\":\"La r\u00e9daction\",\"image\":{\"@type\":\"ImageObject\",\"inLanguage\":\"fr-FR\",\"@id\":\"https:\\\/\\\/secure.gravatar.com\\\/avatar\\\/769db425c6f465158149f1ffd6cf61ce7a8a879d11dfbef8288af36dfddd418c?s=96&d=mm&r=g\",\"url\":\"https:\\\/\\\/secure.gravatar.com\\\/avatar\\\/769db425c6f465158149f1ffd6cf61ce7a8a879d11dfbef8288af36dfddd418c?s=96&d=mm&r=g\",\"contentUrl\":\"https:\\\/\\\/secure.gravatar.com\\\/avatar\\\/769db425c6f465158149f1ffd6cf61ce7a8a879d11dfbef8288af36dfddd418c?s=96&d=mm&r=g\",\"caption\":\"La r\u00e9daction\"},\"sameAs\":[\"http:\\\/\\\/www.lkeria.com\\\/\"],\"url\":\"https:\\\/\\\/www.info-algerie.com\\\/actualites\\\/author\\\/chakib32\\\/\"}]}<\/script>\n<!-- \/ Yoast SEO plugin. -->","yoast_head_json":{"title":"Le Pr\u00e9sident Macron dans les toutes prochaines semaines en Alg\u00e9rie (Elys\u00e9e) - info algerie","robots":{"index":"index","follow":"follow","max-snippet":"max-snippet:-1","max-image-preview":"max-image-preview:large","max-video-preview":"max-video-preview:-1"},"canonical":"https:\/\/www.info-algerie.com\/actualites\/le-president-macron-dans-les-toutes-prochaines-semaines-en-algerie-elysee\/","og_locale":"fr_FR","og_type":"article","og_title":"Le Pr\u00e9sident Macron dans les toutes prochaines semaines en Alg\u00e9rie (Elys\u00e9e) - info algerie","og_description":"PARIS &#8211; Le pr\u00e9sident fran\u00e7ais, Emmanuel Macron, effectuera \u00ab\u00a0dans les toutes prochaines semaines\u00a0\u00bb une visite en Alg\u00e9rie, a indiqu\u00e9 jeudi la pr\u00e9sidence fran\u00e7aise, sans pr\u00e9ciser de date. &#013; &#013; L\u2019Elys\u00e9e a pr\u00e9cis\u00e9 qu&rsquo;Emmanuel Macron, qui s&rsquo;est entretenu par t\u00e9l\u00e9phone jeudi avec le pr\u00e9sident de la R\u00e9publique Abdelaziz Bouteflika, se rendra officiellement en Alg\u00e9rie dans les","og_url":"https:\/\/www.info-algerie.com\/actualites\/le-president-macron-dans-les-toutes-prochaines-semaines-en-algerie-elysee\/","og_site_name":"info algerie","article_publisher":"https:\/\/www.facebook.com\/infoalgerieactu","article_published_time":"2017-06-08T20:00:00+00:00","og_image":[{"width":280,"height":169,"url":"https:\/\/www.info-algerie.com\/actualites\/wp-content\/uploads\/2017\/06\/47b648e20598cafadff972eab2eaa183_S-1.jpg","type":"image\/jpeg"}],"author":"La r\u00e9daction","twitter_misc":{"\u00c9crit par":"La r\u00e9daction","Dur\u00e9e de lecture estim\u00e9e":"2 minutes"},"schema":{"@context":"https:\/\/schema.org","@graph":[{"@type":"Article","@id":"https:\/\/www.info-algerie.com\/actualites\/le-president-macron-dans-les-toutes-prochaines-semaines-en-algerie-elysee\/#article","isPartOf":{"@id":"https:\/\/www.info-algerie.com\/actualites\/le-president-macron-dans-les-toutes-prochaines-semaines-en-algerie-elysee\/"},"author":{"name":"La r\u00e9daction","@id":"https:\/\/www.info-algerie.com\/actualites\/#\/schema\/person\/847aaec44920825b843a08f30ec6aa1e"},"headline":"Le Pr\u00e9sident Macron dans les toutes prochaines semaines en Alg\u00e9rie (Elys\u00e9e)","datePublished":"2017-06-08T20:00:00+00:00","mainEntityOfPage":{"@id":"https:\/\/www.info-algerie.com\/actualites\/le-president-macron-dans-les-toutes-prochaines-semaines-en-algerie-elysee\/"},"wordCount":327,"commentCount":0,"publisher":{"@id":"https:\/\/www.info-algerie.com\/actualites\/#organization"},"image":{"@id":"https:\/\/www.info-algerie.com\/actualites\/le-president-macron-dans-les-toutes-prochaines-semaines-en-algerie-elysee\/#primaryimage"},"thumbnailUrl":"https:\/\/www.info-algerie.com\/actualites\/wp-content\/uploads\/2017\/06\/47b648e20598cafadff972eab2eaa183_S-1.jpg","keywords":["ONU"],"articleSection":["infos"],"inLanguage":"fr-FR","potentialAction":[{"@type":"CommentAction","name":"Comment","target":["https:\/\/www.info-algerie.com\/actualites\/le-president-macron-dans-les-toutes-prochaines-semaines-en-algerie-elysee\/#respond"]}]},{"@type":"WebPage","@id":"https:\/\/www.info-algerie.com\/actualites\/le-president-macron-dans-les-toutes-prochaines-semaines-en-algerie-elysee\/","url":"https:\/\/www.info-algerie.com\/actualites\/le-president-macron-dans-les-toutes-prochaines-semaines-en-algerie-elysee\/","name":"Le Pr\u00e9sident Macron dans les toutes prochaines semaines en Alg\u00e9rie (Elys\u00e9e) - info algerie","isPartOf":{"@id":"https:\/\/www.info-algerie.com\/actualites\/#website"},"primaryImageOfPage":{"@id":"https:\/\/www.info-algerie.com\/actualites\/le-president-macron-dans-les-toutes-prochaines-semaines-en-algerie-elysee\/#primaryimage"},"image":{"@id":"https:\/\/www.info-algerie.com\/actualites\/le-president-macron-dans-les-toutes-prochaines-semaines-en-algerie-elysee\/#primaryimage"},"thumbnailUrl":"https:\/\/www.info-algerie.com\/actualites\/wp-content\/uploads\/2017\/06\/47b648e20598cafadff972eab2eaa183_S-1.jpg","datePublished":"2017-06-08T20:00:00+00:00","breadcrumb":{"@id":"https:\/\/www.info-algerie.com\/actualites\/le-president-macron-dans-les-toutes-prochaines-semaines-en-algerie-elysee\/#breadcrumb"},"inLanguage":"fr-FR","potentialAction":[{"@type":"ReadAction","target":["https:\/\/www.info-algerie.com\/actualites\/le-president-macron-dans-les-toutes-prochaines-semaines-en-algerie-elysee\/"]}]},{"@type":"ImageObject","inLanguage":"fr-FR","@id":"https:\/\/www.info-algerie.com\/actualites\/le-president-macron-dans-les-toutes-prochaines-semaines-en-algerie-elysee\/#primaryimage","url":"https:\/\/www.info-algerie.com\/actualites\/wp-content\/uploads\/2017\/06\/47b648e20598cafadff972eab2eaa183_S-1.jpg","contentUrl":"https:\/\/www.info-algerie.com\/actualites\/wp-content\/uploads\/2017\/06\/47b648e20598cafadff972eab2eaa183_S-1.jpg","width":280,"height":169},{"@type":"BreadcrumbList","@id":"https:\/\/www.info-algerie.com\/actualites\/le-president-macron-dans-les-toutes-prochaines-semaines-en-algerie-elysee\/#breadcrumb","itemListElement":[{"@type":"ListItem","position":1,"name":"Accueil","item":"https:\/\/www.info-algerie.com\/actualites\/"},{"@type":"ListItem","position":2,"name":"Le Pr\u00e9sident Macron dans les toutes prochaines semaines en Alg\u00e9rie (Elys\u00e9e)"}]},{"@type":"WebSite","@id":"https:\/\/www.info-algerie.com\/actualites\/#website","url":"https:\/\/www.info-algerie.com\/actualites\/","name":"info algerie","description":"Toutes les actualit\u00e9s","publisher":{"@id":"https:\/\/www.info-algerie.com\/actualites\/#organization"},"potentialAction":[{"@type":"SearchAction","target":{"@type":"EntryPoint","urlTemplate":"https:\/\/www.info-algerie.com\/actualites\/?s={search_term_string}"},"query-input":{"@type":"PropertyValueSpecification","valueRequired":true,"valueName":"search_term_string"}}],"inLanguage":"fr-FR"},{"@type":"Organization","@id":"https:\/\/www.info-algerie.com\/actualites\/#organization","name":"info algerie","url":"https:\/\/www.info-algerie.com\/actualites\/","logo":{"@type":"ImageObject","inLanguage":"fr-FR","@id":"https:\/\/www.info-algerie.com\/actualites\/#\/schema\/logo\/image\/","url":"https:\/\/www.info-algerie.com\/actualites\/wp-content\/uploads\/2022\/07\/logo-ia-120.png","contentUrl":"https:\/\/www.info-algerie.com\/actualites\/wp-content\/uploads\/2022\/07\/logo-ia-120.png","width":120,"height":43,"caption":"info algerie"},"image":{"@id":"https:\/\/www.info-algerie.com\/actualites\/#\/schema\/logo\/image\/"},"sameAs":["https:\/\/www.facebook.com\/infoalgerieactu","https:\/\/x.com\/infoalgerie1"]},{"@type":"Person","@id":"https:\/\/www.info-algerie.com\/actualites\/#\/schema\/person\/847aaec44920825b843a08f30ec6aa1e","name":"La r\u00e9daction","image":{"@type":"ImageObject","inLanguage":"fr-FR","@id":"https:\/\/secure.gravatar.com\/avatar\/769db425c6f465158149f1ffd6cf61ce7a8a879d11dfbef8288af36dfddd418c?s=96&d=mm&r=g","url":"https:\/\/secure.gravatar.com\/avatar\/769db425c6f465158149f1ffd6cf61ce7a8a879d11dfbef8288af36dfddd418c?s=96&d=mm&r=g","contentUrl":"https:\/\/secure.gravatar.com\/avatar\/769db425c6f465158149f1ffd6cf61ce7a8a879d11dfbef8288af36dfddd418c?s=96&d=mm&r=g","caption":"La r\u00e9daction"},"sameAs":["http:\/\/www.lkeria.com\/"],"url":"https:\/\/www.info-algerie.com\/actualites\/author\/chakib32\/"}]}},"_links":{"self":[{"href":"https:\/\/www.info-algerie.com\/actualites\/wp-json\/wp\/v2\/posts\/13004","targetHints":{"allow":["GET"]}}],"collection":[{"href":"https:\/\/www.info-algerie.com\/actualites\/wp-json\/wp\/v2\/posts"}],"about":[{"href":"https:\/\/www.info-algerie.com\/actualites\/wp-json\/wp\/v2\/types\/post"}],"author":[{"embeddable":true,"href":"https:\/\/www.info-algerie.com\/actualites\/wp-json\/wp\/v2\/users\/6"}],"replies":[{"embeddable":true,"href":"https:\/\/www.info-algerie.com\/actualites\/wp-json\/wp\/v2\/comments?post=13004"}],"version-history":[{"count":0,"href":"https:\/\/www.info-algerie.com\/actualites\/wp-json\/wp\/v2\/posts\/13004\/revisions"}],"wp:featuredmedia":[{"embeddable":true,"href":"https:\/\/www.info-algerie.com\/actualites\/wp-json\/wp\/v2\/media\/13005"}],"wp:attachment":[{"href":"https:\/\/www.info-algerie.com\/actualites\/wp-json\/wp\/v2\/media?parent=13004"}],"wp:term":[{"taxonomy":"category","embeddable":true,"href":"https:\/\/www.info-algerie.com\/actualites\/wp-json\/wp\/v2\/categories?post=13004"},{"taxonomy":"post_tag","embeddable":true,"href":"https:\/\/www.info-algerie.com\/actualites\/wp-json\/wp\/v2\/tags?post=13004"}],"curies":[{"name":"wp","href":"https:\/\/api.w.org\/{rel}","templated":true}]}}