{"id":13009,"date":"2017-06-09T13:07:31","date_gmt":"2017-06-09T12:07:31","guid":{"rendered":"http:\/\/www.info-algerie.com\/actualites\/les-presidents-bouteflika-et-macron-soulignent-leur-determination-commune-pour-conjuguer-leurs-efforts-en-vue-dextirper-le-terrorisme-au-sahel\/"},"modified":"2017-06-09T13:07:31","modified_gmt":"2017-06-09T12:07:31","slug":"les-presidents-bouteflika-et-macron-soulignent-leur-determination-commune-pour-conjuguer-leurs-efforts-en-vue-dextirper-le-terrorisme-au-sahel","status":"publish","type":"post","link":"https:\/\/www.info-algerie.com\/actualites\/les-presidents-bouteflika-et-macron-soulignent-leur-determination-commune-pour-conjuguer-leurs-efforts-en-vue-dextirper-le-terrorisme-au-sahel\/","title":{"rendered":"Les pr\u00e9sidents Bouteflika et Macron soulignent leur d\u00e9termination commune pour conjuguer leurs efforts en vue d&#039;extirper le terrorisme au Sahel"},"content":{"rendered":"<div class=\"K2FeedImage\"><img decoding=\"async\" src=\"https:\/\/www.info-algerie.com\/actualites\/wp-content\/uploads\/2017\/06\/f02d3e50cd6c6bd8c05218a456082520_S.jpg\" alt=\"Les pr&#xE9;sidents Bouteflika et Macron soulignent leur d&#xE9;termination commune pour conjuguer leurs efforts en vue d'extirper le terrorisme au Sahel\" \/><\/div>\n<div class=\"K2FeedIntroText\">\n<p class=\"MsoNormal\">ALGER- Le pr\u00e9sident de la R\u00e9publique, Abdelaziz Bouteflika, et son homologue fran\u00e7ais, <a href=\"http:\/\/www.aps.dz\/algerie\/58687-le-president-macron-dans-les-toutes-prochaines-semaines-en-algerie-elysee\">Emmanuel Macron<\/a>, ont soulign\u00e9 jeudi dans un entretien \u00ab\u00a0leur d\u00e9termination commune pour conjuguer leurs efforts en vue d&rsquo;extirper le terrorisme de la r\u00e9gion du Sahel\u00a0\u00bb, indique vendredi la pr\u00e9sidence de la R\u00e9publique dans un communiqu\u00e9.<\/p>\n<p>&#013;\n<\/p><\/div>\n<div class=\"K2FeedFullText\">&#013;<\/p>\n<p class=\"MsoNormal\">\u00ab\u00a0Les pr\u00e9sidents Abdelaziz Bouteflika et Emmanuel Macron \u00ab\u00a0ont proc\u00e9d\u00e9 \u00e0 un \u00e9change de vue sur la situation en Libye et au Mali et ont soulign\u00e9 leur d\u00e9termination commune pour conjuguer leurs efforts en vue d&rsquo;extirper le terrorisme de la r\u00e9gion du Sahel\u00a0\u00bb, pr\u00e9cise la m\u00eame source.<\/p>\n<p>&#013;<\/p>\n<p class=\"MsoNormal\">\u00ab\u00a0L&rsquo;entretien a \u00e9t\u00e9 l&rsquo;occasion pour les deux Chefs d&rsquo;Etat de souligner leur volont\u00e9 de consolider les relations d&rsquo;amiti\u00e9 et de coop\u00e9ration entre l&rsquo;Alg\u00e9rie et la France\u00a0\u00bb, ajoute\u00a0 le communiqu\u00e9.\u00a0<\/p>\n<p>&#013;<\/p>\n<p class=\"MsoNormal\">\u00ab\u00a0Dans ce contexte, le pr\u00e9sident fran\u00e7ais, Emmanuel Macron, a confirm\u00e9 son projet de visite en Alg\u00e9rie dans les prochaines semaines\u00a0\u00bb, note le communiqu\u00e9 de la pr\u00e9sidence de la R\u00e9publique. \u00a0<\/p>\n<\/div>\n<p>&#013;<br \/>\nSource: <a href=\"http:\/\/www.aps.dz\/algerie\/58702-les-presidents-bouteflika-et-macron-soulignent-leur-determination-commune-pour-conjuguer-leurs-efforts-en-vue-d-extirper-le-terrorisme-au-sahel\" target=\"_blank\">Les pr\u00e9sidents Bouteflika et Macron soulignent leur d\u00e9termination commune pour conjuguer leurs efforts en vue d&rsquo;extirper le terrorisme au Sahel<\/a><\/p>\n<!--CusAds0-->\n<div style=\"font-size: 0px; height: 0px; line-height: 0px; margin: 0; padding: 0; clear: both;\"><\/div>","protected":false},"excerpt":{"rendered":"<p>ALGER- Le pr\u00e9sident de la R\u00e9publique, Abdelaziz Bouteflika, et son homologue fran\u00e7ais, Emmanuel Macron, ont soulign\u00e9 jeudi dans un entretien \u00ab\u00a0leur d\u00e9termination commune pour conjuguer leurs efforts en vue d&rsquo;extirper le terrorisme de la r\u00e9gion du Sahel\u00a0\u00bb, indique vendredi la pr\u00e9sidence de la R\u00e9publique dans un communiqu\u00e9. &#013; &#013; \u00ab\u00a0Les pr\u00e9sidents Abdelaziz Bouteflika et Emmanuel<\/p>\n","protected":false},"author":6,"featured_media":13010,"comment_status":"open","ping_status":"open","sticky":false,"template":"","format":"standard","meta":{"footnotes":""},"categories":[22],"tags":[93],"class_list":["post-13009","post","type-post","status-publish","format-standard","has-post-thumbnail","hentry","category-infos","tag-onu"],"yoast_head":"<!-- This site is optimized with the Yoast SEO plugin v27.5 - https:\/\/yoast.com\/product\/yoast-seo-wordpress\/ -->\n<title>Les pr\u00e9sidents Bouteflika et Macron soulignent leur d\u00e9termination commune pour conjuguer leurs efforts en vue d&#039;extirper le terrorisme au Sahel - info algerie<\/title>\n<meta name=\"robots\" content=\"index, follow, max-snippet:-1, max-image-preview:large, max-video-preview:-1\" \/>\n<link rel=\"canonical\" href=\"https:\/\/www.info-algerie.com\/actualites\/les-presidents-bouteflika-et-macron-soulignent-leur-determination-commune-pour-conjuguer-leurs-efforts-en-vue-dextirper-le-terrorisme-au-sahel\/\" \/>\n<meta property=\"og:locale\" content=\"fr_FR\" \/>\n<meta property=\"og:type\" content=\"article\" \/>\n<meta property=\"og:title\" content=\"Les pr\u00e9sidents Bouteflika et Macron soulignent leur d\u00e9termination commune pour conjuguer leurs efforts en vue d&#039;extirper le terrorisme au Sahel - info algerie\" \/>\n<meta property=\"og:description\" content=\"ALGER- Le pr\u00e9sident de la R\u00e9publique, Abdelaziz Bouteflika, et son homologue fran\u00e7ais, Emmanuel Macron, ont soulign\u00e9 jeudi dans un entretien \u00ab\u00a0leur d\u00e9termination commune pour conjuguer leurs efforts en vue d&rsquo;extirper le terrorisme de la r\u00e9gion du Sahel\u00a0\u00bb, indique vendredi la pr\u00e9sidence de la R\u00e9publique dans un communiqu\u00e9. &#013; &#013; \u00ab\u00a0Les pr\u00e9sidents Abdelaziz Bouteflika et Emmanuel\" \/>\n<meta property=\"og:url\" content=\"https:\/\/www.info-algerie.com\/actualites\/les-presidents-bouteflika-et-macron-soulignent-leur-determination-commune-pour-conjuguer-leurs-efforts-en-vue-dextirper-le-terrorisme-au-sahel\/\" \/>\n<meta property=\"og:site_name\" content=\"info algerie\" \/>\n<meta property=\"article:publisher\" content=\"https:\/\/www.facebook.com\/infoalgerieactu\" \/>\n<meta property=\"article:published_time\" content=\"2017-06-09T12:07:31+00:00\" \/>\n<meta property=\"og:image\" content=\"https:\/\/www.info-algerie.com\/actualites\/wp-content\/uploads\/2017\/06\/f02d3e50cd6c6bd8c05218a456082520_S-1.jpg\" \/>\n\t<meta property=\"og:image:width\" content=\"280\" \/>\n\t<meta property=\"og:image:height\" content=\"158\" \/>\n\t<meta property=\"og:image:type\" content=\"image\/jpeg\" \/>\n<meta name=\"author\" content=\"La r\u00e9daction\" \/>\n<meta name=\"twitter:label1\" content=\"\u00c9crit par\" \/>\n\t<meta name=\"twitter:data1\" content=\"La r\u00e9daction\" \/>\n\t<meta name=\"twitter:label2\" content=\"Dur\u00e9e de lecture estim\u00e9e\" \/>\n\t<meta name=\"twitter:data2\" content=\"1 minute\" \/>\n<script type=\"application\/ld+json\" class=\"yoast-schema-graph\">{\"@context\":\"https:\\\/\\\/schema.org\",\"@graph\":[{\"@type\":\"Article\",\"@id\":\"https:\\\/\\\/www.info-algerie.com\\\/actualites\\\/les-presidents-bouteflika-et-macron-soulignent-leur-determination-commune-pour-conjuguer-leurs-efforts-en-vue-dextirper-le-terrorisme-au-sahel\\\/#article\",\"isPartOf\":{\"@id\":\"https:\\\/\\\/www.info-algerie.com\\\/actualites\\\/les-presidents-bouteflika-et-macron-soulignent-leur-determination-commune-pour-conjuguer-leurs-efforts-en-vue-dextirper-le-terrorisme-au-sahel\\\/\"},\"author\":{\"name\":\"La r\u00e9daction\",\"@id\":\"https:\\\/\\\/www.info-algerie.com\\\/actualites\\\/#\\\/schema\\\/person\\\/847aaec44920825b843a08f30ec6aa1e\"},\"headline\":\"Les pr\u00e9sidents Bouteflika et Macron soulignent leur d\u00e9termination commune pour conjuguer leurs efforts en vue d&#039;extirper le terrorisme au Sahel\",\"datePublished\":\"2017-06-09T12:07:31+00:00\",\"mainEntityOfPage\":{\"@id\":\"https:\\\/\\\/www.info-algerie.com\\\/actualites\\\/les-presidents-bouteflika-et-macron-soulignent-leur-determination-commune-pour-conjuguer-leurs-efforts-en-vue-dextirper-le-terrorisme-au-sahel\\\/\"},\"wordCount\":224,\"commentCount\":0,\"publisher\":{\"@id\":\"https:\\\/\\\/www.info-algerie.com\\\/actualites\\\/#organization\"},\"image\":{\"@id\":\"https:\\\/\\\/www.info-algerie.com\\\/actualites\\\/les-presidents-bouteflika-et-macron-soulignent-leur-determination-commune-pour-conjuguer-leurs-efforts-en-vue-dextirper-le-terrorisme-au-sahel\\\/#primaryimage\"},\"thumbnailUrl\":\"https:\\\/\\\/www.info-algerie.com\\\/actualites\\\/wp-content\\\/uploads\\\/2017\\\/06\\\/f02d3e50cd6c6bd8c05218a456082520_S-1.jpg\",\"keywords\":[\"ONU\"],\"articleSection\":[\"infos\"],\"inLanguage\":\"fr-FR\",\"potentialAction\":[{\"@type\":\"CommentAction\",\"name\":\"Comment\",\"target\":[\"https:\\\/\\\/www.info-algerie.com\\\/actualites\\\/les-presidents-bouteflika-et-macron-soulignent-leur-determination-commune-pour-conjuguer-leurs-efforts-en-vue-dextirper-le-terrorisme-au-sahel\\\/#respond\"]}]},{\"@type\":\"WebPage\",\"@id\":\"https:\\\/\\\/www.info-algerie.com\\\/actualites\\\/les-presidents-bouteflika-et-macron-soulignent-leur-determination-commune-pour-conjuguer-leurs-efforts-en-vue-dextirper-le-terrorisme-au-sahel\\\/\",\"url\":\"https:\\\/\\\/www.info-algerie.com\\\/actualites\\\/les-presidents-bouteflika-et-macron-soulignent-leur-determination-commune-pour-conjuguer-leurs-efforts-en-vue-dextirper-le-terrorisme-au-sahel\\\/\",\"name\":\"Les pr\u00e9sidents Bouteflika et Macron soulignent leur d\u00e9termination commune pour conjuguer leurs efforts en vue d&#039;extirper le terrorisme au Sahel - info algerie\",\"isPartOf\":{\"@id\":\"https:\\\/\\\/www.info-algerie.com\\\/actualites\\\/#website\"},\"primaryImageOfPage\":{\"@id\":\"https:\\\/\\\/www.info-algerie.com\\\/actualites\\\/les-presidents-bouteflika-et-macron-soulignent-leur-determination-commune-pour-conjuguer-leurs-efforts-en-vue-dextirper-le-terrorisme-au-sahel\\\/#primaryimage\"},\"image\":{\"@id\":\"https:\\\/\\\/www.info-algerie.com\\\/actualites\\\/les-presidents-bouteflika-et-macron-soulignent-leur-determination-commune-pour-conjuguer-leurs-efforts-en-vue-dextirper-le-terrorisme-au-sahel\\\/#primaryimage\"},\"thumbnailUrl\":\"https:\\\/\\\/www.info-algerie.com\\\/actualites\\\/wp-content\\\/uploads\\\/2017\\\/06\\\/f02d3e50cd6c6bd8c05218a456082520_S-1.jpg\",\"datePublished\":\"2017-06-09T12:07:31+00:00\",\"breadcrumb\":{\"@id\":\"https:\\\/\\\/www.info-algerie.com\\\/actualites\\\/les-presidents-bouteflika-et-macron-soulignent-leur-determination-commune-pour-conjuguer-leurs-efforts-en-vue-dextirper-le-terrorisme-au-sahel\\\/#breadcrumb\"},\"inLanguage\":\"fr-FR\",\"potentialAction\":[{\"@type\":\"ReadAction\",\"target\":[\"https:\\\/\\\/www.info-algerie.com\\\/actualites\\\/les-presidents-bouteflika-et-macron-soulignent-leur-determination-commune-pour-conjuguer-leurs-efforts-en-vue-dextirper-le-terrorisme-au-sahel\\\/\"]}]},{\"@type\":\"ImageObject\",\"inLanguage\":\"fr-FR\",\"@id\":\"https:\\\/\\\/www.info-algerie.com\\\/actualites\\\/les-presidents-bouteflika-et-macron-soulignent-leur-determination-commune-pour-conjuguer-leurs-efforts-en-vue-dextirper-le-terrorisme-au-sahel\\\/#primaryimage\",\"url\":\"https:\\\/\\\/www.info-algerie.com\\\/actualites\\\/wp-content\\\/uploads\\\/2017\\\/06\\\/f02d3e50cd6c6bd8c05218a456082520_S-1.jpg\",\"contentUrl\":\"https:\\\/\\\/www.info-algerie.com\\\/actualites\\\/wp-content\\\/uploads\\\/2017\\\/06\\\/f02d3e50cd6c6bd8c05218a456082520_S-1.jpg\",\"width\":280,\"height\":158},{\"@type\":\"BreadcrumbList\",\"@id\":\"https:\\\/\\\/www.info-algerie.com\\\/actualites\\\/les-presidents-bouteflika-et-macron-soulignent-leur-determination-commune-pour-conjuguer-leurs-efforts-en-vue-dextirper-le-terrorisme-au-sahel\\\/#breadcrumb\",\"itemListElement\":[{\"@type\":\"ListItem\",\"position\":1,\"name\":\"Accueil\",\"item\":\"https:\\\/\\\/www.info-algerie.com\\\/actualites\\\/\"},{\"@type\":\"ListItem\",\"position\":2,\"name\":\"Les pr\u00e9sidents Bouteflika et Macron soulignent leur d\u00e9termination commune pour conjuguer leurs efforts en vue d&#039;extirper le terrorisme au Sahel\"}]},{\"@type\":\"WebSite\",\"@id\":\"https:\\\/\\\/www.info-algerie.com\\\/actualites\\\/#website\",\"url\":\"https:\\\/\\\/www.info-algerie.com\\\/actualites\\\/\",\"name\":\"info algerie\",\"description\":\"Toutes les actualit\u00e9s\",\"publisher\":{\"@id\":\"https:\\\/\\\/www.info-algerie.com\\\/actualites\\\/#organization\"},\"potentialAction\":[{\"@type\":\"SearchAction\",\"target\":{\"@type\":\"EntryPoint\",\"urlTemplate\":\"https:\\\/\\\/www.info-algerie.com\\\/actualites\\\/?s={search_term_string}\"},\"query-input\":{\"@type\":\"PropertyValueSpecification\",\"valueRequired\":true,\"valueName\":\"search_term_string\"}}],\"inLanguage\":\"fr-FR\"},{\"@type\":\"Organization\",\"@id\":\"https:\\\/\\\/www.info-algerie.com\\\/actualites\\\/#organization\",\"name\":\"info algerie\",\"url\":\"https:\\\/\\\/www.info-algerie.com\\\/actualites\\\/\",\"logo\":{\"@type\":\"ImageObject\",\"inLanguage\":\"fr-FR\",\"@id\":\"https:\\\/\\\/www.info-algerie.com\\\/actualites\\\/#\\\/schema\\\/logo\\\/image\\\/\",\"url\":\"https:\\\/\\\/www.info-algerie.com\\\/actualites\\\/wp-content\\\/uploads\\\/2022\\\/07\\\/logo-ia-120.png\",\"contentUrl\":\"https:\\\/\\\/www.info-algerie.com\\\/actualites\\\/wp-content\\\/uploads\\\/2022\\\/07\\\/logo-ia-120.png\",\"width\":120,\"height\":43,\"caption\":\"info algerie\"},\"image\":{\"@id\":\"https:\\\/\\\/www.info-algerie.com\\\/actualites\\\/#\\\/schema\\\/logo\\\/image\\\/\"},\"sameAs\":[\"https:\\\/\\\/www.facebook.com\\\/infoalgerieactu\",\"https:\\\/\\\/x.com\\\/infoalgerie1\"]},{\"@type\":\"Person\",\"@id\":\"https:\\\/\\\/www.info-algerie.com\\\/actualites\\\/#\\\/schema\\\/person\\\/847aaec44920825b843a08f30ec6aa1e\",\"name\":\"La r\u00e9daction\",\"image\":{\"@type\":\"ImageObject\",\"inLanguage\":\"fr-FR\",\"@id\":\"https:\\\/\\\/secure.gravatar.com\\\/avatar\\\/769db425c6f465158149f1ffd6cf61ce7a8a879d11dfbef8288af36dfddd418c?s=96&d=mm&r=g\",\"url\":\"https:\\\/\\\/secure.gravatar.com\\\/avatar\\\/769db425c6f465158149f1ffd6cf61ce7a8a879d11dfbef8288af36dfddd418c?s=96&d=mm&r=g\",\"contentUrl\":\"https:\\\/\\\/secure.gravatar.com\\\/avatar\\\/769db425c6f465158149f1ffd6cf61ce7a8a879d11dfbef8288af36dfddd418c?s=96&d=mm&r=g\",\"caption\":\"La r\u00e9daction\"},\"sameAs\":[\"http:\\\/\\\/www.lkeria.com\\\/\"],\"url\":\"https:\\\/\\\/www.info-algerie.com\\\/actualites\\\/author\\\/chakib32\\\/\"}]}<\/script>\n<!-- \/ Yoast SEO plugin. -->","yoast_head_json":{"title":"Les pr\u00e9sidents Bouteflika et Macron soulignent leur d\u00e9termination commune pour conjuguer leurs efforts en vue d&#039;extirper le terrorisme au Sahel - info algerie","robots":{"index":"index","follow":"follow","max-snippet":"max-snippet:-1","max-image-preview":"max-image-preview:large","max-video-preview":"max-video-preview:-1"},"canonical":"https:\/\/www.info-algerie.com\/actualites\/les-presidents-bouteflika-et-macron-soulignent-leur-determination-commune-pour-conjuguer-leurs-efforts-en-vue-dextirper-le-terrorisme-au-sahel\/","og_locale":"fr_FR","og_type":"article","og_title":"Les pr\u00e9sidents Bouteflika et Macron soulignent leur d\u00e9termination commune pour conjuguer leurs efforts en vue d&#039;extirper le terrorisme au Sahel - info algerie","og_description":"ALGER- Le pr\u00e9sident de la R\u00e9publique, Abdelaziz Bouteflika, et son homologue fran\u00e7ais, Emmanuel Macron, ont soulign\u00e9 jeudi dans un entretien \u00ab\u00a0leur d\u00e9termination commune pour conjuguer leurs efforts en vue d&rsquo;extirper le terrorisme de la r\u00e9gion du Sahel\u00a0\u00bb, indique vendredi la pr\u00e9sidence de la R\u00e9publique dans un communiqu\u00e9. &#013; &#013; \u00ab\u00a0Les pr\u00e9sidents Abdelaziz Bouteflika et Emmanuel","og_url":"https:\/\/www.info-algerie.com\/actualites\/les-presidents-bouteflika-et-macron-soulignent-leur-determination-commune-pour-conjuguer-leurs-efforts-en-vue-dextirper-le-terrorisme-au-sahel\/","og_site_name":"info algerie","article_publisher":"https:\/\/www.facebook.com\/infoalgerieactu","article_published_time":"2017-06-09T12:07:31+00:00","og_image":[{"width":280,"height":158,"url":"https:\/\/www.info-algerie.com\/actualites\/wp-content\/uploads\/2017\/06\/f02d3e50cd6c6bd8c05218a456082520_S-1.jpg","type":"image\/jpeg"}],"author":"La r\u00e9daction","twitter_misc":{"\u00c9crit par":"La r\u00e9daction","Dur\u00e9e de lecture estim\u00e9e":"1 minute"},"schema":{"@context":"https:\/\/schema.org","@graph":[{"@type":"Article","@id":"https:\/\/www.info-algerie.com\/actualites\/les-presidents-bouteflika-et-macron-soulignent-leur-determination-commune-pour-conjuguer-leurs-efforts-en-vue-dextirper-le-terrorisme-au-sahel\/#article","isPartOf":{"@id":"https:\/\/www.info-algerie.com\/actualites\/les-presidents-bouteflika-et-macron-soulignent-leur-determination-commune-pour-conjuguer-leurs-efforts-en-vue-dextirper-le-terrorisme-au-sahel\/"},"author":{"name":"La r\u00e9daction","@id":"https:\/\/www.info-algerie.com\/actualites\/#\/schema\/person\/847aaec44920825b843a08f30ec6aa1e"},"headline":"Les pr\u00e9sidents Bouteflika et Macron soulignent leur d\u00e9termination commune pour conjuguer leurs efforts en vue d&#039;extirper le terrorisme au Sahel","datePublished":"2017-06-09T12:07:31+00:00","mainEntityOfPage":{"@id":"https:\/\/www.info-algerie.com\/actualites\/les-presidents-bouteflika-et-macron-soulignent-leur-determination-commune-pour-conjuguer-leurs-efforts-en-vue-dextirper-le-terrorisme-au-sahel\/"},"wordCount":224,"commentCount":0,"publisher":{"@id":"https:\/\/www.info-algerie.com\/actualites\/#organization"},"image":{"@id":"https:\/\/www.info-algerie.com\/actualites\/les-presidents-bouteflika-et-macron-soulignent-leur-determination-commune-pour-conjuguer-leurs-efforts-en-vue-dextirper-le-terrorisme-au-sahel\/#primaryimage"},"thumbnailUrl":"https:\/\/www.info-algerie.com\/actualites\/wp-content\/uploads\/2017\/06\/f02d3e50cd6c6bd8c05218a456082520_S-1.jpg","keywords":["ONU"],"articleSection":["infos"],"inLanguage":"fr-FR","potentialAction":[{"@type":"CommentAction","name":"Comment","target":["https:\/\/www.info-algerie.com\/actualites\/les-presidents-bouteflika-et-macron-soulignent-leur-determination-commune-pour-conjuguer-leurs-efforts-en-vue-dextirper-le-terrorisme-au-sahel\/#respond"]}]},{"@type":"WebPage","@id":"https:\/\/www.info-algerie.com\/actualites\/les-presidents-bouteflika-et-macron-soulignent-leur-determination-commune-pour-conjuguer-leurs-efforts-en-vue-dextirper-le-terrorisme-au-sahel\/","url":"https:\/\/www.info-algerie.com\/actualites\/les-presidents-bouteflika-et-macron-soulignent-leur-determination-commune-pour-conjuguer-leurs-efforts-en-vue-dextirper-le-terrorisme-au-sahel\/","name":"Les pr\u00e9sidents Bouteflika et Macron soulignent leur d\u00e9termination commune pour conjuguer leurs efforts en vue d&#039;extirper le terrorisme au Sahel - info algerie","isPartOf":{"@id":"https:\/\/www.info-algerie.com\/actualites\/#website"},"primaryImageOfPage":{"@id":"https:\/\/www.info-algerie.com\/actualites\/les-presidents-bouteflika-et-macron-soulignent-leur-determination-commune-pour-conjuguer-leurs-efforts-en-vue-dextirper-le-terrorisme-au-sahel\/#primaryimage"},"image":{"@id":"https:\/\/www.info-algerie.com\/actualites\/les-presidents-bouteflika-et-macron-soulignent-leur-determination-commune-pour-conjuguer-leurs-efforts-en-vue-dextirper-le-terrorisme-au-sahel\/#primaryimage"},"thumbnailUrl":"https:\/\/www.info-algerie.com\/actualites\/wp-content\/uploads\/2017\/06\/f02d3e50cd6c6bd8c05218a456082520_S-1.jpg","datePublished":"2017-06-09T12:07:31+00:00","breadcrumb":{"@id":"https:\/\/www.info-algerie.com\/actualites\/les-presidents-bouteflika-et-macron-soulignent-leur-determination-commune-pour-conjuguer-leurs-efforts-en-vue-dextirper-le-terrorisme-au-sahel\/#breadcrumb"},"inLanguage":"fr-FR","potentialAction":[{"@type":"ReadAction","target":["https:\/\/www.info-algerie.com\/actualites\/les-presidents-bouteflika-et-macron-soulignent-leur-determination-commune-pour-conjuguer-leurs-efforts-en-vue-dextirper-le-terrorisme-au-sahel\/"]}]},{"@type":"ImageObject","inLanguage":"fr-FR","@id":"https:\/\/www.info-algerie.com\/actualites\/les-presidents-bouteflika-et-macron-soulignent-leur-determination-commune-pour-conjuguer-leurs-efforts-en-vue-dextirper-le-terrorisme-au-sahel\/#primaryimage","url":"https:\/\/www.info-algerie.com\/actualites\/wp-content\/uploads\/2017\/06\/f02d3e50cd6c6bd8c05218a456082520_S-1.jpg","contentUrl":"https:\/\/www.info-algerie.com\/actualites\/wp-content\/uploads\/2017\/06\/f02d3e50cd6c6bd8c05218a456082520_S-1.jpg","width":280,"height":158},{"@type":"BreadcrumbList","@id":"https:\/\/www.info-algerie.com\/actualites\/les-presidents-bouteflika-et-macron-soulignent-leur-determination-commune-pour-conjuguer-leurs-efforts-en-vue-dextirper-le-terrorisme-au-sahel\/#breadcrumb","itemListElement":[{"@type":"ListItem","position":1,"name":"Accueil","item":"https:\/\/www.info-algerie.com\/actualites\/"},{"@type":"ListItem","position":2,"name":"Les pr\u00e9sidents Bouteflika et Macron soulignent leur d\u00e9termination commune pour conjuguer leurs efforts en vue d&#039;extirper le terrorisme au Sahel"}]},{"@type":"WebSite","@id":"https:\/\/www.info-algerie.com\/actualites\/#website","url":"https:\/\/www.info-algerie.com\/actualites\/","name":"info algerie","description":"Toutes les actualit\u00e9s","publisher":{"@id":"https:\/\/www.info-algerie.com\/actualites\/#organization"},"potentialAction":[{"@type":"SearchAction","target":{"@type":"EntryPoint","urlTemplate":"https:\/\/www.info-algerie.com\/actualites\/?s={search_term_string}"},"query-input":{"@type":"PropertyValueSpecification","valueRequired":true,"valueName":"search_term_string"}}],"inLanguage":"fr-FR"},{"@type":"Organization","@id":"https:\/\/www.info-algerie.com\/actualites\/#organization","name":"info algerie","url":"https:\/\/www.info-algerie.com\/actualites\/","logo":{"@type":"ImageObject","inLanguage":"fr-FR","@id":"https:\/\/www.info-algerie.com\/actualites\/#\/schema\/logo\/image\/","url":"https:\/\/www.info-algerie.com\/actualites\/wp-content\/uploads\/2022\/07\/logo-ia-120.png","contentUrl":"https:\/\/www.info-algerie.com\/actualites\/wp-content\/uploads\/2022\/07\/logo-ia-120.png","width":120,"height":43,"caption":"info algerie"},"image":{"@id":"https:\/\/www.info-algerie.com\/actualites\/#\/schema\/logo\/image\/"},"sameAs":["https:\/\/www.facebook.com\/infoalgerieactu","https:\/\/x.com\/infoalgerie1"]},{"@type":"Person","@id":"https:\/\/www.info-algerie.com\/actualites\/#\/schema\/person\/847aaec44920825b843a08f30ec6aa1e","name":"La r\u00e9daction","image":{"@type":"ImageObject","inLanguage":"fr-FR","@id":"https:\/\/secure.gravatar.com\/avatar\/769db425c6f465158149f1ffd6cf61ce7a8a879d11dfbef8288af36dfddd418c?s=96&d=mm&r=g","url":"https:\/\/secure.gravatar.com\/avatar\/769db425c6f465158149f1ffd6cf61ce7a8a879d11dfbef8288af36dfddd418c?s=96&d=mm&r=g","contentUrl":"https:\/\/secure.gravatar.com\/avatar\/769db425c6f465158149f1ffd6cf61ce7a8a879d11dfbef8288af36dfddd418c?s=96&d=mm&r=g","caption":"La r\u00e9daction"},"sameAs":["http:\/\/www.lkeria.com\/"],"url":"https:\/\/www.info-algerie.com\/actualites\/author\/chakib32\/"}]}},"_links":{"self":[{"href":"https:\/\/www.info-algerie.com\/actualites\/wp-json\/wp\/v2\/posts\/13009","targetHints":{"allow":["GET"]}}],"collection":[{"href":"https:\/\/www.info-algerie.com\/actualites\/wp-json\/wp\/v2\/posts"}],"about":[{"href":"https:\/\/www.info-algerie.com\/actualites\/wp-json\/wp\/v2\/types\/post"}],"author":[{"embeddable":true,"href":"https:\/\/www.info-algerie.com\/actualites\/wp-json\/wp\/v2\/users\/6"}],"replies":[{"embeddable":true,"href":"https:\/\/www.info-algerie.com\/actualites\/wp-json\/wp\/v2\/comments?post=13009"}],"version-history":[{"count":0,"href":"https:\/\/www.info-algerie.com\/actualites\/wp-json\/wp\/v2\/posts\/13009\/revisions"}],"wp:featuredmedia":[{"embeddable":true,"href":"https:\/\/www.info-algerie.com\/actualites\/wp-json\/wp\/v2\/media\/13010"}],"wp:attachment":[{"href":"https:\/\/www.info-algerie.com\/actualites\/wp-json\/wp\/v2\/media?parent=13009"}],"wp:term":[{"taxonomy":"category","embeddable":true,"href":"https:\/\/www.info-algerie.com\/actualites\/wp-json\/wp\/v2\/categories?post=13009"},{"taxonomy":"post_tag","embeddable":true,"href":"https:\/\/www.info-algerie.com\/actualites\/wp-json\/wp\/v2\/tags?post=13009"}],"curies":[{"name":"wp","href":"https:\/\/api.w.org\/{rel}","templated":true}]}}