{"id":13034,"date":"2017-06-10T11:55:17","date_gmt":"2017-06-10T10:55:17","guid":{"rendered":"http:\/\/www.info-algerie.com\/actualites\/une-cache-darmes-decouverte-pres-de-la-bande-frontaliere-de-bordj-badji-mokhtar\/"},"modified":"2017-06-10T11:55:17","modified_gmt":"2017-06-10T10:55:17","slug":"une-cache-darmes-decouverte-pres-de-la-bande-frontaliere-de-bordj-badji-mokhtar","status":"publish","type":"post","link":"https:\/\/www.info-algerie.com\/actualites\/une-cache-darmes-decouverte-pres-de-la-bande-frontaliere-de-bordj-badji-mokhtar\/","title":{"rendered":"Une cache d\u2019armes d\u00e9couverte pr\u00e8s de la bande frontali\u00e8re de Bordj Badji\u00a0Mokhtar"},"content":{"rendered":"<div class=\"K2FeedImage\"><img decoding=\"async\" src=\"https:\/\/www.info-algerie.com\/actualites\/wp-content\/uploads\/2017\/06\/29b06ab24e148873c2624ba42f9b2297_S.jpg\" alt=\"Une cache d&#x2019;armes d&#xE9;couverte pr&#xE8;s de la bande frontali&#xE8;re de Bordj Badji&#xA0;Mokhtar\" \/><\/div>\n<div class=\"K2FeedIntroText\">\n<p class=\"MsoNormal\">ALGER &#8211; Un d\u00e9tachement de l\u2019Arm\u00e9e nationale populaire\u00a0 (ANP) a d\u00e9couvert vendredi pr\u00e8s de la bande frontali\u00e8re de Bordj Badji\u00a0 Mokhtar (relevant de la 6\u00e8me r\u00e9gion militaire), une cache d\u2019armes et de\u00a0 munitions, a indiqu\u00e9 le minist\u00e8re de la D\u00e9fense dans un communiqu\u00e9.<\/p>\n<p>&#013;\n<\/p><\/div>\n<div class=\"K2FeedFullText\">&#013;<\/p>\n<p>Dans le cadre de la lutte antiterroriste et de la s\u00e9curisation des\u00a0 fronti\u00e8res, et lors d\u2019une patrouille men\u00e9e pr\u00e8s de la bande frontali\u00e8re \u00e0 Bordj Badji Mokhtar\/6\u00e8me RM, un d\u00e9tachement de l\u2019ANP a d\u00e9couvert, cet apr\u00e8s-midi du 09 juin 2017, une cache d\u2019armes et de munitions\u00a0 , lit-on dans ce communiqu\u00e9.<\/p>\n<p>&#013;<\/p>\n<p>Cette cache d\u2019armes contient une (01) mitrailleuse de type PKT, trois (03)\u00a0 pistolets mitrailleurs de type Kalachnikov, un (01) fusil semi-automatique de type Simonov, un (01) fusil \u00e0 r\u00e9p\u00e9tition ainsi qu\u2019une importante quantit\u00e9 de munitions de diff\u00e9rents calibres, pr\u00e9cise-t-on de\u00a0 m\u00eame source.<\/p>\n<p>&#013;<\/p>\n<p>\u00a0<\/p>\n<p>&#013;<\/p>\n<p>Ces r\u00e9sultats r\u00e9alis\u00e9s sur le terrain r\u00e9it\u00e8rent l\u2019engagement et la d\u00e9termination des unit\u00e9s de l\u2019ANP \u00e0 veiller sur la s\u00e9curisation de nos fronti\u00e8res et \u00e0 contrecarrer toute tentative visant l\u2019int\u00e9grit\u00e9 et la\u00a0 s\u00e9curit\u00e9 du territoire national\u00a0 , ajoute le communiqu\u00e9.<\/p>\n<\/div>\n<p>&#013;<br \/>\nSource: <a href=\"http:\/\/www.aps.dz\/algerie\/58716-une-cache-d-armes-decouverte-pres-de-la-bande-frontaliere-de-bordj-badji-mokhtar\" target=\"_blank\">Une cache d\u2019armes d\u00e9couverte pr\u00e8s de la bande frontali\u00e8re de Bordj Badji\u00a0Mokhtar<\/a><\/p>\n<!--CusAds0-->\n<div style=\"font-size: 0px; height: 0px; line-height: 0px; margin: 0; padding: 0; clear: both;\"><\/div>","protected":false},"excerpt":{"rendered":"<p>ALGER &#8211; Un d\u00e9tachement de l\u2019Arm\u00e9e nationale populaire\u00a0 (ANP) a d\u00e9couvert vendredi pr\u00e8s de la bande frontali\u00e8re de Bordj Badji\u00a0 Mokhtar (relevant de la 6\u00e8me r\u00e9gion militaire), une cache d\u2019armes et de\u00a0 munitions, a indiqu\u00e9 le minist\u00e8re de la D\u00e9fense dans un communiqu\u00e9. &#013; &#013; Dans le cadre de la lutte antiterroriste et de la<\/p>\n","protected":false},"author":6,"featured_media":13035,"comment_status":"open","ping_status":"open","sticky":false,"template":"","format":"standard","meta":{"footnotes":""},"categories":[22],"tags":[93],"class_list":["post-13034","post","type-post","status-publish","format-standard","has-post-thumbnail","hentry","category-infos","tag-onu"],"yoast_head":"<!-- This site is optimized with the Yoast SEO plugin v27.5 - https:\/\/yoast.com\/product\/yoast-seo-wordpress\/ -->\n<title>Une cache d\u2019armes d\u00e9couverte pr\u00e8s de la bande frontali\u00e8re de Bordj Badji\u00a0Mokhtar - info algerie<\/title>\n<meta name=\"robots\" content=\"index, follow, max-snippet:-1, max-image-preview:large, max-video-preview:-1\" \/>\n<link rel=\"canonical\" href=\"https:\/\/www.info-algerie.com\/actualites\/une-cache-darmes-decouverte-pres-de-la-bande-frontaliere-de-bordj-badji-mokhtar\/\" \/>\n<meta property=\"og:locale\" content=\"fr_FR\" \/>\n<meta property=\"og:type\" content=\"article\" \/>\n<meta property=\"og:title\" content=\"Une cache d\u2019armes d\u00e9couverte pr\u00e8s de la bande frontali\u00e8re de Bordj Badji\u00a0Mokhtar - info algerie\" \/>\n<meta property=\"og:description\" content=\"ALGER &#8211; Un d\u00e9tachement de l\u2019Arm\u00e9e nationale populaire\u00a0 (ANP) a d\u00e9couvert vendredi pr\u00e8s de la bande frontali\u00e8re de Bordj Badji\u00a0 Mokhtar (relevant de la 6\u00e8me r\u00e9gion militaire), une cache d\u2019armes et de\u00a0 munitions, a indiqu\u00e9 le minist\u00e8re de la D\u00e9fense dans un communiqu\u00e9. &#013; &#013; Dans le cadre de la lutte antiterroriste et de la\" \/>\n<meta property=\"og:url\" content=\"https:\/\/www.info-algerie.com\/actualites\/une-cache-darmes-decouverte-pres-de-la-bande-frontaliere-de-bordj-badji-mokhtar\/\" \/>\n<meta property=\"og:site_name\" content=\"info algerie\" \/>\n<meta property=\"article:publisher\" content=\"https:\/\/www.facebook.com\/infoalgerieactu\" \/>\n<meta property=\"article:published_time\" content=\"2017-06-10T10:55:17+00:00\" \/>\n<meta property=\"og:image\" content=\"https:\/\/www.info-algerie.com\/actualites\/wp-content\/uploads\/2017\/06\/29b06ab24e148873c2624ba42f9b2297_S-1.jpg\" \/>\n\t<meta property=\"og:image:width\" content=\"280\" \/>\n\t<meta property=\"og:image:height\" content=\"187\" \/>\n\t<meta property=\"og:image:type\" content=\"image\/jpeg\" \/>\n<meta name=\"author\" content=\"La r\u00e9daction\" \/>\n<meta name=\"twitter:label1\" content=\"\u00c9crit par\" \/>\n\t<meta name=\"twitter:data1\" content=\"La r\u00e9daction\" \/>\n\t<meta name=\"twitter:label2\" content=\"Dur\u00e9e de lecture estim\u00e9e\" \/>\n\t<meta name=\"twitter:data2\" content=\"1 minute\" \/>\n<script type=\"application\/ld+json\" class=\"yoast-schema-graph\">{\"@context\":\"https:\\\/\\\/schema.org\",\"@graph\":[{\"@type\":\"Article\",\"@id\":\"https:\\\/\\\/www.info-algerie.com\\\/actualites\\\/une-cache-darmes-decouverte-pres-de-la-bande-frontaliere-de-bordj-badji-mokhtar\\\/#article\",\"isPartOf\":{\"@id\":\"https:\\\/\\\/www.info-algerie.com\\\/actualites\\\/une-cache-darmes-decouverte-pres-de-la-bande-frontaliere-de-bordj-badji-mokhtar\\\/\"},\"author\":{\"name\":\"La r\u00e9daction\",\"@id\":\"https:\\\/\\\/www.info-algerie.com\\\/actualites\\\/#\\\/schema\\\/person\\\/847aaec44920825b843a08f30ec6aa1e\"},\"headline\":\"Une cache d\u2019armes d\u00e9couverte pr\u00e8s de la bande frontali\u00e8re de Bordj Badji\u00a0Mokhtar\",\"datePublished\":\"2017-06-10T10:55:17+00:00\",\"mainEntityOfPage\":{\"@id\":\"https:\\\/\\\/www.info-algerie.com\\\/actualites\\\/une-cache-darmes-decouverte-pres-de-la-bande-frontaliere-de-bordj-badji-mokhtar\\\/\"},\"wordCount\":242,\"commentCount\":0,\"publisher\":{\"@id\":\"https:\\\/\\\/www.info-algerie.com\\\/actualites\\\/#organization\"},\"image\":{\"@id\":\"https:\\\/\\\/www.info-algerie.com\\\/actualites\\\/une-cache-darmes-decouverte-pres-de-la-bande-frontaliere-de-bordj-badji-mokhtar\\\/#primaryimage\"},\"thumbnailUrl\":\"https:\\\/\\\/www.info-algerie.com\\\/actualites\\\/wp-content\\\/uploads\\\/2017\\\/06\\\/29b06ab24e148873c2624ba42f9b2297_S-1.jpg\",\"keywords\":[\"ONU\"],\"articleSection\":[\"infos\"],\"inLanguage\":\"fr-FR\",\"potentialAction\":[{\"@type\":\"CommentAction\",\"name\":\"Comment\",\"target\":[\"https:\\\/\\\/www.info-algerie.com\\\/actualites\\\/une-cache-darmes-decouverte-pres-de-la-bande-frontaliere-de-bordj-badji-mokhtar\\\/#respond\"]}]},{\"@type\":\"WebPage\",\"@id\":\"https:\\\/\\\/www.info-algerie.com\\\/actualites\\\/une-cache-darmes-decouverte-pres-de-la-bande-frontaliere-de-bordj-badji-mokhtar\\\/\",\"url\":\"https:\\\/\\\/www.info-algerie.com\\\/actualites\\\/une-cache-darmes-decouverte-pres-de-la-bande-frontaliere-de-bordj-badji-mokhtar\\\/\",\"name\":\"Une cache d\u2019armes d\u00e9couverte pr\u00e8s de la bande frontali\u00e8re de Bordj Badji\u00a0Mokhtar - info algerie\",\"isPartOf\":{\"@id\":\"https:\\\/\\\/www.info-algerie.com\\\/actualites\\\/#website\"},\"primaryImageOfPage\":{\"@id\":\"https:\\\/\\\/www.info-algerie.com\\\/actualites\\\/une-cache-darmes-decouverte-pres-de-la-bande-frontaliere-de-bordj-badji-mokhtar\\\/#primaryimage\"},\"image\":{\"@id\":\"https:\\\/\\\/www.info-algerie.com\\\/actualites\\\/une-cache-darmes-decouverte-pres-de-la-bande-frontaliere-de-bordj-badji-mokhtar\\\/#primaryimage\"},\"thumbnailUrl\":\"https:\\\/\\\/www.info-algerie.com\\\/actualites\\\/wp-content\\\/uploads\\\/2017\\\/06\\\/29b06ab24e148873c2624ba42f9b2297_S-1.jpg\",\"datePublished\":\"2017-06-10T10:55:17+00:00\",\"breadcrumb\":{\"@id\":\"https:\\\/\\\/www.info-algerie.com\\\/actualites\\\/une-cache-darmes-decouverte-pres-de-la-bande-frontaliere-de-bordj-badji-mokhtar\\\/#breadcrumb\"},\"inLanguage\":\"fr-FR\",\"potentialAction\":[{\"@type\":\"ReadAction\",\"target\":[\"https:\\\/\\\/www.info-algerie.com\\\/actualites\\\/une-cache-darmes-decouverte-pres-de-la-bande-frontaliere-de-bordj-badji-mokhtar\\\/\"]}]},{\"@type\":\"ImageObject\",\"inLanguage\":\"fr-FR\",\"@id\":\"https:\\\/\\\/www.info-algerie.com\\\/actualites\\\/une-cache-darmes-decouverte-pres-de-la-bande-frontaliere-de-bordj-badji-mokhtar\\\/#primaryimage\",\"url\":\"https:\\\/\\\/www.info-algerie.com\\\/actualites\\\/wp-content\\\/uploads\\\/2017\\\/06\\\/29b06ab24e148873c2624ba42f9b2297_S-1.jpg\",\"contentUrl\":\"https:\\\/\\\/www.info-algerie.com\\\/actualites\\\/wp-content\\\/uploads\\\/2017\\\/06\\\/29b06ab24e148873c2624ba42f9b2297_S-1.jpg\",\"width\":280,\"height\":187},{\"@type\":\"BreadcrumbList\",\"@id\":\"https:\\\/\\\/www.info-algerie.com\\\/actualites\\\/une-cache-darmes-decouverte-pres-de-la-bande-frontaliere-de-bordj-badji-mokhtar\\\/#breadcrumb\",\"itemListElement\":[{\"@type\":\"ListItem\",\"position\":1,\"name\":\"Accueil\",\"item\":\"https:\\\/\\\/www.info-algerie.com\\\/actualites\\\/\"},{\"@type\":\"ListItem\",\"position\":2,\"name\":\"Une cache d\u2019armes d\u00e9couverte pr\u00e8s de la bande frontali\u00e8re de Bordj Badji\u00a0Mokhtar\"}]},{\"@type\":\"WebSite\",\"@id\":\"https:\\\/\\\/www.info-algerie.com\\\/actualites\\\/#website\",\"url\":\"https:\\\/\\\/www.info-algerie.com\\\/actualites\\\/\",\"name\":\"info algerie\",\"description\":\"Toutes les actualit\u00e9s\",\"publisher\":{\"@id\":\"https:\\\/\\\/www.info-algerie.com\\\/actualites\\\/#organization\"},\"potentialAction\":[{\"@type\":\"SearchAction\",\"target\":{\"@type\":\"EntryPoint\",\"urlTemplate\":\"https:\\\/\\\/www.info-algerie.com\\\/actualites\\\/?s={search_term_string}\"},\"query-input\":{\"@type\":\"PropertyValueSpecification\",\"valueRequired\":true,\"valueName\":\"search_term_string\"}}],\"inLanguage\":\"fr-FR\"},{\"@type\":\"Organization\",\"@id\":\"https:\\\/\\\/www.info-algerie.com\\\/actualites\\\/#organization\",\"name\":\"info algerie\",\"url\":\"https:\\\/\\\/www.info-algerie.com\\\/actualites\\\/\",\"logo\":{\"@type\":\"ImageObject\",\"inLanguage\":\"fr-FR\",\"@id\":\"https:\\\/\\\/www.info-algerie.com\\\/actualites\\\/#\\\/schema\\\/logo\\\/image\\\/\",\"url\":\"https:\\\/\\\/www.info-algerie.com\\\/actualites\\\/wp-content\\\/uploads\\\/2022\\\/07\\\/logo-ia-120.png\",\"contentUrl\":\"https:\\\/\\\/www.info-algerie.com\\\/actualites\\\/wp-content\\\/uploads\\\/2022\\\/07\\\/logo-ia-120.png\",\"width\":120,\"height\":43,\"caption\":\"info algerie\"},\"image\":{\"@id\":\"https:\\\/\\\/www.info-algerie.com\\\/actualites\\\/#\\\/schema\\\/logo\\\/image\\\/\"},\"sameAs\":[\"https:\\\/\\\/www.facebook.com\\\/infoalgerieactu\",\"https:\\\/\\\/x.com\\\/infoalgerie1\"]},{\"@type\":\"Person\",\"@id\":\"https:\\\/\\\/www.info-algerie.com\\\/actualites\\\/#\\\/schema\\\/person\\\/847aaec44920825b843a08f30ec6aa1e\",\"name\":\"La r\u00e9daction\",\"image\":{\"@type\":\"ImageObject\",\"inLanguage\":\"fr-FR\",\"@id\":\"https:\\\/\\\/secure.gravatar.com\\\/avatar\\\/769db425c6f465158149f1ffd6cf61ce7a8a879d11dfbef8288af36dfddd418c?s=96&d=mm&r=g\",\"url\":\"https:\\\/\\\/secure.gravatar.com\\\/avatar\\\/769db425c6f465158149f1ffd6cf61ce7a8a879d11dfbef8288af36dfddd418c?s=96&d=mm&r=g\",\"contentUrl\":\"https:\\\/\\\/secure.gravatar.com\\\/avatar\\\/769db425c6f465158149f1ffd6cf61ce7a8a879d11dfbef8288af36dfddd418c?s=96&d=mm&r=g\",\"caption\":\"La r\u00e9daction\"},\"sameAs\":[\"http:\\\/\\\/www.lkeria.com\\\/\"],\"url\":\"https:\\\/\\\/www.info-algerie.com\\\/actualites\\\/author\\\/chakib32\\\/\"}]}<\/script>\n<!-- \/ Yoast SEO plugin. -->","yoast_head_json":{"title":"Une cache d\u2019armes d\u00e9couverte pr\u00e8s de la bande frontali\u00e8re de Bordj Badji\u00a0Mokhtar - info algerie","robots":{"index":"index","follow":"follow","max-snippet":"max-snippet:-1","max-image-preview":"max-image-preview:large","max-video-preview":"max-video-preview:-1"},"canonical":"https:\/\/www.info-algerie.com\/actualites\/une-cache-darmes-decouverte-pres-de-la-bande-frontaliere-de-bordj-badji-mokhtar\/","og_locale":"fr_FR","og_type":"article","og_title":"Une cache d\u2019armes d\u00e9couverte pr\u00e8s de la bande frontali\u00e8re de Bordj Badji\u00a0Mokhtar - info algerie","og_description":"ALGER &#8211; Un d\u00e9tachement de l\u2019Arm\u00e9e nationale populaire\u00a0 (ANP) a d\u00e9couvert vendredi pr\u00e8s de la bande frontali\u00e8re de Bordj Badji\u00a0 Mokhtar (relevant de la 6\u00e8me r\u00e9gion militaire), une cache d\u2019armes et de\u00a0 munitions, a indiqu\u00e9 le minist\u00e8re de la D\u00e9fense dans un communiqu\u00e9. &#013; &#013; Dans le cadre de la lutte antiterroriste et de la","og_url":"https:\/\/www.info-algerie.com\/actualites\/une-cache-darmes-decouverte-pres-de-la-bande-frontaliere-de-bordj-badji-mokhtar\/","og_site_name":"info algerie","article_publisher":"https:\/\/www.facebook.com\/infoalgerieactu","article_published_time":"2017-06-10T10:55:17+00:00","og_image":[{"width":280,"height":187,"url":"https:\/\/www.info-algerie.com\/actualites\/wp-content\/uploads\/2017\/06\/29b06ab24e148873c2624ba42f9b2297_S-1.jpg","type":"image\/jpeg"}],"author":"La r\u00e9daction","twitter_misc":{"\u00c9crit par":"La r\u00e9daction","Dur\u00e9e de lecture estim\u00e9e":"1 minute"},"schema":{"@context":"https:\/\/schema.org","@graph":[{"@type":"Article","@id":"https:\/\/www.info-algerie.com\/actualites\/une-cache-darmes-decouverte-pres-de-la-bande-frontaliere-de-bordj-badji-mokhtar\/#article","isPartOf":{"@id":"https:\/\/www.info-algerie.com\/actualites\/une-cache-darmes-decouverte-pres-de-la-bande-frontaliere-de-bordj-badji-mokhtar\/"},"author":{"name":"La r\u00e9daction","@id":"https:\/\/www.info-algerie.com\/actualites\/#\/schema\/person\/847aaec44920825b843a08f30ec6aa1e"},"headline":"Une cache d\u2019armes d\u00e9couverte pr\u00e8s de la bande frontali\u00e8re de Bordj Badji\u00a0Mokhtar","datePublished":"2017-06-10T10:55:17+00:00","mainEntityOfPage":{"@id":"https:\/\/www.info-algerie.com\/actualites\/une-cache-darmes-decouverte-pres-de-la-bande-frontaliere-de-bordj-badji-mokhtar\/"},"wordCount":242,"commentCount":0,"publisher":{"@id":"https:\/\/www.info-algerie.com\/actualites\/#organization"},"image":{"@id":"https:\/\/www.info-algerie.com\/actualites\/une-cache-darmes-decouverte-pres-de-la-bande-frontaliere-de-bordj-badji-mokhtar\/#primaryimage"},"thumbnailUrl":"https:\/\/www.info-algerie.com\/actualites\/wp-content\/uploads\/2017\/06\/29b06ab24e148873c2624ba42f9b2297_S-1.jpg","keywords":["ONU"],"articleSection":["infos"],"inLanguage":"fr-FR","potentialAction":[{"@type":"CommentAction","name":"Comment","target":["https:\/\/www.info-algerie.com\/actualites\/une-cache-darmes-decouverte-pres-de-la-bande-frontaliere-de-bordj-badji-mokhtar\/#respond"]}]},{"@type":"WebPage","@id":"https:\/\/www.info-algerie.com\/actualites\/une-cache-darmes-decouverte-pres-de-la-bande-frontaliere-de-bordj-badji-mokhtar\/","url":"https:\/\/www.info-algerie.com\/actualites\/une-cache-darmes-decouverte-pres-de-la-bande-frontaliere-de-bordj-badji-mokhtar\/","name":"Une cache d\u2019armes d\u00e9couverte pr\u00e8s de la bande frontali\u00e8re de Bordj Badji\u00a0Mokhtar - info algerie","isPartOf":{"@id":"https:\/\/www.info-algerie.com\/actualites\/#website"},"primaryImageOfPage":{"@id":"https:\/\/www.info-algerie.com\/actualites\/une-cache-darmes-decouverte-pres-de-la-bande-frontaliere-de-bordj-badji-mokhtar\/#primaryimage"},"image":{"@id":"https:\/\/www.info-algerie.com\/actualites\/une-cache-darmes-decouverte-pres-de-la-bande-frontaliere-de-bordj-badji-mokhtar\/#primaryimage"},"thumbnailUrl":"https:\/\/www.info-algerie.com\/actualites\/wp-content\/uploads\/2017\/06\/29b06ab24e148873c2624ba42f9b2297_S-1.jpg","datePublished":"2017-06-10T10:55:17+00:00","breadcrumb":{"@id":"https:\/\/www.info-algerie.com\/actualites\/une-cache-darmes-decouverte-pres-de-la-bande-frontaliere-de-bordj-badji-mokhtar\/#breadcrumb"},"inLanguage":"fr-FR","potentialAction":[{"@type":"ReadAction","target":["https:\/\/www.info-algerie.com\/actualites\/une-cache-darmes-decouverte-pres-de-la-bande-frontaliere-de-bordj-badji-mokhtar\/"]}]},{"@type":"ImageObject","inLanguage":"fr-FR","@id":"https:\/\/www.info-algerie.com\/actualites\/une-cache-darmes-decouverte-pres-de-la-bande-frontaliere-de-bordj-badji-mokhtar\/#primaryimage","url":"https:\/\/www.info-algerie.com\/actualites\/wp-content\/uploads\/2017\/06\/29b06ab24e148873c2624ba42f9b2297_S-1.jpg","contentUrl":"https:\/\/www.info-algerie.com\/actualites\/wp-content\/uploads\/2017\/06\/29b06ab24e148873c2624ba42f9b2297_S-1.jpg","width":280,"height":187},{"@type":"BreadcrumbList","@id":"https:\/\/www.info-algerie.com\/actualites\/une-cache-darmes-decouverte-pres-de-la-bande-frontaliere-de-bordj-badji-mokhtar\/#breadcrumb","itemListElement":[{"@type":"ListItem","position":1,"name":"Accueil","item":"https:\/\/www.info-algerie.com\/actualites\/"},{"@type":"ListItem","position":2,"name":"Une cache d\u2019armes d\u00e9couverte pr\u00e8s de la bande frontali\u00e8re de Bordj Badji\u00a0Mokhtar"}]},{"@type":"WebSite","@id":"https:\/\/www.info-algerie.com\/actualites\/#website","url":"https:\/\/www.info-algerie.com\/actualites\/","name":"info algerie","description":"Toutes les actualit\u00e9s","publisher":{"@id":"https:\/\/www.info-algerie.com\/actualites\/#organization"},"potentialAction":[{"@type":"SearchAction","target":{"@type":"EntryPoint","urlTemplate":"https:\/\/www.info-algerie.com\/actualites\/?s={search_term_string}"},"query-input":{"@type":"PropertyValueSpecification","valueRequired":true,"valueName":"search_term_string"}}],"inLanguage":"fr-FR"},{"@type":"Organization","@id":"https:\/\/www.info-algerie.com\/actualites\/#organization","name":"info algerie","url":"https:\/\/www.info-algerie.com\/actualites\/","logo":{"@type":"ImageObject","inLanguage":"fr-FR","@id":"https:\/\/www.info-algerie.com\/actualites\/#\/schema\/logo\/image\/","url":"https:\/\/www.info-algerie.com\/actualites\/wp-content\/uploads\/2022\/07\/logo-ia-120.png","contentUrl":"https:\/\/www.info-algerie.com\/actualites\/wp-content\/uploads\/2022\/07\/logo-ia-120.png","width":120,"height":43,"caption":"info algerie"},"image":{"@id":"https:\/\/www.info-algerie.com\/actualites\/#\/schema\/logo\/image\/"},"sameAs":["https:\/\/www.facebook.com\/infoalgerieactu","https:\/\/x.com\/infoalgerie1"]},{"@type":"Person","@id":"https:\/\/www.info-algerie.com\/actualites\/#\/schema\/person\/847aaec44920825b843a08f30ec6aa1e","name":"La r\u00e9daction","image":{"@type":"ImageObject","inLanguage":"fr-FR","@id":"https:\/\/secure.gravatar.com\/avatar\/769db425c6f465158149f1ffd6cf61ce7a8a879d11dfbef8288af36dfddd418c?s=96&d=mm&r=g","url":"https:\/\/secure.gravatar.com\/avatar\/769db425c6f465158149f1ffd6cf61ce7a8a879d11dfbef8288af36dfddd418c?s=96&d=mm&r=g","contentUrl":"https:\/\/secure.gravatar.com\/avatar\/769db425c6f465158149f1ffd6cf61ce7a8a879d11dfbef8288af36dfddd418c?s=96&d=mm&r=g","caption":"La r\u00e9daction"},"sameAs":["http:\/\/www.lkeria.com\/"],"url":"https:\/\/www.info-algerie.com\/actualites\/author\/chakib32\/"}]}},"_links":{"self":[{"href":"https:\/\/www.info-algerie.com\/actualites\/wp-json\/wp\/v2\/posts\/13034","targetHints":{"allow":["GET"]}}],"collection":[{"href":"https:\/\/www.info-algerie.com\/actualites\/wp-json\/wp\/v2\/posts"}],"about":[{"href":"https:\/\/www.info-algerie.com\/actualites\/wp-json\/wp\/v2\/types\/post"}],"author":[{"embeddable":true,"href":"https:\/\/www.info-algerie.com\/actualites\/wp-json\/wp\/v2\/users\/6"}],"replies":[{"embeddable":true,"href":"https:\/\/www.info-algerie.com\/actualites\/wp-json\/wp\/v2\/comments?post=13034"}],"version-history":[{"count":0,"href":"https:\/\/www.info-algerie.com\/actualites\/wp-json\/wp\/v2\/posts\/13034\/revisions"}],"wp:featuredmedia":[{"embeddable":true,"href":"https:\/\/www.info-algerie.com\/actualites\/wp-json\/wp\/v2\/media\/13035"}],"wp:attachment":[{"href":"https:\/\/www.info-algerie.com\/actualites\/wp-json\/wp\/v2\/media?parent=13034"}],"wp:term":[{"taxonomy":"category","embeddable":true,"href":"https:\/\/www.info-algerie.com\/actualites\/wp-json\/wp\/v2\/categories?post=13034"},{"taxonomy":"post_tag","embeddable":true,"href":"https:\/\/www.info-algerie.com\/actualites\/wp-json\/wp\/v2\/tags?post=13034"}],"curies":[{"name":"wp","href":"https:\/\/api.w.org\/{rel}","templated":true}]}}