{"id":13037,"date":"2017-06-10T14:11:12","date_gmt":"2017-06-10T13:11:12","guid":{"rendered":"http:\/\/www.info-algerie.com\/actualites\/messahel-prend-part-a-abuja-a-la-16eme-reunion-ministerielle-afrique-pays-nordiques\/"},"modified":"2017-06-10T14:11:12","modified_gmt":"2017-06-10T13:11:12","slug":"messahel-prend-part-a-abuja-a-la-16eme-reunion-ministerielle-afrique-pays-nordiques","status":"publish","type":"post","link":"https:\/\/www.info-algerie.com\/actualites\/messahel-prend-part-a-abuja-a-la-16eme-reunion-ministerielle-afrique-pays-nordiques\/","title":{"rendered":"Messahel prend part \u00e0 Abuja \u00e0 la 16\u00e8me r\u00e9union minist\u00e9rielle Afrique-Pays nordiques"},"content":{"rendered":"<div class=\"K2FeedImage\"><img decoding=\"async\" src=\"https:\/\/www.info-algerie.com\/actualites\/wp-content\/uploads\/2017\/06\/fff398ebdc35e2c9acdc755b6a6fe269_S.jpg\" alt=\"Messahel prend part &#xE0; Abuja &#xE0; la 16&#xE8;me r&#xE9;union minist&#xE9;rielle Afrique-Pays nordiques\" \/><\/div>\n<div class=\"K2FeedIntroText\">\n<p class=\"MsoNoSpacing\">ABUJA- M. Abdelkader Messahel, ministre des Affaires \u00e9trang\u00e8res prend part \u00e0 la 16\u00e8me r\u00e9union minist\u00e9rielle Afrique-Pays nordiques qui se tient les 9 et 10 juin \u00e0 Abuja (Nigeria).<\/p>\n<p>&#013;\n<\/p><\/div>\n<div class=\"K2FeedFullText\">&#013;<\/p>\n<p class=\"MsoNoSpacing\">Cette r\u00e9union qui regroupe les ministres des Affaires \u00e9trang\u00e8res de quinze pays africains et des cinq pays nordiques, se tient sous le th\u00e8me \u00ab\u00a0assurer un d\u00e9veloppement durable \u00e0 travers l\u2019investissement\u00a0\u00bb. Ce Forum constitue un cadre d\u2019\u00e9change de vues et d\u2019exp\u00e9riences sur des questions concernant la paix et la s\u00e9curit\u00e9, le d\u00e9veloppement durable et le partenariat entre les pays nordiques et l\u2019Afrique.<\/p>\n<p>&#013;<\/p>\n<p class=\"MsoNoSpacing\">Dans le cadre de sa th\u00e9matique principale, cette rencontre abordera quatre sous-th\u00e8mes importants relatifs \u00e0 la paix et la s\u00e9curit\u00e9, la promotion du \u00a0commerce et d\u2019investissement, la coop\u00e9ration dans le domaine de l\u2019agriculture et de l\u2019industrie mini\u00e8re ainsi que l\u2019\u00e9galit\u00e9 du genre et des droits de l\u2019Homme.<\/p>\n<p>&#013;<\/p>\n<p class=\"MsoNoSpacing\">A l\u2019issue de cette rencontre, les ministres \u00ab\u00a0devront arr\u00eater un certain nombre de mesures \u00e0 m\u00eame de renforcer la coop\u00e9ration qui existe entre les deux ensembles en vue de faire face aux d\u00e9fis communs li\u00e9s \u00e0 la paix et au d\u00e9veloppement durable\u00a0\u00bb.<\/p>\n<p>&#013;<\/p>\n<p>\u00a0<\/p>\n<p>&#013;<\/p>\n<p class=\"MsoNoSpacing\">En marge de ce Forum, M. Messahel aura des entretiens bilat\u00e9raux avec certains chefs de d\u00e9l\u00e9gations participantes.<\/p>\n<\/div>\n<p>&#013;<br \/>\nSource: <a href=\"http:\/\/www.aps.dz\/algerie\/58725-messahel-prend-part-a-abuja-a-la-16eme-reunion-ministerielle-afrique-pays-nordiques\" target=\"_blank\">Messahel prend part \u00e0 Abuja \u00e0 la 16\u00e8me r\u00e9union minist\u00e9rielle Afrique-Pays nordiques<\/a><\/p>\n<!--CusAds0-->\n<div style=\"font-size: 0px; height: 0px; line-height: 0px; margin: 0; padding: 0; clear: both;\"><\/div>","protected":false},"excerpt":{"rendered":"<p>ABUJA- M. Abdelkader Messahel, ministre des Affaires \u00e9trang\u00e8res prend part \u00e0 la 16\u00e8me r\u00e9union minist\u00e9rielle Afrique-Pays nordiques qui se tient les 9 et 10 juin \u00e0 Abuja (Nigeria). &#013; &#013; Cette r\u00e9union qui regroupe les ministres des Affaires \u00e9trang\u00e8res de quinze pays africains et des cinq pays nordiques, se tient sous le th\u00e8me \u00ab\u00a0assurer un<\/p>\n","protected":false},"author":6,"featured_media":13038,"comment_status":"open","ping_status":"open","sticky":false,"template":"","format":"standard","meta":{"footnotes":""},"categories":[22],"tags":[93],"class_list":["post-13037","post","type-post","status-publish","format-standard","has-post-thumbnail","hentry","category-infos","tag-onu"],"yoast_head":"<!-- This site is optimized with the Yoast SEO plugin v27.5 - https:\/\/yoast.com\/product\/yoast-seo-wordpress\/ -->\n<title>Messahel prend part \u00e0 Abuja \u00e0 la 16\u00e8me r\u00e9union minist\u00e9rielle Afrique-Pays nordiques - info algerie<\/title>\n<meta name=\"robots\" content=\"index, follow, max-snippet:-1, max-image-preview:large, max-video-preview:-1\" \/>\n<link rel=\"canonical\" href=\"https:\/\/www.info-algerie.com\/actualites\/messahel-prend-part-a-abuja-a-la-16eme-reunion-ministerielle-afrique-pays-nordiques\/\" \/>\n<meta property=\"og:locale\" content=\"fr_FR\" \/>\n<meta property=\"og:type\" content=\"article\" \/>\n<meta property=\"og:title\" content=\"Messahel prend part \u00e0 Abuja \u00e0 la 16\u00e8me r\u00e9union minist\u00e9rielle Afrique-Pays nordiques - info algerie\" \/>\n<meta property=\"og:description\" content=\"ABUJA- M. Abdelkader Messahel, ministre des Affaires \u00e9trang\u00e8res prend part \u00e0 la 16\u00e8me r\u00e9union minist\u00e9rielle Afrique-Pays nordiques qui se tient les 9 et 10 juin \u00e0 Abuja (Nigeria). &#013; &#013; Cette r\u00e9union qui regroupe les ministres des Affaires \u00e9trang\u00e8res de quinze pays africains et des cinq pays nordiques, se tient sous le th\u00e8me \u00ab\u00a0assurer un\" \/>\n<meta property=\"og:url\" content=\"https:\/\/www.info-algerie.com\/actualites\/messahel-prend-part-a-abuja-a-la-16eme-reunion-ministerielle-afrique-pays-nordiques\/\" \/>\n<meta property=\"og:site_name\" content=\"info algerie\" \/>\n<meta property=\"article:publisher\" content=\"https:\/\/www.facebook.com\/infoalgerieactu\" \/>\n<meta property=\"article:published_time\" content=\"2017-06-10T13:11:12+00:00\" \/>\n<meta property=\"og:image\" content=\"https:\/\/www.info-algerie.com\/actualites\/wp-content\/uploads\/2017\/06\/fff398ebdc35e2c9acdc755b6a6fe269_S-1.jpg\" \/>\n\t<meta property=\"og:image:width\" content=\"280\" \/>\n\t<meta property=\"og:image:height\" content=\"187\" \/>\n\t<meta property=\"og:image:type\" content=\"image\/jpeg\" \/>\n<meta name=\"author\" content=\"La r\u00e9daction\" \/>\n<meta name=\"twitter:label1\" content=\"\u00c9crit par\" \/>\n\t<meta name=\"twitter:data1\" content=\"La r\u00e9daction\" \/>\n\t<meta name=\"twitter:label2\" content=\"Dur\u00e9e de lecture estim\u00e9e\" \/>\n\t<meta name=\"twitter:data2\" content=\"1 minute\" \/>\n<script type=\"application\/ld+json\" class=\"yoast-schema-graph\">{\"@context\":\"https:\\\/\\\/schema.org\",\"@graph\":[{\"@type\":\"Article\",\"@id\":\"https:\\\/\\\/www.info-algerie.com\\\/actualites\\\/messahel-prend-part-a-abuja-a-la-16eme-reunion-ministerielle-afrique-pays-nordiques\\\/#article\",\"isPartOf\":{\"@id\":\"https:\\\/\\\/www.info-algerie.com\\\/actualites\\\/messahel-prend-part-a-abuja-a-la-16eme-reunion-ministerielle-afrique-pays-nordiques\\\/\"},\"author\":{\"name\":\"La r\u00e9daction\",\"@id\":\"https:\\\/\\\/www.info-algerie.com\\\/actualites\\\/#\\\/schema\\\/person\\\/847aaec44920825b843a08f30ec6aa1e\"},\"headline\":\"Messahel prend part \u00e0 Abuja \u00e0 la 16\u00e8me r\u00e9union minist\u00e9rielle Afrique-Pays nordiques\",\"datePublished\":\"2017-06-10T13:11:12+00:00\",\"mainEntityOfPage\":{\"@id\":\"https:\\\/\\\/www.info-algerie.com\\\/actualites\\\/messahel-prend-part-a-abuja-a-la-16eme-reunion-ministerielle-afrique-pays-nordiques\\\/\"},\"wordCount\":246,\"commentCount\":0,\"publisher\":{\"@id\":\"https:\\\/\\\/www.info-algerie.com\\\/actualites\\\/#organization\"},\"image\":{\"@id\":\"https:\\\/\\\/www.info-algerie.com\\\/actualites\\\/messahel-prend-part-a-abuja-a-la-16eme-reunion-ministerielle-afrique-pays-nordiques\\\/#primaryimage\"},\"thumbnailUrl\":\"https:\\\/\\\/www.info-algerie.com\\\/actualites\\\/wp-content\\\/uploads\\\/2017\\\/06\\\/fff398ebdc35e2c9acdc755b6a6fe269_S-1.jpg\",\"keywords\":[\"ONU\"],\"articleSection\":[\"infos\"],\"inLanguage\":\"fr-FR\",\"potentialAction\":[{\"@type\":\"CommentAction\",\"name\":\"Comment\",\"target\":[\"https:\\\/\\\/www.info-algerie.com\\\/actualites\\\/messahel-prend-part-a-abuja-a-la-16eme-reunion-ministerielle-afrique-pays-nordiques\\\/#respond\"]}]},{\"@type\":\"WebPage\",\"@id\":\"https:\\\/\\\/www.info-algerie.com\\\/actualites\\\/messahel-prend-part-a-abuja-a-la-16eme-reunion-ministerielle-afrique-pays-nordiques\\\/\",\"url\":\"https:\\\/\\\/www.info-algerie.com\\\/actualites\\\/messahel-prend-part-a-abuja-a-la-16eme-reunion-ministerielle-afrique-pays-nordiques\\\/\",\"name\":\"Messahel prend part \u00e0 Abuja \u00e0 la 16\u00e8me r\u00e9union minist\u00e9rielle Afrique-Pays nordiques - info algerie\",\"isPartOf\":{\"@id\":\"https:\\\/\\\/www.info-algerie.com\\\/actualites\\\/#website\"},\"primaryImageOfPage\":{\"@id\":\"https:\\\/\\\/www.info-algerie.com\\\/actualites\\\/messahel-prend-part-a-abuja-a-la-16eme-reunion-ministerielle-afrique-pays-nordiques\\\/#primaryimage\"},\"image\":{\"@id\":\"https:\\\/\\\/www.info-algerie.com\\\/actualites\\\/messahel-prend-part-a-abuja-a-la-16eme-reunion-ministerielle-afrique-pays-nordiques\\\/#primaryimage\"},\"thumbnailUrl\":\"https:\\\/\\\/www.info-algerie.com\\\/actualites\\\/wp-content\\\/uploads\\\/2017\\\/06\\\/fff398ebdc35e2c9acdc755b6a6fe269_S-1.jpg\",\"datePublished\":\"2017-06-10T13:11:12+00:00\",\"breadcrumb\":{\"@id\":\"https:\\\/\\\/www.info-algerie.com\\\/actualites\\\/messahel-prend-part-a-abuja-a-la-16eme-reunion-ministerielle-afrique-pays-nordiques\\\/#breadcrumb\"},\"inLanguage\":\"fr-FR\",\"potentialAction\":[{\"@type\":\"ReadAction\",\"target\":[\"https:\\\/\\\/www.info-algerie.com\\\/actualites\\\/messahel-prend-part-a-abuja-a-la-16eme-reunion-ministerielle-afrique-pays-nordiques\\\/\"]}]},{\"@type\":\"ImageObject\",\"inLanguage\":\"fr-FR\",\"@id\":\"https:\\\/\\\/www.info-algerie.com\\\/actualites\\\/messahel-prend-part-a-abuja-a-la-16eme-reunion-ministerielle-afrique-pays-nordiques\\\/#primaryimage\",\"url\":\"https:\\\/\\\/www.info-algerie.com\\\/actualites\\\/wp-content\\\/uploads\\\/2017\\\/06\\\/fff398ebdc35e2c9acdc755b6a6fe269_S-1.jpg\",\"contentUrl\":\"https:\\\/\\\/www.info-algerie.com\\\/actualites\\\/wp-content\\\/uploads\\\/2017\\\/06\\\/fff398ebdc35e2c9acdc755b6a6fe269_S-1.jpg\",\"width\":280,\"height\":187},{\"@type\":\"BreadcrumbList\",\"@id\":\"https:\\\/\\\/www.info-algerie.com\\\/actualites\\\/messahel-prend-part-a-abuja-a-la-16eme-reunion-ministerielle-afrique-pays-nordiques\\\/#breadcrumb\",\"itemListElement\":[{\"@type\":\"ListItem\",\"position\":1,\"name\":\"Accueil\",\"item\":\"https:\\\/\\\/www.info-algerie.com\\\/actualites\\\/\"},{\"@type\":\"ListItem\",\"position\":2,\"name\":\"Messahel prend part \u00e0 Abuja \u00e0 la 16\u00e8me r\u00e9union minist\u00e9rielle Afrique-Pays nordiques\"}]},{\"@type\":\"WebSite\",\"@id\":\"https:\\\/\\\/www.info-algerie.com\\\/actualites\\\/#website\",\"url\":\"https:\\\/\\\/www.info-algerie.com\\\/actualites\\\/\",\"name\":\"info algerie\",\"description\":\"Toutes les actualit\u00e9s\",\"publisher\":{\"@id\":\"https:\\\/\\\/www.info-algerie.com\\\/actualites\\\/#organization\"},\"potentialAction\":[{\"@type\":\"SearchAction\",\"target\":{\"@type\":\"EntryPoint\",\"urlTemplate\":\"https:\\\/\\\/www.info-algerie.com\\\/actualites\\\/?s={search_term_string}\"},\"query-input\":{\"@type\":\"PropertyValueSpecification\",\"valueRequired\":true,\"valueName\":\"search_term_string\"}}],\"inLanguage\":\"fr-FR\"},{\"@type\":\"Organization\",\"@id\":\"https:\\\/\\\/www.info-algerie.com\\\/actualites\\\/#organization\",\"name\":\"info algerie\",\"url\":\"https:\\\/\\\/www.info-algerie.com\\\/actualites\\\/\",\"logo\":{\"@type\":\"ImageObject\",\"inLanguage\":\"fr-FR\",\"@id\":\"https:\\\/\\\/www.info-algerie.com\\\/actualites\\\/#\\\/schema\\\/logo\\\/image\\\/\",\"url\":\"https:\\\/\\\/www.info-algerie.com\\\/actualites\\\/wp-content\\\/uploads\\\/2022\\\/07\\\/logo-ia-120.png\",\"contentUrl\":\"https:\\\/\\\/www.info-algerie.com\\\/actualites\\\/wp-content\\\/uploads\\\/2022\\\/07\\\/logo-ia-120.png\",\"width\":120,\"height\":43,\"caption\":\"info algerie\"},\"image\":{\"@id\":\"https:\\\/\\\/www.info-algerie.com\\\/actualites\\\/#\\\/schema\\\/logo\\\/image\\\/\"},\"sameAs\":[\"https:\\\/\\\/www.facebook.com\\\/infoalgerieactu\",\"https:\\\/\\\/x.com\\\/infoalgerie1\"]},{\"@type\":\"Person\",\"@id\":\"https:\\\/\\\/www.info-algerie.com\\\/actualites\\\/#\\\/schema\\\/person\\\/847aaec44920825b843a08f30ec6aa1e\",\"name\":\"La r\u00e9daction\",\"image\":{\"@type\":\"ImageObject\",\"inLanguage\":\"fr-FR\",\"@id\":\"https:\\\/\\\/secure.gravatar.com\\\/avatar\\\/769db425c6f465158149f1ffd6cf61ce7a8a879d11dfbef8288af36dfddd418c?s=96&d=mm&r=g\",\"url\":\"https:\\\/\\\/secure.gravatar.com\\\/avatar\\\/769db425c6f465158149f1ffd6cf61ce7a8a879d11dfbef8288af36dfddd418c?s=96&d=mm&r=g\",\"contentUrl\":\"https:\\\/\\\/secure.gravatar.com\\\/avatar\\\/769db425c6f465158149f1ffd6cf61ce7a8a879d11dfbef8288af36dfddd418c?s=96&d=mm&r=g\",\"caption\":\"La r\u00e9daction\"},\"sameAs\":[\"http:\\\/\\\/www.lkeria.com\\\/\"],\"url\":\"https:\\\/\\\/www.info-algerie.com\\\/actualites\\\/author\\\/chakib32\\\/\"}]}<\/script>\n<!-- \/ Yoast SEO plugin. -->","yoast_head_json":{"title":"Messahel prend part \u00e0 Abuja \u00e0 la 16\u00e8me r\u00e9union minist\u00e9rielle Afrique-Pays nordiques - info algerie","robots":{"index":"index","follow":"follow","max-snippet":"max-snippet:-1","max-image-preview":"max-image-preview:large","max-video-preview":"max-video-preview:-1"},"canonical":"https:\/\/www.info-algerie.com\/actualites\/messahel-prend-part-a-abuja-a-la-16eme-reunion-ministerielle-afrique-pays-nordiques\/","og_locale":"fr_FR","og_type":"article","og_title":"Messahel prend part \u00e0 Abuja \u00e0 la 16\u00e8me r\u00e9union minist\u00e9rielle Afrique-Pays nordiques - info algerie","og_description":"ABUJA- M. Abdelkader Messahel, ministre des Affaires \u00e9trang\u00e8res prend part \u00e0 la 16\u00e8me r\u00e9union minist\u00e9rielle Afrique-Pays nordiques qui se tient les 9 et 10 juin \u00e0 Abuja (Nigeria). &#013; &#013; Cette r\u00e9union qui regroupe les ministres des Affaires \u00e9trang\u00e8res de quinze pays africains et des cinq pays nordiques, se tient sous le th\u00e8me \u00ab\u00a0assurer un","og_url":"https:\/\/www.info-algerie.com\/actualites\/messahel-prend-part-a-abuja-a-la-16eme-reunion-ministerielle-afrique-pays-nordiques\/","og_site_name":"info algerie","article_publisher":"https:\/\/www.facebook.com\/infoalgerieactu","article_published_time":"2017-06-10T13:11:12+00:00","og_image":[{"width":280,"height":187,"url":"https:\/\/www.info-algerie.com\/actualites\/wp-content\/uploads\/2017\/06\/fff398ebdc35e2c9acdc755b6a6fe269_S-1.jpg","type":"image\/jpeg"}],"author":"La r\u00e9daction","twitter_misc":{"\u00c9crit par":"La r\u00e9daction","Dur\u00e9e de lecture estim\u00e9e":"1 minute"},"schema":{"@context":"https:\/\/schema.org","@graph":[{"@type":"Article","@id":"https:\/\/www.info-algerie.com\/actualites\/messahel-prend-part-a-abuja-a-la-16eme-reunion-ministerielle-afrique-pays-nordiques\/#article","isPartOf":{"@id":"https:\/\/www.info-algerie.com\/actualites\/messahel-prend-part-a-abuja-a-la-16eme-reunion-ministerielle-afrique-pays-nordiques\/"},"author":{"name":"La r\u00e9daction","@id":"https:\/\/www.info-algerie.com\/actualites\/#\/schema\/person\/847aaec44920825b843a08f30ec6aa1e"},"headline":"Messahel prend part \u00e0 Abuja \u00e0 la 16\u00e8me r\u00e9union minist\u00e9rielle Afrique-Pays nordiques","datePublished":"2017-06-10T13:11:12+00:00","mainEntityOfPage":{"@id":"https:\/\/www.info-algerie.com\/actualites\/messahel-prend-part-a-abuja-a-la-16eme-reunion-ministerielle-afrique-pays-nordiques\/"},"wordCount":246,"commentCount":0,"publisher":{"@id":"https:\/\/www.info-algerie.com\/actualites\/#organization"},"image":{"@id":"https:\/\/www.info-algerie.com\/actualites\/messahel-prend-part-a-abuja-a-la-16eme-reunion-ministerielle-afrique-pays-nordiques\/#primaryimage"},"thumbnailUrl":"https:\/\/www.info-algerie.com\/actualites\/wp-content\/uploads\/2017\/06\/fff398ebdc35e2c9acdc755b6a6fe269_S-1.jpg","keywords":["ONU"],"articleSection":["infos"],"inLanguage":"fr-FR","potentialAction":[{"@type":"CommentAction","name":"Comment","target":["https:\/\/www.info-algerie.com\/actualites\/messahel-prend-part-a-abuja-a-la-16eme-reunion-ministerielle-afrique-pays-nordiques\/#respond"]}]},{"@type":"WebPage","@id":"https:\/\/www.info-algerie.com\/actualites\/messahel-prend-part-a-abuja-a-la-16eme-reunion-ministerielle-afrique-pays-nordiques\/","url":"https:\/\/www.info-algerie.com\/actualites\/messahel-prend-part-a-abuja-a-la-16eme-reunion-ministerielle-afrique-pays-nordiques\/","name":"Messahel prend part \u00e0 Abuja \u00e0 la 16\u00e8me r\u00e9union minist\u00e9rielle Afrique-Pays nordiques - info algerie","isPartOf":{"@id":"https:\/\/www.info-algerie.com\/actualites\/#website"},"primaryImageOfPage":{"@id":"https:\/\/www.info-algerie.com\/actualites\/messahel-prend-part-a-abuja-a-la-16eme-reunion-ministerielle-afrique-pays-nordiques\/#primaryimage"},"image":{"@id":"https:\/\/www.info-algerie.com\/actualites\/messahel-prend-part-a-abuja-a-la-16eme-reunion-ministerielle-afrique-pays-nordiques\/#primaryimage"},"thumbnailUrl":"https:\/\/www.info-algerie.com\/actualites\/wp-content\/uploads\/2017\/06\/fff398ebdc35e2c9acdc755b6a6fe269_S-1.jpg","datePublished":"2017-06-10T13:11:12+00:00","breadcrumb":{"@id":"https:\/\/www.info-algerie.com\/actualites\/messahel-prend-part-a-abuja-a-la-16eme-reunion-ministerielle-afrique-pays-nordiques\/#breadcrumb"},"inLanguage":"fr-FR","potentialAction":[{"@type":"ReadAction","target":["https:\/\/www.info-algerie.com\/actualites\/messahel-prend-part-a-abuja-a-la-16eme-reunion-ministerielle-afrique-pays-nordiques\/"]}]},{"@type":"ImageObject","inLanguage":"fr-FR","@id":"https:\/\/www.info-algerie.com\/actualites\/messahel-prend-part-a-abuja-a-la-16eme-reunion-ministerielle-afrique-pays-nordiques\/#primaryimage","url":"https:\/\/www.info-algerie.com\/actualites\/wp-content\/uploads\/2017\/06\/fff398ebdc35e2c9acdc755b6a6fe269_S-1.jpg","contentUrl":"https:\/\/www.info-algerie.com\/actualites\/wp-content\/uploads\/2017\/06\/fff398ebdc35e2c9acdc755b6a6fe269_S-1.jpg","width":280,"height":187},{"@type":"BreadcrumbList","@id":"https:\/\/www.info-algerie.com\/actualites\/messahel-prend-part-a-abuja-a-la-16eme-reunion-ministerielle-afrique-pays-nordiques\/#breadcrumb","itemListElement":[{"@type":"ListItem","position":1,"name":"Accueil","item":"https:\/\/www.info-algerie.com\/actualites\/"},{"@type":"ListItem","position":2,"name":"Messahel prend part \u00e0 Abuja \u00e0 la 16\u00e8me r\u00e9union minist\u00e9rielle Afrique-Pays nordiques"}]},{"@type":"WebSite","@id":"https:\/\/www.info-algerie.com\/actualites\/#website","url":"https:\/\/www.info-algerie.com\/actualites\/","name":"info algerie","description":"Toutes les actualit\u00e9s","publisher":{"@id":"https:\/\/www.info-algerie.com\/actualites\/#organization"},"potentialAction":[{"@type":"SearchAction","target":{"@type":"EntryPoint","urlTemplate":"https:\/\/www.info-algerie.com\/actualites\/?s={search_term_string}"},"query-input":{"@type":"PropertyValueSpecification","valueRequired":true,"valueName":"search_term_string"}}],"inLanguage":"fr-FR"},{"@type":"Organization","@id":"https:\/\/www.info-algerie.com\/actualites\/#organization","name":"info algerie","url":"https:\/\/www.info-algerie.com\/actualites\/","logo":{"@type":"ImageObject","inLanguage":"fr-FR","@id":"https:\/\/www.info-algerie.com\/actualites\/#\/schema\/logo\/image\/","url":"https:\/\/www.info-algerie.com\/actualites\/wp-content\/uploads\/2022\/07\/logo-ia-120.png","contentUrl":"https:\/\/www.info-algerie.com\/actualites\/wp-content\/uploads\/2022\/07\/logo-ia-120.png","width":120,"height":43,"caption":"info algerie"},"image":{"@id":"https:\/\/www.info-algerie.com\/actualites\/#\/schema\/logo\/image\/"},"sameAs":["https:\/\/www.facebook.com\/infoalgerieactu","https:\/\/x.com\/infoalgerie1"]},{"@type":"Person","@id":"https:\/\/www.info-algerie.com\/actualites\/#\/schema\/person\/847aaec44920825b843a08f30ec6aa1e","name":"La r\u00e9daction","image":{"@type":"ImageObject","inLanguage":"fr-FR","@id":"https:\/\/secure.gravatar.com\/avatar\/769db425c6f465158149f1ffd6cf61ce7a8a879d11dfbef8288af36dfddd418c?s=96&d=mm&r=g","url":"https:\/\/secure.gravatar.com\/avatar\/769db425c6f465158149f1ffd6cf61ce7a8a879d11dfbef8288af36dfddd418c?s=96&d=mm&r=g","contentUrl":"https:\/\/secure.gravatar.com\/avatar\/769db425c6f465158149f1ffd6cf61ce7a8a879d11dfbef8288af36dfddd418c?s=96&d=mm&r=g","caption":"La r\u00e9daction"},"sameAs":["http:\/\/www.lkeria.com\/"],"url":"https:\/\/www.info-algerie.com\/actualites\/author\/chakib32\/"}]}},"_links":{"self":[{"href":"https:\/\/www.info-algerie.com\/actualites\/wp-json\/wp\/v2\/posts\/13037","targetHints":{"allow":["GET"]}}],"collection":[{"href":"https:\/\/www.info-algerie.com\/actualites\/wp-json\/wp\/v2\/posts"}],"about":[{"href":"https:\/\/www.info-algerie.com\/actualites\/wp-json\/wp\/v2\/types\/post"}],"author":[{"embeddable":true,"href":"https:\/\/www.info-algerie.com\/actualites\/wp-json\/wp\/v2\/users\/6"}],"replies":[{"embeddable":true,"href":"https:\/\/www.info-algerie.com\/actualites\/wp-json\/wp\/v2\/comments?post=13037"}],"version-history":[{"count":0,"href":"https:\/\/www.info-algerie.com\/actualites\/wp-json\/wp\/v2\/posts\/13037\/revisions"}],"wp:featuredmedia":[{"embeddable":true,"href":"https:\/\/www.info-algerie.com\/actualites\/wp-json\/wp\/v2\/media\/13038"}],"wp:attachment":[{"href":"https:\/\/www.info-algerie.com\/actualites\/wp-json\/wp\/v2\/media?parent=13037"}],"wp:term":[{"taxonomy":"category","embeddable":true,"href":"https:\/\/www.info-algerie.com\/actualites\/wp-json\/wp\/v2\/categories?post=13037"},{"taxonomy":"post_tag","embeddable":true,"href":"https:\/\/www.info-algerie.com\/actualites\/wp-json\/wp\/v2\/tags?post=13037"}],"curies":[{"name":"wp","href":"https:\/\/api.w.org\/{rel}","templated":true}]}}