{"id":13047,"date":"2017-06-10T16:07:51","date_gmt":"2017-06-10T15:07:51","guid":{"rendered":"http:\/\/www.info-algerie.com\/actualites\/messahel-releve-a-abuja-les-avancees-de-lalgerie-dans-la-promotion-des-droits-de-lhomme-et-legalite-du-genre\/"},"modified":"2017-06-10T16:07:51","modified_gmt":"2017-06-10T15:07:51","slug":"messahel-releve-a-abuja-les-avancees-de-lalgerie-dans-la-promotion-des-droits-de-lhomme-et-legalite-du-genre","status":"publish","type":"post","link":"https:\/\/www.info-algerie.com\/actualites\/messahel-releve-a-abuja-les-avancees-de-lalgerie-dans-la-promotion-des-droits-de-lhomme-et-legalite-du-genre\/","title":{"rendered":"Messahel rel\u00e8ve \u00e0 Abuja les avanc\u00e9es de l&#039;Alg\u00e9rie dans la promotion des\u00a0 droits de l&#039;Homme et l&#039;\u00e9galit\u00e9 du genre\u00a0"},"content":{"rendered":"<div class=\"K2FeedImage\"><img decoding=\"async\" src=\"https:\/\/www.info-algerie.com\/actualites\/wp-content\/uploads\/2017\/06\/9d99f92df7752a777638c601599b1333_S.jpg\" alt=\"Messahel rel&#xE8;ve &#xE0; Abuja les avanc&#xE9;es de l'Alg&#xE9;rie dans la promotion des&#xA0; droits de l'Homme et l'&#xE9;galit&#xE9; du genre&#xA0;\" \/><\/div>\n<div class=\"K2FeedIntroText\">\n<p class=\"MsoNoSpacing\">ABUJA- Le ministre des Affaires \u00e9trang\u00e8res, Abdelkader Messahel, a mis en exergue, samedi \u00e0 Abuja, les avanc\u00e9es r\u00e9alis\u00e9es par\u00a0 l&rsquo;Alg\u00e9rie en mati\u00e8re de promotion des droits de l&rsquo;Homme et de l&rsquo;\u00e9galit\u00e9 du genre.<\/p>\n<p>&#013;\n<\/p><\/div>\n<div class=\"K2FeedFullText\">&#013;<\/p>\n<p>Intervenant dans le cadre des <a href=\"http:\/\/www.aps.dz\/algerie\/58725-messahel-prend-part-a-abuja-a-la-16eme-reunion-ministerielle-afrique-pays-nordiques\"><strong>travaux de la 16\u00e8me r\u00e9union minist\u00e9rielle Afrique-Pays nordiques<\/strong><\/a> qui se tient dans la capitale nig\u00e9riane, M. Messahel\u00a0 a soulign\u00e9 que \u00ab\u00a0l&rsquo;Alg\u00e9rie qui a plac\u00e9 la dignit\u00e9 de l&rsquo;homme au coeur de son combat lib\u00e9rateur, ne peut rester insensible aux aspirations l\u00e9gitimes de \u00a0ses citoyens\u00a0\u00bb, relevant, \u00e0 cet \u00e9gard, que \u00ab\u00a0des efforts louables ont \u00e9t\u00e9 d\u00e9ploy\u00e9s pour permettre \u00e0 la femme d&rsquo;assumer dignement le r\u00f4le qui est le sien dans la soci\u00e9t\u00e9\u00a0\u00bb.<\/p>\n<p>&#013;<\/p>\n<p>Le ministre a soulign\u00e9, \u00e9galement, que \u00ab\u00a0les r\u00e9formes politiques et institutionnelles initi\u00e9es par le pr\u00e9sident de la R\u00e9publique, Abdelaziz Bouteflika, depuis 2011, ont largement consolid\u00e9 de tels efforts en leur donnant un contenu concret \u00e0 la mesure des aspirations de la femme alg\u00e9rienne\u00a0\u00bb.<\/p>\n<p>&#013;<\/p>\n<p>Il a fait remarquer, \u00e0 ce propos, que la Constitution de 2016 \u00ab\u00a0souligne avec force l&rsquo;attachement de l&rsquo;Etat \u00e0 la promotion de la parit\u00e9 entre les hommes et les femmes sur le march\u00e9 de l&#8217;emploi et \u00e0 l&rsquo;acc\u00e8s des femmes aux\u00a0 responsabilit\u00e9s dans les institutions et administrations publiques\u00a0\u00bb.\u00a0<\/p>\n<p>&#013;<\/p>\n<p>Le ministre a cit\u00e9 \u00e9galement la loi organique 12-03, adopt\u00e9e en 2012, qui fixe les modalit\u00e9s de repr\u00e9sentation des femmes dans les Assembl\u00e9es \u00e9lues, rappelant que ce texte a permis \u00ab\u00a0une entr\u00e9e en force des femmes dans les Assembl\u00e9es \u00e9lues, et en particulier \u00e0 l&rsquo;Assembl\u00e9e populaire nationale, au sein de laquelle la femme occupe actuellement 126 si\u00e8ges\u00a0\u00bb.<\/p>\n<p>&#013;<\/p>\n<p>Cette repr\u00e9sentation, a-t-il rappel\u00e9, \u00ab\u00a0\u00e9tait encore plus \u00e9lev\u00e9e dans la pr\u00e9c\u00e9dente l\u00e9gislature, avec 146 femmes d\u00e9put\u00e9s sur les 462 que comprend la chambre basse du Parlement, avec un taux d\u00e9passant 31% alors que ce m\u00eame taux n\u2019\u00e9tait que de 8% en 2007\u00a0\u00bb.<\/p>\n<p>&#013;<\/p>\n<p>Pour leur part, les ministres africains participants ont rappel\u00e9 \u00ab\u00a0les progr\u00e8s r\u00e9alis\u00e9s par l&rsquo;Afrique en mati\u00e8re d&rsquo;autonomisation de la femme, illustr\u00e9s par l&rsquo;insertion en bonne place des questions d&rsquo;\u00e9galit\u00e9 du genre et de promotion des droits de l&rsquo;Homme dans le cadre de l&rsquo;Agenda 2063, qui \u00a0pose les jalons d&rsquo;un d\u00e9veloppement coh\u00e9rents et inclusifs du continent africain\u00a0\u00bb.<\/p>\n<p>&#013;<\/p>\n<p>\u00a0<\/p>\n<p>&#013;<\/p>\n<p>A cette occasion, les ministres \u00ab\u00a0se sont accord\u00e9s \u00e0 renforcer davantage la\u00a0 coop\u00e9ration dans ce domaine\u00a0\u00bb.<\/p>\n<\/div>\n<p>&#013;<br \/>\nSource: <a href=\"http:\/\/www.aps.dz\/algerie\/58734-messahel-releve-a-abuja-les-avancees-de-l-algerie-dans-la-promotion-des-droits-de-l-homme-et-l-egalite-du-genre\" target=\"_blank\">Messahel rel\u00e8ve \u00e0 Abuja les avanc\u00e9es de l&rsquo;Alg\u00e9rie dans la promotion des\u00a0 droits de l&rsquo;Homme et l&rsquo;\u00e9galit\u00e9 du genre\u00a0<\/a><\/p>\n<!--CusAds0-->\n<div style=\"font-size: 0px; height: 0px; line-height: 0px; margin: 0; padding: 0; clear: both;\"><\/div>","protected":false},"excerpt":{"rendered":"<p>ABUJA- Le ministre des Affaires \u00e9trang\u00e8res, Abdelkader Messahel, a mis en exergue, samedi \u00e0 Abuja, les avanc\u00e9es r\u00e9alis\u00e9es par\u00a0 l&rsquo;Alg\u00e9rie en mati\u00e8re de promotion des droits de l&rsquo;Homme et de l&rsquo;\u00e9galit\u00e9 du genre. &#013; &#013; Intervenant dans le cadre des travaux de la 16\u00e8me r\u00e9union minist\u00e9rielle Afrique-Pays nordiques qui se tient dans la capitale nig\u00e9riane,<\/p>\n","protected":false},"author":6,"featured_media":13048,"comment_status":"open","ping_status":"open","sticky":false,"template":"","format":"standard","meta":{"footnotes":""},"categories":[22],"tags":[93],"class_list":["post-13047","post","type-post","status-publish","format-standard","has-post-thumbnail","hentry","category-infos","tag-onu"],"yoast_head":"<!-- This site is optimized with the Yoast SEO plugin v27.5 - https:\/\/yoast.com\/product\/yoast-seo-wordpress\/ -->\n<title>Messahel rel\u00e8ve \u00e0 Abuja les avanc\u00e9es de l&#039;Alg\u00e9rie dans la promotion des\u00a0 droits de l&#039;Homme et l&#039;\u00e9galit\u00e9 du genre\u00a0 - info algerie<\/title>\n<meta name=\"robots\" content=\"index, follow, max-snippet:-1, max-image-preview:large, max-video-preview:-1\" \/>\n<link rel=\"canonical\" href=\"https:\/\/www.info-algerie.com\/actualites\/messahel-releve-a-abuja-les-avancees-de-lalgerie-dans-la-promotion-des-droits-de-lhomme-et-legalite-du-genre\/\" \/>\n<meta property=\"og:locale\" content=\"fr_FR\" \/>\n<meta property=\"og:type\" content=\"article\" \/>\n<meta property=\"og:title\" content=\"Messahel rel\u00e8ve \u00e0 Abuja les avanc\u00e9es de l&#039;Alg\u00e9rie dans la promotion des\u00a0 droits de l&#039;Homme et l&#039;\u00e9galit\u00e9 du genre\u00a0 - info algerie\" \/>\n<meta property=\"og:description\" content=\"ABUJA- Le ministre des Affaires \u00e9trang\u00e8res, Abdelkader Messahel, a mis en exergue, samedi \u00e0 Abuja, les avanc\u00e9es r\u00e9alis\u00e9es par\u00a0 l&rsquo;Alg\u00e9rie en mati\u00e8re de promotion des droits de l&rsquo;Homme et de l&rsquo;\u00e9galit\u00e9 du genre. &#013; &#013; Intervenant dans le cadre des travaux de la 16\u00e8me r\u00e9union minist\u00e9rielle Afrique-Pays nordiques qui se tient dans la capitale nig\u00e9riane,\" \/>\n<meta property=\"og:url\" content=\"https:\/\/www.info-algerie.com\/actualites\/messahel-releve-a-abuja-les-avancees-de-lalgerie-dans-la-promotion-des-droits-de-lhomme-et-legalite-du-genre\/\" \/>\n<meta property=\"og:site_name\" content=\"info algerie\" \/>\n<meta property=\"article:publisher\" content=\"https:\/\/www.facebook.com\/infoalgerieactu\" \/>\n<meta property=\"article:published_time\" content=\"2017-06-10T15:07:51+00:00\" \/>\n<meta property=\"og:image\" content=\"https:\/\/www.info-algerie.com\/actualites\/wp-content\/uploads\/2017\/06\/9d99f92df7752a777638c601599b1333_S-1.jpg\" \/>\n\t<meta property=\"og:image:width\" content=\"280\" \/>\n\t<meta property=\"og:image:height\" content=\"157\" \/>\n\t<meta property=\"og:image:type\" content=\"image\/jpeg\" \/>\n<meta name=\"author\" content=\"La r\u00e9daction\" \/>\n<meta name=\"twitter:label1\" content=\"\u00c9crit par\" \/>\n\t<meta name=\"twitter:data1\" content=\"La r\u00e9daction\" \/>\n\t<meta name=\"twitter:label2\" content=\"Dur\u00e9e de lecture estim\u00e9e\" \/>\n\t<meta name=\"twitter:data2\" content=\"2 minutes\" \/>\n<script type=\"application\/ld+json\" class=\"yoast-schema-graph\">{\"@context\":\"https:\\\/\\\/schema.org\",\"@graph\":[{\"@type\":\"Article\",\"@id\":\"https:\\\/\\\/www.info-algerie.com\\\/actualites\\\/messahel-releve-a-abuja-les-avancees-de-lalgerie-dans-la-promotion-des-droits-de-lhomme-et-legalite-du-genre\\\/#article\",\"isPartOf\":{\"@id\":\"https:\\\/\\\/www.info-algerie.com\\\/actualites\\\/messahel-releve-a-abuja-les-avancees-de-lalgerie-dans-la-promotion-des-droits-de-lhomme-et-legalite-du-genre\\\/\"},\"author\":{\"name\":\"La r\u00e9daction\",\"@id\":\"https:\\\/\\\/www.info-algerie.com\\\/actualites\\\/#\\\/schema\\\/person\\\/847aaec44920825b843a08f30ec6aa1e\"},\"headline\":\"Messahel rel\u00e8ve \u00e0 Abuja les avanc\u00e9es de l&#039;Alg\u00e9rie dans la promotion des\u00a0 droits de l&#039;Homme et l&#039;\u00e9galit\u00e9 du genre\u00a0\",\"datePublished\":\"2017-06-10T15:07:51+00:00\",\"mainEntityOfPage\":{\"@id\":\"https:\\\/\\\/www.info-algerie.com\\\/actualites\\\/messahel-releve-a-abuja-les-avancees-de-lalgerie-dans-la-promotion-des-droits-de-lhomme-et-legalite-du-genre\\\/\"},\"wordCount\":469,\"commentCount\":0,\"publisher\":{\"@id\":\"https:\\\/\\\/www.info-algerie.com\\\/actualites\\\/#organization\"},\"image\":{\"@id\":\"https:\\\/\\\/www.info-algerie.com\\\/actualites\\\/messahel-releve-a-abuja-les-avancees-de-lalgerie-dans-la-promotion-des-droits-de-lhomme-et-legalite-du-genre\\\/#primaryimage\"},\"thumbnailUrl\":\"https:\\\/\\\/www.info-algerie.com\\\/actualites\\\/wp-content\\\/uploads\\\/2017\\\/06\\\/9d99f92df7752a777638c601599b1333_S-1.jpg\",\"keywords\":[\"ONU\"],\"articleSection\":[\"infos\"],\"inLanguage\":\"fr-FR\",\"potentialAction\":[{\"@type\":\"CommentAction\",\"name\":\"Comment\",\"target\":[\"https:\\\/\\\/www.info-algerie.com\\\/actualites\\\/messahel-releve-a-abuja-les-avancees-de-lalgerie-dans-la-promotion-des-droits-de-lhomme-et-legalite-du-genre\\\/#respond\"]}]},{\"@type\":\"WebPage\",\"@id\":\"https:\\\/\\\/www.info-algerie.com\\\/actualites\\\/messahel-releve-a-abuja-les-avancees-de-lalgerie-dans-la-promotion-des-droits-de-lhomme-et-legalite-du-genre\\\/\",\"url\":\"https:\\\/\\\/www.info-algerie.com\\\/actualites\\\/messahel-releve-a-abuja-les-avancees-de-lalgerie-dans-la-promotion-des-droits-de-lhomme-et-legalite-du-genre\\\/\",\"name\":\"Messahel rel\u00e8ve \u00e0 Abuja les avanc\u00e9es de l&#039;Alg\u00e9rie dans la promotion des\u00a0 droits de l&#039;Homme et l&#039;\u00e9galit\u00e9 du genre\u00a0 - info algerie\",\"isPartOf\":{\"@id\":\"https:\\\/\\\/www.info-algerie.com\\\/actualites\\\/#website\"},\"primaryImageOfPage\":{\"@id\":\"https:\\\/\\\/www.info-algerie.com\\\/actualites\\\/messahel-releve-a-abuja-les-avancees-de-lalgerie-dans-la-promotion-des-droits-de-lhomme-et-legalite-du-genre\\\/#primaryimage\"},\"image\":{\"@id\":\"https:\\\/\\\/www.info-algerie.com\\\/actualites\\\/messahel-releve-a-abuja-les-avancees-de-lalgerie-dans-la-promotion-des-droits-de-lhomme-et-legalite-du-genre\\\/#primaryimage\"},\"thumbnailUrl\":\"https:\\\/\\\/www.info-algerie.com\\\/actualites\\\/wp-content\\\/uploads\\\/2017\\\/06\\\/9d99f92df7752a777638c601599b1333_S-1.jpg\",\"datePublished\":\"2017-06-10T15:07:51+00:00\",\"breadcrumb\":{\"@id\":\"https:\\\/\\\/www.info-algerie.com\\\/actualites\\\/messahel-releve-a-abuja-les-avancees-de-lalgerie-dans-la-promotion-des-droits-de-lhomme-et-legalite-du-genre\\\/#breadcrumb\"},\"inLanguage\":\"fr-FR\",\"potentialAction\":[{\"@type\":\"ReadAction\",\"target\":[\"https:\\\/\\\/www.info-algerie.com\\\/actualites\\\/messahel-releve-a-abuja-les-avancees-de-lalgerie-dans-la-promotion-des-droits-de-lhomme-et-legalite-du-genre\\\/\"]}]},{\"@type\":\"ImageObject\",\"inLanguage\":\"fr-FR\",\"@id\":\"https:\\\/\\\/www.info-algerie.com\\\/actualites\\\/messahel-releve-a-abuja-les-avancees-de-lalgerie-dans-la-promotion-des-droits-de-lhomme-et-legalite-du-genre\\\/#primaryimage\",\"url\":\"https:\\\/\\\/www.info-algerie.com\\\/actualites\\\/wp-content\\\/uploads\\\/2017\\\/06\\\/9d99f92df7752a777638c601599b1333_S-1.jpg\",\"contentUrl\":\"https:\\\/\\\/www.info-algerie.com\\\/actualites\\\/wp-content\\\/uploads\\\/2017\\\/06\\\/9d99f92df7752a777638c601599b1333_S-1.jpg\",\"width\":280,\"height\":157},{\"@type\":\"BreadcrumbList\",\"@id\":\"https:\\\/\\\/www.info-algerie.com\\\/actualites\\\/messahel-releve-a-abuja-les-avancees-de-lalgerie-dans-la-promotion-des-droits-de-lhomme-et-legalite-du-genre\\\/#breadcrumb\",\"itemListElement\":[{\"@type\":\"ListItem\",\"position\":1,\"name\":\"Accueil\",\"item\":\"https:\\\/\\\/www.info-algerie.com\\\/actualites\\\/\"},{\"@type\":\"ListItem\",\"position\":2,\"name\":\"Messahel rel\u00e8ve \u00e0 Abuja les avanc\u00e9es de l&#039;Alg\u00e9rie dans la promotion des\u00a0 droits de l&#039;Homme et l&#039;\u00e9galit\u00e9 du genre\u00a0\"}]},{\"@type\":\"WebSite\",\"@id\":\"https:\\\/\\\/www.info-algerie.com\\\/actualites\\\/#website\",\"url\":\"https:\\\/\\\/www.info-algerie.com\\\/actualites\\\/\",\"name\":\"info algerie\",\"description\":\"Toutes les actualit\u00e9s\",\"publisher\":{\"@id\":\"https:\\\/\\\/www.info-algerie.com\\\/actualites\\\/#organization\"},\"potentialAction\":[{\"@type\":\"SearchAction\",\"target\":{\"@type\":\"EntryPoint\",\"urlTemplate\":\"https:\\\/\\\/www.info-algerie.com\\\/actualites\\\/?s={search_term_string}\"},\"query-input\":{\"@type\":\"PropertyValueSpecification\",\"valueRequired\":true,\"valueName\":\"search_term_string\"}}],\"inLanguage\":\"fr-FR\"},{\"@type\":\"Organization\",\"@id\":\"https:\\\/\\\/www.info-algerie.com\\\/actualites\\\/#organization\",\"name\":\"info algerie\",\"url\":\"https:\\\/\\\/www.info-algerie.com\\\/actualites\\\/\",\"logo\":{\"@type\":\"ImageObject\",\"inLanguage\":\"fr-FR\",\"@id\":\"https:\\\/\\\/www.info-algerie.com\\\/actualites\\\/#\\\/schema\\\/logo\\\/image\\\/\",\"url\":\"https:\\\/\\\/www.info-algerie.com\\\/actualites\\\/wp-content\\\/uploads\\\/2022\\\/07\\\/logo-ia-120.png\",\"contentUrl\":\"https:\\\/\\\/www.info-algerie.com\\\/actualites\\\/wp-content\\\/uploads\\\/2022\\\/07\\\/logo-ia-120.png\",\"width\":120,\"height\":43,\"caption\":\"info algerie\"},\"image\":{\"@id\":\"https:\\\/\\\/www.info-algerie.com\\\/actualites\\\/#\\\/schema\\\/logo\\\/image\\\/\"},\"sameAs\":[\"https:\\\/\\\/www.facebook.com\\\/infoalgerieactu\",\"https:\\\/\\\/x.com\\\/infoalgerie1\"]},{\"@type\":\"Person\",\"@id\":\"https:\\\/\\\/www.info-algerie.com\\\/actualites\\\/#\\\/schema\\\/person\\\/847aaec44920825b843a08f30ec6aa1e\",\"name\":\"La r\u00e9daction\",\"image\":{\"@type\":\"ImageObject\",\"inLanguage\":\"fr-FR\",\"@id\":\"https:\\\/\\\/secure.gravatar.com\\\/avatar\\\/769db425c6f465158149f1ffd6cf61ce7a8a879d11dfbef8288af36dfddd418c?s=96&d=mm&r=g\",\"url\":\"https:\\\/\\\/secure.gravatar.com\\\/avatar\\\/769db425c6f465158149f1ffd6cf61ce7a8a879d11dfbef8288af36dfddd418c?s=96&d=mm&r=g\",\"contentUrl\":\"https:\\\/\\\/secure.gravatar.com\\\/avatar\\\/769db425c6f465158149f1ffd6cf61ce7a8a879d11dfbef8288af36dfddd418c?s=96&d=mm&r=g\",\"caption\":\"La r\u00e9daction\"},\"sameAs\":[\"http:\\\/\\\/www.lkeria.com\\\/\"],\"url\":\"https:\\\/\\\/www.info-algerie.com\\\/actualites\\\/author\\\/chakib32\\\/\"}]}<\/script>\n<!-- \/ Yoast SEO plugin. -->","yoast_head_json":{"title":"Messahel rel\u00e8ve \u00e0 Abuja les avanc\u00e9es de l&#039;Alg\u00e9rie dans la promotion des\u00a0 droits de l&#039;Homme et l&#039;\u00e9galit\u00e9 du genre\u00a0 - info algerie","robots":{"index":"index","follow":"follow","max-snippet":"max-snippet:-1","max-image-preview":"max-image-preview:large","max-video-preview":"max-video-preview:-1"},"canonical":"https:\/\/www.info-algerie.com\/actualites\/messahel-releve-a-abuja-les-avancees-de-lalgerie-dans-la-promotion-des-droits-de-lhomme-et-legalite-du-genre\/","og_locale":"fr_FR","og_type":"article","og_title":"Messahel rel\u00e8ve \u00e0 Abuja les avanc\u00e9es de l&#039;Alg\u00e9rie dans la promotion des\u00a0 droits de l&#039;Homme et l&#039;\u00e9galit\u00e9 du genre\u00a0 - info algerie","og_description":"ABUJA- Le ministre des Affaires \u00e9trang\u00e8res, Abdelkader Messahel, a mis en exergue, samedi \u00e0 Abuja, les avanc\u00e9es r\u00e9alis\u00e9es par\u00a0 l&rsquo;Alg\u00e9rie en mati\u00e8re de promotion des droits de l&rsquo;Homme et de l&rsquo;\u00e9galit\u00e9 du genre. &#013; &#013; Intervenant dans le cadre des travaux de la 16\u00e8me r\u00e9union minist\u00e9rielle Afrique-Pays nordiques qui se tient dans la capitale nig\u00e9riane,","og_url":"https:\/\/www.info-algerie.com\/actualites\/messahel-releve-a-abuja-les-avancees-de-lalgerie-dans-la-promotion-des-droits-de-lhomme-et-legalite-du-genre\/","og_site_name":"info algerie","article_publisher":"https:\/\/www.facebook.com\/infoalgerieactu","article_published_time":"2017-06-10T15:07:51+00:00","og_image":[{"width":280,"height":157,"url":"https:\/\/www.info-algerie.com\/actualites\/wp-content\/uploads\/2017\/06\/9d99f92df7752a777638c601599b1333_S-1.jpg","type":"image\/jpeg"}],"author":"La r\u00e9daction","twitter_misc":{"\u00c9crit par":"La r\u00e9daction","Dur\u00e9e de lecture estim\u00e9e":"2 minutes"},"schema":{"@context":"https:\/\/schema.org","@graph":[{"@type":"Article","@id":"https:\/\/www.info-algerie.com\/actualites\/messahel-releve-a-abuja-les-avancees-de-lalgerie-dans-la-promotion-des-droits-de-lhomme-et-legalite-du-genre\/#article","isPartOf":{"@id":"https:\/\/www.info-algerie.com\/actualites\/messahel-releve-a-abuja-les-avancees-de-lalgerie-dans-la-promotion-des-droits-de-lhomme-et-legalite-du-genre\/"},"author":{"name":"La r\u00e9daction","@id":"https:\/\/www.info-algerie.com\/actualites\/#\/schema\/person\/847aaec44920825b843a08f30ec6aa1e"},"headline":"Messahel rel\u00e8ve \u00e0 Abuja les avanc\u00e9es de l&#039;Alg\u00e9rie dans la promotion des\u00a0 droits de l&#039;Homme et l&#039;\u00e9galit\u00e9 du genre\u00a0","datePublished":"2017-06-10T15:07:51+00:00","mainEntityOfPage":{"@id":"https:\/\/www.info-algerie.com\/actualites\/messahel-releve-a-abuja-les-avancees-de-lalgerie-dans-la-promotion-des-droits-de-lhomme-et-legalite-du-genre\/"},"wordCount":469,"commentCount":0,"publisher":{"@id":"https:\/\/www.info-algerie.com\/actualites\/#organization"},"image":{"@id":"https:\/\/www.info-algerie.com\/actualites\/messahel-releve-a-abuja-les-avancees-de-lalgerie-dans-la-promotion-des-droits-de-lhomme-et-legalite-du-genre\/#primaryimage"},"thumbnailUrl":"https:\/\/www.info-algerie.com\/actualites\/wp-content\/uploads\/2017\/06\/9d99f92df7752a777638c601599b1333_S-1.jpg","keywords":["ONU"],"articleSection":["infos"],"inLanguage":"fr-FR","potentialAction":[{"@type":"CommentAction","name":"Comment","target":["https:\/\/www.info-algerie.com\/actualites\/messahel-releve-a-abuja-les-avancees-de-lalgerie-dans-la-promotion-des-droits-de-lhomme-et-legalite-du-genre\/#respond"]}]},{"@type":"WebPage","@id":"https:\/\/www.info-algerie.com\/actualites\/messahel-releve-a-abuja-les-avancees-de-lalgerie-dans-la-promotion-des-droits-de-lhomme-et-legalite-du-genre\/","url":"https:\/\/www.info-algerie.com\/actualites\/messahel-releve-a-abuja-les-avancees-de-lalgerie-dans-la-promotion-des-droits-de-lhomme-et-legalite-du-genre\/","name":"Messahel rel\u00e8ve \u00e0 Abuja les avanc\u00e9es de l&#039;Alg\u00e9rie dans la promotion des\u00a0 droits de l&#039;Homme et l&#039;\u00e9galit\u00e9 du genre\u00a0 - info algerie","isPartOf":{"@id":"https:\/\/www.info-algerie.com\/actualites\/#website"},"primaryImageOfPage":{"@id":"https:\/\/www.info-algerie.com\/actualites\/messahel-releve-a-abuja-les-avancees-de-lalgerie-dans-la-promotion-des-droits-de-lhomme-et-legalite-du-genre\/#primaryimage"},"image":{"@id":"https:\/\/www.info-algerie.com\/actualites\/messahel-releve-a-abuja-les-avancees-de-lalgerie-dans-la-promotion-des-droits-de-lhomme-et-legalite-du-genre\/#primaryimage"},"thumbnailUrl":"https:\/\/www.info-algerie.com\/actualites\/wp-content\/uploads\/2017\/06\/9d99f92df7752a777638c601599b1333_S-1.jpg","datePublished":"2017-06-10T15:07:51+00:00","breadcrumb":{"@id":"https:\/\/www.info-algerie.com\/actualites\/messahel-releve-a-abuja-les-avancees-de-lalgerie-dans-la-promotion-des-droits-de-lhomme-et-legalite-du-genre\/#breadcrumb"},"inLanguage":"fr-FR","potentialAction":[{"@type":"ReadAction","target":["https:\/\/www.info-algerie.com\/actualites\/messahel-releve-a-abuja-les-avancees-de-lalgerie-dans-la-promotion-des-droits-de-lhomme-et-legalite-du-genre\/"]}]},{"@type":"ImageObject","inLanguage":"fr-FR","@id":"https:\/\/www.info-algerie.com\/actualites\/messahel-releve-a-abuja-les-avancees-de-lalgerie-dans-la-promotion-des-droits-de-lhomme-et-legalite-du-genre\/#primaryimage","url":"https:\/\/www.info-algerie.com\/actualites\/wp-content\/uploads\/2017\/06\/9d99f92df7752a777638c601599b1333_S-1.jpg","contentUrl":"https:\/\/www.info-algerie.com\/actualites\/wp-content\/uploads\/2017\/06\/9d99f92df7752a777638c601599b1333_S-1.jpg","width":280,"height":157},{"@type":"BreadcrumbList","@id":"https:\/\/www.info-algerie.com\/actualites\/messahel-releve-a-abuja-les-avancees-de-lalgerie-dans-la-promotion-des-droits-de-lhomme-et-legalite-du-genre\/#breadcrumb","itemListElement":[{"@type":"ListItem","position":1,"name":"Accueil","item":"https:\/\/www.info-algerie.com\/actualites\/"},{"@type":"ListItem","position":2,"name":"Messahel rel\u00e8ve \u00e0 Abuja les avanc\u00e9es de l&#039;Alg\u00e9rie dans la promotion des\u00a0 droits de l&#039;Homme et l&#039;\u00e9galit\u00e9 du genre\u00a0"}]},{"@type":"WebSite","@id":"https:\/\/www.info-algerie.com\/actualites\/#website","url":"https:\/\/www.info-algerie.com\/actualites\/","name":"info algerie","description":"Toutes les actualit\u00e9s","publisher":{"@id":"https:\/\/www.info-algerie.com\/actualites\/#organization"},"potentialAction":[{"@type":"SearchAction","target":{"@type":"EntryPoint","urlTemplate":"https:\/\/www.info-algerie.com\/actualites\/?s={search_term_string}"},"query-input":{"@type":"PropertyValueSpecification","valueRequired":true,"valueName":"search_term_string"}}],"inLanguage":"fr-FR"},{"@type":"Organization","@id":"https:\/\/www.info-algerie.com\/actualites\/#organization","name":"info algerie","url":"https:\/\/www.info-algerie.com\/actualites\/","logo":{"@type":"ImageObject","inLanguage":"fr-FR","@id":"https:\/\/www.info-algerie.com\/actualites\/#\/schema\/logo\/image\/","url":"https:\/\/www.info-algerie.com\/actualites\/wp-content\/uploads\/2022\/07\/logo-ia-120.png","contentUrl":"https:\/\/www.info-algerie.com\/actualites\/wp-content\/uploads\/2022\/07\/logo-ia-120.png","width":120,"height":43,"caption":"info algerie"},"image":{"@id":"https:\/\/www.info-algerie.com\/actualites\/#\/schema\/logo\/image\/"},"sameAs":["https:\/\/www.facebook.com\/infoalgerieactu","https:\/\/x.com\/infoalgerie1"]},{"@type":"Person","@id":"https:\/\/www.info-algerie.com\/actualites\/#\/schema\/person\/847aaec44920825b843a08f30ec6aa1e","name":"La r\u00e9daction","image":{"@type":"ImageObject","inLanguage":"fr-FR","@id":"https:\/\/secure.gravatar.com\/avatar\/769db425c6f465158149f1ffd6cf61ce7a8a879d11dfbef8288af36dfddd418c?s=96&d=mm&r=g","url":"https:\/\/secure.gravatar.com\/avatar\/769db425c6f465158149f1ffd6cf61ce7a8a879d11dfbef8288af36dfddd418c?s=96&d=mm&r=g","contentUrl":"https:\/\/secure.gravatar.com\/avatar\/769db425c6f465158149f1ffd6cf61ce7a8a879d11dfbef8288af36dfddd418c?s=96&d=mm&r=g","caption":"La r\u00e9daction"},"sameAs":["http:\/\/www.lkeria.com\/"],"url":"https:\/\/www.info-algerie.com\/actualites\/author\/chakib32\/"}]}},"_links":{"self":[{"href":"https:\/\/www.info-algerie.com\/actualites\/wp-json\/wp\/v2\/posts\/13047","targetHints":{"allow":["GET"]}}],"collection":[{"href":"https:\/\/www.info-algerie.com\/actualites\/wp-json\/wp\/v2\/posts"}],"about":[{"href":"https:\/\/www.info-algerie.com\/actualites\/wp-json\/wp\/v2\/types\/post"}],"author":[{"embeddable":true,"href":"https:\/\/www.info-algerie.com\/actualites\/wp-json\/wp\/v2\/users\/6"}],"replies":[{"embeddable":true,"href":"https:\/\/www.info-algerie.com\/actualites\/wp-json\/wp\/v2\/comments?post=13047"}],"version-history":[{"count":0,"href":"https:\/\/www.info-algerie.com\/actualites\/wp-json\/wp\/v2\/posts\/13047\/revisions"}],"wp:featuredmedia":[{"embeddable":true,"href":"https:\/\/www.info-algerie.com\/actualites\/wp-json\/wp\/v2\/media\/13048"}],"wp:attachment":[{"href":"https:\/\/www.info-algerie.com\/actualites\/wp-json\/wp\/v2\/media?parent=13047"}],"wp:term":[{"taxonomy":"category","embeddable":true,"href":"https:\/\/www.info-algerie.com\/actualites\/wp-json\/wp\/v2\/categories?post=13047"},{"taxonomy":"post_tag","embeddable":true,"href":"https:\/\/www.info-algerie.com\/actualites\/wp-json\/wp\/v2\/tags?post=13047"}],"curies":[{"name":"wp","href":"https:\/\/api.w.org\/{rel}","templated":true}]}}