{"id":13050,"date":"2017-06-10T15:43:54","date_gmt":"2017-06-10T14:43:54","guid":{"rendered":"http:\/\/www.info-algerie.com\/actualites\/reunion-afrique-pays-nordiques-messahel-expose-a-abuja-la-vision-de-lalgerie-sur-les-questions-de-paix-et-de-securite\/"},"modified":"2017-06-10T15:43:54","modified_gmt":"2017-06-10T14:43:54","slug":"reunion-afrique-pays-nordiques-messahel-expose-a-abuja-la-vision-de-lalgerie-sur-les-questions-de-paix-et-de-securite","status":"publish","type":"post","link":"https:\/\/www.info-algerie.com\/actualites\/reunion-afrique-pays-nordiques-messahel-expose-a-abuja-la-vision-de-lalgerie-sur-les-questions-de-paix-et-de-securite\/","title":{"rendered":"R\u00e9union Afrique-pays nordiques: Messahel expose \u00e0 Abuja la vision de l&#039;Alg\u00e9rie sur les questions de paix et de s\u00e9curit\u00e9"},"content":{"rendered":"<div class=\"K2FeedImage\"><img decoding=\"async\" src=\"https:\/\/www.info-algerie.com\/actualites\/wp-content\/uploads\/2017\/06\/9692b1e587e92b8aa1c60388ea6c361c_S.jpg\" alt=\"R&#xE9;union Afrique-pays nordiques: Messahel expose &#xE0; Abuja la vision de l'Alg&#xE9;rie sur les questions de paix et de s&#xE9;curit&#xE9;\" \/><\/div>\n<div class=\"K2FeedIntroText\">\n<p class=\"MsoNoSpacing\">ABUJA- Le ministre des Affaires \u00e9trang\u00e8res, Abdelkader \u00a0Messahel, a\u00a0 expos\u00e9, samedi \u00e0 Abuja, la vision de l&rsquo;Alg\u00e9rie sur les\u00a0 questions de paix et de s\u00e9curit\u00e9 et marqu\u00e9 sa disponibilit\u00e9 \u00e0 partager son\u00a0 exp\u00e9rience en mati\u00e8re de lutte antiterroriste, de d\u00e9radicalisation et de\u00a0 r\u00e9conciliation nationale.<\/p>\n<p>&#013;\n<\/p><\/div>\n<div class=\"K2FeedFullText\">&#013;<\/p>\n<p class=\"MsoNoSpacing\">Intervenant aux<a href=\"http:\/\/www.aps.dz\/algerie\/58725-messahel-prend-part-a-abuja-a-la-16eme-reunion-ministerielle-afrique-pays-nordiques\"><strong> travaux de la 16\u00e8me r\u00e9union minist\u00e9rielle Afrique-Pays nordiques<\/strong><\/a>, M. Messahel a expos\u00e9 le point de vue de l&rsquo;Alg\u00e9rie quant aux probl\u00e8mes de paix et de s\u00e9curit\u00e9 que connait le continent africain.<\/p>\n<p>&#013;<\/p>\n<p class=\"MsoNoSpacing\">Dans son intervention, il a mis en exergue l&rsquo;exp\u00e9rience alg\u00e9rienne en mati\u00e8re de lutte contre le terrorisme et l&rsquo;extr\u00e9misme violent, rappelant que l&rsquo;Alg\u00e9rie \u00ab\u00a0qui a longtemps souffert de ces fl\u00e9aux, a su, gr\u00e2ce \u00e0 une strat\u00e9gie incluant tous les acteurs nationaux et sous l&rsquo;impulsion du pr\u00e9sident de la R\u00e9publique, r\u00e9aliser d&rsquo;importants succ\u00e8s dans la d\u00e9radicalisation et conforter sa d\u00e9mocratie en tant qu&rsquo;antidote au discours radical qui produit et nourrit l&rsquo;extr\u00e9misme violent, comme elle a fait\u00a0 \u00e9galement de la r\u00e9conciliation nationale l&rsquo;un des piliers majeurs de sa\u00a0 politique de sortie de crise et de consolidation institutionnelle, vecteur essentiel \u00e0 m\u00eame d&rsquo;assurer, dans une Alg\u00e9rie apais\u00e9e, les conditions optimales du d\u00e9veloppement et de la paix sociale\u00a0\u00bb.<\/p>\n<p>&#013;<\/p>\n<p class=\"MsoNoSpacing\">Le ministre a, en outre, soulign\u00e9 que \u00ab\u00a0l&rsquo;Alg\u00e9rie, forte de ces succ\u00e8s qui\u00a0 lui ont permis de retrouver sa stabilit\u00e9, vecteur essentiel pour le d\u00e9veloppement et le renforcement de la coh\u00e9sion nationale, est pr\u00eate \u00e0 partager son exp\u00e9rience avec tout pays confront\u00e9 \u00e0 ces menaces et qui se trouve \u00e0 la recherche de solutions pour sortir du cycle violent de la terreur\u00a0\u00bb.<\/p>\n<p>&#013;<\/p>\n<p class=\"MsoNoSpacing\">En ce qui concerne l&rsquo;Afrique, il a relev\u00e9 \u00ab\u00a0les avanc\u00e9es notables enregistr\u00e9es par le continent dans le cadre de la mise en oeuvre de son vaste programme de d\u00e9veloppement durable, r\u00e9alisant ainsi des progr\u00e8s ind\u00e9niables au plan de la consolidation institutionnelle, de la bonne gouvernance politique et \u00e9conomique et du respect des droits de l&rsquo;homme\u00a0\u00bb.<\/p>\n<p>&#013;<\/p>\n<p class=\"MsoNoSpacing\">M. Messahel a \u00e9galement soulign\u00e9 que \u00ab\u00a0l&rsquo;Afrique continue, malgr\u00e9 ces acquis importants, \u00e0 faire face \u00e0 des d\u00e9fis s\u00e9curitaires qui entravent son \u00e9mergence et compromettent ses projets ambitieux de d\u00e9veloppement\u00a0\u00bb.<\/p>\n<p>&#013;<\/p>\n<p class=\"MsoNoSpacing\">A ce titre, il a rappel\u00e9 \u00ab\u00a0la situation s\u00e9curitaire fragile qui pr\u00e9vaut dans la zone sah\u00e9lo-saharienne et ses implications graves sur la stabilit\u00e9 de toute la r\u00e9gion, notamment les crises que connaissent le Mali et la Libye, ainsi que l&rsquo;impasse marquant le processus au Sahara occidental\u00a0\u00bb, de m\u00eame, qu&rsquo;il a mis un accent particulier sur la menace persistante du terrorisme qui s\u00e9vit dans cette r\u00e9gion avec des risques d&rsquo;extension au reste du continent et une corr\u00e9lation av\u00e9r\u00e9s avec le crime transfrontalier organis\u00e9, notamment le trafic de drogues, d&rsquo;armes et de personnes.<\/p>\n<p>&#013;<\/p>\n<p class=\"MsoNoSpacing\">\u00ab\u00a0Ces menaces sont \u00e0 l&rsquo;origine d&rsquo;un d\u00e9placement interne des populations,\u00a0 voire des flux migratoires massifs vers les pays voisins et vers l&rsquo;Europe, donnant lieu \u00e0 des crises et drames humanitaires auxquels le monde a assist\u00e9 en 2015 et en 2016 en M\u00e9diterran\u00e9\u00a0\u00bb, a ajout\u00e9 le ministre.<\/p>\n<p>&#013;<\/p>\n<p class=\"MsoNoSpacing\">M. Messahel a, en outre, soulign\u00e9 les actions r\u00e9solues de l&rsquo;Union africaine pour contribuer au r\u00e8glement des conflits et des crises qui\u00a0 secouent le continent, et les m\u00e9canismes dont elle s&rsquo;est dot\u00e9e pour r\u00e9pondre efficacement aux d\u00e9fis en mati\u00e8re de paix et de s\u00e9curit\u00e9, en particulier la Force africaine en Attente-FAA dont le processus d&rsquo;op\u00e9rationnalisation totale est en cours ainsi que l&rsquo;organe de coop\u00e9ration polici\u00e8re, AFRIPOL dont le si\u00e8ge est \u00e0 Alger.<\/p>\n<p>&#013;<\/p>\n<p class=\"MsoNoSpacing\">Il a rappel\u00e9, dans ce cadre, les efforts de l&rsquo;Alg\u00e9rie dans le cadre de la r\u00e9solution des crises et des conflits en Afrique.<\/p>\n<p>&#013;<\/p>\n<p>\u00a0<\/p>\n<p>&#013;<\/p>\n<p class=\"MsoNoSpacing\">M. Messahel a appel\u00e9, par la m\u00eame occasion, les pays nordiques \u00e0 accompagner l&rsquo;Afrique dans ses efforts de d\u00e9veloppement au service de la paix et de la stabilit\u00e9.<\/p>\n<\/div>\n<p>&#013;<br \/>\nSource: <a href=\"http:\/\/www.aps.dz\/algerie\/58733-reunion-afrique-pays-nordiques-messahel-expose-a-abuja-la-vision-de-l-algerie-sur-les-questions-de-paix-et-de-securite\" target=\"_blank\">R\u00e9union Afrique-pays nordiques: Messahel expose \u00e0 Abuja la vision de l&rsquo;Alg\u00e9rie sur les questions de paix et de s\u00e9curit\u00e9<\/a><\/p>\n<!--CusAds0-->\n<div style=\"font-size: 0px; height: 0px; line-height: 0px; margin: 0; padding: 0; clear: both;\"><\/div>","protected":false},"excerpt":{"rendered":"<p>ABUJA- Le ministre des Affaires \u00e9trang\u00e8res, Abdelkader \u00a0Messahel, a\u00a0 expos\u00e9, samedi \u00e0 Abuja, la vision de l&rsquo;Alg\u00e9rie sur les\u00a0 questions de paix et de s\u00e9curit\u00e9 et marqu\u00e9 sa disponibilit\u00e9 \u00e0 partager son\u00a0 exp\u00e9rience en mati\u00e8re de lutte antiterroriste, de d\u00e9radicalisation et de\u00a0 r\u00e9conciliation nationale. &#013; &#013; Intervenant aux travaux de la 16\u00e8me r\u00e9union minist\u00e9rielle Afrique-Pays<\/p>\n","protected":false},"author":6,"featured_media":13051,"comment_status":"open","ping_status":"open","sticky":false,"template":"","format":"standard","meta":{"footnotes":""},"categories":[22],"tags":[93],"class_list":["post-13050","post","type-post","status-publish","format-standard","has-post-thumbnail","hentry","category-infos","tag-onu"],"yoast_head":"<!-- This site is optimized with the Yoast SEO plugin v27.5 - https:\/\/yoast.com\/product\/yoast-seo-wordpress\/ -->\n<title>R\u00e9union Afrique-pays nordiques: Messahel expose \u00e0 Abuja la vision de l&#039;Alg\u00e9rie sur les questions de paix et de s\u00e9curit\u00e9 - info algerie<\/title>\n<meta name=\"robots\" content=\"index, follow, max-snippet:-1, max-image-preview:large, max-video-preview:-1\" \/>\n<link rel=\"canonical\" href=\"https:\/\/www.info-algerie.com\/actualites\/reunion-afrique-pays-nordiques-messahel-expose-a-abuja-la-vision-de-lalgerie-sur-les-questions-de-paix-et-de-securite\/\" \/>\n<meta property=\"og:locale\" content=\"fr_FR\" \/>\n<meta property=\"og:type\" content=\"article\" \/>\n<meta property=\"og:title\" content=\"R\u00e9union Afrique-pays nordiques: Messahel expose \u00e0 Abuja la vision de l&#039;Alg\u00e9rie sur les questions de paix et de s\u00e9curit\u00e9 - info algerie\" \/>\n<meta property=\"og:description\" content=\"ABUJA- Le ministre des Affaires \u00e9trang\u00e8res, Abdelkader \u00a0Messahel, a\u00a0 expos\u00e9, samedi \u00e0 Abuja, la vision de l&rsquo;Alg\u00e9rie sur les\u00a0 questions de paix et de s\u00e9curit\u00e9 et marqu\u00e9 sa disponibilit\u00e9 \u00e0 partager son\u00a0 exp\u00e9rience en mati\u00e8re de lutte antiterroriste, de d\u00e9radicalisation et de\u00a0 r\u00e9conciliation nationale. &#013; &#013; Intervenant aux travaux de la 16\u00e8me r\u00e9union minist\u00e9rielle Afrique-Pays\" \/>\n<meta property=\"og:url\" content=\"https:\/\/www.info-algerie.com\/actualites\/reunion-afrique-pays-nordiques-messahel-expose-a-abuja-la-vision-de-lalgerie-sur-les-questions-de-paix-et-de-securite\/\" \/>\n<meta property=\"og:site_name\" content=\"info algerie\" \/>\n<meta property=\"article:publisher\" content=\"https:\/\/www.facebook.com\/infoalgerieactu\" \/>\n<meta property=\"article:published_time\" content=\"2017-06-10T14:43:54+00:00\" \/>\n<meta property=\"og:image\" content=\"https:\/\/www.info-algerie.com\/actualites\/wp-content\/uploads\/2017\/06\/9692b1e587e92b8aa1c60388ea6c361c_S-1.jpg\" \/>\n\t<meta property=\"og:image:width\" content=\"280\" \/>\n\t<meta property=\"og:image:height\" content=\"174\" \/>\n\t<meta property=\"og:image:type\" content=\"image\/jpeg\" \/>\n<meta name=\"author\" content=\"La r\u00e9daction\" \/>\n<meta name=\"twitter:label1\" content=\"\u00c9crit par\" \/>\n\t<meta name=\"twitter:data1\" content=\"La r\u00e9daction\" \/>\n\t<meta name=\"twitter:label2\" content=\"Dur\u00e9e de lecture estim\u00e9e\" \/>\n\t<meta name=\"twitter:data2\" content=\"3 minutes\" \/>\n<script type=\"application\/ld+json\" class=\"yoast-schema-graph\">{\"@context\":\"https:\\\/\\\/schema.org\",\"@graph\":[{\"@type\":\"Article\",\"@id\":\"https:\\\/\\\/www.info-algerie.com\\\/actualites\\\/reunion-afrique-pays-nordiques-messahel-expose-a-abuja-la-vision-de-lalgerie-sur-les-questions-de-paix-et-de-securite\\\/#article\",\"isPartOf\":{\"@id\":\"https:\\\/\\\/www.info-algerie.com\\\/actualites\\\/reunion-afrique-pays-nordiques-messahel-expose-a-abuja-la-vision-de-lalgerie-sur-les-questions-de-paix-et-de-securite\\\/\"},\"author\":{\"name\":\"La r\u00e9daction\",\"@id\":\"https:\\\/\\\/www.info-algerie.com\\\/actualites\\\/#\\\/schema\\\/person\\\/847aaec44920825b843a08f30ec6aa1e\"},\"headline\":\"R\u00e9union Afrique-pays nordiques: Messahel expose \u00e0 Abuja la vision de l&#039;Alg\u00e9rie sur les questions de paix et de s\u00e9curit\u00e9\",\"datePublished\":\"2017-06-10T14:43:54+00:00\",\"mainEntityOfPage\":{\"@id\":\"https:\\\/\\\/www.info-algerie.com\\\/actualites\\\/reunion-afrique-pays-nordiques-messahel-expose-a-abuja-la-vision-de-lalgerie-sur-les-questions-de-paix-et-de-securite\\\/\"},\"wordCount\":731,\"commentCount\":0,\"publisher\":{\"@id\":\"https:\\\/\\\/www.info-algerie.com\\\/actualites\\\/#organization\"},\"image\":{\"@id\":\"https:\\\/\\\/www.info-algerie.com\\\/actualites\\\/reunion-afrique-pays-nordiques-messahel-expose-a-abuja-la-vision-de-lalgerie-sur-les-questions-de-paix-et-de-securite\\\/#primaryimage\"},\"thumbnailUrl\":\"https:\\\/\\\/www.info-algerie.com\\\/actualites\\\/wp-content\\\/uploads\\\/2017\\\/06\\\/9692b1e587e92b8aa1c60388ea6c361c_S-1.jpg\",\"keywords\":[\"ONU\"],\"articleSection\":[\"infos\"],\"inLanguage\":\"fr-FR\",\"potentialAction\":[{\"@type\":\"CommentAction\",\"name\":\"Comment\",\"target\":[\"https:\\\/\\\/www.info-algerie.com\\\/actualites\\\/reunion-afrique-pays-nordiques-messahel-expose-a-abuja-la-vision-de-lalgerie-sur-les-questions-de-paix-et-de-securite\\\/#respond\"]}]},{\"@type\":\"WebPage\",\"@id\":\"https:\\\/\\\/www.info-algerie.com\\\/actualites\\\/reunion-afrique-pays-nordiques-messahel-expose-a-abuja-la-vision-de-lalgerie-sur-les-questions-de-paix-et-de-securite\\\/\",\"url\":\"https:\\\/\\\/www.info-algerie.com\\\/actualites\\\/reunion-afrique-pays-nordiques-messahel-expose-a-abuja-la-vision-de-lalgerie-sur-les-questions-de-paix-et-de-securite\\\/\",\"name\":\"R\u00e9union Afrique-pays nordiques: Messahel expose \u00e0 Abuja la vision de l&#039;Alg\u00e9rie sur les questions de paix et de s\u00e9curit\u00e9 - info algerie\",\"isPartOf\":{\"@id\":\"https:\\\/\\\/www.info-algerie.com\\\/actualites\\\/#website\"},\"primaryImageOfPage\":{\"@id\":\"https:\\\/\\\/www.info-algerie.com\\\/actualites\\\/reunion-afrique-pays-nordiques-messahel-expose-a-abuja-la-vision-de-lalgerie-sur-les-questions-de-paix-et-de-securite\\\/#primaryimage\"},\"image\":{\"@id\":\"https:\\\/\\\/www.info-algerie.com\\\/actualites\\\/reunion-afrique-pays-nordiques-messahel-expose-a-abuja-la-vision-de-lalgerie-sur-les-questions-de-paix-et-de-securite\\\/#primaryimage\"},\"thumbnailUrl\":\"https:\\\/\\\/www.info-algerie.com\\\/actualites\\\/wp-content\\\/uploads\\\/2017\\\/06\\\/9692b1e587e92b8aa1c60388ea6c361c_S-1.jpg\",\"datePublished\":\"2017-06-10T14:43:54+00:00\",\"breadcrumb\":{\"@id\":\"https:\\\/\\\/www.info-algerie.com\\\/actualites\\\/reunion-afrique-pays-nordiques-messahel-expose-a-abuja-la-vision-de-lalgerie-sur-les-questions-de-paix-et-de-securite\\\/#breadcrumb\"},\"inLanguage\":\"fr-FR\",\"potentialAction\":[{\"@type\":\"ReadAction\",\"target\":[\"https:\\\/\\\/www.info-algerie.com\\\/actualites\\\/reunion-afrique-pays-nordiques-messahel-expose-a-abuja-la-vision-de-lalgerie-sur-les-questions-de-paix-et-de-securite\\\/\"]}]},{\"@type\":\"ImageObject\",\"inLanguage\":\"fr-FR\",\"@id\":\"https:\\\/\\\/www.info-algerie.com\\\/actualites\\\/reunion-afrique-pays-nordiques-messahel-expose-a-abuja-la-vision-de-lalgerie-sur-les-questions-de-paix-et-de-securite\\\/#primaryimage\",\"url\":\"https:\\\/\\\/www.info-algerie.com\\\/actualites\\\/wp-content\\\/uploads\\\/2017\\\/06\\\/9692b1e587e92b8aa1c60388ea6c361c_S-1.jpg\",\"contentUrl\":\"https:\\\/\\\/www.info-algerie.com\\\/actualites\\\/wp-content\\\/uploads\\\/2017\\\/06\\\/9692b1e587e92b8aa1c60388ea6c361c_S-1.jpg\",\"width\":280,\"height\":174},{\"@type\":\"BreadcrumbList\",\"@id\":\"https:\\\/\\\/www.info-algerie.com\\\/actualites\\\/reunion-afrique-pays-nordiques-messahel-expose-a-abuja-la-vision-de-lalgerie-sur-les-questions-de-paix-et-de-securite\\\/#breadcrumb\",\"itemListElement\":[{\"@type\":\"ListItem\",\"position\":1,\"name\":\"Accueil\",\"item\":\"https:\\\/\\\/www.info-algerie.com\\\/actualites\\\/\"},{\"@type\":\"ListItem\",\"position\":2,\"name\":\"R\u00e9union Afrique-pays nordiques: Messahel expose \u00e0 Abuja la vision de l&#039;Alg\u00e9rie sur les questions de paix et de s\u00e9curit\u00e9\"}]},{\"@type\":\"WebSite\",\"@id\":\"https:\\\/\\\/www.info-algerie.com\\\/actualites\\\/#website\",\"url\":\"https:\\\/\\\/www.info-algerie.com\\\/actualites\\\/\",\"name\":\"info algerie\",\"description\":\"Toutes les actualit\u00e9s\",\"publisher\":{\"@id\":\"https:\\\/\\\/www.info-algerie.com\\\/actualites\\\/#organization\"},\"potentialAction\":[{\"@type\":\"SearchAction\",\"target\":{\"@type\":\"EntryPoint\",\"urlTemplate\":\"https:\\\/\\\/www.info-algerie.com\\\/actualites\\\/?s={search_term_string}\"},\"query-input\":{\"@type\":\"PropertyValueSpecification\",\"valueRequired\":true,\"valueName\":\"search_term_string\"}}],\"inLanguage\":\"fr-FR\"},{\"@type\":\"Organization\",\"@id\":\"https:\\\/\\\/www.info-algerie.com\\\/actualites\\\/#organization\",\"name\":\"info algerie\",\"url\":\"https:\\\/\\\/www.info-algerie.com\\\/actualites\\\/\",\"logo\":{\"@type\":\"ImageObject\",\"inLanguage\":\"fr-FR\",\"@id\":\"https:\\\/\\\/www.info-algerie.com\\\/actualites\\\/#\\\/schema\\\/logo\\\/image\\\/\",\"url\":\"https:\\\/\\\/www.info-algerie.com\\\/actualites\\\/wp-content\\\/uploads\\\/2022\\\/07\\\/logo-ia-120.png\",\"contentUrl\":\"https:\\\/\\\/www.info-algerie.com\\\/actualites\\\/wp-content\\\/uploads\\\/2022\\\/07\\\/logo-ia-120.png\",\"width\":120,\"height\":43,\"caption\":\"info algerie\"},\"image\":{\"@id\":\"https:\\\/\\\/www.info-algerie.com\\\/actualites\\\/#\\\/schema\\\/logo\\\/image\\\/\"},\"sameAs\":[\"https:\\\/\\\/www.facebook.com\\\/infoalgerieactu\",\"https:\\\/\\\/x.com\\\/infoalgerie1\"]},{\"@type\":\"Person\",\"@id\":\"https:\\\/\\\/www.info-algerie.com\\\/actualites\\\/#\\\/schema\\\/person\\\/847aaec44920825b843a08f30ec6aa1e\",\"name\":\"La r\u00e9daction\",\"image\":{\"@type\":\"ImageObject\",\"inLanguage\":\"fr-FR\",\"@id\":\"https:\\\/\\\/secure.gravatar.com\\\/avatar\\\/769db425c6f465158149f1ffd6cf61ce7a8a879d11dfbef8288af36dfddd418c?s=96&d=mm&r=g\",\"url\":\"https:\\\/\\\/secure.gravatar.com\\\/avatar\\\/769db425c6f465158149f1ffd6cf61ce7a8a879d11dfbef8288af36dfddd418c?s=96&d=mm&r=g\",\"contentUrl\":\"https:\\\/\\\/secure.gravatar.com\\\/avatar\\\/769db425c6f465158149f1ffd6cf61ce7a8a879d11dfbef8288af36dfddd418c?s=96&d=mm&r=g\",\"caption\":\"La r\u00e9daction\"},\"sameAs\":[\"http:\\\/\\\/www.lkeria.com\\\/\"],\"url\":\"https:\\\/\\\/www.info-algerie.com\\\/actualites\\\/author\\\/chakib32\\\/\"}]}<\/script>\n<!-- \/ Yoast SEO plugin. -->","yoast_head_json":{"title":"R\u00e9union Afrique-pays nordiques: Messahel expose \u00e0 Abuja la vision de l&#039;Alg\u00e9rie sur les questions de paix et de s\u00e9curit\u00e9 - info algerie","robots":{"index":"index","follow":"follow","max-snippet":"max-snippet:-1","max-image-preview":"max-image-preview:large","max-video-preview":"max-video-preview:-1"},"canonical":"https:\/\/www.info-algerie.com\/actualites\/reunion-afrique-pays-nordiques-messahel-expose-a-abuja-la-vision-de-lalgerie-sur-les-questions-de-paix-et-de-securite\/","og_locale":"fr_FR","og_type":"article","og_title":"R\u00e9union Afrique-pays nordiques: Messahel expose \u00e0 Abuja la vision de l&#039;Alg\u00e9rie sur les questions de paix et de s\u00e9curit\u00e9 - info algerie","og_description":"ABUJA- Le ministre des Affaires \u00e9trang\u00e8res, Abdelkader \u00a0Messahel, a\u00a0 expos\u00e9, samedi \u00e0 Abuja, la vision de l&rsquo;Alg\u00e9rie sur les\u00a0 questions de paix et de s\u00e9curit\u00e9 et marqu\u00e9 sa disponibilit\u00e9 \u00e0 partager son\u00a0 exp\u00e9rience en mati\u00e8re de lutte antiterroriste, de d\u00e9radicalisation et de\u00a0 r\u00e9conciliation nationale. &#013; &#013; Intervenant aux travaux de la 16\u00e8me r\u00e9union minist\u00e9rielle Afrique-Pays","og_url":"https:\/\/www.info-algerie.com\/actualites\/reunion-afrique-pays-nordiques-messahel-expose-a-abuja-la-vision-de-lalgerie-sur-les-questions-de-paix-et-de-securite\/","og_site_name":"info algerie","article_publisher":"https:\/\/www.facebook.com\/infoalgerieactu","article_published_time":"2017-06-10T14:43:54+00:00","og_image":[{"width":280,"height":174,"url":"https:\/\/www.info-algerie.com\/actualites\/wp-content\/uploads\/2017\/06\/9692b1e587e92b8aa1c60388ea6c361c_S-1.jpg","type":"image\/jpeg"}],"author":"La r\u00e9daction","twitter_misc":{"\u00c9crit par":"La r\u00e9daction","Dur\u00e9e de lecture estim\u00e9e":"3 minutes"},"schema":{"@context":"https:\/\/schema.org","@graph":[{"@type":"Article","@id":"https:\/\/www.info-algerie.com\/actualites\/reunion-afrique-pays-nordiques-messahel-expose-a-abuja-la-vision-de-lalgerie-sur-les-questions-de-paix-et-de-securite\/#article","isPartOf":{"@id":"https:\/\/www.info-algerie.com\/actualites\/reunion-afrique-pays-nordiques-messahel-expose-a-abuja-la-vision-de-lalgerie-sur-les-questions-de-paix-et-de-securite\/"},"author":{"name":"La r\u00e9daction","@id":"https:\/\/www.info-algerie.com\/actualites\/#\/schema\/person\/847aaec44920825b843a08f30ec6aa1e"},"headline":"R\u00e9union Afrique-pays nordiques: Messahel expose \u00e0 Abuja la vision de l&#039;Alg\u00e9rie sur les questions de paix et de s\u00e9curit\u00e9","datePublished":"2017-06-10T14:43:54+00:00","mainEntityOfPage":{"@id":"https:\/\/www.info-algerie.com\/actualites\/reunion-afrique-pays-nordiques-messahel-expose-a-abuja-la-vision-de-lalgerie-sur-les-questions-de-paix-et-de-securite\/"},"wordCount":731,"commentCount":0,"publisher":{"@id":"https:\/\/www.info-algerie.com\/actualites\/#organization"},"image":{"@id":"https:\/\/www.info-algerie.com\/actualites\/reunion-afrique-pays-nordiques-messahel-expose-a-abuja-la-vision-de-lalgerie-sur-les-questions-de-paix-et-de-securite\/#primaryimage"},"thumbnailUrl":"https:\/\/www.info-algerie.com\/actualites\/wp-content\/uploads\/2017\/06\/9692b1e587e92b8aa1c60388ea6c361c_S-1.jpg","keywords":["ONU"],"articleSection":["infos"],"inLanguage":"fr-FR","potentialAction":[{"@type":"CommentAction","name":"Comment","target":["https:\/\/www.info-algerie.com\/actualites\/reunion-afrique-pays-nordiques-messahel-expose-a-abuja-la-vision-de-lalgerie-sur-les-questions-de-paix-et-de-securite\/#respond"]}]},{"@type":"WebPage","@id":"https:\/\/www.info-algerie.com\/actualites\/reunion-afrique-pays-nordiques-messahel-expose-a-abuja-la-vision-de-lalgerie-sur-les-questions-de-paix-et-de-securite\/","url":"https:\/\/www.info-algerie.com\/actualites\/reunion-afrique-pays-nordiques-messahel-expose-a-abuja-la-vision-de-lalgerie-sur-les-questions-de-paix-et-de-securite\/","name":"R\u00e9union Afrique-pays nordiques: Messahel expose \u00e0 Abuja la vision de l&#039;Alg\u00e9rie sur les questions de paix et de s\u00e9curit\u00e9 - info algerie","isPartOf":{"@id":"https:\/\/www.info-algerie.com\/actualites\/#website"},"primaryImageOfPage":{"@id":"https:\/\/www.info-algerie.com\/actualites\/reunion-afrique-pays-nordiques-messahel-expose-a-abuja-la-vision-de-lalgerie-sur-les-questions-de-paix-et-de-securite\/#primaryimage"},"image":{"@id":"https:\/\/www.info-algerie.com\/actualites\/reunion-afrique-pays-nordiques-messahel-expose-a-abuja-la-vision-de-lalgerie-sur-les-questions-de-paix-et-de-securite\/#primaryimage"},"thumbnailUrl":"https:\/\/www.info-algerie.com\/actualites\/wp-content\/uploads\/2017\/06\/9692b1e587e92b8aa1c60388ea6c361c_S-1.jpg","datePublished":"2017-06-10T14:43:54+00:00","breadcrumb":{"@id":"https:\/\/www.info-algerie.com\/actualites\/reunion-afrique-pays-nordiques-messahel-expose-a-abuja-la-vision-de-lalgerie-sur-les-questions-de-paix-et-de-securite\/#breadcrumb"},"inLanguage":"fr-FR","potentialAction":[{"@type":"ReadAction","target":["https:\/\/www.info-algerie.com\/actualites\/reunion-afrique-pays-nordiques-messahel-expose-a-abuja-la-vision-de-lalgerie-sur-les-questions-de-paix-et-de-securite\/"]}]},{"@type":"ImageObject","inLanguage":"fr-FR","@id":"https:\/\/www.info-algerie.com\/actualites\/reunion-afrique-pays-nordiques-messahel-expose-a-abuja-la-vision-de-lalgerie-sur-les-questions-de-paix-et-de-securite\/#primaryimage","url":"https:\/\/www.info-algerie.com\/actualites\/wp-content\/uploads\/2017\/06\/9692b1e587e92b8aa1c60388ea6c361c_S-1.jpg","contentUrl":"https:\/\/www.info-algerie.com\/actualites\/wp-content\/uploads\/2017\/06\/9692b1e587e92b8aa1c60388ea6c361c_S-1.jpg","width":280,"height":174},{"@type":"BreadcrumbList","@id":"https:\/\/www.info-algerie.com\/actualites\/reunion-afrique-pays-nordiques-messahel-expose-a-abuja-la-vision-de-lalgerie-sur-les-questions-de-paix-et-de-securite\/#breadcrumb","itemListElement":[{"@type":"ListItem","position":1,"name":"Accueil","item":"https:\/\/www.info-algerie.com\/actualites\/"},{"@type":"ListItem","position":2,"name":"R\u00e9union Afrique-pays nordiques: Messahel expose \u00e0 Abuja la vision de l&#039;Alg\u00e9rie sur les questions de paix et de s\u00e9curit\u00e9"}]},{"@type":"WebSite","@id":"https:\/\/www.info-algerie.com\/actualites\/#website","url":"https:\/\/www.info-algerie.com\/actualites\/","name":"info algerie","description":"Toutes les actualit\u00e9s","publisher":{"@id":"https:\/\/www.info-algerie.com\/actualites\/#organization"},"potentialAction":[{"@type":"SearchAction","target":{"@type":"EntryPoint","urlTemplate":"https:\/\/www.info-algerie.com\/actualites\/?s={search_term_string}"},"query-input":{"@type":"PropertyValueSpecification","valueRequired":true,"valueName":"search_term_string"}}],"inLanguage":"fr-FR"},{"@type":"Organization","@id":"https:\/\/www.info-algerie.com\/actualites\/#organization","name":"info algerie","url":"https:\/\/www.info-algerie.com\/actualites\/","logo":{"@type":"ImageObject","inLanguage":"fr-FR","@id":"https:\/\/www.info-algerie.com\/actualites\/#\/schema\/logo\/image\/","url":"https:\/\/www.info-algerie.com\/actualites\/wp-content\/uploads\/2022\/07\/logo-ia-120.png","contentUrl":"https:\/\/www.info-algerie.com\/actualites\/wp-content\/uploads\/2022\/07\/logo-ia-120.png","width":120,"height":43,"caption":"info algerie"},"image":{"@id":"https:\/\/www.info-algerie.com\/actualites\/#\/schema\/logo\/image\/"},"sameAs":["https:\/\/www.facebook.com\/infoalgerieactu","https:\/\/x.com\/infoalgerie1"]},{"@type":"Person","@id":"https:\/\/www.info-algerie.com\/actualites\/#\/schema\/person\/847aaec44920825b843a08f30ec6aa1e","name":"La r\u00e9daction","image":{"@type":"ImageObject","inLanguage":"fr-FR","@id":"https:\/\/secure.gravatar.com\/avatar\/769db425c6f465158149f1ffd6cf61ce7a8a879d11dfbef8288af36dfddd418c?s=96&d=mm&r=g","url":"https:\/\/secure.gravatar.com\/avatar\/769db425c6f465158149f1ffd6cf61ce7a8a879d11dfbef8288af36dfddd418c?s=96&d=mm&r=g","contentUrl":"https:\/\/secure.gravatar.com\/avatar\/769db425c6f465158149f1ffd6cf61ce7a8a879d11dfbef8288af36dfddd418c?s=96&d=mm&r=g","caption":"La r\u00e9daction"},"sameAs":["http:\/\/www.lkeria.com\/"],"url":"https:\/\/www.info-algerie.com\/actualites\/author\/chakib32\/"}]}},"_links":{"self":[{"href":"https:\/\/www.info-algerie.com\/actualites\/wp-json\/wp\/v2\/posts\/13050","targetHints":{"allow":["GET"]}}],"collection":[{"href":"https:\/\/www.info-algerie.com\/actualites\/wp-json\/wp\/v2\/posts"}],"about":[{"href":"https:\/\/www.info-algerie.com\/actualites\/wp-json\/wp\/v2\/types\/post"}],"author":[{"embeddable":true,"href":"https:\/\/www.info-algerie.com\/actualites\/wp-json\/wp\/v2\/users\/6"}],"replies":[{"embeddable":true,"href":"https:\/\/www.info-algerie.com\/actualites\/wp-json\/wp\/v2\/comments?post=13050"}],"version-history":[{"count":0,"href":"https:\/\/www.info-algerie.com\/actualites\/wp-json\/wp\/v2\/posts\/13050\/revisions"}],"wp:featuredmedia":[{"embeddable":true,"href":"https:\/\/www.info-algerie.com\/actualites\/wp-json\/wp\/v2\/media\/13051"}],"wp:attachment":[{"href":"https:\/\/www.info-algerie.com\/actualites\/wp-json\/wp\/v2\/media?parent=13050"}],"wp:term":[{"taxonomy":"category","embeddable":true,"href":"https:\/\/www.info-algerie.com\/actualites\/wp-json\/wp\/v2\/categories?post=13050"},{"taxonomy":"post_tag","embeddable":true,"href":"https:\/\/www.info-algerie.com\/actualites\/wp-json\/wp\/v2\/tags?post=13050"}],"curies":[{"name":"wp","href":"https:\/\/api.w.org\/{rel}","templated":true}]}}