{"id":13053,"date":"2017-06-10T15:36:45","date_gmt":"2017-06-10T14:36:45","guid":{"rendered":"http:\/\/www.info-algerie.com\/actualites\/le-ministre-des-affaires-etrangeres-francais-jean-yves-le-drian-en-visite-lundi-en-algerie\/"},"modified":"2017-06-10T15:36:45","modified_gmt":"2017-06-10T14:36:45","slug":"le-ministre-des-affaires-etrangeres-francais-jean-yves-le-drian-en-visite-lundi-en-algerie","status":"publish","type":"post","link":"https:\/\/www.info-algerie.com\/actualites\/le-ministre-des-affaires-etrangeres-francais-jean-yves-le-drian-en-visite-lundi-en-algerie\/","title":{"rendered":"Le ministre des Affaires \u00e9trang\u00e8res fran\u00e7ais Jean-Yves Le Drian en visite lundi en Alg\u00e9rie"},"content":{"rendered":"<div class=\"K2FeedImage\"><img decoding=\"async\" src=\"https:\/\/www.info-algerie.com\/actualites\/wp-content\/uploads\/2017\/06\/e7f7f7ed6e53eb724ebd8e69798527ea_S.jpg\" alt=\"Le ministre des Affaires &#xE9;trang&#xE8;res fran&#xE7;ais Jean-Yves Le Drian en visite lundi en Alg&#xE9;rie\" \/><\/div>\n<div class=\"K2FeedIntroText\">\n<p>PARIS- Le ministre fran\u00e7ais de l\u2019Europe et des Affaires\u00a0 \u00e9trang\u00e8res, Jean-Yves Le Drian, effectuera lundi une visite de 24 heures en\u00a0 Alg\u00e9rie, a annonc\u00e9 samedi le Quai d\u2019Orsay.<\/p>\n<p>&#013;\n<\/p><\/div>\n<div class=\"K2FeedFullText\">&#013;<\/p>\n<p>Aucun d\u00e9tail de la visite n\u2019a \u00e9t\u00e9 communiqu\u00e9 pour le moment par le\u00a0 minist\u00e8re fran\u00e7ais.<\/p>\n<p>&#013;<\/p>\n<p>Le Drian \u00e9tait en visite en Egypte, jeudi dernier, pour aborder,\u00a0 entre autres, le dossier libyen qu\u2019il a qualifi\u00e9 d\u2019enjeu important. Avant\u00a0 Le Caire il s\u2019\u00e9tait d\u00e9plac\u00e9, dimanche dernier, \u00e0 Tunis. Il se rendra jeudi prochain au S\u00e9n\u00e9gal et vendredi en Mauritanie, selon son agenda\u00a0 hebdomadaire La visite de Le Drian \u00e0 Alger interviendra \u00e0 quelques semaines de la\u00a0 visite annonc\u00e9e en Alg\u00e9rie du pr\u00e9sident fran\u00e7ais Emmanuel Macron.<\/p>\n<p>&#013;<\/p>\n<p>Un communiqu\u00e9 de la pr\u00e9sidence alg\u00e9rienne a indiqu\u00e9, vendredi, que le pr\u00e9sident Bouteflika et son homologue fran\u00e7ais ont soulign\u00e9, dans un entretien t\u00e9l\u00e9phonique jeudi, leur volont\u00e9 de consolider les relations d&rsquo;amiti\u00e9 et de coop\u00e9ration entre l&rsquo;Alg\u00e9rie et la France.<\/p>\n<p>&#013;<\/p>\n<p>Ils ont \u00e9galement soulign\u00e9 leur \u00ab\u00a0d\u00e9termination commune pour conjuguer leurs efforts en vue d&rsquo;extirper le terrorisme de la r\u00e9gion du Sahel\u00a0\u00bb.<\/p>\n<p>&#013;<\/p>\n<p>Les pr\u00e9sidents Abdelaziz Bouteflika et Emmanuel Macron ont proc\u00e9d\u00e9, par ailleurs, \u00e0 un \u00e9change de vue sur la situation en Libye et au Mali.<\/p>\n<p>&#013;<\/p>\n<p>Les pr\u00e9sidents Abdelaziz Bouteflika et l&rsquo;ancien pr\u00e9sident Fran\u00e7ois Hollande ont sign\u00e9 en d\u00e9cembre 2012, la D\u00e9claration d&rsquo;Alger pour dynamiser les relations entre les deux pays.<\/p>\n<p>&#013;<\/p>\n<p>\u00a0<\/p>\n<p>&#013;<\/p>\n<p class=\"MsoNoSpacing\">Un Comit\u00e9 intergouvernemental de haut niveau (CIHN), r\u00e9unissant les deux gouvernements et co-pr\u00e9sid\u00e9 par les Premiers ministres des deux pays, a \u00e9t\u00e9 mis en place et les d\u00e9cisions prises dans ce cadre sont suivies par Comit\u00e9 mixte \u00e9conomique franco-alg\u00e9rien (COMEFA).<\/p>\n<\/div>\n<p>&#013;<br \/>\nSource: <a href=\"http:\/\/www.aps.dz\/algerie\/58732-le-ministre-des-affaires-etrangeres-francais-jean-yves-le-drian-en-visite-lundi-en-algerie\" target=\"_blank\">Le ministre des Affaires \u00e9trang\u00e8res fran\u00e7ais Jean-Yves Le Drian en visite lundi en Alg\u00e9rie<\/a><\/p>\n<!--CusAds0-->\n<div style=\"font-size: 0px; height: 0px; line-height: 0px; margin: 0; padding: 0; clear: both;\"><\/div>","protected":false},"excerpt":{"rendered":"<p>PARIS- Le ministre fran\u00e7ais de l\u2019Europe et des Affaires\u00a0 \u00e9trang\u00e8res, Jean-Yves Le Drian, effectuera lundi une visite de 24 heures en\u00a0 Alg\u00e9rie, a annonc\u00e9 samedi le Quai d\u2019Orsay. &#013; &#013; Aucun d\u00e9tail de la visite n\u2019a \u00e9t\u00e9 communiqu\u00e9 pour le moment par le\u00a0 minist\u00e8re fran\u00e7ais. &#013; Le Drian \u00e9tait en visite en Egypte, jeudi dernier,<\/p>\n","protected":false},"author":6,"featured_media":13054,"comment_status":"open","ping_status":"open","sticky":false,"template":"","format":"standard","meta":{"footnotes":""},"categories":[22],"tags":[93],"class_list":["post-13053","post","type-post","status-publish","format-standard","has-post-thumbnail","hentry","category-infos","tag-onu"],"yoast_head":"<!-- This site is optimized with the Yoast SEO plugin v27.5 - https:\/\/yoast.com\/product\/yoast-seo-wordpress\/ -->\n<title>Le ministre des Affaires \u00e9trang\u00e8res fran\u00e7ais Jean-Yves Le Drian en visite lundi en Alg\u00e9rie - info algerie<\/title>\n<meta name=\"robots\" content=\"index, follow, max-snippet:-1, max-image-preview:large, max-video-preview:-1\" \/>\n<link rel=\"canonical\" href=\"https:\/\/www.info-algerie.com\/actualites\/le-ministre-des-affaires-etrangeres-francais-jean-yves-le-drian-en-visite-lundi-en-algerie\/\" \/>\n<meta property=\"og:locale\" content=\"fr_FR\" \/>\n<meta property=\"og:type\" content=\"article\" \/>\n<meta property=\"og:title\" content=\"Le ministre des Affaires \u00e9trang\u00e8res fran\u00e7ais Jean-Yves Le Drian en visite lundi en Alg\u00e9rie - info algerie\" \/>\n<meta property=\"og:description\" content=\"PARIS- Le ministre fran\u00e7ais de l\u2019Europe et des Affaires\u00a0 \u00e9trang\u00e8res, Jean-Yves Le Drian, effectuera lundi une visite de 24 heures en\u00a0 Alg\u00e9rie, a annonc\u00e9 samedi le Quai d\u2019Orsay. &#013; &#013; Aucun d\u00e9tail de la visite n\u2019a \u00e9t\u00e9 communiqu\u00e9 pour le moment par le\u00a0 minist\u00e8re fran\u00e7ais. &#013; Le Drian \u00e9tait en visite en Egypte, jeudi dernier,\" \/>\n<meta property=\"og:url\" content=\"https:\/\/www.info-algerie.com\/actualites\/le-ministre-des-affaires-etrangeres-francais-jean-yves-le-drian-en-visite-lundi-en-algerie\/\" \/>\n<meta property=\"og:site_name\" content=\"info algerie\" \/>\n<meta property=\"article:publisher\" content=\"https:\/\/www.facebook.com\/infoalgerieactu\" \/>\n<meta property=\"article:published_time\" content=\"2017-06-10T14:36:45+00:00\" \/>\n<meta property=\"og:image\" content=\"https:\/\/www.info-algerie.com\/actualites\/wp-content\/uploads\/2017\/06\/e7f7f7ed6e53eb724ebd8e69798527ea_S-1.jpg\" \/>\n\t<meta property=\"og:image:width\" content=\"280\" \/>\n\t<meta property=\"og:image:height\" content=\"174\" \/>\n\t<meta property=\"og:image:type\" content=\"image\/jpeg\" \/>\n<meta name=\"author\" content=\"La r\u00e9daction\" \/>\n<meta name=\"twitter:label1\" content=\"\u00c9crit par\" \/>\n\t<meta name=\"twitter:data1\" content=\"La r\u00e9daction\" \/>\n\t<meta name=\"twitter:label2\" content=\"Dur\u00e9e de lecture estim\u00e9e\" \/>\n\t<meta name=\"twitter:data2\" content=\"2 minutes\" \/>\n<script type=\"application\/ld+json\" class=\"yoast-schema-graph\">{\"@context\":\"https:\\\/\\\/schema.org\",\"@graph\":[{\"@type\":\"Article\",\"@id\":\"https:\\\/\\\/www.info-algerie.com\\\/actualites\\\/le-ministre-des-affaires-etrangeres-francais-jean-yves-le-drian-en-visite-lundi-en-algerie\\\/#article\",\"isPartOf\":{\"@id\":\"https:\\\/\\\/www.info-algerie.com\\\/actualites\\\/le-ministre-des-affaires-etrangeres-francais-jean-yves-le-drian-en-visite-lundi-en-algerie\\\/\"},\"author\":{\"name\":\"La r\u00e9daction\",\"@id\":\"https:\\\/\\\/www.info-algerie.com\\\/actualites\\\/#\\\/schema\\\/person\\\/847aaec44920825b843a08f30ec6aa1e\"},\"headline\":\"Le ministre des Affaires \u00e9trang\u00e8res fran\u00e7ais Jean-Yves Le Drian en visite lundi en Alg\u00e9rie\",\"datePublished\":\"2017-06-10T14:36:45+00:00\",\"mainEntityOfPage\":{\"@id\":\"https:\\\/\\\/www.info-algerie.com\\\/actualites\\\/le-ministre-des-affaires-etrangeres-francais-jean-yves-le-drian-en-visite-lundi-en-algerie\\\/\"},\"wordCount\":334,\"commentCount\":0,\"publisher\":{\"@id\":\"https:\\\/\\\/www.info-algerie.com\\\/actualites\\\/#organization\"},\"image\":{\"@id\":\"https:\\\/\\\/www.info-algerie.com\\\/actualites\\\/le-ministre-des-affaires-etrangeres-francais-jean-yves-le-drian-en-visite-lundi-en-algerie\\\/#primaryimage\"},\"thumbnailUrl\":\"https:\\\/\\\/www.info-algerie.com\\\/actualites\\\/wp-content\\\/uploads\\\/2017\\\/06\\\/e7f7f7ed6e53eb724ebd8e69798527ea_S-1.jpg\",\"keywords\":[\"ONU\"],\"articleSection\":[\"infos\"],\"inLanguage\":\"fr-FR\",\"potentialAction\":[{\"@type\":\"CommentAction\",\"name\":\"Comment\",\"target\":[\"https:\\\/\\\/www.info-algerie.com\\\/actualites\\\/le-ministre-des-affaires-etrangeres-francais-jean-yves-le-drian-en-visite-lundi-en-algerie\\\/#respond\"]}]},{\"@type\":\"WebPage\",\"@id\":\"https:\\\/\\\/www.info-algerie.com\\\/actualites\\\/le-ministre-des-affaires-etrangeres-francais-jean-yves-le-drian-en-visite-lundi-en-algerie\\\/\",\"url\":\"https:\\\/\\\/www.info-algerie.com\\\/actualites\\\/le-ministre-des-affaires-etrangeres-francais-jean-yves-le-drian-en-visite-lundi-en-algerie\\\/\",\"name\":\"Le ministre des Affaires \u00e9trang\u00e8res fran\u00e7ais Jean-Yves Le Drian en visite lundi en Alg\u00e9rie - info algerie\",\"isPartOf\":{\"@id\":\"https:\\\/\\\/www.info-algerie.com\\\/actualites\\\/#website\"},\"primaryImageOfPage\":{\"@id\":\"https:\\\/\\\/www.info-algerie.com\\\/actualites\\\/le-ministre-des-affaires-etrangeres-francais-jean-yves-le-drian-en-visite-lundi-en-algerie\\\/#primaryimage\"},\"image\":{\"@id\":\"https:\\\/\\\/www.info-algerie.com\\\/actualites\\\/le-ministre-des-affaires-etrangeres-francais-jean-yves-le-drian-en-visite-lundi-en-algerie\\\/#primaryimage\"},\"thumbnailUrl\":\"https:\\\/\\\/www.info-algerie.com\\\/actualites\\\/wp-content\\\/uploads\\\/2017\\\/06\\\/e7f7f7ed6e53eb724ebd8e69798527ea_S-1.jpg\",\"datePublished\":\"2017-06-10T14:36:45+00:00\",\"breadcrumb\":{\"@id\":\"https:\\\/\\\/www.info-algerie.com\\\/actualites\\\/le-ministre-des-affaires-etrangeres-francais-jean-yves-le-drian-en-visite-lundi-en-algerie\\\/#breadcrumb\"},\"inLanguage\":\"fr-FR\",\"potentialAction\":[{\"@type\":\"ReadAction\",\"target\":[\"https:\\\/\\\/www.info-algerie.com\\\/actualites\\\/le-ministre-des-affaires-etrangeres-francais-jean-yves-le-drian-en-visite-lundi-en-algerie\\\/\"]}]},{\"@type\":\"ImageObject\",\"inLanguage\":\"fr-FR\",\"@id\":\"https:\\\/\\\/www.info-algerie.com\\\/actualites\\\/le-ministre-des-affaires-etrangeres-francais-jean-yves-le-drian-en-visite-lundi-en-algerie\\\/#primaryimage\",\"url\":\"https:\\\/\\\/www.info-algerie.com\\\/actualites\\\/wp-content\\\/uploads\\\/2017\\\/06\\\/e7f7f7ed6e53eb724ebd8e69798527ea_S-1.jpg\",\"contentUrl\":\"https:\\\/\\\/www.info-algerie.com\\\/actualites\\\/wp-content\\\/uploads\\\/2017\\\/06\\\/e7f7f7ed6e53eb724ebd8e69798527ea_S-1.jpg\",\"width\":280,\"height\":174},{\"@type\":\"BreadcrumbList\",\"@id\":\"https:\\\/\\\/www.info-algerie.com\\\/actualites\\\/le-ministre-des-affaires-etrangeres-francais-jean-yves-le-drian-en-visite-lundi-en-algerie\\\/#breadcrumb\",\"itemListElement\":[{\"@type\":\"ListItem\",\"position\":1,\"name\":\"Accueil\",\"item\":\"https:\\\/\\\/www.info-algerie.com\\\/actualites\\\/\"},{\"@type\":\"ListItem\",\"position\":2,\"name\":\"Le ministre des Affaires \u00e9trang\u00e8res fran\u00e7ais Jean-Yves Le Drian en visite lundi en Alg\u00e9rie\"}]},{\"@type\":\"WebSite\",\"@id\":\"https:\\\/\\\/www.info-algerie.com\\\/actualites\\\/#website\",\"url\":\"https:\\\/\\\/www.info-algerie.com\\\/actualites\\\/\",\"name\":\"info algerie\",\"description\":\"Toutes les actualit\u00e9s\",\"publisher\":{\"@id\":\"https:\\\/\\\/www.info-algerie.com\\\/actualites\\\/#organization\"},\"potentialAction\":[{\"@type\":\"SearchAction\",\"target\":{\"@type\":\"EntryPoint\",\"urlTemplate\":\"https:\\\/\\\/www.info-algerie.com\\\/actualites\\\/?s={search_term_string}\"},\"query-input\":{\"@type\":\"PropertyValueSpecification\",\"valueRequired\":true,\"valueName\":\"search_term_string\"}}],\"inLanguage\":\"fr-FR\"},{\"@type\":\"Organization\",\"@id\":\"https:\\\/\\\/www.info-algerie.com\\\/actualites\\\/#organization\",\"name\":\"info algerie\",\"url\":\"https:\\\/\\\/www.info-algerie.com\\\/actualites\\\/\",\"logo\":{\"@type\":\"ImageObject\",\"inLanguage\":\"fr-FR\",\"@id\":\"https:\\\/\\\/www.info-algerie.com\\\/actualites\\\/#\\\/schema\\\/logo\\\/image\\\/\",\"url\":\"https:\\\/\\\/www.info-algerie.com\\\/actualites\\\/wp-content\\\/uploads\\\/2022\\\/07\\\/logo-ia-120.png\",\"contentUrl\":\"https:\\\/\\\/www.info-algerie.com\\\/actualites\\\/wp-content\\\/uploads\\\/2022\\\/07\\\/logo-ia-120.png\",\"width\":120,\"height\":43,\"caption\":\"info algerie\"},\"image\":{\"@id\":\"https:\\\/\\\/www.info-algerie.com\\\/actualites\\\/#\\\/schema\\\/logo\\\/image\\\/\"},\"sameAs\":[\"https:\\\/\\\/www.facebook.com\\\/infoalgerieactu\",\"https:\\\/\\\/x.com\\\/infoalgerie1\"]},{\"@type\":\"Person\",\"@id\":\"https:\\\/\\\/www.info-algerie.com\\\/actualites\\\/#\\\/schema\\\/person\\\/847aaec44920825b843a08f30ec6aa1e\",\"name\":\"La r\u00e9daction\",\"image\":{\"@type\":\"ImageObject\",\"inLanguage\":\"fr-FR\",\"@id\":\"https:\\\/\\\/secure.gravatar.com\\\/avatar\\\/769db425c6f465158149f1ffd6cf61ce7a8a879d11dfbef8288af36dfddd418c?s=96&d=mm&r=g\",\"url\":\"https:\\\/\\\/secure.gravatar.com\\\/avatar\\\/769db425c6f465158149f1ffd6cf61ce7a8a879d11dfbef8288af36dfddd418c?s=96&d=mm&r=g\",\"contentUrl\":\"https:\\\/\\\/secure.gravatar.com\\\/avatar\\\/769db425c6f465158149f1ffd6cf61ce7a8a879d11dfbef8288af36dfddd418c?s=96&d=mm&r=g\",\"caption\":\"La r\u00e9daction\"},\"sameAs\":[\"http:\\\/\\\/www.lkeria.com\\\/\"],\"url\":\"https:\\\/\\\/www.info-algerie.com\\\/actualites\\\/author\\\/chakib32\\\/\"}]}<\/script>\n<!-- \/ Yoast SEO plugin. -->","yoast_head_json":{"title":"Le ministre des Affaires \u00e9trang\u00e8res fran\u00e7ais Jean-Yves Le Drian en visite lundi en Alg\u00e9rie - info algerie","robots":{"index":"index","follow":"follow","max-snippet":"max-snippet:-1","max-image-preview":"max-image-preview:large","max-video-preview":"max-video-preview:-1"},"canonical":"https:\/\/www.info-algerie.com\/actualites\/le-ministre-des-affaires-etrangeres-francais-jean-yves-le-drian-en-visite-lundi-en-algerie\/","og_locale":"fr_FR","og_type":"article","og_title":"Le ministre des Affaires \u00e9trang\u00e8res fran\u00e7ais Jean-Yves Le Drian en visite lundi en Alg\u00e9rie - info algerie","og_description":"PARIS- Le ministre fran\u00e7ais de l\u2019Europe et des Affaires\u00a0 \u00e9trang\u00e8res, Jean-Yves Le Drian, effectuera lundi une visite de 24 heures en\u00a0 Alg\u00e9rie, a annonc\u00e9 samedi le Quai d\u2019Orsay. &#013; &#013; Aucun d\u00e9tail de la visite n\u2019a \u00e9t\u00e9 communiqu\u00e9 pour le moment par le\u00a0 minist\u00e8re fran\u00e7ais. &#013; Le Drian \u00e9tait en visite en Egypte, jeudi dernier,","og_url":"https:\/\/www.info-algerie.com\/actualites\/le-ministre-des-affaires-etrangeres-francais-jean-yves-le-drian-en-visite-lundi-en-algerie\/","og_site_name":"info algerie","article_publisher":"https:\/\/www.facebook.com\/infoalgerieactu","article_published_time":"2017-06-10T14:36:45+00:00","og_image":[{"width":280,"height":174,"url":"https:\/\/www.info-algerie.com\/actualites\/wp-content\/uploads\/2017\/06\/e7f7f7ed6e53eb724ebd8e69798527ea_S-1.jpg","type":"image\/jpeg"}],"author":"La r\u00e9daction","twitter_misc":{"\u00c9crit par":"La r\u00e9daction","Dur\u00e9e de lecture estim\u00e9e":"2 minutes"},"schema":{"@context":"https:\/\/schema.org","@graph":[{"@type":"Article","@id":"https:\/\/www.info-algerie.com\/actualites\/le-ministre-des-affaires-etrangeres-francais-jean-yves-le-drian-en-visite-lundi-en-algerie\/#article","isPartOf":{"@id":"https:\/\/www.info-algerie.com\/actualites\/le-ministre-des-affaires-etrangeres-francais-jean-yves-le-drian-en-visite-lundi-en-algerie\/"},"author":{"name":"La r\u00e9daction","@id":"https:\/\/www.info-algerie.com\/actualites\/#\/schema\/person\/847aaec44920825b843a08f30ec6aa1e"},"headline":"Le ministre des Affaires \u00e9trang\u00e8res fran\u00e7ais Jean-Yves Le Drian en visite lundi en Alg\u00e9rie","datePublished":"2017-06-10T14:36:45+00:00","mainEntityOfPage":{"@id":"https:\/\/www.info-algerie.com\/actualites\/le-ministre-des-affaires-etrangeres-francais-jean-yves-le-drian-en-visite-lundi-en-algerie\/"},"wordCount":334,"commentCount":0,"publisher":{"@id":"https:\/\/www.info-algerie.com\/actualites\/#organization"},"image":{"@id":"https:\/\/www.info-algerie.com\/actualites\/le-ministre-des-affaires-etrangeres-francais-jean-yves-le-drian-en-visite-lundi-en-algerie\/#primaryimage"},"thumbnailUrl":"https:\/\/www.info-algerie.com\/actualites\/wp-content\/uploads\/2017\/06\/e7f7f7ed6e53eb724ebd8e69798527ea_S-1.jpg","keywords":["ONU"],"articleSection":["infos"],"inLanguage":"fr-FR","potentialAction":[{"@type":"CommentAction","name":"Comment","target":["https:\/\/www.info-algerie.com\/actualites\/le-ministre-des-affaires-etrangeres-francais-jean-yves-le-drian-en-visite-lundi-en-algerie\/#respond"]}]},{"@type":"WebPage","@id":"https:\/\/www.info-algerie.com\/actualites\/le-ministre-des-affaires-etrangeres-francais-jean-yves-le-drian-en-visite-lundi-en-algerie\/","url":"https:\/\/www.info-algerie.com\/actualites\/le-ministre-des-affaires-etrangeres-francais-jean-yves-le-drian-en-visite-lundi-en-algerie\/","name":"Le ministre des Affaires \u00e9trang\u00e8res fran\u00e7ais Jean-Yves Le Drian en visite lundi en Alg\u00e9rie - info algerie","isPartOf":{"@id":"https:\/\/www.info-algerie.com\/actualites\/#website"},"primaryImageOfPage":{"@id":"https:\/\/www.info-algerie.com\/actualites\/le-ministre-des-affaires-etrangeres-francais-jean-yves-le-drian-en-visite-lundi-en-algerie\/#primaryimage"},"image":{"@id":"https:\/\/www.info-algerie.com\/actualites\/le-ministre-des-affaires-etrangeres-francais-jean-yves-le-drian-en-visite-lundi-en-algerie\/#primaryimage"},"thumbnailUrl":"https:\/\/www.info-algerie.com\/actualites\/wp-content\/uploads\/2017\/06\/e7f7f7ed6e53eb724ebd8e69798527ea_S-1.jpg","datePublished":"2017-06-10T14:36:45+00:00","breadcrumb":{"@id":"https:\/\/www.info-algerie.com\/actualites\/le-ministre-des-affaires-etrangeres-francais-jean-yves-le-drian-en-visite-lundi-en-algerie\/#breadcrumb"},"inLanguage":"fr-FR","potentialAction":[{"@type":"ReadAction","target":["https:\/\/www.info-algerie.com\/actualites\/le-ministre-des-affaires-etrangeres-francais-jean-yves-le-drian-en-visite-lundi-en-algerie\/"]}]},{"@type":"ImageObject","inLanguage":"fr-FR","@id":"https:\/\/www.info-algerie.com\/actualites\/le-ministre-des-affaires-etrangeres-francais-jean-yves-le-drian-en-visite-lundi-en-algerie\/#primaryimage","url":"https:\/\/www.info-algerie.com\/actualites\/wp-content\/uploads\/2017\/06\/e7f7f7ed6e53eb724ebd8e69798527ea_S-1.jpg","contentUrl":"https:\/\/www.info-algerie.com\/actualites\/wp-content\/uploads\/2017\/06\/e7f7f7ed6e53eb724ebd8e69798527ea_S-1.jpg","width":280,"height":174},{"@type":"BreadcrumbList","@id":"https:\/\/www.info-algerie.com\/actualites\/le-ministre-des-affaires-etrangeres-francais-jean-yves-le-drian-en-visite-lundi-en-algerie\/#breadcrumb","itemListElement":[{"@type":"ListItem","position":1,"name":"Accueil","item":"https:\/\/www.info-algerie.com\/actualites\/"},{"@type":"ListItem","position":2,"name":"Le ministre des Affaires \u00e9trang\u00e8res fran\u00e7ais Jean-Yves Le Drian en visite lundi en Alg\u00e9rie"}]},{"@type":"WebSite","@id":"https:\/\/www.info-algerie.com\/actualites\/#website","url":"https:\/\/www.info-algerie.com\/actualites\/","name":"info algerie","description":"Toutes les actualit\u00e9s","publisher":{"@id":"https:\/\/www.info-algerie.com\/actualites\/#organization"},"potentialAction":[{"@type":"SearchAction","target":{"@type":"EntryPoint","urlTemplate":"https:\/\/www.info-algerie.com\/actualites\/?s={search_term_string}"},"query-input":{"@type":"PropertyValueSpecification","valueRequired":true,"valueName":"search_term_string"}}],"inLanguage":"fr-FR"},{"@type":"Organization","@id":"https:\/\/www.info-algerie.com\/actualites\/#organization","name":"info algerie","url":"https:\/\/www.info-algerie.com\/actualites\/","logo":{"@type":"ImageObject","inLanguage":"fr-FR","@id":"https:\/\/www.info-algerie.com\/actualites\/#\/schema\/logo\/image\/","url":"https:\/\/www.info-algerie.com\/actualites\/wp-content\/uploads\/2022\/07\/logo-ia-120.png","contentUrl":"https:\/\/www.info-algerie.com\/actualites\/wp-content\/uploads\/2022\/07\/logo-ia-120.png","width":120,"height":43,"caption":"info algerie"},"image":{"@id":"https:\/\/www.info-algerie.com\/actualites\/#\/schema\/logo\/image\/"},"sameAs":["https:\/\/www.facebook.com\/infoalgerieactu","https:\/\/x.com\/infoalgerie1"]},{"@type":"Person","@id":"https:\/\/www.info-algerie.com\/actualites\/#\/schema\/person\/847aaec44920825b843a08f30ec6aa1e","name":"La r\u00e9daction","image":{"@type":"ImageObject","inLanguage":"fr-FR","@id":"https:\/\/secure.gravatar.com\/avatar\/769db425c6f465158149f1ffd6cf61ce7a8a879d11dfbef8288af36dfddd418c?s=96&d=mm&r=g","url":"https:\/\/secure.gravatar.com\/avatar\/769db425c6f465158149f1ffd6cf61ce7a8a879d11dfbef8288af36dfddd418c?s=96&d=mm&r=g","contentUrl":"https:\/\/secure.gravatar.com\/avatar\/769db425c6f465158149f1ffd6cf61ce7a8a879d11dfbef8288af36dfddd418c?s=96&d=mm&r=g","caption":"La r\u00e9daction"},"sameAs":["http:\/\/www.lkeria.com\/"],"url":"https:\/\/www.info-algerie.com\/actualites\/author\/chakib32\/"}]}},"_links":{"self":[{"href":"https:\/\/www.info-algerie.com\/actualites\/wp-json\/wp\/v2\/posts\/13053","targetHints":{"allow":["GET"]}}],"collection":[{"href":"https:\/\/www.info-algerie.com\/actualites\/wp-json\/wp\/v2\/posts"}],"about":[{"href":"https:\/\/www.info-algerie.com\/actualites\/wp-json\/wp\/v2\/types\/post"}],"author":[{"embeddable":true,"href":"https:\/\/www.info-algerie.com\/actualites\/wp-json\/wp\/v2\/users\/6"}],"replies":[{"embeddable":true,"href":"https:\/\/www.info-algerie.com\/actualites\/wp-json\/wp\/v2\/comments?post=13053"}],"version-history":[{"count":0,"href":"https:\/\/www.info-algerie.com\/actualites\/wp-json\/wp\/v2\/posts\/13053\/revisions"}],"wp:featuredmedia":[{"embeddable":true,"href":"https:\/\/www.info-algerie.com\/actualites\/wp-json\/wp\/v2\/media\/13054"}],"wp:attachment":[{"href":"https:\/\/www.info-algerie.com\/actualites\/wp-json\/wp\/v2\/media?parent=13053"}],"wp:term":[{"taxonomy":"category","embeddable":true,"href":"https:\/\/www.info-algerie.com\/actualites\/wp-json\/wp\/v2\/categories?post=13053"},{"taxonomy":"post_tag","embeddable":true,"href":"https:\/\/www.info-algerie.com\/actualites\/wp-json\/wp\/v2\/tags?post=13053"}],"curies":[{"name":"wp","href":"https:\/\/api.w.org\/{rel}","templated":true}]}}