{"id":13056,"date":"2017-06-10T17:00:07","date_gmt":"2017-06-10T16:00:07","guid":{"rendered":"http:\/\/www.info-algerie.com\/actualites\/gaid-salah-reitere-lattachement-du-haut-commandement-de-lanp-a-lapplication-du-programme-de-preparation-au-combat-des-unites\/"},"modified":"2017-06-10T17:00:07","modified_gmt":"2017-06-10T16:00:07","slug":"gaid-salah-reitere-lattachement-du-haut-commandement-de-lanp-a-lapplication-du-programme-de-preparation-au-combat-des-unites","status":"publish","type":"post","link":"https:\/\/www.info-algerie.com\/actualites\/gaid-salah-reitere-lattachement-du-haut-commandement-de-lanp-a-lapplication-du-programme-de-preparation-au-combat-des-unites\/","title":{"rendered":"Ga\u00efd Salah r\u00e9it\u00e8re l&#039;attachement du Haut Commandement de l&#039;ANP \u00e0 l&#039;application du programme de pr\u00e9paration au combat des unit\u00e9s"},"content":{"rendered":"<div class=\"K2FeedImage\"><img decoding=\"async\" src=\"https:\/\/www.info-algerie.com\/actualites\/wp-content\/uploads\/2017\/06\/4de6e3de62c59b6a0e5359480dfa2a09_S.jpg\" alt=\"Ga&#xEF;d Salah r&#xE9;it&#xE8;re l'attachement du Haut Commandement de l'ANP &#xE0; l'application du programme de pr&#xE9;paration au combat des unit&#xE9;s\" \/><\/div>\n<div class=\"K2FeedIntroText\">\n<p>ALGER- Le g\u00e9n\u00e9ral de corps d&rsquo;Arm\u00e9e, Ahmed Ga\u00efd Salah,\u00a0 vice-ministre de la D\u00e9fense nationale, chef d&rsquo;Etat-major de l&rsquo;Arm\u00e9e nationale populaire (ANP), a r\u00e9it\u00e9r\u00e9, samedi, au premier jour de sa visite de travail et d&rsquo;inspection dans la 1\u00e8re R\u00e9gion militaire, l&rsquo;attachement du Haut\u00a0 Commandement de l&rsquo;ANP \u00e0 l&rsquo;application du programme de pr\u00e9paration \u00ab\u00a0qualitative et efficace\u00a0\u00bb au combat des unit\u00e9s.<\/p>\n<p>&#013;\n<\/p><\/div>\n<div class=\"K2FeedFullText\">&#013;<\/p>\n<p>A l&rsquo;entame de sa visite, le g\u00e9n\u00e9ral de corps d&rsquo;Arm\u00e9e a proc\u00e9d\u00e9 \u00e0\u00a0 l&rsquo;inspection de la 12\u00e8me Division d&rsquo;infanterie m\u00e9canis\u00e9e \u00e0 Djelfa o\u00f9 il a suivi, apr\u00e8s la c\u00e9r\u00e9monie d&rsquo;accueil, en compagnie du g\u00e9n\u00e9ral-major Habib Chentouf, commandant de la 1\u00e8re R\u00e9gion militaire, une retransmission en<\/p>\n<p>&#013;<\/p>\n<p>direct du champ de tirs et de manoeuvres, d&rsquo;un exercice de tirs r\u00e9els, ex\u00e9cut\u00e9 par une unit\u00e9 organique de la Division, et ce, dans le cadre du\u00a0 suivi de la concr\u00e9tisation du programme de pr\u00e9paration au combat pour\u00a0 l&rsquo;exercice 2016-2017.<\/p>\n<p>&#013;<\/p>\n<p>Le chef d&rsquo;Etat-major de l&rsquo;ANP a suivi, par la suite, un expos\u00e9 pr\u00e9sent\u00e9\u00a0 par le commandant de la Division sur cette grande unit\u00e9 qui rev\u00eat une\u00a0 importance vitale parmi le corps de bataille de l&rsquo;ANP.<\/p>\n<p>&#013;<\/p>\n<p>Il a donn\u00e9, \u00e0 ce \u00e9gard, des orientations et des recommandations portant sur \u00ab\u00a0la n\u00e9cessit\u00e9 de p\u00e9renniser les efforts soutenus afin d&rsquo;atteindre le\u00a0 d\u00e9veloppement et l&rsquo;\u00e9tat-pr\u00eat requis et d&rsquo;aboutir \u00e0 une parfaite performance\u00a0 op\u00e9rationnelle adapt\u00e9e \u00e0 la nature des missions assign\u00e9es\u00a0\u00bb.<\/p>\n<p>&#013;<\/p>\n<p>Gaid Salah a tenu, par la m\u00eame occasion, une rencontre avec les cadres\u00a0 et les \u00e9l\u00e9ments de la Division o\u00f9 il a prononc\u00e9 une allocution d&rsquo;orientation, suivie par tous les personnels de la R\u00e9gion via<\/p>\n<p>&#013;<\/p>\n<p>visioconf\u00e9rence, dans laquelle il a rappel\u00e9 \u00ab\u00a0les grands efforts fournis par\u00a0 l&rsquo;ANP, aux c\u00f4t\u00e9s des diff\u00e9rents corps de s\u00e9curit\u00e9, en vue de faire pr\u00e9valoir la s\u00e9r\u00e9nit\u00e9 et la stabilit\u00e9 pour notre patrie et notre peuple\u00a0\u00bb.<\/p>\n<p>&#013;<\/p>\n<p>\u00ab\u00a0C&rsquo;est un grand honneur pour l&rsquo;Arm\u00e9e nationale populaire, digne h\u00e9riti\u00e8re de l&rsquo;Arm\u00e9e de lib\u00e9ration nationale, d&rsquo;\u00eatre, avec le soutien et sous les orientations de Son Excellence Monsieur le Pr\u00e9sident de la R\u00e9publique, Chef supr\u00eame des Forces arm\u00e9es, ministre de la D\u00e9fense nationale, digne fid\u00e8le<\/p>\n<p>&#013;<\/p>\n<p>et protectrice du legs de nos valeureux Chouhada et \u00e0 la hauteur des exigences du devoir national et de la responsabilit\u00e9 de la d\u00e9fense de la patrie, et de garantir les facteurs de son unit\u00e9 et la sauvegarde de ses ressources, sa souverainet\u00e9 et sa libre d\u00e9cision\u00a0\u00bb, a affirm\u00e9 Ga\u00efd Salah.<\/p>\n<p>&#013;<\/p>\n<p>\u00ab\u00a0L&rsquo;Alg\u00e9rie, grande avec son histoire et sa g\u00e9ographie, et qui ne cesse d&rsquo;aspirer \u00e0 un avenir digne de cette histoire et de cette g\u00e9ographie, m\u00e9rite de son arm\u00e9e d&rsquo;\u00eatre toujours \u00e0 la hauteur des enjeux qui s\u2019imposent avec force\u00a0\u00bb, a-t-il soulign\u00e9.<\/p>\n<p>&#013;<\/p>\n<p>A ce titre, il a relev\u00e9 que \u00ab\u00a0la s\u00e9r\u00e9nit\u00e9, la stabilit\u00e9 et la qui\u00e9tude dont\u00a0 jouissent notre pays et notre peuple, sont le fruit palpable de ces efforts\u00a0 laborieux que l&rsquo;ANP ne cesse de consentir, aux c\u00f4t\u00e9s des diff\u00e9rents corps\u00a0 de s\u00e9curit\u00e9, pour prot\u00e9ger l&rsquo;Alg\u00e9rie avec toutes ses fronti\u00e8res et\u00a0 s\u00e9curiser la vie de nos concitoyens en toutes conditions et circonstances\u00a0\u00bb.<\/p>\n<p>&#013;<\/p>\n<p>Le g\u00e9n\u00e9ral de corps d&rsquo;Arm\u00e9e a rappel\u00e9, en outre, les mesures prises durant ce mois sacr\u00e9 de Ramadhan pour permettre au peuple Alg\u00e9rien d'\u00a0\u00bbobserver son devoir de je\u00fbne dans un climat de qui\u00e9tude et de s\u00e9curit\u00e9\u00a0\u00bb.<\/p>\n<p>&#013;<\/p>\n<p>\u00ab\u00a0La particularit\u00e9 du mois sacr\u00e9 de Ramadhan chez le peuple alg\u00e9rien et chez l&rsquo;ensemble de la communaut\u00e9 musulmane n&rsquo;est plus \u00e0 d\u00e9montrer. Cette particularit\u00e9 dont le fond spirituel et le v\u00e9ritables sens ne sauraient \u00eatre tangibles que si l&rsquo;individu est conscient que le travail est l&rsquo;une des plus hautes valeurs caract\u00e9risant ce mois sacr\u00e9. Ce mois dont les finalit\u00e9s et les nobles valeurs sont en discordance totale avec toute sorte de rel\u00e2chement et de laisser-aller\u00a0\u00bb.<\/p>\n<p>&#013;<\/p>\n<p>Pour le chef d&rsquo;Etat-major de l&rsquo;ANP, \u00ab\u00a0ces jours-ci sont pleins de motivations au travail en tant qu&rsquo;adoration, car dans l&rsquo;Islam, les valeurs d&rsquo;adoration et de travail sont fortement li\u00e9es, notamment quand il s&rsquo;agit de veiller \u00e0 l&rsquo;accomplissement du devoir de sauvegarde de la patrie, de protection de ses fronti\u00e8res nationales et d&rsquo;assurer la s\u00e9curit\u00e9 \u00e0 nos concitoyens\u00a0\u00bb.<\/p>\n<p>&#013;<\/p>\n<p>Le g\u00e9n\u00e9ral de corps d&rsquo;Arm\u00e9e a r\u00e9it\u00e9r\u00e9, \u00e0 cette occasion, \u00ab\u00a0le grand int\u00e9r\u00eat qu&rsquo;attache le Haut Commandement de l&rsquo;ANP \u00e0 l&rsquo;application enti\u00e8re et totale du programme de pr\u00e9paration qualitative et efficace au combat des unit\u00e9s\u00a0\u00bb, pr\u00e9cisant qu&rsquo;une telle mission \u00ab\u00a0m\u00e9rite l&rsquo;acquisition de tous les facteurs de la force, une strat\u00e9gie que nous, au sein de l&rsquo;Arm\u00e9e nationale\u00a0 populaire, avons estim\u00e9e \u00e0 sa juste valeur et consid\u00e9r\u00e9 que la pr\u00e9paration au combat, au sens global et compl\u00e9mentaire, est le passage principal par le biais duquel s&rsquo;ouvrent les horizons \u00e0 la r\u00e9alisation du d\u00e9veloppement souhait\u00e9 et de l&rsquo;\u00e9tat-pr\u00eat aspir\u00e9 afin d&rsquo;atteindre la performance op\u00e9rationnelle et combative qui \u00a0s&rsquo;adapte \u00e0 la nature des missions assign\u00e9es\u00a0\u00bb.<\/p>\n<p>&#013;<\/p>\n<p>A cet effet, a-t-il rappel\u00e9, \u00ab\u00a0chacun de nos \u00e9l\u00e9ments se doit d&rsquo;\u00eatre conscient que l&rsquo;ampleur des enjeux devant \u00eatre remport\u00e9s et la nature des d\u00e9fis devant \u00eatre affront\u00e9s exigent d&rsquo;oeuvrer sans rel\u00e2che \u00e0 acqu\u00e9rir les plus hauts degr\u00e9s de disponibilit\u00e9 combative et op\u00e9rationnelle, et la totale foi en le bon accomplissement des missions assign\u00e9es\u00a0\u00bb.<\/p>\n<p>&#013;<\/p>\n<p>\u00ab\u00a0Ainsi, nous consid\u00e9rons que la 12\u00e8me Division d&rsquo;infanterie m\u00e9canis\u00e9e est l&rsquo;une des grandes unit\u00e9s de combat, digne de r\u00e9aliser davantage de maturit\u00e9 op\u00e9rationnelle et de virtuosit\u00e9 combative\u00a0\u00bb, a-t-il fait valoir.<\/p>\n<p>&#013;<\/p>\n<p>\u00a0<\/p>\n<p>&#013;<\/p>\n<p>A l&rsquo;issue de la rencontre, la parole a \u00e9t\u00e9 donn\u00e9e aux \u00e9l\u00e9ments de la R\u00e9gion pour exprimer leurs pr\u00e9occupations.<\/p>\n<\/div>\n<p>&#013;<br \/>\nSource: <a href=\"http:\/\/www.aps.dz\/algerie\/58740-gaid-salah-reitere-l-attachement-du-haut-commandement-de-l-anp-a-l-application-du-programme-de-preparation-au-combat-des-unites\" target=\"_blank\">Ga\u00efd Salah r\u00e9it\u00e8re l&rsquo;attachement du Haut Commandement de l&rsquo;ANP \u00e0 l&rsquo;application du programme de pr\u00e9paration au combat des unit\u00e9s<\/a><\/p>\n<!--CusAds0-->\n<div style=\"font-size: 0px; height: 0px; line-height: 0px; margin: 0; padding: 0; clear: both;\"><\/div>","protected":false},"excerpt":{"rendered":"<p>ALGER- Le g\u00e9n\u00e9ral de corps d&rsquo;Arm\u00e9e, Ahmed Ga\u00efd Salah,\u00a0 vice-ministre de la D\u00e9fense nationale, chef d&rsquo;Etat-major de l&rsquo;Arm\u00e9e nationale populaire (ANP), a r\u00e9it\u00e9r\u00e9, samedi, au premier jour de sa visite de travail et d&rsquo;inspection dans la 1\u00e8re R\u00e9gion militaire, l&rsquo;attachement du Haut\u00a0 Commandement de l&rsquo;ANP \u00e0 l&rsquo;application du programme de pr\u00e9paration \u00ab\u00a0qualitative et efficace\u00a0\u00bb au<\/p>\n","protected":false},"author":6,"featured_media":13057,"comment_status":"open","ping_status":"open","sticky":false,"template":"","format":"standard","meta":{"footnotes":""},"categories":[22],"tags":[93],"class_list":["post-13056","post","type-post","status-publish","format-standard","has-post-thumbnail","hentry","category-infos","tag-onu"],"yoast_head":"<!-- This site is optimized with the Yoast SEO plugin v27.5 - https:\/\/yoast.com\/product\/yoast-seo-wordpress\/ -->\n<title>Ga\u00efd Salah r\u00e9it\u00e8re l&#039;attachement du Haut Commandement de l&#039;ANP \u00e0 l&#039;application du programme de pr\u00e9paration au combat des unit\u00e9s - info algerie<\/title>\n<meta name=\"robots\" content=\"index, follow, max-snippet:-1, max-image-preview:large, max-video-preview:-1\" \/>\n<link rel=\"canonical\" href=\"https:\/\/www.info-algerie.com\/actualites\/gaid-salah-reitere-lattachement-du-haut-commandement-de-lanp-a-lapplication-du-programme-de-preparation-au-combat-des-unites\/\" \/>\n<meta property=\"og:locale\" content=\"fr_FR\" \/>\n<meta property=\"og:type\" content=\"article\" \/>\n<meta property=\"og:title\" content=\"Ga\u00efd Salah r\u00e9it\u00e8re l&#039;attachement du Haut Commandement de l&#039;ANP \u00e0 l&#039;application du programme de pr\u00e9paration au combat des unit\u00e9s - info algerie\" \/>\n<meta property=\"og:description\" content=\"ALGER- Le g\u00e9n\u00e9ral de corps d&rsquo;Arm\u00e9e, Ahmed Ga\u00efd Salah,\u00a0 vice-ministre de la D\u00e9fense nationale, chef d&rsquo;Etat-major de l&rsquo;Arm\u00e9e nationale populaire (ANP), a r\u00e9it\u00e9r\u00e9, samedi, au premier jour de sa visite de travail et d&rsquo;inspection dans la 1\u00e8re R\u00e9gion militaire, l&rsquo;attachement du Haut\u00a0 Commandement de l&rsquo;ANP \u00e0 l&rsquo;application du programme de pr\u00e9paration \u00ab\u00a0qualitative et efficace\u00a0\u00bb au\" \/>\n<meta property=\"og:url\" content=\"https:\/\/www.info-algerie.com\/actualites\/gaid-salah-reitere-lattachement-du-haut-commandement-de-lanp-a-lapplication-du-programme-de-preparation-au-combat-des-unites\/\" \/>\n<meta property=\"og:site_name\" content=\"info algerie\" \/>\n<meta property=\"article:publisher\" content=\"https:\/\/www.facebook.com\/infoalgerieactu\" \/>\n<meta property=\"article:published_time\" content=\"2017-06-10T16:00:07+00:00\" \/>\n<meta property=\"og:image\" content=\"https:\/\/www.info-algerie.com\/actualites\/wp-content\/uploads\/2017\/06\/4de6e3de62c59b6a0e5359480dfa2a09_S-1.jpg\" \/>\n\t<meta property=\"og:image:width\" content=\"280\" \/>\n\t<meta property=\"og:image:height\" content=\"186\" \/>\n\t<meta property=\"og:image:type\" content=\"image\/jpeg\" \/>\n<meta name=\"author\" content=\"La r\u00e9daction\" \/>\n<meta name=\"twitter:label1\" content=\"\u00c9crit par\" \/>\n\t<meta name=\"twitter:data1\" content=\"La r\u00e9daction\" \/>\n\t<meta name=\"twitter:label2\" content=\"Dur\u00e9e de lecture estim\u00e9e\" \/>\n\t<meta name=\"twitter:data2\" content=\"5 minutes\" \/>\n<script type=\"application\/ld+json\" class=\"yoast-schema-graph\">{\"@context\":\"https:\\\/\\\/schema.org\",\"@graph\":[{\"@type\":\"Article\",\"@id\":\"https:\\\/\\\/www.info-algerie.com\\\/actualites\\\/gaid-salah-reitere-lattachement-du-haut-commandement-de-lanp-a-lapplication-du-programme-de-preparation-au-combat-des-unites\\\/#article\",\"isPartOf\":{\"@id\":\"https:\\\/\\\/www.info-algerie.com\\\/actualites\\\/gaid-salah-reitere-lattachement-du-haut-commandement-de-lanp-a-lapplication-du-programme-de-preparation-au-combat-des-unites\\\/\"},\"author\":{\"name\":\"La r\u00e9daction\",\"@id\":\"https:\\\/\\\/www.info-algerie.com\\\/actualites\\\/#\\\/schema\\\/person\\\/847aaec44920825b843a08f30ec6aa1e\"},\"headline\":\"Ga\u00efd Salah r\u00e9it\u00e8re l&#039;attachement du Haut Commandement de l&#039;ANP \u00e0 l&#039;application du programme de pr\u00e9paration au combat des unit\u00e9s\",\"datePublished\":\"2017-06-10T16:00:07+00:00\",\"mainEntityOfPage\":{\"@id\":\"https:\\\/\\\/www.info-algerie.com\\\/actualites\\\/gaid-salah-reitere-lattachement-du-haut-commandement-de-lanp-a-lapplication-du-programme-de-preparation-au-combat-des-unites\\\/\"},\"wordCount\":1102,\"commentCount\":0,\"publisher\":{\"@id\":\"https:\\\/\\\/www.info-algerie.com\\\/actualites\\\/#organization\"},\"image\":{\"@id\":\"https:\\\/\\\/www.info-algerie.com\\\/actualites\\\/gaid-salah-reitere-lattachement-du-haut-commandement-de-lanp-a-lapplication-du-programme-de-preparation-au-combat-des-unites\\\/#primaryimage\"},\"thumbnailUrl\":\"https:\\\/\\\/www.info-algerie.com\\\/actualites\\\/wp-content\\\/uploads\\\/2017\\\/06\\\/4de6e3de62c59b6a0e5359480dfa2a09_S-1.jpg\",\"keywords\":[\"ONU\"],\"articleSection\":[\"infos\"],\"inLanguage\":\"fr-FR\",\"potentialAction\":[{\"@type\":\"CommentAction\",\"name\":\"Comment\",\"target\":[\"https:\\\/\\\/www.info-algerie.com\\\/actualites\\\/gaid-salah-reitere-lattachement-du-haut-commandement-de-lanp-a-lapplication-du-programme-de-preparation-au-combat-des-unites\\\/#respond\"]}]},{\"@type\":\"WebPage\",\"@id\":\"https:\\\/\\\/www.info-algerie.com\\\/actualites\\\/gaid-salah-reitere-lattachement-du-haut-commandement-de-lanp-a-lapplication-du-programme-de-preparation-au-combat-des-unites\\\/\",\"url\":\"https:\\\/\\\/www.info-algerie.com\\\/actualites\\\/gaid-salah-reitere-lattachement-du-haut-commandement-de-lanp-a-lapplication-du-programme-de-preparation-au-combat-des-unites\\\/\",\"name\":\"Ga\u00efd Salah r\u00e9it\u00e8re l&#039;attachement du Haut Commandement de l&#039;ANP \u00e0 l&#039;application du programme de pr\u00e9paration au combat des unit\u00e9s - info algerie\",\"isPartOf\":{\"@id\":\"https:\\\/\\\/www.info-algerie.com\\\/actualites\\\/#website\"},\"primaryImageOfPage\":{\"@id\":\"https:\\\/\\\/www.info-algerie.com\\\/actualites\\\/gaid-salah-reitere-lattachement-du-haut-commandement-de-lanp-a-lapplication-du-programme-de-preparation-au-combat-des-unites\\\/#primaryimage\"},\"image\":{\"@id\":\"https:\\\/\\\/www.info-algerie.com\\\/actualites\\\/gaid-salah-reitere-lattachement-du-haut-commandement-de-lanp-a-lapplication-du-programme-de-preparation-au-combat-des-unites\\\/#primaryimage\"},\"thumbnailUrl\":\"https:\\\/\\\/www.info-algerie.com\\\/actualites\\\/wp-content\\\/uploads\\\/2017\\\/06\\\/4de6e3de62c59b6a0e5359480dfa2a09_S-1.jpg\",\"datePublished\":\"2017-06-10T16:00:07+00:00\",\"breadcrumb\":{\"@id\":\"https:\\\/\\\/www.info-algerie.com\\\/actualites\\\/gaid-salah-reitere-lattachement-du-haut-commandement-de-lanp-a-lapplication-du-programme-de-preparation-au-combat-des-unites\\\/#breadcrumb\"},\"inLanguage\":\"fr-FR\",\"potentialAction\":[{\"@type\":\"ReadAction\",\"target\":[\"https:\\\/\\\/www.info-algerie.com\\\/actualites\\\/gaid-salah-reitere-lattachement-du-haut-commandement-de-lanp-a-lapplication-du-programme-de-preparation-au-combat-des-unites\\\/\"]}]},{\"@type\":\"ImageObject\",\"inLanguage\":\"fr-FR\",\"@id\":\"https:\\\/\\\/www.info-algerie.com\\\/actualites\\\/gaid-salah-reitere-lattachement-du-haut-commandement-de-lanp-a-lapplication-du-programme-de-preparation-au-combat-des-unites\\\/#primaryimage\",\"url\":\"https:\\\/\\\/www.info-algerie.com\\\/actualites\\\/wp-content\\\/uploads\\\/2017\\\/06\\\/4de6e3de62c59b6a0e5359480dfa2a09_S-1.jpg\",\"contentUrl\":\"https:\\\/\\\/www.info-algerie.com\\\/actualites\\\/wp-content\\\/uploads\\\/2017\\\/06\\\/4de6e3de62c59b6a0e5359480dfa2a09_S-1.jpg\",\"width\":280,\"height\":186},{\"@type\":\"BreadcrumbList\",\"@id\":\"https:\\\/\\\/www.info-algerie.com\\\/actualites\\\/gaid-salah-reitere-lattachement-du-haut-commandement-de-lanp-a-lapplication-du-programme-de-preparation-au-combat-des-unites\\\/#breadcrumb\",\"itemListElement\":[{\"@type\":\"ListItem\",\"position\":1,\"name\":\"Accueil\",\"item\":\"https:\\\/\\\/www.info-algerie.com\\\/actualites\\\/\"},{\"@type\":\"ListItem\",\"position\":2,\"name\":\"Ga\u00efd Salah r\u00e9it\u00e8re l&#039;attachement du Haut Commandement de l&#039;ANP \u00e0 l&#039;application du programme de pr\u00e9paration au combat des unit\u00e9s\"}]},{\"@type\":\"WebSite\",\"@id\":\"https:\\\/\\\/www.info-algerie.com\\\/actualites\\\/#website\",\"url\":\"https:\\\/\\\/www.info-algerie.com\\\/actualites\\\/\",\"name\":\"info algerie\",\"description\":\"Toutes les actualit\u00e9s\",\"publisher\":{\"@id\":\"https:\\\/\\\/www.info-algerie.com\\\/actualites\\\/#organization\"},\"potentialAction\":[{\"@type\":\"SearchAction\",\"target\":{\"@type\":\"EntryPoint\",\"urlTemplate\":\"https:\\\/\\\/www.info-algerie.com\\\/actualites\\\/?s={search_term_string}\"},\"query-input\":{\"@type\":\"PropertyValueSpecification\",\"valueRequired\":true,\"valueName\":\"search_term_string\"}}],\"inLanguage\":\"fr-FR\"},{\"@type\":\"Organization\",\"@id\":\"https:\\\/\\\/www.info-algerie.com\\\/actualites\\\/#organization\",\"name\":\"info algerie\",\"url\":\"https:\\\/\\\/www.info-algerie.com\\\/actualites\\\/\",\"logo\":{\"@type\":\"ImageObject\",\"inLanguage\":\"fr-FR\",\"@id\":\"https:\\\/\\\/www.info-algerie.com\\\/actualites\\\/#\\\/schema\\\/logo\\\/image\\\/\",\"url\":\"https:\\\/\\\/www.info-algerie.com\\\/actualites\\\/wp-content\\\/uploads\\\/2022\\\/07\\\/logo-ia-120.png\",\"contentUrl\":\"https:\\\/\\\/www.info-algerie.com\\\/actualites\\\/wp-content\\\/uploads\\\/2022\\\/07\\\/logo-ia-120.png\",\"width\":120,\"height\":43,\"caption\":\"info algerie\"},\"image\":{\"@id\":\"https:\\\/\\\/www.info-algerie.com\\\/actualites\\\/#\\\/schema\\\/logo\\\/image\\\/\"},\"sameAs\":[\"https:\\\/\\\/www.facebook.com\\\/infoalgerieactu\",\"https:\\\/\\\/x.com\\\/infoalgerie1\"]},{\"@type\":\"Person\",\"@id\":\"https:\\\/\\\/www.info-algerie.com\\\/actualites\\\/#\\\/schema\\\/person\\\/847aaec44920825b843a08f30ec6aa1e\",\"name\":\"La r\u00e9daction\",\"image\":{\"@type\":\"ImageObject\",\"inLanguage\":\"fr-FR\",\"@id\":\"https:\\\/\\\/secure.gravatar.com\\\/avatar\\\/769db425c6f465158149f1ffd6cf61ce7a8a879d11dfbef8288af36dfddd418c?s=96&d=mm&r=g\",\"url\":\"https:\\\/\\\/secure.gravatar.com\\\/avatar\\\/769db425c6f465158149f1ffd6cf61ce7a8a879d11dfbef8288af36dfddd418c?s=96&d=mm&r=g\",\"contentUrl\":\"https:\\\/\\\/secure.gravatar.com\\\/avatar\\\/769db425c6f465158149f1ffd6cf61ce7a8a879d11dfbef8288af36dfddd418c?s=96&d=mm&r=g\",\"caption\":\"La r\u00e9daction\"},\"sameAs\":[\"http:\\\/\\\/www.lkeria.com\\\/\"],\"url\":\"https:\\\/\\\/www.info-algerie.com\\\/actualites\\\/author\\\/chakib32\\\/\"}]}<\/script>\n<!-- \/ Yoast SEO plugin. -->","yoast_head_json":{"title":"Ga\u00efd Salah r\u00e9it\u00e8re l&#039;attachement du Haut Commandement de l&#039;ANP \u00e0 l&#039;application du programme de pr\u00e9paration au combat des unit\u00e9s - info algerie","robots":{"index":"index","follow":"follow","max-snippet":"max-snippet:-1","max-image-preview":"max-image-preview:large","max-video-preview":"max-video-preview:-1"},"canonical":"https:\/\/www.info-algerie.com\/actualites\/gaid-salah-reitere-lattachement-du-haut-commandement-de-lanp-a-lapplication-du-programme-de-preparation-au-combat-des-unites\/","og_locale":"fr_FR","og_type":"article","og_title":"Ga\u00efd Salah r\u00e9it\u00e8re l&#039;attachement du Haut Commandement de l&#039;ANP \u00e0 l&#039;application du programme de pr\u00e9paration au combat des unit\u00e9s - info algerie","og_description":"ALGER- Le g\u00e9n\u00e9ral de corps d&rsquo;Arm\u00e9e, Ahmed Ga\u00efd Salah,\u00a0 vice-ministre de la D\u00e9fense nationale, chef d&rsquo;Etat-major de l&rsquo;Arm\u00e9e nationale populaire (ANP), a r\u00e9it\u00e9r\u00e9, samedi, au premier jour de sa visite de travail et d&rsquo;inspection dans la 1\u00e8re R\u00e9gion militaire, l&rsquo;attachement du Haut\u00a0 Commandement de l&rsquo;ANP \u00e0 l&rsquo;application du programme de pr\u00e9paration \u00ab\u00a0qualitative et efficace\u00a0\u00bb au","og_url":"https:\/\/www.info-algerie.com\/actualites\/gaid-salah-reitere-lattachement-du-haut-commandement-de-lanp-a-lapplication-du-programme-de-preparation-au-combat-des-unites\/","og_site_name":"info algerie","article_publisher":"https:\/\/www.facebook.com\/infoalgerieactu","article_published_time":"2017-06-10T16:00:07+00:00","og_image":[{"width":280,"height":186,"url":"https:\/\/www.info-algerie.com\/actualites\/wp-content\/uploads\/2017\/06\/4de6e3de62c59b6a0e5359480dfa2a09_S-1.jpg","type":"image\/jpeg"}],"author":"La r\u00e9daction","twitter_misc":{"\u00c9crit par":"La r\u00e9daction","Dur\u00e9e de lecture estim\u00e9e":"5 minutes"},"schema":{"@context":"https:\/\/schema.org","@graph":[{"@type":"Article","@id":"https:\/\/www.info-algerie.com\/actualites\/gaid-salah-reitere-lattachement-du-haut-commandement-de-lanp-a-lapplication-du-programme-de-preparation-au-combat-des-unites\/#article","isPartOf":{"@id":"https:\/\/www.info-algerie.com\/actualites\/gaid-salah-reitere-lattachement-du-haut-commandement-de-lanp-a-lapplication-du-programme-de-preparation-au-combat-des-unites\/"},"author":{"name":"La r\u00e9daction","@id":"https:\/\/www.info-algerie.com\/actualites\/#\/schema\/person\/847aaec44920825b843a08f30ec6aa1e"},"headline":"Ga\u00efd Salah r\u00e9it\u00e8re l&#039;attachement du Haut Commandement de l&#039;ANP \u00e0 l&#039;application du programme de pr\u00e9paration au combat des unit\u00e9s","datePublished":"2017-06-10T16:00:07+00:00","mainEntityOfPage":{"@id":"https:\/\/www.info-algerie.com\/actualites\/gaid-salah-reitere-lattachement-du-haut-commandement-de-lanp-a-lapplication-du-programme-de-preparation-au-combat-des-unites\/"},"wordCount":1102,"commentCount":0,"publisher":{"@id":"https:\/\/www.info-algerie.com\/actualites\/#organization"},"image":{"@id":"https:\/\/www.info-algerie.com\/actualites\/gaid-salah-reitere-lattachement-du-haut-commandement-de-lanp-a-lapplication-du-programme-de-preparation-au-combat-des-unites\/#primaryimage"},"thumbnailUrl":"https:\/\/www.info-algerie.com\/actualites\/wp-content\/uploads\/2017\/06\/4de6e3de62c59b6a0e5359480dfa2a09_S-1.jpg","keywords":["ONU"],"articleSection":["infos"],"inLanguage":"fr-FR","potentialAction":[{"@type":"CommentAction","name":"Comment","target":["https:\/\/www.info-algerie.com\/actualites\/gaid-salah-reitere-lattachement-du-haut-commandement-de-lanp-a-lapplication-du-programme-de-preparation-au-combat-des-unites\/#respond"]}]},{"@type":"WebPage","@id":"https:\/\/www.info-algerie.com\/actualites\/gaid-salah-reitere-lattachement-du-haut-commandement-de-lanp-a-lapplication-du-programme-de-preparation-au-combat-des-unites\/","url":"https:\/\/www.info-algerie.com\/actualites\/gaid-salah-reitere-lattachement-du-haut-commandement-de-lanp-a-lapplication-du-programme-de-preparation-au-combat-des-unites\/","name":"Ga\u00efd Salah r\u00e9it\u00e8re l&#039;attachement du Haut Commandement de l&#039;ANP \u00e0 l&#039;application du programme de pr\u00e9paration au combat des unit\u00e9s - info algerie","isPartOf":{"@id":"https:\/\/www.info-algerie.com\/actualites\/#website"},"primaryImageOfPage":{"@id":"https:\/\/www.info-algerie.com\/actualites\/gaid-salah-reitere-lattachement-du-haut-commandement-de-lanp-a-lapplication-du-programme-de-preparation-au-combat-des-unites\/#primaryimage"},"image":{"@id":"https:\/\/www.info-algerie.com\/actualites\/gaid-salah-reitere-lattachement-du-haut-commandement-de-lanp-a-lapplication-du-programme-de-preparation-au-combat-des-unites\/#primaryimage"},"thumbnailUrl":"https:\/\/www.info-algerie.com\/actualites\/wp-content\/uploads\/2017\/06\/4de6e3de62c59b6a0e5359480dfa2a09_S-1.jpg","datePublished":"2017-06-10T16:00:07+00:00","breadcrumb":{"@id":"https:\/\/www.info-algerie.com\/actualites\/gaid-salah-reitere-lattachement-du-haut-commandement-de-lanp-a-lapplication-du-programme-de-preparation-au-combat-des-unites\/#breadcrumb"},"inLanguage":"fr-FR","potentialAction":[{"@type":"ReadAction","target":["https:\/\/www.info-algerie.com\/actualites\/gaid-salah-reitere-lattachement-du-haut-commandement-de-lanp-a-lapplication-du-programme-de-preparation-au-combat-des-unites\/"]}]},{"@type":"ImageObject","inLanguage":"fr-FR","@id":"https:\/\/www.info-algerie.com\/actualites\/gaid-salah-reitere-lattachement-du-haut-commandement-de-lanp-a-lapplication-du-programme-de-preparation-au-combat-des-unites\/#primaryimage","url":"https:\/\/www.info-algerie.com\/actualites\/wp-content\/uploads\/2017\/06\/4de6e3de62c59b6a0e5359480dfa2a09_S-1.jpg","contentUrl":"https:\/\/www.info-algerie.com\/actualites\/wp-content\/uploads\/2017\/06\/4de6e3de62c59b6a0e5359480dfa2a09_S-1.jpg","width":280,"height":186},{"@type":"BreadcrumbList","@id":"https:\/\/www.info-algerie.com\/actualites\/gaid-salah-reitere-lattachement-du-haut-commandement-de-lanp-a-lapplication-du-programme-de-preparation-au-combat-des-unites\/#breadcrumb","itemListElement":[{"@type":"ListItem","position":1,"name":"Accueil","item":"https:\/\/www.info-algerie.com\/actualites\/"},{"@type":"ListItem","position":2,"name":"Ga\u00efd Salah r\u00e9it\u00e8re l&#039;attachement du Haut Commandement de l&#039;ANP \u00e0 l&#039;application du programme de pr\u00e9paration au combat des unit\u00e9s"}]},{"@type":"WebSite","@id":"https:\/\/www.info-algerie.com\/actualites\/#website","url":"https:\/\/www.info-algerie.com\/actualites\/","name":"info algerie","description":"Toutes les actualit\u00e9s","publisher":{"@id":"https:\/\/www.info-algerie.com\/actualites\/#organization"},"potentialAction":[{"@type":"SearchAction","target":{"@type":"EntryPoint","urlTemplate":"https:\/\/www.info-algerie.com\/actualites\/?s={search_term_string}"},"query-input":{"@type":"PropertyValueSpecification","valueRequired":true,"valueName":"search_term_string"}}],"inLanguage":"fr-FR"},{"@type":"Organization","@id":"https:\/\/www.info-algerie.com\/actualites\/#organization","name":"info algerie","url":"https:\/\/www.info-algerie.com\/actualites\/","logo":{"@type":"ImageObject","inLanguage":"fr-FR","@id":"https:\/\/www.info-algerie.com\/actualites\/#\/schema\/logo\/image\/","url":"https:\/\/www.info-algerie.com\/actualites\/wp-content\/uploads\/2022\/07\/logo-ia-120.png","contentUrl":"https:\/\/www.info-algerie.com\/actualites\/wp-content\/uploads\/2022\/07\/logo-ia-120.png","width":120,"height":43,"caption":"info algerie"},"image":{"@id":"https:\/\/www.info-algerie.com\/actualites\/#\/schema\/logo\/image\/"},"sameAs":["https:\/\/www.facebook.com\/infoalgerieactu","https:\/\/x.com\/infoalgerie1"]},{"@type":"Person","@id":"https:\/\/www.info-algerie.com\/actualites\/#\/schema\/person\/847aaec44920825b843a08f30ec6aa1e","name":"La r\u00e9daction","image":{"@type":"ImageObject","inLanguage":"fr-FR","@id":"https:\/\/secure.gravatar.com\/avatar\/769db425c6f465158149f1ffd6cf61ce7a8a879d11dfbef8288af36dfddd418c?s=96&d=mm&r=g","url":"https:\/\/secure.gravatar.com\/avatar\/769db425c6f465158149f1ffd6cf61ce7a8a879d11dfbef8288af36dfddd418c?s=96&d=mm&r=g","contentUrl":"https:\/\/secure.gravatar.com\/avatar\/769db425c6f465158149f1ffd6cf61ce7a8a879d11dfbef8288af36dfddd418c?s=96&d=mm&r=g","caption":"La r\u00e9daction"},"sameAs":["http:\/\/www.lkeria.com\/"],"url":"https:\/\/www.info-algerie.com\/actualites\/author\/chakib32\/"}]}},"_links":{"self":[{"href":"https:\/\/www.info-algerie.com\/actualites\/wp-json\/wp\/v2\/posts\/13056","targetHints":{"allow":["GET"]}}],"collection":[{"href":"https:\/\/www.info-algerie.com\/actualites\/wp-json\/wp\/v2\/posts"}],"about":[{"href":"https:\/\/www.info-algerie.com\/actualites\/wp-json\/wp\/v2\/types\/post"}],"author":[{"embeddable":true,"href":"https:\/\/www.info-algerie.com\/actualites\/wp-json\/wp\/v2\/users\/6"}],"replies":[{"embeddable":true,"href":"https:\/\/www.info-algerie.com\/actualites\/wp-json\/wp\/v2\/comments?post=13056"}],"version-history":[{"count":0,"href":"https:\/\/www.info-algerie.com\/actualites\/wp-json\/wp\/v2\/posts\/13056\/revisions"}],"wp:featuredmedia":[{"embeddable":true,"href":"https:\/\/www.info-algerie.com\/actualites\/wp-json\/wp\/v2\/media\/13057"}],"wp:attachment":[{"href":"https:\/\/www.info-algerie.com\/actualites\/wp-json\/wp\/v2\/media?parent=13056"}],"wp:term":[{"taxonomy":"category","embeddable":true,"href":"https:\/\/www.info-algerie.com\/actualites\/wp-json\/wp\/v2\/categories?post=13056"},{"taxonomy":"post_tag","embeddable":true,"href":"https:\/\/www.info-algerie.com\/actualites\/wp-json\/wp\/v2\/tags?post=13056"}],"curies":[{"name":"wp","href":"https:\/\/api.w.org\/{rel}","templated":true}]}}