{"id":13058,"date":"2017-06-10T18:51:10","date_gmt":"2017-06-10T17:51:10","guid":{"rendered":"http:\/\/www.info-algerie.com\/actualites\/archives-detenues-par-letat-francais-reprise-des-discussions-entre-lalgerie-et-la-france-en-septembre\/"},"modified":"2017-06-10T18:51:10","modified_gmt":"2017-06-10T17:51:10","slug":"archives-detenues-par-letat-francais-reprise-des-discussions-entre-lalgerie-et-la-france-en-septembre","status":"publish","type":"post","link":"https:\/\/www.info-algerie.com\/actualites\/archives-detenues-par-letat-francais-reprise-des-discussions-entre-lalgerie-et-la-france-en-septembre\/","title":{"rendered":"Archives d\u00e9tenues par l&#039;Etat fran\u00e7ais: reprise des discussions entre l&#039;Alg\u00e9rie et la France en septembre"},"content":{"rendered":"<div class=\"K2FeedIntroText\">\n<p>ALGER- Les discussions engag\u00e9es par l&rsquo;Alg\u00e9rie pour la restitution des archives nationales d\u00e9tenues par la France devront reprendre d\u00e8s septembre prochain, a d\u00e9clar\u00e9 samedi le directeur g\u00e9n\u00e9ral des Archives nationales, en pointant la \u00ab\u00a0lenteur\u00a0\u00bb qui caract\u00e9rise ces op\u00e9rations.<\/p>\n<p>&#013;\n<\/p><\/div>\n<div class=\"K2FeedFullText\">&#013;<\/p>\n<p>S&rsquo;exprimant lors d&rsquo;une rencontre \u00e0 l&rsquo;occasion de la Journ\u00e9e internationale des archives, c\u00e9l\u00e9br\u00e9e le 9 juin, Abdelmadjid Chikhi a expliqu\u00e9 que les proc\u00e9dures r\u00e8glementaires \u00ab\u00a0lentes\u00a0\u00bb et le changement de responsables \u00e0 la t\u00eate des institutions en France retardent la r\u00e9cup\u00e9ration de ce pan important de la m\u00e9moire collective des Alg\u00e9riens.\u00a0<\/p>\n<p>&#013;<\/p>\n<p>Rappelant que la premi\u00e8re demande alg\u00e9rienne remontait \u00e0 1964, il a soulign\u00e9 que les autorit\u00e9s politiques ont entrepris depuis de nombreuses d\u00e9marches pour restituer ces archives \u00ab\u00a0spoli\u00e9es\u00a0\u00bb ou \u00ab\u00a0d\u00e9plac\u00e9es\u00a0\u00bb en France, \u00ab\u00a0pendant et apr\u00e8s l&rsquo;ind\u00e9pendance\u00a0\u00bb.\u00a0\u00a0<\/p>\n<p>&#013;<\/p>\n<p>En marge de cette rencontre, une exposition regroupant des extraits de documents de diff\u00e9rentes \u00e9poques de l&rsquo;histoire de l&rsquo;Alg\u00e9rie et des photos a \u00e9t\u00e9 d\u00e9voil\u00e9e au public, comme cet extrait transcrit en arabe et en anglais du Trait\u00e9 de paix conclu avec la Hollande en mai 1760, et le Trait\u00e9 avec les Etats-Unis en 1775.\u00a0<\/p>\n<p>&#013;<\/p>\n<p>\u00a0Des images retra\u00e7ant les activit\u00e9s du Centre national des archives dont la collecte, le classement et la pr\u00e9servation des archives ainsi que des publications des archives nationales font partie de cette exposition, ouverte au public et qui se poursuit jusqu&rsquo;\u00e0 la fin juin \u00e0 l&rsquo;annexe du Centre des archives nationales.<\/p>\n<\/div>\n<p>&#013;<br \/>\nSource: <a href=\"http:\/\/www.aps.dz\/algerie\/58745-archives-detenues-par-l-etat-francais-reprise-des-discussions-entre-l-algerie-et-la-france-en-septembre\" target=\"_blank\">Archives d\u00e9tenues par l&rsquo;Etat fran\u00e7ais: reprise des discussions entre l&rsquo;Alg\u00e9rie et la France en septembre<\/a><\/p>\n<!--CusAds0-->\n<div style=\"font-size: 0px; height: 0px; line-height: 0px; margin: 0; padding: 0; clear: both;\"><\/div>","protected":false},"excerpt":{"rendered":"<p>ALGER- Les discussions engag\u00e9es par l&rsquo;Alg\u00e9rie pour la restitution des archives nationales d\u00e9tenues par la France devront reprendre d\u00e8s septembre prochain, a d\u00e9clar\u00e9 samedi le directeur g\u00e9n\u00e9ral des Archives nationales, en pointant la \u00ab\u00a0lenteur\u00a0\u00bb qui caract\u00e9rise ces op\u00e9rations. &#013; &#013; S&rsquo;exprimant lors d&rsquo;une rencontre \u00e0 l&rsquo;occasion de la Journ\u00e9e internationale des archives, c\u00e9l\u00e9br\u00e9e le 9<\/p>\n","protected":false},"author":6,"featured_media":0,"comment_status":"open","ping_status":"open","sticky":false,"template":"","format":"standard","meta":{"footnotes":""},"categories":[22],"tags":[93],"class_list":["post-13058","post","type-post","status-publish","format-standard","hentry","category-infos","tag-onu"],"yoast_head":"<!-- This site is optimized with the Yoast SEO plugin v27.5 - https:\/\/yoast.com\/product\/yoast-seo-wordpress\/ -->\n<title>Archives d\u00e9tenues par l&#039;Etat fran\u00e7ais: reprise des discussions entre l&#039;Alg\u00e9rie et la France en septembre - info algerie<\/title>\n<meta name=\"robots\" content=\"index, follow, max-snippet:-1, max-image-preview:large, max-video-preview:-1\" \/>\n<link rel=\"canonical\" href=\"https:\/\/www.info-algerie.com\/actualites\/archives-detenues-par-letat-francais-reprise-des-discussions-entre-lalgerie-et-la-france-en-septembre\/\" \/>\n<meta property=\"og:locale\" content=\"fr_FR\" \/>\n<meta property=\"og:type\" content=\"article\" \/>\n<meta property=\"og:title\" content=\"Archives d\u00e9tenues par l&#039;Etat fran\u00e7ais: reprise des discussions entre l&#039;Alg\u00e9rie et la France en septembre - info algerie\" \/>\n<meta property=\"og:description\" content=\"ALGER- Les discussions engag\u00e9es par l&rsquo;Alg\u00e9rie pour la restitution des archives nationales d\u00e9tenues par la France devront reprendre d\u00e8s septembre prochain, a d\u00e9clar\u00e9 samedi le directeur g\u00e9n\u00e9ral des Archives nationales, en pointant la \u00ab\u00a0lenteur\u00a0\u00bb qui caract\u00e9rise ces op\u00e9rations. &#013; &#013; S&rsquo;exprimant lors d&rsquo;une rencontre \u00e0 l&rsquo;occasion de la Journ\u00e9e internationale des archives, c\u00e9l\u00e9br\u00e9e le 9\" \/>\n<meta property=\"og:url\" content=\"https:\/\/www.info-algerie.com\/actualites\/archives-detenues-par-letat-francais-reprise-des-discussions-entre-lalgerie-et-la-france-en-septembre\/\" \/>\n<meta property=\"og:site_name\" content=\"info algerie\" \/>\n<meta property=\"article:publisher\" content=\"https:\/\/www.facebook.com\/infoalgerieactu\" \/>\n<meta property=\"article:published_time\" content=\"2017-06-10T17:51:10+00:00\" \/>\n<meta name=\"author\" content=\"La r\u00e9daction\" \/>\n<meta name=\"twitter:label1\" content=\"\u00c9crit par\" \/>\n\t<meta name=\"twitter:data1\" content=\"La r\u00e9daction\" \/>\n\t<meta name=\"twitter:label2\" content=\"Dur\u00e9e de lecture estim\u00e9e\" \/>\n\t<meta name=\"twitter:data2\" content=\"1 minute\" \/>\n<script type=\"application\/ld+json\" class=\"yoast-schema-graph\">{\"@context\":\"https:\\\/\\\/schema.org\",\"@graph\":[{\"@type\":\"Article\",\"@id\":\"https:\\\/\\\/www.info-algerie.com\\\/actualites\\\/archives-detenues-par-letat-francais-reprise-des-discussions-entre-lalgerie-et-la-france-en-septembre\\\/#article\",\"isPartOf\":{\"@id\":\"https:\\\/\\\/www.info-algerie.com\\\/actualites\\\/archives-detenues-par-letat-francais-reprise-des-discussions-entre-lalgerie-et-la-france-en-septembre\\\/\"},\"author\":{\"name\":\"La r\u00e9daction\",\"@id\":\"https:\\\/\\\/www.info-algerie.com\\\/actualites\\\/#\\\/schema\\\/person\\\/847aaec44920825b843a08f30ec6aa1e\"},\"headline\":\"Archives d\u00e9tenues par l&#039;Etat fran\u00e7ais: reprise des discussions entre l&#039;Alg\u00e9rie et la France en septembre\",\"datePublished\":\"2017-06-10T17:51:10+00:00\",\"mainEntityOfPage\":{\"@id\":\"https:\\\/\\\/www.info-algerie.com\\\/actualites\\\/archives-detenues-par-letat-francais-reprise-des-discussions-entre-lalgerie-et-la-france-en-septembre\\\/\"},\"wordCount\":305,\"commentCount\":0,\"publisher\":{\"@id\":\"https:\\\/\\\/www.info-algerie.com\\\/actualites\\\/#organization\"},\"keywords\":[\"ONU\"],\"articleSection\":[\"infos\"],\"inLanguage\":\"fr-FR\",\"potentialAction\":[{\"@type\":\"CommentAction\",\"name\":\"Comment\",\"target\":[\"https:\\\/\\\/www.info-algerie.com\\\/actualites\\\/archives-detenues-par-letat-francais-reprise-des-discussions-entre-lalgerie-et-la-france-en-septembre\\\/#respond\"]}]},{\"@type\":\"WebPage\",\"@id\":\"https:\\\/\\\/www.info-algerie.com\\\/actualites\\\/archives-detenues-par-letat-francais-reprise-des-discussions-entre-lalgerie-et-la-france-en-septembre\\\/\",\"url\":\"https:\\\/\\\/www.info-algerie.com\\\/actualites\\\/archives-detenues-par-letat-francais-reprise-des-discussions-entre-lalgerie-et-la-france-en-septembre\\\/\",\"name\":\"Archives d\u00e9tenues par l&#039;Etat fran\u00e7ais: reprise des discussions entre l&#039;Alg\u00e9rie et la France en septembre - info algerie\",\"isPartOf\":{\"@id\":\"https:\\\/\\\/www.info-algerie.com\\\/actualites\\\/#website\"},\"datePublished\":\"2017-06-10T17:51:10+00:00\",\"breadcrumb\":{\"@id\":\"https:\\\/\\\/www.info-algerie.com\\\/actualites\\\/archives-detenues-par-letat-francais-reprise-des-discussions-entre-lalgerie-et-la-france-en-septembre\\\/#breadcrumb\"},\"inLanguage\":\"fr-FR\",\"potentialAction\":[{\"@type\":\"ReadAction\",\"target\":[\"https:\\\/\\\/www.info-algerie.com\\\/actualites\\\/archives-detenues-par-letat-francais-reprise-des-discussions-entre-lalgerie-et-la-france-en-septembre\\\/\"]}]},{\"@type\":\"BreadcrumbList\",\"@id\":\"https:\\\/\\\/www.info-algerie.com\\\/actualites\\\/archives-detenues-par-letat-francais-reprise-des-discussions-entre-lalgerie-et-la-france-en-septembre\\\/#breadcrumb\",\"itemListElement\":[{\"@type\":\"ListItem\",\"position\":1,\"name\":\"Accueil\",\"item\":\"https:\\\/\\\/www.info-algerie.com\\\/actualites\\\/\"},{\"@type\":\"ListItem\",\"position\":2,\"name\":\"Archives d\u00e9tenues par l&#039;Etat fran\u00e7ais: reprise des discussions entre l&#039;Alg\u00e9rie et la France en septembre\"}]},{\"@type\":\"WebSite\",\"@id\":\"https:\\\/\\\/www.info-algerie.com\\\/actualites\\\/#website\",\"url\":\"https:\\\/\\\/www.info-algerie.com\\\/actualites\\\/\",\"name\":\"info algerie\",\"description\":\"Toutes les actualit\u00e9s\",\"publisher\":{\"@id\":\"https:\\\/\\\/www.info-algerie.com\\\/actualites\\\/#organization\"},\"potentialAction\":[{\"@type\":\"SearchAction\",\"target\":{\"@type\":\"EntryPoint\",\"urlTemplate\":\"https:\\\/\\\/www.info-algerie.com\\\/actualites\\\/?s={search_term_string}\"},\"query-input\":{\"@type\":\"PropertyValueSpecification\",\"valueRequired\":true,\"valueName\":\"search_term_string\"}}],\"inLanguage\":\"fr-FR\"},{\"@type\":\"Organization\",\"@id\":\"https:\\\/\\\/www.info-algerie.com\\\/actualites\\\/#organization\",\"name\":\"info algerie\",\"url\":\"https:\\\/\\\/www.info-algerie.com\\\/actualites\\\/\",\"logo\":{\"@type\":\"ImageObject\",\"inLanguage\":\"fr-FR\",\"@id\":\"https:\\\/\\\/www.info-algerie.com\\\/actualites\\\/#\\\/schema\\\/logo\\\/image\\\/\",\"url\":\"https:\\\/\\\/www.info-algerie.com\\\/actualites\\\/wp-content\\\/uploads\\\/2022\\\/07\\\/logo-ia-120.png\",\"contentUrl\":\"https:\\\/\\\/www.info-algerie.com\\\/actualites\\\/wp-content\\\/uploads\\\/2022\\\/07\\\/logo-ia-120.png\",\"width\":120,\"height\":43,\"caption\":\"info algerie\"},\"image\":{\"@id\":\"https:\\\/\\\/www.info-algerie.com\\\/actualites\\\/#\\\/schema\\\/logo\\\/image\\\/\"},\"sameAs\":[\"https:\\\/\\\/www.facebook.com\\\/infoalgerieactu\",\"https:\\\/\\\/x.com\\\/infoalgerie1\"]},{\"@type\":\"Person\",\"@id\":\"https:\\\/\\\/www.info-algerie.com\\\/actualites\\\/#\\\/schema\\\/person\\\/847aaec44920825b843a08f30ec6aa1e\",\"name\":\"La r\u00e9daction\",\"image\":{\"@type\":\"ImageObject\",\"inLanguage\":\"fr-FR\",\"@id\":\"https:\\\/\\\/secure.gravatar.com\\\/avatar\\\/769db425c6f465158149f1ffd6cf61ce7a8a879d11dfbef8288af36dfddd418c?s=96&d=mm&r=g\",\"url\":\"https:\\\/\\\/secure.gravatar.com\\\/avatar\\\/769db425c6f465158149f1ffd6cf61ce7a8a879d11dfbef8288af36dfddd418c?s=96&d=mm&r=g\",\"contentUrl\":\"https:\\\/\\\/secure.gravatar.com\\\/avatar\\\/769db425c6f465158149f1ffd6cf61ce7a8a879d11dfbef8288af36dfddd418c?s=96&d=mm&r=g\",\"caption\":\"La r\u00e9daction\"},\"sameAs\":[\"http:\\\/\\\/www.lkeria.com\\\/\"],\"url\":\"https:\\\/\\\/www.info-algerie.com\\\/actualites\\\/author\\\/chakib32\\\/\"}]}<\/script>\n<!-- \/ Yoast SEO plugin. -->","yoast_head_json":{"title":"Archives d\u00e9tenues par l&#039;Etat fran\u00e7ais: reprise des discussions entre l&#039;Alg\u00e9rie et la France en septembre - info algerie","robots":{"index":"index","follow":"follow","max-snippet":"max-snippet:-1","max-image-preview":"max-image-preview:large","max-video-preview":"max-video-preview:-1"},"canonical":"https:\/\/www.info-algerie.com\/actualites\/archives-detenues-par-letat-francais-reprise-des-discussions-entre-lalgerie-et-la-france-en-septembre\/","og_locale":"fr_FR","og_type":"article","og_title":"Archives d\u00e9tenues par l&#039;Etat fran\u00e7ais: reprise des discussions entre l&#039;Alg\u00e9rie et la France en septembre - info algerie","og_description":"ALGER- Les discussions engag\u00e9es par l&rsquo;Alg\u00e9rie pour la restitution des archives nationales d\u00e9tenues par la France devront reprendre d\u00e8s septembre prochain, a d\u00e9clar\u00e9 samedi le directeur g\u00e9n\u00e9ral des Archives nationales, en pointant la \u00ab\u00a0lenteur\u00a0\u00bb qui caract\u00e9rise ces op\u00e9rations. &#013; &#013; S&rsquo;exprimant lors d&rsquo;une rencontre \u00e0 l&rsquo;occasion de la Journ\u00e9e internationale des archives, c\u00e9l\u00e9br\u00e9e le 9","og_url":"https:\/\/www.info-algerie.com\/actualites\/archives-detenues-par-letat-francais-reprise-des-discussions-entre-lalgerie-et-la-france-en-septembre\/","og_site_name":"info algerie","article_publisher":"https:\/\/www.facebook.com\/infoalgerieactu","article_published_time":"2017-06-10T17:51:10+00:00","author":"La r\u00e9daction","twitter_misc":{"\u00c9crit par":"La r\u00e9daction","Dur\u00e9e de lecture estim\u00e9e":"1 minute"},"schema":{"@context":"https:\/\/schema.org","@graph":[{"@type":"Article","@id":"https:\/\/www.info-algerie.com\/actualites\/archives-detenues-par-letat-francais-reprise-des-discussions-entre-lalgerie-et-la-france-en-septembre\/#article","isPartOf":{"@id":"https:\/\/www.info-algerie.com\/actualites\/archives-detenues-par-letat-francais-reprise-des-discussions-entre-lalgerie-et-la-france-en-septembre\/"},"author":{"name":"La r\u00e9daction","@id":"https:\/\/www.info-algerie.com\/actualites\/#\/schema\/person\/847aaec44920825b843a08f30ec6aa1e"},"headline":"Archives d\u00e9tenues par l&#039;Etat fran\u00e7ais: reprise des discussions entre l&#039;Alg\u00e9rie et la France en septembre","datePublished":"2017-06-10T17:51:10+00:00","mainEntityOfPage":{"@id":"https:\/\/www.info-algerie.com\/actualites\/archives-detenues-par-letat-francais-reprise-des-discussions-entre-lalgerie-et-la-france-en-septembre\/"},"wordCount":305,"commentCount":0,"publisher":{"@id":"https:\/\/www.info-algerie.com\/actualites\/#organization"},"keywords":["ONU"],"articleSection":["infos"],"inLanguage":"fr-FR","potentialAction":[{"@type":"CommentAction","name":"Comment","target":["https:\/\/www.info-algerie.com\/actualites\/archives-detenues-par-letat-francais-reprise-des-discussions-entre-lalgerie-et-la-france-en-septembre\/#respond"]}]},{"@type":"WebPage","@id":"https:\/\/www.info-algerie.com\/actualites\/archives-detenues-par-letat-francais-reprise-des-discussions-entre-lalgerie-et-la-france-en-septembre\/","url":"https:\/\/www.info-algerie.com\/actualites\/archives-detenues-par-letat-francais-reprise-des-discussions-entre-lalgerie-et-la-france-en-septembre\/","name":"Archives d\u00e9tenues par l&#039;Etat fran\u00e7ais: reprise des discussions entre l&#039;Alg\u00e9rie et la France en septembre - info algerie","isPartOf":{"@id":"https:\/\/www.info-algerie.com\/actualites\/#website"},"datePublished":"2017-06-10T17:51:10+00:00","breadcrumb":{"@id":"https:\/\/www.info-algerie.com\/actualites\/archives-detenues-par-letat-francais-reprise-des-discussions-entre-lalgerie-et-la-france-en-septembre\/#breadcrumb"},"inLanguage":"fr-FR","potentialAction":[{"@type":"ReadAction","target":["https:\/\/www.info-algerie.com\/actualites\/archives-detenues-par-letat-francais-reprise-des-discussions-entre-lalgerie-et-la-france-en-septembre\/"]}]},{"@type":"BreadcrumbList","@id":"https:\/\/www.info-algerie.com\/actualites\/archives-detenues-par-letat-francais-reprise-des-discussions-entre-lalgerie-et-la-france-en-septembre\/#breadcrumb","itemListElement":[{"@type":"ListItem","position":1,"name":"Accueil","item":"https:\/\/www.info-algerie.com\/actualites\/"},{"@type":"ListItem","position":2,"name":"Archives d\u00e9tenues par l&#039;Etat fran\u00e7ais: reprise des discussions entre l&#039;Alg\u00e9rie et la France en septembre"}]},{"@type":"WebSite","@id":"https:\/\/www.info-algerie.com\/actualites\/#website","url":"https:\/\/www.info-algerie.com\/actualites\/","name":"info algerie","description":"Toutes les actualit\u00e9s","publisher":{"@id":"https:\/\/www.info-algerie.com\/actualites\/#organization"},"potentialAction":[{"@type":"SearchAction","target":{"@type":"EntryPoint","urlTemplate":"https:\/\/www.info-algerie.com\/actualites\/?s={search_term_string}"},"query-input":{"@type":"PropertyValueSpecification","valueRequired":true,"valueName":"search_term_string"}}],"inLanguage":"fr-FR"},{"@type":"Organization","@id":"https:\/\/www.info-algerie.com\/actualites\/#organization","name":"info algerie","url":"https:\/\/www.info-algerie.com\/actualites\/","logo":{"@type":"ImageObject","inLanguage":"fr-FR","@id":"https:\/\/www.info-algerie.com\/actualites\/#\/schema\/logo\/image\/","url":"https:\/\/www.info-algerie.com\/actualites\/wp-content\/uploads\/2022\/07\/logo-ia-120.png","contentUrl":"https:\/\/www.info-algerie.com\/actualites\/wp-content\/uploads\/2022\/07\/logo-ia-120.png","width":120,"height":43,"caption":"info algerie"},"image":{"@id":"https:\/\/www.info-algerie.com\/actualites\/#\/schema\/logo\/image\/"},"sameAs":["https:\/\/www.facebook.com\/infoalgerieactu","https:\/\/x.com\/infoalgerie1"]},{"@type":"Person","@id":"https:\/\/www.info-algerie.com\/actualites\/#\/schema\/person\/847aaec44920825b843a08f30ec6aa1e","name":"La r\u00e9daction","image":{"@type":"ImageObject","inLanguage":"fr-FR","@id":"https:\/\/secure.gravatar.com\/avatar\/769db425c6f465158149f1ffd6cf61ce7a8a879d11dfbef8288af36dfddd418c?s=96&d=mm&r=g","url":"https:\/\/secure.gravatar.com\/avatar\/769db425c6f465158149f1ffd6cf61ce7a8a879d11dfbef8288af36dfddd418c?s=96&d=mm&r=g","contentUrl":"https:\/\/secure.gravatar.com\/avatar\/769db425c6f465158149f1ffd6cf61ce7a8a879d11dfbef8288af36dfddd418c?s=96&d=mm&r=g","caption":"La r\u00e9daction"},"sameAs":["http:\/\/www.lkeria.com\/"],"url":"https:\/\/www.info-algerie.com\/actualites\/author\/chakib32\/"}]}},"_links":{"self":[{"href":"https:\/\/www.info-algerie.com\/actualites\/wp-json\/wp\/v2\/posts\/13058","targetHints":{"allow":["GET"]}}],"collection":[{"href":"https:\/\/www.info-algerie.com\/actualites\/wp-json\/wp\/v2\/posts"}],"about":[{"href":"https:\/\/www.info-algerie.com\/actualites\/wp-json\/wp\/v2\/types\/post"}],"author":[{"embeddable":true,"href":"https:\/\/www.info-algerie.com\/actualites\/wp-json\/wp\/v2\/users\/6"}],"replies":[{"embeddable":true,"href":"https:\/\/www.info-algerie.com\/actualites\/wp-json\/wp\/v2\/comments?post=13058"}],"version-history":[{"count":0,"href":"https:\/\/www.info-algerie.com\/actualites\/wp-json\/wp\/v2\/posts\/13058\/revisions"}],"wp:attachment":[{"href":"https:\/\/www.info-algerie.com\/actualites\/wp-json\/wp\/v2\/media?parent=13058"}],"wp:term":[{"taxonomy":"category","embeddable":true,"href":"https:\/\/www.info-algerie.com\/actualites\/wp-json\/wp\/v2\/categories?post=13058"},{"taxonomy":"post_tag","embeddable":true,"href":"https:\/\/www.info-algerie.com\/actualites\/wp-json\/wp\/v2\/tags?post=13058"}],"curies":[{"name":"wp","href":"https:\/\/api.w.org\/{rel}","templated":true}]}}