{"id":13076,"date":"2017-06-11T13:14:30","date_gmt":"2017-06-11T12:14:30","guid":{"rendered":"http:\/\/www.info-algerie.com\/actualites\/il-ny-a-pas-detat-durgence-non-declare-en-algerie-ouyahia\/"},"modified":"2017-06-11T13:14:30","modified_gmt":"2017-06-11T12:14:30","slug":"il-ny-a-pas-detat-durgence-non-declare-en-algerie-ouyahia","status":"publish","type":"post","link":"https:\/\/www.info-algerie.com\/actualites\/il-ny-a-pas-detat-durgence-non-declare-en-algerie-ouyahia\/","title":{"rendered":"&quot;Il n&#039;y a pas d&#039;\u00e9tat d&#039;urgence non d\u00e9clar\u00e9&quot; en Alg\u00e9rie (Ouyahia)"},"content":{"rendered":"<div class=\"K2FeedImage\"><img decoding=\"async\" src=\"https:\/\/www.info-algerie.com\/actualites\/wp-content\/uploads\/2017\/06\/3d716be903c694fa0eb2f0a97e6998bf_S.jpg\" \/><\/div>\n<div class=\"K2FeedIntroText\">\n<p class=\"MsoNormal\">ALGER- Le secr\u00e9taire g\u00e9n\u00e9ral du Rassemblement national d\u00e9mocratique (RND), Ahmed Ouyahia, a affirm\u00e9 dimanche \u00e0 Alger qu&rsquo;il n&rsquo;y avait pas d&rsquo;\u00e9tat d&rsquo;urgence \u00ab\u00a0non d\u00e9clar\u00e9\u00a0\u00bb en Alg\u00e9rie.<\/p>\n<p>&#013;\n<\/p><\/div>\n<div class=\"K2FeedFullText\">&#013;<\/p>\n<p class=\"MsoNormal\">Dans une conf\u00e9rence de presse qu&rsquo;il a anim\u00e9e \u00e0 l&rsquo;issue de la 3e session du Conseil national du parti, M. Ouyahia a rappel\u00e9 que l&rsquo;\u00e9tat d&rsquo;urgence avait \u00e9t\u00e9 lev\u00e9 depuis 2011, ce qui a permis, a-t-il expliqu\u00e9, d&rsquo;organiser des rassemblements et des meetings \u00e0 travers les diff\u00e9rentes wilayas du pays \u00e0 l&rsquo;exception d&rsquo;Alger, suite aux incidents tragiques ayant marqu\u00e9 la capitale lors de la marche de 2001 organis\u00e9e cons\u00e9cutivement aux \u00e9v\u00e9nements de la Kabylie.<\/p>\n<p>&#013;<\/p>\n<p class=\"MsoNormal\">En r\u00e9ponse \u00e0 une question sur le sit-in organis\u00e9 le 3 juin en cours par des intellectuels devant le si\u00e8ge de l&rsquo;Autorit\u00e9 de r\u00e9gulation de l&rsquo;audiovisuel (ARAV), en protestation contre les \u00ab\u00a0d\u00e9passements\u00a0\u00bb de la chaine de t\u00e9l\u00e9vision priv\u00e9e \u00ab\u00a0Ennahar\u00a0\u00bb, M. Ouyahia a pr\u00e9cis\u00e9 que c&rsquo;\u00e9tait \u00ab\u00a0un sit-in et non pas une marche n\u00e9cessitant une autorisation\u00a0\u00bb.<\/p>\n<p>&#013;<\/p>\n<p class=\"MsoNormal\">Par ailleurs, M. Ouyahia, qui occupe \u00e9galement le poste de ministre d&rsquo;Etat, directeur de cabinet \u00e0 la pr\u00e9sidence de la R\u00e9publique, a pr\u00e9cis\u00e9, au sujet du nouveau gouvernement qui ne comporte pas de ministre d&rsquo;Etat, que seuls lui-m\u00eame et M. Tayeb Belaiz ont actuellement ce titre, ajoutant qu&rsquo;aucun d\u00e9cret pr\u00e9sidentiel annulant le poste de ministre d&rsquo;Etat n&rsquo;a \u00e9t\u00e9 publi\u00e9 jusqu&rsquo;\u00e0 pr\u00e9sent.<\/p>\n<p>&#013;<\/p>\n<p class=\"MsoNormal\">Le secr\u00e9taire g\u00e9n\u00e9ral du RND a, par ailleurs, indiqu\u00e9 n&rsquo;avoir re\u00e7u aucune proposition pour le poste de Premier ministre, se disant \u00ab\u00a0honor\u00e9\u00a0\u00bb du poste qu&rsquo;il occupe actuellement \u00e0 la pr\u00e9sidence de la R\u00e9publique pour \u00eatre au service du chef de l&rsquo;Etat.\u00a0<\/p>\n<p>&#013;<\/p>\n<p class=\"MsoNormal\">Enfin, M. Ouyahia a confirm\u00e9 avoir re\u00e7u, dans son bureau \u00e0 la pr\u00e9sidence de la R\u00e9publique, le Premier ministre sortant, Abdelmalek Sellal, \u00ab\u00a0\u00e0 la demande de ce dernier\u00a0\u00bb avant l&rsquo;annonce du nouveau gouvernement.\u00a0<\/p>\n<\/div>\n<p>&#013;<br \/>\nSource: <a href=\"http:\/\/www.aps.dz\/algerie\/58764-il-n-y-a-pas-d-etat-d-urgence-non-declare-en-algerie-ouyahia\" target=\"_blank\">\u00ab\u00a0Il n&rsquo;y a pas d&rsquo;\u00e9tat d&rsquo;urgence non d\u00e9clar\u00e9\u00a0\u00bb en Alg\u00e9rie (Ouyahia)<\/a><\/p>\n<!--CusAds0-->\n<div style=\"font-size: 0px; height: 0px; line-height: 0px; margin: 0; padding: 0; clear: both;\"><\/div>","protected":false},"excerpt":{"rendered":"<p>ALGER- Le secr\u00e9taire g\u00e9n\u00e9ral du Rassemblement national d\u00e9mocratique (RND), Ahmed Ouyahia, a affirm\u00e9 dimanche \u00e0 Alger qu&rsquo;il n&rsquo;y avait pas d&rsquo;\u00e9tat d&rsquo;urgence \u00ab\u00a0non d\u00e9clar\u00e9\u00a0\u00bb en Alg\u00e9rie. &#013; &#013; Dans une conf\u00e9rence de presse qu&rsquo;il a anim\u00e9e \u00e0 l&rsquo;issue de la 3e session du Conseil national du parti, M. Ouyahia a rappel\u00e9 que l&rsquo;\u00e9tat d&rsquo;urgence avait<\/p>\n","protected":false},"author":6,"featured_media":13077,"comment_status":"open","ping_status":"open","sticky":false,"template":"","format":"standard","meta":{"footnotes":""},"categories":[22],"tags":[93],"class_list":["post-13076","post","type-post","status-publish","format-standard","has-post-thumbnail","hentry","category-infos","tag-onu"],"yoast_head":"<!-- This site is optimized with the Yoast SEO plugin v27.5 - https:\/\/yoast.com\/product\/yoast-seo-wordpress\/ -->\n<title>&quot;Il n&#039;y a pas d&#039;\u00e9tat d&#039;urgence non d\u00e9clar\u00e9&quot; en Alg\u00e9rie (Ouyahia) - info algerie<\/title>\n<meta name=\"robots\" content=\"index, follow, max-snippet:-1, max-image-preview:large, max-video-preview:-1\" \/>\n<link rel=\"canonical\" href=\"https:\/\/www.info-algerie.com\/actualites\/il-ny-a-pas-detat-durgence-non-declare-en-algerie-ouyahia\/\" \/>\n<meta property=\"og:locale\" content=\"fr_FR\" \/>\n<meta property=\"og:type\" content=\"article\" \/>\n<meta property=\"og:title\" content=\"&quot;Il n&#039;y a pas d&#039;\u00e9tat d&#039;urgence non d\u00e9clar\u00e9&quot; en Alg\u00e9rie (Ouyahia) - info algerie\" \/>\n<meta property=\"og:description\" content=\"ALGER- Le secr\u00e9taire g\u00e9n\u00e9ral du Rassemblement national d\u00e9mocratique (RND), Ahmed Ouyahia, a affirm\u00e9 dimanche \u00e0 Alger qu&rsquo;il n&rsquo;y avait pas d&rsquo;\u00e9tat d&rsquo;urgence \u00ab\u00a0non d\u00e9clar\u00e9\u00a0\u00bb en Alg\u00e9rie. &#013; &#013; Dans une conf\u00e9rence de presse qu&rsquo;il a anim\u00e9e \u00e0 l&rsquo;issue de la 3e session du Conseil national du parti, M. Ouyahia a rappel\u00e9 que l&rsquo;\u00e9tat d&rsquo;urgence avait\" \/>\n<meta property=\"og:url\" content=\"https:\/\/www.info-algerie.com\/actualites\/il-ny-a-pas-detat-durgence-non-declare-en-algerie-ouyahia\/\" \/>\n<meta property=\"og:site_name\" content=\"info algerie\" \/>\n<meta property=\"article:publisher\" content=\"https:\/\/www.facebook.com\/infoalgerieactu\" \/>\n<meta property=\"article:published_time\" content=\"2017-06-11T12:14:30+00:00\" \/>\n<meta property=\"og:image\" content=\"https:\/\/www.info-algerie.com\/actualites\/wp-content\/uploads\/2017\/06\/3d716be903c694fa0eb2f0a97e6998bf_S-1.jpg\" \/>\n\t<meta property=\"og:image:width\" content=\"280\" \/>\n\t<meta property=\"og:image:height\" content=\"169\" \/>\n\t<meta property=\"og:image:type\" content=\"image\/jpeg\" \/>\n<meta name=\"author\" content=\"La r\u00e9daction\" \/>\n<meta name=\"twitter:label1\" content=\"\u00c9crit par\" \/>\n\t<meta name=\"twitter:data1\" content=\"La r\u00e9daction\" \/>\n\t<meta name=\"twitter:label2\" content=\"Dur\u00e9e de lecture estim\u00e9e\" \/>\n\t<meta name=\"twitter:data2\" content=\"2 minutes\" \/>\n<script type=\"application\/ld+json\" class=\"yoast-schema-graph\">{\"@context\":\"https:\\\/\\\/schema.org\",\"@graph\":[{\"@type\":\"Article\",\"@id\":\"https:\\\/\\\/www.info-algerie.com\\\/actualites\\\/il-ny-a-pas-detat-durgence-non-declare-en-algerie-ouyahia\\\/#article\",\"isPartOf\":{\"@id\":\"https:\\\/\\\/www.info-algerie.com\\\/actualites\\\/il-ny-a-pas-detat-durgence-non-declare-en-algerie-ouyahia\\\/\"},\"author\":{\"name\":\"La r\u00e9daction\",\"@id\":\"https:\\\/\\\/www.info-algerie.com\\\/actualites\\\/#\\\/schema\\\/person\\\/847aaec44920825b843a08f30ec6aa1e\"},\"headline\":\"&quot;Il n&#039;y a pas d&#039;\u00e9tat d&#039;urgence non d\u00e9clar\u00e9&quot; en Alg\u00e9rie (Ouyahia)\",\"datePublished\":\"2017-06-11T12:14:30+00:00\",\"mainEntityOfPage\":{\"@id\":\"https:\\\/\\\/www.info-algerie.com\\\/actualites\\\/il-ny-a-pas-detat-durgence-non-declare-en-algerie-ouyahia\\\/\"},\"wordCount\":373,\"commentCount\":0,\"publisher\":{\"@id\":\"https:\\\/\\\/www.info-algerie.com\\\/actualites\\\/#organization\"},\"image\":{\"@id\":\"https:\\\/\\\/www.info-algerie.com\\\/actualites\\\/il-ny-a-pas-detat-durgence-non-declare-en-algerie-ouyahia\\\/#primaryimage\"},\"thumbnailUrl\":\"https:\\\/\\\/www.info-algerie.com\\\/actualites\\\/wp-content\\\/uploads\\\/2017\\\/06\\\/3d716be903c694fa0eb2f0a97e6998bf_S-1.jpg\",\"keywords\":[\"ONU\"],\"articleSection\":[\"infos\"],\"inLanguage\":\"fr-FR\",\"potentialAction\":[{\"@type\":\"CommentAction\",\"name\":\"Comment\",\"target\":[\"https:\\\/\\\/www.info-algerie.com\\\/actualites\\\/il-ny-a-pas-detat-durgence-non-declare-en-algerie-ouyahia\\\/#respond\"]}]},{\"@type\":\"WebPage\",\"@id\":\"https:\\\/\\\/www.info-algerie.com\\\/actualites\\\/il-ny-a-pas-detat-durgence-non-declare-en-algerie-ouyahia\\\/\",\"url\":\"https:\\\/\\\/www.info-algerie.com\\\/actualites\\\/il-ny-a-pas-detat-durgence-non-declare-en-algerie-ouyahia\\\/\",\"name\":\"&quot;Il n&#039;y a pas d&#039;\u00e9tat d&#039;urgence non d\u00e9clar\u00e9&quot; en Alg\u00e9rie (Ouyahia) - info algerie\",\"isPartOf\":{\"@id\":\"https:\\\/\\\/www.info-algerie.com\\\/actualites\\\/#website\"},\"primaryImageOfPage\":{\"@id\":\"https:\\\/\\\/www.info-algerie.com\\\/actualites\\\/il-ny-a-pas-detat-durgence-non-declare-en-algerie-ouyahia\\\/#primaryimage\"},\"image\":{\"@id\":\"https:\\\/\\\/www.info-algerie.com\\\/actualites\\\/il-ny-a-pas-detat-durgence-non-declare-en-algerie-ouyahia\\\/#primaryimage\"},\"thumbnailUrl\":\"https:\\\/\\\/www.info-algerie.com\\\/actualites\\\/wp-content\\\/uploads\\\/2017\\\/06\\\/3d716be903c694fa0eb2f0a97e6998bf_S-1.jpg\",\"datePublished\":\"2017-06-11T12:14:30+00:00\",\"breadcrumb\":{\"@id\":\"https:\\\/\\\/www.info-algerie.com\\\/actualites\\\/il-ny-a-pas-detat-durgence-non-declare-en-algerie-ouyahia\\\/#breadcrumb\"},\"inLanguage\":\"fr-FR\",\"potentialAction\":[{\"@type\":\"ReadAction\",\"target\":[\"https:\\\/\\\/www.info-algerie.com\\\/actualites\\\/il-ny-a-pas-detat-durgence-non-declare-en-algerie-ouyahia\\\/\"]}]},{\"@type\":\"ImageObject\",\"inLanguage\":\"fr-FR\",\"@id\":\"https:\\\/\\\/www.info-algerie.com\\\/actualites\\\/il-ny-a-pas-detat-durgence-non-declare-en-algerie-ouyahia\\\/#primaryimage\",\"url\":\"https:\\\/\\\/www.info-algerie.com\\\/actualites\\\/wp-content\\\/uploads\\\/2017\\\/06\\\/3d716be903c694fa0eb2f0a97e6998bf_S-1.jpg\",\"contentUrl\":\"https:\\\/\\\/www.info-algerie.com\\\/actualites\\\/wp-content\\\/uploads\\\/2017\\\/06\\\/3d716be903c694fa0eb2f0a97e6998bf_S-1.jpg\",\"width\":280,\"height\":169},{\"@type\":\"BreadcrumbList\",\"@id\":\"https:\\\/\\\/www.info-algerie.com\\\/actualites\\\/il-ny-a-pas-detat-durgence-non-declare-en-algerie-ouyahia\\\/#breadcrumb\",\"itemListElement\":[{\"@type\":\"ListItem\",\"position\":1,\"name\":\"Accueil\",\"item\":\"https:\\\/\\\/www.info-algerie.com\\\/actualites\\\/\"},{\"@type\":\"ListItem\",\"position\":2,\"name\":\"&quot;Il n&#039;y a pas d&#039;\u00e9tat d&#039;urgence non d\u00e9clar\u00e9&quot; en Alg\u00e9rie (Ouyahia)\"}]},{\"@type\":\"WebSite\",\"@id\":\"https:\\\/\\\/www.info-algerie.com\\\/actualites\\\/#website\",\"url\":\"https:\\\/\\\/www.info-algerie.com\\\/actualites\\\/\",\"name\":\"info algerie\",\"description\":\"Toutes les actualit\u00e9s\",\"publisher\":{\"@id\":\"https:\\\/\\\/www.info-algerie.com\\\/actualites\\\/#organization\"},\"potentialAction\":[{\"@type\":\"SearchAction\",\"target\":{\"@type\":\"EntryPoint\",\"urlTemplate\":\"https:\\\/\\\/www.info-algerie.com\\\/actualites\\\/?s={search_term_string}\"},\"query-input\":{\"@type\":\"PropertyValueSpecification\",\"valueRequired\":true,\"valueName\":\"search_term_string\"}}],\"inLanguage\":\"fr-FR\"},{\"@type\":\"Organization\",\"@id\":\"https:\\\/\\\/www.info-algerie.com\\\/actualites\\\/#organization\",\"name\":\"info algerie\",\"url\":\"https:\\\/\\\/www.info-algerie.com\\\/actualites\\\/\",\"logo\":{\"@type\":\"ImageObject\",\"inLanguage\":\"fr-FR\",\"@id\":\"https:\\\/\\\/www.info-algerie.com\\\/actualites\\\/#\\\/schema\\\/logo\\\/image\\\/\",\"url\":\"https:\\\/\\\/www.info-algerie.com\\\/actualites\\\/wp-content\\\/uploads\\\/2022\\\/07\\\/logo-ia-120.png\",\"contentUrl\":\"https:\\\/\\\/www.info-algerie.com\\\/actualites\\\/wp-content\\\/uploads\\\/2022\\\/07\\\/logo-ia-120.png\",\"width\":120,\"height\":43,\"caption\":\"info algerie\"},\"image\":{\"@id\":\"https:\\\/\\\/www.info-algerie.com\\\/actualites\\\/#\\\/schema\\\/logo\\\/image\\\/\"},\"sameAs\":[\"https:\\\/\\\/www.facebook.com\\\/infoalgerieactu\",\"https:\\\/\\\/x.com\\\/infoalgerie1\"]},{\"@type\":\"Person\",\"@id\":\"https:\\\/\\\/www.info-algerie.com\\\/actualites\\\/#\\\/schema\\\/person\\\/847aaec44920825b843a08f30ec6aa1e\",\"name\":\"La r\u00e9daction\",\"image\":{\"@type\":\"ImageObject\",\"inLanguage\":\"fr-FR\",\"@id\":\"https:\\\/\\\/secure.gravatar.com\\\/avatar\\\/769db425c6f465158149f1ffd6cf61ce7a8a879d11dfbef8288af36dfddd418c?s=96&d=mm&r=g\",\"url\":\"https:\\\/\\\/secure.gravatar.com\\\/avatar\\\/769db425c6f465158149f1ffd6cf61ce7a8a879d11dfbef8288af36dfddd418c?s=96&d=mm&r=g\",\"contentUrl\":\"https:\\\/\\\/secure.gravatar.com\\\/avatar\\\/769db425c6f465158149f1ffd6cf61ce7a8a879d11dfbef8288af36dfddd418c?s=96&d=mm&r=g\",\"caption\":\"La r\u00e9daction\"},\"sameAs\":[\"http:\\\/\\\/www.lkeria.com\\\/\"],\"url\":\"https:\\\/\\\/www.info-algerie.com\\\/actualites\\\/author\\\/chakib32\\\/\"}]}<\/script>\n<!-- \/ Yoast SEO plugin. -->","yoast_head_json":{"title":"&quot;Il n&#039;y a pas d&#039;\u00e9tat d&#039;urgence non d\u00e9clar\u00e9&quot; en Alg\u00e9rie (Ouyahia) - info algerie","robots":{"index":"index","follow":"follow","max-snippet":"max-snippet:-1","max-image-preview":"max-image-preview:large","max-video-preview":"max-video-preview:-1"},"canonical":"https:\/\/www.info-algerie.com\/actualites\/il-ny-a-pas-detat-durgence-non-declare-en-algerie-ouyahia\/","og_locale":"fr_FR","og_type":"article","og_title":"&quot;Il n&#039;y a pas d&#039;\u00e9tat d&#039;urgence non d\u00e9clar\u00e9&quot; en Alg\u00e9rie (Ouyahia) - info algerie","og_description":"ALGER- Le secr\u00e9taire g\u00e9n\u00e9ral du Rassemblement national d\u00e9mocratique (RND), Ahmed Ouyahia, a affirm\u00e9 dimanche \u00e0 Alger qu&rsquo;il n&rsquo;y avait pas d&rsquo;\u00e9tat d&rsquo;urgence \u00ab\u00a0non d\u00e9clar\u00e9\u00a0\u00bb en Alg\u00e9rie. &#013; &#013; Dans une conf\u00e9rence de presse qu&rsquo;il a anim\u00e9e \u00e0 l&rsquo;issue de la 3e session du Conseil national du parti, M. Ouyahia a rappel\u00e9 que l&rsquo;\u00e9tat d&rsquo;urgence avait","og_url":"https:\/\/www.info-algerie.com\/actualites\/il-ny-a-pas-detat-durgence-non-declare-en-algerie-ouyahia\/","og_site_name":"info algerie","article_publisher":"https:\/\/www.facebook.com\/infoalgerieactu","article_published_time":"2017-06-11T12:14:30+00:00","og_image":[{"width":280,"height":169,"url":"https:\/\/www.info-algerie.com\/actualites\/wp-content\/uploads\/2017\/06\/3d716be903c694fa0eb2f0a97e6998bf_S-1.jpg","type":"image\/jpeg"}],"author":"La r\u00e9daction","twitter_misc":{"\u00c9crit par":"La r\u00e9daction","Dur\u00e9e de lecture estim\u00e9e":"2 minutes"},"schema":{"@context":"https:\/\/schema.org","@graph":[{"@type":"Article","@id":"https:\/\/www.info-algerie.com\/actualites\/il-ny-a-pas-detat-durgence-non-declare-en-algerie-ouyahia\/#article","isPartOf":{"@id":"https:\/\/www.info-algerie.com\/actualites\/il-ny-a-pas-detat-durgence-non-declare-en-algerie-ouyahia\/"},"author":{"name":"La r\u00e9daction","@id":"https:\/\/www.info-algerie.com\/actualites\/#\/schema\/person\/847aaec44920825b843a08f30ec6aa1e"},"headline":"&quot;Il n&#039;y a pas d&#039;\u00e9tat d&#039;urgence non d\u00e9clar\u00e9&quot; en Alg\u00e9rie (Ouyahia)","datePublished":"2017-06-11T12:14:30+00:00","mainEntityOfPage":{"@id":"https:\/\/www.info-algerie.com\/actualites\/il-ny-a-pas-detat-durgence-non-declare-en-algerie-ouyahia\/"},"wordCount":373,"commentCount":0,"publisher":{"@id":"https:\/\/www.info-algerie.com\/actualites\/#organization"},"image":{"@id":"https:\/\/www.info-algerie.com\/actualites\/il-ny-a-pas-detat-durgence-non-declare-en-algerie-ouyahia\/#primaryimage"},"thumbnailUrl":"https:\/\/www.info-algerie.com\/actualites\/wp-content\/uploads\/2017\/06\/3d716be903c694fa0eb2f0a97e6998bf_S-1.jpg","keywords":["ONU"],"articleSection":["infos"],"inLanguage":"fr-FR","potentialAction":[{"@type":"CommentAction","name":"Comment","target":["https:\/\/www.info-algerie.com\/actualites\/il-ny-a-pas-detat-durgence-non-declare-en-algerie-ouyahia\/#respond"]}]},{"@type":"WebPage","@id":"https:\/\/www.info-algerie.com\/actualites\/il-ny-a-pas-detat-durgence-non-declare-en-algerie-ouyahia\/","url":"https:\/\/www.info-algerie.com\/actualites\/il-ny-a-pas-detat-durgence-non-declare-en-algerie-ouyahia\/","name":"&quot;Il n&#039;y a pas d&#039;\u00e9tat d&#039;urgence non d\u00e9clar\u00e9&quot; en Alg\u00e9rie (Ouyahia) - info algerie","isPartOf":{"@id":"https:\/\/www.info-algerie.com\/actualites\/#website"},"primaryImageOfPage":{"@id":"https:\/\/www.info-algerie.com\/actualites\/il-ny-a-pas-detat-durgence-non-declare-en-algerie-ouyahia\/#primaryimage"},"image":{"@id":"https:\/\/www.info-algerie.com\/actualites\/il-ny-a-pas-detat-durgence-non-declare-en-algerie-ouyahia\/#primaryimage"},"thumbnailUrl":"https:\/\/www.info-algerie.com\/actualites\/wp-content\/uploads\/2017\/06\/3d716be903c694fa0eb2f0a97e6998bf_S-1.jpg","datePublished":"2017-06-11T12:14:30+00:00","breadcrumb":{"@id":"https:\/\/www.info-algerie.com\/actualites\/il-ny-a-pas-detat-durgence-non-declare-en-algerie-ouyahia\/#breadcrumb"},"inLanguage":"fr-FR","potentialAction":[{"@type":"ReadAction","target":["https:\/\/www.info-algerie.com\/actualites\/il-ny-a-pas-detat-durgence-non-declare-en-algerie-ouyahia\/"]}]},{"@type":"ImageObject","inLanguage":"fr-FR","@id":"https:\/\/www.info-algerie.com\/actualites\/il-ny-a-pas-detat-durgence-non-declare-en-algerie-ouyahia\/#primaryimage","url":"https:\/\/www.info-algerie.com\/actualites\/wp-content\/uploads\/2017\/06\/3d716be903c694fa0eb2f0a97e6998bf_S-1.jpg","contentUrl":"https:\/\/www.info-algerie.com\/actualites\/wp-content\/uploads\/2017\/06\/3d716be903c694fa0eb2f0a97e6998bf_S-1.jpg","width":280,"height":169},{"@type":"BreadcrumbList","@id":"https:\/\/www.info-algerie.com\/actualites\/il-ny-a-pas-detat-durgence-non-declare-en-algerie-ouyahia\/#breadcrumb","itemListElement":[{"@type":"ListItem","position":1,"name":"Accueil","item":"https:\/\/www.info-algerie.com\/actualites\/"},{"@type":"ListItem","position":2,"name":"&quot;Il n&#039;y a pas d&#039;\u00e9tat d&#039;urgence non d\u00e9clar\u00e9&quot; en Alg\u00e9rie (Ouyahia)"}]},{"@type":"WebSite","@id":"https:\/\/www.info-algerie.com\/actualites\/#website","url":"https:\/\/www.info-algerie.com\/actualites\/","name":"info algerie","description":"Toutes les actualit\u00e9s","publisher":{"@id":"https:\/\/www.info-algerie.com\/actualites\/#organization"},"potentialAction":[{"@type":"SearchAction","target":{"@type":"EntryPoint","urlTemplate":"https:\/\/www.info-algerie.com\/actualites\/?s={search_term_string}"},"query-input":{"@type":"PropertyValueSpecification","valueRequired":true,"valueName":"search_term_string"}}],"inLanguage":"fr-FR"},{"@type":"Organization","@id":"https:\/\/www.info-algerie.com\/actualites\/#organization","name":"info algerie","url":"https:\/\/www.info-algerie.com\/actualites\/","logo":{"@type":"ImageObject","inLanguage":"fr-FR","@id":"https:\/\/www.info-algerie.com\/actualites\/#\/schema\/logo\/image\/","url":"https:\/\/www.info-algerie.com\/actualites\/wp-content\/uploads\/2022\/07\/logo-ia-120.png","contentUrl":"https:\/\/www.info-algerie.com\/actualites\/wp-content\/uploads\/2022\/07\/logo-ia-120.png","width":120,"height":43,"caption":"info algerie"},"image":{"@id":"https:\/\/www.info-algerie.com\/actualites\/#\/schema\/logo\/image\/"},"sameAs":["https:\/\/www.facebook.com\/infoalgerieactu","https:\/\/x.com\/infoalgerie1"]},{"@type":"Person","@id":"https:\/\/www.info-algerie.com\/actualites\/#\/schema\/person\/847aaec44920825b843a08f30ec6aa1e","name":"La r\u00e9daction","image":{"@type":"ImageObject","inLanguage":"fr-FR","@id":"https:\/\/secure.gravatar.com\/avatar\/769db425c6f465158149f1ffd6cf61ce7a8a879d11dfbef8288af36dfddd418c?s=96&d=mm&r=g","url":"https:\/\/secure.gravatar.com\/avatar\/769db425c6f465158149f1ffd6cf61ce7a8a879d11dfbef8288af36dfddd418c?s=96&d=mm&r=g","contentUrl":"https:\/\/secure.gravatar.com\/avatar\/769db425c6f465158149f1ffd6cf61ce7a8a879d11dfbef8288af36dfddd418c?s=96&d=mm&r=g","caption":"La r\u00e9daction"},"sameAs":["http:\/\/www.lkeria.com\/"],"url":"https:\/\/www.info-algerie.com\/actualites\/author\/chakib32\/"}]}},"_links":{"self":[{"href":"https:\/\/www.info-algerie.com\/actualites\/wp-json\/wp\/v2\/posts\/13076","targetHints":{"allow":["GET"]}}],"collection":[{"href":"https:\/\/www.info-algerie.com\/actualites\/wp-json\/wp\/v2\/posts"}],"about":[{"href":"https:\/\/www.info-algerie.com\/actualites\/wp-json\/wp\/v2\/types\/post"}],"author":[{"embeddable":true,"href":"https:\/\/www.info-algerie.com\/actualites\/wp-json\/wp\/v2\/users\/6"}],"replies":[{"embeddable":true,"href":"https:\/\/www.info-algerie.com\/actualites\/wp-json\/wp\/v2\/comments?post=13076"}],"version-history":[{"count":0,"href":"https:\/\/www.info-algerie.com\/actualites\/wp-json\/wp\/v2\/posts\/13076\/revisions"}],"wp:featuredmedia":[{"embeddable":true,"href":"https:\/\/www.info-algerie.com\/actualites\/wp-json\/wp\/v2\/media\/13077"}],"wp:attachment":[{"href":"https:\/\/www.info-algerie.com\/actualites\/wp-json\/wp\/v2\/media?parent=13076"}],"wp:term":[{"taxonomy":"category","embeddable":true,"href":"https:\/\/www.info-algerie.com\/actualites\/wp-json\/wp\/v2\/categories?post=13076"},{"taxonomy":"post_tag","embeddable":true,"href":"https:\/\/www.info-algerie.com\/actualites\/wp-json\/wp\/v2\/tags?post=13076"}],"curies":[{"name":"wp","href":"https:\/\/api.w.org\/{rel}","templated":true}]}}