{"id":13082,"date":"2017-06-11T12:36:41","date_gmt":"2017-06-11T11:36:41","guid":{"rendered":"http:\/\/www.info-algerie.com\/actualites\/m-messahel-sentretient-avec-plusieurs-de-ses-homologues-a-abuja\/"},"modified":"2017-06-11T12:36:41","modified_gmt":"2017-06-11T11:36:41","slug":"m-messahel-sentretient-avec-plusieurs-de-ses-homologues-a-abuja","status":"publish","type":"post","link":"https:\/\/www.info-algerie.com\/actualites\/m-messahel-sentretient-avec-plusieurs-de-ses-homologues-a-abuja\/","title":{"rendered":"M. Messahel s\u2019entretient avec plusieurs de ses homologues \u00e0 Abuja"},"content":{"rendered":"<div class=\"K2FeedImage\"><img decoding=\"async\" src=\"https:\/\/www.info-algerie.com\/actualites\/wp-content\/uploads\/2017\/06\/cc620fb89a357027f1382da7e0948c0f_S.jpg\" alt=\"M. Messahel s&#x2019;entretient avec plusieurs de ses homologues &#xE0; Abuja\" \/><\/div>\n<div class=\"K2FeedIntroText\">\n<p><strong>M. Messahel s\u2019entretient avec son homologue sud-africaine Mme Nkoana Mashabane<\/strong><\/p>\n<p>&#013;<\/p>\n<p>\u00a0<\/p>\n<p>&#013;<\/p>\n<p>ABUJA &#8211; Le ministre des Affaires \u00e9trang\u00e8res M. Abdelkader Messahel, s\u2019est entretenu samedi \u00e0 Abuja avec son homologue sud-africaine Mme Nkoana Mashabane sur les relations de coop\u00e9ration qui lient les deux pays.<\/p>\n<p>&#013;<\/p>\n<p>L&rsquo;entretien qui s&rsquo;est d\u00e9roul\u00e9 en marge de la 16\u00e8me r\u00e9union minist\u00e9rielle Afrique-Pays nordiques, qui se tient \u00e0 Abuja (Nigeria) les 9 et 10 juin 2017, a permis aux deux parties d&rsquo;aborder les relations strat\u00e9giques de coop\u00e9ration qui lient l\u2019Alg\u00e9rie et l\u2019Afrique du Sud et les perspectives de leur renforcement.<\/p>\n<p>&#013;<\/p>\n<p>Les deux ministres ont exprim\u00e9 leur satisfaction quant \u00e0 l\u2019excellence des relations liant l\u2019Alg\u00e9rie et l\u2019Afrique du Sud et soulign\u00e9 l\u2019importance pour les deux pays de continuer \u00e0 coordonner leurs actions dans le cadre des organisations r\u00e9gionales et internationales et en perspective du prochain Sommet de l\u2019Union africaine (UA) pr\u00e9vu fin juin.<\/p>\n<p>&#013;<\/p>\n<p>\u00a0<\/p>\n<p>&#013;<\/p>\n<p><strong>M. Messahel s\u2019entretient avec son homologue norv\u00e9gien Borge Brende<\/strong><\/p>\n<p>&#013;<\/p>\n<p>\u00a0<\/p>\n<p>&#013;<\/p>\n<p>ABUJA &#8211; Le ministre des Affaires \u00e9trang\u00e8res M. Abdelkader Messahel, s\u2019est entretenu samedi \u00e0 Abuja avec son homologue norv\u00e9gien Borge Brende sur les relations bilat\u00e9rales et les moyens de les renforcer.\u00a0<\/p>\n<p>&#013;<\/p>\n<p>Lors de son entretien avec son homologue norv\u00e9gien, en marge de la 16\u00e8me r\u00e9union minist\u00e9rielle Afrique-Pays nordiques qui se tient \u00e0 Abuja, au Nigeria, les 9 et 10 juin 2017, M. Messahel a abord\u00e9 les relations bilat\u00e9rales entre l\u2019Alg\u00e9rie et la Norv\u00e8ge ainsi que les voies et moyens de leur renforcement et diversification.<\/p>\n<p>&#013;<\/p>\n<p>L\u2019entretien a \u00e9galement port\u00e9 sur la question du Sahara occidental ainsi que la situation s\u00e9curitaire dans la r\u00e9gion sah\u00e9lo-saharienne et les efforts d\u00e9ploy\u00e9s par l\u2019Alg\u00e9rie pour le r\u00e8glement des crises au Mali et en Libye notamment.<\/p>\n<p>&#013;<\/p>\n<p>MM. Messahel et Brende se sont convenus de continuer \u00e0 travailler ensemble pour contribuer efficacement \u00e0 la prise en charge effective des d\u00e9fis communs et des questions qui pr\u00e9occupent les deux pays.<\/p>\n<p>&#013;<\/p>\n<p>\u00a0<\/p>\n<p>&#013;<\/p>\n<p><strong>M. Messahel s\u2019entretient avec son homologue danois Anders Samuelsen<\/strong><\/p>\n<p>&#013;<\/p>\n<p>\u00a0<\/p>\n<p>&#013;<\/p>\n<p>ABUJA &#8211; Le ministre des Affaires \u00e9trang\u00e8res M. Abdelkader Messahel, a eu un entretien samedi \u00e0 Abuja avec son homologue danois Anders Samuelsen, portant sur les relations bilat\u00e9ral et les moyens de les d\u00e9velopper davantage.\u00a0<\/p>\n<p>&#013;<\/p>\n<p>Au cours de l&rsquo;entretien, qui s&rsquo;est d\u00e9roul\u00e9 en marge de la 16\u00e8me r\u00e9union minist\u00e9rielle Afrique-Pays nordiques qui se tient \u00e0 Abuja (Nigeria) les 9 et 10 juin, M. Messahel a abord\u00e9 avec son homologue danois les relations bilat\u00e9rales entre l\u2019Alg\u00e9rie et le Danemark ainsi que les voies et moyens de leur renforcement et diversification.<\/p>\n<p>&#013;<\/p>\n<p>M. Messahel a exprim\u00e9 \u00e0 l&rsquo;occasion sa \u00ab\u00a0satisfaction quant aux relations qui existent entre les deux pays\u00a0\u00bb, tout en soulignant \u00ab\u00a0la volont\u00e9 de l\u2019Alg\u00e9rie de les renforcer davantage \u00e0 travers une coop\u00e9ration accrue dans le domaine \u00e9conomique\u00a0\u00bb. A ce titre, le ministre a relev\u00e9 les opportunit\u00e9s r\u00e9elles de coop\u00e9ration qui s\u2019offrent pour les deux parties.<\/p>\n<p>&#013;<\/p>\n<p>L\u2019entretien a, \u00e9galement, port\u00e9 sur la question du Sahara occidental ainsi que sur la situation s\u00e9curitaire dans la r\u00e9gion sah\u00e9lo-saharienne et les efforts de l\u2019Alg\u00e9rie dans le cadre du r\u00e8glement des crises libyenne et malienne.<\/p>\n<p>&#013;<\/p>\n<p>M. Messahel et son homlogue danois ont convenu de continuer \u00e0 travailler ensemble pour la prise en charge effective des d\u00e9fis communs et des questions qui pr\u00e9occupent les deux pays.<\/p>\n<p>&#013;<\/p>\n<p>\u00a0<\/p>\n<p>&#013;<\/p>\n<p><strong>M. Messahel s&rsquo;entretient \u00e0 Abuja avec son homologue nig\u00e9rian, Geoffrey Onyeama<\/strong><\/p>\n<p>&#013;<\/p>\n<p>\u00a0<\/p>\n<p>&#013;<\/p>\n<p>ABUJA &#8211; Le ministre des Affaires \u00e9trang\u00e8res M. Abdelkader Messahel, s&rsquo;est entretenu samedi \u00e0 Abuja avec son homologue nig\u00e9rian, Geoffrey Onyeama sur les relations bilat\u00e9rales traditionnelles de coop\u00e9ration et les perspectives de leur renforcement.<\/p>\n<p>&#013;<\/p>\n<p>M. Messahel a abord\u00e9 avec son homologue nig\u00e9rian, en marge de la 16\u00e8me r\u00e9union minist\u00e9rielle Afrique-Pays nordiques qui se tient dans la capitale nig\u00e9riane les 9 et 10 juin, les relations traditionnelles de coop\u00e9ration et de fraternit\u00e9 qui lient l\u2019Alg\u00e9rie et le Nigeria et les perspectives de leur renforcement.<\/p>\n<p>&#013;<\/p>\n<p>Le chef de la diplomatie alg\u00e9rienne a exprim\u00e9 sa \u00ab\u00a0satisfaction\u00a0\u00bb quant \u00e0 \u00ab\u00a0la dynamique positive qui caract\u00e9rise les relations alg\u00e9ro-nig\u00e9rianes\u00a0\u00bb et soulign\u00e9 \u00ab\u00a0l&rsquo;importance pour les deux pays de continuer \u00e0 coordonner leurs actions dans le cadre des organisations r\u00e9gionales et internationales pour d\u00e9fendre les int\u00e9r\u00eats du continent africain et acc\u00e9l\u00e9rer son int\u00e9gration en s\u2019appuyant sur les projets r\u00e9gionaux structurants\u00a0\u00bb.<\/p>\n<p>&#013;<\/p>\n<p>L\u2019entretien a, \u00e9galement, port\u00e9 sur la situation s\u00e9curitaire dans la r\u00e9gion sah\u00e9lo-saharienne et les efforts de l\u2019Alg\u00e9rie dans le cadre du r\u00e8glement des crises libyenne et malienne.<\/p>\n<p>&#013;<\/p>\n<p>M. Onyeama a, de son c\u00f4t\u00e9, salu\u00e9 \u00ab\u00a0le r\u00f4le important\u00a0\u00bb que joue l\u2019Alg\u00e9rie sur la sc\u00e8ne africaine et internationale, en particulier dans le cadre de la promotion et la d\u00e9fense des int\u00e9r\u00eats de l\u2019Afrique.<\/p>\n<p>&#013;<\/p>\n<p>M. Messahel et son homologue nig\u00e9rian ont convenu, \u00e0 l&rsquo;occasion, de \u00ab\u00a0tout mettre en \u00fauvre\u00a0\u00bb afin de contribuer ensemble \u00e0 la prise en charge effective des d\u00e9fis communs et des questions qui pr\u00e9occupent les deux pays et l\u2019Afrique.<\/p>\n<p>&#013;<\/p>\n<p>\u00a0<\/p>\n<p>&#013;<\/p>\n<p><strong>M. Messahel s\u2019entretient \u00e0 Abuja avec son homologue su\u00e9doise, Mme Margot Wallstrom<\/strong><\/p>\n<p>&#013;<\/p>\n<p>\u00a0<\/p>\n<p>&#013;<\/p>\n<p>ABUJA &#8211; Le ministre des Affaires \u00e9trang\u00e8res M. Abdelkader Messahel, s&rsquo;est entretenu samedi \u00e0 Abuja avec son homologue su\u00e9doise, Mme Margot Wallstrom.<\/p>\n<p>&#013;<\/p>\n<p>M. Messahel a \u00e9voqu\u00e9 avec Mme Wallstrom, en marge de la 16 \u00e8me r\u00e9union minist\u00e9rielle Afrique-Pays nordiques qui se tient dans la capitale nig\u00e9riane les 9 et 10 juin, les relations entre l\u2019Alg\u00e9rie et la Su\u00e8de ainsi que les voies et moyens de leur renforcement et diversification.<\/p>\n<p>&#013;<\/p>\n<p>Le chef de la diplomatie alg\u00e9rienne a exprim\u00e9 sa \u00ab\u00a0satisfaction\u00a0\u00bb quant aux relations qui existent entre les deux pays tout en soulignant \u00ab\u00a0la volont\u00e9 de l\u2019Alg\u00e9rie de les renforcer davantage \u00e0 travers une coop\u00e9ration accrue dans le domaine \u00e9conomique\u00a0\u00bb. A ce titre, M. Messahel a relev\u00e9 \u00ab\u00a0les opportunit\u00e9s r\u00e9elles\u00a0\u00bb de coop\u00e9ration qui s\u2019offrent pour les deux parties.<\/p>\n<p>&#013;<\/p>\n<p>L\u2019entretien a, \u00e9galement, port\u00e9 sur la question du Sahara occidental ainsi que sur la situation s\u00e9curitaire dans la r\u00e9gion sah\u00e9lo-saharienne et les efforts de l\u2019Alg\u00e9rie dans le cadre du r\u00e8glement des crises libyenne et malienne.<\/p>\n<p>&#013;<\/p>\n<p>\u00a0<\/p>\n<p>&#013;<\/p>\n<p>M. Messahel et son homologue su\u00e9doise, ont en outre, convenu de poursuivre leur coordination en vue de prendre en charge de \u00ab\u00a0mani\u00e8re effective\u00a0\u00bb les d\u00e9fis communs et les questions qui pr\u00e9occupent les deux pays.<\/p>\n<p>&#013;<\/p>\n<p>\u00a0<\/p>\n<\/div>\n<p>&#013;<br \/>\nSource: <a href=\"http:\/\/www.aps.dz\/algerie\/58761-m-messahel-s-entretient-avec-plusieurs-de-ses-homologues-a-abuja\" target=\"_blank\">M. Messahel s\u2019entretient avec plusieurs de ses homologues \u00e0 Abuja<\/a><\/p>\n<!--CusAds0-->\n<div style=\"font-size: 0px; height: 0px; line-height: 0px; margin: 0; padding: 0; clear: both;\"><\/div>","protected":false},"excerpt":{"rendered":"<p>M. Messahel s\u2019entretient avec son homologue sud-africaine Mme Nkoana Mashabane &#013; \u00a0 &#013; ABUJA &#8211; Le ministre des Affaires \u00e9trang\u00e8res M. Abdelkader Messahel, s\u2019est entretenu samedi \u00e0 Abuja avec son homologue sud-africaine Mme Nkoana Mashabane sur les relations de coop\u00e9ration qui lient les deux pays. &#013; L&rsquo;entretien qui s&rsquo;est d\u00e9roul\u00e9 en marge de la 16\u00e8me<\/p>\n","protected":false},"author":6,"featured_media":13083,"comment_status":"open","ping_status":"open","sticky":false,"template":"","format":"standard","meta":{"footnotes":""},"categories":[22],"tags":[93],"class_list":["post-13082","post","type-post","status-publish","format-standard","has-post-thumbnail","hentry","category-infos","tag-onu"],"yoast_head":"<!-- This site is optimized with the Yoast SEO plugin v27.5 - https:\/\/yoast.com\/product\/yoast-seo-wordpress\/ -->\n<title>M. Messahel s\u2019entretient avec plusieurs de ses homologues \u00e0 Abuja - info algerie<\/title>\n<meta name=\"robots\" content=\"index, follow, max-snippet:-1, max-image-preview:large, max-video-preview:-1\" \/>\n<link rel=\"canonical\" href=\"https:\/\/www.info-algerie.com\/actualites\/m-messahel-sentretient-avec-plusieurs-de-ses-homologues-a-abuja\/\" \/>\n<meta property=\"og:locale\" content=\"fr_FR\" \/>\n<meta property=\"og:type\" content=\"article\" \/>\n<meta property=\"og:title\" content=\"M. Messahel s\u2019entretient avec plusieurs de ses homologues \u00e0 Abuja - info algerie\" \/>\n<meta property=\"og:description\" content=\"M. Messahel s\u2019entretient avec son homologue sud-africaine Mme Nkoana Mashabane &#013; \u00a0 &#013; ABUJA &#8211; Le ministre des Affaires \u00e9trang\u00e8res M. Abdelkader Messahel, s\u2019est entretenu samedi \u00e0 Abuja avec son homologue sud-africaine Mme Nkoana Mashabane sur les relations de coop\u00e9ration qui lient les deux pays. &#013; L&rsquo;entretien qui s&rsquo;est d\u00e9roul\u00e9 en marge de la 16\u00e8me\" \/>\n<meta property=\"og:url\" content=\"https:\/\/www.info-algerie.com\/actualites\/m-messahel-sentretient-avec-plusieurs-de-ses-homologues-a-abuja\/\" \/>\n<meta property=\"og:site_name\" content=\"info algerie\" \/>\n<meta property=\"article:publisher\" content=\"https:\/\/www.facebook.com\/infoalgerieactu\" \/>\n<meta property=\"article:published_time\" content=\"2017-06-11T11:36:41+00:00\" \/>\n<meta property=\"og:image\" content=\"https:\/\/www.info-algerie.com\/actualites\/wp-content\/uploads\/2017\/06\/cc620fb89a357027f1382da7e0948c0f_S-1.jpg\" \/>\n\t<meta property=\"og:image:width\" content=\"280\" \/>\n\t<meta property=\"og:image:height\" content=\"169\" \/>\n\t<meta property=\"og:image:type\" content=\"image\/jpeg\" \/>\n<meta name=\"author\" content=\"La r\u00e9daction\" \/>\n<meta name=\"twitter:label1\" content=\"\u00c9crit par\" \/>\n\t<meta name=\"twitter:data1\" content=\"La r\u00e9daction\" \/>\n\t<meta name=\"twitter:label2\" content=\"Dur\u00e9e de lecture estim\u00e9e\" \/>\n\t<meta name=\"twitter:data2\" content=\"6 minutes\" \/>\n<script type=\"application\/ld+json\" class=\"yoast-schema-graph\">{\"@context\":\"https:\\\/\\\/schema.org\",\"@graph\":[{\"@type\":\"Article\",\"@id\":\"https:\\\/\\\/www.info-algerie.com\\\/actualites\\\/m-messahel-sentretient-avec-plusieurs-de-ses-homologues-a-abuja\\\/#article\",\"isPartOf\":{\"@id\":\"https:\\\/\\\/www.info-algerie.com\\\/actualites\\\/m-messahel-sentretient-avec-plusieurs-de-ses-homologues-a-abuja\\\/\"},\"author\":{\"name\":\"La r\u00e9daction\",\"@id\":\"https:\\\/\\\/www.info-algerie.com\\\/actualites\\\/#\\\/schema\\\/person\\\/847aaec44920825b843a08f30ec6aa1e\"},\"headline\":\"M. Messahel s\u2019entretient avec plusieurs de ses homologues \u00e0 Abuja\",\"datePublished\":\"2017-06-11T11:36:41+00:00\",\"mainEntityOfPage\":{\"@id\":\"https:\\\/\\\/www.info-algerie.com\\\/actualites\\\/m-messahel-sentretient-avec-plusieurs-de-ses-homologues-a-abuja\\\/\"},\"wordCount\":1122,\"commentCount\":0,\"publisher\":{\"@id\":\"https:\\\/\\\/www.info-algerie.com\\\/actualites\\\/#organization\"},\"image\":{\"@id\":\"https:\\\/\\\/www.info-algerie.com\\\/actualites\\\/m-messahel-sentretient-avec-plusieurs-de-ses-homologues-a-abuja\\\/#primaryimage\"},\"thumbnailUrl\":\"https:\\\/\\\/www.info-algerie.com\\\/actualites\\\/wp-content\\\/uploads\\\/2017\\\/06\\\/cc620fb89a357027f1382da7e0948c0f_S-1.jpg\",\"keywords\":[\"ONU\"],\"articleSection\":[\"infos\"],\"inLanguage\":\"fr-FR\",\"potentialAction\":[{\"@type\":\"CommentAction\",\"name\":\"Comment\",\"target\":[\"https:\\\/\\\/www.info-algerie.com\\\/actualites\\\/m-messahel-sentretient-avec-plusieurs-de-ses-homologues-a-abuja\\\/#respond\"]}]},{\"@type\":\"WebPage\",\"@id\":\"https:\\\/\\\/www.info-algerie.com\\\/actualites\\\/m-messahel-sentretient-avec-plusieurs-de-ses-homologues-a-abuja\\\/\",\"url\":\"https:\\\/\\\/www.info-algerie.com\\\/actualites\\\/m-messahel-sentretient-avec-plusieurs-de-ses-homologues-a-abuja\\\/\",\"name\":\"M. Messahel s\u2019entretient avec plusieurs de ses homologues \u00e0 Abuja - info algerie\",\"isPartOf\":{\"@id\":\"https:\\\/\\\/www.info-algerie.com\\\/actualites\\\/#website\"},\"primaryImageOfPage\":{\"@id\":\"https:\\\/\\\/www.info-algerie.com\\\/actualites\\\/m-messahel-sentretient-avec-plusieurs-de-ses-homologues-a-abuja\\\/#primaryimage\"},\"image\":{\"@id\":\"https:\\\/\\\/www.info-algerie.com\\\/actualites\\\/m-messahel-sentretient-avec-plusieurs-de-ses-homologues-a-abuja\\\/#primaryimage\"},\"thumbnailUrl\":\"https:\\\/\\\/www.info-algerie.com\\\/actualites\\\/wp-content\\\/uploads\\\/2017\\\/06\\\/cc620fb89a357027f1382da7e0948c0f_S-1.jpg\",\"datePublished\":\"2017-06-11T11:36:41+00:00\",\"breadcrumb\":{\"@id\":\"https:\\\/\\\/www.info-algerie.com\\\/actualites\\\/m-messahel-sentretient-avec-plusieurs-de-ses-homologues-a-abuja\\\/#breadcrumb\"},\"inLanguage\":\"fr-FR\",\"potentialAction\":[{\"@type\":\"ReadAction\",\"target\":[\"https:\\\/\\\/www.info-algerie.com\\\/actualites\\\/m-messahel-sentretient-avec-plusieurs-de-ses-homologues-a-abuja\\\/\"]}]},{\"@type\":\"ImageObject\",\"inLanguage\":\"fr-FR\",\"@id\":\"https:\\\/\\\/www.info-algerie.com\\\/actualites\\\/m-messahel-sentretient-avec-plusieurs-de-ses-homologues-a-abuja\\\/#primaryimage\",\"url\":\"https:\\\/\\\/www.info-algerie.com\\\/actualites\\\/wp-content\\\/uploads\\\/2017\\\/06\\\/cc620fb89a357027f1382da7e0948c0f_S-1.jpg\",\"contentUrl\":\"https:\\\/\\\/www.info-algerie.com\\\/actualites\\\/wp-content\\\/uploads\\\/2017\\\/06\\\/cc620fb89a357027f1382da7e0948c0f_S-1.jpg\",\"width\":280,\"height\":169},{\"@type\":\"BreadcrumbList\",\"@id\":\"https:\\\/\\\/www.info-algerie.com\\\/actualites\\\/m-messahel-sentretient-avec-plusieurs-de-ses-homologues-a-abuja\\\/#breadcrumb\",\"itemListElement\":[{\"@type\":\"ListItem\",\"position\":1,\"name\":\"Accueil\",\"item\":\"https:\\\/\\\/www.info-algerie.com\\\/actualites\\\/\"},{\"@type\":\"ListItem\",\"position\":2,\"name\":\"M. Messahel s\u2019entretient avec plusieurs de ses homologues \u00e0 Abuja\"}]},{\"@type\":\"WebSite\",\"@id\":\"https:\\\/\\\/www.info-algerie.com\\\/actualites\\\/#website\",\"url\":\"https:\\\/\\\/www.info-algerie.com\\\/actualites\\\/\",\"name\":\"info algerie\",\"description\":\"Toutes les actualit\u00e9s\",\"publisher\":{\"@id\":\"https:\\\/\\\/www.info-algerie.com\\\/actualites\\\/#organization\"},\"potentialAction\":[{\"@type\":\"SearchAction\",\"target\":{\"@type\":\"EntryPoint\",\"urlTemplate\":\"https:\\\/\\\/www.info-algerie.com\\\/actualites\\\/?s={search_term_string}\"},\"query-input\":{\"@type\":\"PropertyValueSpecification\",\"valueRequired\":true,\"valueName\":\"search_term_string\"}}],\"inLanguage\":\"fr-FR\"},{\"@type\":\"Organization\",\"@id\":\"https:\\\/\\\/www.info-algerie.com\\\/actualites\\\/#organization\",\"name\":\"info algerie\",\"url\":\"https:\\\/\\\/www.info-algerie.com\\\/actualites\\\/\",\"logo\":{\"@type\":\"ImageObject\",\"inLanguage\":\"fr-FR\",\"@id\":\"https:\\\/\\\/www.info-algerie.com\\\/actualites\\\/#\\\/schema\\\/logo\\\/image\\\/\",\"url\":\"https:\\\/\\\/www.info-algerie.com\\\/actualites\\\/wp-content\\\/uploads\\\/2022\\\/07\\\/logo-ia-120.png\",\"contentUrl\":\"https:\\\/\\\/www.info-algerie.com\\\/actualites\\\/wp-content\\\/uploads\\\/2022\\\/07\\\/logo-ia-120.png\",\"width\":120,\"height\":43,\"caption\":\"info algerie\"},\"image\":{\"@id\":\"https:\\\/\\\/www.info-algerie.com\\\/actualites\\\/#\\\/schema\\\/logo\\\/image\\\/\"},\"sameAs\":[\"https:\\\/\\\/www.facebook.com\\\/infoalgerieactu\",\"https:\\\/\\\/x.com\\\/infoalgerie1\"]},{\"@type\":\"Person\",\"@id\":\"https:\\\/\\\/www.info-algerie.com\\\/actualites\\\/#\\\/schema\\\/person\\\/847aaec44920825b843a08f30ec6aa1e\",\"name\":\"La r\u00e9daction\",\"image\":{\"@type\":\"ImageObject\",\"inLanguage\":\"fr-FR\",\"@id\":\"https:\\\/\\\/secure.gravatar.com\\\/avatar\\\/769db425c6f465158149f1ffd6cf61ce7a8a879d11dfbef8288af36dfddd418c?s=96&d=mm&r=g\",\"url\":\"https:\\\/\\\/secure.gravatar.com\\\/avatar\\\/769db425c6f465158149f1ffd6cf61ce7a8a879d11dfbef8288af36dfddd418c?s=96&d=mm&r=g\",\"contentUrl\":\"https:\\\/\\\/secure.gravatar.com\\\/avatar\\\/769db425c6f465158149f1ffd6cf61ce7a8a879d11dfbef8288af36dfddd418c?s=96&d=mm&r=g\",\"caption\":\"La r\u00e9daction\"},\"sameAs\":[\"http:\\\/\\\/www.lkeria.com\\\/\"],\"url\":\"https:\\\/\\\/www.info-algerie.com\\\/actualites\\\/author\\\/chakib32\\\/\"}]}<\/script>\n<!-- \/ Yoast SEO plugin. -->","yoast_head_json":{"title":"M. Messahel s\u2019entretient avec plusieurs de ses homologues \u00e0 Abuja - info algerie","robots":{"index":"index","follow":"follow","max-snippet":"max-snippet:-1","max-image-preview":"max-image-preview:large","max-video-preview":"max-video-preview:-1"},"canonical":"https:\/\/www.info-algerie.com\/actualites\/m-messahel-sentretient-avec-plusieurs-de-ses-homologues-a-abuja\/","og_locale":"fr_FR","og_type":"article","og_title":"M. Messahel s\u2019entretient avec plusieurs de ses homologues \u00e0 Abuja - info algerie","og_description":"M. Messahel s\u2019entretient avec son homologue sud-africaine Mme Nkoana Mashabane &#013; \u00a0 &#013; ABUJA &#8211; Le ministre des Affaires \u00e9trang\u00e8res M. Abdelkader Messahel, s\u2019est entretenu samedi \u00e0 Abuja avec son homologue sud-africaine Mme Nkoana Mashabane sur les relations de coop\u00e9ration qui lient les deux pays. &#013; L&rsquo;entretien qui s&rsquo;est d\u00e9roul\u00e9 en marge de la 16\u00e8me","og_url":"https:\/\/www.info-algerie.com\/actualites\/m-messahel-sentretient-avec-plusieurs-de-ses-homologues-a-abuja\/","og_site_name":"info algerie","article_publisher":"https:\/\/www.facebook.com\/infoalgerieactu","article_published_time":"2017-06-11T11:36:41+00:00","og_image":[{"width":280,"height":169,"url":"https:\/\/www.info-algerie.com\/actualites\/wp-content\/uploads\/2017\/06\/cc620fb89a357027f1382da7e0948c0f_S-1.jpg","type":"image\/jpeg"}],"author":"La r\u00e9daction","twitter_misc":{"\u00c9crit par":"La r\u00e9daction","Dur\u00e9e de lecture estim\u00e9e":"6 minutes"},"schema":{"@context":"https:\/\/schema.org","@graph":[{"@type":"Article","@id":"https:\/\/www.info-algerie.com\/actualites\/m-messahel-sentretient-avec-plusieurs-de-ses-homologues-a-abuja\/#article","isPartOf":{"@id":"https:\/\/www.info-algerie.com\/actualites\/m-messahel-sentretient-avec-plusieurs-de-ses-homologues-a-abuja\/"},"author":{"name":"La r\u00e9daction","@id":"https:\/\/www.info-algerie.com\/actualites\/#\/schema\/person\/847aaec44920825b843a08f30ec6aa1e"},"headline":"M. Messahel s\u2019entretient avec plusieurs de ses homologues \u00e0 Abuja","datePublished":"2017-06-11T11:36:41+00:00","mainEntityOfPage":{"@id":"https:\/\/www.info-algerie.com\/actualites\/m-messahel-sentretient-avec-plusieurs-de-ses-homologues-a-abuja\/"},"wordCount":1122,"commentCount":0,"publisher":{"@id":"https:\/\/www.info-algerie.com\/actualites\/#organization"},"image":{"@id":"https:\/\/www.info-algerie.com\/actualites\/m-messahel-sentretient-avec-plusieurs-de-ses-homologues-a-abuja\/#primaryimage"},"thumbnailUrl":"https:\/\/www.info-algerie.com\/actualites\/wp-content\/uploads\/2017\/06\/cc620fb89a357027f1382da7e0948c0f_S-1.jpg","keywords":["ONU"],"articleSection":["infos"],"inLanguage":"fr-FR","potentialAction":[{"@type":"CommentAction","name":"Comment","target":["https:\/\/www.info-algerie.com\/actualites\/m-messahel-sentretient-avec-plusieurs-de-ses-homologues-a-abuja\/#respond"]}]},{"@type":"WebPage","@id":"https:\/\/www.info-algerie.com\/actualites\/m-messahel-sentretient-avec-plusieurs-de-ses-homologues-a-abuja\/","url":"https:\/\/www.info-algerie.com\/actualites\/m-messahel-sentretient-avec-plusieurs-de-ses-homologues-a-abuja\/","name":"M. Messahel s\u2019entretient avec plusieurs de ses homologues \u00e0 Abuja - info algerie","isPartOf":{"@id":"https:\/\/www.info-algerie.com\/actualites\/#website"},"primaryImageOfPage":{"@id":"https:\/\/www.info-algerie.com\/actualites\/m-messahel-sentretient-avec-plusieurs-de-ses-homologues-a-abuja\/#primaryimage"},"image":{"@id":"https:\/\/www.info-algerie.com\/actualites\/m-messahel-sentretient-avec-plusieurs-de-ses-homologues-a-abuja\/#primaryimage"},"thumbnailUrl":"https:\/\/www.info-algerie.com\/actualites\/wp-content\/uploads\/2017\/06\/cc620fb89a357027f1382da7e0948c0f_S-1.jpg","datePublished":"2017-06-11T11:36:41+00:00","breadcrumb":{"@id":"https:\/\/www.info-algerie.com\/actualites\/m-messahel-sentretient-avec-plusieurs-de-ses-homologues-a-abuja\/#breadcrumb"},"inLanguage":"fr-FR","potentialAction":[{"@type":"ReadAction","target":["https:\/\/www.info-algerie.com\/actualites\/m-messahel-sentretient-avec-plusieurs-de-ses-homologues-a-abuja\/"]}]},{"@type":"ImageObject","inLanguage":"fr-FR","@id":"https:\/\/www.info-algerie.com\/actualites\/m-messahel-sentretient-avec-plusieurs-de-ses-homologues-a-abuja\/#primaryimage","url":"https:\/\/www.info-algerie.com\/actualites\/wp-content\/uploads\/2017\/06\/cc620fb89a357027f1382da7e0948c0f_S-1.jpg","contentUrl":"https:\/\/www.info-algerie.com\/actualites\/wp-content\/uploads\/2017\/06\/cc620fb89a357027f1382da7e0948c0f_S-1.jpg","width":280,"height":169},{"@type":"BreadcrumbList","@id":"https:\/\/www.info-algerie.com\/actualites\/m-messahel-sentretient-avec-plusieurs-de-ses-homologues-a-abuja\/#breadcrumb","itemListElement":[{"@type":"ListItem","position":1,"name":"Accueil","item":"https:\/\/www.info-algerie.com\/actualites\/"},{"@type":"ListItem","position":2,"name":"M. Messahel s\u2019entretient avec plusieurs de ses homologues \u00e0 Abuja"}]},{"@type":"WebSite","@id":"https:\/\/www.info-algerie.com\/actualites\/#website","url":"https:\/\/www.info-algerie.com\/actualites\/","name":"info algerie","description":"Toutes les actualit\u00e9s","publisher":{"@id":"https:\/\/www.info-algerie.com\/actualites\/#organization"},"potentialAction":[{"@type":"SearchAction","target":{"@type":"EntryPoint","urlTemplate":"https:\/\/www.info-algerie.com\/actualites\/?s={search_term_string}"},"query-input":{"@type":"PropertyValueSpecification","valueRequired":true,"valueName":"search_term_string"}}],"inLanguage":"fr-FR"},{"@type":"Organization","@id":"https:\/\/www.info-algerie.com\/actualites\/#organization","name":"info algerie","url":"https:\/\/www.info-algerie.com\/actualites\/","logo":{"@type":"ImageObject","inLanguage":"fr-FR","@id":"https:\/\/www.info-algerie.com\/actualites\/#\/schema\/logo\/image\/","url":"https:\/\/www.info-algerie.com\/actualites\/wp-content\/uploads\/2022\/07\/logo-ia-120.png","contentUrl":"https:\/\/www.info-algerie.com\/actualites\/wp-content\/uploads\/2022\/07\/logo-ia-120.png","width":120,"height":43,"caption":"info algerie"},"image":{"@id":"https:\/\/www.info-algerie.com\/actualites\/#\/schema\/logo\/image\/"},"sameAs":["https:\/\/www.facebook.com\/infoalgerieactu","https:\/\/x.com\/infoalgerie1"]},{"@type":"Person","@id":"https:\/\/www.info-algerie.com\/actualites\/#\/schema\/person\/847aaec44920825b843a08f30ec6aa1e","name":"La r\u00e9daction","image":{"@type":"ImageObject","inLanguage":"fr-FR","@id":"https:\/\/secure.gravatar.com\/avatar\/769db425c6f465158149f1ffd6cf61ce7a8a879d11dfbef8288af36dfddd418c?s=96&d=mm&r=g","url":"https:\/\/secure.gravatar.com\/avatar\/769db425c6f465158149f1ffd6cf61ce7a8a879d11dfbef8288af36dfddd418c?s=96&d=mm&r=g","contentUrl":"https:\/\/secure.gravatar.com\/avatar\/769db425c6f465158149f1ffd6cf61ce7a8a879d11dfbef8288af36dfddd418c?s=96&d=mm&r=g","caption":"La r\u00e9daction"},"sameAs":["http:\/\/www.lkeria.com\/"],"url":"https:\/\/www.info-algerie.com\/actualites\/author\/chakib32\/"}]}},"_links":{"self":[{"href":"https:\/\/www.info-algerie.com\/actualites\/wp-json\/wp\/v2\/posts\/13082","targetHints":{"allow":["GET"]}}],"collection":[{"href":"https:\/\/www.info-algerie.com\/actualites\/wp-json\/wp\/v2\/posts"}],"about":[{"href":"https:\/\/www.info-algerie.com\/actualites\/wp-json\/wp\/v2\/types\/post"}],"author":[{"embeddable":true,"href":"https:\/\/www.info-algerie.com\/actualites\/wp-json\/wp\/v2\/users\/6"}],"replies":[{"embeddable":true,"href":"https:\/\/www.info-algerie.com\/actualites\/wp-json\/wp\/v2\/comments?post=13082"}],"version-history":[{"count":0,"href":"https:\/\/www.info-algerie.com\/actualites\/wp-json\/wp\/v2\/posts\/13082\/revisions"}],"wp:featuredmedia":[{"embeddable":true,"href":"https:\/\/www.info-algerie.com\/actualites\/wp-json\/wp\/v2\/media\/13083"}],"wp:attachment":[{"href":"https:\/\/www.info-algerie.com\/actualites\/wp-json\/wp\/v2\/media?parent=13082"}],"wp:term":[{"taxonomy":"category","embeddable":true,"href":"https:\/\/www.info-algerie.com\/actualites\/wp-json\/wp\/v2\/categories?post=13082"},{"taxonomy":"post_tag","embeddable":true,"href":"https:\/\/www.info-algerie.com\/actualites\/wp-json\/wp\/v2\/tags?post=13082"}],"curies":[{"name":"wp","href":"https:\/\/api.w.org\/{rel}","templated":true}]}}