{"id":13086,"date":"2017-06-11T13:56:01","date_gmt":"2017-06-11T12:56:01","guid":{"rendered":"http:\/\/www.info-algerie.com\/actualites\/gaid-salah-met-laccent-sur-limperatif-dintensifier-la-lutte-contre-les-residus-terroristes\/"},"modified":"2017-06-11T13:56:01","modified_gmt":"2017-06-11T12:56:01","slug":"gaid-salah-met-laccent-sur-limperatif-dintensifier-la-lutte-contre-les-residus-terroristes","status":"publish","type":"post","link":"https:\/\/www.info-algerie.com\/actualites\/gaid-salah-met-laccent-sur-limperatif-dintensifier-la-lutte-contre-les-residus-terroristes\/","title":{"rendered":"Ga\u00efd Salah met l&#039;accent sur l&#039;imp\u00e9ratif d&#039;intensifier la lutte contre les r\u00e9sidus terroristes  \u00a0"},"content":{"rendered":"<div class=\"K2FeedImage\"><img decoding=\"async\" src=\"https:\/\/www.info-algerie.com\/actualites\/wp-content\/uploads\/2017\/06\/d1de4ba67dd1833d37a12638eff0eda8_S.jpg\" alt=\"Ga&#xEF;d Salah met l'accent sur l'imp&#xE9;ratif d'intensifier la lutte contre les r&#xE9;sidus terroristes  &#xA0;\" \/><\/div>\n<div class=\"K2FeedIntroText\">\n<p>ALGER &#8211; Le g\u00e9n\u00e9ral de corps d&rsquo;arm\u00e9e Ahmed Ga\u00efd Salah, vice-ministre de la D\u00e9fense nationale, chef d&rsquo;\u00e9tat-major de l&rsquo;Arm\u00e9e nationale populaire (ANP) a mis l&rsquo;accent, dimanche \u00e0 Blida, au si\u00e8ge du\u00a0Commandement de la 1\u00e8re R\u00e9gion militaire, sur \u00ab\u00a0l&rsquo;imp\u00e9ratif de booster les efforts de la lutte contre les r\u00e9sidus terroristes afin d&rsquo;extirper ce fl\u00e9au \u00e0 jamais de notre pays\u00a0\u00bb, indique un communiqu\u00e9 du minist\u00e8re de la D\u00e9fense nationale (MDN).<\/p>\n<p>&#013;\n<\/p><\/div>\n<div class=\"K2FeedFullText\">&#013;<\/p>\n<p>Pour ce faire, le g\u00e9n\u00e9ral de corps d&rsquo;arm\u00e9e a donn\u00e9 des orientations et des recommandations globales \u00e0 caract\u00e8re op\u00e9rationnel et s\u00e9curitaire, apr\u00e8s avoir assist\u00e9 \u00e0 une pr\u00e9sentation du chef d&rsquo;\u00e9tat-major de la R\u00e9gion portant sur les diff\u00e9rentes questions s\u00e9curitaires pr\u00e9valant sur le territoire de comp\u00e9tence, pr\u00e9cise-t-on de m\u00eame source.<\/p>\n<p>&#013;<\/p>\n<p>Cette pr\u00e9sentation intervenait, au deuxi\u00e8me jour de la visite du vice-ministre de la D\u00e9fense nationale \u00e0 la 1\u00e8re R\u00e9gion militaire, et dans le cadre d&rsquo;une r\u00e9union de travail avec le Commandement et l&rsquo;\u00e9tat-major de la R\u00e9gion, en pr\u00e9sence des commandants des secteurs op\u00e9rationnels, leurs \u00e9tats-majors et les commandants d&rsquo;unit\u00e9s de la R\u00e9gion.<\/p>\n<p>&#013;<\/p>\n<p>A l&rsquo;entame de cette rencontre, le g\u00e9n\u00e9ral de corps d&rsquo;arm\u00e9e, accompagn\u00e9 du g\u00e9n\u00e9ral-major Habib Chentouf, commandant de la 1\u00e8re R\u00e9gion militaire, a prononc\u00e9 une allocution d&rsquo;orientation portant sur l&rsquo;importance de cette rencontre consid\u00e9r\u00e9e comme \u00e9tant \u00ab\u00a0une halte d&rsquo;\u00e9valuation et de revue des\u00a0 r\u00e9sultats concr\u00e9tis\u00e9s sur le terrain dans tous les domaines.<\/p>\n<p>&#013;<\/p>\n<p>\u00ab\u00a0Vous me trouverez toujours assidu \u00e0 poursuivre sur le terrain le niveau de pr\u00e9paration atteint par notre corps de bataille et les r\u00e9sultats obtenus gr\u00e2ce aux efforts soutenus d\u00e9ploy\u00e9s dans le domaine de la lutte antiterroriste\u00a0\u00bb, a affirm\u00e9 Ga\u00efd Salah.<\/p>\n<p>&#013;<\/p>\n<p>Le g\u00e9n\u00e9ral de corps d&rsquo;arm\u00e9e a ensuite exprim\u00e9 sa \u00ab\u00a0conviction bien ancr\u00e9e\u00a0\u00bb que les efforts consentis, avec le soutien et les orientations du pr\u00e9sident de la R\u00e9publique, chef supr\u00eame des Forces arm\u00e9es, ministre de la D\u00e9fense nationale, \u00ab\u00a0dans le but d&rsquo;optimiser l&rsquo;exp\u00e9rience op\u00e9rationnelle et\u00a0d&rsquo;impr\u00e9gner les connaissances, les potentiels et les valeurs du travail de groupe qui doit \u00eatre coh\u00e9rent et compl\u00e9mentaire au sein de l&rsquo;ensemble du corps de bataille de l&rsquo;Arm\u00e9e nationale populaire, sont des efforts qui ont donn\u00e9 leurs palpables fruits et nets r\u00e9sultats\u00a0\u00bb.<\/p>\n<p>&#013;<\/p>\n<p>Ces r\u00e9sultats, a-t-il d\u00e9velopp\u00e9, sont refl\u00e9t\u00e9s par \u00ab\u00a0le degr\u00e9 de l&rsquo;aguerrissement et le niveau de l&rsquo;\u00e9tat-pr\u00eat qui est d\u00e9sormais \u00e0 la port\u00e9e de nos forces arm\u00e9es avec toutes ses composantes, et ce, gr\u00e2ce \u00e0\u00a0l&rsquo;application stricte, efficace et concr\u00e8te du contenu des programmes de pr\u00e9paration au combat, ou \u00e9galement pour la lutte antiterroriste dont les r\u00e9sultats positifs en t\u00e9moignent\u00a0\u00bb.<\/p>\n<p>&#013;<\/p>\n<p>\u00a0<\/p>\n<p>&#013;<\/p>\n<p>\u00ab\u00a0Telles sont les cl\u00e9s du travail aboutissant et tel est le parcours professionnel correct avec lequel nos forces arm\u00e9es ont pu atteindre ce progr\u00e8s remarquable sur plus d&rsquo;un plan\u00a0\u00bb, a conclu le g\u00e9n\u00e9ral de corps d&rsquo;arm\u00e9e Ga\u00efd Salah .<\/p>\n<\/div>\n<p>&#013;<br \/>\nSource: <a href=\"http:\/\/www.aps.dz\/algerie\/58771-gaid-salah-met-l-accent-sur-l-imperatif-d-intensifier-la-lutte-contre-les-residus-terroristes\" target=\"_blank\">Ga\u00efd Salah met l&rsquo;accent sur l&rsquo;imp\u00e9ratif d&rsquo;intensifier la lutte contre les r\u00e9sidus terroristes  \u00a0<\/a><\/p>\n<!--CusAds0-->\n<div style=\"font-size: 0px; height: 0px; line-height: 0px; margin: 0; padding: 0; clear: both;\"><\/div>","protected":false},"excerpt":{"rendered":"<p>ALGER &#8211; Le g\u00e9n\u00e9ral de corps d&rsquo;arm\u00e9e Ahmed Ga\u00efd Salah, vice-ministre de la D\u00e9fense nationale, chef d&rsquo;\u00e9tat-major de l&rsquo;Arm\u00e9e nationale populaire (ANP) a mis l&rsquo;accent, dimanche \u00e0 Blida, au si\u00e8ge du\u00a0Commandement de la 1\u00e8re R\u00e9gion militaire, sur \u00ab\u00a0l&rsquo;imp\u00e9ratif de booster les efforts de la lutte contre les r\u00e9sidus terroristes afin d&rsquo;extirper ce fl\u00e9au \u00e0 jamais<\/p>\n","protected":false},"author":6,"featured_media":13087,"comment_status":"open","ping_status":"open","sticky":false,"template":"","format":"standard","meta":{"footnotes":""},"categories":[22],"tags":[93],"class_list":["post-13086","post","type-post","status-publish","format-standard","has-post-thumbnail","hentry","category-infos","tag-onu"],"yoast_head":"<!-- This site is optimized with the Yoast SEO plugin v27.5 - https:\/\/yoast.com\/product\/yoast-seo-wordpress\/ -->\n<title>Ga\u00efd Salah met l&#039;accent sur l&#039;imp\u00e9ratif d&#039;intensifier la lutte contre les r\u00e9sidus terroristes \u00a0 - info algerie<\/title>\n<meta name=\"robots\" content=\"index, follow, max-snippet:-1, max-image-preview:large, max-video-preview:-1\" \/>\n<link rel=\"canonical\" href=\"https:\/\/www.info-algerie.com\/actualites\/gaid-salah-met-laccent-sur-limperatif-dintensifier-la-lutte-contre-les-residus-terroristes\/\" \/>\n<meta property=\"og:locale\" content=\"fr_FR\" \/>\n<meta property=\"og:type\" content=\"article\" \/>\n<meta property=\"og:title\" content=\"Ga\u00efd Salah met l&#039;accent sur l&#039;imp\u00e9ratif d&#039;intensifier la lutte contre les r\u00e9sidus terroristes \u00a0 - info algerie\" \/>\n<meta property=\"og:description\" content=\"ALGER &#8211; Le g\u00e9n\u00e9ral de corps d&rsquo;arm\u00e9e Ahmed Ga\u00efd Salah, vice-ministre de la D\u00e9fense nationale, chef d&rsquo;\u00e9tat-major de l&rsquo;Arm\u00e9e nationale populaire (ANP) a mis l&rsquo;accent, dimanche \u00e0 Blida, au si\u00e8ge du\u00a0Commandement de la 1\u00e8re R\u00e9gion militaire, sur \u00ab\u00a0l&rsquo;imp\u00e9ratif de booster les efforts de la lutte contre les r\u00e9sidus terroristes afin d&rsquo;extirper ce fl\u00e9au \u00e0 jamais\" \/>\n<meta property=\"og:url\" content=\"https:\/\/www.info-algerie.com\/actualites\/gaid-salah-met-laccent-sur-limperatif-dintensifier-la-lutte-contre-les-residus-terroristes\/\" \/>\n<meta property=\"og:site_name\" content=\"info algerie\" \/>\n<meta property=\"article:publisher\" content=\"https:\/\/www.facebook.com\/infoalgerieactu\" \/>\n<meta property=\"article:published_time\" content=\"2017-06-11T12:56:01+00:00\" \/>\n<meta property=\"og:image\" content=\"https:\/\/www.info-algerie.com\/actualites\/wp-content\/uploads\/2017\/06\/d1de4ba67dd1833d37a12638eff0eda8_S-1.jpg\" \/>\n\t<meta property=\"og:image:width\" content=\"280\" \/>\n\t<meta property=\"og:image:height\" content=\"157\" \/>\n\t<meta property=\"og:image:type\" content=\"image\/jpeg\" \/>\n<meta name=\"author\" content=\"La r\u00e9daction\" \/>\n<meta name=\"twitter:label1\" content=\"\u00c9crit par\" \/>\n\t<meta name=\"twitter:data1\" content=\"La r\u00e9daction\" \/>\n\t<meta name=\"twitter:label2\" content=\"Dur\u00e9e de lecture estim\u00e9e\" \/>\n\t<meta name=\"twitter:data2\" content=\"3 minutes\" \/>\n<script type=\"application\/ld+json\" class=\"yoast-schema-graph\">{\"@context\":\"https:\\\/\\\/schema.org\",\"@graph\":[{\"@type\":\"Article\",\"@id\":\"https:\\\/\\\/www.info-algerie.com\\\/actualites\\\/gaid-salah-met-laccent-sur-limperatif-dintensifier-la-lutte-contre-les-residus-terroristes\\\/#article\",\"isPartOf\":{\"@id\":\"https:\\\/\\\/www.info-algerie.com\\\/actualites\\\/gaid-salah-met-laccent-sur-limperatif-dintensifier-la-lutte-contre-les-residus-terroristes\\\/\"},\"author\":{\"name\":\"La r\u00e9daction\",\"@id\":\"https:\\\/\\\/www.info-algerie.com\\\/actualites\\\/#\\\/schema\\\/person\\\/847aaec44920825b843a08f30ec6aa1e\"},\"headline\":\"Ga\u00efd Salah met l&#039;accent sur l&#039;imp\u00e9ratif d&#039;intensifier la lutte contre les r\u00e9sidus terroristes \u00a0\",\"datePublished\":\"2017-06-11T12:56:01+00:00\",\"mainEntityOfPage\":{\"@id\":\"https:\\\/\\\/www.info-algerie.com\\\/actualites\\\/gaid-salah-met-laccent-sur-limperatif-dintensifier-la-lutte-contre-les-residus-terroristes\\\/\"},\"wordCount\":593,\"commentCount\":0,\"publisher\":{\"@id\":\"https:\\\/\\\/www.info-algerie.com\\\/actualites\\\/#organization\"},\"image\":{\"@id\":\"https:\\\/\\\/www.info-algerie.com\\\/actualites\\\/gaid-salah-met-laccent-sur-limperatif-dintensifier-la-lutte-contre-les-residus-terroristes\\\/#primaryimage\"},\"thumbnailUrl\":\"https:\\\/\\\/www.info-algerie.com\\\/actualites\\\/wp-content\\\/uploads\\\/2017\\\/06\\\/d1de4ba67dd1833d37a12638eff0eda8_S-1.jpg\",\"keywords\":[\"ONU\"],\"articleSection\":[\"infos\"],\"inLanguage\":\"fr-FR\",\"potentialAction\":[{\"@type\":\"CommentAction\",\"name\":\"Comment\",\"target\":[\"https:\\\/\\\/www.info-algerie.com\\\/actualites\\\/gaid-salah-met-laccent-sur-limperatif-dintensifier-la-lutte-contre-les-residus-terroristes\\\/#respond\"]}]},{\"@type\":\"WebPage\",\"@id\":\"https:\\\/\\\/www.info-algerie.com\\\/actualites\\\/gaid-salah-met-laccent-sur-limperatif-dintensifier-la-lutte-contre-les-residus-terroristes\\\/\",\"url\":\"https:\\\/\\\/www.info-algerie.com\\\/actualites\\\/gaid-salah-met-laccent-sur-limperatif-dintensifier-la-lutte-contre-les-residus-terroristes\\\/\",\"name\":\"Ga\u00efd Salah met l&#039;accent sur l&#039;imp\u00e9ratif d&#039;intensifier la lutte contre les r\u00e9sidus terroristes \u00a0 - info algerie\",\"isPartOf\":{\"@id\":\"https:\\\/\\\/www.info-algerie.com\\\/actualites\\\/#website\"},\"primaryImageOfPage\":{\"@id\":\"https:\\\/\\\/www.info-algerie.com\\\/actualites\\\/gaid-salah-met-laccent-sur-limperatif-dintensifier-la-lutte-contre-les-residus-terroristes\\\/#primaryimage\"},\"image\":{\"@id\":\"https:\\\/\\\/www.info-algerie.com\\\/actualites\\\/gaid-salah-met-laccent-sur-limperatif-dintensifier-la-lutte-contre-les-residus-terroristes\\\/#primaryimage\"},\"thumbnailUrl\":\"https:\\\/\\\/www.info-algerie.com\\\/actualites\\\/wp-content\\\/uploads\\\/2017\\\/06\\\/d1de4ba67dd1833d37a12638eff0eda8_S-1.jpg\",\"datePublished\":\"2017-06-11T12:56:01+00:00\",\"breadcrumb\":{\"@id\":\"https:\\\/\\\/www.info-algerie.com\\\/actualites\\\/gaid-salah-met-laccent-sur-limperatif-dintensifier-la-lutte-contre-les-residus-terroristes\\\/#breadcrumb\"},\"inLanguage\":\"fr-FR\",\"potentialAction\":[{\"@type\":\"ReadAction\",\"target\":[\"https:\\\/\\\/www.info-algerie.com\\\/actualites\\\/gaid-salah-met-laccent-sur-limperatif-dintensifier-la-lutte-contre-les-residus-terroristes\\\/\"]}]},{\"@type\":\"ImageObject\",\"inLanguage\":\"fr-FR\",\"@id\":\"https:\\\/\\\/www.info-algerie.com\\\/actualites\\\/gaid-salah-met-laccent-sur-limperatif-dintensifier-la-lutte-contre-les-residus-terroristes\\\/#primaryimage\",\"url\":\"https:\\\/\\\/www.info-algerie.com\\\/actualites\\\/wp-content\\\/uploads\\\/2017\\\/06\\\/d1de4ba67dd1833d37a12638eff0eda8_S-1.jpg\",\"contentUrl\":\"https:\\\/\\\/www.info-algerie.com\\\/actualites\\\/wp-content\\\/uploads\\\/2017\\\/06\\\/d1de4ba67dd1833d37a12638eff0eda8_S-1.jpg\",\"width\":280,\"height\":157},{\"@type\":\"BreadcrumbList\",\"@id\":\"https:\\\/\\\/www.info-algerie.com\\\/actualites\\\/gaid-salah-met-laccent-sur-limperatif-dintensifier-la-lutte-contre-les-residus-terroristes\\\/#breadcrumb\",\"itemListElement\":[{\"@type\":\"ListItem\",\"position\":1,\"name\":\"Accueil\",\"item\":\"https:\\\/\\\/www.info-algerie.com\\\/actualites\\\/\"},{\"@type\":\"ListItem\",\"position\":2,\"name\":\"Ga\u00efd Salah met l&#039;accent sur l&#039;imp\u00e9ratif d&#039;intensifier la lutte contre les r\u00e9sidus terroristes \u00a0\"}]},{\"@type\":\"WebSite\",\"@id\":\"https:\\\/\\\/www.info-algerie.com\\\/actualites\\\/#website\",\"url\":\"https:\\\/\\\/www.info-algerie.com\\\/actualites\\\/\",\"name\":\"info algerie\",\"description\":\"Toutes les actualit\u00e9s\",\"publisher\":{\"@id\":\"https:\\\/\\\/www.info-algerie.com\\\/actualites\\\/#organization\"},\"potentialAction\":[{\"@type\":\"SearchAction\",\"target\":{\"@type\":\"EntryPoint\",\"urlTemplate\":\"https:\\\/\\\/www.info-algerie.com\\\/actualites\\\/?s={search_term_string}\"},\"query-input\":{\"@type\":\"PropertyValueSpecification\",\"valueRequired\":true,\"valueName\":\"search_term_string\"}}],\"inLanguage\":\"fr-FR\"},{\"@type\":\"Organization\",\"@id\":\"https:\\\/\\\/www.info-algerie.com\\\/actualites\\\/#organization\",\"name\":\"info algerie\",\"url\":\"https:\\\/\\\/www.info-algerie.com\\\/actualites\\\/\",\"logo\":{\"@type\":\"ImageObject\",\"inLanguage\":\"fr-FR\",\"@id\":\"https:\\\/\\\/www.info-algerie.com\\\/actualites\\\/#\\\/schema\\\/logo\\\/image\\\/\",\"url\":\"https:\\\/\\\/www.info-algerie.com\\\/actualites\\\/wp-content\\\/uploads\\\/2022\\\/07\\\/logo-ia-120.png\",\"contentUrl\":\"https:\\\/\\\/www.info-algerie.com\\\/actualites\\\/wp-content\\\/uploads\\\/2022\\\/07\\\/logo-ia-120.png\",\"width\":120,\"height\":43,\"caption\":\"info algerie\"},\"image\":{\"@id\":\"https:\\\/\\\/www.info-algerie.com\\\/actualites\\\/#\\\/schema\\\/logo\\\/image\\\/\"},\"sameAs\":[\"https:\\\/\\\/www.facebook.com\\\/infoalgerieactu\",\"https:\\\/\\\/x.com\\\/infoalgerie1\"]},{\"@type\":\"Person\",\"@id\":\"https:\\\/\\\/www.info-algerie.com\\\/actualites\\\/#\\\/schema\\\/person\\\/847aaec44920825b843a08f30ec6aa1e\",\"name\":\"La r\u00e9daction\",\"image\":{\"@type\":\"ImageObject\",\"inLanguage\":\"fr-FR\",\"@id\":\"https:\\\/\\\/secure.gravatar.com\\\/avatar\\\/769db425c6f465158149f1ffd6cf61ce7a8a879d11dfbef8288af36dfddd418c?s=96&d=mm&r=g\",\"url\":\"https:\\\/\\\/secure.gravatar.com\\\/avatar\\\/769db425c6f465158149f1ffd6cf61ce7a8a879d11dfbef8288af36dfddd418c?s=96&d=mm&r=g\",\"contentUrl\":\"https:\\\/\\\/secure.gravatar.com\\\/avatar\\\/769db425c6f465158149f1ffd6cf61ce7a8a879d11dfbef8288af36dfddd418c?s=96&d=mm&r=g\",\"caption\":\"La r\u00e9daction\"},\"sameAs\":[\"http:\\\/\\\/www.lkeria.com\\\/\"],\"url\":\"https:\\\/\\\/www.info-algerie.com\\\/actualites\\\/author\\\/chakib32\\\/\"}]}<\/script>\n<!-- \/ Yoast SEO plugin. -->","yoast_head_json":{"title":"Ga\u00efd Salah met l&#039;accent sur l&#039;imp\u00e9ratif d&#039;intensifier la lutte contre les r\u00e9sidus terroristes \u00a0 - info algerie","robots":{"index":"index","follow":"follow","max-snippet":"max-snippet:-1","max-image-preview":"max-image-preview:large","max-video-preview":"max-video-preview:-1"},"canonical":"https:\/\/www.info-algerie.com\/actualites\/gaid-salah-met-laccent-sur-limperatif-dintensifier-la-lutte-contre-les-residus-terroristes\/","og_locale":"fr_FR","og_type":"article","og_title":"Ga\u00efd Salah met l&#039;accent sur l&#039;imp\u00e9ratif d&#039;intensifier la lutte contre les r\u00e9sidus terroristes \u00a0 - info algerie","og_description":"ALGER &#8211; Le g\u00e9n\u00e9ral de corps d&rsquo;arm\u00e9e Ahmed Ga\u00efd Salah, vice-ministre de la D\u00e9fense nationale, chef d&rsquo;\u00e9tat-major de l&rsquo;Arm\u00e9e nationale populaire (ANP) a mis l&rsquo;accent, dimanche \u00e0 Blida, au si\u00e8ge du\u00a0Commandement de la 1\u00e8re R\u00e9gion militaire, sur \u00ab\u00a0l&rsquo;imp\u00e9ratif de booster les efforts de la lutte contre les r\u00e9sidus terroristes afin d&rsquo;extirper ce fl\u00e9au \u00e0 jamais","og_url":"https:\/\/www.info-algerie.com\/actualites\/gaid-salah-met-laccent-sur-limperatif-dintensifier-la-lutte-contre-les-residus-terroristes\/","og_site_name":"info algerie","article_publisher":"https:\/\/www.facebook.com\/infoalgerieactu","article_published_time":"2017-06-11T12:56:01+00:00","og_image":[{"width":280,"height":157,"url":"https:\/\/www.info-algerie.com\/actualites\/wp-content\/uploads\/2017\/06\/d1de4ba67dd1833d37a12638eff0eda8_S-1.jpg","type":"image\/jpeg"}],"author":"La r\u00e9daction","twitter_misc":{"\u00c9crit par":"La r\u00e9daction","Dur\u00e9e de lecture estim\u00e9e":"3 minutes"},"schema":{"@context":"https:\/\/schema.org","@graph":[{"@type":"Article","@id":"https:\/\/www.info-algerie.com\/actualites\/gaid-salah-met-laccent-sur-limperatif-dintensifier-la-lutte-contre-les-residus-terroristes\/#article","isPartOf":{"@id":"https:\/\/www.info-algerie.com\/actualites\/gaid-salah-met-laccent-sur-limperatif-dintensifier-la-lutte-contre-les-residus-terroristes\/"},"author":{"name":"La r\u00e9daction","@id":"https:\/\/www.info-algerie.com\/actualites\/#\/schema\/person\/847aaec44920825b843a08f30ec6aa1e"},"headline":"Ga\u00efd Salah met l&#039;accent sur l&#039;imp\u00e9ratif d&#039;intensifier la lutte contre les r\u00e9sidus terroristes \u00a0","datePublished":"2017-06-11T12:56:01+00:00","mainEntityOfPage":{"@id":"https:\/\/www.info-algerie.com\/actualites\/gaid-salah-met-laccent-sur-limperatif-dintensifier-la-lutte-contre-les-residus-terroristes\/"},"wordCount":593,"commentCount":0,"publisher":{"@id":"https:\/\/www.info-algerie.com\/actualites\/#organization"},"image":{"@id":"https:\/\/www.info-algerie.com\/actualites\/gaid-salah-met-laccent-sur-limperatif-dintensifier-la-lutte-contre-les-residus-terroristes\/#primaryimage"},"thumbnailUrl":"https:\/\/www.info-algerie.com\/actualites\/wp-content\/uploads\/2017\/06\/d1de4ba67dd1833d37a12638eff0eda8_S-1.jpg","keywords":["ONU"],"articleSection":["infos"],"inLanguage":"fr-FR","potentialAction":[{"@type":"CommentAction","name":"Comment","target":["https:\/\/www.info-algerie.com\/actualites\/gaid-salah-met-laccent-sur-limperatif-dintensifier-la-lutte-contre-les-residus-terroristes\/#respond"]}]},{"@type":"WebPage","@id":"https:\/\/www.info-algerie.com\/actualites\/gaid-salah-met-laccent-sur-limperatif-dintensifier-la-lutte-contre-les-residus-terroristes\/","url":"https:\/\/www.info-algerie.com\/actualites\/gaid-salah-met-laccent-sur-limperatif-dintensifier-la-lutte-contre-les-residus-terroristes\/","name":"Ga\u00efd Salah met l&#039;accent sur l&#039;imp\u00e9ratif d&#039;intensifier la lutte contre les r\u00e9sidus terroristes \u00a0 - info algerie","isPartOf":{"@id":"https:\/\/www.info-algerie.com\/actualites\/#website"},"primaryImageOfPage":{"@id":"https:\/\/www.info-algerie.com\/actualites\/gaid-salah-met-laccent-sur-limperatif-dintensifier-la-lutte-contre-les-residus-terroristes\/#primaryimage"},"image":{"@id":"https:\/\/www.info-algerie.com\/actualites\/gaid-salah-met-laccent-sur-limperatif-dintensifier-la-lutte-contre-les-residus-terroristes\/#primaryimage"},"thumbnailUrl":"https:\/\/www.info-algerie.com\/actualites\/wp-content\/uploads\/2017\/06\/d1de4ba67dd1833d37a12638eff0eda8_S-1.jpg","datePublished":"2017-06-11T12:56:01+00:00","breadcrumb":{"@id":"https:\/\/www.info-algerie.com\/actualites\/gaid-salah-met-laccent-sur-limperatif-dintensifier-la-lutte-contre-les-residus-terroristes\/#breadcrumb"},"inLanguage":"fr-FR","potentialAction":[{"@type":"ReadAction","target":["https:\/\/www.info-algerie.com\/actualites\/gaid-salah-met-laccent-sur-limperatif-dintensifier-la-lutte-contre-les-residus-terroristes\/"]}]},{"@type":"ImageObject","inLanguage":"fr-FR","@id":"https:\/\/www.info-algerie.com\/actualites\/gaid-salah-met-laccent-sur-limperatif-dintensifier-la-lutte-contre-les-residus-terroristes\/#primaryimage","url":"https:\/\/www.info-algerie.com\/actualites\/wp-content\/uploads\/2017\/06\/d1de4ba67dd1833d37a12638eff0eda8_S-1.jpg","contentUrl":"https:\/\/www.info-algerie.com\/actualites\/wp-content\/uploads\/2017\/06\/d1de4ba67dd1833d37a12638eff0eda8_S-1.jpg","width":280,"height":157},{"@type":"BreadcrumbList","@id":"https:\/\/www.info-algerie.com\/actualites\/gaid-salah-met-laccent-sur-limperatif-dintensifier-la-lutte-contre-les-residus-terroristes\/#breadcrumb","itemListElement":[{"@type":"ListItem","position":1,"name":"Accueil","item":"https:\/\/www.info-algerie.com\/actualites\/"},{"@type":"ListItem","position":2,"name":"Ga\u00efd Salah met l&#039;accent sur l&#039;imp\u00e9ratif d&#039;intensifier la lutte contre les r\u00e9sidus terroristes \u00a0"}]},{"@type":"WebSite","@id":"https:\/\/www.info-algerie.com\/actualites\/#website","url":"https:\/\/www.info-algerie.com\/actualites\/","name":"info algerie","description":"Toutes les actualit\u00e9s","publisher":{"@id":"https:\/\/www.info-algerie.com\/actualites\/#organization"},"potentialAction":[{"@type":"SearchAction","target":{"@type":"EntryPoint","urlTemplate":"https:\/\/www.info-algerie.com\/actualites\/?s={search_term_string}"},"query-input":{"@type":"PropertyValueSpecification","valueRequired":true,"valueName":"search_term_string"}}],"inLanguage":"fr-FR"},{"@type":"Organization","@id":"https:\/\/www.info-algerie.com\/actualites\/#organization","name":"info algerie","url":"https:\/\/www.info-algerie.com\/actualites\/","logo":{"@type":"ImageObject","inLanguage":"fr-FR","@id":"https:\/\/www.info-algerie.com\/actualites\/#\/schema\/logo\/image\/","url":"https:\/\/www.info-algerie.com\/actualites\/wp-content\/uploads\/2022\/07\/logo-ia-120.png","contentUrl":"https:\/\/www.info-algerie.com\/actualites\/wp-content\/uploads\/2022\/07\/logo-ia-120.png","width":120,"height":43,"caption":"info algerie"},"image":{"@id":"https:\/\/www.info-algerie.com\/actualites\/#\/schema\/logo\/image\/"},"sameAs":["https:\/\/www.facebook.com\/infoalgerieactu","https:\/\/x.com\/infoalgerie1"]},{"@type":"Person","@id":"https:\/\/www.info-algerie.com\/actualites\/#\/schema\/person\/847aaec44920825b843a08f30ec6aa1e","name":"La r\u00e9daction","image":{"@type":"ImageObject","inLanguage":"fr-FR","@id":"https:\/\/secure.gravatar.com\/avatar\/769db425c6f465158149f1ffd6cf61ce7a8a879d11dfbef8288af36dfddd418c?s=96&d=mm&r=g","url":"https:\/\/secure.gravatar.com\/avatar\/769db425c6f465158149f1ffd6cf61ce7a8a879d11dfbef8288af36dfddd418c?s=96&d=mm&r=g","contentUrl":"https:\/\/secure.gravatar.com\/avatar\/769db425c6f465158149f1ffd6cf61ce7a8a879d11dfbef8288af36dfddd418c?s=96&d=mm&r=g","caption":"La r\u00e9daction"},"sameAs":["http:\/\/www.lkeria.com\/"],"url":"https:\/\/www.info-algerie.com\/actualites\/author\/chakib32\/"}]}},"_links":{"self":[{"href":"https:\/\/www.info-algerie.com\/actualites\/wp-json\/wp\/v2\/posts\/13086","targetHints":{"allow":["GET"]}}],"collection":[{"href":"https:\/\/www.info-algerie.com\/actualites\/wp-json\/wp\/v2\/posts"}],"about":[{"href":"https:\/\/www.info-algerie.com\/actualites\/wp-json\/wp\/v2\/types\/post"}],"author":[{"embeddable":true,"href":"https:\/\/www.info-algerie.com\/actualites\/wp-json\/wp\/v2\/users\/6"}],"replies":[{"embeddable":true,"href":"https:\/\/www.info-algerie.com\/actualites\/wp-json\/wp\/v2\/comments?post=13086"}],"version-history":[{"count":0,"href":"https:\/\/www.info-algerie.com\/actualites\/wp-json\/wp\/v2\/posts\/13086\/revisions"}],"wp:featuredmedia":[{"embeddable":true,"href":"https:\/\/www.info-algerie.com\/actualites\/wp-json\/wp\/v2\/media\/13087"}],"wp:attachment":[{"href":"https:\/\/www.info-algerie.com\/actualites\/wp-json\/wp\/v2\/media?parent=13086"}],"wp:term":[{"taxonomy":"category","embeddable":true,"href":"https:\/\/www.info-algerie.com\/actualites\/wp-json\/wp\/v2\/categories?post=13086"},{"taxonomy":"post_tag","embeddable":true,"href":"https:\/\/www.info-algerie.com\/actualites\/wp-json\/wp\/v2\/tags?post=13086"}],"curies":[{"name":"wp","href":"https:\/\/api.w.org\/{rel}","templated":true}]}}