{"id":131,"date":"2015-08-20T17:43:00","date_gmt":"2015-08-20T16:43:00","guid":{"rendered":"http:\/\/www.info-algerie.com\/actualites\/juillet-et-les-7-premiers-mois-de-2015-les-plus-chauds-dans-les-annales\/"},"modified":"2015-08-21T13:50:33","modified_gmt":"2015-08-21T12:50:33","slug":"juillet-et-les-7-premiers-mois-de-2015-les-plus-chauds-dans-les-annales","status":"publish","type":"post","link":"https:\/\/www.info-algerie.com\/actualites\/juillet-et-les-7-premiers-mois-de-2015-les-plus-chauds-dans-les-annales\/","title":{"rendered":"Juillet et les 7 premiers mois de 2015, les plus chauds dans les annales"},"content":{"rendered":"<p style=\"text-align: justify;\">Les sept premiers mois de 2015 ont \u00a0\u00e9t\u00e9 les plus chauds enregistr\u00e9s \u00e0 la surface du globe depuis le d\u00e9but des \u00a0relev\u00e9s de temp\u00e9ratures en 1880, a annonc\u00e9 jeudi l&rsquo;Agence am\u00e9ricaine Oc\u00e9anique et atmosph\u00e9rique (NOAA).<\/p>\n<h2 style=\"text-align: justify;\">Juillet et les 7 premiers mois de 2015<\/h2>\n<p style=\"text-align: justify;\">Juillet a ainsi battu un record de chaleur pour ce mois depuis plus d&rsquo;un si\u00e8cle. Mais pas seulement.\u00a0\u00a0\u00ab\u00a0<a href=\"http:\/\/www.info-algerie.com\/Meteo-Algerie.php\" target=\"_blank\">La temp\u00e9rature<\/a> a \u00e9galement \u00e9t\u00e9 au plus haut sur un mois pour \u00a0la p\u00e9riode 1880-2015&Prime;, a soulign\u00e9 la NOAA dans un communiqu\u00e9 publi\u00e9 sur son site.<\/p>\n<p style=\"text-align: justify;\">La temp\u00e9rature moyenne combin\u00e9e \u00e0 la surface des terres et des oc\u00e9ans en \u00a0juillet 2015 s&rsquo;est situ\u00e9e 0,81\u00b0C au-dessus de la moyenne du 20e si\u00e8cle \u00a0(15,8\u00b0C), surpassant de 0,08 degr\u00e9 le pr\u00e9c\u00e9dent record \u00e9tabli en juillet 1998.<\/p>\n<p style=\"text-align: justify;\">Juillet qui est normalement le mois le plus chaud de l&rsquo;ann\u00e9e globalement a \u00a0\u00e9t\u00e9 cette ann\u00e9e avec une temp\u00e9rature globale de 16,61\u00b0C le plus chaud de tous \u00a0les 1.627 mois depuis janvier 1880. La temp\u00e9rature en juillet augmente actuellement de 0,65 degr\u00e9 C en moyennepar si\u00e8cle, pr\u00e9cise la NOAA.<\/p>\n<p>Source: <a href=\"http:\/\/www.liberte-algerie.com\/actualite\/juillet-et-les-7-premiers-mois-de-2015-les-plus-chauds-dans-les-annales-231393\" target=\"_blank\">Juillet et les 7 premiers mois de 2015, les plus chauds dans les annales<\/a><\/p>\n<!--CusAds0-->\n<div style=\"font-size: 0px; height: 0px; line-height: 0px; margin: 0; padding: 0; clear: both;\"><\/div>","protected":false},"excerpt":{"rendered":"<p>Les sept premiers mois de 2015 ont \u00a0\u00e9t\u00e9 les plus chauds enregistr\u00e9s \u00e0 la surface du globe depuis le d\u00e9but des \u00a0relev\u00e9s de temp\u00e9ratures en 1880, a annonc\u00e9 jeudi l&rsquo;Agence am\u00e9ricaine Oc\u00e9anique et atmosph\u00e9rique (NOAA). Juillet et les 7 premiers mois de 2015 Juillet a ainsi battu un record de chaleur pour ce mois depuis<\/p>\n","protected":false},"author":6,"featured_media":157,"comment_status":"open","ping_status":"open","sticky":false,"template":"","format":"standard","meta":{"footnotes":""},"categories":[22],"tags":[23,25,24],"class_list":["post-131","post","type-post","status-publish","format-standard","has-post-thumbnail","hentry","category-infos","tag-climat","tag-ete-2015","tag-temperatures"],"yoast_head":"<!-- This site is optimized with the Yoast SEO plugin v27.5 - https:\/\/yoast.com\/product\/yoast-seo-wordpress\/ -->\n<title>Juillet et les 7 premiers mois de 2015, les plus chauds<\/title>\n<meta name=\"description\" content=\"Juillet et les 7 premiers mois de 2015, les plus chauds dans les annales, les sept premiers mois de 2015 ont \u00e9t\u00e9 les plus chauds\" \/>\n<meta name=\"robots\" content=\"index, follow, max-snippet:-1, max-image-preview:large, max-video-preview:-1\" \/>\n<link rel=\"canonical\" href=\"https:\/\/www.info-algerie.com\/actualites\/juillet-et-les-7-premiers-mois-de-2015-les-plus-chauds-dans-les-annales\/\" \/>\n<meta property=\"og:locale\" content=\"fr_FR\" \/>\n<meta property=\"og:type\" content=\"article\" \/>\n<meta property=\"og:title\" content=\"Juillet et les 7 premiers mois de 2015, les plus chauds\" \/>\n<meta property=\"og:description\" content=\"Juillet et les 7 premiers mois de 2015, les plus chauds dans les annales, les sept premiers mois de 2015 ont \u00e9t\u00e9 les plus chauds\" \/>\n<meta property=\"og:url\" content=\"https:\/\/www.info-algerie.com\/actualites\/juillet-et-les-7-premiers-mois-de-2015-les-plus-chauds-dans-les-annales\/\" \/>\n<meta property=\"og:site_name\" content=\"info algerie\" \/>\n<meta property=\"article:publisher\" content=\"https:\/\/www.facebook.com\/infoalgerieactu\" \/>\n<meta property=\"article:published_time\" content=\"2015-08-20T16:43:00+00:00\" \/>\n<meta property=\"article:modified_time\" content=\"2015-08-21T12:50:33+00:00\" \/>\n<meta property=\"og:image\" content=\"https:\/\/www.info-algerie.com\/actualites\/wp-content\/uploads\/2015\/08\/Juillet-2015-le-plus-chaud-dans-les-annales.jpg\" \/>\n\t<meta property=\"og:image:width\" content=\"620\" \/>\n\t<meta property=\"og:image:height\" content=\"410\" \/>\n\t<meta property=\"og:image:type\" content=\"image\/jpeg\" \/>\n<meta name=\"author\" content=\"La r\u00e9daction\" \/>\n<meta name=\"twitter:label1\" content=\"\u00c9crit par\" \/>\n\t<meta name=\"twitter:data1\" content=\"La r\u00e9daction\" \/>\n\t<meta name=\"twitter:label2\" content=\"Dur\u00e9e de lecture estim\u00e9e\" \/>\n\t<meta name=\"twitter:data2\" content=\"1 minute\" \/>\n<script type=\"application\/ld+json\" class=\"yoast-schema-graph\">{\"@context\":\"https:\\\/\\\/schema.org\",\"@graph\":[{\"@type\":\"Article\",\"@id\":\"https:\\\/\\\/www.info-algerie.com\\\/actualites\\\/juillet-et-les-7-premiers-mois-de-2015-les-plus-chauds-dans-les-annales\\\/#article\",\"isPartOf\":{\"@id\":\"https:\\\/\\\/www.info-algerie.com\\\/actualites\\\/juillet-et-les-7-premiers-mois-de-2015-les-plus-chauds-dans-les-annales\\\/\"},\"author\":{\"name\":\"La r\u00e9daction\",\"@id\":\"https:\\\/\\\/www.info-algerie.com\\\/actualites\\\/#\\\/schema\\\/person\\\/847aaec44920825b843a08f30ec6aa1e\"},\"headline\":\"Juillet et les 7 premiers mois de 2015, les plus chauds dans les annales\",\"datePublished\":\"2015-08-20T16:43:00+00:00\",\"dateModified\":\"2015-08-21T12:50:33+00:00\",\"mainEntityOfPage\":{\"@id\":\"https:\\\/\\\/www.info-algerie.com\\\/actualites\\\/juillet-et-les-7-premiers-mois-de-2015-les-plus-chauds-dans-les-annales\\\/\"},\"wordCount\":213,\"commentCount\":0,\"publisher\":{\"@id\":\"https:\\\/\\\/www.info-algerie.com\\\/actualites\\\/#organization\"},\"image\":{\"@id\":\"https:\\\/\\\/www.info-algerie.com\\\/actualites\\\/juillet-et-les-7-premiers-mois-de-2015-les-plus-chauds-dans-les-annales\\\/#primaryimage\"},\"thumbnailUrl\":\"https:\\\/\\\/www.info-algerie.com\\\/actualites\\\/wp-content\\\/uploads\\\/2015\\\/08\\\/Juillet-2015-le-plus-chaud-dans-les-annales.jpg\",\"keywords\":[\"climat\",\"\u00e9t\u00e9 2015\",\"temp\u00e9ratures\"],\"articleSection\":[\"infos\"],\"inLanguage\":\"fr-FR\",\"potentialAction\":[{\"@type\":\"CommentAction\",\"name\":\"Comment\",\"target\":[\"https:\\\/\\\/www.info-algerie.com\\\/actualites\\\/juillet-et-les-7-premiers-mois-de-2015-les-plus-chauds-dans-les-annales\\\/#respond\"]}]},{\"@type\":\"WebPage\",\"@id\":\"https:\\\/\\\/www.info-algerie.com\\\/actualites\\\/juillet-et-les-7-premiers-mois-de-2015-les-plus-chauds-dans-les-annales\\\/\",\"url\":\"https:\\\/\\\/www.info-algerie.com\\\/actualites\\\/juillet-et-les-7-premiers-mois-de-2015-les-plus-chauds-dans-les-annales\\\/\",\"name\":\"Juillet et les 7 premiers mois de 2015, les plus chauds\",\"isPartOf\":{\"@id\":\"https:\\\/\\\/www.info-algerie.com\\\/actualites\\\/#website\"},\"primaryImageOfPage\":{\"@id\":\"https:\\\/\\\/www.info-algerie.com\\\/actualites\\\/juillet-et-les-7-premiers-mois-de-2015-les-plus-chauds-dans-les-annales\\\/#primaryimage\"},\"image\":{\"@id\":\"https:\\\/\\\/www.info-algerie.com\\\/actualites\\\/juillet-et-les-7-premiers-mois-de-2015-les-plus-chauds-dans-les-annales\\\/#primaryimage\"},\"thumbnailUrl\":\"https:\\\/\\\/www.info-algerie.com\\\/actualites\\\/wp-content\\\/uploads\\\/2015\\\/08\\\/Juillet-2015-le-plus-chaud-dans-les-annales.jpg\",\"datePublished\":\"2015-08-20T16:43:00+00:00\",\"dateModified\":\"2015-08-21T12:50:33+00:00\",\"description\":\"Juillet et les 7 premiers mois de 2015, les plus chauds dans les annales, les sept premiers mois de 2015 ont \u00e9t\u00e9 les plus chauds\",\"breadcrumb\":{\"@id\":\"https:\\\/\\\/www.info-algerie.com\\\/actualites\\\/juillet-et-les-7-premiers-mois-de-2015-les-plus-chauds-dans-les-annales\\\/#breadcrumb\"},\"inLanguage\":\"fr-FR\",\"potentialAction\":[{\"@type\":\"ReadAction\",\"target\":[\"https:\\\/\\\/www.info-algerie.com\\\/actualites\\\/juillet-et-les-7-premiers-mois-de-2015-les-plus-chauds-dans-les-annales\\\/\"]}]},{\"@type\":\"ImageObject\",\"inLanguage\":\"fr-FR\",\"@id\":\"https:\\\/\\\/www.info-algerie.com\\\/actualites\\\/juillet-et-les-7-premiers-mois-de-2015-les-plus-chauds-dans-les-annales\\\/#primaryimage\",\"url\":\"https:\\\/\\\/www.info-algerie.com\\\/actualites\\\/wp-content\\\/uploads\\\/2015\\\/08\\\/Juillet-2015-le-plus-chaud-dans-les-annales.jpg\",\"contentUrl\":\"https:\\\/\\\/www.info-algerie.com\\\/actualites\\\/wp-content\\\/uploads\\\/2015\\\/08\\\/Juillet-2015-le-plus-chaud-dans-les-annales.jpg\",\"width\":620,\"height\":410,\"caption\":\"Juillet et les 7 premiers mois de 2015\"},{\"@type\":\"BreadcrumbList\",\"@id\":\"https:\\\/\\\/www.info-algerie.com\\\/actualites\\\/juillet-et-les-7-premiers-mois-de-2015-les-plus-chauds-dans-les-annales\\\/#breadcrumb\",\"itemListElement\":[{\"@type\":\"ListItem\",\"position\":1,\"name\":\"Accueil\",\"item\":\"https:\\\/\\\/www.info-algerie.com\\\/actualites\\\/\"},{\"@type\":\"ListItem\",\"position\":2,\"name\":\"Juillet et les 7 premiers mois de 2015, les plus chauds dans les annales\"}]},{\"@type\":\"WebSite\",\"@id\":\"https:\\\/\\\/www.info-algerie.com\\\/actualites\\\/#website\",\"url\":\"https:\\\/\\\/www.info-algerie.com\\\/actualites\\\/\",\"name\":\"info algerie\",\"description\":\"Toutes les actualit\u00e9s\",\"publisher\":{\"@id\":\"https:\\\/\\\/www.info-algerie.com\\\/actualites\\\/#organization\"},\"potentialAction\":[{\"@type\":\"SearchAction\",\"target\":{\"@type\":\"EntryPoint\",\"urlTemplate\":\"https:\\\/\\\/www.info-algerie.com\\\/actualites\\\/?s={search_term_string}\"},\"query-input\":{\"@type\":\"PropertyValueSpecification\",\"valueRequired\":true,\"valueName\":\"search_term_string\"}}],\"inLanguage\":\"fr-FR\"},{\"@type\":\"Organization\",\"@id\":\"https:\\\/\\\/www.info-algerie.com\\\/actualites\\\/#organization\",\"name\":\"info algerie\",\"url\":\"https:\\\/\\\/www.info-algerie.com\\\/actualites\\\/\",\"logo\":{\"@type\":\"ImageObject\",\"inLanguage\":\"fr-FR\",\"@id\":\"https:\\\/\\\/www.info-algerie.com\\\/actualites\\\/#\\\/schema\\\/logo\\\/image\\\/\",\"url\":\"https:\\\/\\\/www.info-algerie.com\\\/actualites\\\/wp-content\\\/uploads\\\/2022\\\/07\\\/logo-ia-120.png\",\"contentUrl\":\"https:\\\/\\\/www.info-algerie.com\\\/actualites\\\/wp-content\\\/uploads\\\/2022\\\/07\\\/logo-ia-120.png\",\"width\":120,\"height\":43,\"caption\":\"info algerie\"},\"image\":{\"@id\":\"https:\\\/\\\/www.info-algerie.com\\\/actualites\\\/#\\\/schema\\\/logo\\\/image\\\/\"},\"sameAs\":[\"https:\\\/\\\/www.facebook.com\\\/infoalgerieactu\",\"https:\\\/\\\/x.com\\\/infoalgerie1\"]},{\"@type\":\"Person\",\"@id\":\"https:\\\/\\\/www.info-algerie.com\\\/actualites\\\/#\\\/schema\\\/person\\\/847aaec44920825b843a08f30ec6aa1e\",\"name\":\"La r\u00e9daction\",\"image\":{\"@type\":\"ImageObject\",\"inLanguage\":\"fr-FR\",\"@id\":\"https:\\\/\\\/secure.gravatar.com\\\/avatar\\\/769db425c6f465158149f1ffd6cf61ce7a8a879d11dfbef8288af36dfddd418c?s=96&d=mm&r=g\",\"url\":\"https:\\\/\\\/secure.gravatar.com\\\/avatar\\\/769db425c6f465158149f1ffd6cf61ce7a8a879d11dfbef8288af36dfddd418c?s=96&d=mm&r=g\",\"contentUrl\":\"https:\\\/\\\/secure.gravatar.com\\\/avatar\\\/769db425c6f465158149f1ffd6cf61ce7a8a879d11dfbef8288af36dfddd418c?s=96&d=mm&r=g\",\"caption\":\"La r\u00e9daction\"},\"sameAs\":[\"http:\\\/\\\/www.lkeria.com\\\/\"],\"url\":\"https:\\\/\\\/www.info-algerie.com\\\/actualites\\\/author\\\/chakib32\\\/\"}]}<\/script>\n<!-- \/ Yoast SEO plugin. -->","yoast_head_json":{"title":"Juillet et les 7 premiers mois de 2015, les plus chauds","description":"Juillet et les 7 premiers mois de 2015, les plus chauds dans les annales, les sept premiers mois de 2015 ont \u00e9t\u00e9 les plus chauds","robots":{"index":"index","follow":"follow","max-snippet":"max-snippet:-1","max-image-preview":"max-image-preview:large","max-video-preview":"max-video-preview:-1"},"canonical":"https:\/\/www.info-algerie.com\/actualites\/juillet-et-les-7-premiers-mois-de-2015-les-plus-chauds-dans-les-annales\/","og_locale":"fr_FR","og_type":"article","og_title":"Juillet et les 7 premiers mois de 2015, les plus chauds","og_description":"Juillet et les 7 premiers mois de 2015, les plus chauds dans les annales, les sept premiers mois de 2015 ont \u00e9t\u00e9 les plus chauds","og_url":"https:\/\/www.info-algerie.com\/actualites\/juillet-et-les-7-premiers-mois-de-2015-les-plus-chauds-dans-les-annales\/","og_site_name":"info algerie","article_publisher":"https:\/\/www.facebook.com\/infoalgerieactu","article_published_time":"2015-08-20T16:43:00+00:00","article_modified_time":"2015-08-21T12:50:33+00:00","og_image":[{"width":620,"height":410,"url":"https:\/\/www.info-algerie.com\/actualites\/wp-content\/uploads\/2015\/08\/Juillet-2015-le-plus-chaud-dans-les-annales.jpg","type":"image\/jpeg"}],"author":"La r\u00e9daction","twitter_misc":{"\u00c9crit par":"La r\u00e9daction","Dur\u00e9e de lecture estim\u00e9e":"1 minute"},"schema":{"@context":"https:\/\/schema.org","@graph":[{"@type":"Article","@id":"https:\/\/www.info-algerie.com\/actualites\/juillet-et-les-7-premiers-mois-de-2015-les-plus-chauds-dans-les-annales\/#article","isPartOf":{"@id":"https:\/\/www.info-algerie.com\/actualites\/juillet-et-les-7-premiers-mois-de-2015-les-plus-chauds-dans-les-annales\/"},"author":{"name":"La r\u00e9daction","@id":"https:\/\/www.info-algerie.com\/actualites\/#\/schema\/person\/847aaec44920825b843a08f30ec6aa1e"},"headline":"Juillet et les 7 premiers mois de 2015, les plus chauds dans les annales","datePublished":"2015-08-20T16:43:00+00:00","dateModified":"2015-08-21T12:50:33+00:00","mainEntityOfPage":{"@id":"https:\/\/www.info-algerie.com\/actualites\/juillet-et-les-7-premiers-mois-de-2015-les-plus-chauds-dans-les-annales\/"},"wordCount":213,"commentCount":0,"publisher":{"@id":"https:\/\/www.info-algerie.com\/actualites\/#organization"},"image":{"@id":"https:\/\/www.info-algerie.com\/actualites\/juillet-et-les-7-premiers-mois-de-2015-les-plus-chauds-dans-les-annales\/#primaryimage"},"thumbnailUrl":"https:\/\/www.info-algerie.com\/actualites\/wp-content\/uploads\/2015\/08\/Juillet-2015-le-plus-chaud-dans-les-annales.jpg","keywords":["climat","\u00e9t\u00e9 2015","temp\u00e9ratures"],"articleSection":["infos"],"inLanguage":"fr-FR","potentialAction":[{"@type":"CommentAction","name":"Comment","target":["https:\/\/www.info-algerie.com\/actualites\/juillet-et-les-7-premiers-mois-de-2015-les-plus-chauds-dans-les-annales\/#respond"]}]},{"@type":"WebPage","@id":"https:\/\/www.info-algerie.com\/actualites\/juillet-et-les-7-premiers-mois-de-2015-les-plus-chauds-dans-les-annales\/","url":"https:\/\/www.info-algerie.com\/actualites\/juillet-et-les-7-premiers-mois-de-2015-les-plus-chauds-dans-les-annales\/","name":"Juillet et les 7 premiers mois de 2015, les plus chauds","isPartOf":{"@id":"https:\/\/www.info-algerie.com\/actualites\/#website"},"primaryImageOfPage":{"@id":"https:\/\/www.info-algerie.com\/actualites\/juillet-et-les-7-premiers-mois-de-2015-les-plus-chauds-dans-les-annales\/#primaryimage"},"image":{"@id":"https:\/\/www.info-algerie.com\/actualites\/juillet-et-les-7-premiers-mois-de-2015-les-plus-chauds-dans-les-annales\/#primaryimage"},"thumbnailUrl":"https:\/\/www.info-algerie.com\/actualites\/wp-content\/uploads\/2015\/08\/Juillet-2015-le-plus-chaud-dans-les-annales.jpg","datePublished":"2015-08-20T16:43:00+00:00","dateModified":"2015-08-21T12:50:33+00:00","description":"Juillet et les 7 premiers mois de 2015, les plus chauds dans les annales, les sept premiers mois de 2015 ont \u00e9t\u00e9 les plus chauds","breadcrumb":{"@id":"https:\/\/www.info-algerie.com\/actualites\/juillet-et-les-7-premiers-mois-de-2015-les-plus-chauds-dans-les-annales\/#breadcrumb"},"inLanguage":"fr-FR","potentialAction":[{"@type":"ReadAction","target":["https:\/\/www.info-algerie.com\/actualites\/juillet-et-les-7-premiers-mois-de-2015-les-plus-chauds-dans-les-annales\/"]}]},{"@type":"ImageObject","inLanguage":"fr-FR","@id":"https:\/\/www.info-algerie.com\/actualites\/juillet-et-les-7-premiers-mois-de-2015-les-plus-chauds-dans-les-annales\/#primaryimage","url":"https:\/\/www.info-algerie.com\/actualites\/wp-content\/uploads\/2015\/08\/Juillet-2015-le-plus-chaud-dans-les-annales.jpg","contentUrl":"https:\/\/www.info-algerie.com\/actualites\/wp-content\/uploads\/2015\/08\/Juillet-2015-le-plus-chaud-dans-les-annales.jpg","width":620,"height":410,"caption":"Juillet et les 7 premiers mois de 2015"},{"@type":"BreadcrumbList","@id":"https:\/\/www.info-algerie.com\/actualites\/juillet-et-les-7-premiers-mois-de-2015-les-plus-chauds-dans-les-annales\/#breadcrumb","itemListElement":[{"@type":"ListItem","position":1,"name":"Accueil","item":"https:\/\/www.info-algerie.com\/actualites\/"},{"@type":"ListItem","position":2,"name":"Juillet et les 7 premiers mois de 2015, les plus chauds dans les annales"}]},{"@type":"WebSite","@id":"https:\/\/www.info-algerie.com\/actualites\/#website","url":"https:\/\/www.info-algerie.com\/actualites\/","name":"info algerie","description":"Toutes les actualit\u00e9s","publisher":{"@id":"https:\/\/www.info-algerie.com\/actualites\/#organization"},"potentialAction":[{"@type":"SearchAction","target":{"@type":"EntryPoint","urlTemplate":"https:\/\/www.info-algerie.com\/actualites\/?s={search_term_string}"},"query-input":{"@type":"PropertyValueSpecification","valueRequired":true,"valueName":"search_term_string"}}],"inLanguage":"fr-FR"},{"@type":"Organization","@id":"https:\/\/www.info-algerie.com\/actualites\/#organization","name":"info algerie","url":"https:\/\/www.info-algerie.com\/actualites\/","logo":{"@type":"ImageObject","inLanguage":"fr-FR","@id":"https:\/\/www.info-algerie.com\/actualites\/#\/schema\/logo\/image\/","url":"https:\/\/www.info-algerie.com\/actualites\/wp-content\/uploads\/2022\/07\/logo-ia-120.png","contentUrl":"https:\/\/www.info-algerie.com\/actualites\/wp-content\/uploads\/2022\/07\/logo-ia-120.png","width":120,"height":43,"caption":"info algerie"},"image":{"@id":"https:\/\/www.info-algerie.com\/actualites\/#\/schema\/logo\/image\/"},"sameAs":["https:\/\/www.facebook.com\/infoalgerieactu","https:\/\/x.com\/infoalgerie1"]},{"@type":"Person","@id":"https:\/\/www.info-algerie.com\/actualites\/#\/schema\/person\/847aaec44920825b843a08f30ec6aa1e","name":"La r\u00e9daction","image":{"@type":"ImageObject","inLanguage":"fr-FR","@id":"https:\/\/secure.gravatar.com\/avatar\/769db425c6f465158149f1ffd6cf61ce7a8a879d11dfbef8288af36dfddd418c?s=96&d=mm&r=g","url":"https:\/\/secure.gravatar.com\/avatar\/769db425c6f465158149f1ffd6cf61ce7a8a879d11dfbef8288af36dfddd418c?s=96&d=mm&r=g","contentUrl":"https:\/\/secure.gravatar.com\/avatar\/769db425c6f465158149f1ffd6cf61ce7a8a879d11dfbef8288af36dfddd418c?s=96&d=mm&r=g","caption":"La r\u00e9daction"},"sameAs":["http:\/\/www.lkeria.com\/"],"url":"https:\/\/www.info-algerie.com\/actualites\/author\/chakib32\/"}]}},"_links":{"self":[{"href":"https:\/\/www.info-algerie.com\/actualites\/wp-json\/wp\/v2\/posts\/131","targetHints":{"allow":["GET"]}}],"collection":[{"href":"https:\/\/www.info-algerie.com\/actualites\/wp-json\/wp\/v2\/posts"}],"about":[{"href":"https:\/\/www.info-algerie.com\/actualites\/wp-json\/wp\/v2\/types\/post"}],"author":[{"embeddable":true,"href":"https:\/\/www.info-algerie.com\/actualites\/wp-json\/wp\/v2\/users\/6"}],"replies":[{"embeddable":true,"href":"https:\/\/www.info-algerie.com\/actualites\/wp-json\/wp\/v2\/comments?post=131"}],"version-history":[{"count":5,"href":"https:\/\/www.info-algerie.com\/actualites\/wp-json\/wp\/v2\/posts\/131\/revisions"}],"predecessor-version":[{"id":160,"href":"https:\/\/www.info-algerie.com\/actualites\/wp-json\/wp\/v2\/posts\/131\/revisions\/160"}],"wp:featuredmedia":[{"embeddable":true,"href":"https:\/\/www.info-algerie.com\/actualites\/wp-json\/wp\/v2\/media\/157"}],"wp:attachment":[{"href":"https:\/\/www.info-algerie.com\/actualites\/wp-json\/wp\/v2\/media?parent=131"}],"wp:term":[{"taxonomy":"category","embeddable":true,"href":"https:\/\/www.info-algerie.com\/actualites\/wp-json\/wp\/v2\/categories?post=131"},{"taxonomy":"post_tag","embeddable":true,"href":"https:\/\/www.info-algerie.com\/actualites\/wp-json\/wp\/v2\/tags?post=131"}],"curies":[{"name":"wp","href":"https:\/\/api.w.org\/{rel}","templated":true}]}}