{"id":13191,"date":"2017-06-14T10:56:23","date_gmt":"2017-06-14T09:56:23","guid":{"rendered":"http:\/\/www.info-algerie.com\/actualites\/les-agences-de-presse-aps-et-vna-conviennent-de-renforcer-leur-cooperation\/"},"modified":"2017-06-14T10:56:23","modified_gmt":"2017-06-14T09:56:23","slug":"les-agences-de-presse-aps-et-vna-conviennent-de-renforcer-leur-cooperation","status":"publish","type":"post","link":"https:\/\/www.info-algerie.com\/actualites\/les-agences-de-presse-aps-et-vna-conviennent-de-renforcer-leur-cooperation\/","title":{"rendered":"Les agences de presse APS et VNA conviennent de renforcer leur coop\u00e9ration"},"content":{"rendered":"<div class=\"K2FeedImage\"><img decoding=\"async\" src=\"https:\/\/www.info-algerie.com\/actualites\/wp-content\/uploads\/2017\/06\/a50d832102cc6e332d683d2706cedf12_S.jpg\" alt=\"Les agences de presse APS et VNA conviennent de renforcer leur coop&#xE9;ration\" \/><\/div>\n<div class=\"K2FeedIntroText\">\n<p>HANOI &#8211; L&rsquo;agence nationale de presse Alg\u00e9rie Presse Service (APS) et son homologue du Vietnam VNA ont convenu mercredi \u00e0 Hano\u00ef de renforcer leur coop\u00e9ration \u00e0 la faveur de la signature d&rsquo;un protocole d&rsquo;accord entre les deux agences.<\/p>\n<p>&#013;\n<\/p><\/div>\n<div class=\"K2FeedFullText\">&#013;<\/p>\n<p>L&rsquo;accord, sign\u00e9 par le Directeur g\u00e9n\u00e9ral de l&rsquo;APS, Abdelhamid Kacha, et le Directeur g\u00e9n\u00e9ral de VNA, Nguyen Duc Loi, vise l&rsquo;intensification des \u00e9changes d&rsquo;informations, de photos, d&rsquo;infographies et dans le domaine audiovisuel.<\/p>\n<p>&#013;<\/p>\n<p>Selon les termes du document, les deux agences s\u2019accordent \u00e0 s\u2019\u00e9changer des informations en fran\u00e7ais et en anglais ainsi que des photos et des vid\u00e9os.<\/p>\n<p>&#013;<\/p>\n<p>Les deux parties s\u2019engagent, en outre, \u00e0 se fournir mutuellement des appuis professionnels, techniques et logistiques ainsi que l\u2019assistance \u00e0 leurs correspondants et envoy\u00e9s respectifs dans l\u2019ex\u00e9cution de leurs activit\u00e9s professionnelles dans le pays d\u2019accueil. L\u2019APS et VNA proc\u00e8deront, selon les termes de l\u2019accord, \u00e0 des \u00e9changes de visites\u00a0 p\u00e9riodiques de responsables et\/ou journalistes\u00a0 pour discuter de la coop\u00e9ration et des orientations de d\u00e9veloppement du journalisme dans chaque pays respectif.<\/p>\n<p>&#013;<\/p>\n<p>Lors de l\u2019entretien entre les deux directeurs g\u00e9n\u00e9raux, M. Kacha a estim\u00e9 tr\u00e8s efficace la coop\u00e9ration entre les deux parties, notamment dans l&rsquo;\u00e9change d&rsquo;informations, affirmant sa volont\u00e9 d&rsquo;utiliser plus efficacement encore les informations fournies par la VNA pour informer de la situation du Vietnam en particulier et de l\u2019Association des nations du sud-est asiatique (ASEAN) ainsi que du continent asiatique en g\u00e9n\u00e9ral.<\/p>\n<p>&#013;<\/p>\n<p>De son c\u00f4t\u00e9, Nguyen Duc Loi a d\u00e9clar\u00e9 que l\u2019&rsquo;Alg\u00e9rie et l&rsquo;Afrique du Nord sont des r\u00e9gions importantes pour l&rsquo;Agence VNA en mati\u00e8re d&rsquo;information, ajoutant que les relations de coop\u00e9ration entre les deux agences de presse \u00e9taient n\u00e9cessaires, conform\u00e9ment aux relations d&rsquo;amiti\u00e9 traditionnelle entre Vietnam et l\u2019-Alg\u00e9rie.<\/p>\n<p>&#013;<\/p>\n<p>A cet \u00e9gard, il a remerci\u00e9 l&rsquo;APS de soutenir efficacement les correspondants de la VNA dans l\u2019accomplissement de leur t\u00e2che en Alg\u00e9rie.<\/p>\n<p>&#013;<\/p>\n<p>Par ailleurs, les deux directeurs g\u00e9n\u00e9raux ont discut\u00e9 des d\u00e9fis qui se posent devant les agences de presse en ce contexte actuel d&rsquo;une concurrence acharn\u00e9e ainsi que des mesures pour que l&rsquo;APS et VNA puissent bien accomplir leur mission et continuer de se d\u00e9velopper.<\/p>\n<p>&#013;<\/p>\n<p class=\"MsoNormal\">Pour rappel, un accord de coop\u00e9ration avait \u00e9t\u00e9 sign\u00e9, en d\u00e9cembre 2013 \u00e0 Alger, entre l&rsquo;APS et VNA \u00e0 travers lequel les deux agences de presse se sont notamment engag\u00e9es \u00e0 \u00e9changer gratuitement des informations et des photos d\u2019actualit\u00e9.<\/p>\n<\/div>\n<p>&#013;<br \/>\nSource: <a href=\"http:\/\/www.aps.dz\/algerie\/58882-les-agences-de-presse-aps-et-vna-conviennent-de-renforcer-leur-cooperation\" target=\"_blank\">Les agences de presse APS et VNA conviennent de renforcer leur coop\u00e9ration<\/a><\/p>\n<!--CusAds0-->\n<div style=\"font-size: 0px; height: 0px; line-height: 0px; margin: 0; padding: 0; clear: both;\"><\/div>","protected":false},"excerpt":{"rendered":"<p>HANOI &#8211; L&rsquo;agence nationale de presse Alg\u00e9rie Presse Service (APS) et son homologue du Vietnam VNA ont convenu mercredi \u00e0 Hano\u00ef de renforcer leur coop\u00e9ration \u00e0 la faveur de la signature d&rsquo;un protocole d&rsquo;accord entre les deux agences. &#013; &#013; L&rsquo;accord, sign\u00e9 par le Directeur g\u00e9n\u00e9ral de l&rsquo;APS, Abdelhamid Kacha, et le Directeur g\u00e9n\u00e9ral de<\/p>\n","protected":false},"author":6,"featured_media":13192,"comment_status":"open","ping_status":"open","sticky":false,"template":"","format":"standard","meta":{"footnotes":""},"categories":[22],"tags":[93],"class_list":["post-13191","post","type-post","status-publish","format-standard","has-post-thumbnail","hentry","category-infos","tag-onu"],"yoast_head":"<!-- This site is optimized with the Yoast SEO plugin v27.5 - https:\/\/yoast.com\/product\/yoast-seo-wordpress\/ -->\n<title>Les agences de presse APS et VNA conviennent de renforcer leur coop\u00e9ration - info algerie<\/title>\n<meta name=\"robots\" content=\"index, follow, max-snippet:-1, max-image-preview:large, max-video-preview:-1\" \/>\n<link rel=\"canonical\" href=\"https:\/\/www.info-algerie.com\/actualites\/les-agences-de-presse-aps-et-vna-conviennent-de-renforcer-leur-cooperation\/\" \/>\n<meta property=\"og:locale\" content=\"fr_FR\" \/>\n<meta property=\"og:type\" content=\"article\" \/>\n<meta property=\"og:title\" content=\"Les agences de presse APS et VNA conviennent de renforcer leur coop\u00e9ration - info algerie\" \/>\n<meta property=\"og:description\" content=\"HANOI &#8211; L&rsquo;agence nationale de presse Alg\u00e9rie Presse Service (APS) et son homologue du Vietnam VNA ont convenu mercredi \u00e0 Hano\u00ef de renforcer leur coop\u00e9ration \u00e0 la faveur de la signature d&rsquo;un protocole d&rsquo;accord entre les deux agences. &#013; &#013; L&rsquo;accord, sign\u00e9 par le Directeur g\u00e9n\u00e9ral de l&rsquo;APS, Abdelhamid Kacha, et le Directeur g\u00e9n\u00e9ral de\" \/>\n<meta property=\"og:url\" content=\"https:\/\/www.info-algerie.com\/actualites\/les-agences-de-presse-aps-et-vna-conviennent-de-renforcer-leur-cooperation\/\" \/>\n<meta property=\"og:site_name\" content=\"info algerie\" \/>\n<meta property=\"article:publisher\" content=\"https:\/\/www.facebook.com\/infoalgerieactu\" \/>\n<meta property=\"article:published_time\" content=\"2017-06-14T09:56:23+00:00\" \/>\n<meta property=\"og:image\" content=\"https:\/\/www.info-algerie.com\/actualites\/wp-content\/uploads\/2017\/06\/a50d832102cc6e332d683d2706cedf12_S-1.jpg\" \/>\n\t<meta property=\"og:image:width\" content=\"280\" \/>\n\t<meta property=\"og:image:height\" content=\"169\" \/>\n\t<meta property=\"og:image:type\" content=\"image\/jpeg\" \/>\n<meta name=\"author\" content=\"La r\u00e9daction\" \/>\n<meta name=\"twitter:label1\" content=\"\u00c9crit par\" \/>\n\t<meta name=\"twitter:data1\" content=\"La r\u00e9daction\" \/>\n\t<meta name=\"twitter:label2\" content=\"Dur\u00e9e de lecture estim\u00e9e\" \/>\n\t<meta name=\"twitter:data2\" content=\"2 minutes\" \/>\n<script type=\"application\/ld+json\" class=\"yoast-schema-graph\">{\"@context\":\"https:\\\/\\\/schema.org\",\"@graph\":[{\"@type\":\"Article\",\"@id\":\"https:\\\/\\\/www.info-algerie.com\\\/actualites\\\/les-agences-de-presse-aps-et-vna-conviennent-de-renforcer-leur-cooperation\\\/#article\",\"isPartOf\":{\"@id\":\"https:\\\/\\\/www.info-algerie.com\\\/actualites\\\/les-agences-de-presse-aps-et-vna-conviennent-de-renforcer-leur-cooperation\\\/\"},\"author\":{\"name\":\"La r\u00e9daction\",\"@id\":\"https:\\\/\\\/www.info-algerie.com\\\/actualites\\\/#\\\/schema\\\/person\\\/847aaec44920825b843a08f30ec6aa1e\"},\"headline\":\"Les agences de presse APS et VNA conviennent de renforcer leur coop\u00e9ration\",\"datePublished\":\"2017-06-14T09:56:23+00:00\",\"mainEntityOfPage\":{\"@id\":\"https:\\\/\\\/www.info-algerie.com\\\/actualites\\\/les-agences-de-presse-aps-et-vna-conviennent-de-renforcer-leur-cooperation\\\/\"},\"wordCount\":470,\"commentCount\":0,\"publisher\":{\"@id\":\"https:\\\/\\\/www.info-algerie.com\\\/actualites\\\/#organization\"},\"image\":{\"@id\":\"https:\\\/\\\/www.info-algerie.com\\\/actualites\\\/les-agences-de-presse-aps-et-vna-conviennent-de-renforcer-leur-cooperation\\\/#primaryimage\"},\"thumbnailUrl\":\"https:\\\/\\\/www.info-algerie.com\\\/actualites\\\/wp-content\\\/uploads\\\/2017\\\/06\\\/a50d832102cc6e332d683d2706cedf12_S-1.jpg\",\"keywords\":[\"ONU\"],\"articleSection\":[\"infos\"],\"inLanguage\":\"fr-FR\",\"potentialAction\":[{\"@type\":\"CommentAction\",\"name\":\"Comment\",\"target\":[\"https:\\\/\\\/www.info-algerie.com\\\/actualites\\\/les-agences-de-presse-aps-et-vna-conviennent-de-renforcer-leur-cooperation\\\/#respond\"]}]},{\"@type\":\"WebPage\",\"@id\":\"https:\\\/\\\/www.info-algerie.com\\\/actualites\\\/les-agences-de-presse-aps-et-vna-conviennent-de-renforcer-leur-cooperation\\\/\",\"url\":\"https:\\\/\\\/www.info-algerie.com\\\/actualites\\\/les-agences-de-presse-aps-et-vna-conviennent-de-renforcer-leur-cooperation\\\/\",\"name\":\"Les agences de presse APS et VNA conviennent de renforcer leur coop\u00e9ration - info algerie\",\"isPartOf\":{\"@id\":\"https:\\\/\\\/www.info-algerie.com\\\/actualites\\\/#website\"},\"primaryImageOfPage\":{\"@id\":\"https:\\\/\\\/www.info-algerie.com\\\/actualites\\\/les-agences-de-presse-aps-et-vna-conviennent-de-renforcer-leur-cooperation\\\/#primaryimage\"},\"image\":{\"@id\":\"https:\\\/\\\/www.info-algerie.com\\\/actualites\\\/les-agences-de-presse-aps-et-vna-conviennent-de-renforcer-leur-cooperation\\\/#primaryimage\"},\"thumbnailUrl\":\"https:\\\/\\\/www.info-algerie.com\\\/actualites\\\/wp-content\\\/uploads\\\/2017\\\/06\\\/a50d832102cc6e332d683d2706cedf12_S-1.jpg\",\"datePublished\":\"2017-06-14T09:56:23+00:00\",\"breadcrumb\":{\"@id\":\"https:\\\/\\\/www.info-algerie.com\\\/actualites\\\/les-agences-de-presse-aps-et-vna-conviennent-de-renforcer-leur-cooperation\\\/#breadcrumb\"},\"inLanguage\":\"fr-FR\",\"potentialAction\":[{\"@type\":\"ReadAction\",\"target\":[\"https:\\\/\\\/www.info-algerie.com\\\/actualites\\\/les-agences-de-presse-aps-et-vna-conviennent-de-renforcer-leur-cooperation\\\/\"]}]},{\"@type\":\"ImageObject\",\"inLanguage\":\"fr-FR\",\"@id\":\"https:\\\/\\\/www.info-algerie.com\\\/actualites\\\/les-agences-de-presse-aps-et-vna-conviennent-de-renforcer-leur-cooperation\\\/#primaryimage\",\"url\":\"https:\\\/\\\/www.info-algerie.com\\\/actualites\\\/wp-content\\\/uploads\\\/2017\\\/06\\\/a50d832102cc6e332d683d2706cedf12_S-1.jpg\",\"contentUrl\":\"https:\\\/\\\/www.info-algerie.com\\\/actualites\\\/wp-content\\\/uploads\\\/2017\\\/06\\\/a50d832102cc6e332d683d2706cedf12_S-1.jpg\",\"width\":280,\"height\":169},{\"@type\":\"BreadcrumbList\",\"@id\":\"https:\\\/\\\/www.info-algerie.com\\\/actualites\\\/les-agences-de-presse-aps-et-vna-conviennent-de-renforcer-leur-cooperation\\\/#breadcrumb\",\"itemListElement\":[{\"@type\":\"ListItem\",\"position\":1,\"name\":\"Accueil\",\"item\":\"https:\\\/\\\/www.info-algerie.com\\\/actualites\\\/\"},{\"@type\":\"ListItem\",\"position\":2,\"name\":\"Les agences de presse APS et VNA conviennent de renforcer leur coop\u00e9ration\"}]},{\"@type\":\"WebSite\",\"@id\":\"https:\\\/\\\/www.info-algerie.com\\\/actualites\\\/#website\",\"url\":\"https:\\\/\\\/www.info-algerie.com\\\/actualites\\\/\",\"name\":\"info algerie\",\"description\":\"Toutes les actualit\u00e9s\",\"publisher\":{\"@id\":\"https:\\\/\\\/www.info-algerie.com\\\/actualites\\\/#organization\"},\"potentialAction\":[{\"@type\":\"SearchAction\",\"target\":{\"@type\":\"EntryPoint\",\"urlTemplate\":\"https:\\\/\\\/www.info-algerie.com\\\/actualites\\\/?s={search_term_string}\"},\"query-input\":{\"@type\":\"PropertyValueSpecification\",\"valueRequired\":true,\"valueName\":\"search_term_string\"}}],\"inLanguage\":\"fr-FR\"},{\"@type\":\"Organization\",\"@id\":\"https:\\\/\\\/www.info-algerie.com\\\/actualites\\\/#organization\",\"name\":\"info algerie\",\"url\":\"https:\\\/\\\/www.info-algerie.com\\\/actualites\\\/\",\"logo\":{\"@type\":\"ImageObject\",\"inLanguage\":\"fr-FR\",\"@id\":\"https:\\\/\\\/www.info-algerie.com\\\/actualites\\\/#\\\/schema\\\/logo\\\/image\\\/\",\"url\":\"https:\\\/\\\/www.info-algerie.com\\\/actualites\\\/wp-content\\\/uploads\\\/2022\\\/07\\\/logo-ia-120.png\",\"contentUrl\":\"https:\\\/\\\/www.info-algerie.com\\\/actualites\\\/wp-content\\\/uploads\\\/2022\\\/07\\\/logo-ia-120.png\",\"width\":120,\"height\":43,\"caption\":\"info algerie\"},\"image\":{\"@id\":\"https:\\\/\\\/www.info-algerie.com\\\/actualites\\\/#\\\/schema\\\/logo\\\/image\\\/\"},\"sameAs\":[\"https:\\\/\\\/www.facebook.com\\\/infoalgerieactu\",\"https:\\\/\\\/x.com\\\/infoalgerie1\"]},{\"@type\":\"Person\",\"@id\":\"https:\\\/\\\/www.info-algerie.com\\\/actualites\\\/#\\\/schema\\\/person\\\/847aaec44920825b843a08f30ec6aa1e\",\"name\":\"La r\u00e9daction\",\"image\":{\"@type\":\"ImageObject\",\"inLanguage\":\"fr-FR\",\"@id\":\"https:\\\/\\\/secure.gravatar.com\\\/avatar\\\/769db425c6f465158149f1ffd6cf61ce7a8a879d11dfbef8288af36dfddd418c?s=96&d=mm&r=g\",\"url\":\"https:\\\/\\\/secure.gravatar.com\\\/avatar\\\/769db425c6f465158149f1ffd6cf61ce7a8a879d11dfbef8288af36dfddd418c?s=96&d=mm&r=g\",\"contentUrl\":\"https:\\\/\\\/secure.gravatar.com\\\/avatar\\\/769db425c6f465158149f1ffd6cf61ce7a8a879d11dfbef8288af36dfddd418c?s=96&d=mm&r=g\",\"caption\":\"La r\u00e9daction\"},\"sameAs\":[\"http:\\\/\\\/www.lkeria.com\\\/\"],\"url\":\"https:\\\/\\\/www.info-algerie.com\\\/actualites\\\/author\\\/chakib32\\\/\"}]}<\/script>\n<!-- \/ Yoast SEO plugin. -->","yoast_head_json":{"title":"Les agences de presse APS et VNA conviennent de renforcer leur coop\u00e9ration - info algerie","robots":{"index":"index","follow":"follow","max-snippet":"max-snippet:-1","max-image-preview":"max-image-preview:large","max-video-preview":"max-video-preview:-1"},"canonical":"https:\/\/www.info-algerie.com\/actualites\/les-agences-de-presse-aps-et-vna-conviennent-de-renforcer-leur-cooperation\/","og_locale":"fr_FR","og_type":"article","og_title":"Les agences de presse APS et VNA conviennent de renforcer leur coop\u00e9ration - info algerie","og_description":"HANOI &#8211; L&rsquo;agence nationale de presse Alg\u00e9rie Presse Service (APS) et son homologue du Vietnam VNA ont convenu mercredi \u00e0 Hano\u00ef de renforcer leur coop\u00e9ration \u00e0 la faveur de la signature d&rsquo;un protocole d&rsquo;accord entre les deux agences. &#013; &#013; L&rsquo;accord, sign\u00e9 par le Directeur g\u00e9n\u00e9ral de l&rsquo;APS, Abdelhamid Kacha, et le Directeur g\u00e9n\u00e9ral de","og_url":"https:\/\/www.info-algerie.com\/actualites\/les-agences-de-presse-aps-et-vna-conviennent-de-renforcer-leur-cooperation\/","og_site_name":"info algerie","article_publisher":"https:\/\/www.facebook.com\/infoalgerieactu","article_published_time":"2017-06-14T09:56:23+00:00","og_image":[{"width":280,"height":169,"url":"https:\/\/www.info-algerie.com\/actualites\/wp-content\/uploads\/2017\/06\/a50d832102cc6e332d683d2706cedf12_S-1.jpg","type":"image\/jpeg"}],"author":"La r\u00e9daction","twitter_misc":{"\u00c9crit par":"La r\u00e9daction","Dur\u00e9e de lecture estim\u00e9e":"2 minutes"},"schema":{"@context":"https:\/\/schema.org","@graph":[{"@type":"Article","@id":"https:\/\/www.info-algerie.com\/actualites\/les-agences-de-presse-aps-et-vna-conviennent-de-renforcer-leur-cooperation\/#article","isPartOf":{"@id":"https:\/\/www.info-algerie.com\/actualites\/les-agences-de-presse-aps-et-vna-conviennent-de-renforcer-leur-cooperation\/"},"author":{"name":"La r\u00e9daction","@id":"https:\/\/www.info-algerie.com\/actualites\/#\/schema\/person\/847aaec44920825b843a08f30ec6aa1e"},"headline":"Les agences de presse APS et VNA conviennent de renforcer leur coop\u00e9ration","datePublished":"2017-06-14T09:56:23+00:00","mainEntityOfPage":{"@id":"https:\/\/www.info-algerie.com\/actualites\/les-agences-de-presse-aps-et-vna-conviennent-de-renforcer-leur-cooperation\/"},"wordCount":470,"commentCount":0,"publisher":{"@id":"https:\/\/www.info-algerie.com\/actualites\/#organization"},"image":{"@id":"https:\/\/www.info-algerie.com\/actualites\/les-agences-de-presse-aps-et-vna-conviennent-de-renforcer-leur-cooperation\/#primaryimage"},"thumbnailUrl":"https:\/\/www.info-algerie.com\/actualites\/wp-content\/uploads\/2017\/06\/a50d832102cc6e332d683d2706cedf12_S-1.jpg","keywords":["ONU"],"articleSection":["infos"],"inLanguage":"fr-FR","potentialAction":[{"@type":"CommentAction","name":"Comment","target":["https:\/\/www.info-algerie.com\/actualites\/les-agences-de-presse-aps-et-vna-conviennent-de-renforcer-leur-cooperation\/#respond"]}]},{"@type":"WebPage","@id":"https:\/\/www.info-algerie.com\/actualites\/les-agences-de-presse-aps-et-vna-conviennent-de-renforcer-leur-cooperation\/","url":"https:\/\/www.info-algerie.com\/actualites\/les-agences-de-presse-aps-et-vna-conviennent-de-renforcer-leur-cooperation\/","name":"Les agences de presse APS et VNA conviennent de renforcer leur coop\u00e9ration - info algerie","isPartOf":{"@id":"https:\/\/www.info-algerie.com\/actualites\/#website"},"primaryImageOfPage":{"@id":"https:\/\/www.info-algerie.com\/actualites\/les-agences-de-presse-aps-et-vna-conviennent-de-renforcer-leur-cooperation\/#primaryimage"},"image":{"@id":"https:\/\/www.info-algerie.com\/actualites\/les-agences-de-presse-aps-et-vna-conviennent-de-renforcer-leur-cooperation\/#primaryimage"},"thumbnailUrl":"https:\/\/www.info-algerie.com\/actualites\/wp-content\/uploads\/2017\/06\/a50d832102cc6e332d683d2706cedf12_S-1.jpg","datePublished":"2017-06-14T09:56:23+00:00","breadcrumb":{"@id":"https:\/\/www.info-algerie.com\/actualites\/les-agences-de-presse-aps-et-vna-conviennent-de-renforcer-leur-cooperation\/#breadcrumb"},"inLanguage":"fr-FR","potentialAction":[{"@type":"ReadAction","target":["https:\/\/www.info-algerie.com\/actualites\/les-agences-de-presse-aps-et-vna-conviennent-de-renforcer-leur-cooperation\/"]}]},{"@type":"ImageObject","inLanguage":"fr-FR","@id":"https:\/\/www.info-algerie.com\/actualites\/les-agences-de-presse-aps-et-vna-conviennent-de-renforcer-leur-cooperation\/#primaryimage","url":"https:\/\/www.info-algerie.com\/actualites\/wp-content\/uploads\/2017\/06\/a50d832102cc6e332d683d2706cedf12_S-1.jpg","contentUrl":"https:\/\/www.info-algerie.com\/actualites\/wp-content\/uploads\/2017\/06\/a50d832102cc6e332d683d2706cedf12_S-1.jpg","width":280,"height":169},{"@type":"BreadcrumbList","@id":"https:\/\/www.info-algerie.com\/actualites\/les-agences-de-presse-aps-et-vna-conviennent-de-renforcer-leur-cooperation\/#breadcrumb","itemListElement":[{"@type":"ListItem","position":1,"name":"Accueil","item":"https:\/\/www.info-algerie.com\/actualites\/"},{"@type":"ListItem","position":2,"name":"Les agences de presse APS et VNA conviennent de renforcer leur coop\u00e9ration"}]},{"@type":"WebSite","@id":"https:\/\/www.info-algerie.com\/actualites\/#website","url":"https:\/\/www.info-algerie.com\/actualites\/","name":"info algerie","description":"Toutes les actualit\u00e9s","publisher":{"@id":"https:\/\/www.info-algerie.com\/actualites\/#organization"},"potentialAction":[{"@type":"SearchAction","target":{"@type":"EntryPoint","urlTemplate":"https:\/\/www.info-algerie.com\/actualites\/?s={search_term_string}"},"query-input":{"@type":"PropertyValueSpecification","valueRequired":true,"valueName":"search_term_string"}}],"inLanguage":"fr-FR"},{"@type":"Organization","@id":"https:\/\/www.info-algerie.com\/actualites\/#organization","name":"info algerie","url":"https:\/\/www.info-algerie.com\/actualites\/","logo":{"@type":"ImageObject","inLanguage":"fr-FR","@id":"https:\/\/www.info-algerie.com\/actualites\/#\/schema\/logo\/image\/","url":"https:\/\/www.info-algerie.com\/actualites\/wp-content\/uploads\/2022\/07\/logo-ia-120.png","contentUrl":"https:\/\/www.info-algerie.com\/actualites\/wp-content\/uploads\/2022\/07\/logo-ia-120.png","width":120,"height":43,"caption":"info algerie"},"image":{"@id":"https:\/\/www.info-algerie.com\/actualites\/#\/schema\/logo\/image\/"},"sameAs":["https:\/\/www.facebook.com\/infoalgerieactu","https:\/\/x.com\/infoalgerie1"]},{"@type":"Person","@id":"https:\/\/www.info-algerie.com\/actualites\/#\/schema\/person\/847aaec44920825b843a08f30ec6aa1e","name":"La r\u00e9daction","image":{"@type":"ImageObject","inLanguage":"fr-FR","@id":"https:\/\/secure.gravatar.com\/avatar\/769db425c6f465158149f1ffd6cf61ce7a8a879d11dfbef8288af36dfddd418c?s=96&d=mm&r=g","url":"https:\/\/secure.gravatar.com\/avatar\/769db425c6f465158149f1ffd6cf61ce7a8a879d11dfbef8288af36dfddd418c?s=96&d=mm&r=g","contentUrl":"https:\/\/secure.gravatar.com\/avatar\/769db425c6f465158149f1ffd6cf61ce7a8a879d11dfbef8288af36dfddd418c?s=96&d=mm&r=g","caption":"La r\u00e9daction"},"sameAs":["http:\/\/www.lkeria.com\/"],"url":"https:\/\/www.info-algerie.com\/actualites\/author\/chakib32\/"}]}},"_links":{"self":[{"href":"https:\/\/www.info-algerie.com\/actualites\/wp-json\/wp\/v2\/posts\/13191","targetHints":{"allow":["GET"]}}],"collection":[{"href":"https:\/\/www.info-algerie.com\/actualites\/wp-json\/wp\/v2\/posts"}],"about":[{"href":"https:\/\/www.info-algerie.com\/actualites\/wp-json\/wp\/v2\/types\/post"}],"author":[{"embeddable":true,"href":"https:\/\/www.info-algerie.com\/actualites\/wp-json\/wp\/v2\/users\/6"}],"replies":[{"embeddable":true,"href":"https:\/\/www.info-algerie.com\/actualites\/wp-json\/wp\/v2\/comments?post=13191"}],"version-history":[{"count":0,"href":"https:\/\/www.info-algerie.com\/actualites\/wp-json\/wp\/v2\/posts\/13191\/revisions"}],"wp:featuredmedia":[{"embeddable":true,"href":"https:\/\/www.info-algerie.com\/actualites\/wp-json\/wp\/v2\/media\/13192"}],"wp:attachment":[{"href":"https:\/\/www.info-algerie.com\/actualites\/wp-json\/wp\/v2\/media?parent=13191"}],"wp:term":[{"taxonomy":"category","embeddable":true,"href":"https:\/\/www.info-algerie.com\/actualites\/wp-json\/wp\/v2\/categories?post=13191"},{"taxonomy":"post_tag","embeddable":true,"href":"https:\/\/www.info-algerie.com\/actualites\/wp-json\/wp\/v2\/tags?post=13191"}],"curies":[{"name":"wp","href":"https:\/\/api.w.org\/{rel}","templated":true}]}}