{"id":13199,"date":"2017-06-14T14:38:23","date_gmt":"2017-06-14T13:38:23","guid":{"rendered":"http:\/\/www.info-algerie.com\/actualites\/election-des-structures-du-groupe-parlementaire-du-rnd-a-lapn\/"},"modified":"2017-06-14T14:38:23","modified_gmt":"2017-06-14T13:38:23","slug":"election-des-structures-du-groupe-parlementaire-du-rnd-a-lapn","status":"publish","type":"post","link":"https:\/\/www.info-algerie.com\/actualites\/election-des-structures-du-groupe-parlementaire-du-rnd-a-lapn\/","title":{"rendered":"Election des structures du groupe parlementaire du RND \u00e0 l&#039;APN"},"content":{"rendered":"<div class=\"K2FeedIntroText\">\n<p>ALGER-L&rsquo;op\u00e9ration de vote concernant les structures du\u00a0 groupe parlementaire du Rassemblement national d\u00e9mocratique (RND) au sein\u00a0 de l&rsquo;Assembl\u00e9e populaire nationale (APN), a abouti \u00e0 l&rsquo;\u00e9lection de trois\u00a0 vice-pr\u00e9sidents de l&rsquo;APN, quatre pr\u00e9sidents et quatre vice-pr\u00e9sidents de\u00a0 commission, a indiqu\u00e9 mercredi un communiqu\u00e9 de ce groupe parlementaire.<\/p>\n<p>&#013;\n<\/p><\/div>\n<div class=\"K2FeedFullText\">&#013;<\/p>\n<p>Les d\u00e9put\u00e9s Torchi Boudjemaa, Snoussi Amine et Fouzia Bensahnoun, ont \u00e9t\u00e9 \u00e9lus vice-pr\u00e9sidents de l&rsquo;APN, pr\u00e9cise la m\u00eame source.<\/p>\n<p>&#013;<\/p>\n<p>Les d\u00e9put\u00e9s Bouderradji Messaoud, Benmerabet Fouad, Safi Al-Arabi et Ratiba Ayad ont \u00e9t\u00e9 \u00e9lus respectivement, pr\u00e9sident de la commission D\u00e9fense nationale, pr\u00e9sident de la commission Affaires \u00e9conomiques,\u00a0 d\u00e9veloppement, industrie, commerce et planification, pr\u00e9sident de la commission Education,\u00a0 enseignement sup\u00e9rieur, recherche scientifique et affaires religieuses et pr\u00e9sident de la commission Jeunesse, sports et action associative.<\/p>\n<p>&#013;<\/p>\n<p>Les vice-pr\u00e9sidents de 4 commissions parlementaires ont \u00e9t\u00e9 \u00e9lus. Il s&rsquo;agit de la commission Finances et budget, de la commission Habitat, \u00e9quipement, hydraulique et am\u00e9nagement du territoire, de la commission\u00a0 Sant\u00e9, affaires sociales, travail et formation professionnelle et de la Commission Affaires juridiques et administratives et libert\u00e9s.<\/p>\n<p>&#013;<\/p>\n<p>Il a \u00e9t\u00e9 proc\u00e9d\u00e9 par ailleurs \u00e0 l&rsquo;\u00e9lection des rapporteurs de 4 commissions \u00e0 savoir la Commission des affaires \u00e9trang\u00e8res, de la coop\u00e9ration et de l&rsquo;\u00e9migration, la commission des transports et des t\u00e9l\u00e9communications, la commission de l&rsquo;agriculture, de la p\u00eache et de la protection de l&rsquo;environnement et la commission de la culture,de la communication et du tourisme.<\/p>\n<p>&#013;<\/p>\n<p>\u00a0<\/p>\n<p>&#013;<\/p>\n<p>M. Belabbes Belabbes a \u00e9t\u00e9 d\u00e9sign\u00e9 pr\u00e9sident du groupe parlementaire de cette formation politique, indique la m\u00eame source.<\/p>\n<\/div>\n<p>&#013;<br \/>\nSource: <a href=\"http:\/\/www.aps.dz\/algerie\/58897-election-des-structures-du-groupe-parlementaire-du-rnd-a-l-apn\" target=\"_blank\">Election des structures du groupe parlementaire du RND \u00e0 l&rsquo;APN<\/a><\/p>\n<!--CusAds0-->\n<div style=\"font-size: 0px; height: 0px; line-height: 0px; margin: 0; padding: 0; clear: both;\"><\/div>","protected":false},"excerpt":{"rendered":"<p>ALGER-L&rsquo;op\u00e9ration de vote concernant les structures du\u00a0 groupe parlementaire du Rassemblement national d\u00e9mocratique (RND) au sein\u00a0 de l&rsquo;Assembl\u00e9e populaire nationale (APN), a abouti \u00e0 l&rsquo;\u00e9lection de trois\u00a0 vice-pr\u00e9sidents de l&rsquo;APN, quatre pr\u00e9sidents et quatre vice-pr\u00e9sidents de\u00a0 commission, a indiqu\u00e9 mercredi un communiqu\u00e9 de ce groupe parlementaire. &#013; &#013; Les d\u00e9put\u00e9s Torchi Boudjemaa, Snoussi Amine et<\/p>\n","protected":false},"author":6,"featured_media":0,"comment_status":"open","ping_status":"open","sticky":false,"template":"","format":"standard","meta":{"footnotes":""},"categories":[22],"tags":[93],"class_list":["post-13199","post","type-post","status-publish","format-standard","hentry","category-infos","tag-onu"],"yoast_head":"<!-- This site is optimized with the Yoast SEO plugin v27.5 - https:\/\/yoast.com\/product\/yoast-seo-wordpress\/ -->\n<title>Election des structures du groupe parlementaire du RND \u00e0 l&#039;APN - info algerie<\/title>\n<meta name=\"robots\" content=\"index, follow, max-snippet:-1, max-image-preview:large, max-video-preview:-1\" \/>\n<link rel=\"canonical\" href=\"https:\/\/www.info-algerie.com\/actualites\/election-des-structures-du-groupe-parlementaire-du-rnd-a-lapn\/\" \/>\n<meta property=\"og:locale\" content=\"fr_FR\" \/>\n<meta property=\"og:type\" content=\"article\" \/>\n<meta property=\"og:title\" content=\"Election des structures du groupe parlementaire du RND \u00e0 l&#039;APN - info algerie\" \/>\n<meta property=\"og:description\" content=\"ALGER-L&rsquo;op\u00e9ration de vote concernant les structures du\u00a0 groupe parlementaire du Rassemblement national d\u00e9mocratique (RND) au sein\u00a0 de l&rsquo;Assembl\u00e9e populaire nationale (APN), a abouti \u00e0 l&rsquo;\u00e9lection de trois\u00a0 vice-pr\u00e9sidents de l&rsquo;APN, quatre pr\u00e9sidents et quatre vice-pr\u00e9sidents de\u00a0 commission, a indiqu\u00e9 mercredi un communiqu\u00e9 de ce groupe parlementaire. &#013; &#013; Les d\u00e9put\u00e9s Torchi Boudjemaa, Snoussi Amine et\" \/>\n<meta property=\"og:url\" content=\"https:\/\/www.info-algerie.com\/actualites\/election-des-structures-du-groupe-parlementaire-du-rnd-a-lapn\/\" \/>\n<meta property=\"og:site_name\" content=\"info algerie\" \/>\n<meta property=\"article:publisher\" content=\"https:\/\/www.facebook.com\/infoalgerieactu\" \/>\n<meta property=\"article:published_time\" content=\"2017-06-14T13:38:23+00:00\" \/>\n<meta name=\"author\" content=\"La r\u00e9daction\" \/>\n<meta name=\"twitter:label1\" content=\"\u00c9crit par\" \/>\n\t<meta name=\"twitter:data1\" content=\"La r\u00e9daction\" \/>\n\t<meta name=\"twitter:label2\" content=\"Dur\u00e9e de lecture estim\u00e9e\" \/>\n\t<meta name=\"twitter:data2\" content=\"1 minute\" \/>\n<script type=\"application\/ld+json\" class=\"yoast-schema-graph\">{\"@context\":\"https:\\\/\\\/schema.org\",\"@graph\":[{\"@type\":\"Article\",\"@id\":\"https:\\\/\\\/www.info-algerie.com\\\/actualites\\\/election-des-structures-du-groupe-parlementaire-du-rnd-a-lapn\\\/#article\",\"isPartOf\":{\"@id\":\"https:\\\/\\\/www.info-algerie.com\\\/actualites\\\/election-des-structures-du-groupe-parlementaire-du-rnd-a-lapn\\\/\"},\"author\":{\"name\":\"La r\u00e9daction\",\"@id\":\"https:\\\/\\\/www.info-algerie.com\\\/actualites\\\/#\\\/schema\\\/person\\\/847aaec44920825b843a08f30ec6aa1e\"},\"headline\":\"Election des structures du groupe parlementaire du RND \u00e0 l&#039;APN\",\"datePublished\":\"2017-06-14T13:38:23+00:00\",\"mainEntityOfPage\":{\"@id\":\"https:\\\/\\\/www.info-algerie.com\\\/actualites\\\/election-des-structures-du-groupe-parlementaire-du-rnd-a-lapn\\\/\"},\"wordCount\":300,\"commentCount\":0,\"publisher\":{\"@id\":\"https:\\\/\\\/www.info-algerie.com\\\/actualites\\\/#organization\"},\"keywords\":[\"ONU\"],\"articleSection\":[\"infos\"],\"inLanguage\":\"fr-FR\",\"potentialAction\":[{\"@type\":\"CommentAction\",\"name\":\"Comment\",\"target\":[\"https:\\\/\\\/www.info-algerie.com\\\/actualites\\\/election-des-structures-du-groupe-parlementaire-du-rnd-a-lapn\\\/#respond\"]}]},{\"@type\":\"WebPage\",\"@id\":\"https:\\\/\\\/www.info-algerie.com\\\/actualites\\\/election-des-structures-du-groupe-parlementaire-du-rnd-a-lapn\\\/\",\"url\":\"https:\\\/\\\/www.info-algerie.com\\\/actualites\\\/election-des-structures-du-groupe-parlementaire-du-rnd-a-lapn\\\/\",\"name\":\"Election des structures du groupe parlementaire du RND \u00e0 l&#039;APN - info algerie\",\"isPartOf\":{\"@id\":\"https:\\\/\\\/www.info-algerie.com\\\/actualites\\\/#website\"},\"datePublished\":\"2017-06-14T13:38:23+00:00\",\"breadcrumb\":{\"@id\":\"https:\\\/\\\/www.info-algerie.com\\\/actualites\\\/election-des-structures-du-groupe-parlementaire-du-rnd-a-lapn\\\/#breadcrumb\"},\"inLanguage\":\"fr-FR\",\"potentialAction\":[{\"@type\":\"ReadAction\",\"target\":[\"https:\\\/\\\/www.info-algerie.com\\\/actualites\\\/election-des-structures-du-groupe-parlementaire-du-rnd-a-lapn\\\/\"]}]},{\"@type\":\"BreadcrumbList\",\"@id\":\"https:\\\/\\\/www.info-algerie.com\\\/actualites\\\/election-des-structures-du-groupe-parlementaire-du-rnd-a-lapn\\\/#breadcrumb\",\"itemListElement\":[{\"@type\":\"ListItem\",\"position\":1,\"name\":\"Accueil\",\"item\":\"https:\\\/\\\/www.info-algerie.com\\\/actualites\\\/\"},{\"@type\":\"ListItem\",\"position\":2,\"name\":\"Election des structures du groupe parlementaire du RND \u00e0 l&#039;APN\"}]},{\"@type\":\"WebSite\",\"@id\":\"https:\\\/\\\/www.info-algerie.com\\\/actualites\\\/#website\",\"url\":\"https:\\\/\\\/www.info-algerie.com\\\/actualites\\\/\",\"name\":\"info algerie\",\"description\":\"Toutes les actualit\u00e9s\",\"publisher\":{\"@id\":\"https:\\\/\\\/www.info-algerie.com\\\/actualites\\\/#organization\"},\"potentialAction\":[{\"@type\":\"SearchAction\",\"target\":{\"@type\":\"EntryPoint\",\"urlTemplate\":\"https:\\\/\\\/www.info-algerie.com\\\/actualites\\\/?s={search_term_string}\"},\"query-input\":{\"@type\":\"PropertyValueSpecification\",\"valueRequired\":true,\"valueName\":\"search_term_string\"}}],\"inLanguage\":\"fr-FR\"},{\"@type\":\"Organization\",\"@id\":\"https:\\\/\\\/www.info-algerie.com\\\/actualites\\\/#organization\",\"name\":\"info algerie\",\"url\":\"https:\\\/\\\/www.info-algerie.com\\\/actualites\\\/\",\"logo\":{\"@type\":\"ImageObject\",\"inLanguage\":\"fr-FR\",\"@id\":\"https:\\\/\\\/www.info-algerie.com\\\/actualites\\\/#\\\/schema\\\/logo\\\/image\\\/\",\"url\":\"https:\\\/\\\/www.info-algerie.com\\\/actualites\\\/wp-content\\\/uploads\\\/2022\\\/07\\\/logo-ia-120.png\",\"contentUrl\":\"https:\\\/\\\/www.info-algerie.com\\\/actualites\\\/wp-content\\\/uploads\\\/2022\\\/07\\\/logo-ia-120.png\",\"width\":120,\"height\":43,\"caption\":\"info algerie\"},\"image\":{\"@id\":\"https:\\\/\\\/www.info-algerie.com\\\/actualites\\\/#\\\/schema\\\/logo\\\/image\\\/\"},\"sameAs\":[\"https:\\\/\\\/www.facebook.com\\\/infoalgerieactu\",\"https:\\\/\\\/x.com\\\/infoalgerie1\"]},{\"@type\":\"Person\",\"@id\":\"https:\\\/\\\/www.info-algerie.com\\\/actualites\\\/#\\\/schema\\\/person\\\/847aaec44920825b843a08f30ec6aa1e\",\"name\":\"La r\u00e9daction\",\"image\":{\"@type\":\"ImageObject\",\"inLanguage\":\"fr-FR\",\"@id\":\"https:\\\/\\\/secure.gravatar.com\\\/avatar\\\/769db425c6f465158149f1ffd6cf61ce7a8a879d11dfbef8288af36dfddd418c?s=96&d=mm&r=g\",\"url\":\"https:\\\/\\\/secure.gravatar.com\\\/avatar\\\/769db425c6f465158149f1ffd6cf61ce7a8a879d11dfbef8288af36dfddd418c?s=96&d=mm&r=g\",\"contentUrl\":\"https:\\\/\\\/secure.gravatar.com\\\/avatar\\\/769db425c6f465158149f1ffd6cf61ce7a8a879d11dfbef8288af36dfddd418c?s=96&d=mm&r=g\",\"caption\":\"La r\u00e9daction\"},\"sameAs\":[\"http:\\\/\\\/www.lkeria.com\\\/\"],\"url\":\"https:\\\/\\\/www.info-algerie.com\\\/actualites\\\/author\\\/chakib32\\\/\"}]}<\/script>\n<!-- \/ Yoast SEO plugin. -->","yoast_head_json":{"title":"Election des structures du groupe parlementaire du RND \u00e0 l&#039;APN - info algerie","robots":{"index":"index","follow":"follow","max-snippet":"max-snippet:-1","max-image-preview":"max-image-preview:large","max-video-preview":"max-video-preview:-1"},"canonical":"https:\/\/www.info-algerie.com\/actualites\/election-des-structures-du-groupe-parlementaire-du-rnd-a-lapn\/","og_locale":"fr_FR","og_type":"article","og_title":"Election des structures du groupe parlementaire du RND \u00e0 l&#039;APN - info algerie","og_description":"ALGER-L&rsquo;op\u00e9ration de vote concernant les structures du\u00a0 groupe parlementaire du Rassemblement national d\u00e9mocratique (RND) au sein\u00a0 de l&rsquo;Assembl\u00e9e populaire nationale (APN), a abouti \u00e0 l&rsquo;\u00e9lection de trois\u00a0 vice-pr\u00e9sidents de l&rsquo;APN, quatre pr\u00e9sidents et quatre vice-pr\u00e9sidents de\u00a0 commission, a indiqu\u00e9 mercredi un communiqu\u00e9 de ce groupe parlementaire. &#013; &#013; Les d\u00e9put\u00e9s Torchi Boudjemaa, Snoussi Amine et","og_url":"https:\/\/www.info-algerie.com\/actualites\/election-des-structures-du-groupe-parlementaire-du-rnd-a-lapn\/","og_site_name":"info algerie","article_publisher":"https:\/\/www.facebook.com\/infoalgerieactu","article_published_time":"2017-06-14T13:38:23+00:00","author":"La r\u00e9daction","twitter_misc":{"\u00c9crit par":"La r\u00e9daction","Dur\u00e9e de lecture estim\u00e9e":"1 minute"},"schema":{"@context":"https:\/\/schema.org","@graph":[{"@type":"Article","@id":"https:\/\/www.info-algerie.com\/actualites\/election-des-structures-du-groupe-parlementaire-du-rnd-a-lapn\/#article","isPartOf":{"@id":"https:\/\/www.info-algerie.com\/actualites\/election-des-structures-du-groupe-parlementaire-du-rnd-a-lapn\/"},"author":{"name":"La r\u00e9daction","@id":"https:\/\/www.info-algerie.com\/actualites\/#\/schema\/person\/847aaec44920825b843a08f30ec6aa1e"},"headline":"Election des structures du groupe parlementaire du RND \u00e0 l&#039;APN","datePublished":"2017-06-14T13:38:23+00:00","mainEntityOfPage":{"@id":"https:\/\/www.info-algerie.com\/actualites\/election-des-structures-du-groupe-parlementaire-du-rnd-a-lapn\/"},"wordCount":300,"commentCount":0,"publisher":{"@id":"https:\/\/www.info-algerie.com\/actualites\/#organization"},"keywords":["ONU"],"articleSection":["infos"],"inLanguage":"fr-FR","potentialAction":[{"@type":"CommentAction","name":"Comment","target":["https:\/\/www.info-algerie.com\/actualites\/election-des-structures-du-groupe-parlementaire-du-rnd-a-lapn\/#respond"]}]},{"@type":"WebPage","@id":"https:\/\/www.info-algerie.com\/actualites\/election-des-structures-du-groupe-parlementaire-du-rnd-a-lapn\/","url":"https:\/\/www.info-algerie.com\/actualites\/election-des-structures-du-groupe-parlementaire-du-rnd-a-lapn\/","name":"Election des structures du groupe parlementaire du RND \u00e0 l&#039;APN - info algerie","isPartOf":{"@id":"https:\/\/www.info-algerie.com\/actualites\/#website"},"datePublished":"2017-06-14T13:38:23+00:00","breadcrumb":{"@id":"https:\/\/www.info-algerie.com\/actualites\/election-des-structures-du-groupe-parlementaire-du-rnd-a-lapn\/#breadcrumb"},"inLanguage":"fr-FR","potentialAction":[{"@type":"ReadAction","target":["https:\/\/www.info-algerie.com\/actualites\/election-des-structures-du-groupe-parlementaire-du-rnd-a-lapn\/"]}]},{"@type":"BreadcrumbList","@id":"https:\/\/www.info-algerie.com\/actualites\/election-des-structures-du-groupe-parlementaire-du-rnd-a-lapn\/#breadcrumb","itemListElement":[{"@type":"ListItem","position":1,"name":"Accueil","item":"https:\/\/www.info-algerie.com\/actualites\/"},{"@type":"ListItem","position":2,"name":"Election des structures du groupe parlementaire du RND \u00e0 l&#039;APN"}]},{"@type":"WebSite","@id":"https:\/\/www.info-algerie.com\/actualites\/#website","url":"https:\/\/www.info-algerie.com\/actualites\/","name":"info algerie","description":"Toutes les actualit\u00e9s","publisher":{"@id":"https:\/\/www.info-algerie.com\/actualites\/#organization"},"potentialAction":[{"@type":"SearchAction","target":{"@type":"EntryPoint","urlTemplate":"https:\/\/www.info-algerie.com\/actualites\/?s={search_term_string}"},"query-input":{"@type":"PropertyValueSpecification","valueRequired":true,"valueName":"search_term_string"}}],"inLanguage":"fr-FR"},{"@type":"Organization","@id":"https:\/\/www.info-algerie.com\/actualites\/#organization","name":"info algerie","url":"https:\/\/www.info-algerie.com\/actualites\/","logo":{"@type":"ImageObject","inLanguage":"fr-FR","@id":"https:\/\/www.info-algerie.com\/actualites\/#\/schema\/logo\/image\/","url":"https:\/\/www.info-algerie.com\/actualites\/wp-content\/uploads\/2022\/07\/logo-ia-120.png","contentUrl":"https:\/\/www.info-algerie.com\/actualites\/wp-content\/uploads\/2022\/07\/logo-ia-120.png","width":120,"height":43,"caption":"info algerie"},"image":{"@id":"https:\/\/www.info-algerie.com\/actualites\/#\/schema\/logo\/image\/"},"sameAs":["https:\/\/www.facebook.com\/infoalgerieactu","https:\/\/x.com\/infoalgerie1"]},{"@type":"Person","@id":"https:\/\/www.info-algerie.com\/actualites\/#\/schema\/person\/847aaec44920825b843a08f30ec6aa1e","name":"La r\u00e9daction","image":{"@type":"ImageObject","inLanguage":"fr-FR","@id":"https:\/\/secure.gravatar.com\/avatar\/769db425c6f465158149f1ffd6cf61ce7a8a879d11dfbef8288af36dfddd418c?s=96&d=mm&r=g","url":"https:\/\/secure.gravatar.com\/avatar\/769db425c6f465158149f1ffd6cf61ce7a8a879d11dfbef8288af36dfddd418c?s=96&d=mm&r=g","contentUrl":"https:\/\/secure.gravatar.com\/avatar\/769db425c6f465158149f1ffd6cf61ce7a8a879d11dfbef8288af36dfddd418c?s=96&d=mm&r=g","caption":"La r\u00e9daction"},"sameAs":["http:\/\/www.lkeria.com\/"],"url":"https:\/\/www.info-algerie.com\/actualites\/author\/chakib32\/"}]}},"_links":{"self":[{"href":"https:\/\/www.info-algerie.com\/actualites\/wp-json\/wp\/v2\/posts\/13199","targetHints":{"allow":["GET"]}}],"collection":[{"href":"https:\/\/www.info-algerie.com\/actualites\/wp-json\/wp\/v2\/posts"}],"about":[{"href":"https:\/\/www.info-algerie.com\/actualites\/wp-json\/wp\/v2\/types\/post"}],"author":[{"embeddable":true,"href":"https:\/\/www.info-algerie.com\/actualites\/wp-json\/wp\/v2\/users\/6"}],"replies":[{"embeddable":true,"href":"https:\/\/www.info-algerie.com\/actualites\/wp-json\/wp\/v2\/comments?post=13199"}],"version-history":[{"count":0,"href":"https:\/\/www.info-algerie.com\/actualites\/wp-json\/wp\/v2\/posts\/13199\/revisions"}],"wp:attachment":[{"href":"https:\/\/www.info-algerie.com\/actualites\/wp-json\/wp\/v2\/media?parent=13199"}],"wp:term":[{"taxonomy":"category","embeddable":true,"href":"https:\/\/www.info-algerie.com\/actualites\/wp-json\/wp\/v2\/categories?post=13199"},{"taxonomy":"post_tag","embeddable":true,"href":"https:\/\/www.info-algerie.com\/actualites\/wp-json\/wp\/v2\/tags?post=13199"}],"curies":[{"name":"wp","href":"https:\/\/api.w.org\/{rel}","templated":true}]}}