{"id":13205,"date":"2017-06-14T16:15:17","date_gmt":"2017-06-14T15:15:17","guid":{"rendered":"http:\/\/www.info-algerie.com\/actualites\/personnes-agees-lapplicabilite-du-dispositif-juridique-en-question-cndh\/"},"modified":"2017-06-14T16:15:17","modified_gmt":"2017-06-14T15:15:17","slug":"personnes-agees-lapplicabilite-du-dispositif-juridique-en-question-cndh","status":"publish","type":"post","link":"https:\/\/www.info-algerie.com\/actualites\/personnes-agees-lapplicabilite-du-dispositif-juridique-en-question-cndh\/","title":{"rendered":"Personnes \u00e2g\u00e9es: &quot;l&#039;applicabilit\u00e9&quot; du dispositif juridique en question\u00a0 (CNDH)"},"content":{"rendered":"<div class=\"K2FeedImage\"><img decoding=\"async\" src=\"https:\/\/www.info-algerie.com\/actualites\/wp-content\/uploads\/2017\/06\/ef6d79367d93892c0ce03c11f2c5a9eb_S.jpg\" \/><\/div>\n<div class=\"K2FeedIntroText\">\n<p class=\"MsoNoSpacing\">ALGER- Le Conseil national des droits de l&rsquo;Homme (CNDH)\u00a0 a recommand\u00e9 mercredi \u00e0 Alger aux acteurs, institutionnels et autres, de \u00ab\u00a0collaborer\u00a0\u00bb sur les questions li\u00e9es \u00e0 \u00ab\u00a0l&rsquo;applicabilit\u00e9\u00a0\u00bb du dispositif juridique inh\u00e9rent aux personnes \u00e2g\u00e9es ainsi qu&rsquo;aux \u00ab\u00a0besoins effectifs\u00a0\u00bb de cette frange de la population.<\/p>\n<p>&#013;\n<\/p><\/div>\n<div class=\"K2FeedFullText\">&#013;<\/p>\n<p class=\"MsoNoSpacing\">S&rsquo;exprimant la veille de la Journ\u00e9e internationale de sensibilisation\u00a0 contre la maltraitance des personnes \u00e2g\u00e9es, c\u00e9l\u00e9br\u00e9e le 15 juin, ledit\u00a0 Conseil a \u00e9galement interpell\u00e9 les familles pour \u00ab\u00a0consid\u00e9rer la personne \u00e2g\u00e9e comme \u00e9tant un acteur pr\u00e9pond\u00e9rant dans notre soci\u00e9t\u00e9 et par voie de cons\u00e9quence, bannir les st\u00e9r\u00e9otypes et les causes menant \u00e0 sa maltraitance\u00a0\u00bb.<\/p>\n<p>&#013;<\/p>\n<p class=\"MsoNoSpacing\">Il a soulign\u00e9 que, si au plan international des \u00e9tudes ont d\u00e9montr\u00e9 une pr\u00e9valence relative selon les r\u00e9gions de ce ph\u00e9nom\u00e8ne, il est en revanche,\u00a0 moins ais\u00e9 de se prononcer sur son ampleur au plan national, faute d&rsquo;\u00e9tudes \u00ab\u00a0pertinentes et actualis\u00e9es\u00a0\u00bb, notant que la pratique de la maltraitance \u00ab\u00a0affecte les droits fondamentaux\u00a0\u00bb des concern\u00e9s et n\u00e9cessitant, par cons\u00e9quent, des actions de \u00ab\u00a0sensibilisation et de pr\u00e9vention\u00a0\u00bb.<\/p>\n<p>&#013;<\/p>\n<p class=\"MsoNoSpacing\">Le CNDH tient \u00e0 relever l&rsquo;existence en Alg\u00e9rie d&rsquo;un dispositif juridique et r\u00e9glementaire d\u00e9finissant les droits de cette cat\u00e9gorie de la population et assurant sa prise en charge et sa protection, citant en priorit\u00e9 la Constitution qui \u00e9nonce (72 alin\u00e9a 6) que \u00ab\u00a0la famille et l&rsquo;Etat prot\u00e8gent les personnes \u00e2g\u00e9es\u00a0\u00bb.<\/p>\n<p>&#013;<\/p>\n<p class=\"MsoNoSpacing\">Le Code p\u00e9nal p\u00e9nalise, en outre, le parricide ainsi que le d\u00e9laissement et l&rsquo;exposition au danger de ces personnes vuln\u00e9rables alors que la loi du\u00a0 29 d\u00e9cembre 2010 stipule leur \u00ab\u00a0pr\u00e9servation\u00a0\u00bb et leur \u00ab\u00a0protection\u00a0\u00bb au niveau\u00a0 de la famille et dans tous les domaines de la vie sociale\u00a0\u00bb.<\/p>\n<p>&#013;<\/p>\n<p class=\"MsoNoSpacing\">Conform\u00e9ment \u00e0 ce texte juridique, les personnes concern\u00e9es b\u00e9n\u00e9ficient de la gratuit\u00e9 des soins, de la priorit\u00e9 dans l&rsquo;acc\u00e8s aux services publics\u00a0 notamment les transports, rappelle le CNDH qui pr\u00e9cise, par ailleurs, que des \u00ab\u00a0mesures sp\u00e9cifiques\u00a0\u00bb pour leur appui et leur prise en charge y sont \u00e9galement \u00e9nonc\u00e9es.<\/p>\n<p>&#013;<\/p>\n<p class=\"MsoNoSpacing\">Ainsi, est-il ajout\u00e9, il est pr\u00e9vu des m\u00e9canismes de veille ainsi que la cr\u00e9ation au sein de chaque grand h\u00f4pital un service de g\u00e9riatrie et de soins \u00e0 domicile. De m\u00eame que l&rsquo;encouragement \u00e0 la participation des personnes \u00e2g\u00e9es, disposant de comp\u00e9tences, dans la chose publique, la vie\u00a0 \u00e9conomique, sociale et culturelle.<\/p>\n<p>&#013;<\/p>\n<p class=\"MsoNoSpacing\">La Journ\u00e9e internationale de sensibilisation contre la maltraitance des personnes \u00e2g\u00e9es a \u00e9t\u00e9 d\u00e9cr\u00e9t\u00e9e par l&rsquo;Assembl\u00e9e g\u00e9n\u00e9rale des Nations-Unies\u00a0 dans sa r\u00e9solution 66 127 adopt\u00e9e le 19 d\u00e9cembre 2011 afin de\u00a0 \u00ab\u00a0sensibiliser\u00a0\u00bb sur les droits de cette population et de pr\u00e9venir contre toutes formes de violence et de mauvais traitements \u00e0 son encontre,\u00a0 rappelle le CNDH.<\/p>\n<p>&#013;<\/p>\n<p class=\"MsoNoSpacing\">Ce dernier pr\u00e9cise que les rapports des Nations unies, notamment celui de\u00a0 la 2\u00e9me Assembl\u00e9e mondiale sur le vieillissement, ont r\u00e9v\u00e9l\u00e9 que d&rsquo;ici\u00a0 2050, plus de 20 % de la population mondiale sera \u00e2g\u00e9e de 60 ans et plus,\u00a0 tout en alertant sur \u00ab\u00a0l&rsquo;impact n\u00e9gatif \u00a0\u00bb de la crise \u00e9conomique et\u00a0 financi\u00e8re mondiale sur la situation des personnes \u00e2g\u00e9es.<\/p>\n<p>&#013;<\/p>\n<p class=\"MsoNoSpacing\">\u00ab\u00a0M\u00eame s&rsquo;il est \u00e9vident et prouv\u00e9 que grand nombre des personnes \u00e2g\u00e9es sont\u00a0 en mesure d&rsquo;apporter leur contribution dans diff\u00e9rents domaines de la vie\u00a0 soci\u00e9tale et politique, certaines d&rsquo;entre elles subissent, malheureusement, des formes de maltraitance et de discrimination par rapport \u00e0 leur \u00e2ge\u00a0\u00bb,\u00a0 d\u00e9plore le CNDH, notant que les femmes sont \u00ab\u00a0plus nombreuses\u00a0\u00bb que les hommes \u00e0 faire l&rsquo;objet de \u00ab\u00a0multiples formes de discrimination\u00a0\u00bb.<\/p>\n<p>&#013;<\/p>\n<p>\u00a0<\/p>\n<p>&#013;<\/p>\n<p class=\"MsoNoSpacing\">\u00ab\u00a0Il s&rsquo;agit l\u00e0, d&rsquo;une double discrimination, sur la base du sexe et de l&rsquo;\u00e2ge, \u00e0 laquelle viendraient s&rsquo;ajouter d&rsquo;autres motifs de discrimination\u00a0 tel que le handicap physique\u00a0\u00bb, conclut-il.<\/p>\n<\/div>\n<p>&#013;<br \/>\nSource: <a href=\"http:\/\/www.aps.dz\/algerie\/58902-personnes-agees-l-applicabilite-du-dispositif-juridique-en-question-cndh\" target=\"_blank\">Personnes \u00e2g\u00e9es: \u00ab\u00a0l&rsquo;applicabilit\u00e9\u00a0\u00bb du dispositif juridique en question\u00a0 (CNDH)<\/a><\/p>\n<!--CusAds0-->\n<div style=\"font-size: 0px; height: 0px; line-height: 0px; margin: 0; padding: 0; clear: both;\"><\/div>","protected":false},"excerpt":{"rendered":"<p>ALGER- Le Conseil national des droits de l&rsquo;Homme (CNDH)\u00a0 a recommand\u00e9 mercredi \u00e0 Alger aux acteurs, institutionnels et autres, de \u00ab\u00a0collaborer\u00a0\u00bb sur les questions li\u00e9es \u00e0 \u00ab\u00a0l&rsquo;applicabilit\u00e9\u00a0\u00bb du dispositif juridique inh\u00e9rent aux personnes \u00e2g\u00e9es ainsi qu&rsquo;aux \u00ab\u00a0besoins effectifs\u00a0\u00bb de cette frange de la population. &#013; &#013; S&rsquo;exprimant la veille de la Journ\u00e9e internationale de sensibilisation\u00a0<\/p>\n","protected":false},"author":6,"featured_media":13206,"comment_status":"open","ping_status":"open","sticky":false,"template":"","format":"standard","meta":{"footnotes":""},"categories":[22],"tags":[93],"class_list":["post-13205","post","type-post","status-publish","format-standard","has-post-thumbnail","hentry","category-infos","tag-onu"],"yoast_head":"<!-- This site is optimized with the Yoast SEO plugin v27.5 - https:\/\/yoast.com\/product\/yoast-seo-wordpress\/ -->\n<title>Personnes \u00e2g\u00e9es: &quot;l&#039;applicabilit\u00e9&quot; du dispositif juridique en question\u00a0 (CNDH) - info algerie<\/title>\n<meta name=\"robots\" content=\"index, follow, max-snippet:-1, max-image-preview:large, max-video-preview:-1\" \/>\n<link rel=\"canonical\" href=\"https:\/\/www.info-algerie.com\/actualites\/personnes-agees-lapplicabilite-du-dispositif-juridique-en-question-cndh\/\" \/>\n<meta property=\"og:locale\" content=\"fr_FR\" \/>\n<meta property=\"og:type\" content=\"article\" \/>\n<meta property=\"og:title\" content=\"Personnes \u00e2g\u00e9es: &quot;l&#039;applicabilit\u00e9&quot; du dispositif juridique en question\u00a0 (CNDH) - info algerie\" \/>\n<meta property=\"og:description\" content=\"ALGER- Le Conseil national des droits de l&rsquo;Homme (CNDH)\u00a0 a recommand\u00e9 mercredi \u00e0 Alger aux acteurs, institutionnels et autres, de \u00ab\u00a0collaborer\u00a0\u00bb sur les questions li\u00e9es \u00e0 \u00ab\u00a0l&rsquo;applicabilit\u00e9\u00a0\u00bb du dispositif juridique inh\u00e9rent aux personnes \u00e2g\u00e9es ainsi qu&rsquo;aux \u00ab\u00a0besoins effectifs\u00a0\u00bb de cette frange de la population. &#013; &#013; S&rsquo;exprimant la veille de la Journ\u00e9e internationale de sensibilisation\u00a0\" \/>\n<meta property=\"og:url\" content=\"https:\/\/www.info-algerie.com\/actualites\/personnes-agees-lapplicabilite-du-dispositif-juridique-en-question-cndh\/\" \/>\n<meta property=\"og:site_name\" content=\"info algerie\" \/>\n<meta property=\"article:publisher\" content=\"https:\/\/www.facebook.com\/infoalgerieactu\" \/>\n<meta property=\"article:published_time\" content=\"2017-06-14T15:15:17+00:00\" \/>\n<meta property=\"og:image\" content=\"https:\/\/www.info-algerie.com\/actualites\/wp-content\/uploads\/2017\/06\/ef6d79367d93892c0ce03c11f2c5a9eb_S-1.jpg\" \/>\n\t<meta property=\"og:image:width\" content=\"280\" \/>\n\t<meta property=\"og:image:height\" content=\"151\" \/>\n\t<meta property=\"og:image:type\" content=\"image\/jpeg\" \/>\n<meta name=\"author\" content=\"La r\u00e9daction\" \/>\n<meta name=\"twitter:label1\" content=\"\u00c9crit par\" \/>\n\t<meta name=\"twitter:data1\" content=\"La r\u00e9daction\" \/>\n\t<meta name=\"twitter:label2\" content=\"Dur\u00e9e de lecture estim\u00e9e\" \/>\n\t<meta name=\"twitter:data2\" content=\"3 minutes\" \/>\n<script type=\"application\/ld+json\" class=\"yoast-schema-graph\">{\"@context\":\"https:\\\/\\\/schema.org\",\"@graph\":[{\"@type\":\"Article\",\"@id\":\"https:\\\/\\\/www.info-algerie.com\\\/actualites\\\/personnes-agees-lapplicabilite-du-dispositif-juridique-en-question-cndh\\\/#article\",\"isPartOf\":{\"@id\":\"https:\\\/\\\/www.info-algerie.com\\\/actualites\\\/personnes-agees-lapplicabilite-du-dispositif-juridique-en-question-cndh\\\/\"},\"author\":{\"name\":\"La r\u00e9daction\",\"@id\":\"https:\\\/\\\/www.info-algerie.com\\\/actualites\\\/#\\\/schema\\\/person\\\/847aaec44920825b843a08f30ec6aa1e\"},\"headline\":\"Personnes \u00e2g\u00e9es: &quot;l&#039;applicabilit\u00e9&quot; du dispositif juridique en question\u00a0 (CNDH)\",\"datePublished\":\"2017-06-14T15:15:17+00:00\",\"mainEntityOfPage\":{\"@id\":\"https:\\\/\\\/www.info-algerie.com\\\/actualites\\\/personnes-agees-lapplicabilite-du-dispositif-juridique-en-question-cndh\\\/\"},\"wordCount\":672,\"commentCount\":0,\"publisher\":{\"@id\":\"https:\\\/\\\/www.info-algerie.com\\\/actualites\\\/#organization\"},\"image\":{\"@id\":\"https:\\\/\\\/www.info-algerie.com\\\/actualites\\\/personnes-agees-lapplicabilite-du-dispositif-juridique-en-question-cndh\\\/#primaryimage\"},\"thumbnailUrl\":\"https:\\\/\\\/www.info-algerie.com\\\/actualites\\\/wp-content\\\/uploads\\\/2017\\\/06\\\/ef6d79367d93892c0ce03c11f2c5a9eb_S-1.jpg\",\"keywords\":[\"ONU\"],\"articleSection\":[\"infos\"],\"inLanguage\":\"fr-FR\",\"potentialAction\":[{\"@type\":\"CommentAction\",\"name\":\"Comment\",\"target\":[\"https:\\\/\\\/www.info-algerie.com\\\/actualites\\\/personnes-agees-lapplicabilite-du-dispositif-juridique-en-question-cndh\\\/#respond\"]}]},{\"@type\":\"WebPage\",\"@id\":\"https:\\\/\\\/www.info-algerie.com\\\/actualites\\\/personnes-agees-lapplicabilite-du-dispositif-juridique-en-question-cndh\\\/\",\"url\":\"https:\\\/\\\/www.info-algerie.com\\\/actualites\\\/personnes-agees-lapplicabilite-du-dispositif-juridique-en-question-cndh\\\/\",\"name\":\"Personnes \u00e2g\u00e9es: &quot;l&#039;applicabilit\u00e9&quot; du dispositif juridique en question\u00a0 (CNDH) - info algerie\",\"isPartOf\":{\"@id\":\"https:\\\/\\\/www.info-algerie.com\\\/actualites\\\/#website\"},\"primaryImageOfPage\":{\"@id\":\"https:\\\/\\\/www.info-algerie.com\\\/actualites\\\/personnes-agees-lapplicabilite-du-dispositif-juridique-en-question-cndh\\\/#primaryimage\"},\"image\":{\"@id\":\"https:\\\/\\\/www.info-algerie.com\\\/actualites\\\/personnes-agees-lapplicabilite-du-dispositif-juridique-en-question-cndh\\\/#primaryimage\"},\"thumbnailUrl\":\"https:\\\/\\\/www.info-algerie.com\\\/actualites\\\/wp-content\\\/uploads\\\/2017\\\/06\\\/ef6d79367d93892c0ce03c11f2c5a9eb_S-1.jpg\",\"datePublished\":\"2017-06-14T15:15:17+00:00\",\"breadcrumb\":{\"@id\":\"https:\\\/\\\/www.info-algerie.com\\\/actualites\\\/personnes-agees-lapplicabilite-du-dispositif-juridique-en-question-cndh\\\/#breadcrumb\"},\"inLanguage\":\"fr-FR\",\"potentialAction\":[{\"@type\":\"ReadAction\",\"target\":[\"https:\\\/\\\/www.info-algerie.com\\\/actualites\\\/personnes-agees-lapplicabilite-du-dispositif-juridique-en-question-cndh\\\/\"]}]},{\"@type\":\"ImageObject\",\"inLanguage\":\"fr-FR\",\"@id\":\"https:\\\/\\\/www.info-algerie.com\\\/actualites\\\/personnes-agees-lapplicabilite-du-dispositif-juridique-en-question-cndh\\\/#primaryimage\",\"url\":\"https:\\\/\\\/www.info-algerie.com\\\/actualites\\\/wp-content\\\/uploads\\\/2017\\\/06\\\/ef6d79367d93892c0ce03c11f2c5a9eb_S-1.jpg\",\"contentUrl\":\"https:\\\/\\\/www.info-algerie.com\\\/actualites\\\/wp-content\\\/uploads\\\/2017\\\/06\\\/ef6d79367d93892c0ce03c11f2c5a9eb_S-1.jpg\",\"width\":280,\"height\":151},{\"@type\":\"BreadcrumbList\",\"@id\":\"https:\\\/\\\/www.info-algerie.com\\\/actualites\\\/personnes-agees-lapplicabilite-du-dispositif-juridique-en-question-cndh\\\/#breadcrumb\",\"itemListElement\":[{\"@type\":\"ListItem\",\"position\":1,\"name\":\"Accueil\",\"item\":\"https:\\\/\\\/www.info-algerie.com\\\/actualites\\\/\"},{\"@type\":\"ListItem\",\"position\":2,\"name\":\"Personnes \u00e2g\u00e9es: &quot;l&#039;applicabilit\u00e9&quot; du dispositif juridique en question\u00a0 (CNDH)\"}]},{\"@type\":\"WebSite\",\"@id\":\"https:\\\/\\\/www.info-algerie.com\\\/actualites\\\/#website\",\"url\":\"https:\\\/\\\/www.info-algerie.com\\\/actualites\\\/\",\"name\":\"info algerie\",\"description\":\"Toutes les actualit\u00e9s\",\"publisher\":{\"@id\":\"https:\\\/\\\/www.info-algerie.com\\\/actualites\\\/#organization\"},\"potentialAction\":[{\"@type\":\"SearchAction\",\"target\":{\"@type\":\"EntryPoint\",\"urlTemplate\":\"https:\\\/\\\/www.info-algerie.com\\\/actualites\\\/?s={search_term_string}\"},\"query-input\":{\"@type\":\"PropertyValueSpecification\",\"valueRequired\":true,\"valueName\":\"search_term_string\"}}],\"inLanguage\":\"fr-FR\"},{\"@type\":\"Organization\",\"@id\":\"https:\\\/\\\/www.info-algerie.com\\\/actualites\\\/#organization\",\"name\":\"info algerie\",\"url\":\"https:\\\/\\\/www.info-algerie.com\\\/actualites\\\/\",\"logo\":{\"@type\":\"ImageObject\",\"inLanguage\":\"fr-FR\",\"@id\":\"https:\\\/\\\/www.info-algerie.com\\\/actualites\\\/#\\\/schema\\\/logo\\\/image\\\/\",\"url\":\"https:\\\/\\\/www.info-algerie.com\\\/actualites\\\/wp-content\\\/uploads\\\/2022\\\/07\\\/logo-ia-120.png\",\"contentUrl\":\"https:\\\/\\\/www.info-algerie.com\\\/actualites\\\/wp-content\\\/uploads\\\/2022\\\/07\\\/logo-ia-120.png\",\"width\":120,\"height\":43,\"caption\":\"info algerie\"},\"image\":{\"@id\":\"https:\\\/\\\/www.info-algerie.com\\\/actualites\\\/#\\\/schema\\\/logo\\\/image\\\/\"},\"sameAs\":[\"https:\\\/\\\/www.facebook.com\\\/infoalgerieactu\",\"https:\\\/\\\/x.com\\\/infoalgerie1\"]},{\"@type\":\"Person\",\"@id\":\"https:\\\/\\\/www.info-algerie.com\\\/actualites\\\/#\\\/schema\\\/person\\\/847aaec44920825b843a08f30ec6aa1e\",\"name\":\"La r\u00e9daction\",\"image\":{\"@type\":\"ImageObject\",\"inLanguage\":\"fr-FR\",\"@id\":\"https:\\\/\\\/secure.gravatar.com\\\/avatar\\\/769db425c6f465158149f1ffd6cf61ce7a8a879d11dfbef8288af36dfddd418c?s=96&d=mm&r=g\",\"url\":\"https:\\\/\\\/secure.gravatar.com\\\/avatar\\\/769db425c6f465158149f1ffd6cf61ce7a8a879d11dfbef8288af36dfddd418c?s=96&d=mm&r=g\",\"contentUrl\":\"https:\\\/\\\/secure.gravatar.com\\\/avatar\\\/769db425c6f465158149f1ffd6cf61ce7a8a879d11dfbef8288af36dfddd418c?s=96&d=mm&r=g\",\"caption\":\"La r\u00e9daction\"},\"sameAs\":[\"http:\\\/\\\/www.lkeria.com\\\/\"],\"url\":\"https:\\\/\\\/www.info-algerie.com\\\/actualites\\\/author\\\/chakib32\\\/\"}]}<\/script>\n<!-- \/ Yoast SEO plugin. -->","yoast_head_json":{"title":"Personnes \u00e2g\u00e9es: &quot;l&#039;applicabilit\u00e9&quot; du dispositif juridique en question\u00a0 (CNDH) - info algerie","robots":{"index":"index","follow":"follow","max-snippet":"max-snippet:-1","max-image-preview":"max-image-preview:large","max-video-preview":"max-video-preview:-1"},"canonical":"https:\/\/www.info-algerie.com\/actualites\/personnes-agees-lapplicabilite-du-dispositif-juridique-en-question-cndh\/","og_locale":"fr_FR","og_type":"article","og_title":"Personnes \u00e2g\u00e9es: &quot;l&#039;applicabilit\u00e9&quot; du dispositif juridique en question\u00a0 (CNDH) - info algerie","og_description":"ALGER- Le Conseil national des droits de l&rsquo;Homme (CNDH)\u00a0 a recommand\u00e9 mercredi \u00e0 Alger aux acteurs, institutionnels et autres, de \u00ab\u00a0collaborer\u00a0\u00bb sur les questions li\u00e9es \u00e0 \u00ab\u00a0l&rsquo;applicabilit\u00e9\u00a0\u00bb du dispositif juridique inh\u00e9rent aux personnes \u00e2g\u00e9es ainsi qu&rsquo;aux \u00ab\u00a0besoins effectifs\u00a0\u00bb de cette frange de la population. &#013; &#013; S&rsquo;exprimant la veille de la Journ\u00e9e internationale de sensibilisation\u00a0","og_url":"https:\/\/www.info-algerie.com\/actualites\/personnes-agees-lapplicabilite-du-dispositif-juridique-en-question-cndh\/","og_site_name":"info algerie","article_publisher":"https:\/\/www.facebook.com\/infoalgerieactu","article_published_time":"2017-06-14T15:15:17+00:00","og_image":[{"width":280,"height":151,"url":"https:\/\/www.info-algerie.com\/actualites\/wp-content\/uploads\/2017\/06\/ef6d79367d93892c0ce03c11f2c5a9eb_S-1.jpg","type":"image\/jpeg"}],"author":"La r\u00e9daction","twitter_misc":{"\u00c9crit par":"La r\u00e9daction","Dur\u00e9e de lecture estim\u00e9e":"3 minutes"},"schema":{"@context":"https:\/\/schema.org","@graph":[{"@type":"Article","@id":"https:\/\/www.info-algerie.com\/actualites\/personnes-agees-lapplicabilite-du-dispositif-juridique-en-question-cndh\/#article","isPartOf":{"@id":"https:\/\/www.info-algerie.com\/actualites\/personnes-agees-lapplicabilite-du-dispositif-juridique-en-question-cndh\/"},"author":{"name":"La r\u00e9daction","@id":"https:\/\/www.info-algerie.com\/actualites\/#\/schema\/person\/847aaec44920825b843a08f30ec6aa1e"},"headline":"Personnes \u00e2g\u00e9es: &quot;l&#039;applicabilit\u00e9&quot; du dispositif juridique en question\u00a0 (CNDH)","datePublished":"2017-06-14T15:15:17+00:00","mainEntityOfPage":{"@id":"https:\/\/www.info-algerie.com\/actualites\/personnes-agees-lapplicabilite-du-dispositif-juridique-en-question-cndh\/"},"wordCount":672,"commentCount":0,"publisher":{"@id":"https:\/\/www.info-algerie.com\/actualites\/#organization"},"image":{"@id":"https:\/\/www.info-algerie.com\/actualites\/personnes-agees-lapplicabilite-du-dispositif-juridique-en-question-cndh\/#primaryimage"},"thumbnailUrl":"https:\/\/www.info-algerie.com\/actualites\/wp-content\/uploads\/2017\/06\/ef6d79367d93892c0ce03c11f2c5a9eb_S-1.jpg","keywords":["ONU"],"articleSection":["infos"],"inLanguage":"fr-FR","potentialAction":[{"@type":"CommentAction","name":"Comment","target":["https:\/\/www.info-algerie.com\/actualites\/personnes-agees-lapplicabilite-du-dispositif-juridique-en-question-cndh\/#respond"]}]},{"@type":"WebPage","@id":"https:\/\/www.info-algerie.com\/actualites\/personnes-agees-lapplicabilite-du-dispositif-juridique-en-question-cndh\/","url":"https:\/\/www.info-algerie.com\/actualites\/personnes-agees-lapplicabilite-du-dispositif-juridique-en-question-cndh\/","name":"Personnes \u00e2g\u00e9es: &quot;l&#039;applicabilit\u00e9&quot; du dispositif juridique en question\u00a0 (CNDH) - info algerie","isPartOf":{"@id":"https:\/\/www.info-algerie.com\/actualites\/#website"},"primaryImageOfPage":{"@id":"https:\/\/www.info-algerie.com\/actualites\/personnes-agees-lapplicabilite-du-dispositif-juridique-en-question-cndh\/#primaryimage"},"image":{"@id":"https:\/\/www.info-algerie.com\/actualites\/personnes-agees-lapplicabilite-du-dispositif-juridique-en-question-cndh\/#primaryimage"},"thumbnailUrl":"https:\/\/www.info-algerie.com\/actualites\/wp-content\/uploads\/2017\/06\/ef6d79367d93892c0ce03c11f2c5a9eb_S-1.jpg","datePublished":"2017-06-14T15:15:17+00:00","breadcrumb":{"@id":"https:\/\/www.info-algerie.com\/actualites\/personnes-agees-lapplicabilite-du-dispositif-juridique-en-question-cndh\/#breadcrumb"},"inLanguage":"fr-FR","potentialAction":[{"@type":"ReadAction","target":["https:\/\/www.info-algerie.com\/actualites\/personnes-agees-lapplicabilite-du-dispositif-juridique-en-question-cndh\/"]}]},{"@type":"ImageObject","inLanguage":"fr-FR","@id":"https:\/\/www.info-algerie.com\/actualites\/personnes-agees-lapplicabilite-du-dispositif-juridique-en-question-cndh\/#primaryimage","url":"https:\/\/www.info-algerie.com\/actualites\/wp-content\/uploads\/2017\/06\/ef6d79367d93892c0ce03c11f2c5a9eb_S-1.jpg","contentUrl":"https:\/\/www.info-algerie.com\/actualites\/wp-content\/uploads\/2017\/06\/ef6d79367d93892c0ce03c11f2c5a9eb_S-1.jpg","width":280,"height":151},{"@type":"BreadcrumbList","@id":"https:\/\/www.info-algerie.com\/actualites\/personnes-agees-lapplicabilite-du-dispositif-juridique-en-question-cndh\/#breadcrumb","itemListElement":[{"@type":"ListItem","position":1,"name":"Accueil","item":"https:\/\/www.info-algerie.com\/actualites\/"},{"@type":"ListItem","position":2,"name":"Personnes \u00e2g\u00e9es: &quot;l&#039;applicabilit\u00e9&quot; du dispositif juridique en question\u00a0 (CNDH)"}]},{"@type":"WebSite","@id":"https:\/\/www.info-algerie.com\/actualites\/#website","url":"https:\/\/www.info-algerie.com\/actualites\/","name":"info algerie","description":"Toutes les actualit\u00e9s","publisher":{"@id":"https:\/\/www.info-algerie.com\/actualites\/#organization"},"potentialAction":[{"@type":"SearchAction","target":{"@type":"EntryPoint","urlTemplate":"https:\/\/www.info-algerie.com\/actualites\/?s={search_term_string}"},"query-input":{"@type":"PropertyValueSpecification","valueRequired":true,"valueName":"search_term_string"}}],"inLanguage":"fr-FR"},{"@type":"Organization","@id":"https:\/\/www.info-algerie.com\/actualites\/#organization","name":"info algerie","url":"https:\/\/www.info-algerie.com\/actualites\/","logo":{"@type":"ImageObject","inLanguage":"fr-FR","@id":"https:\/\/www.info-algerie.com\/actualites\/#\/schema\/logo\/image\/","url":"https:\/\/www.info-algerie.com\/actualites\/wp-content\/uploads\/2022\/07\/logo-ia-120.png","contentUrl":"https:\/\/www.info-algerie.com\/actualites\/wp-content\/uploads\/2022\/07\/logo-ia-120.png","width":120,"height":43,"caption":"info algerie"},"image":{"@id":"https:\/\/www.info-algerie.com\/actualites\/#\/schema\/logo\/image\/"},"sameAs":["https:\/\/www.facebook.com\/infoalgerieactu","https:\/\/x.com\/infoalgerie1"]},{"@type":"Person","@id":"https:\/\/www.info-algerie.com\/actualites\/#\/schema\/person\/847aaec44920825b843a08f30ec6aa1e","name":"La r\u00e9daction","image":{"@type":"ImageObject","inLanguage":"fr-FR","@id":"https:\/\/secure.gravatar.com\/avatar\/769db425c6f465158149f1ffd6cf61ce7a8a879d11dfbef8288af36dfddd418c?s=96&d=mm&r=g","url":"https:\/\/secure.gravatar.com\/avatar\/769db425c6f465158149f1ffd6cf61ce7a8a879d11dfbef8288af36dfddd418c?s=96&d=mm&r=g","contentUrl":"https:\/\/secure.gravatar.com\/avatar\/769db425c6f465158149f1ffd6cf61ce7a8a879d11dfbef8288af36dfddd418c?s=96&d=mm&r=g","caption":"La r\u00e9daction"},"sameAs":["http:\/\/www.lkeria.com\/"],"url":"https:\/\/www.info-algerie.com\/actualites\/author\/chakib32\/"}]}},"_links":{"self":[{"href":"https:\/\/www.info-algerie.com\/actualites\/wp-json\/wp\/v2\/posts\/13205","targetHints":{"allow":["GET"]}}],"collection":[{"href":"https:\/\/www.info-algerie.com\/actualites\/wp-json\/wp\/v2\/posts"}],"about":[{"href":"https:\/\/www.info-algerie.com\/actualites\/wp-json\/wp\/v2\/types\/post"}],"author":[{"embeddable":true,"href":"https:\/\/www.info-algerie.com\/actualites\/wp-json\/wp\/v2\/users\/6"}],"replies":[{"embeddable":true,"href":"https:\/\/www.info-algerie.com\/actualites\/wp-json\/wp\/v2\/comments?post=13205"}],"version-history":[{"count":0,"href":"https:\/\/www.info-algerie.com\/actualites\/wp-json\/wp\/v2\/posts\/13205\/revisions"}],"wp:featuredmedia":[{"embeddable":true,"href":"https:\/\/www.info-algerie.com\/actualites\/wp-json\/wp\/v2\/media\/13206"}],"wp:attachment":[{"href":"https:\/\/www.info-algerie.com\/actualites\/wp-json\/wp\/v2\/media?parent=13205"}],"wp:term":[{"taxonomy":"category","embeddable":true,"href":"https:\/\/www.info-algerie.com\/actualites\/wp-json\/wp\/v2\/categories?post=13205"},{"taxonomy":"post_tag","embeddable":true,"href":"https:\/\/www.info-algerie.com\/actualites\/wp-json\/wp\/v2\/tags?post=13205"}],"curies":[{"name":"wp","href":"https:\/\/api.w.org\/{rel}","templated":true}]}}