{"id":13214,"date":"2017-06-14T18:10:17","date_gmt":"2017-06-14T17:10:17","guid":{"rendered":"http:\/\/www.info-algerie.com\/actualites\/le-volet-social-au-centre-des-preoccupations-du-gouvernement\/"},"modified":"2017-06-14T18:10:17","modified_gmt":"2017-06-14T17:10:17","slug":"le-volet-social-au-centre-des-preoccupations-du-gouvernement","status":"publish","type":"post","link":"https:\/\/www.info-algerie.com\/actualites\/le-volet-social-au-centre-des-preoccupations-du-gouvernement\/","title":{"rendered":"Le volet social au centre des pr\u00e9occupations du gouvernement"},"content":{"rendered":"<div class=\"K2FeedImage\"><img decoding=\"async\" src=\"https:\/\/www.info-algerie.com\/actualites\/wp-content\/uploads\/2017\/06\/8202cfe7e7b9dfbb83e967f5339386f3_S.jpg\" alt=\"Le volet social au centre des pr&#xE9;occupations du gouvernement\" \/><\/div>\n<div class=\"K2FeedIntroText\">\n<p>ALGER- Le volet social occupe une place importante dans\u00a0 le plan d&rsquo;action du gouvernement, examin\u00e9 et adopt\u00e9 mercredi par le<a href=\"http:\/\/www.aps.dz\/algerie\/58913-reunion-du-conseil-des-ministres-communique-integral\"><strong> Conseil\u00a0 des ministres<\/strong><\/a>, r\u00e9uni sous la pr\u00e9sidence du pr\u00e9sident de la R\u00e9publique,\u00a0 Abdelaziz Bouteflika.<\/p>\n<p>&#013;\n<\/p><\/div>\n<div class=\"K2FeedFullText\">&#013;<\/p>\n<p>Il s&rsquo;agit notamment de pr\u00e9server le syst\u00e8me national de s\u00e9curit\u00e9 sociale\u00a0 et de retraite, promouvoir l&#8217;emploi, renforcer les m\u00e9canismes de solidarit\u00e9\u00a0 nationale et poursuivre la prise en charge des cat\u00e9gories sociales aux\u00a0 besoins sp\u00e9cifiques.<\/p>\n<p>&#013;<\/p>\n<p>Le Plan d&rsquo;action du gouvernement qui se situe dans la continuation de la\u00a0 mise en oeuvre du programme du pr\u00e9sident de la R\u00e9publique, s&rsquo;articule autour\u00a0 de plusieurs objectifs parmi lesquels le volet social occupe une place\u00a0 importante.<\/p>\n<p>&#013;<\/p>\n<p>Il est \u00e0 rappeler, \u00e0 cet \u00e9gard, que d&rsquo;importantes r\u00e9alisations ont \u00e9t\u00e9\u00a0 enregistr\u00e9s ces derni\u00e8res ann\u00e9es au plan social, accomplies gr\u00e2ce aux\u00a0 efforts de toute la collectivit\u00e9 nationale et qui se sont traduites<\/p>\n<p>&#013;<\/p>\n<p>\u00e9galement par des avanc\u00e9es significatives, y compris dans la promotion des\u00a0 droits et acquis sociaux.<\/p>\n<p>&#013;<\/p>\n<p>Outre les acquis importants en faveur des travailleurs suite, notamment,\u00a0 aux revalorisations successives de leurs salaires aussi bien dans le\u00a0 secteur \u00e9conomique que dans celui de la fonction publique, les pensions et\u00a0 allocations de retraite ont \u00e9galement connu une \u00e9volution r\u00e9guli\u00e8re suite\u00a0 aux augmentations op\u00e9r\u00e9es dans le cadre de la loi ou \u00e0 titre exceptionnel.<\/p>\n<p>&#013;<\/p>\n<p>Cela a \u00e9t\u00e9 confirm\u00e9 avec la valorisation de 2,5% des pensions et\u00a0 allocations de retraite sur d\u00e9cision du pr\u00e9sident de la R\u00e9publique au\u00a0 profit de 2,8 millions de retrait\u00e9s.<\/p>\n<p>&#013;<\/p>\n<p>Le syst\u00e8me national de protection sociale figure \u00e9galement parmi les\u00a0 priorit\u00e9s du gouvernement, puisqu&rsquo;il \u00e9t\u00e9 consolid\u00e9 par la promulgation de\u00a0 la nouvelle loi relative aux mutuelles sociales qui institue la retraite\u00a0 compl\u00e9mentaire au b\u00e9n\u00e9fice de leurs adh\u00e9rents, ce qui permettra \u00e0 tout travailleur d\u2019avoir la possibilit\u00e9 d&rsquo;augmenter son revenu \u00e0 l&rsquo;\u00e2ge de la\u00a0 retraite.<\/p>\n<p>&#013;<\/p>\n<p>A cet \u00e9gard, les mesures exceptionnelles de la loi de finances\u00a0 compl\u00e9mentaire de 2015 ont permis de r\u00e9aliser des r\u00e9sultats susceptibles de\u00a0 renflouer, \u00e0 l`avenir, les caisses des assurances sociales.<\/p>\n<p>&#013;<\/p>\n<p>Pour le gouvernement, les cotisations constituent une source de\u00a0 financement pour la s\u00e9curit\u00e9 sociale aux fins de pr\u00e9server ses \u00e9quilibres\u00a0 financiers et assurer la p\u00e9rennit\u00e9 du syst\u00e8me consid\u00e9r\u00e9 comme l&rsquo;instrument\u00a0 cl\u00e9 de la protection sociale.<\/p>\n<p>&#013;<\/p>\n<p>A ce propos, les mesures exceptionnelles de la loi de finances\u00a0 compl\u00e9mentaire de 2015 dans son volet relatif \u00e0 la s\u00e9curit\u00e9 sociale,\u00a0 concernent principalement la r\u00e9gularisation des situations des personnels\u00a0 n&rsquo;ayant pas vers\u00e9 leurs cotisations \u00e0 la s\u00e9curit\u00e9 sociale.<\/p>\n<p>&#013;<\/p>\n<p>Concernant l&#8217;emploi, le nouveau gouvernement compte poursuivre les efforts\u00a0 en vue de r\u00e9sorber le ch\u00f4mage, notamment chez les jeunes, \u00e0 travers le\u00a0 renforcement des diff\u00e9rents m\u00e9canismes et dispositifs d\u00e9j\u00e0 existants et ce,\u00a0 en d\u00e9pit des difficult\u00e9s financi\u00e8res engendr\u00e9es par la chute des prix des\u00a0 hydrocarbures sur le march\u00e9 mondial.<\/p>\n<p>&#013;<\/p>\n<p>A cet effet, il sera question d&rsquo;encourager toutes les actions et\u00a0 initiatives visant \u00e0 accompagner l&rsquo;insertion des jeunes dans la sph\u00e8re\u00a0 socio-\u00e9conomique, plus particuli\u00e8rement \u00e0 travers l&rsquo;entreprenariat et les\u00a0 start-up.<\/p>\n<p>&#013;<\/p>\n<p>\u00a0Pour ce qui est de la solidarit\u00e9 nationale, le gouvernement doit veiller \u00e0\u00a0 assurer une meilleure prise en charge de la femme, de l&rsquo;enfant, des\u00a0 personnes aux besoins sp\u00e9cifiques et autres personnes vuln\u00e9rables au sein\u00a0 de la soci\u00e9t\u00e9 \u00e0 travers le renforcement des m\u00e9canismes r\u00e9gissant ce\u00a0 secteur.<\/p>\n<\/div>\n<p>&#013;<br \/>\nSource: <a href=\"http:\/\/www.aps.dz\/algerie\/58917-le-volet-social-au-centre-des-preoccupations-du-gouvernement\" target=\"_blank\">Le volet social au centre des pr\u00e9occupations du gouvernement<\/a><\/p>\n<!--CusAds0-->\n<div style=\"font-size: 0px; height: 0px; line-height: 0px; margin: 0; padding: 0; clear: both;\"><\/div>","protected":false},"excerpt":{"rendered":"<p>ALGER- Le volet social occupe une place importante dans\u00a0 le plan d&rsquo;action du gouvernement, examin\u00e9 et adopt\u00e9 mercredi par le Conseil\u00a0 des ministres, r\u00e9uni sous la pr\u00e9sidence du pr\u00e9sident de la R\u00e9publique,\u00a0 Abdelaziz Bouteflika. &#013; &#013; Il s&rsquo;agit notamment de pr\u00e9server le syst\u00e8me national de s\u00e9curit\u00e9 sociale\u00a0 et de retraite, promouvoir l&#8217;emploi, renforcer les m\u00e9canismes<\/p>\n","protected":false},"author":6,"featured_media":13215,"comment_status":"open","ping_status":"open","sticky":false,"template":"","format":"standard","meta":{"footnotes":""},"categories":[22],"tags":[93],"class_list":["post-13214","post","type-post","status-publish","format-standard","has-post-thumbnail","hentry","category-infos","tag-onu"],"yoast_head":"<!-- This site is optimized with the Yoast SEO plugin v27.5 - https:\/\/yoast.com\/product\/yoast-seo-wordpress\/ -->\n<title>Le volet social au centre des pr\u00e9occupations du gouvernement - info algerie<\/title>\n<meta name=\"robots\" content=\"index, follow, max-snippet:-1, max-image-preview:large, max-video-preview:-1\" \/>\n<link rel=\"canonical\" href=\"https:\/\/www.info-algerie.com\/actualites\/le-volet-social-au-centre-des-preoccupations-du-gouvernement\/\" \/>\n<meta property=\"og:locale\" content=\"fr_FR\" \/>\n<meta property=\"og:type\" content=\"article\" \/>\n<meta property=\"og:title\" content=\"Le volet social au centre des pr\u00e9occupations du gouvernement - info algerie\" \/>\n<meta property=\"og:description\" content=\"ALGER- Le volet social occupe une place importante dans\u00a0 le plan d&rsquo;action du gouvernement, examin\u00e9 et adopt\u00e9 mercredi par le Conseil\u00a0 des ministres, r\u00e9uni sous la pr\u00e9sidence du pr\u00e9sident de la R\u00e9publique,\u00a0 Abdelaziz Bouteflika. &#013; &#013; Il s&rsquo;agit notamment de pr\u00e9server le syst\u00e8me national de s\u00e9curit\u00e9 sociale\u00a0 et de retraite, promouvoir l&#8217;emploi, renforcer les m\u00e9canismes\" \/>\n<meta property=\"og:url\" content=\"https:\/\/www.info-algerie.com\/actualites\/le-volet-social-au-centre-des-preoccupations-du-gouvernement\/\" \/>\n<meta property=\"og:site_name\" content=\"info algerie\" \/>\n<meta property=\"article:publisher\" content=\"https:\/\/www.facebook.com\/infoalgerieactu\" \/>\n<meta property=\"article:published_time\" content=\"2017-06-14T17:10:17+00:00\" \/>\n<meta property=\"og:image\" content=\"https:\/\/www.info-algerie.com\/actualites\/wp-content\/uploads\/2017\/06\/8202cfe7e7b9dfbb83e967f5339386f3_S-1.jpg\" \/>\n\t<meta property=\"og:image:width\" content=\"280\" \/>\n\t<meta property=\"og:image:height\" content=\"189\" \/>\n\t<meta property=\"og:image:type\" content=\"image\/jpeg\" \/>\n<meta name=\"author\" content=\"La r\u00e9daction\" \/>\n<meta name=\"twitter:label1\" content=\"\u00c9crit par\" \/>\n\t<meta name=\"twitter:data1\" content=\"La r\u00e9daction\" \/>\n\t<meta name=\"twitter:label2\" content=\"Dur\u00e9e de lecture estim\u00e9e\" \/>\n\t<meta name=\"twitter:data2\" content=\"3 minutes\" \/>\n<script type=\"application\/ld+json\" class=\"yoast-schema-graph\">{\"@context\":\"https:\\\/\\\/schema.org\",\"@graph\":[{\"@type\":\"Article\",\"@id\":\"https:\\\/\\\/www.info-algerie.com\\\/actualites\\\/le-volet-social-au-centre-des-preoccupations-du-gouvernement\\\/#article\",\"isPartOf\":{\"@id\":\"https:\\\/\\\/www.info-algerie.com\\\/actualites\\\/le-volet-social-au-centre-des-preoccupations-du-gouvernement\\\/\"},\"author\":{\"name\":\"La r\u00e9daction\",\"@id\":\"https:\\\/\\\/www.info-algerie.com\\\/actualites\\\/#\\\/schema\\\/person\\\/847aaec44920825b843a08f30ec6aa1e\"},\"headline\":\"Le volet social au centre des pr\u00e9occupations du gouvernement\",\"datePublished\":\"2017-06-14T17:10:17+00:00\",\"mainEntityOfPage\":{\"@id\":\"https:\\\/\\\/www.info-algerie.com\\\/actualites\\\/le-volet-social-au-centre-des-preoccupations-du-gouvernement\\\/\"},\"wordCount\":604,\"commentCount\":0,\"publisher\":{\"@id\":\"https:\\\/\\\/www.info-algerie.com\\\/actualites\\\/#organization\"},\"image\":{\"@id\":\"https:\\\/\\\/www.info-algerie.com\\\/actualites\\\/le-volet-social-au-centre-des-preoccupations-du-gouvernement\\\/#primaryimage\"},\"thumbnailUrl\":\"https:\\\/\\\/www.info-algerie.com\\\/actualites\\\/wp-content\\\/uploads\\\/2017\\\/06\\\/8202cfe7e7b9dfbb83e967f5339386f3_S-1.jpg\",\"keywords\":[\"ONU\"],\"articleSection\":[\"infos\"],\"inLanguage\":\"fr-FR\",\"potentialAction\":[{\"@type\":\"CommentAction\",\"name\":\"Comment\",\"target\":[\"https:\\\/\\\/www.info-algerie.com\\\/actualites\\\/le-volet-social-au-centre-des-preoccupations-du-gouvernement\\\/#respond\"]}]},{\"@type\":\"WebPage\",\"@id\":\"https:\\\/\\\/www.info-algerie.com\\\/actualites\\\/le-volet-social-au-centre-des-preoccupations-du-gouvernement\\\/\",\"url\":\"https:\\\/\\\/www.info-algerie.com\\\/actualites\\\/le-volet-social-au-centre-des-preoccupations-du-gouvernement\\\/\",\"name\":\"Le volet social au centre des pr\u00e9occupations du gouvernement - info algerie\",\"isPartOf\":{\"@id\":\"https:\\\/\\\/www.info-algerie.com\\\/actualites\\\/#website\"},\"primaryImageOfPage\":{\"@id\":\"https:\\\/\\\/www.info-algerie.com\\\/actualites\\\/le-volet-social-au-centre-des-preoccupations-du-gouvernement\\\/#primaryimage\"},\"image\":{\"@id\":\"https:\\\/\\\/www.info-algerie.com\\\/actualites\\\/le-volet-social-au-centre-des-preoccupations-du-gouvernement\\\/#primaryimage\"},\"thumbnailUrl\":\"https:\\\/\\\/www.info-algerie.com\\\/actualites\\\/wp-content\\\/uploads\\\/2017\\\/06\\\/8202cfe7e7b9dfbb83e967f5339386f3_S-1.jpg\",\"datePublished\":\"2017-06-14T17:10:17+00:00\",\"breadcrumb\":{\"@id\":\"https:\\\/\\\/www.info-algerie.com\\\/actualites\\\/le-volet-social-au-centre-des-preoccupations-du-gouvernement\\\/#breadcrumb\"},\"inLanguage\":\"fr-FR\",\"potentialAction\":[{\"@type\":\"ReadAction\",\"target\":[\"https:\\\/\\\/www.info-algerie.com\\\/actualites\\\/le-volet-social-au-centre-des-preoccupations-du-gouvernement\\\/\"]}]},{\"@type\":\"ImageObject\",\"inLanguage\":\"fr-FR\",\"@id\":\"https:\\\/\\\/www.info-algerie.com\\\/actualites\\\/le-volet-social-au-centre-des-preoccupations-du-gouvernement\\\/#primaryimage\",\"url\":\"https:\\\/\\\/www.info-algerie.com\\\/actualites\\\/wp-content\\\/uploads\\\/2017\\\/06\\\/8202cfe7e7b9dfbb83e967f5339386f3_S-1.jpg\",\"contentUrl\":\"https:\\\/\\\/www.info-algerie.com\\\/actualites\\\/wp-content\\\/uploads\\\/2017\\\/06\\\/8202cfe7e7b9dfbb83e967f5339386f3_S-1.jpg\",\"width\":280,\"height\":189},{\"@type\":\"BreadcrumbList\",\"@id\":\"https:\\\/\\\/www.info-algerie.com\\\/actualites\\\/le-volet-social-au-centre-des-preoccupations-du-gouvernement\\\/#breadcrumb\",\"itemListElement\":[{\"@type\":\"ListItem\",\"position\":1,\"name\":\"Accueil\",\"item\":\"https:\\\/\\\/www.info-algerie.com\\\/actualites\\\/\"},{\"@type\":\"ListItem\",\"position\":2,\"name\":\"Le volet social au centre des pr\u00e9occupations du gouvernement\"}]},{\"@type\":\"WebSite\",\"@id\":\"https:\\\/\\\/www.info-algerie.com\\\/actualites\\\/#website\",\"url\":\"https:\\\/\\\/www.info-algerie.com\\\/actualites\\\/\",\"name\":\"info algerie\",\"description\":\"Toutes les actualit\u00e9s\",\"publisher\":{\"@id\":\"https:\\\/\\\/www.info-algerie.com\\\/actualites\\\/#organization\"},\"potentialAction\":[{\"@type\":\"SearchAction\",\"target\":{\"@type\":\"EntryPoint\",\"urlTemplate\":\"https:\\\/\\\/www.info-algerie.com\\\/actualites\\\/?s={search_term_string}\"},\"query-input\":{\"@type\":\"PropertyValueSpecification\",\"valueRequired\":true,\"valueName\":\"search_term_string\"}}],\"inLanguage\":\"fr-FR\"},{\"@type\":\"Organization\",\"@id\":\"https:\\\/\\\/www.info-algerie.com\\\/actualites\\\/#organization\",\"name\":\"info algerie\",\"url\":\"https:\\\/\\\/www.info-algerie.com\\\/actualites\\\/\",\"logo\":{\"@type\":\"ImageObject\",\"inLanguage\":\"fr-FR\",\"@id\":\"https:\\\/\\\/www.info-algerie.com\\\/actualites\\\/#\\\/schema\\\/logo\\\/image\\\/\",\"url\":\"https:\\\/\\\/www.info-algerie.com\\\/actualites\\\/wp-content\\\/uploads\\\/2022\\\/07\\\/logo-ia-120.png\",\"contentUrl\":\"https:\\\/\\\/www.info-algerie.com\\\/actualites\\\/wp-content\\\/uploads\\\/2022\\\/07\\\/logo-ia-120.png\",\"width\":120,\"height\":43,\"caption\":\"info algerie\"},\"image\":{\"@id\":\"https:\\\/\\\/www.info-algerie.com\\\/actualites\\\/#\\\/schema\\\/logo\\\/image\\\/\"},\"sameAs\":[\"https:\\\/\\\/www.facebook.com\\\/infoalgerieactu\",\"https:\\\/\\\/x.com\\\/infoalgerie1\"]},{\"@type\":\"Person\",\"@id\":\"https:\\\/\\\/www.info-algerie.com\\\/actualites\\\/#\\\/schema\\\/person\\\/847aaec44920825b843a08f30ec6aa1e\",\"name\":\"La r\u00e9daction\",\"image\":{\"@type\":\"ImageObject\",\"inLanguage\":\"fr-FR\",\"@id\":\"https:\\\/\\\/secure.gravatar.com\\\/avatar\\\/769db425c6f465158149f1ffd6cf61ce7a8a879d11dfbef8288af36dfddd418c?s=96&d=mm&r=g\",\"url\":\"https:\\\/\\\/secure.gravatar.com\\\/avatar\\\/769db425c6f465158149f1ffd6cf61ce7a8a879d11dfbef8288af36dfddd418c?s=96&d=mm&r=g\",\"contentUrl\":\"https:\\\/\\\/secure.gravatar.com\\\/avatar\\\/769db425c6f465158149f1ffd6cf61ce7a8a879d11dfbef8288af36dfddd418c?s=96&d=mm&r=g\",\"caption\":\"La r\u00e9daction\"},\"sameAs\":[\"http:\\\/\\\/www.lkeria.com\\\/\"],\"url\":\"https:\\\/\\\/www.info-algerie.com\\\/actualites\\\/author\\\/chakib32\\\/\"}]}<\/script>\n<!-- \/ Yoast SEO plugin. -->","yoast_head_json":{"title":"Le volet social au centre des pr\u00e9occupations du gouvernement - info algerie","robots":{"index":"index","follow":"follow","max-snippet":"max-snippet:-1","max-image-preview":"max-image-preview:large","max-video-preview":"max-video-preview:-1"},"canonical":"https:\/\/www.info-algerie.com\/actualites\/le-volet-social-au-centre-des-preoccupations-du-gouvernement\/","og_locale":"fr_FR","og_type":"article","og_title":"Le volet social au centre des pr\u00e9occupations du gouvernement - info algerie","og_description":"ALGER- Le volet social occupe une place importante dans\u00a0 le plan d&rsquo;action du gouvernement, examin\u00e9 et adopt\u00e9 mercredi par le Conseil\u00a0 des ministres, r\u00e9uni sous la pr\u00e9sidence du pr\u00e9sident de la R\u00e9publique,\u00a0 Abdelaziz Bouteflika. &#013; &#013; Il s&rsquo;agit notamment de pr\u00e9server le syst\u00e8me national de s\u00e9curit\u00e9 sociale\u00a0 et de retraite, promouvoir l&#8217;emploi, renforcer les m\u00e9canismes","og_url":"https:\/\/www.info-algerie.com\/actualites\/le-volet-social-au-centre-des-preoccupations-du-gouvernement\/","og_site_name":"info algerie","article_publisher":"https:\/\/www.facebook.com\/infoalgerieactu","article_published_time":"2017-06-14T17:10:17+00:00","og_image":[{"width":280,"height":189,"url":"https:\/\/www.info-algerie.com\/actualites\/wp-content\/uploads\/2017\/06\/8202cfe7e7b9dfbb83e967f5339386f3_S-1.jpg","type":"image\/jpeg"}],"author":"La r\u00e9daction","twitter_misc":{"\u00c9crit par":"La r\u00e9daction","Dur\u00e9e de lecture estim\u00e9e":"3 minutes"},"schema":{"@context":"https:\/\/schema.org","@graph":[{"@type":"Article","@id":"https:\/\/www.info-algerie.com\/actualites\/le-volet-social-au-centre-des-preoccupations-du-gouvernement\/#article","isPartOf":{"@id":"https:\/\/www.info-algerie.com\/actualites\/le-volet-social-au-centre-des-preoccupations-du-gouvernement\/"},"author":{"name":"La r\u00e9daction","@id":"https:\/\/www.info-algerie.com\/actualites\/#\/schema\/person\/847aaec44920825b843a08f30ec6aa1e"},"headline":"Le volet social au centre des pr\u00e9occupations du gouvernement","datePublished":"2017-06-14T17:10:17+00:00","mainEntityOfPage":{"@id":"https:\/\/www.info-algerie.com\/actualites\/le-volet-social-au-centre-des-preoccupations-du-gouvernement\/"},"wordCount":604,"commentCount":0,"publisher":{"@id":"https:\/\/www.info-algerie.com\/actualites\/#organization"},"image":{"@id":"https:\/\/www.info-algerie.com\/actualites\/le-volet-social-au-centre-des-preoccupations-du-gouvernement\/#primaryimage"},"thumbnailUrl":"https:\/\/www.info-algerie.com\/actualites\/wp-content\/uploads\/2017\/06\/8202cfe7e7b9dfbb83e967f5339386f3_S-1.jpg","keywords":["ONU"],"articleSection":["infos"],"inLanguage":"fr-FR","potentialAction":[{"@type":"CommentAction","name":"Comment","target":["https:\/\/www.info-algerie.com\/actualites\/le-volet-social-au-centre-des-preoccupations-du-gouvernement\/#respond"]}]},{"@type":"WebPage","@id":"https:\/\/www.info-algerie.com\/actualites\/le-volet-social-au-centre-des-preoccupations-du-gouvernement\/","url":"https:\/\/www.info-algerie.com\/actualites\/le-volet-social-au-centre-des-preoccupations-du-gouvernement\/","name":"Le volet social au centre des pr\u00e9occupations du gouvernement - info algerie","isPartOf":{"@id":"https:\/\/www.info-algerie.com\/actualites\/#website"},"primaryImageOfPage":{"@id":"https:\/\/www.info-algerie.com\/actualites\/le-volet-social-au-centre-des-preoccupations-du-gouvernement\/#primaryimage"},"image":{"@id":"https:\/\/www.info-algerie.com\/actualites\/le-volet-social-au-centre-des-preoccupations-du-gouvernement\/#primaryimage"},"thumbnailUrl":"https:\/\/www.info-algerie.com\/actualites\/wp-content\/uploads\/2017\/06\/8202cfe7e7b9dfbb83e967f5339386f3_S-1.jpg","datePublished":"2017-06-14T17:10:17+00:00","breadcrumb":{"@id":"https:\/\/www.info-algerie.com\/actualites\/le-volet-social-au-centre-des-preoccupations-du-gouvernement\/#breadcrumb"},"inLanguage":"fr-FR","potentialAction":[{"@type":"ReadAction","target":["https:\/\/www.info-algerie.com\/actualites\/le-volet-social-au-centre-des-preoccupations-du-gouvernement\/"]}]},{"@type":"ImageObject","inLanguage":"fr-FR","@id":"https:\/\/www.info-algerie.com\/actualites\/le-volet-social-au-centre-des-preoccupations-du-gouvernement\/#primaryimage","url":"https:\/\/www.info-algerie.com\/actualites\/wp-content\/uploads\/2017\/06\/8202cfe7e7b9dfbb83e967f5339386f3_S-1.jpg","contentUrl":"https:\/\/www.info-algerie.com\/actualites\/wp-content\/uploads\/2017\/06\/8202cfe7e7b9dfbb83e967f5339386f3_S-1.jpg","width":280,"height":189},{"@type":"BreadcrumbList","@id":"https:\/\/www.info-algerie.com\/actualites\/le-volet-social-au-centre-des-preoccupations-du-gouvernement\/#breadcrumb","itemListElement":[{"@type":"ListItem","position":1,"name":"Accueil","item":"https:\/\/www.info-algerie.com\/actualites\/"},{"@type":"ListItem","position":2,"name":"Le volet social au centre des pr\u00e9occupations du gouvernement"}]},{"@type":"WebSite","@id":"https:\/\/www.info-algerie.com\/actualites\/#website","url":"https:\/\/www.info-algerie.com\/actualites\/","name":"info algerie","description":"Toutes les actualit\u00e9s","publisher":{"@id":"https:\/\/www.info-algerie.com\/actualites\/#organization"},"potentialAction":[{"@type":"SearchAction","target":{"@type":"EntryPoint","urlTemplate":"https:\/\/www.info-algerie.com\/actualites\/?s={search_term_string}"},"query-input":{"@type":"PropertyValueSpecification","valueRequired":true,"valueName":"search_term_string"}}],"inLanguage":"fr-FR"},{"@type":"Organization","@id":"https:\/\/www.info-algerie.com\/actualites\/#organization","name":"info algerie","url":"https:\/\/www.info-algerie.com\/actualites\/","logo":{"@type":"ImageObject","inLanguage":"fr-FR","@id":"https:\/\/www.info-algerie.com\/actualites\/#\/schema\/logo\/image\/","url":"https:\/\/www.info-algerie.com\/actualites\/wp-content\/uploads\/2022\/07\/logo-ia-120.png","contentUrl":"https:\/\/www.info-algerie.com\/actualites\/wp-content\/uploads\/2022\/07\/logo-ia-120.png","width":120,"height":43,"caption":"info algerie"},"image":{"@id":"https:\/\/www.info-algerie.com\/actualites\/#\/schema\/logo\/image\/"},"sameAs":["https:\/\/www.facebook.com\/infoalgerieactu","https:\/\/x.com\/infoalgerie1"]},{"@type":"Person","@id":"https:\/\/www.info-algerie.com\/actualites\/#\/schema\/person\/847aaec44920825b843a08f30ec6aa1e","name":"La r\u00e9daction","image":{"@type":"ImageObject","inLanguage":"fr-FR","@id":"https:\/\/secure.gravatar.com\/avatar\/769db425c6f465158149f1ffd6cf61ce7a8a879d11dfbef8288af36dfddd418c?s=96&d=mm&r=g","url":"https:\/\/secure.gravatar.com\/avatar\/769db425c6f465158149f1ffd6cf61ce7a8a879d11dfbef8288af36dfddd418c?s=96&d=mm&r=g","contentUrl":"https:\/\/secure.gravatar.com\/avatar\/769db425c6f465158149f1ffd6cf61ce7a8a879d11dfbef8288af36dfddd418c?s=96&d=mm&r=g","caption":"La r\u00e9daction"},"sameAs":["http:\/\/www.lkeria.com\/"],"url":"https:\/\/www.info-algerie.com\/actualites\/author\/chakib32\/"}]}},"_links":{"self":[{"href":"https:\/\/www.info-algerie.com\/actualites\/wp-json\/wp\/v2\/posts\/13214","targetHints":{"allow":["GET"]}}],"collection":[{"href":"https:\/\/www.info-algerie.com\/actualites\/wp-json\/wp\/v2\/posts"}],"about":[{"href":"https:\/\/www.info-algerie.com\/actualites\/wp-json\/wp\/v2\/types\/post"}],"author":[{"embeddable":true,"href":"https:\/\/www.info-algerie.com\/actualites\/wp-json\/wp\/v2\/users\/6"}],"replies":[{"embeddable":true,"href":"https:\/\/www.info-algerie.com\/actualites\/wp-json\/wp\/v2\/comments?post=13214"}],"version-history":[{"count":0,"href":"https:\/\/www.info-algerie.com\/actualites\/wp-json\/wp\/v2\/posts\/13214\/revisions"}],"wp:featuredmedia":[{"embeddable":true,"href":"https:\/\/www.info-algerie.com\/actualites\/wp-json\/wp\/v2\/media\/13215"}],"wp:attachment":[{"href":"https:\/\/www.info-algerie.com\/actualites\/wp-json\/wp\/v2\/media?parent=13214"}],"wp:term":[{"taxonomy":"category","embeddable":true,"href":"https:\/\/www.info-algerie.com\/actualites\/wp-json\/wp\/v2\/categories?post=13214"},{"taxonomy":"post_tag","embeddable":true,"href":"https:\/\/www.info-algerie.com\/actualites\/wp-json\/wp\/v2\/tags?post=13214"}],"curies":[{"name":"wp","href":"https:\/\/api.w.org\/{rel}","templated":true}]}}