{"id":13220,"date":"2017-06-14T17:32:17","date_gmt":"2017-06-14T16:32:17","guid":{"rendered":"http:\/\/www.info-algerie.com\/actualites\/reunion-du-conseil-des-ministres-communique-integral\/"},"modified":"2017-06-14T17:32:17","modified_gmt":"2017-06-14T16:32:17","slug":"reunion-du-conseil-des-ministres-communique-integral","status":"publish","type":"post","link":"https:\/\/www.info-algerie.com\/actualites\/reunion-du-conseil-des-ministres-communique-integral\/","title":{"rendered":"R\u00e9union du Conseil des ministres (communiqu\u00e9 int\u00e9gral)  \u00a0"},"content":{"rendered":"<div class=\"K2FeedImage\"><img decoding=\"async\" src=\"https:\/\/www.info-algerie.com\/actualites\/wp-content\/uploads\/2017\/06\/f909790da4916ce488152b811947aa9c_S.jpg\" alt=\"R&#xE9;union du Conseil des ministres (communiqu&#xE9; int&#xE9;gral)  &#xA0;\" \/><\/div>\n<div class=\"K2FeedIntroText\">\n<p class=\"MsoNoSpacing\">ALGER- Le pr\u00e9sident de la R\u00e9publique, M. Abdelaziz\u00a0 Bouteflika, a pr\u00e9sid\u00e9 mercredi \u00e0 Alger une r\u00e9union du Conseil des\u00a0 ministres, indique un communiqu\u00e9 de la pr\u00e9sidence de la R\u00e9publique dont\u00a0 voici le texte int\u00e9gral.<\/p>\n<p>&#013;\n<\/p><\/div>\n<div class=\"K2FeedFullText\">&#013;<\/p>\n<p class=\"MsoNoSpacing\">\u00ab\u00a0Son Excellence, Monsieur Abdelaziz Bouteflika, pr\u00e9sident de la\u00a0 R\u00e9publique, a pr\u00e9sid\u00e9 ce mercredi 14 juin 2017, correspondant au 19\u00a0 Ramadhan 1438, une r\u00e9union du Conseil des ministres.<\/p>\n<p>&#013;<\/p>\n<p class=\"MsoNoSpacing\">En ouvrant les travaux, M. le pr\u00e9sident de la R\u00e9publique a pr\u00e9sent\u00e9 ses\u00a0 voeux au peuple alg\u00e9rien \u00e0 l&rsquo;occasion du mois de Ramadhan, souhaitant\u00a0 bonheur et f\u00e9licit\u00e9 \u00e0 nos compatriotes et \u00e0 l&rsquo;ensemble de la Oumma\u00a0 musulmane.<\/p>\n<p>&#013;<\/p>\n<p class=\"MsoNoSpacing\">Le chef de l&rsquo;Etat a \u00e9galement f\u00e9licit\u00e9 les membres du Gouvernement pour la\u00a0 confiance dont ils sont investis et les a invit\u00e9s \u00e0 redoubler d&rsquo;efforts\u00a0 pour relever les d\u00e9fis de l&rsquo;heure.<\/p>\n<p>&#013;<\/p>\n<p class=\"MsoNoSpacing\">Abordant son ordre du jour, le Conseil des ministres a entendu et d\u00e9battu\u00a0 une communisation de M. le Premier ministre relative au projet de Plan\u00a0 d&rsquo;action du Gouvernement.<\/p>\n<p>&#013;<\/p>\n<p class=\"MsoNoSpacing\">Ce Plan d&rsquo;action se situe dans la continuation de la mise en oeuvre du\u00a0 programme du pr\u00e9sident de la R\u00e9publique. Il s&rsquo;articule notamment autour des objectifs suivants:<\/p>\n<p>&#013;<\/p>\n<p class=\"MsoNoSpacing\">&#8211; En ce qui concerne la gestion de l&rsquo;Etat: (i) le renforcement de l&rsquo;Etat de droit, des libert\u00e9s et de la d\u00e9mocratie, (ii) la consolidation de la bonne gouvernance, (iii) la promotion de l&rsquo;identit\u00e9 nationale, (iv) et la pr\u00e9servation de la M\u00e9moire.<\/p>\n<p>&#013;<\/p>\n<p class=\"MsoNoSpacing\">&#8211; En ce qui concerne les volets \u00e9conomiques et financiers: (i) la modernisation des finances publiques et du syst\u00e8me bancaire, (ii) l&rsquo;assainissement de la sph\u00e8re \u00e9conomique et la promotion de\u00a0 l&rsquo;investissement, (iii) et la valorisation de toutes les richesses du pays.<\/p>\n<p>&#013;<\/p>\n<p class=\"MsoNoSpacing\">&#8211; S&rsquo;agissant du d\u00e9veloppement humain: (i) l&rsquo;am\u00e9lioration du cadre de vie par l&rsquo;offre de logements, l&rsquo;acc\u00e8s aux \u00e9nergies et \u00e0 l&rsquo;eau, et la pr\u00e9servation de l&rsquo;environnement, (ii) l&rsquo;am\u00e9lioration du syst\u00e8me national d&rsquo;enseignement et de formation et la valorisation de la recherche scientifique, (iii) et la modernisation du syst\u00e8me national de sant\u00e9.<\/p>\n<p>&#013;<\/p>\n<p class=\"MsoNoSpacing\">&#8211; Au plan social: (i) la pr\u00e9servation du syst\u00e8me national de s\u00e9curit\u00e9\u00a0 sociale et de retraite, (ii) la promotion de l&#8217;emploi, (iii) le renforcement des m\u00e9canismes de solidarit\u00e9 nationale, (iv) et la poursuite de la prise en charge des cat\u00e9gories sociales aux besoins sp\u00e9cifiques.<\/p>\n<p>&#013;<\/p>\n<p class=\"MsoNoSpacing\">Intervenant apr\u00e8s l&rsquo;adoption du plan d&rsquo;action du Gouvernement par le\u00a0 Conseil des ministres, Monsieur le pr\u00e9sident de la R\u00e9publique a relev\u00e9 que la crise des prix du p\u00e9trole s&rsquo;installe dans la dur\u00e9e et nous impose des d\u00e9fis majeurs exigeant notamment la dynamisation des r\u00e9formes \u00e0 mettre en place.<\/p>\n<p>&#013;<\/p>\n<p class=\"MsoNoSpacing\">Dans ce contexte, le chef de l&rsquo;Etat a soulign\u00e9 la n\u00e9cessit\u00e9 de poursuivre\u00a0 la mise en oeuvre de la politique de rationalisation budg\u00e9taire adopt\u00e9e l&rsquo;ann\u00e9e derni\u00e8re pour redresser les finances publiques \u00e0 l&rsquo;horizon 2019.<\/p>\n<p>&#013;<\/p>\n<p class=\"MsoNoSpacing\">En outre, et pour ne pas trop impacter les programmes publics d&rsquo;investissements, le pr\u00e9sident Abdelaziz Bouteflika a invit\u00e9 le Gouvernement \u00e0 promouvoir des financements internes non conventionnels qui pourraient \u00eatre mobilis\u00e9s pendant quelques ann\u00e9es de transition financi\u00e8re.<\/p>\n<p>&#013;<\/p>\n<p class=\"MsoNoSpacing\">Insistant sur la n\u00e9cessit\u00e9 de pr\u00e9server la souverainet\u00e9 \u00e9conomique du pays, le pr\u00e9sident de la R\u00e9publique a instruit le Gouvernement d&rsquo;\u00e9viter le recours \u00e0 l&rsquo;endettement ext\u00e9rieur et de contenir davantage encore le volume des importations de biens et de services \u00e0 l&rsquo;effet de pr\u00e9server les\u00a0 r\u00e9serves de changes du pays.<\/p>\n<p>&#013;<\/p>\n<p class=\"MsoNoSpacing\">Le chef de l&rsquo;Etat a \u00e9galement charg\u00e9 le Gouvernement de poursuivre la mise en place du nouveau mod\u00e8le de croissance adopt\u00e9 l&rsquo;ann\u00e9e derni\u00e8re par le Conseil des ministres, y compris son volet de r\u00e9formes pour l&rsquo;am\u00e9lioration de l&rsquo;environnement de l&rsquo;investissement, et la modernisation du syst\u00e8me fiscal, des banques publiques et du march\u00e9 financier.<\/p>\n<p>&#013;<\/p>\n<p class=\"MsoNoSpacing\">Parall\u00e8lement, le pr\u00e9sident Abdelaziz Bouteflika a invit\u00e9 le Gouvernement \u00e0 valoriser davantage toutes les ressources et richesses dont dispose le\u00a0 pays, y compris les hydrocarbures fossiles conventionnels et non conventionnels ainsi que les \u00e9nergies renouvelables.<\/p>\n<p>&#013;<\/p>\n<p class=\"MsoNoSpacing\">Rappelant la nature irr\u00e9vocable des choix nationaux en mati\u00e8re de justice sociale et de solidarit\u00e9 nationale, le pr\u00e9sident de la R\u00e9publique a\u00a0 \u00e9galement charg\u00e9 le Gouvernement de travailler \u00e0 une plus grande rationalisation de cette politique sociale, y compris par un meilleur ciblage des subventions publiques.<\/p>\n<p>&#013;<\/p>\n<p class=\"MsoNoSpacing\">Enfin, le chef de l&rsquo;Etat a appel\u00e9 le Gouvernement \u00e0 une solidarit\u00e9 totale dans l&rsquo;action gouvernementale, \u00e0 une politique efficace de communication en direction de l&rsquo;opinion publique, et une concertation continue avec ses partenaires \u00e9conomiques et sociaux.<\/p>\n<p>&#013;<\/p>\n<p>\u00a0<\/p>\n<p>&#013;<\/p>\n<p class=\"MsoNoSpacing\">Le Conseil des ministres a conclu ses travaux par l&rsquo;examen et adoption de d\u00e9cisions individuelles de nomination et de fin de fonction \u00e0 des fonctions sup\u00e9rieures de l&rsquo;Etat\u00a0\u00bb.<\/p>\n<\/div>\n<p>&#013;<br \/>\nSource: <a href=\"http:\/\/www.aps.dz\/algerie\/58913-reunion-du-conseil-des-ministres-communique-integral\" target=\"_blank\">R\u00e9union du Conseil des ministres (communiqu\u00e9 int\u00e9gral)  \u00a0<\/a><\/p>\n<!--CusAds0-->\n<div style=\"font-size: 0px; height: 0px; line-height: 0px; margin: 0; padding: 0; clear: both;\"><\/div>","protected":false},"excerpt":{"rendered":"<p>ALGER- Le pr\u00e9sident de la R\u00e9publique, M. Abdelaziz\u00a0 Bouteflika, a pr\u00e9sid\u00e9 mercredi \u00e0 Alger une r\u00e9union du Conseil des\u00a0 ministres, indique un communiqu\u00e9 de la pr\u00e9sidence de la R\u00e9publique dont\u00a0 voici le texte int\u00e9gral. &#013; &#013; \u00ab\u00a0Son Excellence, Monsieur Abdelaziz Bouteflika, pr\u00e9sident de la\u00a0 R\u00e9publique, a pr\u00e9sid\u00e9 ce mercredi 14 juin 2017, correspondant au 19\u00a0<\/p>\n","protected":false},"author":6,"featured_media":13221,"comment_status":"open","ping_status":"open","sticky":false,"template":"","format":"standard","meta":{"footnotes":""},"categories":[22],"tags":[93],"class_list":["post-13220","post","type-post","status-publish","format-standard","has-post-thumbnail","hentry","category-infos","tag-onu"],"yoast_head":"<!-- This site is optimized with the Yoast SEO plugin v27.5 - https:\/\/yoast.com\/product\/yoast-seo-wordpress\/ -->\n<title>R\u00e9union du Conseil des ministres (communiqu\u00e9 int\u00e9gral) \u00a0 - info algerie<\/title>\n<meta name=\"robots\" content=\"index, follow, max-snippet:-1, max-image-preview:large, max-video-preview:-1\" \/>\n<link rel=\"canonical\" href=\"https:\/\/www.info-algerie.com\/actualites\/reunion-du-conseil-des-ministres-communique-integral\/\" \/>\n<meta property=\"og:locale\" content=\"fr_FR\" \/>\n<meta property=\"og:type\" content=\"article\" \/>\n<meta property=\"og:title\" content=\"R\u00e9union du Conseil des ministres (communiqu\u00e9 int\u00e9gral) \u00a0 - info algerie\" \/>\n<meta property=\"og:description\" content=\"ALGER- Le pr\u00e9sident de la R\u00e9publique, M. Abdelaziz\u00a0 Bouteflika, a pr\u00e9sid\u00e9 mercredi \u00e0 Alger une r\u00e9union du Conseil des\u00a0 ministres, indique un communiqu\u00e9 de la pr\u00e9sidence de la R\u00e9publique dont\u00a0 voici le texte int\u00e9gral. &#013; &#013; \u00ab\u00a0Son Excellence, Monsieur Abdelaziz Bouteflika, pr\u00e9sident de la\u00a0 R\u00e9publique, a pr\u00e9sid\u00e9 ce mercredi 14 juin 2017, correspondant au 19\u00a0\" \/>\n<meta property=\"og:url\" content=\"https:\/\/www.info-algerie.com\/actualites\/reunion-du-conseil-des-ministres-communique-integral\/\" \/>\n<meta property=\"og:site_name\" content=\"info algerie\" \/>\n<meta property=\"article:publisher\" content=\"https:\/\/www.facebook.com\/infoalgerieactu\" \/>\n<meta property=\"article:published_time\" content=\"2017-06-14T16:32:17+00:00\" \/>\n<meta property=\"og:image\" content=\"https:\/\/www.info-algerie.com\/actualites\/wp-content\/uploads\/2017\/06\/f909790da4916ce488152b811947aa9c_S-1.jpg\" \/>\n\t<meta property=\"og:image:width\" content=\"280\" \/>\n\t<meta property=\"og:image:height\" content=\"186\" \/>\n\t<meta property=\"og:image:type\" content=\"image\/jpeg\" \/>\n<meta name=\"author\" content=\"La r\u00e9daction\" \/>\n<meta name=\"twitter:label1\" content=\"\u00c9crit par\" \/>\n\t<meta name=\"twitter:data1\" content=\"La r\u00e9daction\" \/>\n\t<meta name=\"twitter:label2\" content=\"Dur\u00e9e de lecture estim\u00e9e\" \/>\n\t<meta name=\"twitter:data2\" content=\"4 minutes\" \/>\n<script type=\"application\/ld+json\" class=\"yoast-schema-graph\">{\"@context\":\"https:\\\/\\\/schema.org\",\"@graph\":[{\"@type\":\"Article\",\"@id\":\"https:\\\/\\\/www.info-algerie.com\\\/actualites\\\/reunion-du-conseil-des-ministres-communique-integral\\\/#article\",\"isPartOf\":{\"@id\":\"https:\\\/\\\/www.info-algerie.com\\\/actualites\\\/reunion-du-conseil-des-ministres-communique-integral\\\/\"},\"author\":{\"name\":\"La r\u00e9daction\",\"@id\":\"https:\\\/\\\/www.info-algerie.com\\\/actualites\\\/#\\\/schema\\\/person\\\/847aaec44920825b843a08f30ec6aa1e\"},\"headline\":\"R\u00e9union du Conseil des ministres (communiqu\u00e9 int\u00e9gral) \u00a0\",\"datePublished\":\"2017-06-14T16:32:17+00:00\",\"mainEntityOfPage\":{\"@id\":\"https:\\\/\\\/www.info-algerie.com\\\/actualites\\\/reunion-du-conseil-des-ministres-communique-integral\\\/\"},\"wordCount\":848,\"commentCount\":0,\"publisher\":{\"@id\":\"https:\\\/\\\/www.info-algerie.com\\\/actualites\\\/#organization\"},\"image\":{\"@id\":\"https:\\\/\\\/www.info-algerie.com\\\/actualites\\\/reunion-du-conseil-des-ministres-communique-integral\\\/#primaryimage\"},\"thumbnailUrl\":\"https:\\\/\\\/www.info-algerie.com\\\/actualites\\\/wp-content\\\/uploads\\\/2017\\\/06\\\/f909790da4916ce488152b811947aa9c_S-1.jpg\",\"keywords\":[\"ONU\"],\"articleSection\":[\"infos\"],\"inLanguage\":\"fr-FR\",\"potentialAction\":[{\"@type\":\"CommentAction\",\"name\":\"Comment\",\"target\":[\"https:\\\/\\\/www.info-algerie.com\\\/actualites\\\/reunion-du-conseil-des-ministres-communique-integral\\\/#respond\"]}]},{\"@type\":\"WebPage\",\"@id\":\"https:\\\/\\\/www.info-algerie.com\\\/actualites\\\/reunion-du-conseil-des-ministres-communique-integral\\\/\",\"url\":\"https:\\\/\\\/www.info-algerie.com\\\/actualites\\\/reunion-du-conseil-des-ministres-communique-integral\\\/\",\"name\":\"R\u00e9union du Conseil des ministres (communiqu\u00e9 int\u00e9gral) \u00a0 - info algerie\",\"isPartOf\":{\"@id\":\"https:\\\/\\\/www.info-algerie.com\\\/actualites\\\/#website\"},\"primaryImageOfPage\":{\"@id\":\"https:\\\/\\\/www.info-algerie.com\\\/actualites\\\/reunion-du-conseil-des-ministres-communique-integral\\\/#primaryimage\"},\"image\":{\"@id\":\"https:\\\/\\\/www.info-algerie.com\\\/actualites\\\/reunion-du-conseil-des-ministres-communique-integral\\\/#primaryimage\"},\"thumbnailUrl\":\"https:\\\/\\\/www.info-algerie.com\\\/actualites\\\/wp-content\\\/uploads\\\/2017\\\/06\\\/f909790da4916ce488152b811947aa9c_S-1.jpg\",\"datePublished\":\"2017-06-14T16:32:17+00:00\",\"breadcrumb\":{\"@id\":\"https:\\\/\\\/www.info-algerie.com\\\/actualites\\\/reunion-du-conseil-des-ministres-communique-integral\\\/#breadcrumb\"},\"inLanguage\":\"fr-FR\",\"potentialAction\":[{\"@type\":\"ReadAction\",\"target\":[\"https:\\\/\\\/www.info-algerie.com\\\/actualites\\\/reunion-du-conseil-des-ministres-communique-integral\\\/\"]}]},{\"@type\":\"ImageObject\",\"inLanguage\":\"fr-FR\",\"@id\":\"https:\\\/\\\/www.info-algerie.com\\\/actualites\\\/reunion-du-conseil-des-ministres-communique-integral\\\/#primaryimage\",\"url\":\"https:\\\/\\\/www.info-algerie.com\\\/actualites\\\/wp-content\\\/uploads\\\/2017\\\/06\\\/f909790da4916ce488152b811947aa9c_S-1.jpg\",\"contentUrl\":\"https:\\\/\\\/www.info-algerie.com\\\/actualites\\\/wp-content\\\/uploads\\\/2017\\\/06\\\/f909790da4916ce488152b811947aa9c_S-1.jpg\",\"width\":280,\"height\":186},{\"@type\":\"BreadcrumbList\",\"@id\":\"https:\\\/\\\/www.info-algerie.com\\\/actualites\\\/reunion-du-conseil-des-ministres-communique-integral\\\/#breadcrumb\",\"itemListElement\":[{\"@type\":\"ListItem\",\"position\":1,\"name\":\"Accueil\",\"item\":\"https:\\\/\\\/www.info-algerie.com\\\/actualites\\\/\"},{\"@type\":\"ListItem\",\"position\":2,\"name\":\"R\u00e9union du Conseil des ministres (communiqu\u00e9 int\u00e9gral) \u00a0\"}]},{\"@type\":\"WebSite\",\"@id\":\"https:\\\/\\\/www.info-algerie.com\\\/actualites\\\/#website\",\"url\":\"https:\\\/\\\/www.info-algerie.com\\\/actualites\\\/\",\"name\":\"info algerie\",\"description\":\"Toutes les actualit\u00e9s\",\"publisher\":{\"@id\":\"https:\\\/\\\/www.info-algerie.com\\\/actualites\\\/#organization\"},\"potentialAction\":[{\"@type\":\"SearchAction\",\"target\":{\"@type\":\"EntryPoint\",\"urlTemplate\":\"https:\\\/\\\/www.info-algerie.com\\\/actualites\\\/?s={search_term_string}\"},\"query-input\":{\"@type\":\"PropertyValueSpecification\",\"valueRequired\":true,\"valueName\":\"search_term_string\"}}],\"inLanguage\":\"fr-FR\"},{\"@type\":\"Organization\",\"@id\":\"https:\\\/\\\/www.info-algerie.com\\\/actualites\\\/#organization\",\"name\":\"info algerie\",\"url\":\"https:\\\/\\\/www.info-algerie.com\\\/actualites\\\/\",\"logo\":{\"@type\":\"ImageObject\",\"inLanguage\":\"fr-FR\",\"@id\":\"https:\\\/\\\/www.info-algerie.com\\\/actualites\\\/#\\\/schema\\\/logo\\\/image\\\/\",\"url\":\"https:\\\/\\\/www.info-algerie.com\\\/actualites\\\/wp-content\\\/uploads\\\/2022\\\/07\\\/logo-ia-120.png\",\"contentUrl\":\"https:\\\/\\\/www.info-algerie.com\\\/actualites\\\/wp-content\\\/uploads\\\/2022\\\/07\\\/logo-ia-120.png\",\"width\":120,\"height\":43,\"caption\":\"info algerie\"},\"image\":{\"@id\":\"https:\\\/\\\/www.info-algerie.com\\\/actualites\\\/#\\\/schema\\\/logo\\\/image\\\/\"},\"sameAs\":[\"https:\\\/\\\/www.facebook.com\\\/infoalgerieactu\",\"https:\\\/\\\/x.com\\\/infoalgerie1\"]},{\"@type\":\"Person\",\"@id\":\"https:\\\/\\\/www.info-algerie.com\\\/actualites\\\/#\\\/schema\\\/person\\\/847aaec44920825b843a08f30ec6aa1e\",\"name\":\"La r\u00e9daction\",\"image\":{\"@type\":\"ImageObject\",\"inLanguage\":\"fr-FR\",\"@id\":\"https:\\\/\\\/secure.gravatar.com\\\/avatar\\\/769db425c6f465158149f1ffd6cf61ce7a8a879d11dfbef8288af36dfddd418c?s=96&d=mm&r=g\",\"url\":\"https:\\\/\\\/secure.gravatar.com\\\/avatar\\\/769db425c6f465158149f1ffd6cf61ce7a8a879d11dfbef8288af36dfddd418c?s=96&d=mm&r=g\",\"contentUrl\":\"https:\\\/\\\/secure.gravatar.com\\\/avatar\\\/769db425c6f465158149f1ffd6cf61ce7a8a879d11dfbef8288af36dfddd418c?s=96&d=mm&r=g\",\"caption\":\"La r\u00e9daction\"},\"sameAs\":[\"http:\\\/\\\/www.lkeria.com\\\/\"],\"url\":\"https:\\\/\\\/www.info-algerie.com\\\/actualites\\\/author\\\/chakib32\\\/\"}]}<\/script>\n<!-- \/ Yoast SEO plugin. -->","yoast_head_json":{"title":"R\u00e9union du Conseil des ministres (communiqu\u00e9 int\u00e9gral) \u00a0 - info algerie","robots":{"index":"index","follow":"follow","max-snippet":"max-snippet:-1","max-image-preview":"max-image-preview:large","max-video-preview":"max-video-preview:-1"},"canonical":"https:\/\/www.info-algerie.com\/actualites\/reunion-du-conseil-des-ministres-communique-integral\/","og_locale":"fr_FR","og_type":"article","og_title":"R\u00e9union du Conseil des ministres (communiqu\u00e9 int\u00e9gral) \u00a0 - info algerie","og_description":"ALGER- Le pr\u00e9sident de la R\u00e9publique, M. Abdelaziz\u00a0 Bouteflika, a pr\u00e9sid\u00e9 mercredi \u00e0 Alger une r\u00e9union du Conseil des\u00a0 ministres, indique un communiqu\u00e9 de la pr\u00e9sidence de la R\u00e9publique dont\u00a0 voici le texte int\u00e9gral. &#013; &#013; \u00ab\u00a0Son Excellence, Monsieur Abdelaziz Bouteflika, pr\u00e9sident de la\u00a0 R\u00e9publique, a pr\u00e9sid\u00e9 ce mercredi 14 juin 2017, correspondant au 19\u00a0","og_url":"https:\/\/www.info-algerie.com\/actualites\/reunion-du-conseil-des-ministres-communique-integral\/","og_site_name":"info algerie","article_publisher":"https:\/\/www.facebook.com\/infoalgerieactu","article_published_time":"2017-06-14T16:32:17+00:00","og_image":[{"width":280,"height":186,"url":"https:\/\/www.info-algerie.com\/actualites\/wp-content\/uploads\/2017\/06\/f909790da4916ce488152b811947aa9c_S-1.jpg","type":"image\/jpeg"}],"author":"La r\u00e9daction","twitter_misc":{"\u00c9crit par":"La r\u00e9daction","Dur\u00e9e de lecture estim\u00e9e":"4 minutes"},"schema":{"@context":"https:\/\/schema.org","@graph":[{"@type":"Article","@id":"https:\/\/www.info-algerie.com\/actualites\/reunion-du-conseil-des-ministres-communique-integral\/#article","isPartOf":{"@id":"https:\/\/www.info-algerie.com\/actualites\/reunion-du-conseil-des-ministres-communique-integral\/"},"author":{"name":"La r\u00e9daction","@id":"https:\/\/www.info-algerie.com\/actualites\/#\/schema\/person\/847aaec44920825b843a08f30ec6aa1e"},"headline":"R\u00e9union du Conseil des ministres (communiqu\u00e9 int\u00e9gral) \u00a0","datePublished":"2017-06-14T16:32:17+00:00","mainEntityOfPage":{"@id":"https:\/\/www.info-algerie.com\/actualites\/reunion-du-conseil-des-ministres-communique-integral\/"},"wordCount":848,"commentCount":0,"publisher":{"@id":"https:\/\/www.info-algerie.com\/actualites\/#organization"},"image":{"@id":"https:\/\/www.info-algerie.com\/actualites\/reunion-du-conseil-des-ministres-communique-integral\/#primaryimage"},"thumbnailUrl":"https:\/\/www.info-algerie.com\/actualites\/wp-content\/uploads\/2017\/06\/f909790da4916ce488152b811947aa9c_S-1.jpg","keywords":["ONU"],"articleSection":["infos"],"inLanguage":"fr-FR","potentialAction":[{"@type":"CommentAction","name":"Comment","target":["https:\/\/www.info-algerie.com\/actualites\/reunion-du-conseil-des-ministres-communique-integral\/#respond"]}]},{"@type":"WebPage","@id":"https:\/\/www.info-algerie.com\/actualites\/reunion-du-conseil-des-ministres-communique-integral\/","url":"https:\/\/www.info-algerie.com\/actualites\/reunion-du-conseil-des-ministres-communique-integral\/","name":"R\u00e9union du Conseil des ministres (communiqu\u00e9 int\u00e9gral) \u00a0 - info algerie","isPartOf":{"@id":"https:\/\/www.info-algerie.com\/actualites\/#website"},"primaryImageOfPage":{"@id":"https:\/\/www.info-algerie.com\/actualites\/reunion-du-conseil-des-ministres-communique-integral\/#primaryimage"},"image":{"@id":"https:\/\/www.info-algerie.com\/actualites\/reunion-du-conseil-des-ministres-communique-integral\/#primaryimage"},"thumbnailUrl":"https:\/\/www.info-algerie.com\/actualites\/wp-content\/uploads\/2017\/06\/f909790da4916ce488152b811947aa9c_S-1.jpg","datePublished":"2017-06-14T16:32:17+00:00","breadcrumb":{"@id":"https:\/\/www.info-algerie.com\/actualites\/reunion-du-conseil-des-ministres-communique-integral\/#breadcrumb"},"inLanguage":"fr-FR","potentialAction":[{"@type":"ReadAction","target":["https:\/\/www.info-algerie.com\/actualites\/reunion-du-conseil-des-ministres-communique-integral\/"]}]},{"@type":"ImageObject","inLanguage":"fr-FR","@id":"https:\/\/www.info-algerie.com\/actualites\/reunion-du-conseil-des-ministres-communique-integral\/#primaryimage","url":"https:\/\/www.info-algerie.com\/actualites\/wp-content\/uploads\/2017\/06\/f909790da4916ce488152b811947aa9c_S-1.jpg","contentUrl":"https:\/\/www.info-algerie.com\/actualites\/wp-content\/uploads\/2017\/06\/f909790da4916ce488152b811947aa9c_S-1.jpg","width":280,"height":186},{"@type":"BreadcrumbList","@id":"https:\/\/www.info-algerie.com\/actualites\/reunion-du-conseil-des-ministres-communique-integral\/#breadcrumb","itemListElement":[{"@type":"ListItem","position":1,"name":"Accueil","item":"https:\/\/www.info-algerie.com\/actualites\/"},{"@type":"ListItem","position":2,"name":"R\u00e9union du Conseil des ministres (communiqu\u00e9 int\u00e9gral) \u00a0"}]},{"@type":"WebSite","@id":"https:\/\/www.info-algerie.com\/actualites\/#website","url":"https:\/\/www.info-algerie.com\/actualites\/","name":"info algerie","description":"Toutes les actualit\u00e9s","publisher":{"@id":"https:\/\/www.info-algerie.com\/actualites\/#organization"},"potentialAction":[{"@type":"SearchAction","target":{"@type":"EntryPoint","urlTemplate":"https:\/\/www.info-algerie.com\/actualites\/?s={search_term_string}"},"query-input":{"@type":"PropertyValueSpecification","valueRequired":true,"valueName":"search_term_string"}}],"inLanguage":"fr-FR"},{"@type":"Organization","@id":"https:\/\/www.info-algerie.com\/actualites\/#organization","name":"info algerie","url":"https:\/\/www.info-algerie.com\/actualites\/","logo":{"@type":"ImageObject","inLanguage":"fr-FR","@id":"https:\/\/www.info-algerie.com\/actualites\/#\/schema\/logo\/image\/","url":"https:\/\/www.info-algerie.com\/actualites\/wp-content\/uploads\/2022\/07\/logo-ia-120.png","contentUrl":"https:\/\/www.info-algerie.com\/actualites\/wp-content\/uploads\/2022\/07\/logo-ia-120.png","width":120,"height":43,"caption":"info algerie"},"image":{"@id":"https:\/\/www.info-algerie.com\/actualites\/#\/schema\/logo\/image\/"},"sameAs":["https:\/\/www.facebook.com\/infoalgerieactu","https:\/\/x.com\/infoalgerie1"]},{"@type":"Person","@id":"https:\/\/www.info-algerie.com\/actualites\/#\/schema\/person\/847aaec44920825b843a08f30ec6aa1e","name":"La r\u00e9daction","image":{"@type":"ImageObject","inLanguage":"fr-FR","@id":"https:\/\/secure.gravatar.com\/avatar\/769db425c6f465158149f1ffd6cf61ce7a8a879d11dfbef8288af36dfddd418c?s=96&d=mm&r=g","url":"https:\/\/secure.gravatar.com\/avatar\/769db425c6f465158149f1ffd6cf61ce7a8a879d11dfbef8288af36dfddd418c?s=96&d=mm&r=g","contentUrl":"https:\/\/secure.gravatar.com\/avatar\/769db425c6f465158149f1ffd6cf61ce7a8a879d11dfbef8288af36dfddd418c?s=96&d=mm&r=g","caption":"La r\u00e9daction"},"sameAs":["http:\/\/www.lkeria.com\/"],"url":"https:\/\/www.info-algerie.com\/actualites\/author\/chakib32\/"}]}},"_links":{"self":[{"href":"https:\/\/www.info-algerie.com\/actualites\/wp-json\/wp\/v2\/posts\/13220","targetHints":{"allow":["GET"]}}],"collection":[{"href":"https:\/\/www.info-algerie.com\/actualites\/wp-json\/wp\/v2\/posts"}],"about":[{"href":"https:\/\/www.info-algerie.com\/actualites\/wp-json\/wp\/v2\/types\/post"}],"author":[{"embeddable":true,"href":"https:\/\/www.info-algerie.com\/actualites\/wp-json\/wp\/v2\/users\/6"}],"replies":[{"embeddable":true,"href":"https:\/\/www.info-algerie.com\/actualites\/wp-json\/wp\/v2\/comments?post=13220"}],"version-history":[{"count":0,"href":"https:\/\/www.info-algerie.com\/actualites\/wp-json\/wp\/v2\/posts\/13220\/revisions"}],"wp:featuredmedia":[{"embeddable":true,"href":"https:\/\/www.info-algerie.com\/actualites\/wp-json\/wp\/v2\/media\/13221"}],"wp:attachment":[{"href":"https:\/\/www.info-algerie.com\/actualites\/wp-json\/wp\/v2\/media?parent=13220"}],"wp:term":[{"taxonomy":"category","embeddable":true,"href":"https:\/\/www.info-algerie.com\/actualites\/wp-json\/wp\/v2\/categories?post=13220"},{"taxonomy":"post_tag","embeddable":true,"href":"https:\/\/www.info-algerie.com\/actualites\/wp-json\/wp\/v2\/tags?post=13220"}],"curies":[{"name":"wp","href":"https:\/\/api.w.org\/{rel}","templated":true}]}}