{"id":13223,"date":"2017-06-14T17:16:29","date_gmt":"2017-06-14T16:16:29","guid":{"rendered":"http:\/\/www.info-algerie.com\/actualites\/le-conseil-des-ministres-adopte-le-plan-daction-du-gouvernement\/"},"modified":"2017-06-14T17:16:29","modified_gmt":"2017-06-14T16:16:29","slug":"le-conseil-des-ministres-adopte-le-plan-daction-du-gouvernement","status":"publish","type":"post","link":"https:\/\/www.info-algerie.com\/actualites\/le-conseil-des-ministres-adopte-le-plan-daction-du-gouvernement\/","title":{"rendered":"Le Conseil des ministres adopte le plan d&#039;action du gouvernement"},"content":{"rendered":"<div class=\"K2FeedImage\"><img decoding=\"async\" src=\"https:\/\/www.info-algerie.com\/actualites\/wp-content\/uploads\/2017\/06\/5a185c957c16ac10ca40d76767609c92_S.jpg\" alt=\"Le Conseil des ministres adopte le plan d'action du gouvernement\" \/><\/div>\n<div class=\"K2FeedIntroText\">\n<p>ALGER- Le Conseil des ministres, r\u00e9uni mercredi \u00e0 Alger sous la pr\u00e9sidence du pr\u00e9sident de la R\u00e9publique, Abdelaziz Bouteflika, a examin\u00e9 et adopt\u00e9 le Plan d&rsquo;action du gouvernement de M. Abdelmadjid Tebounne.<\/p>\n<p>&#013;\n<\/p><\/div>\n<div class=\"K2FeedFullText\">&#013;<\/p>\n<p>Ce Plan d&rsquo;action qui sera pr\u00e9sent\u00e9 prochainement devant l&rsquo;Assembl\u00e9e populaire nationale (APN), s&rsquo;inscrit dans la continuation de la mise en \u0153uvre du programme du pr\u00e9sident de la R\u00e9publique, indique un communiqu\u00e9 de la pr\u00e9sidence de la R\u00e9publique.<\/p>\n<p>&#013;<\/p>\n<p>Il s&rsquo;articule notamment autour du renforcement de l&rsquo;Etat de droit, des libert\u00e9s et de la d\u00e9mocratie, ainsi que la consolidation de la bonne gouvernance, la promotion de l&rsquo;identit\u00e9 nationale et la pr\u00e9servation de la m\u00e9moire.<\/p>\n<p>&#013;<\/p>\n<p>Concernant les volets \u00e9conomiques et financiers, la modernisation des finances publiques et du syst\u00e8me bancaire, l&rsquo;assainissement de la sph\u00e8re \u00e9conomique et la promotion de l&rsquo;investissement et la valorisation de toutes les richesses du pays, figurent parmi les axes de ce Plan d&rsquo;action.<\/p>\n<p>&#013;<\/p>\n<p>L&rsquo;am\u00e9lioration du cadre de vie par l&rsquo;offre de logements, l&rsquo;acc\u00e8s aux \u00e9nergies et \u00e0 l&rsquo;eau, et la pr\u00e9servation de l&rsquo;environnement, l&rsquo;am\u00e9lioration du syst\u00e8me national d&rsquo;enseignement et de formation et la valorisation de la recherche scientifique et la modernisation du syst\u00e8me national de sant\u00e9, constituent aussi des priorit\u00e9s pour le gouvernement du nouveau Premier ministre, Abdelmadjid Tebboune.<\/p>\n<p>&#013;<\/p>\n<p>Au plan social, le Plan d&rsquo;action met l&rsquo;accent sur la pr\u00e9servation du syst\u00e8me national de s\u00e9curit\u00e9 sociale et de retraite, la promotion de l&#8217;emploi, le renforcement des m\u00e9canismes de solidarit\u00e9 nationale, ainsi que la poursuite de la prise en charge des cat\u00e9gories sociales aux besoins sp\u00e9cifiques.<\/p>\n<p>&#013;<\/p>\n<p>A l&rsquo;occasion de la r\u00e9union du Conseil des ministres, le chef de l&rsquo;Etat a f\u00e9licit\u00e9 les membres du Gouvernement pour la confiance dont ils sont investis avant de prendre la traditionnelle photo de famille.<\/p>\n<\/div>\n<p>&#013;<br \/>\nSource: <a href=\"http:\/\/www.aps.dz\/algerie\/58911-le-conseil-des-ministres-adopte-le-plan-d-action-du-gouvernement\" target=\"_blank\">Le Conseil des ministres adopte le plan d&rsquo;action du gouvernement<\/a><\/p>\n<!--CusAds0-->\n<div style=\"font-size: 0px; height: 0px; line-height: 0px; margin: 0; padding: 0; clear: both;\"><\/div>","protected":false},"excerpt":{"rendered":"<p>ALGER- Le Conseil des ministres, r\u00e9uni mercredi \u00e0 Alger sous la pr\u00e9sidence du pr\u00e9sident de la R\u00e9publique, Abdelaziz Bouteflika, a examin\u00e9 et adopt\u00e9 le Plan d&rsquo;action du gouvernement de M. Abdelmadjid Tebounne. &#013; &#013; Ce Plan d&rsquo;action qui sera pr\u00e9sent\u00e9 prochainement devant l&rsquo;Assembl\u00e9e populaire nationale (APN), s&rsquo;inscrit dans la continuation de la mise en \u0153uvre<\/p>\n","protected":false},"author":6,"featured_media":13224,"comment_status":"open","ping_status":"open","sticky":false,"template":"","format":"standard","meta":{"footnotes":""},"categories":[22],"tags":[93],"class_list":["post-13223","post","type-post","status-publish","format-standard","has-post-thumbnail","hentry","category-infos","tag-onu"],"yoast_head":"<!-- This site is optimized with the Yoast SEO plugin v27.5 - https:\/\/yoast.com\/product\/yoast-seo-wordpress\/ -->\n<title>Le Conseil des ministres adopte le plan d&#039;action du gouvernement - info algerie<\/title>\n<meta name=\"robots\" content=\"index, follow, max-snippet:-1, max-image-preview:large, max-video-preview:-1\" \/>\n<link rel=\"canonical\" href=\"https:\/\/www.info-algerie.com\/actualites\/le-conseil-des-ministres-adopte-le-plan-daction-du-gouvernement\/\" \/>\n<meta property=\"og:locale\" content=\"fr_FR\" \/>\n<meta property=\"og:type\" content=\"article\" \/>\n<meta property=\"og:title\" content=\"Le Conseil des ministres adopte le plan d&#039;action du gouvernement - info algerie\" \/>\n<meta property=\"og:description\" content=\"ALGER- Le Conseil des ministres, r\u00e9uni mercredi \u00e0 Alger sous la pr\u00e9sidence du pr\u00e9sident de la R\u00e9publique, Abdelaziz Bouteflika, a examin\u00e9 et adopt\u00e9 le Plan d&rsquo;action du gouvernement de M. Abdelmadjid Tebounne. &#013; &#013; Ce Plan d&rsquo;action qui sera pr\u00e9sent\u00e9 prochainement devant l&rsquo;Assembl\u00e9e populaire nationale (APN), s&rsquo;inscrit dans la continuation de la mise en \u0153uvre\" \/>\n<meta property=\"og:url\" content=\"https:\/\/www.info-algerie.com\/actualites\/le-conseil-des-ministres-adopte-le-plan-daction-du-gouvernement\/\" \/>\n<meta property=\"og:site_name\" content=\"info algerie\" \/>\n<meta property=\"article:publisher\" content=\"https:\/\/www.facebook.com\/infoalgerieactu\" \/>\n<meta property=\"article:published_time\" content=\"2017-06-14T16:16:29+00:00\" \/>\n<meta property=\"og:image\" content=\"https:\/\/www.info-algerie.com\/actualites\/wp-content\/uploads\/2017\/06\/5a185c957c16ac10ca40d76767609c92_S-1.jpg\" \/>\n\t<meta property=\"og:image:width\" content=\"280\" \/>\n\t<meta property=\"og:image:height\" content=\"187\" \/>\n\t<meta property=\"og:image:type\" content=\"image\/jpeg\" \/>\n<meta name=\"author\" content=\"La r\u00e9daction\" \/>\n<meta name=\"twitter:label1\" content=\"\u00c9crit par\" \/>\n\t<meta name=\"twitter:data1\" content=\"La r\u00e9daction\" \/>\n\t<meta name=\"twitter:label2\" content=\"Dur\u00e9e de lecture estim\u00e9e\" \/>\n\t<meta name=\"twitter:data2\" content=\"2 minutes\" \/>\n<script type=\"application\/ld+json\" class=\"yoast-schema-graph\">{\"@context\":\"https:\\\/\\\/schema.org\",\"@graph\":[{\"@type\":\"Article\",\"@id\":\"https:\\\/\\\/www.info-algerie.com\\\/actualites\\\/le-conseil-des-ministres-adopte-le-plan-daction-du-gouvernement\\\/#article\",\"isPartOf\":{\"@id\":\"https:\\\/\\\/www.info-algerie.com\\\/actualites\\\/le-conseil-des-ministres-adopte-le-plan-daction-du-gouvernement\\\/\"},\"author\":{\"name\":\"La r\u00e9daction\",\"@id\":\"https:\\\/\\\/www.info-algerie.com\\\/actualites\\\/#\\\/schema\\\/person\\\/847aaec44920825b843a08f30ec6aa1e\"},\"headline\":\"Le Conseil des ministres adopte le plan d&#039;action du gouvernement\",\"datePublished\":\"2017-06-14T16:16:29+00:00\",\"mainEntityOfPage\":{\"@id\":\"https:\\\/\\\/www.info-algerie.com\\\/actualites\\\/le-conseil-des-ministres-adopte-le-plan-daction-du-gouvernement\\\/\"},\"wordCount\":356,\"commentCount\":0,\"publisher\":{\"@id\":\"https:\\\/\\\/www.info-algerie.com\\\/actualites\\\/#organization\"},\"image\":{\"@id\":\"https:\\\/\\\/www.info-algerie.com\\\/actualites\\\/le-conseil-des-ministres-adopte-le-plan-daction-du-gouvernement\\\/#primaryimage\"},\"thumbnailUrl\":\"https:\\\/\\\/www.info-algerie.com\\\/actualites\\\/wp-content\\\/uploads\\\/2017\\\/06\\\/5a185c957c16ac10ca40d76767609c92_S-1.jpg\",\"keywords\":[\"ONU\"],\"articleSection\":[\"infos\"],\"inLanguage\":\"fr-FR\",\"potentialAction\":[{\"@type\":\"CommentAction\",\"name\":\"Comment\",\"target\":[\"https:\\\/\\\/www.info-algerie.com\\\/actualites\\\/le-conseil-des-ministres-adopte-le-plan-daction-du-gouvernement\\\/#respond\"]}]},{\"@type\":\"WebPage\",\"@id\":\"https:\\\/\\\/www.info-algerie.com\\\/actualites\\\/le-conseil-des-ministres-adopte-le-plan-daction-du-gouvernement\\\/\",\"url\":\"https:\\\/\\\/www.info-algerie.com\\\/actualites\\\/le-conseil-des-ministres-adopte-le-plan-daction-du-gouvernement\\\/\",\"name\":\"Le Conseil des ministres adopte le plan d&#039;action du gouvernement - info algerie\",\"isPartOf\":{\"@id\":\"https:\\\/\\\/www.info-algerie.com\\\/actualites\\\/#website\"},\"primaryImageOfPage\":{\"@id\":\"https:\\\/\\\/www.info-algerie.com\\\/actualites\\\/le-conseil-des-ministres-adopte-le-plan-daction-du-gouvernement\\\/#primaryimage\"},\"image\":{\"@id\":\"https:\\\/\\\/www.info-algerie.com\\\/actualites\\\/le-conseil-des-ministres-adopte-le-plan-daction-du-gouvernement\\\/#primaryimage\"},\"thumbnailUrl\":\"https:\\\/\\\/www.info-algerie.com\\\/actualites\\\/wp-content\\\/uploads\\\/2017\\\/06\\\/5a185c957c16ac10ca40d76767609c92_S-1.jpg\",\"datePublished\":\"2017-06-14T16:16:29+00:00\",\"breadcrumb\":{\"@id\":\"https:\\\/\\\/www.info-algerie.com\\\/actualites\\\/le-conseil-des-ministres-adopte-le-plan-daction-du-gouvernement\\\/#breadcrumb\"},\"inLanguage\":\"fr-FR\",\"potentialAction\":[{\"@type\":\"ReadAction\",\"target\":[\"https:\\\/\\\/www.info-algerie.com\\\/actualites\\\/le-conseil-des-ministres-adopte-le-plan-daction-du-gouvernement\\\/\"]}]},{\"@type\":\"ImageObject\",\"inLanguage\":\"fr-FR\",\"@id\":\"https:\\\/\\\/www.info-algerie.com\\\/actualites\\\/le-conseil-des-ministres-adopte-le-plan-daction-du-gouvernement\\\/#primaryimage\",\"url\":\"https:\\\/\\\/www.info-algerie.com\\\/actualites\\\/wp-content\\\/uploads\\\/2017\\\/06\\\/5a185c957c16ac10ca40d76767609c92_S-1.jpg\",\"contentUrl\":\"https:\\\/\\\/www.info-algerie.com\\\/actualites\\\/wp-content\\\/uploads\\\/2017\\\/06\\\/5a185c957c16ac10ca40d76767609c92_S-1.jpg\",\"width\":280,\"height\":187},{\"@type\":\"BreadcrumbList\",\"@id\":\"https:\\\/\\\/www.info-algerie.com\\\/actualites\\\/le-conseil-des-ministres-adopte-le-plan-daction-du-gouvernement\\\/#breadcrumb\",\"itemListElement\":[{\"@type\":\"ListItem\",\"position\":1,\"name\":\"Accueil\",\"item\":\"https:\\\/\\\/www.info-algerie.com\\\/actualites\\\/\"},{\"@type\":\"ListItem\",\"position\":2,\"name\":\"Le Conseil des ministres adopte le plan d&#039;action du gouvernement\"}]},{\"@type\":\"WebSite\",\"@id\":\"https:\\\/\\\/www.info-algerie.com\\\/actualites\\\/#website\",\"url\":\"https:\\\/\\\/www.info-algerie.com\\\/actualites\\\/\",\"name\":\"info algerie\",\"description\":\"Toutes les actualit\u00e9s\",\"publisher\":{\"@id\":\"https:\\\/\\\/www.info-algerie.com\\\/actualites\\\/#organization\"},\"potentialAction\":[{\"@type\":\"SearchAction\",\"target\":{\"@type\":\"EntryPoint\",\"urlTemplate\":\"https:\\\/\\\/www.info-algerie.com\\\/actualites\\\/?s={search_term_string}\"},\"query-input\":{\"@type\":\"PropertyValueSpecification\",\"valueRequired\":true,\"valueName\":\"search_term_string\"}}],\"inLanguage\":\"fr-FR\"},{\"@type\":\"Organization\",\"@id\":\"https:\\\/\\\/www.info-algerie.com\\\/actualites\\\/#organization\",\"name\":\"info algerie\",\"url\":\"https:\\\/\\\/www.info-algerie.com\\\/actualites\\\/\",\"logo\":{\"@type\":\"ImageObject\",\"inLanguage\":\"fr-FR\",\"@id\":\"https:\\\/\\\/www.info-algerie.com\\\/actualites\\\/#\\\/schema\\\/logo\\\/image\\\/\",\"url\":\"https:\\\/\\\/www.info-algerie.com\\\/actualites\\\/wp-content\\\/uploads\\\/2022\\\/07\\\/logo-ia-120.png\",\"contentUrl\":\"https:\\\/\\\/www.info-algerie.com\\\/actualites\\\/wp-content\\\/uploads\\\/2022\\\/07\\\/logo-ia-120.png\",\"width\":120,\"height\":43,\"caption\":\"info algerie\"},\"image\":{\"@id\":\"https:\\\/\\\/www.info-algerie.com\\\/actualites\\\/#\\\/schema\\\/logo\\\/image\\\/\"},\"sameAs\":[\"https:\\\/\\\/www.facebook.com\\\/infoalgerieactu\",\"https:\\\/\\\/x.com\\\/infoalgerie1\"]},{\"@type\":\"Person\",\"@id\":\"https:\\\/\\\/www.info-algerie.com\\\/actualites\\\/#\\\/schema\\\/person\\\/847aaec44920825b843a08f30ec6aa1e\",\"name\":\"La r\u00e9daction\",\"image\":{\"@type\":\"ImageObject\",\"inLanguage\":\"fr-FR\",\"@id\":\"https:\\\/\\\/secure.gravatar.com\\\/avatar\\\/769db425c6f465158149f1ffd6cf61ce7a8a879d11dfbef8288af36dfddd418c?s=96&d=mm&r=g\",\"url\":\"https:\\\/\\\/secure.gravatar.com\\\/avatar\\\/769db425c6f465158149f1ffd6cf61ce7a8a879d11dfbef8288af36dfddd418c?s=96&d=mm&r=g\",\"contentUrl\":\"https:\\\/\\\/secure.gravatar.com\\\/avatar\\\/769db425c6f465158149f1ffd6cf61ce7a8a879d11dfbef8288af36dfddd418c?s=96&d=mm&r=g\",\"caption\":\"La r\u00e9daction\"},\"sameAs\":[\"http:\\\/\\\/www.lkeria.com\\\/\"],\"url\":\"https:\\\/\\\/www.info-algerie.com\\\/actualites\\\/author\\\/chakib32\\\/\"}]}<\/script>\n<!-- \/ Yoast SEO plugin. -->","yoast_head_json":{"title":"Le Conseil des ministres adopte le plan d&#039;action du gouvernement - info algerie","robots":{"index":"index","follow":"follow","max-snippet":"max-snippet:-1","max-image-preview":"max-image-preview:large","max-video-preview":"max-video-preview:-1"},"canonical":"https:\/\/www.info-algerie.com\/actualites\/le-conseil-des-ministres-adopte-le-plan-daction-du-gouvernement\/","og_locale":"fr_FR","og_type":"article","og_title":"Le Conseil des ministres adopte le plan d&#039;action du gouvernement - info algerie","og_description":"ALGER- Le Conseil des ministres, r\u00e9uni mercredi \u00e0 Alger sous la pr\u00e9sidence du pr\u00e9sident de la R\u00e9publique, Abdelaziz Bouteflika, a examin\u00e9 et adopt\u00e9 le Plan d&rsquo;action du gouvernement de M. Abdelmadjid Tebounne. &#013; &#013; Ce Plan d&rsquo;action qui sera pr\u00e9sent\u00e9 prochainement devant l&rsquo;Assembl\u00e9e populaire nationale (APN), s&rsquo;inscrit dans la continuation de la mise en \u0153uvre","og_url":"https:\/\/www.info-algerie.com\/actualites\/le-conseil-des-ministres-adopte-le-plan-daction-du-gouvernement\/","og_site_name":"info algerie","article_publisher":"https:\/\/www.facebook.com\/infoalgerieactu","article_published_time":"2017-06-14T16:16:29+00:00","og_image":[{"width":280,"height":187,"url":"https:\/\/www.info-algerie.com\/actualites\/wp-content\/uploads\/2017\/06\/5a185c957c16ac10ca40d76767609c92_S-1.jpg","type":"image\/jpeg"}],"author":"La r\u00e9daction","twitter_misc":{"\u00c9crit par":"La r\u00e9daction","Dur\u00e9e de lecture estim\u00e9e":"2 minutes"},"schema":{"@context":"https:\/\/schema.org","@graph":[{"@type":"Article","@id":"https:\/\/www.info-algerie.com\/actualites\/le-conseil-des-ministres-adopte-le-plan-daction-du-gouvernement\/#article","isPartOf":{"@id":"https:\/\/www.info-algerie.com\/actualites\/le-conseil-des-ministres-adopte-le-plan-daction-du-gouvernement\/"},"author":{"name":"La r\u00e9daction","@id":"https:\/\/www.info-algerie.com\/actualites\/#\/schema\/person\/847aaec44920825b843a08f30ec6aa1e"},"headline":"Le Conseil des ministres adopte le plan d&#039;action du gouvernement","datePublished":"2017-06-14T16:16:29+00:00","mainEntityOfPage":{"@id":"https:\/\/www.info-algerie.com\/actualites\/le-conseil-des-ministres-adopte-le-plan-daction-du-gouvernement\/"},"wordCount":356,"commentCount":0,"publisher":{"@id":"https:\/\/www.info-algerie.com\/actualites\/#organization"},"image":{"@id":"https:\/\/www.info-algerie.com\/actualites\/le-conseil-des-ministres-adopte-le-plan-daction-du-gouvernement\/#primaryimage"},"thumbnailUrl":"https:\/\/www.info-algerie.com\/actualites\/wp-content\/uploads\/2017\/06\/5a185c957c16ac10ca40d76767609c92_S-1.jpg","keywords":["ONU"],"articleSection":["infos"],"inLanguage":"fr-FR","potentialAction":[{"@type":"CommentAction","name":"Comment","target":["https:\/\/www.info-algerie.com\/actualites\/le-conseil-des-ministres-adopte-le-plan-daction-du-gouvernement\/#respond"]}]},{"@type":"WebPage","@id":"https:\/\/www.info-algerie.com\/actualites\/le-conseil-des-ministres-adopte-le-plan-daction-du-gouvernement\/","url":"https:\/\/www.info-algerie.com\/actualites\/le-conseil-des-ministres-adopte-le-plan-daction-du-gouvernement\/","name":"Le Conseil des ministres adopte le plan d&#039;action du gouvernement - info algerie","isPartOf":{"@id":"https:\/\/www.info-algerie.com\/actualites\/#website"},"primaryImageOfPage":{"@id":"https:\/\/www.info-algerie.com\/actualites\/le-conseil-des-ministres-adopte-le-plan-daction-du-gouvernement\/#primaryimage"},"image":{"@id":"https:\/\/www.info-algerie.com\/actualites\/le-conseil-des-ministres-adopte-le-plan-daction-du-gouvernement\/#primaryimage"},"thumbnailUrl":"https:\/\/www.info-algerie.com\/actualites\/wp-content\/uploads\/2017\/06\/5a185c957c16ac10ca40d76767609c92_S-1.jpg","datePublished":"2017-06-14T16:16:29+00:00","breadcrumb":{"@id":"https:\/\/www.info-algerie.com\/actualites\/le-conseil-des-ministres-adopte-le-plan-daction-du-gouvernement\/#breadcrumb"},"inLanguage":"fr-FR","potentialAction":[{"@type":"ReadAction","target":["https:\/\/www.info-algerie.com\/actualites\/le-conseil-des-ministres-adopte-le-plan-daction-du-gouvernement\/"]}]},{"@type":"ImageObject","inLanguage":"fr-FR","@id":"https:\/\/www.info-algerie.com\/actualites\/le-conseil-des-ministres-adopte-le-plan-daction-du-gouvernement\/#primaryimage","url":"https:\/\/www.info-algerie.com\/actualites\/wp-content\/uploads\/2017\/06\/5a185c957c16ac10ca40d76767609c92_S-1.jpg","contentUrl":"https:\/\/www.info-algerie.com\/actualites\/wp-content\/uploads\/2017\/06\/5a185c957c16ac10ca40d76767609c92_S-1.jpg","width":280,"height":187},{"@type":"BreadcrumbList","@id":"https:\/\/www.info-algerie.com\/actualites\/le-conseil-des-ministres-adopte-le-plan-daction-du-gouvernement\/#breadcrumb","itemListElement":[{"@type":"ListItem","position":1,"name":"Accueil","item":"https:\/\/www.info-algerie.com\/actualites\/"},{"@type":"ListItem","position":2,"name":"Le Conseil des ministres adopte le plan d&#039;action du gouvernement"}]},{"@type":"WebSite","@id":"https:\/\/www.info-algerie.com\/actualites\/#website","url":"https:\/\/www.info-algerie.com\/actualites\/","name":"info algerie","description":"Toutes les actualit\u00e9s","publisher":{"@id":"https:\/\/www.info-algerie.com\/actualites\/#organization"},"potentialAction":[{"@type":"SearchAction","target":{"@type":"EntryPoint","urlTemplate":"https:\/\/www.info-algerie.com\/actualites\/?s={search_term_string}"},"query-input":{"@type":"PropertyValueSpecification","valueRequired":true,"valueName":"search_term_string"}}],"inLanguage":"fr-FR"},{"@type":"Organization","@id":"https:\/\/www.info-algerie.com\/actualites\/#organization","name":"info algerie","url":"https:\/\/www.info-algerie.com\/actualites\/","logo":{"@type":"ImageObject","inLanguage":"fr-FR","@id":"https:\/\/www.info-algerie.com\/actualites\/#\/schema\/logo\/image\/","url":"https:\/\/www.info-algerie.com\/actualites\/wp-content\/uploads\/2022\/07\/logo-ia-120.png","contentUrl":"https:\/\/www.info-algerie.com\/actualites\/wp-content\/uploads\/2022\/07\/logo-ia-120.png","width":120,"height":43,"caption":"info algerie"},"image":{"@id":"https:\/\/www.info-algerie.com\/actualites\/#\/schema\/logo\/image\/"},"sameAs":["https:\/\/www.facebook.com\/infoalgerieactu","https:\/\/x.com\/infoalgerie1"]},{"@type":"Person","@id":"https:\/\/www.info-algerie.com\/actualites\/#\/schema\/person\/847aaec44920825b843a08f30ec6aa1e","name":"La r\u00e9daction","image":{"@type":"ImageObject","inLanguage":"fr-FR","@id":"https:\/\/secure.gravatar.com\/avatar\/769db425c6f465158149f1ffd6cf61ce7a8a879d11dfbef8288af36dfddd418c?s=96&d=mm&r=g","url":"https:\/\/secure.gravatar.com\/avatar\/769db425c6f465158149f1ffd6cf61ce7a8a879d11dfbef8288af36dfddd418c?s=96&d=mm&r=g","contentUrl":"https:\/\/secure.gravatar.com\/avatar\/769db425c6f465158149f1ffd6cf61ce7a8a879d11dfbef8288af36dfddd418c?s=96&d=mm&r=g","caption":"La r\u00e9daction"},"sameAs":["http:\/\/www.lkeria.com\/"],"url":"https:\/\/www.info-algerie.com\/actualites\/author\/chakib32\/"}]}},"_links":{"self":[{"href":"https:\/\/www.info-algerie.com\/actualites\/wp-json\/wp\/v2\/posts\/13223","targetHints":{"allow":["GET"]}}],"collection":[{"href":"https:\/\/www.info-algerie.com\/actualites\/wp-json\/wp\/v2\/posts"}],"about":[{"href":"https:\/\/www.info-algerie.com\/actualites\/wp-json\/wp\/v2\/types\/post"}],"author":[{"embeddable":true,"href":"https:\/\/www.info-algerie.com\/actualites\/wp-json\/wp\/v2\/users\/6"}],"replies":[{"embeddable":true,"href":"https:\/\/www.info-algerie.com\/actualites\/wp-json\/wp\/v2\/comments?post=13223"}],"version-history":[{"count":0,"href":"https:\/\/www.info-algerie.com\/actualites\/wp-json\/wp\/v2\/posts\/13223\/revisions"}],"wp:featuredmedia":[{"embeddable":true,"href":"https:\/\/www.info-algerie.com\/actualites\/wp-json\/wp\/v2\/media\/13224"}],"wp:attachment":[{"href":"https:\/\/www.info-algerie.com\/actualites\/wp-json\/wp\/v2\/media?parent=13223"}],"wp:term":[{"taxonomy":"category","embeddable":true,"href":"https:\/\/www.info-algerie.com\/actualites\/wp-json\/wp\/v2\/categories?post=13223"},{"taxonomy":"post_tag","embeddable":true,"href":"https:\/\/www.info-algerie.com\/actualites\/wp-json\/wp\/v2\/tags?post=13223"}],"curies":[{"name":"wp","href":"https:\/\/api.w.org\/{rel}","templated":true}]}}