{"id":1323,"date":"2015-10-09T13:29:00","date_gmt":"2015-10-09T12:29:00","guid":{"rendered":"http:\/\/www.info-algerie.com\/actualites\/incendie-au-complexe-enie-de-sidi-bel-abbes\/"},"modified":"2015-10-09T14:48:15","modified_gmt":"2015-10-09T13:48:15","slug":"incendie-au-complexe-enie-de-sidi-bel-abbes","status":"publish","type":"post","link":"https:\/\/www.info-algerie.com\/actualites\/incendie-au-complexe-enie-de-sidi-bel-abbes\/","title":{"rendered":"incendie au Complexe ENIE de Sidi Bel Abbes"},"content":{"rendered":"<p style=\"text-align: justify;\"><a href=\"https:\/\/www.info-algerie.com\/actualites\/wp-content\/uploads\/2015\/10\/Incendie-au-Complexe-ENIE.jpg\"><img loading=\"lazy\" decoding=\"async\" class=\" wp-image-1333 alignleft\" src=\"https:\/\/www.info-algerie.com\/actualites\/wp-content\/uploads\/2015\/10\/Incendie-au-Complexe-ENIE-300x161.jpg\" alt=\"incendie au Complexe ENIE\" width=\"206\" height=\"111\" srcset=\"https:\/\/www.info-algerie.com\/actualites\/wp-content\/uploads\/2015\/10\/Incendie-au-Complexe-ENIE-300x161.jpg 300w, https:\/\/www.info-algerie.com\/actualites\/wp-content\/uploads\/2015\/10\/Incendie-au-Complexe-ENIE-310x165.jpg 310w, https:\/\/www.info-algerie.com\/actualites\/wp-content\/uploads\/2015\/10\/Incendie-au-Complexe-ENIE.jpg 573w\" sizes=\"auto, (max-width: 206px) 100vw, 206px\" \/><\/a>Un incendie s&rsquo;est d\u00e9clar\u00e9 dans la soir\u00e9e de jeudi \u00e0 vendredi\u00a0au complexe de\u00a0l\u2019Entreprise Nationale des Industries Electroniques (ENIE) de Sidi Bel Abbes.\u00a0Selon un communiqu\u00e9 du minist\u00e8re de l&rsquo;industrie et des mines,\u00a0\u00ab\u00a0aucune perte humaine n&rsquo;est \u00e0 d\u00e9plorer\u00a0\u00bb.<\/p>\n<h2 style=\"text-align: justify;\">incendie au Complexe ENIE<\/h2>\n<p style=\"text-align: justify;\">La m\u00eame source indique que l&rsquo;origine de l&rsquo;incendie n&rsquo;est pas \u00ab\u00a0encore d\u00e9termin\u00e9e\u00a0\u00bb tout en pr\u00e9cisant que \u00ab\u00a0<em>d<\/em><em>\u2019apr\u00e8s les premiers \u00e9l\u00e9ments en notre possession, l\u2019incendie a touch\u00e9 plusieurs parties du complexe dont un ancien hangar d\u2019assemblage transform\u00e9 en lieu de stockage du mobilier r\u00e9form\u00e9. Le feu s\u2019est par la suite propag\u00e9 pour atteindre l\u2019unit\u00e9 d\u2019int\u00e9gration \u00e9lectronique<\/em>.\u00a0\u00bb\u00a0Le communiqu\u00e9 indique \u00e9galement que \u00a0\u00bb\u00a0<em>le magasin de stockage de produits finis et de mati\u00e8res premi\u00e8res n\u2019a pas \u00e9t\u00e9 touch\u00e9<\/em>.\u00a0\u00bb<\/p>\n<p style=\"text-align: justify;\">La m\u00eame source reprend\u00a0une d\u00e9claration du ministre Bouchouareb dans laquelle il\u00a0\u00ab\u00a0<em>rassure l\u2019ensemble des travailleurs du Complexe de l\u2019ENIE<\/em> \u00a0\u00bb en pr\u00e9cisant que \u00ab\u00a0<em>toutes les mesures n\u00e9cessaires seront prises pour une reprise de l\u2019activit\u00e9 dans les meilleurs d\u00e9lais. Je tiens \u00e9galement \u00e0 rassurer les employ\u00e9s sur leur avenir<\/em>.\u00a0\u00bb<\/p>\n<p>Source: <a href=\"http:\/\/www.liberte-algerie.com\/actualite\/incendie-au-complexe-enie-de-sidi-bel-abbes-234175\" target=\"_blank\">Incendie au Complexe ENIE de Sidi Bel Abbes<\/a><\/p>\n<!--CusAds0-->\n<div style=\"font-size: 0px; height: 0px; line-height: 0px; margin: 0; padding: 0; clear: both;\"><\/div>","protected":false},"excerpt":{"rendered":"<p>Un incendie s&rsquo;est d\u00e9clar\u00e9 dans la soir\u00e9e de jeudi \u00e0 vendredi\u00a0au complexe de\u00a0l\u2019Entreprise Nationale des Industries Electroniques (ENIE) de Sidi Bel Abbes.\u00a0Selon un communiqu\u00e9 du minist\u00e8re de l&rsquo;industrie et des mines,\u00a0\u00ab\u00a0aucune perte humaine n&rsquo;est \u00e0 d\u00e9plorer\u00a0\u00bb. incendie au Complexe ENIE La m\u00eame source indique que l&rsquo;origine de l&rsquo;incendie n&rsquo;est pas \u00ab\u00a0encore d\u00e9termin\u00e9e\u00a0\u00bb tout en pr\u00e9cisant<\/p>\n","protected":false},"author":6,"featured_media":1333,"comment_status":"open","ping_status":"open","sticky":false,"template":"","format":"standard","meta":{"footnotes":""},"categories":[22],"tags":[113,112,93],"class_list":["post-1323","post","type-post","status-publish","format-standard","has-post-thumbnail","hentry","category-infos","tag-complexe-enie","tag-incendie","tag-onu"],"yoast_head":"<!-- This site is optimized with the Yoast SEO plugin v27.5 - https:\/\/yoast.com\/product\/yoast-seo-wordpress\/ -->\n<title>incendie au Complexe ENIE de Sidi Bel Abbes<\/title>\n<meta name=\"description\" content=\"incendie au Complexe ENIE de Sidi Bel Abbes, aucune perte humaine n\u2019est \u00e0 d\u00e9plorer selon un communiqu\u00e9 du minist\u00e8re de l&#039;industrie\" \/>\n<meta name=\"robots\" content=\"index, follow, max-snippet:-1, max-image-preview:large, max-video-preview:-1\" \/>\n<link rel=\"canonical\" href=\"https:\/\/www.info-algerie.com\/actualites\/incendie-au-complexe-enie-de-sidi-bel-abbes\/\" \/>\n<meta property=\"og:locale\" content=\"fr_FR\" \/>\n<meta property=\"og:type\" content=\"article\" \/>\n<meta property=\"og:title\" content=\"incendie au Complexe ENIE de Sidi Bel Abbes\" \/>\n<meta property=\"og:description\" content=\"incendie au Complexe ENIE de Sidi Bel Abbes, aucune perte humaine n\u2019est \u00e0 d\u00e9plorer selon un communiqu\u00e9 du minist\u00e8re de l&#039;industrie\" \/>\n<meta property=\"og:url\" content=\"https:\/\/www.info-algerie.com\/actualites\/incendie-au-complexe-enie-de-sidi-bel-abbes\/\" \/>\n<meta property=\"og:site_name\" content=\"info algerie\" \/>\n<meta property=\"article:publisher\" content=\"https:\/\/www.facebook.com\/infoalgerieactu\" \/>\n<meta property=\"article:published_time\" content=\"2015-10-09T12:29:00+00:00\" \/>\n<meta property=\"article:modified_time\" content=\"2015-10-09T13:48:15+00:00\" \/>\n<meta property=\"og:image\" content=\"https:\/\/www.info-algerie.com\/actualites\/wp-content\/uploads\/2015\/10\/Incendie-au-Complexe-ENIE.jpg\" \/>\n\t<meta property=\"og:image:width\" content=\"573\" \/>\n\t<meta property=\"og:image:height\" content=\"307\" \/>\n\t<meta property=\"og:image:type\" content=\"image\/jpeg\" \/>\n<meta name=\"author\" content=\"La r\u00e9daction\" \/>\n<meta name=\"twitter:label1\" content=\"\u00c9crit par\" \/>\n\t<meta name=\"twitter:data1\" content=\"La r\u00e9daction\" \/>\n\t<meta name=\"twitter:label2\" content=\"Dur\u00e9e de lecture estim\u00e9e\" \/>\n\t<meta name=\"twitter:data2\" content=\"1 minute\" \/>\n<script type=\"application\/ld+json\" class=\"yoast-schema-graph\">{\"@context\":\"https:\\\/\\\/schema.org\",\"@graph\":[{\"@type\":\"Article\",\"@id\":\"https:\\\/\\\/www.info-algerie.com\\\/actualites\\\/incendie-au-complexe-enie-de-sidi-bel-abbes\\\/#article\",\"isPartOf\":{\"@id\":\"https:\\\/\\\/www.info-algerie.com\\\/actualites\\\/incendie-au-complexe-enie-de-sidi-bel-abbes\\\/\"},\"author\":{\"name\":\"La r\u00e9daction\",\"@id\":\"https:\\\/\\\/www.info-algerie.com\\\/actualites\\\/#\\\/schema\\\/person\\\/847aaec44920825b843a08f30ec6aa1e\"},\"headline\":\"incendie au Complexe ENIE de Sidi Bel Abbes\",\"datePublished\":\"2015-10-09T12:29:00+00:00\",\"dateModified\":\"2015-10-09T13:48:15+00:00\",\"mainEntityOfPage\":{\"@id\":\"https:\\\/\\\/www.info-algerie.com\\\/actualites\\\/incendie-au-complexe-enie-de-sidi-bel-abbes\\\/\"},\"wordCount\":218,\"commentCount\":0,\"publisher\":{\"@id\":\"https:\\\/\\\/www.info-algerie.com\\\/actualites\\\/#organization\"},\"image\":{\"@id\":\"https:\\\/\\\/www.info-algerie.com\\\/actualites\\\/incendie-au-complexe-enie-de-sidi-bel-abbes\\\/#primaryimage\"},\"thumbnailUrl\":\"https:\\\/\\\/www.info-algerie.com\\\/actualites\\\/wp-content\\\/uploads\\\/2015\\\/10\\\/Incendie-au-Complexe-ENIE.jpg\",\"keywords\":[\"Complexe ENIE\",\"Incendie\",\"ONU\"],\"articleSection\":[\"infos\"],\"inLanguage\":\"fr-FR\",\"potentialAction\":[{\"@type\":\"CommentAction\",\"name\":\"Comment\",\"target\":[\"https:\\\/\\\/www.info-algerie.com\\\/actualites\\\/incendie-au-complexe-enie-de-sidi-bel-abbes\\\/#respond\"]}]},{\"@type\":\"WebPage\",\"@id\":\"https:\\\/\\\/www.info-algerie.com\\\/actualites\\\/incendie-au-complexe-enie-de-sidi-bel-abbes\\\/\",\"url\":\"https:\\\/\\\/www.info-algerie.com\\\/actualites\\\/incendie-au-complexe-enie-de-sidi-bel-abbes\\\/\",\"name\":\"incendie au Complexe ENIE de Sidi Bel Abbes\",\"isPartOf\":{\"@id\":\"https:\\\/\\\/www.info-algerie.com\\\/actualites\\\/#website\"},\"primaryImageOfPage\":{\"@id\":\"https:\\\/\\\/www.info-algerie.com\\\/actualites\\\/incendie-au-complexe-enie-de-sidi-bel-abbes\\\/#primaryimage\"},\"image\":{\"@id\":\"https:\\\/\\\/www.info-algerie.com\\\/actualites\\\/incendie-au-complexe-enie-de-sidi-bel-abbes\\\/#primaryimage\"},\"thumbnailUrl\":\"https:\\\/\\\/www.info-algerie.com\\\/actualites\\\/wp-content\\\/uploads\\\/2015\\\/10\\\/Incendie-au-Complexe-ENIE.jpg\",\"datePublished\":\"2015-10-09T12:29:00+00:00\",\"dateModified\":\"2015-10-09T13:48:15+00:00\",\"description\":\"incendie au Complexe ENIE de Sidi Bel Abbes, aucune perte humaine n\u2019est \u00e0 d\u00e9plorer selon un communiqu\u00e9 du minist\u00e8re de l'industrie\",\"breadcrumb\":{\"@id\":\"https:\\\/\\\/www.info-algerie.com\\\/actualites\\\/incendie-au-complexe-enie-de-sidi-bel-abbes\\\/#breadcrumb\"},\"inLanguage\":\"fr-FR\",\"potentialAction\":[{\"@type\":\"ReadAction\",\"target\":[\"https:\\\/\\\/www.info-algerie.com\\\/actualites\\\/incendie-au-complexe-enie-de-sidi-bel-abbes\\\/\"]}]},{\"@type\":\"ImageObject\",\"inLanguage\":\"fr-FR\",\"@id\":\"https:\\\/\\\/www.info-algerie.com\\\/actualites\\\/incendie-au-complexe-enie-de-sidi-bel-abbes\\\/#primaryimage\",\"url\":\"https:\\\/\\\/www.info-algerie.com\\\/actualites\\\/wp-content\\\/uploads\\\/2015\\\/10\\\/Incendie-au-Complexe-ENIE.jpg\",\"contentUrl\":\"https:\\\/\\\/www.info-algerie.com\\\/actualites\\\/wp-content\\\/uploads\\\/2015\\\/10\\\/Incendie-au-Complexe-ENIE.jpg\",\"width\":573,\"height\":307,\"caption\":\"incendie au Complexe ENIE\"},{\"@type\":\"BreadcrumbList\",\"@id\":\"https:\\\/\\\/www.info-algerie.com\\\/actualites\\\/incendie-au-complexe-enie-de-sidi-bel-abbes\\\/#breadcrumb\",\"itemListElement\":[{\"@type\":\"ListItem\",\"position\":1,\"name\":\"Accueil\",\"item\":\"https:\\\/\\\/www.info-algerie.com\\\/actualites\\\/\"},{\"@type\":\"ListItem\",\"position\":2,\"name\":\"incendie au Complexe ENIE de Sidi Bel Abbes\"}]},{\"@type\":\"WebSite\",\"@id\":\"https:\\\/\\\/www.info-algerie.com\\\/actualites\\\/#website\",\"url\":\"https:\\\/\\\/www.info-algerie.com\\\/actualites\\\/\",\"name\":\"info algerie\",\"description\":\"Toutes les actualit\u00e9s\",\"publisher\":{\"@id\":\"https:\\\/\\\/www.info-algerie.com\\\/actualites\\\/#organization\"},\"potentialAction\":[{\"@type\":\"SearchAction\",\"target\":{\"@type\":\"EntryPoint\",\"urlTemplate\":\"https:\\\/\\\/www.info-algerie.com\\\/actualites\\\/?s={search_term_string}\"},\"query-input\":{\"@type\":\"PropertyValueSpecification\",\"valueRequired\":true,\"valueName\":\"search_term_string\"}}],\"inLanguage\":\"fr-FR\"},{\"@type\":\"Organization\",\"@id\":\"https:\\\/\\\/www.info-algerie.com\\\/actualites\\\/#organization\",\"name\":\"info algerie\",\"url\":\"https:\\\/\\\/www.info-algerie.com\\\/actualites\\\/\",\"logo\":{\"@type\":\"ImageObject\",\"inLanguage\":\"fr-FR\",\"@id\":\"https:\\\/\\\/www.info-algerie.com\\\/actualites\\\/#\\\/schema\\\/logo\\\/image\\\/\",\"url\":\"https:\\\/\\\/www.info-algerie.com\\\/actualites\\\/wp-content\\\/uploads\\\/2022\\\/07\\\/logo-ia-120.png\",\"contentUrl\":\"https:\\\/\\\/www.info-algerie.com\\\/actualites\\\/wp-content\\\/uploads\\\/2022\\\/07\\\/logo-ia-120.png\",\"width\":120,\"height\":43,\"caption\":\"info algerie\"},\"image\":{\"@id\":\"https:\\\/\\\/www.info-algerie.com\\\/actualites\\\/#\\\/schema\\\/logo\\\/image\\\/\"},\"sameAs\":[\"https:\\\/\\\/www.facebook.com\\\/infoalgerieactu\",\"https:\\\/\\\/x.com\\\/infoalgerie1\"]},{\"@type\":\"Person\",\"@id\":\"https:\\\/\\\/www.info-algerie.com\\\/actualites\\\/#\\\/schema\\\/person\\\/847aaec44920825b843a08f30ec6aa1e\",\"name\":\"La r\u00e9daction\",\"image\":{\"@type\":\"ImageObject\",\"inLanguage\":\"fr-FR\",\"@id\":\"https:\\\/\\\/secure.gravatar.com\\\/avatar\\\/769db425c6f465158149f1ffd6cf61ce7a8a879d11dfbef8288af36dfddd418c?s=96&d=mm&r=g\",\"url\":\"https:\\\/\\\/secure.gravatar.com\\\/avatar\\\/769db425c6f465158149f1ffd6cf61ce7a8a879d11dfbef8288af36dfddd418c?s=96&d=mm&r=g\",\"contentUrl\":\"https:\\\/\\\/secure.gravatar.com\\\/avatar\\\/769db425c6f465158149f1ffd6cf61ce7a8a879d11dfbef8288af36dfddd418c?s=96&d=mm&r=g\",\"caption\":\"La r\u00e9daction\"},\"sameAs\":[\"http:\\\/\\\/www.lkeria.com\\\/\"],\"url\":\"https:\\\/\\\/www.info-algerie.com\\\/actualites\\\/author\\\/chakib32\\\/\"}]}<\/script>\n<!-- \/ Yoast SEO plugin. -->","yoast_head_json":{"title":"incendie au Complexe ENIE de Sidi Bel Abbes","description":"incendie au Complexe ENIE de Sidi Bel Abbes, aucune perte humaine n\u2019est \u00e0 d\u00e9plorer selon un communiqu\u00e9 du minist\u00e8re de l'industrie","robots":{"index":"index","follow":"follow","max-snippet":"max-snippet:-1","max-image-preview":"max-image-preview:large","max-video-preview":"max-video-preview:-1"},"canonical":"https:\/\/www.info-algerie.com\/actualites\/incendie-au-complexe-enie-de-sidi-bel-abbes\/","og_locale":"fr_FR","og_type":"article","og_title":"incendie au Complexe ENIE de Sidi Bel Abbes","og_description":"incendie au Complexe ENIE de Sidi Bel Abbes, aucune perte humaine n\u2019est \u00e0 d\u00e9plorer selon un communiqu\u00e9 du minist\u00e8re de l'industrie","og_url":"https:\/\/www.info-algerie.com\/actualites\/incendie-au-complexe-enie-de-sidi-bel-abbes\/","og_site_name":"info algerie","article_publisher":"https:\/\/www.facebook.com\/infoalgerieactu","article_published_time":"2015-10-09T12:29:00+00:00","article_modified_time":"2015-10-09T13:48:15+00:00","og_image":[{"width":573,"height":307,"url":"https:\/\/www.info-algerie.com\/actualites\/wp-content\/uploads\/2015\/10\/Incendie-au-Complexe-ENIE.jpg","type":"image\/jpeg"}],"author":"La r\u00e9daction","twitter_misc":{"\u00c9crit par":"La r\u00e9daction","Dur\u00e9e de lecture estim\u00e9e":"1 minute"},"schema":{"@context":"https:\/\/schema.org","@graph":[{"@type":"Article","@id":"https:\/\/www.info-algerie.com\/actualites\/incendie-au-complexe-enie-de-sidi-bel-abbes\/#article","isPartOf":{"@id":"https:\/\/www.info-algerie.com\/actualites\/incendie-au-complexe-enie-de-sidi-bel-abbes\/"},"author":{"name":"La r\u00e9daction","@id":"https:\/\/www.info-algerie.com\/actualites\/#\/schema\/person\/847aaec44920825b843a08f30ec6aa1e"},"headline":"incendie au Complexe ENIE de Sidi Bel Abbes","datePublished":"2015-10-09T12:29:00+00:00","dateModified":"2015-10-09T13:48:15+00:00","mainEntityOfPage":{"@id":"https:\/\/www.info-algerie.com\/actualites\/incendie-au-complexe-enie-de-sidi-bel-abbes\/"},"wordCount":218,"commentCount":0,"publisher":{"@id":"https:\/\/www.info-algerie.com\/actualites\/#organization"},"image":{"@id":"https:\/\/www.info-algerie.com\/actualites\/incendie-au-complexe-enie-de-sidi-bel-abbes\/#primaryimage"},"thumbnailUrl":"https:\/\/www.info-algerie.com\/actualites\/wp-content\/uploads\/2015\/10\/Incendie-au-Complexe-ENIE.jpg","keywords":["Complexe ENIE","Incendie","ONU"],"articleSection":["infos"],"inLanguage":"fr-FR","potentialAction":[{"@type":"CommentAction","name":"Comment","target":["https:\/\/www.info-algerie.com\/actualites\/incendie-au-complexe-enie-de-sidi-bel-abbes\/#respond"]}]},{"@type":"WebPage","@id":"https:\/\/www.info-algerie.com\/actualites\/incendie-au-complexe-enie-de-sidi-bel-abbes\/","url":"https:\/\/www.info-algerie.com\/actualites\/incendie-au-complexe-enie-de-sidi-bel-abbes\/","name":"incendie au Complexe ENIE de Sidi Bel Abbes","isPartOf":{"@id":"https:\/\/www.info-algerie.com\/actualites\/#website"},"primaryImageOfPage":{"@id":"https:\/\/www.info-algerie.com\/actualites\/incendie-au-complexe-enie-de-sidi-bel-abbes\/#primaryimage"},"image":{"@id":"https:\/\/www.info-algerie.com\/actualites\/incendie-au-complexe-enie-de-sidi-bel-abbes\/#primaryimage"},"thumbnailUrl":"https:\/\/www.info-algerie.com\/actualites\/wp-content\/uploads\/2015\/10\/Incendie-au-Complexe-ENIE.jpg","datePublished":"2015-10-09T12:29:00+00:00","dateModified":"2015-10-09T13:48:15+00:00","description":"incendie au Complexe ENIE de Sidi Bel Abbes, aucune perte humaine n\u2019est \u00e0 d\u00e9plorer selon un communiqu\u00e9 du minist\u00e8re de l'industrie","breadcrumb":{"@id":"https:\/\/www.info-algerie.com\/actualites\/incendie-au-complexe-enie-de-sidi-bel-abbes\/#breadcrumb"},"inLanguage":"fr-FR","potentialAction":[{"@type":"ReadAction","target":["https:\/\/www.info-algerie.com\/actualites\/incendie-au-complexe-enie-de-sidi-bel-abbes\/"]}]},{"@type":"ImageObject","inLanguage":"fr-FR","@id":"https:\/\/www.info-algerie.com\/actualites\/incendie-au-complexe-enie-de-sidi-bel-abbes\/#primaryimage","url":"https:\/\/www.info-algerie.com\/actualites\/wp-content\/uploads\/2015\/10\/Incendie-au-Complexe-ENIE.jpg","contentUrl":"https:\/\/www.info-algerie.com\/actualites\/wp-content\/uploads\/2015\/10\/Incendie-au-Complexe-ENIE.jpg","width":573,"height":307,"caption":"incendie au Complexe ENIE"},{"@type":"BreadcrumbList","@id":"https:\/\/www.info-algerie.com\/actualites\/incendie-au-complexe-enie-de-sidi-bel-abbes\/#breadcrumb","itemListElement":[{"@type":"ListItem","position":1,"name":"Accueil","item":"https:\/\/www.info-algerie.com\/actualites\/"},{"@type":"ListItem","position":2,"name":"incendie au Complexe ENIE de Sidi Bel Abbes"}]},{"@type":"WebSite","@id":"https:\/\/www.info-algerie.com\/actualites\/#website","url":"https:\/\/www.info-algerie.com\/actualites\/","name":"info algerie","description":"Toutes les actualit\u00e9s","publisher":{"@id":"https:\/\/www.info-algerie.com\/actualites\/#organization"},"potentialAction":[{"@type":"SearchAction","target":{"@type":"EntryPoint","urlTemplate":"https:\/\/www.info-algerie.com\/actualites\/?s={search_term_string}"},"query-input":{"@type":"PropertyValueSpecification","valueRequired":true,"valueName":"search_term_string"}}],"inLanguage":"fr-FR"},{"@type":"Organization","@id":"https:\/\/www.info-algerie.com\/actualites\/#organization","name":"info algerie","url":"https:\/\/www.info-algerie.com\/actualites\/","logo":{"@type":"ImageObject","inLanguage":"fr-FR","@id":"https:\/\/www.info-algerie.com\/actualites\/#\/schema\/logo\/image\/","url":"https:\/\/www.info-algerie.com\/actualites\/wp-content\/uploads\/2022\/07\/logo-ia-120.png","contentUrl":"https:\/\/www.info-algerie.com\/actualites\/wp-content\/uploads\/2022\/07\/logo-ia-120.png","width":120,"height":43,"caption":"info algerie"},"image":{"@id":"https:\/\/www.info-algerie.com\/actualites\/#\/schema\/logo\/image\/"},"sameAs":["https:\/\/www.facebook.com\/infoalgerieactu","https:\/\/x.com\/infoalgerie1"]},{"@type":"Person","@id":"https:\/\/www.info-algerie.com\/actualites\/#\/schema\/person\/847aaec44920825b843a08f30ec6aa1e","name":"La r\u00e9daction","image":{"@type":"ImageObject","inLanguage":"fr-FR","@id":"https:\/\/secure.gravatar.com\/avatar\/769db425c6f465158149f1ffd6cf61ce7a8a879d11dfbef8288af36dfddd418c?s=96&d=mm&r=g","url":"https:\/\/secure.gravatar.com\/avatar\/769db425c6f465158149f1ffd6cf61ce7a8a879d11dfbef8288af36dfddd418c?s=96&d=mm&r=g","contentUrl":"https:\/\/secure.gravatar.com\/avatar\/769db425c6f465158149f1ffd6cf61ce7a8a879d11dfbef8288af36dfddd418c?s=96&d=mm&r=g","caption":"La r\u00e9daction"},"sameAs":["http:\/\/www.lkeria.com\/"],"url":"https:\/\/www.info-algerie.com\/actualites\/author\/chakib32\/"}]}},"_links":{"self":[{"href":"https:\/\/www.info-algerie.com\/actualites\/wp-json\/wp\/v2\/posts\/1323","targetHints":{"allow":["GET"]}}],"collection":[{"href":"https:\/\/www.info-algerie.com\/actualites\/wp-json\/wp\/v2\/posts"}],"about":[{"href":"https:\/\/www.info-algerie.com\/actualites\/wp-json\/wp\/v2\/types\/post"}],"author":[{"embeddable":true,"href":"https:\/\/www.info-algerie.com\/actualites\/wp-json\/wp\/v2\/users\/6"}],"replies":[{"embeddable":true,"href":"https:\/\/www.info-algerie.com\/actualites\/wp-json\/wp\/v2\/comments?post=1323"}],"version-history":[{"count":4,"href":"https:\/\/www.info-algerie.com\/actualites\/wp-json\/wp\/v2\/posts\/1323\/revisions"}],"predecessor-version":[{"id":1336,"href":"https:\/\/www.info-algerie.com\/actualites\/wp-json\/wp\/v2\/posts\/1323\/revisions\/1336"}],"wp:featuredmedia":[{"embeddable":true,"href":"https:\/\/www.info-algerie.com\/actualites\/wp-json\/wp\/v2\/media\/1333"}],"wp:attachment":[{"href":"https:\/\/www.info-algerie.com\/actualites\/wp-json\/wp\/v2\/media?parent=1323"}],"wp:term":[{"taxonomy":"category","embeddable":true,"href":"https:\/\/www.info-algerie.com\/actualites\/wp-json\/wp\/v2\/categories?post=1323"},{"taxonomy":"post_tag","embeddable":true,"href":"https:\/\/www.info-algerie.com\/actualites\/wp-json\/wp\/v2\/tags?post=1323"}],"curies":[{"name":"wp","href":"https:\/\/api.w.org\/{rel}","templated":true}]}}