{"id":13240,"date":"2017-06-15T14:35:03","date_gmt":"2017-06-15T13:35:03","guid":{"rendered":"http:\/\/www.info-algerie.com\/actualites\/crise-entre-le-qatar-et-ses-voisins-le-ministre-qatari-des-affaires-etrangeres-salue-la-position-honorable-de-lalgerie\/"},"modified":"2017-06-15T14:35:03","modified_gmt":"2017-06-15T13:35:03","slug":"crise-entre-le-qatar-et-ses-voisins-le-ministre-qatari-des-affaires-etrangeres-salue-la-position-honorable-de-lalgerie","status":"publish","type":"post","link":"https:\/\/www.info-algerie.com\/actualites\/crise-entre-le-qatar-et-ses-voisins-le-ministre-qatari-des-affaires-etrangeres-salue-la-position-honorable-de-lalgerie\/","title":{"rendered":"Crise entre le Qatar et ses voisins:\u00a0le ministre qatari des Affaires \u00e9trang\u00e8res salue la position &quot;honorable&quot; de l&#039;Alg\u00e9rie"},"content":{"rendered":"<div class=\"K2FeedImage\"><img decoding=\"async\" src=\"https:\/\/www.info-algerie.com\/actualites\/wp-content\/uploads\/2017\/06\/33ca11256c026c2ee8e4ee90a4190112_S.jpg\" \/><\/div>\n<div class=\"K2FeedIntroText\">\n<p class=\"MsoNoSpacing\">ALGER &#8211; Le ministre qatari des Affaires \u00e9trang\u00e8res, Soltan bin Saad Al-Muraikhi, a salu\u00e9 jeudi la position \u00ab\u00a0honorable\u00a0\u00bb de l&rsquo;Alg\u00e9rie \u00e0 l&rsquo;\u00e9gard de la crise entre son pays et ses voisins du Golfe, notamment \u00e0 travers son <a href=\"http:\/\/www.aps.dz\/algerie\/58567-l-algerie-suit-avec-une-grande-preoccupation-la-degradation-des-relations-entre-certains-pays-du-golfe-et-de-la-region\">appel \u00e0 faire pr\u00e9valoir le dialogue.<\/a><\/p>\n<p>&#013;\n<\/p><\/div>\n<div class=\"K2FeedFullText\">&#013;<\/p>\n<p>\u00ab\u00a0La position de l&rsquo;Alg\u00e9rie est honorable. C&rsquo;est le premier pays \u00e0 avoir rendu public un communiqu\u00e9 pour appeler\u00a0 au dialogue et c&rsquo;est ce \u00e0 quoi nous oeuvrons avec de nombreux pays dans la r\u00e9gion\u00a0\u00bb, a pr\u00e9cis\u00e9 le ministre qatari dans une d\u00e9claration \u00e0 la presse \u00e0 l&rsquo;issue de ses entretiens avec le ministre des Affaires \u00e9trang\u00e8res, Abdelkader Messahel.<\/p>\n<p>&#013;<\/p>\n<p>\u00ab\u00a0L&rsquo;Alg\u00e9rie en tant que grand pays dans le monde arabe peut, de par son influence dans la r\u00e9gion, jouer un r\u00f4le dans les relations interarabes\u00a0\u00bb, a ajout\u00e9 le ministre qatari.<\/p>\n<p>&#013;<\/p>\n<p>Dans le m\u00eame contexte, le chef de la diplomatie qatarie a indiqu\u00e9 que l&rsquo;objectif de sa visite en Alg\u00e9rie \u00e9tait de \u00ab\u00a0l&rsquo;examen des relations bilat\u00e9rales et des derniers <a href=\"http:\/\/www.aps.dz\/monde\/58549-des-etats-du-golfe-rompent-avec-le-qatar-pour-soutien-au-terrorisme\">d\u00e9veloppements survenus <\/a>au Golfe entre notre pays et l&rsquo;Arabie Saoudite, les Emirats Arabes Unis et le Bahrein\u00a0\u00bb.<\/p>\n<p>&#013;<\/p>\n<p>Le minist\u00e8re des Affaires \u00e9trang\u00e8res avait rendu public un communiqu\u00e9 d\u00e8s le d\u00e9but de la crise entre le Qatar et ses voisins, dans lequel il a affirm\u00e9 que l\u2019Alg\u00e9rie \u00ab\u00a0suit avec une grande pr\u00e9occupation la d\u00e9gradation des relations entre certains pays du Golfe et de la r\u00e9gion et leurs r\u00e9percussions sur l\u2019unit\u00e9 et la solidarit\u00e9\u00a0 du monde arabe\u00a0\u00bb.<\/p>\n<p>&#013;<\/p>\n<p>Elle a \u00e9galement appel\u00e9 \u00ab\u00a0l\u2019ensemble des pays concern\u00e9s \u00e0 adopter le dialogue comme seul moyen de r\u00e9gler leurs diff\u00e9rends et de transcender les divergences qui peuvent naturellement surgir dans les relations entre Etats\u00a0\u00bb, mettant en avant la n\u00e9cessit\u00e9 d\u2019\u00a0\u00bbobserver, en toutes circonstances, les principes de bon voisinage, de non ing\u00e9rence dans les affaires internes des Etats et du respect de leur souverainet\u00e9 nationale\u00a0\u00bb.<\/p>\n<p>&#013;<\/p>\n<p>\u00a0<\/p>\n<p>&#013;<\/p>\n<p>L&rsquo;Alg\u00e9rie a affirm\u00e9 qu&rsquo;elle \u00ab\u00a0reste confiante que les difficult\u00e9s actuelles\u00a0 ne peuvent \u00eatre que conjoncturelles et que la sagesse et la retenue finiront par pr\u00e9valoir tant les v\u00e9ritables d\u00e9fis qui se dressent devant la marche des pays et des peuples arabes vers une solidarit\u00e9 agissante et une unit\u00e9 effective sont nombreux dont le terrorisme n\u2019est pas des moindres\u00a0\u00bb.<\/p>\n<\/div>\n<p>&#013;<br \/>\nSource: <a href=\"http:\/\/www.aps.dz\/algerie\/58943-crise-entre-le-qatar-et-ses-voisins-le-ministre-qatari-des-affaires-etrangeres-salue-la-position-honorable-de-l-algerie\" target=\"_blank\">Crise entre le Qatar et ses voisins:\u00a0le ministre qatari des Affaires \u00e9trang\u00e8res salue la position \u00ab\u00a0honorable\u00a0\u00bb de l&rsquo;Alg\u00e9rie<\/a><\/p>\n<!--CusAds0-->\n<div style=\"font-size: 0px; height: 0px; line-height: 0px; margin: 0; padding: 0; clear: both;\"><\/div>","protected":false},"excerpt":{"rendered":"<p>ALGER &#8211; Le ministre qatari des Affaires \u00e9trang\u00e8res, Soltan bin Saad Al-Muraikhi, a salu\u00e9 jeudi la position \u00ab\u00a0honorable\u00a0\u00bb de l&rsquo;Alg\u00e9rie \u00e0 l&rsquo;\u00e9gard de la crise entre son pays et ses voisins du Golfe, notamment \u00e0 travers son appel \u00e0 faire pr\u00e9valoir le dialogue. &#013; &#013; \u00ab\u00a0La position de l&rsquo;Alg\u00e9rie est honorable. C&rsquo;est le premier pays<\/p>\n","protected":false},"author":6,"featured_media":13241,"comment_status":"open","ping_status":"open","sticky":false,"template":"","format":"standard","meta":{"footnotes":""},"categories":[22],"tags":[93],"class_list":["post-13240","post","type-post","status-publish","format-standard","has-post-thumbnail","hentry","category-infos","tag-onu"],"yoast_head":"<!-- This site is optimized with the Yoast SEO plugin v27.5 - https:\/\/yoast.com\/product\/yoast-seo-wordpress\/ -->\n<title>Crise entre le Qatar et ses voisins:\u00a0le ministre qatari des Affaires \u00e9trang\u00e8res salue la position &quot;honorable&quot; de l&#039;Alg\u00e9rie - info algerie<\/title>\n<meta name=\"robots\" content=\"index, follow, max-snippet:-1, max-image-preview:large, max-video-preview:-1\" \/>\n<link rel=\"canonical\" href=\"https:\/\/www.info-algerie.com\/actualites\/crise-entre-le-qatar-et-ses-voisins-le-ministre-qatari-des-affaires-etrangeres-salue-la-position-honorable-de-lalgerie\/\" \/>\n<meta property=\"og:locale\" content=\"fr_FR\" \/>\n<meta property=\"og:type\" content=\"article\" \/>\n<meta property=\"og:title\" content=\"Crise entre le Qatar et ses voisins:\u00a0le ministre qatari des Affaires \u00e9trang\u00e8res salue la position &quot;honorable&quot; de l&#039;Alg\u00e9rie - info algerie\" \/>\n<meta property=\"og:description\" content=\"ALGER &#8211; Le ministre qatari des Affaires \u00e9trang\u00e8res, Soltan bin Saad Al-Muraikhi, a salu\u00e9 jeudi la position \u00ab\u00a0honorable\u00a0\u00bb de l&rsquo;Alg\u00e9rie \u00e0 l&rsquo;\u00e9gard de la crise entre son pays et ses voisins du Golfe, notamment \u00e0 travers son appel \u00e0 faire pr\u00e9valoir le dialogue. &#013; &#013; \u00ab\u00a0La position de l&rsquo;Alg\u00e9rie est honorable. C&rsquo;est le premier pays\" \/>\n<meta property=\"og:url\" content=\"https:\/\/www.info-algerie.com\/actualites\/crise-entre-le-qatar-et-ses-voisins-le-ministre-qatari-des-affaires-etrangeres-salue-la-position-honorable-de-lalgerie\/\" \/>\n<meta property=\"og:site_name\" content=\"info algerie\" \/>\n<meta property=\"article:publisher\" content=\"https:\/\/www.facebook.com\/infoalgerieactu\" \/>\n<meta property=\"article:published_time\" content=\"2017-06-15T13:35:03+00:00\" \/>\n<meta property=\"og:image\" content=\"https:\/\/www.info-algerie.com\/actualites\/wp-content\/uploads\/2017\/06\/33ca11256c026c2ee8e4ee90a4190112_S-1.jpg\" \/>\n\t<meta property=\"og:image:width\" content=\"280\" \/>\n\t<meta property=\"og:image:height\" content=\"201\" \/>\n\t<meta property=\"og:image:type\" content=\"image\/jpeg\" \/>\n<meta name=\"author\" content=\"La r\u00e9daction\" \/>\n<meta name=\"twitter:label1\" content=\"\u00c9crit par\" \/>\n\t<meta name=\"twitter:data1\" content=\"La r\u00e9daction\" \/>\n\t<meta name=\"twitter:label2\" content=\"Dur\u00e9e de lecture estim\u00e9e\" \/>\n\t<meta name=\"twitter:data2\" content=\"2 minutes\" \/>\n<script type=\"application\/ld+json\" class=\"yoast-schema-graph\">{\"@context\":\"https:\\\/\\\/schema.org\",\"@graph\":[{\"@type\":\"Article\",\"@id\":\"https:\\\/\\\/www.info-algerie.com\\\/actualites\\\/crise-entre-le-qatar-et-ses-voisins-le-ministre-qatari-des-affaires-etrangeres-salue-la-position-honorable-de-lalgerie\\\/#article\",\"isPartOf\":{\"@id\":\"https:\\\/\\\/www.info-algerie.com\\\/actualites\\\/crise-entre-le-qatar-et-ses-voisins-le-ministre-qatari-des-affaires-etrangeres-salue-la-position-honorable-de-lalgerie\\\/\"},\"author\":{\"name\":\"La r\u00e9daction\",\"@id\":\"https:\\\/\\\/www.info-algerie.com\\\/actualites\\\/#\\\/schema\\\/person\\\/847aaec44920825b843a08f30ec6aa1e\"},\"headline\":\"Crise entre le Qatar et ses voisins:\u00a0le ministre qatari des Affaires \u00e9trang\u00e8res salue la position &quot;honorable&quot; de l&#039;Alg\u00e9rie\",\"datePublished\":\"2017-06-15T13:35:03+00:00\",\"mainEntityOfPage\":{\"@id\":\"https:\\\/\\\/www.info-algerie.com\\\/actualites\\\/crise-entre-le-qatar-et-ses-voisins-le-ministre-qatari-des-affaires-etrangeres-salue-la-position-honorable-de-lalgerie\\\/\"},\"wordCount\":445,\"commentCount\":0,\"publisher\":{\"@id\":\"https:\\\/\\\/www.info-algerie.com\\\/actualites\\\/#organization\"},\"image\":{\"@id\":\"https:\\\/\\\/www.info-algerie.com\\\/actualites\\\/crise-entre-le-qatar-et-ses-voisins-le-ministre-qatari-des-affaires-etrangeres-salue-la-position-honorable-de-lalgerie\\\/#primaryimage\"},\"thumbnailUrl\":\"https:\\\/\\\/www.info-algerie.com\\\/actualites\\\/wp-content\\\/uploads\\\/2017\\\/06\\\/33ca11256c026c2ee8e4ee90a4190112_S-1.jpg\",\"keywords\":[\"ONU\"],\"articleSection\":[\"infos\"],\"inLanguage\":\"fr-FR\",\"potentialAction\":[{\"@type\":\"CommentAction\",\"name\":\"Comment\",\"target\":[\"https:\\\/\\\/www.info-algerie.com\\\/actualites\\\/crise-entre-le-qatar-et-ses-voisins-le-ministre-qatari-des-affaires-etrangeres-salue-la-position-honorable-de-lalgerie\\\/#respond\"]}]},{\"@type\":\"WebPage\",\"@id\":\"https:\\\/\\\/www.info-algerie.com\\\/actualites\\\/crise-entre-le-qatar-et-ses-voisins-le-ministre-qatari-des-affaires-etrangeres-salue-la-position-honorable-de-lalgerie\\\/\",\"url\":\"https:\\\/\\\/www.info-algerie.com\\\/actualites\\\/crise-entre-le-qatar-et-ses-voisins-le-ministre-qatari-des-affaires-etrangeres-salue-la-position-honorable-de-lalgerie\\\/\",\"name\":\"Crise entre le Qatar et ses voisins:\u00a0le ministre qatari des Affaires \u00e9trang\u00e8res salue la position &quot;honorable&quot; de l&#039;Alg\u00e9rie - info algerie\",\"isPartOf\":{\"@id\":\"https:\\\/\\\/www.info-algerie.com\\\/actualites\\\/#website\"},\"primaryImageOfPage\":{\"@id\":\"https:\\\/\\\/www.info-algerie.com\\\/actualites\\\/crise-entre-le-qatar-et-ses-voisins-le-ministre-qatari-des-affaires-etrangeres-salue-la-position-honorable-de-lalgerie\\\/#primaryimage\"},\"image\":{\"@id\":\"https:\\\/\\\/www.info-algerie.com\\\/actualites\\\/crise-entre-le-qatar-et-ses-voisins-le-ministre-qatari-des-affaires-etrangeres-salue-la-position-honorable-de-lalgerie\\\/#primaryimage\"},\"thumbnailUrl\":\"https:\\\/\\\/www.info-algerie.com\\\/actualites\\\/wp-content\\\/uploads\\\/2017\\\/06\\\/33ca11256c026c2ee8e4ee90a4190112_S-1.jpg\",\"datePublished\":\"2017-06-15T13:35:03+00:00\",\"breadcrumb\":{\"@id\":\"https:\\\/\\\/www.info-algerie.com\\\/actualites\\\/crise-entre-le-qatar-et-ses-voisins-le-ministre-qatari-des-affaires-etrangeres-salue-la-position-honorable-de-lalgerie\\\/#breadcrumb\"},\"inLanguage\":\"fr-FR\",\"potentialAction\":[{\"@type\":\"ReadAction\",\"target\":[\"https:\\\/\\\/www.info-algerie.com\\\/actualites\\\/crise-entre-le-qatar-et-ses-voisins-le-ministre-qatari-des-affaires-etrangeres-salue-la-position-honorable-de-lalgerie\\\/\"]}]},{\"@type\":\"ImageObject\",\"inLanguage\":\"fr-FR\",\"@id\":\"https:\\\/\\\/www.info-algerie.com\\\/actualites\\\/crise-entre-le-qatar-et-ses-voisins-le-ministre-qatari-des-affaires-etrangeres-salue-la-position-honorable-de-lalgerie\\\/#primaryimage\",\"url\":\"https:\\\/\\\/www.info-algerie.com\\\/actualites\\\/wp-content\\\/uploads\\\/2017\\\/06\\\/33ca11256c026c2ee8e4ee90a4190112_S-1.jpg\",\"contentUrl\":\"https:\\\/\\\/www.info-algerie.com\\\/actualites\\\/wp-content\\\/uploads\\\/2017\\\/06\\\/33ca11256c026c2ee8e4ee90a4190112_S-1.jpg\",\"width\":280,\"height\":201},{\"@type\":\"BreadcrumbList\",\"@id\":\"https:\\\/\\\/www.info-algerie.com\\\/actualites\\\/crise-entre-le-qatar-et-ses-voisins-le-ministre-qatari-des-affaires-etrangeres-salue-la-position-honorable-de-lalgerie\\\/#breadcrumb\",\"itemListElement\":[{\"@type\":\"ListItem\",\"position\":1,\"name\":\"Accueil\",\"item\":\"https:\\\/\\\/www.info-algerie.com\\\/actualites\\\/\"},{\"@type\":\"ListItem\",\"position\":2,\"name\":\"Crise entre le Qatar et ses voisins:\u00a0le ministre qatari des Affaires \u00e9trang\u00e8res salue la position &quot;honorable&quot; de l&#039;Alg\u00e9rie\"}]},{\"@type\":\"WebSite\",\"@id\":\"https:\\\/\\\/www.info-algerie.com\\\/actualites\\\/#website\",\"url\":\"https:\\\/\\\/www.info-algerie.com\\\/actualites\\\/\",\"name\":\"info algerie\",\"description\":\"Toutes les actualit\u00e9s\",\"publisher\":{\"@id\":\"https:\\\/\\\/www.info-algerie.com\\\/actualites\\\/#organization\"},\"potentialAction\":[{\"@type\":\"SearchAction\",\"target\":{\"@type\":\"EntryPoint\",\"urlTemplate\":\"https:\\\/\\\/www.info-algerie.com\\\/actualites\\\/?s={search_term_string}\"},\"query-input\":{\"@type\":\"PropertyValueSpecification\",\"valueRequired\":true,\"valueName\":\"search_term_string\"}}],\"inLanguage\":\"fr-FR\"},{\"@type\":\"Organization\",\"@id\":\"https:\\\/\\\/www.info-algerie.com\\\/actualites\\\/#organization\",\"name\":\"info algerie\",\"url\":\"https:\\\/\\\/www.info-algerie.com\\\/actualites\\\/\",\"logo\":{\"@type\":\"ImageObject\",\"inLanguage\":\"fr-FR\",\"@id\":\"https:\\\/\\\/www.info-algerie.com\\\/actualites\\\/#\\\/schema\\\/logo\\\/image\\\/\",\"url\":\"https:\\\/\\\/www.info-algerie.com\\\/actualites\\\/wp-content\\\/uploads\\\/2022\\\/07\\\/logo-ia-120.png\",\"contentUrl\":\"https:\\\/\\\/www.info-algerie.com\\\/actualites\\\/wp-content\\\/uploads\\\/2022\\\/07\\\/logo-ia-120.png\",\"width\":120,\"height\":43,\"caption\":\"info algerie\"},\"image\":{\"@id\":\"https:\\\/\\\/www.info-algerie.com\\\/actualites\\\/#\\\/schema\\\/logo\\\/image\\\/\"},\"sameAs\":[\"https:\\\/\\\/www.facebook.com\\\/infoalgerieactu\",\"https:\\\/\\\/x.com\\\/infoalgerie1\"]},{\"@type\":\"Person\",\"@id\":\"https:\\\/\\\/www.info-algerie.com\\\/actualites\\\/#\\\/schema\\\/person\\\/847aaec44920825b843a08f30ec6aa1e\",\"name\":\"La r\u00e9daction\",\"image\":{\"@type\":\"ImageObject\",\"inLanguage\":\"fr-FR\",\"@id\":\"https:\\\/\\\/secure.gravatar.com\\\/avatar\\\/769db425c6f465158149f1ffd6cf61ce7a8a879d11dfbef8288af36dfddd418c?s=96&d=mm&r=g\",\"url\":\"https:\\\/\\\/secure.gravatar.com\\\/avatar\\\/769db425c6f465158149f1ffd6cf61ce7a8a879d11dfbef8288af36dfddd418c?s=96&d=mm&r=g\",\"contentUrl\":\"https:\\\/\\\/secure.gravatar.com\\\/avatar\\\/769db425c6f465158149f1ffd6cf61ce7a8a879d11dfbef8288af36dfddd418c?s=96&d=mm&r=g\",\"caption\":\"La r\u00e9daction\"},\"sameAs\":[\"http:\\\/\\\/www.lkeria.com\\\/\"],\"url\":\"https:\\\/\\\/www.info-algerie.com\\\/actualites\\\/author\\\/chakib32\\\/\"}]}<\/script>\n<!-- \/ Yoast SEO plugin. -->","yoast_head_json":{"title":"Crise entre le Qatar et ses voisins:\u00a0le ministre qatari des Affaires \u00e9trang\u00e8res salue la position &quot;honorable&quot; de l&#039;Alg\u00e9rie - info algerie","robots":{"index":"index","follow":"follow","max-snippet":"max-snippet:-1","max-image-preview":"max-image-preview:large","max-video-preview":"max-video-preview:-1"},"canonical":"https:\/\/www.info-algerie.com\/actualites\/crise-entre-le-qatar-et-ses-voisins-le-ministre-qatari-des-affaires-etrangeres-salue-la-position-honorable-de-lalgerie\/","og_locale":"fr_FR","og_type":"article","og_title":"Crise entre le Qatar et ses voisins:\u00a0le ministre qatari des Affaires \u00e9trang\u00e8res salue la position &quot;honorable&quot; de l&#039;Alg\u00e9rie - info algerie","og_description":"ALGER &#8211; Le ministre qatari des Affaires \u00e9trang\u00e8res, Soltan bin Saad Al-Muraikhi, a salu\u00e9 jeudi la position \u00ab\u00a0honorable\u00a0\u00bb de l&rsquo;Alg\u00e9rie \u00e0 l&rsquo;\u00e9gard de la crise entre son pays et ses voisins du Golfe, notamment \u00e0 travers son appel \u00e0 faire pr\u00e9valoir le dialogue. &#013; &#013; \u00ab\u00a0La position de l&rsquo;Alg\u00e9rie est honorable. C&rsquo;est le premier pays","og_url":"https:\/\/www.info-algerie.com\/actualites\/crise-entre-le-qatar-et-ses-voisins-le-ministre-qatari-des-affaires-etrangeres-salue-la-position-honorable-de-lalgerie\/","og_site_name":"info algerie","article_publisher":"https:\/\/www.facebook.com\/infoalgerieactu","article_published_time":"2017-06-15T13:35:03+00:00","og_image":[{"width":280,"height":201,"url":"https:\/\/www.info-algerie.com\/actualites\/wp-content\/uploads\/2017\/06\/33ca11256c026c2ee8e4ee90a4190112_S-1.jpg","type":"image\/jpeg"}],"author":"La r\u00e9daction","twitter_misc":{"\u00c9crit par":"La r\u00e9daction","Dur\u00e9e de lecture estim\u00e9e":"2 minutes"},"schema":{"@context":"https:\/\/schema.org","@graph":[{"@type":"Article","@id":"https:\/\/www.info-algerie.com\/actualites\/crise-entre-le-qatar-et-ses-voisins-le-ministre-qatari-des-affaires-etrangeres-salue-la-position-honorable-de-lalgerie\/#article","isPartOf":{"@id":"https:\/\/www.info-algerie.com\/actualites\/crise-entre-le-qatar-et-ses-voisins-le-ministre-qatari-des-affaires-etrangeres-salue-la-position-honorable-de-lalgerie\/"},"author":{"name":"La r\u00e9daction","@id":"https:\/\/www.info-algerie.com\/actualites\/#\/schema\/person\/847aaec44920825b843a08f30ec6aa1e"},"headline":"Crise entre le Qatar et ses voisins:\u00a0le ministre qatari des Affaires \u00e9trang\u00e8res salue la position &quot;honorable&quot; de l&#039;Alg\u00e9rie","datePublished":"2017-06-15T13:35:03+00:00","mainEntityOfPage":{"@id":"https:\/\/www.info-algerie.com\/actualites\/crise-entre-le-qatar-et-ses-voisins-le-ministre-qatari-des-affaires-etrangeres-salue-la-position-honorable-de-lalgerie\/"},"wordCount":445,"commentCount":0,"publisher":{"@id":"https:\/\/www.info-algerie.com\/actualites\/#organization"},"image":{"@id":"https:\/\/www.info-algerie.com\/actualites\/crise-entre-le-qatar-et-ses-voisins-le-ministre-qatari-des-affaires-etrangeres-salue-la-position-honorable-de-lalgerie\/#primaryimage"},"thumbnailUrl":"https:\/\/www.info-algerie.com\/actualites\/wp-content\/uploads\/2017\/06\/33ca11256c026c2ee8e4ee90a4190112_S-1.jpg","keywords":["ONU"],"articleSection":["infos"],"inLanguage":"fr-FR","potentialAction":[{"@type":"CommentAction","name":"Comment","target":["https:\/\/www.info-algerie.com\/actualites\/crise-entre-le-qatar-et-ses-voisins-le-ministre-qatari-des-affaires-etrangeres-salue-la-position-honorable-de-lalgerie\/#respond"]}]},{"@type":"WebPage","@id":"https:\/\/www.info-algerie.com\/actualites\/crise-entre-le-qatar-et-ses-voisins-le-ministre-qatari-des-affaires-etrangeres-salue-la-position-honorable-de-lalgerie\/","url":"https:\/\/www.info-algerie.com\/actualites\/crise-entre-le-qatar-et-ses-voisins-le-ministre-qatari-des-affaires-etrangeres-salue-la-position-honorable-de-lalgerie\/","name":"Crise entre le Qatar et ses voisins:\u00a0le ministre qatari des Affaires \u00e9trang\u00e8res salue la position &quot;honorable&quot; de l&#039;Alg\u00e9rie - info algerie","isPartOf":{"@id":"https:\/\/www.info-algerie.com\/actualites\/#website"},"primaryImageOfPage":{"@id":"https:\/\/www.info-algerie.com\/actualites\/crise-entre-le-qatar-et-ses-voisins-le-ministre-qatari-des-affaires-etrangeres-salue-la-position-honorable-de-lalgerie\/#primaryimage"},"image":{"@id":"https:\/\/www.info-algerie.com\/actualites\/crise-entre-le-qatar-et-ses-voisins-le-ministre-qatari-des-affaires-etrangeres-salue-la-position-honorable-de-lalgerie\/#primaryimage"},"thumbnailUrl":"https:\/\/www.info-algerie.com\/actualites\/wp-content\/uploads\/2017\/06\/33ca11256c026c2ee8e4ee90a4190112_S-1.jpg","datePublished":"2017-06-15T13:35:03+00:00","breadcrumb":{"@id":"https:\/\/www.info-algerie.com\/actualites\/crise-entre-le-qatar-et-ses-voisins-le-ministre-qatari-des-affaires-etrangeres-salue-la-position-honorable-de-lalgerie\/#breadcrumb"},"inLanguage":"fr-FR","potentialAction":[{"@type":"ReadAction","target":["https:\/\/www.info-algerie.com\/actualites\/crise-entre-le-qatar-et-ses-voisins-le-ministre-qatari-des-affaires-etrangeres-salue-la-position-honorable-de-lalgerie\/"]}]},{"@type":"ImageObject","inLanguage":"fr-FR","@id":"https:\/\/www.info-algerie.com\/actualites\/crise-entre-le-qatar-et-ses-voisins-le-ministre-qatari-des-affaires-etrangeres-salue-la-position-honorable-de-lalgerie\/#primaryimage","url":"https:\/\/www.info-algerie.com\/actualites\/wp-content\/uploads\/2017\/06\/33ca11256c026c2ee8e4ee90a4190112_S-1.jpg","contentUrl":"https:\/\/www.info-algerie.com\/actualites\/wp-content\/uploads\/2017\/06\/33ca11256c026c2ee8e4ee90a4190112_S-1.jpg","width":280,"height":201},{"@type":"BreadcrumbList","@id":"https:\/\/www.info-algerie.com\/actualites\/crise-entre-le-qatar-et-ses-voisins-le-ministre-qatari-des-affaires-etrangeres-salue-la-position-honorable-de-lalgerie\/#breadcrumb","itemListElement":[{"@type":"ListItem","position":1,"name":"Accueil","item":"https:\/\/www.info-algerie.com\/actualites\/"},{"@type":"ListItem","position":2,"name":"Crise entre le Qatar et ses voisins:\u00a0le ministre qatari des Affaires \u00e9trang\u00e8res salue la position &quot;honorable&quot; de l&#039;Alg\u00e9rie"}]},{"@type":"WebSite","@id":"https:\/\/www.info-algerie.com\/actualites\/#website","url":"https:\/\/www.info-algerie.com\/actualites\/","name":"info algerie","description":"Toutes les actualit\u00e9s","publisher":{"@id":"https:\/\/www.info-algerie.com\/actualites\/#organization"},"potentialAction":[{"@type":"SearchAction","target":{"@type":"EntryPoint","urlTemplate":"https:\/\/www.info-algerie.com\/actualites\/?s={search_term_string}"},"query-input":{"@type":"PropertyValueSpecification","valueRequired":true,"valueName":"search_term_string"}}],"inLanguage":"fr-FR"},{"@type":"Organization","@id":"https:\/\/www.info-algerie.com\/actualites\/#organization","name":"info algerie","url":"https:\/\/www.info-algerie.com\/actualites\/","logo":{"@type":"ImageObject","inLanguage":"fr-FR","@id":"https:\/\/www.info-algerie.com\/actualites\/#\/schema\/logo\/image\/","url":"https:\/\/www.info-algerie.com\/actualites\/wp-content\/uploads\/2022\/07\/logo-ia-120.png","contentUrl":"https:\/\/www.info-algerie.com\/actualites\/wp-content\/uploads\/2022\/07\/logo-ia-120.png","width":120,"height":43,"caption":"info algerie"},"image":{"@id":"https:\/\/www.info-algerie.com\/actualites\/#\/schema\/logo\/image\/"},"sameAs":["https:\/\/www.facebook.com\/infoalgerieactu","https:\/\/x.com\/infoalgerie1"]},{"@type":"Person","@id":"https:\/\/www.info-algerie.com\/actualites\/#\/schema\/person\/847aaec44920825b843a08f30ec6aa1e","name":"La r\u00e9daction","image":{"@type":"ImageObject","inLanguage":"fr-FR","@id":"https:\/\/secure.gravatar.com\/avatar\/769db425c6f465158149f1ffd6cf61ce7a8a879d11dfbef8288af36dfddd418c?s=96&d=mm&r=g","url":"https:\/\/secure.gravatar.com\/avatar\/769db425c6f465158149f1ffd6cf61ce7a8a879d11dfbef8288af36dfddd418c?s=96&d=mm&r=g","contentUrl":"https:\/\/secure.gravatar.com\/avatar\/769db425c6f465158149f1ffd6cf61ce7a8a879d11dfbef8288af36dfddd418c?s=96&d=mm&r=g","caption":"La r\u00e9daction"},"sameAs":["http:\/\/www.lkeria.com\/"],"url":"https:\/\/www.info-algerie.com\/actualites\/author\/chakib32\/"}]}},"_links":{"self":[{"href":"https:\/\/www.info-algerie.com\/actualites\/wp-json\/wp\/v2\/posts\/13240","targetHints":{"allow":["GET"]}}],"collection":[{"href":"https:\/\/www.info-algerie.com\/actualites\/wp-json\/wp\/v2\/posts"}],"about":[{"href":"https:\/\/www.info-algerie.com\/actualites\/wp-json\/wp\/v2\/types\/post"}],"author":[{"embeddable":true,"href":"https:\/\/www.info-algerie.com\/actualites\/wp-json\/wp\/v2\/users\/6"}],"replies":[{"embeddable":true,"href":"https:\/\/www.info-algerie.com\/actualites\/wp-json\/wp\/v2\/comments?post=13240"}],"version-history":[{"count":0,"href":"https:\/\/www.info-algerie.com\/actualites\/wp-json\/wp\/v2\/posts\/13240\/revisions"}],"wp:featuredmedia":[{"embeddable":true,"href":"https:\/\/www.info-algerie.com\/actualites\/wp-json\/wp\/v2\/media\/13241"}],"wp:attachment":[{"href":"https:\/\/www.info-algerie.com\/actualites\/wp-json\/wp\/v2\/media?parent=13240"}],"wp:term":[{"taxonomy":"category","embeddable":true,"href":"https:\/\/www.info-algerie.com\/actualites\/wp-json\/wp\/v2\/categories?post=13240"},{"taxonomy":"post_tag","embeddable":true,"href":"https:\/\/www.info-algerie.com\/actualites\/wp-json\/wp\/v2\/tags?post=13240"}],"curies":[{"name":"wp","href":"https:\/\/api.w.org\/{rel}","templated":true}]}}