{"id":133,"date":"2015-08-20T18:54:00","date_gmt":"2015-08-20T17:54:00","guid":{"rendered":"http:\/\/www.info-algerie.com\/actualites\/alexis-tsipras-annonce-sa-demission\/"},"modified":"2015-08-21T13:34:55","modified_gmt":"2015-08-21T12:34:55","slug":"alexis-tsipras-annonce-sa-demission","status":"publish","type":"post","link":"https:\/\/www.info-algerie.com\/actualites\/alexis-tsipras-annonce-sa-demission\/","title":{"rendered":"Alexis Tsipras annonce sa d\u00e9mission"},"content":{"rendered":"<p style=\"text-align: justify;\">Le Premier ministre grec, Alexis Tsipras a annonc\u00e9 ce jeudi soir sa d\u00e9mission. C&rsquo;\u00e9tait\u00a0lors d&rsquo;une allocution retransmise \u00e0 la t\u00e9l\u00e9vision.<\/p>\n<h2 style=\"text-align: justify;\">Alexis Tsipras<\/h2>\n<p style=\"text-align: justify;\">Il\u00a0a d\u00e9clar\u00e9 avoir pr\u00e9sent\u00e9 sa d\u00e9mission au pr\u00e9sident de la R\u00e9publique, et souhaite\u00a0\u00bbsoumettre son bilan\u00a0\u00bb au peuple grec\u00a0lors d&rsquo;\u00e9lections anticip\u00e9es qu&rsquo;il propose le 20 septembre prochain.<\/p>\n<p style=\"text-align: justify;\">L&rsquo;objectif de cette d\u00e9cision, qui n&rsquo;est pas une surprise pour ceux qui suive l&rsquo;actualit\u00e9 du pays, est de\u00a0consolider la majorit\u00e9 de <em>Tsipras<\/em>, au sein du parlement, et \u00e9galement au sein de son propre parti, <em>Syriza<\/em>,\u00a0d\u00e9chir\u00e9\u00a0depuis le vote sur le troisi\u00e8me plan d&rsquo;aide de l&rsquo;Union Europ\u00e9enne.<\/p>\n<p style=\"text-align: justify;\">Source: <a href=\"http:\/\/www.liberte-algerie.com\/international\/alexis-tsipras-annonce-sa-demission-231394\" target=\"_blank\">Alexis Tsipras annonce sa d\u00e9mission<\/a><\/p>\n<!--CusAds0-->\n<div style=\"font-size: 0px; height: 0px; line-height: 0px; margin: 0; padding: 0; clear: both;\"><\/div>","protected":false},"excerpt":{"rendered":"<p>Le Premier ministre grec, Alexis Tsipras a annonc\u00e9 ce jeudi soir sa d\u00e9mission. C&rsquo;\u00e9tait\u00a0lors d&rsquo;une allocution retransmise \u00e0 la t\u00e9l\u00e9vision. Alexis Tsipras Il\u00a0a d\u00e9clar\u00e9 avoir pr\u00e9sent\u00e9 sa d\u00e9mission au pr\u00e9sident de la R\u00e9publique, et souhaite\u00a0\u00bbsoumettre son bilan\u00a0\u00bb au peuple grec\u00a0lors d&rsquo;\u00e9lections anticip\u00e9es qu&rsquo;il propose le 20 septembre prochain. L&rsquo;objectif de cette d\u00e9cision, qui n&rsquo;est pas<\/p>\n","protected":false},"author":6,"featured_media":135,"comment_status":"open","ping_status":"open","sticky":false,"template":"","format":"standard","meta":{"footnotes":""},"categories":[11],"tags":[1,2],"class_list":["post-133","post","type-post","status-publish","format-standard","has-post-thumbnail","hentry","category-monde","tag-alexis-tsipras","tag-grece"],"yoast_head":"<!-- This site is optimized with the Yoast SEO plugin v27.5 - https:\/\/yoast.com\/product\/yoast-seo-wordpress\/ -->\n<title>Alexis Tsipras annonce sa d\u00e9mission au pr\u00e9sident<\/title>\n<meta name=\"description\" content=\"Alexis Tsipras annonce sa d\u00e9mission, il a d\u00e9clar\u00e9 avoir pr\u00e9sent\u00e9 sa d\u00e9mission au pr\u00e9sident et souhaite&quot;soumettre son bilan au peuple\" \/>\n<meta name=\"robots\" content=\"index, follow, max-snippet:-1, max-image-preview:large, max-video-preview:-1\" \/>\n<link rel=\"canonical\" href=\"https:\/\/www.info-algerie.com\/actualites\/alexis-tsipras-annonce-sa-demission\/\" \/>\n<meta property=\"og:locale\" content=\"fr_FR\" \/>\n<meta property=\"og:type\" content=\"article\" \/>\n<meta property=\"og:title\" content=\"Alexis Tsipras annonce sa d\u00e9mission au pr\u00e9sident\" \/>\n<meta property=\"og:description\" content=\"Alexis Tsipras annonce sa d\u00e9mission, il a d\u00e9clar\u00e9 avoir pr\u00e9sent\u00e9 sa d\u00e9mission au pr\u00e9sident et souhaite&quot;soumettre son bilan au peuple\" \/>\n<meta property=\"og:url\" content=\"https:\/\/www.info-algerie.com\/actualites\/alexis-tsipras-annonce-sa-demission\/\" \/>\n<meta property=\"og:site_name\" content=\"info algerie\" \/>\n<meta property=\"article:publisher\" content=\"https:\/\/www.facebook.com\/infoalgerieactu\" \/>\n<meta property=\"article:published_time\" content=\"2015-08-20T17:54:00+00:00\" \/>\n<meta property=\"article:modified_time\" content=\"2015-08-21T12:34:55+00:00\" \/>\n<meta property=\"og:image\" content=\"https:\/\/www.info-algerie.com\/actualites\/wp-content\/uploads\/2015\/08\/Alexis-Tsipras.jpg\" \/>\n\t<meta property=\"og:image:width\" content=\"620\" \/>\n\t<meta property=\"og:image:height\" content=\"410\" \/>\n\t<meta property=\"og:image:type\" content=\"image\/jpeg\" \/>\n<meta name=\"author\" content=\"La r\u00e9daction\" \/>\n<meta name=\"twitter:label1\" content=\"\u00c9crit par\" \/>\n\t<meta name=\"twitter:data1\" content=\"La r\u00e9daction\" \/>\n\t<meta name=\"twitter:label2\" content=\"Dur\u00e9e de lecture estim\u00e9e\" \/>\n\t<meta name=\"twitter:data2\" content=\"1 minute\" \/>\n<script type=\"application\/ld+json\" class=\"yoast-schema-graph\">{\"@context\":\"https:\\\/\\\/schema.org\",\"@graph\":[{\"@type\":\"Article\",\"@id\":\"https:\\\/\\\/www.info-algerie.com\\\/actualites\\\/alexis-tsipras-annonce-sa-demission\\\/#article\",\"isPartOf\":{\"@id\":\"https:\\\/\\\/www.info-algerie.com\\\/actualites\\\/alexis-tsipras-annonce-sa-demission\\\/\"},\"author\":{\"name\":\"La r\u00e9daction\",\"@id\":\"https:\\\/\\\/www.info-algerie.com\\\/actualites\\\/#\\\/schema\\\/person\\\/847aaec44920825b843a08f30ec6aa1e\"},\"headline\":\"Alexis Tsipras annonce sa d\u00e9mission\",\"datePublished\":\"2015-08-20T17:54:00+00:00\",\"dateModified\":\"2015-08-21T12:34:55+00:00\",\"mainEntityOfPage\":{\"@id\":\"https:\\\/\\\/www.info-algerie.com\\\/actualites\\\/alexis-tsipras-annonce-sa-demission\\\/\"},\"wordCount\":133,\"commentCount\":1,\"publisher\":{\"@id\":\"https:\\\/\\\/www.info-algerie.com\\\/actualites\\\/#organization\"},\"image\":{\"@id\":\"https:\\\/\\\/www.info-algerie.com\\\/actualites\\\/alexis-tsipras-annonce-sa-demission\\\/#primaryimage\"},\"thumbnailUrl\":\"https:\\\/\\\/www.info-algerie.com\\\/actualites\\\/wp-content\\\/uploads\\\/2015\\\/08\\\/Alexis-Tsipras.jpg\",\"keywords\":[\"Alexis Tsipras\",\"Gr\u00e9ce\"],\"articleSection\":[\"Monde\"],\"inLanguage\":\"fr-FR\",\"potentialAction\":[{\"@type\":\"CommentAction\",\"name\":\"Comment\",\"target\":[\"https:\\\/\\\/www.info-algerie.com\\\/actualites\\\/alexis-tsipras-annonce-sa-demission\\\/#respond\"]}]},{\"@type\":\"WebPage\",\"@id\":\"https:\\\/\\\/www.info-algerie.com\\\/actualites\\\/alexis-tsipras-annonce-sa-demission\\\/\",\"url\":\"https:\\\/\\\/www.info-algerie.com\\\/actualites\\\/alexis-tsipras-annonce-sa-demission\\\/\",\"name\":\"Alexis Tsipras annonce sa d\u00e9mission au pr\u00e9sident\",\"isPartOf\":{\"@id\":\"https:\\\/\\\/www.info-algerie.com\\\/actualites\\\/#website\"},\"primaryImageOfPage\":{\"@id\":\"https:\\\/\\\/www.info-algerie.com\\\/actualites\\\/alexis-tsipras-annonce-sa-demission\\\/#primaryimage\"},\"image\":{\"@id\":\"https:\\\/\\\/www.info-algerie.com\\\/actualites\\\/alexis-tsipras-annonce-sa-demission\\\/#primaryimage\"},\"thumbnailUrl\":\"https:\\\/\\\/www.info-algerie.com\\\/actualites\\\/wp-content\\\/uploads\\\/2015\\\/08\\\/Alexis-Tsipras.jpg\",\"datePublished\":\"2015-08-20T17:54:00+00:00\",\"dateModified\":\"2015-08-21T12:34:55+00:00\",\"description\":\"Alexis Tsipras annonce sa d\u00e9mission, il a d\u00e9clar\u00e9 avoir pr\u00e9sent\u00e9 sa d\u00e9mission au pr\u00e9sident et souhaite\\\"soumettre son bilan au peuple\",\"breadcrumb\":{\"@id\":\"https:\\\/\\\/www.info-algerie.com\\\/actualites\\\/alexis-tsipras-annonce-sa-demission\\\/#breadcrumb\"},\"inLanguage\":\"fr-FR\",\"potentialAction\":[{\"@type\":\"ReadAction\",\"target\":[\"https:\\\/\\\/www.info-algerie.com\\\/actualites\\\/alexis-tsipras-annonce-sa-demission\\\/\"]}]},{\"@type\":\"ImageObject\",\"inLanguage\":\"fr-FR\",\"@id\":\"https:\\\/\\\/www.info-algerie.com\\\/actualites\\\/alexis-tsipras-annonce-sa-demission\\\/#primaryimage\",\"url\":\"https:\\\/\\\/www.info-algerie.com\\\/actualites\\\/wp-content\\\/uploads\\\/2015\\\/08\\\/Alexis-Tsipras.jpg\",\"contentUrl\":\"https:\\\/\\\/www.info-algerie.com\\\/actualites\\\/wp-content\\\/uploads\\\/2015\\\/08\\\/Alexis-Tsipras.jpg\",\"width\":620,\"height\":410,\"caption\":\"Alexis Tsipras\"},{\"@type\":\"BreadcrumbList\",\"@id\":\"https:\\\/\\\/www.info-algerie.com\\\/actualites\\\/alexis-tsipras-annonce-sa-demission\\\/#breadcrumb\",\"itemListElement\":[{\"@type\":\"ListItem\",\"position\":1,\"name\":\"Accueil\",\"item\":\"https:\\\/\\\/www.info-algerie.com\\\/actualites\\\/\"},{\"@type\":\"ListItem\",\"position\":2,\"name\":\"Alexis Tsipras annonce sa d\u00e9mission\"}]},{\"@type\":\"WebSite\",\"@id\":\"https:\\\/\\\/www.info-algerie.com\\\/actualites\\\/#website\",\"url\":\"https:\\\/\\\/www.info-algerie.com\\\/actualites\\\/\",\"name\":\"info algerie\",\"description\":\"Toutes les actualit\u00e9s\",\"publisher\":{\"@id\":\"https:\\\/\\\/www.info-algerie.com\\\/actualites\\\/#organization\"},\"potentialAction\":[{\"@type\":\"SearchAction\",\"target\":{\"@type\":\"EntryPoint\",\"urlTemplate\":\"https:\\\/\\\/www.info-algerie.com\\\/actualites\\\/?s={search_term_string}\"},\"query-input\":{\"@type\":\"PropertyValueSpecification\",\"valueRequired\":true,\"valueName\":\"search_term_string\"}}],\"inLanguage\":\"fr-FR\"},{\"@type\":\"Organization\",\"@id\":\"https:\\\/\\\/www.info-algerie.com\\\/actualites\\\/#organization\",\"name\":\"info algerie\",\"url\":\"https:\\\/\\\/www.info-algerie.com\\\/actualites\\\/\",\"logo\":{\"@type\":\"ImageObject\",\"inLanguage\":\"fr-FR\",\"@id\":\"https:\\\/\\\/www.info-algerie.com\\\/actualites\\\/#\\\/schema\\\/logo\\\/image\\\/\",\"url\":\"https:\\\/\\\/www.info-algerie.com\\\/actualites\\\/wp-content\\\/uploads\\\/2022\\\/07\\\/logo-ia-120.png\",\"contentUrl\":\"https:\\\/\\\/www.info-algerie.com\\\/actualites\\\/wp-content\\\/uploads\\\/2022\\\/07\\\/logo-ia-120.png\",\"width\":120,\"height\":43,\"caption\":\"info algerie\"},\"image\":{\"@id\":\"https:\\\/\\\/www.info-algerie.com\\\/actualites\\\/#\\\/schema\\\/logo\\\/image\\\/\"},\"sameAs\":[\"https:\\\/\\\/www.facebook.com\\\/infoalgerieactu\",\"https:\\\/\\\/x.com\\\/infoalgerie1\"]},{\"@type\":\"Person\",\"@id\":\"https:\\\/\\\/www.info-algerie.com\\\/actualites\\\/#\\\/schema\\\/person\\\/847aaec44920825b843a08f30ec6aa1e\",\"name\":\"La r\u00e9daction\",\"image\":{\"@type\":\"ImageObject\",\"inLanguage\":\"fr-FR\",\"@id\":\"https:\\\/\\\/secure.gravatar.com\\\/avatar\\\/769db425c6f465158149f1ffd6cf61ce7a8a879d11dfbef8288af36dfddd418c?s=96&d=mm&r=g\",\"url\":\"https:\\\/\\\/secure.gravatar.com\\\/avatar\\\/769db425c6f465158149f1ffd6cf61ce7a8a879d11dfbef8288af36dfddd418c?s=96&d=mm&r=g\",\"contentUrl\":\"https:\\\/\\\/secure.gravatar.com\\\/avatar\\\/769db425c6f465158149f1ffd6cf61ce7a8a879d11dfbef8288af36dfddd418c?s=96&d=mm&r=g\",\"caption\":\"La r\u00e9daction\"},\"sameAs\":[\"http:\\\/\\\/www.lkeria.com\\\/\"],\"url\":\"https:\\\/\\\/www.info-algerie.com\\\/actualites\\\/author\\\/chakib32\\\/\"}]}<\/script>\n<!-- \/ Yoast SEO plugin. -->","yoast_head_json":{"title":"Alexis Tsipras annonce sa d\u00e9mission au pr\u00e9sident","description":"Alexis Tsipras annonce sa d\u00e9mission, il a d\u00e9clar\u00e9 avoir pr\u00e9sent\u00e9 sa d\u00e9mission au pr\u00e9sident et souhaite\"soumettre son bilan au peuple","robots":{"index":"index","follow":"follow","max-snippet":"max-snippet:-1","max-image-preview":"max-image-preview:large","max-video-preview":"max-video-preview:-1"},"canonical":"https:\/\/www.info-algerie.com\/actualites\/alexis-tsipras-annonce-sa-demission\/","og_locale":"fr_FR","og_type":"article","og_title":"Alexis Tsipras annonce sa d\u00e9mission au pr\u00e9sident","og_description":"Alexis Tsipras annonce sa d\u00e9mission, il a d\u00e9clar\u00e9 avoir pr\u00e9sent\u00e9 sa d\u00e9mission au pr\u00e9sident et souhaite\"soumettre son bilan au peuple","og_url":"https:\/\/www.info-algerie.com\/actualites\/alexis-tsipras-annonce-sa-demission\/","og_site_name":"info algerie","article_publisher":"https:\/\/www.facebook.com\/infoalgerieactu","article_published_time":"2015-08-20T17:54:00+00:00","article_modified_time":"2015-08-21T12:34:55+00:00","og_image":[{"width":620,"height":410,"url":"https:\/\/www.info-algerie.com\/actualites\/wp-content\/uploads\/2015\/08\/Alexis-Tsipras.jpg","type":"image\/jpeg"}],"author":"La r\u00e9daction","twitter_misc":{"\u00c9crit par":"La r\u00e9daction","Dur\u00e9e de lecture estim\u00e9e":"1 minute"},"schema":{"@context":"https:\/\/schema.org","@graph":[{"@type":"Article","@id":"https:\/\/www.info-algerie.com\/actualites\/alexis-tsipras-annonce-sa-demission\/#article","isPartOf":{"@id":"https:\/\/www.info-algerie.com\/actualites\/alexis-tsipras-annonce-sa-demission\/"},"author":{"name":"La r\u00e9daction","@id":"https:\/\/www.info-algerie.com\/actualites\/#\/schema\/person\/847aaec44920825b843a08f30ec6aa1e"},"headline":"Alexis Tsipras annonce sa d\u00e9mission","datePublished":"2015-08-20T17:54:00+00:00","dateModified":"2015-08-21T12:34:55+00:00","mainEntityOfPage":{"@id":"https:\/\/www.info-algerie.com\/actualites\/alexis-tsipras-annonce-sa-demission\/"},"wordCount":133,"commentCount":1,"publisher":{"@id":"https:\/\/www.info-algerie.com\/actualites\/#organization"},"image":{"@id":"https:\/\/www.info-algerie.com\/actualites\/alexis-tsipras-annonce-sa-demission\/#primaryimage"},"thumbnailUrl":"https:\/\/www.info-algerie.com\/actualites\/wp-content\/uploads\/2015\/08\/Alexis-Tsipras.jpg","keywords":["Alexis Tsipras","Gr\u00e9ce"],"articleSection":["Monde"],"inLanguage":"fr-FR","potentialAction":[{"@type":"CommentAction","name":"Comment","target":["https:\/\/www.info-algerie.com\/actualites\/alexis-tsipras-annonce-sa-demission\/#respond"]}]},{"@type":"WebPage","@id":"https:\/\/www.info-algerie.com\/actualites\/alexis-tsipras-annonce-sa-demission\/","url":"https:\/\/www.info-algerie.com\/actualites\/alexis-tsipras-annonce-sa-demission\/","name":"Alexis Tsipras annonce sa d\u00e9mission au pr\u00e9sident","isPartOf":{"@id":"https:\/\/www.info-algerie.com\/actualites\/#website"},"primaryImageOfPage":{"@id":"https:\/\/www.info-algerie.com\/actualites\/alexis-tsipras-annonce-sa-demission\/#primaryimage"},"image":{"@id":"https:\/\/www.info-algerie.com\/actualites\/alexis-tsipras-annonce-sa-demission\/#primaryimage"},"thumbnailUrl":"https:\/\/www.info-algerie.com\/actualites\/wp-content\/uploads\/2015\/08\/Alexis-Tsipras.jpg","datePublished":"2015-08-20T17:54:00+00:00","dateModified":"2015-08-21T12:34:55+00:00","description":"Alexis Tsipras annonce sa d\u00e9mission, il a d\u00e9clar\u00e9 avoir pr\u00e9sent\u00e9 sa d\u00e9mission au pr\u00e9sident et souhaite\"soumettre son bilan au peuple","breadcrumb":{"@id":"https:\/\/www.info-algerie.com\/actualites\/alexis-tsipras-annonce-sa-demission\/#breadcrumb"},"inLanguage":"fr-FR","potentialAction":[{"@type":"ReadAction","target":["https:\/\/www.info-algerie.com\/actualites\/alexis-tsipras-annonce-sa-demission\/"]}]},{"@type":"ImageObject","inLanguage":"fr-FR","@id":"https:\/\/www.info-algerie.com\/actualites\/alexis-tsipras-annonce-sa-demission\/#primaryimage","url":"https:\/\/www.info-algerie.com\/actualites\/wp-content\/uploads\/2015\/08\/Alexis-Tsipras.jpg","contentUrl":"https:\/\/www.info-algerie.com\/actualites\/wp-content\/uploads\/2015\/08\/Alexis-Tsipras.jpg","width":620,"height":410,"caption":"Alexis Tsipras"},{"@type":"BreadcrumbList","@id":"https:\/\/www.info-algerie.com\/actualites\/alexis-tsipras-annonce-sa-demission\/#breadcrumb","itemListElement":[{"@type":"ListItem","position":1,"name":"Accueil","item":"https:\/\/www.info-algerie.com\/actualites\/"},{"@type":"ListItem","position":2,"name":"Alexis Tsipras annonce sa d\u00e9mission"}]},{"@type":"WebSite","@id":"https:\/\/www.info-algerie.com\/actualites\/#website","url":"https:\/\/www.info-algerie.com\/actualites\/","name":"info algerie","description":"Toutes les actualit\u00e9s","publisher":{"@id":"https:\/\/www.info-algerie.com\/actualites\/#organization"},"potentialAction":[{"@type":"SearchAction","target":{"@type":"EntryPoint","urlTemplate":"https:\/\/www.info-algerie.com\/actualites\/?s={search_term_string}"},"query-input":{"@type":"PropertyValueSpecification","valueRequired":true,"valueName":"search_term_string"}}],"inLanguage":"fr-FR"},{"@type":"Organization","@id":"https:\/\/www.info-algerie.com\/actualites\/#organization","name":"info algerie","url":"https:\/\/www.info-algerie.com\/actualites\/","logo":{"@type":"ImageObject","inLanguage":"fr-FR","@id":"https:\/\/www.info-algerie.com\/actualites\/#\/schema\/logo\/image\/","url":"https:\/\/www.info-algerie.com\/actualites\/wp-content\/uploads\/2022\/07\/logo-ia-120.png","contentUrl":"https:\/\/www.info-algerie.com\/actualites\/wp-content\/uploads\/2022\/07\/logo-ia-120.png","width":120,"height":43,"caption":"info algerie"},"image":{"@id":"https:\/\/www.info-algerie.com\/actualites\/#\/schema\/logo\/image\/"},"sameAs":["https:\/\/www.facebook.com\/infoalgerieactu","https:\/\/x.com\/infoalgerie1"]},{"@type":"Person","@id":"https:\/\/www.info-algerie.com\/actualites\/#\/schema\/person\/847aaec44920825b843a08f30ec6aa1e","name":"La r\u00e9daction","image":{"@type":"ImageObject","inLanguage":"fr-FR","@id":"https:\/\/secure.gravatar.com\/avatar\/769db425c6f465158149f1ffd6cf61ce7a8a879d11dfbef8288af36dfddd418c?s=96&d=mm&r=g","url":"https:\/\/secure.gravatar.com\/avatar\/769db425c6f465158149f1ffd6cf61ce7a8a879d11dfbef8288af36dfddd418c?s=96&d=mm&r=g","contentUrl":"https:\/\/secure.gravatar.com\/avatar\/769db425c6f465158149f1ffd6cf61ce7a8a879d11dfbef8288af36dfddd418c?s=96&d=mm&r=g","caption":"La r\u00e9daction"},"sameAs":["http:\/\/www.lkeria.com\/"],"url":"https:\/\/www.info-algerie.com\/actualites\/author\/chakib32\/"}]}},"_links":{"self":[{"href":"https:\/\/www.info-algerie.com\/actualites\/wp-json\/wp\/v2\/posts\/133","targetHints":{"allow":["GET"]}}],"collection":[{"href":"https:\/\/www.info-algerie.com\/actualites\/wp-json\/wp\/v2\/posts"}],"about":[{"href":"https:\/\/www.info-algerie.com\/actualites\/wp-json\/wp\/v2\/types\/post"}],"author":[{"embeddable":true,"href":"https:\/\/www.info-algerie.com\/actualites\/wp-json\/wp\/v2\/users\/6"}],"replies":[{"embeddable":true,"href":"https:\/\/www.info-algerie.com\/actualites\/wp-json\/wp\/v2\/comments?post=133"}],"version-history":[{"count":2,"href":"https:\/\/www.info-algerie.com\/actualites\/wp-json\/wp\/v2\/posts\/133\/revisions"}],"predecessor-version":[{"id":136,"href":"https:\/\/www.info-algerie.com\/actualites\/wp-json\/wp\/v2\/posts\/133\/revisions\/136"}],"wp:featuredmedia":[{"embeddable":true,"href":"https:\/\/www.info-algerie.com\/actualites\/wp-json\/wp\/v2\/media\/135"}],"wp:attachment":[{"href":"https:\/\/www.info-algerie.com\/actualites\/wp-json\/wp\/v2\/media?parent=133"}],"wp:term":[{"taxonomy":"category","embeddable":true,"href":"https:\/\/www.info-algerie.com\/actualites\/wp-json\/wp\/v2\/categories?post=133"},{"taxonomy":"post_tag","embeddable":true,"href":"https:\/\/www.info-algerie.com\/actualites\/wp-json\/wp\/v2\/tags?post=133"}],"curies":[{"name":"wp","href":"https:\/\/api.w.org\/{rel}","templated":true}]}}