{"id":13306,"date":"2017-06-18T15:18:43","date_gmt":"2017-06-18T14:18:43","guid":{"rendered":"http:\/\/www.info-algerie.com\/actualites\/plan-daction-la-reforme-de-la-justice-fera-lobjet-dun-approfondissement-dans-ses-principaux-axes\/"},"modified":"2017-06-18T15:18:43","modified_gmt":"2017-06-18T14:18:43","slug":"plan-daction-la-reforme-de-la-justice-fera-lobjet-dun-approfondissement-dans-ses-principaux-axes","status":"publish","type":"post","link":"https:\/\/www.info-algerie.com\/actualites\/plan-daction-la-reforme-de-la-justice-fera-lobjet-dun-approfondissement-dans-ses-principaux-axes\/","title":{"rendered":"Plan d\u2019action: la r\u00e9forme de la justice fera l&#039;objet d&#039;un approfondissement dans ses principaux axes"},"content":{"rendered":"<div class=\"K2FeedImage\"><img decoding=\"async\" src=\"https:\/\/www.info-algerie.com\/actualites\/wp-content\/uploads\/2017\/06\/da92f24d7babcb617dd7934acbe1d873_S.jpg\" alt=\"Plan d&#x2019;action: la r&#xE9;forme de la justice fera l'objet d'un approfondissement dans ses principaux axes\" \/><\/div>\n<div class=\"K2FeedIntroText\">\n<p>ALGER &#8211; La r\u00e9forme de la justice fera l&rsquo;objet \u00ab\u00a0d&rsquo;un approfondissement\u00a0\u00bb\u00a0 dans ses \u00ab\u00a0principaux axes\u00a0\u00bb notamment ceux li\u00e9s \u00e0 la protection des droits et des libert\u00e9s ainsi qu&rsquo;\u00e0 la protection de la soci\u00e9t\u00e9 contre toutes les formes de criminalit\u00e9, selon un des axes du plan d&rsquo;action du gouvernement qui sera pr\u00e9sent\u00e9 mardi devant l&rsquo;Assembl\u00e9 nationale populaire et dont l&rsquo;APS a obtenu une copie.<\/p>\n<p>&#013;\n<\/p><\/div>\n<div class=\"K2FeedFullText\">&#013;<\/p>\n<p>La consolidation de l&rsquo;Etat de droit constitue l&rsquo;objectif \u00ab\u00a0permanent du processus de r\u00e9forme de la justice\u00a0\u00bb, qui fera l&rsquo;objet \u00ab\u00a0d&rsquo;un approfondissement\u00a0\u00bb\u00a0 dans ses \u00ab\u00a0principaux axes\u00a0\u00bb notamment ceux li\u00e9s \u00e0 la protection des droits et des libert\u00e9s ainsi qu&rsquo;\u00e0 la protection de la soci\u00e9t\u00e9 contre toutes les formes de criminalit\u00e9 et \u00e0 l&rsquo;accompagnement des\u00a0 nouvelles orientations \u00e9conomiques.<\/p>\n<p>&#013;<\/p>\n<p>Le gouvernement poursuivra, dans ce sillage, l&rsquo;adaptation du dispositif normatif, \u00e0 travers la r\u00e9vision, du code p\u00e9nal, du code de proc\u00e9dure p\u00e9nale, de la loi relative \u00e0 la pr\u00e9vention et \u00e0 la r\u00e9pression de l&rsquo;usage et du trafic illicites de stup\u00e9fiants et de substances psychotropes et du code de l&rsquo;organisation p\u00e9nitentiaire et de la r\u00e9insertion sociale des d\u00e9tenus.<\/p>\n<p>&#013;<\/p>\n<p>La lutte contre la criminalit\u00e9 sera \u00ab\u00a0renforc\u00e9e\u00a0\u00bb par une mise en \u0153uvre \u00ab\u00a0plus efficace\u00a0\u00bb des nouveaux instruments de politique p\u00e9nale qui cibleront en particulier la d\u00e9linquance urbaine, la criminalit\u00e9 \u00e9conomique et financi\u00e8re ainsi que le crime organis\u00e9 et le terrorisme et la cybercriminalit\u00e9.<\/p>\n<p>&#013;<\/p>\n<p>Aussi le gouvernement de Abdelmadjid Tebboune s&rsquo;attachera dans le cadre de la d\u00e9marche \u00ab\u00a0globale et coh\u00e9rente\u00a0\u00bb, \u00e0 mettre en place des m\u00e9canismes qui permettront notamment, la mise en place d&rsquo;une politique de pr\u00e9vention impliquant l&rsquo;ensemble des secteurs concern\u00e9s ainsi que les diff\u00e9rents segments de la soci\u00e9t\u00e9 civile, la poursuite de l&rsquo;am\u00e9lioration du niveau de coordination entre les institutions et les services charg\u00e9s de la lutte contre les infractions financi\u00e8res \u00e9conomiques.<\/p>\n<p>&#013;<\/p>\n<p>Il s&rsquo;agira \u00e9galement du renforcement du dispositif de \u00ab\u00a0transparence et d&rsquo;int\u00e9grit\u00e9\u00a0\u00bb dans les diff\u00e9rents domaines de la vie publique afin de pr\u00e9venir \u00ab\u00a0les conflits d&rsquo;int\u00e9r\u00eats et le favoritisme et autre d\u00e9viations\u00a0\u00bb.<\/p>\n<p>&#013;<\/p>\n<p>En vertu du principe de la libert\u00e9 d&rsquo;investissement et de commerce et dans le but d&rsquo;am\u00e9liorer le climat des affaires, il sera proc\u00e9d\u00e9 \u00e0 la r\u00e9vision des textes l\u00e9gislatifs y aff\u00e9rent dont, le code civil, notamment dans son volet relatif aux s\u00fbret\u00e9s r\u00e9elles afin d&rsquo;offrir des garanties \u00ab\u00a0plus efficace\u00a0\u00bb aux transactions financi\u00e8res, la r\u00e9pression de l&rsquo;infraction \u00e0 la\u00a0 l\u00e9gislation et \u00e0 la r\u00e9glementation des changes et des mouvements des capitaux de et vers l&rsquo;\u00e9tranger.<\/p>\n<p>&#013;<\/p>\n<p class=\"MsoNormal\">Dans le cadre de son programme relatif \u00e0 l&rsquo;am\u00e9lioration des performances de la justice, il est pr\u00e9vu de poursuivre les efforts tendant \u00e0 la modernisation des moyens et m\u00e9thodes de travail \u00e0 travers la mise en \u0153uvre du nouveau syst\u00e8me de formation au profit des magistrats.\u00a0<\/p>\n<\/div>\n<p>&#013;<br \/>\nSource: <a href=\"http:\/\/www.aps.dz\/algerie\/59060-plan-d-action-la-reforme-de-la-justice-fera-l-objet-d-un-approfondissement-dans-ses-principaux-axes\" target=\"_blank\">Plan d\u2019action: la r\u00e9forme de la justice fera l&rsquo;objet d&rsquo;un approfondissement dans ses principaux axes<\/a><\/p>\n<!--CusAds0-->\n<div style=\"font-size: 0px; height: 0px; line-height: 0px; margin: 0; padding: 0; clear: both;\"><\/div>","protected":false},"excerpt":{"rendered":"<p>ALGER &#8211; La r\u00e9forme de la justice fera l&rsquo;objet \u00ab\u00a0d&rsquo;un approfondissement\u00a0\u00bb\u00a0 dans ses \u00ab\u00a0principaux axes\u00a0\u00bb notamment ceux li\u00e9s \u00e0 la protection des droits et des libert\u00e9s ainsi qu&rsquo;\u00e0 la protection de la soci\u00e9t\u00e9 contre toutes les formes de criminalit\u00e9, selon un des axes du plan d&rsquo;action du gouvernement qui sera pr\u00e9sent\u00e9 mardi devant l&rsquo;Assembl\u00e9 nationale<\/p>\n","protected":false},"author":6,"featured_media":13307,"comment_status":"open","ping_status":"open","sticky":false,"template":"","format":"standard","meta":{"footnotes":""},"categories":[22],"tags":[93],"class_list":["post-13306","post","type-post","status-publish","format-standard","has-post-thumbnail","hentry","category-infos","tag-onu"],"yoast_head":"<!-- This site is optimized with the Yoast SEO plugin v27.5 - https:\/\/yoast.com\/product\/yoast-seo-wordpress\/ -->\n<title>Plan d\u2019action: la r\u00e9forme de la justice fera l&#039;objet d&#039;un approfondissement dans ses principaux axes - info algerie<\/title>\n<meta name=\"robots\" content=\"index, follow, max-snippet:-1, max-image-preview:large, max-video-preview:-1\" \/>\n<link rel=\"canonical\" href=\"https:\/\/www.info-algerie.com\/actualites\/plan-daction-la-reforme-de-la-justice-fera-lobjet-dun-approfondissement-dans-ses-principaux-axes\/\" \/>\n<meta property=\"og:locale\" content=\"fr_FR\" \/>\n<meta property=\"og:type\" content=\"article\" \/>\n<meta property=\"og:title\" content=\"Plan d\u2019action: la r\u00e9forme de la justice fera l&#039;objet d&#039;un approfondissement dans ses principaux axes - info algerie\" \/>\n<meta property=\"og:description\" content=\"ALGER &#8211; La r\u00e9forme de la justice fera l&rsquo;objet \u00ab\u00a0d&rsquo;un approfondissement\u00a0\u00bb\u00a0 dans ses \u00ab\u00a0principaux axes\u00a0\u00bb notamment ceux li\u00e9s \u00e0 la protection des droits et des libert\u00e9s ainsi qu&rsquo;\u00e0 la protection de la soci\u00e9t\u00e9 contre toutes les formes de criminalit\u00e9, selon un des axes du plan d&rsquo;action du gouvernement qui sera pr\u00e9sent\u00e9 mardi devant l&rsquo;Assembl\u00e9 nationale\" \/>\n<meta property=\"og:url\" content=\"https:\/\/www.info-algerie.com\/actualites\/plan-daction-la-reforme-de-la-justice-fera-lobjet-dun-approfondissement-dans-ses-principaux-axes\/\" \/>\n<meta property=\"og:site_name\" content=\"info algerie\" \/>\n<meta property=\"article:publisher\" content=\"https:\/\/www.facebook.com\/infoalgerieactu\" \/>\n<meta property=\"article:published_time\" content=\"2017-06-18T14:18:43+00:00\" \/>\n<meta property=\"og:image\" content=\"https:\/\/www.info-algerie.com\/actualites\/wp-content\/uploads\/2017\/06\/da92f24d7babcb617dd7934acbe1d873_S-1.jpg\" \/>\n\t<meta property=\"og:image:width\" content=\"280\" \/>\n\t<meta property=\"og:image:height\" content=\"169\" \/>\n\t<meta property=\"og:image:type\" content=\"image\/jpeg\" \/>\n<meta name=\"author\" content=\"La r\u00e9daction\" \/>\n<meta name=\"twitter:label1\" content=\"\u00c9crit par\" \/>\n\t<meta name=\"twitter:data1\" content=\"La r\u00e9daction\" \/>\n\t<meta name=\"twitter:label2\" content=\"Dur\u00e9e de lecture estim\u00e9e\" \/>\n\t<meta name=\"twitter:data2\" content=\"3 minutes\" \/>\n<script type=\"application\/ld+json\" class=\"yoast-schema-graph\">{\"@context\":\"https:\\\/\\\/schema.org\",\"@graph\":[{\"@type\":\"Article\",\"@id\":\"https:\\\/\\\/www.info-algerie.com\\\/actualites\\\/plan-daction-la-reforme-de-la-justice-fera-lobjet-dun-approfondissement-dans-ses-principaux-axes\\\/#article\",\"isPartOf\":{\"@id\":\"https:\\\/\\\/www.info-algerie.com\\\/actualites\\\/plan-daction-la-reforme-de-la-justice-fera-lobjet-dun-approfondissement-dans-ses-principaux-axes\\\/\"},\"author\":{\"name\":\"La r\u00e9daction\",\"@id\":\"https:\\\/\\\/www.info-algerie.com\\\/actualites\\\/#\\\/schema\\\/person\\\/847aaec44920825b843a08f30ec6aa1e\"},\"headline\":\"Plan d\u2019action: la r\u00e9forme de la justice fera l&#039;objet d&#039;un approfondissement dans ses principaux axes\",\"datePublished\":\"2017-06-18T14:18:43+00:00\",\"mainEntityOfPage\":{\"@id\":\"https:\\\/\\\/www.info-algerie.com\\\/actualites\\\/plan-daction-la-reforme-de-la-justice-fera-lobjet-dun-approfondissement-dans-ses-principaux-axes\\\/\"},\"wordCount\":548,\"commentCount\":0,\"publisher\":{\"@id\":\"https:\\\/\\\/www.info-algerie.com\\\/actualites\\\/#organization\"},\"image\":{\"@id\":\"https:\\\/\\\/www.info-algerie.com\\\/actualites\\\/plan-daction-la-reforme-de-la-justice-fera-lobjet-dun-approfondissement-dans-ses-principaux-axes\\\/#primaryimage\"},\"thumbnailUrl\":\"https:\\\/\\\/www.info-algerie.com\\\/actualites\\\/wp-content\\\/uploads\\\/2017\\\/06\\\/da92f24d7babcb617dd7934acbe1d873_S-1.jpg\",\"keywords\":[\"ONU\"],\"articleSection\":[\"infos\"],\"inLanguage\":\"fr-FR\",\"potentialAction\":[{\"@type\":\"CommentAction\",\"name\":\"Comment\",\"target\":[\"https:\\\/\\\/www.info-algerie.com\\\/actualites\\\/plan-daction-la-reforme-de-la-justice-fera-lobjet-dun-approfondissement-dans-ses-principaux-axes\\\/#respond\"]}]},{\"@type\":\"WebPage\",\"@id\":\"https:\\\/\\\/www.info-algerie.com\\\/actualites\\\/plan-daction-la-reforme-de-la-justice-fera-lobjet-dun-approfondissement-dans-ses-principaux-axes\\\/\",\"url\":\"https:\\\/\\\/www.info-algerie.com\\\/actualites\\\/plan-daction-la-reforme-de-la-justice-fera-lobjet-dun-approfondissement-dans-ses-principaux-axes\\\/\",\"name\":\"Plan d\u2019action: la r\u00e9forme de la justice fera l&#039;objet d&#039;un approfondissement dans ses principaux axes - info algerie\",\"isPartOf\":{\"@id\":\"https:\\\/\\\/www.info-algerie.com\\\/actualites\\\/#website\"},\"primaryImageOfPage\":{\"@id\":\"https:\\\/\\\/www.info-algerie.com\\\/actualites\\\/plan-daction-la-reforme-de-la-justice-fera-lobjet-dun-approfondissement-dans-ses-principaux-axes\\\/#primaryimage\"},\"image\":{\"@id\":\"https:\\\/\\\/www.info-algerie.com\\\/actualites\\\/plan-daction-la-reforme-de-la-justice-fera-lobjet-dun-approfondissement-dans-ses-principaux-axes\\\/#primaryimage\"},\"thumbnailUrl\":\"https:\\\/\\\/www.info-algerie.com\\\/actualites\\\/wp-content\\\/uploads\\\/2017\\\/06\\\/da92f24d7babcb617dd7934acbe1d873_S-1.jpg\",\"datePublished\":\"2017-06-18T14:18:43+00:00\",\"breadcrumb\":{\"@id\":\"https:\\\/\\\/www.info-algerie.com\\\/actualites\\\/plan-daction-la-reforme-de-la-justice-fera-lobjet-dun-approfondissement-dans-ses-principaux-axes\\\/#breadcrumb\"},\"inLanguage\":\"fr-FR\",\"potentialAction\":[{\"@type\":\"ReadAction\",\"target\":[\"https:\\\/\\\/www.info-algerie.com\\\/actualites\\\/plan-daction-la-reforme-de-la-justice-fera-lobjet-dun-approfondissement-dans-ses-principaux-axes\\\/\"]}]},{\"@type\":\"ImageObject\",\"inLanguage\":\"fr-FR\",\"@id\":\"https:\\\/\\\/www.info-algerie.com\\\/actualites\\\/plan-daction-la-reforme-de-la-justice-fera-lobjet-dun-approfondissement-dans-ses-principaux-axes\\\/#primaryimage\",\"url\":\"https:\\\/\\\/www.info-algerie.com\\\/actualites\\\/wp-content\\\/uploads\\\/2017\\\/06\\\/da92f24d7babcb617dd7934acbe1d873_S-1.jpg\",\"contentUrl\":\"https:\\\/\\\/www.info-algerie.com\\\/actualites\\\/wp-content\\\/uploads\\\/2017\\\/06\\\/da92f24d7babcb617dd7934acbe1d873_S-1.jpg\",\"width\":280,\"height\":169},{\"@type\":\"BreadcrumbList\",\"@id\":\"https:\\\/\\\/www.info-algerie.com\\\/actualites\\\/plan-daction-la-reforme-de-la-justice-fera-lobjet-dun-approfondissement-dans-ses-principaux-axes\\\/#breadcrumb\",\"itemListElement\":[{\"@type\":\"ListItem\",\"position\":1,\"name\":\"Accueil\",\"item\":\"https:\\\/\\\/www.info-algerie.com\\\/actualites\\\/\"},{\"@type\":\"ListItem\",\"position\":2,\"name\":\"Plan d\u2019action: la r\u00e9forme de la justice fera l&#039;objet d&#039;un approfondissement dans ses principaux axes\"}]},{\"@type\":\"WebSite\",\"@id\":\"https:\\\/\\\/www.info-algerie.com\\\/actualites\\\/#website\",\"url\":\"https:\\\/\\\/www.info-algerie.com\\\/actualites\\\/\",\"name\":\"info algerie\",\"description\":\"Toutes les actualit\u00e9s\",\"publisher\":{\"@id\":\"https:\\\/\\\/www.info-algerie.com\\\/actualites\\\/#organization\"},\"potentialAction\":[{\"@type\":\"SearchAction\",\"target\":{\"@type\":\"EntryPoint\",\"urlTemplate\":\"https:\\\/\\\/www.info-algerie.com\\\/actualites\\\/?s={search_term_string}\"},\"query-input\":{\"@type\":\"PropertyValueSpecification\",\"valueRequired\":true,\"valueName\":\"search_term_string\"}}],\"inLanguage\":\"fr-FR\"},{\"@type\":\"Organization\",\"@id\":\"https:\\\/\\\/www.info-algerie.com\\\/actualites\\\/#organization\",\"name\":\"info algerie\",\"url\":\"https:\\\/\\\/www.info-algerie.com\\\/actualites\\\/\",\"logo\":{\"@type\":\"ImageObject\",\"inLanguage\":\"fr-FR\",\"@id\":\"https:\\\/\\\/www.info-algerie.com\\\/actualites\\\/#\\\/schema\\\/logo\\\/image\\\/\",\"url\":\"https:\\\/\\\/www.info-algerie.com\\\/actualites\\\/wp-content\\\/uploads\\\/2022\\\/07\\\/logo-ia-120.png\",\"contentUrl\":\"https:\\\/\\\/www.info-algerie.com\\\/actualites\\\/wp-content\\\/uploads\\\/2022\\\/07\\\/logo-ia-120.png\",\"width\":120,\"height\":43,\"caption\":\"info algerie\"},\"image\":{\"@id\":\"https:\\\/\\\/www.info-algerie.com\\\/actualites\\\/#\\\/schema\\\/logo\\\/image\\\/\"},\"sameAs\":[\"https:\\\/\\\/www.facebook.com\\\/infoalgerieactu\",\"https:\\\/\\\/x.com\\\/infoalgerie1\"]},{\"@type\":\"Person\",\"@id\":\"https:\\\/\\\/www.info-algerie.com\\\/actualites\\\/#\\\/schema\\\/person\\\/847aaec44920825b843a08f30ec6aa1e\",\"name\":\"La r\u00e9daction\",\"image\":{\"@type\":\"ImageObject\",\"inLanguage\":\"fr-FR\",\"@id\":\"https:\\\/\\\/secure.gravatar.com\\\/avatar\\\/769db425c6f465158149f1ffd6cf61ce7a8a879d11dfbef8288af36dfddd418c?s=96&d=mm&r=g\",\"url\":\"https:\\\/\\\/secure.gravatar.com\\\/avatar\\\/769db425c6f465158149f1ffd6cf61ce7a8a879d11dfbef8288af36dfddd418c?s=96&d=mm&r=g\",\"contentUrl\":\"https:\\\/\\\/secure.gravatar.com\\\/avatar\\\/769db425c6f465158149f1ffd6cf61ce7a8a879d11dfbef8288af36dfddd418c?s=96&d=mm&r=g\",\"caption\":\"La r\u00e9daction\"},\"sameAs\":[\"http:\\\/\\\/www.lkeria.com\\\/\"],\"url\":\"https:\\\/\\\/www.info-algerie.com\\\/actualites\\\/author\\\/chakib32\\\/\"}]}<\/script>\n<!-- \/ Yoast SEO plugin. -->","yoast_head_json":{"title":"Plan d\u2019action: la r\u00e9forme de la justice fera l&#039;objet d&#039;un approfondissement dans ses principaux axes - info algerie","robots":{"index":"index","follow":"follow","max-snippet":"max-snippet:-1","max-image-preview":"max-image-preview:large","max-video-preview":"max-video-preview:-1"},"canonical":"https:\/\/www.info-algerie.com\/actualites\/plan-daction-la-reforme-de-la-justice-fera-lobjet-dun-approfondissement-dans-ses-principaux-axes\/","og_locale":"fr_FR","og_type":"article","og_title":"Plan d\u2019action: la r\u00e9forme de la justice fera l&#039;objet d&#039;un approfondissement dans ses principaux axes - info algerie","og_description":"ALGER &#8211; La r\u00e9forme de la justice fera l&rsquo;objet \u00ab\u00a0d&rsquo;un approfondissement\u00a0\u00bb\u00a0 dans ses \u00ab\u00a0principaux axes\u00a0\u00bb notamment ceux li\u00e9s \u00e0 la protection des droits et des libert\u00e9s ainsi qu&rsquo;\u00e0 la protection de la soci\u00e9t\u00e9 contre toutes les formes de criminalit\u00e9, selon un des axes du plan d&rsquo;action du gouvernement qui sera pr\u00e9sent\u00e9 mardi devant l&rsquo;Assembl\u00e9 nationale","og_url":"https:\/\/www.info-algerie.com\/actualites\/plan-daction-la-reforme-de-la-justice-fera-lobjet-dun-approfondissement-dans-ses-principaux-axes\/","og_site_name":"info algerie","article_publisher":"https:\/\/www.facebook.com\/infoalgerieactu","article_published_time":"2017-06-18T14:18:43+00:00","og_image":[{"width":280,"height":169,"url":"https:\/\/www.info-algerie.com\/actualites\/wp-content\/uploads\/2017\/06\/da92f24d7babcb617dd7934acbe1d873_S-1.jpg","type":"image\/jpeg"}],"author":"La r\u00e9daction","twitter_misc":{"\u00c9crit par":"La r\u00e9daction","Dur\u00e9e de lecture estim\u00e9e":"3 minutes"},"schema":{"@context":"https:\/\/schema.org","@graph":[{"@type":"Article","@id":"https:\/\/www.info-algerie.com\/actualites\/plan-daction-la-reforme-de-la-justice-fera-lobjet-dun-approfondissement-dans-ses-principaux-axes\/#article","isPartOf":{"@id":"https:\/\/www.info-algerie.com\/actualites\/plan-daction-la-reforme-de-la-justice-fera-lobjet-dun-approfondissement-dans-ses-principaux-axes\/"},"author":{"name":"La r\u00e9daction","@id":"https:\/\/www.info-algerie.com\/actualites\/#\/schema\/person\/847aaec44920825b843a08f30ec6aa1e"},"headline":"Plan d\u2019action: la r\u00e9forme de la justice fera l&#039;objet d&#039;un approfondissement dans ses principaux axes","datePublished":"2017-06-18T14:18:43+00:00","mainEntityOfPage":{"@id":"https:\/\/www.info-algerie.com\/actualites\/plan-daction-la-reforme-de-la-justice-fera-lobjet-dun-approfondissement-dans-ses-principaux-axes\/"},"wordCount":548,"commentCount":0,"publisher":{"@id":"https:\/\/www.info-algerie.com\/actualites\/#organization"},"image":{"@id":"https:\/\/www.info-algerie.com\/actualites\/plan-daction-la-reforme-de-la-justice-fera-lobjet-dun-approfondissement-dans-ses-principaux-axes\/#primaryimage"},"thumbnailUrl":"https:\/\/www.info-algerie.com\/actualites\/wp-content\/uploads\/2017\/06\/da92f24d7babcb617dd7934acbe1d873_S-1.jpg","keywords":["ONU"],"articleSection":["infos"],"inLanguage":"fr-FR","potentialAction":[{"@type":"CommentAction","name":"Comment","target":["https:\/\/www.info-algerie.com\/actualites\/plan-daction-la-reforme-de-la-justice-fera-lobjet-dun-approfondissement-dans-ses-principaux-axes\/#respond"]}]},{"@type":"WebPage","@id":"https:\/\/www.info-algerie.com\/actualites\/plan-daction-la-reforme-de-la-justice-fera-lobjet-dun-approfondissement-dans-ses-principaux-axes\/","url":"https:\/\/www.info-algerie.com\/actualites\/plan-daction-la-reforme-de-la-justice-fera-lobjet-dun-approfondissement-dans-ses-principaux-axes\/","name":"Plan d\u2019action: la r\u00e9forme de la justice fera l&#039;objet d&#039;un approfondissement dans ses principaux axes - info algerie","isPartOf":{"@id":"https:\/\/www.info-algerie.com\/actualites\/#website"},"primaryImageOfPage":{"@id":"https:\/\/www.info-algerie.com\/actualites\/plan-daction-la-reforme-de-la-justice-fera-lobjet-dun-approfondissement-dans-ses-principaux-axes\/#primaryimage"},"image":{"@id":"https:\/\/www.info-algerie.com\/actualites\/plan-daction-la-reforme-de-la-justice-fera-lobjet-dun-approfondissement-dans-ses-principaux-axes\/#primaryimage"},"thumbnailUrl":"https:\/\/www.info-algerie.com\/actualites\/wp-content\/uploads\/2017\/06\/da92f24d7babcb617dd7934acbe1d873_S-1.jpg","datePublished":"2017-06-18T14:18:43+00:00","breadcrumb":{"@id":"https:\/\/www.info-algerie.com\/actualites\/plan-daction-la-reforme-de-la-justice-fera-lobjet-dun-approfondissement-dans-ses-principaux-axes\/#breadcrumb"},"inLanguage":"fr-FR","potentialAction":[{"@type":"ReadAction","target":["https:\/\/www.info-algerie.com\/actualites\/plan-daction-la-reforme-de-la-justice-fera-lobjet-dun-approfondissement-dans-ses-principaux-axes\/"]}]},{"@type":"ImageObject","inLanguage":"fr-FR","@id":"https:\/\/www.info-algerie.com\/actualites\/plan-daction-la-reforme-de-la-justice-fera-lobjet-dun-approfondissement-dans-ses-principaux-axes\/#primaryimage","url":"https:\/\/www.info-algerie.com\/actualites\/wp-content\/uploads\/2017\/06\/da92f24d7babcb617dd7934acbe1d873_S-1.jpg","contentUrl":"https:\/\/www.info-algerie.com\/actualites\/wp-content\/uploads\/2017\/06\/da92f24d7babcb617dd7934acbe1d873_S-1.jpg","width":280,"height":169},{"@type":"BreadcrumbList","@id":"https:\/\/www.info-algerie.com\/actualites\/plan-daction-la-reforme-de-la-justice-fera-lobjet-dun-approfondissement-dans-ses-principaux-axes\/#breadcrumb","itemListElement":[{"@type":"ListItem","position":1,"name":"Accueil","item":"https:\/\/www.info-algerie.com\/actualites\/"},{"@type":"ListItem","position":2,"name":"Plan d\u2019action: la r\u00e9forme de la justice fera l&#039;objet d&#039;un approfondissement dans ses principaux axes"}]},{"@type":"WebSite","@id":"https:\/\/www.info-algerie.com\/actualites\/#website","url":"https:\/\/www.info-algerie.com\/actualites\/","name":"info algerie","description":"Toutes les actualit\u00e9s","publisher":{"@id":"https:\/\/www.info-algerie.com\/actualites\/#organization"},"potentialAction":[{"@type":"SearchAction","target":{"@type":"EntryPoint","urlTemplate":"https:\/\/www.info-algerie.com\/actualites\/?s={search_term_string}"},"query-input":{"@type":"PropertyValueSpecification","valueRequired":true,"valueName":"search_term_string"}}],"inLanguage":"fr-FR"},{"@type":"Organization","@id":"https:\/\/www.info-algerie.com\/actualites\/#organization","name":"info algerie","url":"https:\/\/www.info-algerie.com\/actualites\/","logo":{"@type":"ImageObject","inLanguage":"fr-FR","@id":"https:\/\/www.info-algerie.com\/actualites\/#\/schema\/logo\/image\/","url":"https:\/\/www.info-algerie.com\/actualites\/wp-content\/uploads\/2022\/07\/logo-ia-120.png","contentUrl":"https:\/\/www.info-algerie.com\/actualites\/wp-content\/uploads\/2022\/07\/logo-ia-120.png","width":120,"height":43,"caption":"info algerie"},"image":{"@id":"https:\/\/www.info-algerie.com\/actualites\/#\/schema\/logo\/image\/"},"sameAs":["https:\/\/www.facebook.com\/infoalgerieactu","https:\/\/x.com\/infoalgerie1"]},{"@type":"Person","@id":"https:\/\/www.info-algerie.com\/actualites\/#\/schema\/person\/847aaec44920825b843a08f30ec6aa1e","name":"La r\u00e9daction","image":{"@type":"ImageObject","inLanguage":"fr-FR","@id":"https:\/\/secure.gravatar.com\/avatar\/769db425c6f465158149f1ffd6cf61ce7a8a879d11dfbef8288af36dfddd418c?s=96&d=mm&r=g","url":"https:\/\/secure.gravatar.com\/avatar\/769db425c6f465158149f1ffd6cf61ce7a8a879d11dfbef8288af36dfddd418c?s=96&d=mm&r=g","contentUrl":"https:\/\/secure.gravatar.com\/avatar\/769db425c6f465158149f1ffd6cf61ce7a8a879d11dfbef8288af36dfddd418c?s=96&d=mm&r=g","caption":"La r\u00e9daction"},"sameAs":["http:\/\/www.lkeria.com\/"],"url":"https:\/\/www.info-algerie.com\/actualites\/author\/chakib32\/"}]}},"_links":{"self":[{"href":"https:\/\/www.info-algerie.com\/actualites\/wp-json\/wp\/v2\/posts\/13306","targetHints":{"allow":["GET"]}}],"collection":[{"href":"https:\/\/www.info-algerie.com\/actualites\/wp-json\/wp\/v2\/posts"}],"about":[{"href":"https:\/\/www.info-algerie.com\/actualites\/wp-json\/wp\/v2\/types\/post"}],"author":[{"embeddable":true,"href":"https:\/\/www.info-algerie.com\/actualites\/wp-json\/wp\/v2\/users\/6"}],"replies":[{"embeddable":true,"href":"https:\/\/www.info-algerie.com\/actualites\/wp-json\/wp\/v2\/comments?post=13306"}],"version-history":[{"count":0,"href":"https:\/\/www.info-algerie.com\/actualites\/wp-json\/wp\/v2\/posts\/13306\/revisions"}],"wp:featuredmedia":[{"embeddable":true,"href":"https:\/\/www.info-algerie.com\/actualites\/wp-json\/wp\/v2\/media\/13307"}],"wp:attachment":[{"href":"https:\/\/www.info-algerie.com\/actualites\/wp-json\/wp\/v2\/media?parent=13306"}],"wp:term":[{"taxonomy":"category","embeddable":true,"href":"https:\/\/www.info-algerie.com\/actualites\/wp-json\/wp\/v2\/categories?post=13306"},{"taxonomy":"post_tag","embeddable":true,"href":"https:\/\/www.info-algerie.com\/actualites\/wp-json\/wp\/v2\/tags?post=13306"}],"curies":[{"name":"wp","href":"https:\/\/api.w.org\/{rel}","templated":true}]}}