{"id":13318,"date":"2017-06-18T16:48:00","date_gmt":"2017-06-18T15:48:00","guid":{"rendered":"http:\/\/www.info-algerie.com\/actualites\/tebboune-recoit-le-ministre-iranien-des-affaires-etrangeres\/"},"modified":"2017-06-18T16:48:00","modified_gmt":"2017-06-18T15:48:00","slug":"tebboune-recoit-le-ministre-iranien-des-affaires-etrangeres","status":"publish","type":"post","link":"https:\/\/www.info-algerie.com\/actualites\/tebboune-recoit-le-ministre-iranien-des-affaires-etrangeres\/","title":{"rendered":"Tebboune re\u00e7oit le ministre iranien des Affaires \u00e9trang\u00e8res"},"content":{"rendered":"<div class=\"K2FeedImage\"><img decoding=\"async\" src=\"https:\/\/www.info-algerie.com\/actualites\/wp-content\/uploads\/2017\/06\/6abc387eeba20b0f5e76855a673879d1_S.jpg\" alt=\"Tebboune re&#xE7;oit le ministre iranien des Affaires &#xE9;trang&#xE8;res\" \/><\/div>\n<div class=\"K2FeedIntroText\">\n<p>ALGER &#8211; Le Premier ministre, Abdelmadjid Tebboune, a re\u00e7u, dimanche \u00e0 Alger, le ministre des Affaires \u00e9trang\u00e8res de la R\u00e9publique islamique d\u2019Iran, Mohammad Javad Zarif, qui effectue une visite de travail en Alg\u00e9rie, indique un communiqu\u00e9 des services du Premier ministre.<\/p>\n<p>&#013;\n<\/p><\/div>\n<div class=\"K2FeedFullText\">&#013;<\/p>\n<p>Les entretiens qui se sont d\u00e9roul\u00e9s en pr\u00e9sence du ministre des Affaires \u00e9trang\u00e8res, Abdelkader Messahel, ont principalement abord\u00e9 l\u2019\u00e9tat d\u00e9volution des relations bilat\u00e9rales.<\/p>\n<p>&#013;<\/p>\n<p>A ce propos, les deux parties ont tenu \u00e0 exprimer leur volont\u00e9 commune \u00e0 \u0153uvrer pour une \u00ab\u00a0consolidation accrue\u00a0\u00bb de ces relations, pr\u00e9cise la m\u00eame source.<\/p>\n<p>&#013;<\/p>\n<p class=\"MsoNormal\">L\u2019audience a, par ailleurs, donn\u00e9 lieu \u00e0 un \u00e9change de vues sur les questions internationales d\u2019int\u00e9r\u00eat commun, notamment celles li\u00e9es \u00e0 la crise du Golfe. A cette occasion, le Premier ministre a rappel\u00e9 la position de l\u2019Alg\u00e9rie qui \u00ab\u00a0pr\u00f4ne le dialogue entre les diff\u00e9rentes parties\u00a0\u00bb.<\/p>\n<\/div>\n<p>&#013;<br \/>\nSource: <a href=\"http:\/\/www.aps.dz\/algerie\/59078-tebboune-recoit-le-ministre-iranien-des-affaires-etrangeres\" target=\"_blank\">Tebboune re\u00e7oit le ministre iranien des Affaires \u00e9trang\u00e8res<\/a><\/p>\n<!--CusAds0-->\n<div style=\"font-size: 0px; height: 0px; line-height: 0px; margin: 0; padding: 0; clear: both;\"><\/div>","protected":false},"excerpt":{"rendered":"<p>ALGER &#8211; Le Premier ministre, Abdelmadjid Tebboune, a re\u00e7u, dimanche \u00e0 Alger, le ministre des Affaires \u00e9trang\u00e8res de la R\u00e9publique islamique d\u2019Iran, Mohammad Javad Zarif, qui effectue une visite de travail en Alg\u00e9rie, indique un communiqu\u00e9 des services du Premier ministre. &#013; &#013; Les entretiens qui se sont d\u00e9roul\u00e9s en pr\u00e9sence du ministre des Affaires<\/p>\n","protected":false},"author":6,"featured_media":13319,"comment_status":"open","ping_status":"open","sticky":false,"template":"","format":"standard","meta":{"footnotes":""},"categories":[22],"tags":[93],"class_list":["post-13318","post","type-post","status-publish","format-standard","has-post-thumbnail","hentry","category-infos","tag-onu"],"yoast_head":"<!-- This site is optimized with the Yoast SEO plugin v27.5 - https:\/\/yoast.com\/product\/yoast-seo-wordpress\/ -->\n<title>Tebboune re\u00e7oit le ministre iranien des Affaires \u00e9trang\u00e8res - info algerie<\/title>\n<meta name=\"robots\" content=\"index, follow, max-snippet:-1, max-image-preview:large, max-video-preview:-1\" \/>\n<link rel=\"canonical\" href=\"https:\/\/www.info-algerie.com\/actualites\/tebboune-recoit-le-ministre-iranien-des-affaires-etrangeres\/\" \/>\n<meta property=\"og:locale\" content=\"fr_FR\" \/>\n<meta property=\"og:type\" content=\"article\" \/>\n<meta property=\"og:title\" content=\"Tebboune re\u00e7oit le ministre iranien des Affaires \u00e9trang\u00e8res - info algerie\" \/>\n<meta property=\"og:description\" content=\"ALGER &#8211; Le Premier ministre, Abdelmadjid Tebboune, a re\u00e7u, dimanche \u00e0 Alger, le ministre des Affaires \u00e9trang\u00e8res de la R\u00e9publique islamique d\u2019Iran, Mohammad Javad Zarif, qui effectue une visite de travail en Alg\u00e9rie, indique un communiqu\u00e9 des services du Premier ministre. &#013; &#013; Les entretiens qui se sont d\u00e9roul\u00e9s en pr\u00e9sence du ministre des Affaires\" \/>\n<meta property=\"og:url\" content=\"https:\/\/www.info-algerie.com\/actualites\/tebboune-recoit-le-ministre-iranien-des-affaires-etrangeres\/\" \/>\n<meta property=\"og:site_name\" content=\"info algerie\" \/>\n<meta property=\"article:publisher\" content=\"https:\/\/www.facebook.com\/infoalgerieactu\" \/>\n<meta property=\"article:published_time\" content=\"2017-06-18T15:48:00+00:00\" \/>\n<meta property=\"og:image\" content=\"https:\/\/www.info-algerie.com\/actualites\/wp-content\/uploads\/2017\/06\/6abc387eeba20b0f5e76855a673879d1_S-1.jpg\" \/>\n\t<meta property=\"og:image:width\" content=\"280\" \/>\n\t<meta property=\"og:image:height\" content=\"169\" \/>\n\t<meta property=\"og:image:type\" content=\"image\/jpeg\" \/>\n<meta name=\"author\" content=\"La r\u00e9daction\" \/>\n<meta name=\"twitter:label1\" content=\"\u00c9crit par\" \/>\n\t<meta name=\"twitter:data1\" content=\"La r\u00e9daction\" \/>\n\t<meta name=\"twitter:label2\" content=\"Dur\u00e9e de lecture estim\u00e9e\" \/>\n\t<meta name=\"twitter:data2\" content=\"1 minute\" \/>\n<script type=\"application\/ld+json\" class=\"yoast-schema-graph\">{\"@context\":\"https:\\\/\\\/schema.org\",\"@graph\":[{\"@type\":\"Article\",\"@id\":\"https:\\\/\\\/www.info-algerie.com\\\/actualites\\\/tebboune-recoit-le-ministre-iranien-des-affaires-etrangeres\\\/#article\",\"isPartOf\":{\"@id\":\"https:\\\/\\\/www.info-algerie.com\\\/actualites\\\/tebboune-recoit-le-ministre-iranien-des-affaires-etrangeres\\\/\"},\"author\":{\"name\":\"La r\u00e9daction\",\"@id\":\"https:\\\/\\\/www.info-algerie.com\\\/actualites\\\/#\\\/schema\\\/person\\\/847aaec44920825b843a08f30ec6aa1e\"},\"headline\":\"Tebboune re\u00e7oit le ministre iranien des Affaires \u00e9trang\u00e8res\",\"datePublished\":\"2017-06-18T15:48:00+00:00\",\"mainEntityOfPage\":{\"@id\":\"https:\\\/\\\/www.info-algerie.com\\\/actualites\\\/tebboune-recoit-le-ministre-iranien-des-affaires-etrangeres\\\/\"},\"wordCount\":174,\"commentCount\":0,\"publisher\":{\"@id\":\"https:\\\/\\\/www.info-algerie.com\\\/actualites\\\/#organization\"},\"image\":{\"@id\":\"https:\\\/\\\/www.info-algerie.com\\\/actualites\\\/tebboune-recoit-le-ministre-iranien-des-affaires-etrangeres\\\/#primaryimage\"},\"thumbnailUrl\":\"https:\\\/\\\/www.info-algerie.com\\\/actualites\\\/wp-content\\\/uploads\\\/2017\\\/06\\\/6abc387eeba20b0f5e76855a673879d1_S-1.jpg\",\"keywords\":[\"ONU\"],\"articleSection\":[\"infos\"],\"inLanguage\":\"fr-FR\",\"potentialAction\":[{\"@type\":\"CommentAction\",\"name\":\"Comment\",\"target\":[\"https:\\\/\\\/www.info-algerie.com\\\/actualites\\\/tebboune-recoit-le-ministre-iranien-des-affaires-etrangeres\\\/#respond\"]}]},{\"@type\":\"WebPage\",\"@id\":\"https:\\\/\\\/www.info-algerie.com\\\/actualites\\\/tebboune-recoit-le-ministre-iranien-des-affaires-etrangeres\\\/\",\"url\":\"https:\\\/\\\/www.info-algerie.com\\\/actualites\\\/tebboune-recoit-le-ministre-iranien-des-affaires-etrangeres\\\/\",\"name\":\"Tebboune re\u00e7oit le ministre iranien des Affaires \u00e9trang\u00e8res - info algerie\",\"isPartOf\":{\"@id\":\"https:\\\/\\\/www.info-algerie.com\\\/actualites\\\/#website\"},\"primaryImageOfPage\":{\"@id\":\"https:\\\/\\\/www.info-algerie.com\\\/actualites\\\/tebboune-recoit-le-ministre-iranien-des-affaires-etrangeres\\\/#primaryimage\"},\"image\":{\"@id\":\"https:\\\/\\\/www.info-algerie.com\\\/actualites\\\/tebboune-recoit-le-ministre-iranien-des-affaires-etrangeres\\\/#primaryimage\"},\"thumbnailUrl\":\"https:\\\/\\\/www.info-algerie.com\\\/actualites\\\/wp-content\\\/uploads\\\/2017\\\/06\\\/6abc387eeba20b0f5e76855a673879d1_S-1.jpg\",\"datePublished\":\"2017-06-18T15:48:00+00:00\",\"breadcrumb\":{\"@id\":\"https:\\\/\\\/www.info-algerie.com\\\/actualites\\\/tebboune-recoit-le-ministre-iranien-des-affaires-etrangeres\\\/#breadcrumb\"},\"inLanguage\":\"fr-FR\",\"potentialAction\":[{\"@type\":\"ReadAction\",\"target\":[\"https:\\\/\\\/www.info-algerie.com\\\/actualites\\\/tebboune-recoit-le-ministre-iranien-des-affaires-etrangeres\\\/\"]}]},{\"@type\":\"ImageObject\",\"inLanguage\":\"fr-FR\",\"@id\":\"https:\\\/\\\/www.info-algerie.com\\\/actualites\\\/tebboune-recoit-le-ministre-iranien-des-affaires-etrangeres\\\/#primaryimage\",\"url\":\"https:\\\/\\\/www.info-algerie.com\\\/actualites\\\/wp-content\\\/uploads\\\/2017\\\/06\\\/6abc387eeba20b0f5e76855a673879d1_S-1.jpg\",\"contentUrl\":\"https:\\\/\\\/www.info-algerie.com\\\/actualites\\\/wp-content\\\/uploads\\\/2017\\\/06\\\/6abc387eeba20b0f5e76855a673879d1_S-1.jpg\",\"width\":280,\"height\":169},{\"@type\":\"BreadcrumbList\",\"@id\":\"https:\\\/\\\/www.info-algerie.com\\\/actualites\\\/tebboune-recoit-le-ministre-iranien-des-affaires-etrangeres\\\/#breadcrumb\",\"itemListElement\":[{\"@type\":\"ListItem\",\"position\":1,\"name\":\"Accueil\",\"item\":\"https:\\\/\\\/www.info-algerie.com\\\/actualites\\\/\"},{\"@type\":\"ListItem\",\"position\":2,\"name\":\"Tebboune re\u00e7oit le ministre iranien des Affaires \u00e9trang\u00e8res\"}]},{\"@type\":\"WebSite\",\"@id\":\"https:\\\/\\\/www.info-algerie.com\\\/actualites\\\/#website\",\"url\":\"https:\\\/\\\/www.info-algerie.com\\\/actualites\\\/\",\"name\":\"info algerie\",\"description\":\"Toutes les actualit\u00e9s\",\"publisher\":{\"@id\":\"https:\\\/\\\/www.info-algerie.com\\\/actualites\\\/#organization\"},\"potentialAction\":[{\"@type\":\"SearchAction\",\"target\":{\"@type\":\"EntryPoint\",\"urlTemplate\":\"https:\\\/\\\/www.info-algerie.com\\\/actualites\\\/?s={search_term_string}\"},\"query-input\":{\"@type\":\"PropertyValueSpecification\",\"valueRequired\":true,\"valueName\":\"search_term_string\"}}],\"inLanguage\":\"fr-FR\"},{\"@type\":\"Organization\",\"@id\":\"https:\\\/\\\/www.info-algerie.com\\\/actualites\\\/#organization\",\"name\":\"info algerie\",\"url\":\"https:\\\/\\\/www.info-algerie.com\\\/actualites\\\/\",\"logo\":{\"@type\":\"ImageObject\",\"inLanguage\":\"fr-FR\",\"@id\":\"https:\\\/\\\/www.info-algerie.com\\\/actualites\\\/#\\\/schema\\\/logo\\\/image\\\/\",\"url\":\"https:\\\/\\\/www.info-algerie.com\\\/actualites\\\/wp-content\\\/uploads\\\/2022\\\/07\\\/logo-ia-120.png\",\"contentUrl\":\"https:\\\/\\\/www.info-algerie.com\\\/actualites\\\/wp-content\\\/uploads\\\/2022\\\/07\\\/logo-ia-120.png\",\"width\":120,\"height\":43,\"caption\":\"info algerie\"},\"image\":{\"@id\":\"https:\\\/\\\/www.info-algerie.com\\\/actualites\\\/#\\\/schema\\\/logo\\\/image\\\/\"},\"sameAs\":[\"https:\\\/\\\/www.facebook.com\\\/infoalgerieactu\",\"https:\\\/\\\/x.com\\\/infoalgerie1\"]},{\"@type\":\"Person\",\"@id\":\"https:\\\/\\\/www.info-algerie.com\\\/actualites\\\/#\\\/schema\\\/person\\\/847aaec44920825b843a08f30ec6aa1e\",\"name\":\"La r\u00e9daction\",\"image\":{\"@type\":\"ImageObject\",\"inLanguage\":\"fr-FR\",\"@id\":\"https:\\\/\\\/secure.gravatar.com\\\/avatar\\\/769db425c6f465158149f1ffd6cf61ce7a8a879d11dfbef8288af36dfddd418c?s=96&d=mm&r=g\",\"url\":\"https:\\\/\\\/secure.gravatar.com\\\/avatar\\\/769db425c6f465158149f1ffd6cf61ce7a8a879d11dfbef8288af36dfddd418c?s=96&d=mm&r=g\",\"contentUrl\":\"https:\\\/\\\/secure.gravatar.com\\\/avatar\\\/769db425c6f465158149f1ffd6cf61ce7a8a879d11dfbef8288af36dfddd418c?s=96&d=mm&r=g\",\"caption\":\"La r\u00e9daction\"},\"sameAs\":[\"http:\\\/\\\/www.lkeria.com\\\/\"],\"url\":\"https:\\\/\\\/www.info-algerie.com\\\/actualites\\\/author\\\/chakib32\\\/\"}]}<\/script>\n<!-- \/ Yoast SEO plugin. -->","yoast_head_json":{"title":"Tebboune re\u00e7oit le ministre iranien des Affaires \u00e9trang\u00e8res - info algerie","robots":{"index":"index","follow":"follow","max-snippet":"max-snippet:-1","max-image-preview":"max-image-preview:large","max-video-preview":"max-video-preview:-1"},"canonical":"https:\/\/www.info-algerie.com\/actualites\/tebboune-recoit-le-ministre-iranien-des-affaires-etrangeres\/","og_locale":"fr_FR","og_type":"article","og_title":"Tebboune re\u00e7oit le ministre iranien des Affaires \u00e9trang\u00e8res - info algerie","og_description":"ALGER &#8211; Le Premier ministre, Abdelmadjid Tebboune, a re\u00e7u, dimanche \u00e0 Alger, le ministre des Affaires \u00e9trang\u00e8res de la R\u00e9publique islamique d\u2019Iran, Mohammad Javad Zarif, qui effectue une visite de travail en Alg\u00e9rie, indique un communiqu\u00e9 des services du Premier ministre. &#013; &#013; Les entretiens qui se sont d\u00e9roul\u00e9s en pr\u00e9sence du ministre des Affaires","og_url":"https:\/\/www.info-algerie.com\/actualites\/tebboune-recoit-le-ministre-iranien-des-affaires-etrangeres\/","og_site_name":"info algerie","article_publisher":"https:\/\/www.facebook.com\/infoalgerieactu","article_published_time":"2017-06-18T15:48:00+00:00","og_image":[{"width":280,"height":169,"url":"https:\/\/www.info-algerie.com\/actualites\/wp-content\/uploads\/2017\/06\/6abc387eeba20b0f5e76855a673879d1_S-1.jpg","type":"image\/jpeg"}],"author":"La r\u00e9daction","twitter_misc":{"\u00c9crit par":"La r\u00e9daction","Dur\u00e9e de lecture estim\u00e9e":"1 minute"},"schema":{"@context":"https:\/\/schema.org","@graph":[{"@type":"Article","@id":"https:\/\/www.info-algerie.com\/actualites\/tebboune-recoit-le-ministre-iranien-des-affaires-etrangeres\/#article","isPartOf":{"@id":"https:\/\/www.info-algerie.com\/actualites\/tebboune-recoit-le-ministre-iranien-des-affaires-etrangeres\/"},"author":{"name":"La r\u00e9daction","@id":"https:\/\/www.info-algerie.com\/actualites\/#\/schema\/person\/847aaec44920825b843a08f30ec6aa1e"},"headline":"Tebboune re\u00e7oit le ministre iranien des Affaires \u00e9trang\u00e8res","datePublished":"2017-06-18T15:48:00+00:00","mainEntityOfPage":{"@id":"https:\/\/www.info-algerie.com\/actualites\/tebboune-recoit-le-ministre-iranien-des-affaires-etrangeres\/"},"wordCount":174,"commentCount":0,"publisher":{"@id":"https:\/\/www.info-algerie.com\/actualites\/#organization"},"image":{"@id":"https:\/\/www.info-algerie.com\/actualites\/tebboune-recoit-le-ministre-iranien-des-affaires-etrangeres\/#primaryimage"},"thumbnailUrl":"https:\/\/www.info-algerie.com\/actualites\/wp-content\/uploads\/2017\/06\/6abc387eeba20b0f5e76855a673879d1_S-1.jpg","keywords":["ONU"],"articleSection":["infos"],"inLanguage":"fr-FR","potentialAction":[{"@type":"CommentAction","name":"Comment","target":["https:\/\/www.info-algerie.com\/actualites\/tebboune-recoit-le-ministre-iranien-des-affaires-etrangeres\/#respond"]}]},{"@type":"WebPage","@id":"https:\/\/www.info-algerie.com\/actualites\/tebboune-recoit-le-ministre-iranien-des-affaires-etrangeres\/","url":"https:\/\/www.info-algerie.com\/actualites\/tebboune-recoit-le-ministre-iranien-des-affaires-etrangeres\/","name":"Tebboune re\u00e7oit le ministre iranien des Affaires \u00e9trang\u00e8res - info algerie","isPartOf":{"@id":"https:\/\/www.info-algerie.com\/actualites\/#website"},"primaryImageOfPage":{"@id":"https:\/\/www.info-algerie.com\/actualites\/tebboune-recoit-le-ministre-iranien-des-affaires-etrangeres\/#primaryimage"},"image":{"@id":"https:\/\/www.info-algerie.com\/actualites\/tebboune-recoit-le-ministre-iranien-des-affaires-etrangeres\/#primaryimage"},"thumbnailUrl":"https:\/\/www.info-algerie.com\/actualites\/wp-content\/uploads\/2017\/06\/6abc387eeba20b0f5e76855a673879d1_S-1.jpg","datePublished":"2017-06-18T15:48:00+00:00","breadcrumb":{"@id":"https:\/\/www.info-algerie.com\/actualites\/tebboune-recoit-le-ministre-iranien-des-affaires-etrangeres\/#breadcrumb"},"inLanguage":"fr-FR","potentialAction":[{"@type":"ReadAction","target":["https:\/\/www.info-algerie.com\/actualites\/tebboune-recoit-le-ministre-iranien-des-affaires-etrangeres\/"]}]},{"@type":"ImageObject","inLanguage":"fr-FR","@id":"https:\/\/www.info-algerie.com\/actualites\/tebboune-recoit-le-ministre-iranien-des-affaires-etrangeres\/#primaryimage","url":"https:\/\/www.info-algerie.com\/actualites\/wp-content\/uploads\/2017\/06\/6abc387eeba20b0f5e76855a673879d1_S-1.jpg","contentUrl":"https:\/\/www.info-algerie.com\/actualites\/wp-content\/uploads\/2017\/06\/6abc387eeba20b0f5e76855a673879d1_S-1.jpg","width":280,"height":169},{"@type":"BreadcrumbList","@id":"https:\/\/www.info-algerie.com\/actualites\/tebboune-recoit-le-ministre-iranien-des-affaires-etrangeres\/#breadcrumb","itemListElement":[{"@type":"ListItem","position":1,"name":"Accueil","item":"https:\/\/www.info-algerie.com\/actualites\/"},{"@type":"ListItem","position":2,"name":"Tebboune re\u00e7oit le ministre iranien des Affaires \u00e9trang\u00e8res"}]},{"@type":"WebSite","@id":"https:\/\/www.info-algerie.com\/actualites\/#website","url":"https:\/\/www.info-algerie.com\/actualites\/","name":"info algerie","description":"Toutes les actualit\u00e9s","publisher":{"@id":"https:\/\/www.info-algerie.com\/actualites\/#organization"},"potentialAction":[{"@type":"SearchAction","target":{"@type":"EntryPoint","urlTemplate":"https:\/\/www.info-algerie.com\/actualites\/?s={search_term_string}"},"query-input":{"@type":"PropertyValueSpecification","valueRequired":true,"valueName":"search_term_string"}}],"inLanguage":"fr-FR"},{"@type":"Organization","@id":"https:\/\/www.info-algerie.com\/actualites\/#organization","name":"info algerie","url":"https:\/\/www.info-algerie.com\/actualites\/","logo":{"@type":"ImageObject","inLanguage":"fr-FR","@id":"https:\/\/www.info-algerie.com\/actualites\/#\/schema\/logo\/image\/","url":"https:\/\/www.info-algerie.com\/actualites\/wp-content\/uploads\/2022\/07\/logo-ia-120.png","contentUrl":"https:\/\/www.info-algerie.com\/actualites\/wp-content\/uploads\/2022\/07\/logo-ia-120.png","width":120,"height":43,"caption":"info algerie"},"image":{"@id":"https:\/\/www.info-algerie.com\/actualites\/#\/schema\/logo\/image\/"},"sameAs":["https:\/\/www.facebook.com\/infoalgerieactu","https:\/\/x.com\/infoalgerie1"]},{"@type":"Person","@id":"https:\/\/www.info-algerie.com\/actualites\/#\/schema\/person\/847aaec44920825b843a08f30ec6aa1e","name":"La r\u00e9daction","image":{"@type":"ImageObject","inLanguage":"fr-FR","@id":"https:\/\/secure.gravatar.com\/avatar\/769db425c6f465158149f1ffd6cf61ce7a8a879d11dfbef8288af36dfddd418c?s=96&d=mm&r=g","url":"https:\/\/secure.gravatar.com\/avatar\/769db425c6f465158149f1ffd6cf61ce7a8a879d11dfbef8288af36dfddd418c?s=96&d=mm&r=g","contentUrl":"https:\/\/secure.gravatar.com\/avatar\/769db425c6f465158149f1ffd6cf61ce7a8a879d11dfbef8288af36dfddd418c?s=96&d=mm&r=g","caption":"La r\u00e9daction"},"sameAs":["http:\/\/www.lkeria.com\/"],"url":"https:\/\/www.info-algerie.com\/actualites\/author\/chakib32\/"}]}},"_links":{"self":[{"href":"https:\/\/www.info-algerie.com\/actualites\/wp-json\/wp\/v2\/posts\/13318","targetHints":{"allow":["GET"]}}],"collection":[{"href":"https:\/\/www.info-algerie.com\/actualites\/wp-json\/wp\/v2\/posts"}],"about":[{"href":"https:\/\/www.info-algerie.com\/actualites\/wp-json\/wp\/v2\/types\/post"}],"author":[{"embeddable":true,"href":"https:\/\/www.info-algerie.com\/actualites\/wp-json\/wp\/v2\/users\/6"}],"replies":[{"embeddable":true,"href":"https:\/\/www.info-algerie.com\/actualites\/wp-json\/wp\/v2\/comments?post=13318"}],"version-history":[{"count":0,"href":"https:\/\/www.info-algerie.com\/actualites\/wp-json\/wp\/v2\/posts\/13318\/revisions"}],"wp:featuredmedia":[{"embeddable":true,"href":"https:\/\/www.info-algerie.com\/actualites\/wp-json\/wp\/v2\/media\/13319"}],"wp:attachment":[{"href":"https:\/\/www.info-algerie.com\/actualites\/wp-json\/wp\/v2\/media?parent=13318"}],"wp:term":[{"taxonomy":"category","embeddable":true,"href":"https:\/\/www.info-algerie.com\/actualites\/wp-json\/wp\/v2\/categories?post=13318"},{"taxonomy":"post_tag","embeddable":true,"href":"https:\/\/www.info-algerie.com\/actualites\/wp-json\/wp\/v2\/tags?post=13318"}],"curies":[{"name":"wp","href":"https:\/\/api.w.org\/{rel}","templated":true}]}}