{"id":13320,"date":"2017-06-18T16:30:07","date_gmt":"2017-06-18T15:30:07","guid":{"rendered":"http:\/\/www.info-algerie.com\/actualites\/les-collectivites-locales-seront-davantage-associees-a-lactivite-economique\/"},"modified":"2017-06-18T16:30:07","modified_gmt":"2017-06-18T15:30:07","slug":"les-collectivites-locales-seront-davantage-associees-a-lactivite-economique","status":"publish","type":"post","link":"https:\/\/www.info-algerie.com\/actualites\/les-collectivites-locales-seront-davantage-associees-a-lactivite-economique\/","title":{"rendered":"Les collectivit\u00e9s locales seront davantage associ\u00e9es \u00e0 l&#039;activit\u00e9 \u00e9conomique"},"content":{"rendered":"<div class=\"K2FeedIntroText\">\n<p>ALGER &#8211; Le gouvernement va attribuer aux collectivit\u00e9s locales un plus grand r\u00f4le \u00e9conomique au point de leur donner la latitude de s&rsquo;\u00e9riger m\u00eame en potentiels investisseurs institutionnels, indique la Plan d&rsquo;action du gouvernement pour la mise en oeuvre du programme du pr\u00e9sident de la R\u00e9publique, qui sera pr\u00e9sent\u00e9 mardi prochain devant\u00a0 l&rsquo;Assembl\u00e9e populaire nationale (APN).<\/p>\n<p>&#013;\n<\/p><\/div>\n<div class=\"K2FeedFullText\">&#013;<\/p>\n<p>Afin de leur permettre de participer activement \u00e0 l&rsquo;effort de transition vers une \u00e9conomie diversifi\u00e9e, le gouvernement pr\u00e9voit la mise en place de plusieurs m\u00e9canismes d&rsquo;ordre fiscal et de gestion essentiellement.<\/p>\n<p>&#013;<\/p>\n<p>Il s&rsquo;agira ainsi de l&rsquo;adaptation de la fiscalit\u00e9 locale et de l&rsquo;\u00e9laboration d&rsquo;une loi sp\u00e9cifique relative \u00e0 la fiscalit\u00e9 locale, \u00e0 m\u00eame d&rsquo;assurer une valorisation des potentialit\u00e9s de chaque collectivit\u00e9.<\/p>\n<p>&#013;<\/p>\n<p>En outre, le gouvernement veillera \u00e0 am\u00e9liorer les syst\u00e8mes de solidarit\u00e9 inter-collectivit\u00e9s en l&rsquo;orientant vers le financement d&rsquo;investissements rentables et le renforcement de l&rsquo;attractivit\u00e9 \u00e9conomique des collectivit\u00e9s territoriales.<\/p>\n<p>&#013;<\/p>\n<p>Les autres m\u00e9canismes porteront \u00e9galement sur l&rsquo;orientation des \u00e9tablissements publics locaux vers des logiques de performance \u00e9conomique et la promotion de la gestion d\u00e9l\u00e9gatoire et partenariale des services publics locaux, indique le Plan d&rsquo;action qui cite aussi le renforcement du suivi et de l&rsquo;accompagnement des investisseurs par les collectivit\u00e9s\u00a0 territoriales.<\/p>\n<p>&#013;<\/p>\n<p>Par ailleurs, il sera proc\u00e9d\u00e9 \u00e0 l&rsquo;\u00e9largissement du domaine d&rsquo;intervention des agences fonci\u00e8re de wilaya aux activit\u00e9s \u00e9conomiques les plus rentables, et \u00e0 la r\u00e9vision de la notion de gestion pour compte.<\/p>\n<p>&#013;<\/p>\n<p>A travers ce dispositif, le gouvernement compte doter les collectivit\u00e9s locales de tous les outils permettant de d\u00e9velopper leurs activit\u00e9s \u00e9conomiques en fonction de leurs potentialit\u00e9s et les sp\u00e9cificit\u00e9s de leurs territoires respectifs afin d&rsquo;atteindre des niveaux significatifs d&rsquo;intensification des investissements.<\/p>\n<p>&#013;<\/p>\n<p class=\"MsoNormal\">Le plan d&rsquo;action \u00e9nonce ainsi clairement que l&rsquo;Ex\u00e9cutif est d\u00e9cid\u00e9 de permettre aux collectivit\u00e9s locales de s&rsquo;\u00e9riger en potentiels investisseurs institutionnels qui appuieraient la dynamique de diversification de l&rsquo;\u00e9conomie nationale et \u00ab\u00a0rompre avec les r\u00e9flexes d&rsquo;une gestion administrative sans aucune port\u00e9e \u00e9conomique\u00a0\u00bb.<\/p>\n<\/div>\n<p>&#013;<br \/>\nSource: <a href=\"http:\/\/www.aps.dz\/algerie\/59074-les-collectivites-locales-seront-davantage-associees-a-l-activite-economique\" target=\"_blank\">Les collectivit\u00e9s locales seront davantage associ\u00e9es \u00e0 l&rsquo;activit\u00e9 \u00e9conomique<\/a><\/p>\n<!--CusAds0-->\n<div style=\"font-size: 0px; height: 0px; line-height: 0px; margin: 0; padding: 0; clear: both;\"><\/div>","protected":false},"excerpt":{"rendered":"<p>ALGER &#8211; Le gouvernement va attribuer aux collectivit\u00e9s locales un plus grand r\u00f4le \u00e9conomique au point de leur donner la latitude de s&rsquo;\u00e9riger m\u00eame en potentiels investisseurs institutionnels, indique la Plan d&rsquo;action du gouvernement pour la mise en oeuvre du programme du pr\u00e9sident de la R\u00e9publique, qui sera pr\u00e9sent\u00e9 mardi prochain devant\u00a0 l&rsquo;Assembl\u00e9e populaire nationale<\/p>\n","protected":false},"author":6,"featured_media":0,"comment_status":"open","ping_status":"open","sticky":false,"template":"","format":"standard","meta":{"footnotes":""},"categories":[22],"tags":[93],"class_list":["post-13320","post","type-post","status-publish","format-standard","hentry","category-infos","tag-onu"],"yoast_head":"<!-- This site is optimized with the Yoast SEO plugin v27.5 - https:\/\/yoast.com\/product\/yoast-seo-wordpress\/ -->\n<title>Les collectivit\u00e9s locales seront davantage associ\u00e9es \u00e0 l&#039;activit\u00e9 \u00e9conomique - info algerie<\/title>\n<meta name=\"robots\" content=\"index, follow, max-snippet:-1, max-image-preview:large, max-video-preview:-1\" \/>\n<link rel=\"canonical\" href=\"https:\/\/www.info-algerie.com\/actualites\/les-collectivites-locales-seront-davantage-associees-a-lactivite-economique\/\" \/>\n<meta property=\"og:locale\" content=\"fr_FR\" \/>\n<meta property=\"og:type\" content=\"article\" \/>\n<meta property=\"og:title\" content=\"Les collectivit\u00e9s locales seront davantage associ\u00e9es \u00e0 l&#039;activit\u00e9 \u00e9conomique - info algerie\" \/>\n<meta property=\"og:description\" content=\"ALGER &#8211; Le gouvernement va attribuer aux collectivit\u00e9s locales un plus grand r\u00f4le \u00e9conomique au point de leur donner la latitude de s&rsquo;\u00e9riger m\u00eame en potentiels investisseurs institutionnels, indique la Plan d&rsquo;action du gouvernement pour la mise en oeuvre du programme du pr\u00e9sident de la R\u00e9publique, qui sera pr\u00e9sent\u00e9 mardi prochain devant\u00a0 l&rsquo;Assembl\u00e9e populaire nationale\" \/>\n<meta property=\"og:url\" content=\"https:\/\/www.info-algerie.com\/actualites\/les-collectivites-locales-seront-davantage-associees-a-lactivite-economique\/\" \/>\n<meta property=\"og:site_name\" content=\"info algerie\" \/>\n<meta property=\"article:publisher\" content=\"https:\/\/www.facebook.com\/infoalgerieactu\" \/>\n<meta property=\"article:published_time\" content=\"2017-06-18T15:30:07+00:00\" \/>\n<meta name=\"author\" content=\"La r\u00e9daction\" \/>\n<meta name=\"twitter:label1\" content=\"\u00c9crit par\" \/>\n\t<meta name=\"twitter:data1\" content=\"La r\u00e9daction\" \/>\n\t<meta name=\"twitter:label2\" content=\"Dur\u00e9e de lecture estim\u00e9e\" \/>\n\t<meta name=\"twitter:data2\" content=\"2 minutes\" \/>\n<script type=\"application\/ld+json\" class=\"yoast-schema-graph\">{\"@context\":\"https:\\\/\\\/schema.org\",\"@graph\":[{\"@type\":\"Article\",\"@id\":\"https:\\\/\\\/www.info-algerie.com\\\/actualites\\\/les-collectivites-locales-seront-davantage-associees-a-lactivite-economique\\\/#article\",\"isPartOf\":{\"@id\":\"https:\\\/\\\/www.info-algerie.com\\\/actualites\\\/les-collectivites-locales-seront-davantage-associees-a-lactivite-economique\\\/\"},\"author\":{\"name\":\"La r\u00e9daction\",\"@id\":\"https:\\\/\\\/www.info-algerie.com\\\/actualites\\\/#\\\/schema\\\/person\\\/847aaec44920825b843a08f30ec6aa1e\"},\"headline\":\"Les collectivit\u00e9s locales seront davantage associ\u00e9es \u00e0 l&#039;activit\u00e9 \u00e9conomique\",\"datePublished\":\"2017-06-18T15:30:07+00:00\",\"mainEntityOfPage\":{\"@id\":\"https:\\\/\\\/www.info-algerie.com\\\/actualites\\\/les-collectivites-locales-seront-davantage-associees-a-lactivite-economique\\\/\"},\"wordCount\":388,\"commentCount\":0,\"publisher\":{\"@id\":\"https:\\\/\\\/www.info-algerie.com\\\/actualites\\\/#organization\"},\"keywords\":[\"ONU\"],\"articleSection\":[\"infos\"],\"inLanguage\":\"fr-FR\",\"potentialAction\":[{\"@type\":\"CommentAction\",\"name\":\"Comment\",\"target\":[\"https:\\\/\\\/www.info-algerie.com\\\/actualites\\\/les-collectivites-locales-seront-davantage-associees-a-lactivite-economique\\\/#respond\"]}]},{\"@type\":\"WebPage\",\"@id\":\"https:\\\/\\\/www.info-algerie.com\\\/actualites\\\/les-collectivites-locales-seront-davantage-associees-a-lactivite-economique\\\/\",\"url\":\"https:\\\/\\\/www.info-algerie.com\\\/actualites\\\/les-collectivites-locales-seront-davantage-associees-a-lactivite-economique\\\/\",\"name\":\"Les collectivit\u00e9s locales seront davantage associ\u00e9es \u00e0 l&#039;activit\u00e9 \u00e9conomique - info algerie\",\"isPartOf\":{\"@id\":\"https:\\\/\\\/www.info-algerie.com\\\/actualites\\\/#website\"},\"datePublished\":\"2017-06-18T15:30:07+00:00\",\"breadcrumb\":{\"@id\":\"https:\\\/\\\/www.info-algerie.com\\\/actualites\\\/les-collectivites-locales-seront-davantage-associees-a-lactivite-economique\\\/#breadcrumb\"},\"inLanguage\":\"fr-FR\",\"potentialAction\":[{\"@type\":\"ReadAction\",\"target\":[\"https:\\\/\\\/www.info-algerie.com\\\/actualites\\\/les-collectivites-locales-seront-davantage-associees-a-lactivite-economique\\\/\"]}]},{\"@type\":\"BreadcrumbList\",\"@id\":\"https:\\\/\\\/www.info-algerie.com\\\/actualites\\\/les-collectivites-locales-seront-davantage-associees-a-lactivite-economique\\\/#breadcrumb\",\"itemListElement\":[{\"@type\":\"ListItem\",\"position\":1,\"name\":\"Accueil\",\"item\":\"https:\\\/\\\/www.info-algerie.com\\\/actualites\\\/\"},{\"@type\":\"ListItem\",\"position\":2,\"name\":\"Les collectivit\u00e9s locales seront davantage associ\u00e9es \u00e0 l&#039;activit\u00e9 \u00e9conomique\"}]},{\"@type\":\"WebSite\",\"@id\":\"https:\\\/\\\/www.info-algerie.com\\\/actualites\\\/#website\",\"url\":\"https:\\\/\\\/www.info-algerie.com\\\/actualites\\\/\",\"name\":\"info algerie\",\"description\":\"Toutes les actualit\u00e9s\",\"publisher\":{\"@id\":\"https:\\\/\\\/www.info-algerie.com\\\/actualites\\\/#organization\"},\"potentialAction\":[{\"@type\":\"SearchAction\",\"target\":{\"@type\":\"EntryPoint\",\"urlTemplate\":\"https:\\\/\\\/www.info-algerie.com\\\/actualites\\\/?s={search_term_string}\"},\"query-input\":{\"@type\":\"PropertyValueSpecification\",\"valueRequired\":true,\"valueName\":\"search_term_string\"}}],\"inLanguage\":\"fr-FR\"},{\"@type\":\"Organization\",\"@id\":\"https:\\\/\\\/www.info-algerie.com\\\/actualites\\\/#organization\",\"name\":\"info algerie\",\"url\":\"https:\\\/\\\/www.info-algerie.com\\\/actualites\\\/\",\"logo\":{\"@type\":\"ImageObject\",\"inLanguage\":\"fr-FR\",\"@id\":\"https:\\\/\\\/www.info-algerie.com\\\/actualites\\\/#\\\/schema\\\/logo\\\/image\\\/\",\"url\":\"https:\\\/\\\/www.info-algerie.com\\\/actualites\\\/wp-content\\\/uploads\\\/2022\\\/07\\\/logo-ia-120.png\",\"contentUrl\":\"https:\\\/\\\/www.info-algerie.com\\\/actualites\\\/wp-content\\\/uploads\\\/2022\\\/07\\\/logo-ia-120.png\",\"width\":120,\"height\":43,\"caption\":\"info algerie\"},\"image\":{\"@id\":\"https:\\\/\\\/www.info-algerie.com\\\/actualites\\\/#\\\/schema\\\/logo\\\/image\\\/\"},\"sameAs\":[\"https:\\\/\\\/www.facebook.com\\\/infoalgerieactu\",\"https:\\\/\\\/x.com\\\/infoalgerie1\"]},{\"@type\":\"Person\",\"@id\":\"https:\\\/\\\/www.info-algerie.com\\\/actualites\\\/#\\\/schema\\\/person\\\/847aaec44920825b843a08f30ec6aa1e\",\"name\":\"La r\u00e9daction\",\"image\":{\"@type\":\"ImageObject\",\"inLanguage\":\"fr-FR\",\"@id\":\"https:\\\/\\\/secure.gravatar.com\\\/avatar\\\/769db425c6f465158149f1ffd6cf61ce7a8a879d11dfbef8288af36dfddd418c?s=96&d=mm&r=g\",\"url\":\"https:\\\/\\\/secure.gravatar.com\\\/avatar\\\/769db425c6f465158149f1ffd6cf61ce7a8a879d11dfbef8288af36dfddd418c?s=96&d=mm&r=g\",\"contentUrl\":\"https:\\\/\\\/secure.gravatar.com\\\/avatar\\\/769db425c6f465158149f1ffd6cf61ce7a8a879d11dfbef8288af36dfddd418c?s=96&d=mm&r=g\",\"caption\":\"La r\u00e9daction\"},\"sameAs\":[\"http:\\\/\\\/www.lkeria.com\\\/\"],\"url\":\"https:\\\/\\\/www.info-algerie.com\\\/actualites\\\/author\\\/chakib32\\\/\"}]}<\/script>\n<!-- \/ Yoast SEO plugin. -->","yoast_head_json":{"title":"Les collectivit\u00e9s locales seront davantage associ\u00e9es \u00e0 l&#039;activit\u00e9 \u00e9conomique - info algerie","robots":{"index":"index","follow":"follow","max-snippet":"max-snippet:-1","max-image-preview":"max-image-preview:large","max-video-preview":"max-video-preview:-1"},"canonical":"https:\/\/www.info-algerie.com\/actualites\/les-collectivites-locales-seront-davantage-associees-a-lactivite-economique\/","og_locale":"fr_FR","og_type":"article","og_title":"Les collectivit\u00e9s locales seront davantage associ\u00e9es \u00e0 l&#039;activit\u00e9 \u00e9conomique - info algerie","og_description":"ALGER &#8211; Le gouvernement va attribuer aux collectivit\u00e9s locales un plus grand r\u00f4le \u00e9conomique au point de leur donner la latitude de s&rsquo;\u00e9riger m\u00eame en potentiels investisseurs institutionnels, indique la Plan d&rsquo;action du gouvernement pour la mise en oeuvre du programme du pr\u00e9sident de la R\u00e9publique, qui sera pr\u00e9sent\u00e9 mardi prochain devant\u00a0 l&rsquo;Assembl\u00e9e populaire nationale","og_url":"https:\/\/www.info-algerie.com\/actualites\/les-collectivites-locales-seront-davantage-associees-a-lactivite-economique\/","og_site_name":"info algerie","article_publisher":"https:\/\/www.facebook.com\/infoalgerieactu","article_published_time":"2017-06-18T15:30:07+00:00","author":"La r\u00e9daction","twitter_misc":{"\u00c9crit par":"La r\u00e9daction","Dur\u00e9e de lecture estim\u00e9e":"2 minutes"},"schema":{"@context":"https:\/\/schema.org","@graph":[{"@type":"Article","@id":"https:\/\/www.info-algerie.com\/actualites\/les-collectivites-locales-seront-davantage-associees-a-lactivite-economique\/#article","isPartOf":{"@id":"https:\/\/www.info-algerie.com\/actualites\/les-collectivites-locales-seront-davantage-associees-a-lactivite-economique\/"},"author":{"name":"La r\u00e9daction","@id":"https:\/\/www.info-algerie.com\/actualites\/#\/schema\/person\/847aaec44920825b843a08f30ec6aa1e"},"headline":"Les collectivit\u00e9s locales seront davantage associ\u00e9es \u00e0 l&#039;activit\u00e9 \u00e9conomique","datePublished":"2017-06-18T15:30:07+00:00","mainEntityOfPage":{"@id":"https:\/\/www.info-algerie.com\/actualites\/les-collectivites-locales-seront-davantage-associees-a-lactivite-economique\/"},"wordCount":388,"commentCount":0,"publisher":{"@id":"https:\/\/www.info-algerie.com\/actualites\/#organization"},"keywords":["ONU"],"articleSection":["infos"],"inLanguage":"fr-FR","potentialAction":[{"@type":"CommentAction","name":"Comment","target":["https:\/\/www.info-algerie.com\/actualites\/les-collectivites-locales-seront-davantage-associees-a-lactivite-economique\/#respond"]}]},{"@type":"WebPage","@id":"https:\/\/www.info-algerie.com\/actualites\/les-collectivites-locales-seront-davantage-associees-a-lactivite-economique\/","url":"https:\/\/www.info-algerie.com\/actualites\/les-collectivites-locales-seront-davantage-associees-a-lactivite-economique\/","name":"Les collectivit\u00e9s locales seront davantage associ\u00e9es \u00e0 l&#039;activit\u00e9 \u00e9conomique - info algerie","isPartOf":{"@id":"https:\/\/www.info-algerie.com\/actualites\/#website"},"datePublished":"2017-06-18T15:30:07+00:00","breadcrumb":{"@id":"https:\/\/www.info-algerie.com\/actualites\/les-collectivites-locales-seront-davantage-associees-a-lactivite-economique\/#breadcrumb"},"inLanguage":"fr-FR","potentialAction":[{"@type":"ReadAction","target":["https:\/\/www.info-algerie.com\/actualites\/les-collectivites-locales-seront-davantage-associees-a-lactivite-economique\/"]}]},{"@type":"BreadcrumbList","@id":"https:\/\/www.info-algerie.com\/actualites\/les-collectivites-locales-seront-davantage-associees-a-lactivite-economique\/#breadcrumb","itemListElement":[{"@type":"ListItem","position":1,"name":"Accueil","item":"https:\/\/www.info-algerie.com\/actualites\/"},{"@type":"ListItem","position":2,"name":"Les collectivit\u00e9s locales seront davantage associ\u00e9es \u00e0 l&#039;activit\u00e9 \u00e9conomique"}]},{"@type":"WebSite","@id":"https:\/\/www.info-algerie.com\/actualites\/#website","url":"https:\/\/www.info-algerie.com\/actualites\/","name":"info algerie","description":"Toutes les actualit\u00e9s","publisher":{"@id":"https:\/\/www.info-algerie.com\/actualites\/#organization"},"potentialAction":[{"@type":"SearchAction","target":{"@type":"EntryPoint","urlTemplate":"https:\/\/www.info-algerie.com\/actualites\/?s={search_term_string}"},"query-input":{"@type":"PropertyValueSpecification","valueRequired":true,"valueName":"search_term_string"}}],"inLanguage":"fr-FR"},{"@type":"Organization","@id":"https:\/\/www.info-algerie.com\/actualites\/#organization","name":"info algerie","url":"https:\/\/www.info-algerie.com\/actualites\/","logo":{"@type":"ImageObject","inLanguage":"fr-FR","@id":"https:\/\/www.info-algerie.com\/actualites\/#\/schema\/logo\/image\/","url":"https:\/\/www.info-algerie.com\/actualites\/wp-content\/uploads\/2022\/07\/logo-ia-120.png","contentUrl":"https:\/\/www.info-algerie.com\/actualites\/wp-content\/uploads\/2022\/07\/logo-ia-120.png","width":120,"height":43,"caption":"info algerie"},"image":{"@id":"https:\/\/www.info-algerie.com\/actualites\/#\/schema\/logo\/image\/"},"sameAs":["https:\/\/www.facebook.com\/infoalgerieactu","https:\/\/x.com\/infoalgerie1"]},{"@type":"Person","@id":"https:\/\/www.info-algerie.com\/actualites\/#\/schema\/person\/847aaec44920825b843a08f30ec6aa1e","name":"La r\u00e9daction","image":{"@type":"ImageObject","inLanguage":"fr-FR","@id":"https:\/\/secure.gravatar.com\/avatar\/769db425c6f465158149f1ffd6cf61ce7a8a879d11dfbef8288af36dfddd418c?s=96&d=mm&r=g","url":"https:\/\/secure.gravatar.com\/avatar\/769db425c6f465158149f1ffd6cf61ce7a8a879d11dfbef8288af36dfddd418c?s=96&d=mm&r=g","contentUrl":"https:\/\/secure.gravatar.com\/avatar\/769db425c6f465158149f1ffd6cf61ce7a8a879d11dfbef8288af36dfddd418c?s=96&d=mm&r=g","caption":"La r\u00e9daction"},"sameAs":["http:\/\/www.lkeria.com\/"],"url":"https:\/\/www.info-algerie.com\/actualites\/author\/chakib32\/"}]}},"_links":{"self":[{"href":"https:\/\/www.info-algerie.com\/actualites\/wp-json\/wp\/v2\/posts\/13320","targetHints":{"allow":["GET"]}}],"collection":[{"href":"https:\/\/www.info-algerie.com\/actualites\/wp-json\/wp\/v2\/posts"}],"about":[{"href":"https:\/\/www.info-algerie.com\/actualites\/wp-json\/wp\/v2\/types\/post"}],"author":[{"embeddable":true,"href":"https:\/\/www.info-algerie.com\/actualites\/wp-json\/wp\/v2\/users\/6"}],"replies":[{"embeddable":true,"href":"https:\/\/www.info-algerie.com\/actualites\/wp-json\/wp\/v2\/comments?post=13320"}],"version-history":[{"count":0,"href":"https:\/\/www.info-algerie.com\/actualites\/wp-json\/wp\/v2\/posts\/13320\/revisions"}],"wp:attachment":[{"href":"https:\/\/www.info-algerie.com\/actualites\/wp-json\/wp\/v2\/media?parent=13320"}],"wp:term":[{"taxonomy":"category","embeddable":true,"href":"https:\/\/www.info-algerie.com\/actualites\/wp-json\/wp\/v2\/categories?post=13320"},{"taxonomy":"post_tag","embeddable":true,"href":"https:\/\/www.info-algerie.com\/actualites\/wp-json\/wp\/v2\/tags?post=13320"}],"curies":[{"name":"wp","href":"https:\/\/api.w.org\/{rel}","templated":true}]}}