{"id":13322,"date":"2017-06-18T18:17:54","date_gmt":"2017-06-18T17:17:54","guid":{"rendered":"http:\/\/www.info-algerie.com\/actualites\/messahel-recoit-une-communication-telephonique-du-ministre-yemenite-des-ae\/"},"modified":"2017-06-18T18:17:54","modified_gmt":"2017-06-18T17:17:54","slug":"messahel-recoit-une-communication-telephonique-du-ministre-yemenite-des-ae","status":"publish","type":"post","link":"https:\/\/www.info-algerie.com\/actualites\/messahel-recoit-une-communication-telephonique-du-ministre-yemenite-des-ae\/","title":{"rendered":"Messahel re\u00e7oit une communication t\u00e9l\u00e9phonique du ministre y\u00e9m\u00e9nite des AE"},"content":{"rendered":"<div class=\"K2FeedImage\"><img decoding=\"async\" src=\"https:\/\/www.info-algerie.com\/actualites\/wp-content\/uploads\/2017\/06\/6e2775c6c27d5823a0fbe9bfc41e2f23_S.jpg\" alt=\"Messahel re&#xE7;oit une communication t&#xE9;l&#xE9;phonique du ministre y&#xE9;m&#xE9;nite des AE\" \/><\/div>\n<div class=\"K2FeedIntroText\">\n<p>ALGER &#8211; Le ministre des Affaires \u00e9trang\u00e8res, Abdelkader Messahel, a re\u00e7u dimanche une communication t\u00e9l\u00e9phonique du vice-Premier ministre et ministre des Affaires \u00e9trang\u00e8res de la R\u00e9publique du Y\u00e9men, Abdul Malek Al-Mekhlafi.<\/p>\n<p>&#013;\n<\/p><\/div>\n<div class=\"K2FeedFullText\">&#013;<\/p>\n<p>Lors de l&rsquo;entretien t\u00e9l\u00e9phonique, le ministre y\u00e9m\u00e9nite a donn\u00e9 un aper\u00e7u de \u00ab\u00a0la situation dans son pays et des conditions de vie difficiles que traverse le peuple y\u00e9m\u00e9nite\u00a0\u00bb, pr\u00e9cise un communiqu\u00e9 du minist\u00e8re des Affaires \u00e9trang\u00e8res.<\/p>\n<p>&#013;<\/p>\n<p class=\"MsoNormal\">Le ministre y\u00e9m\u00e9nite a salu\u00e9 \u00ab\u00a0la position de l&rsquo;Alg\u00e9rie concernant la crise qui secoue son pays, et qui appelle \u00e0 une solution par le dialogue entre les protagonistes, \u00e0 la r\u00e9conciliation et au respect de la souverainet\u00e9 et de l&rsquo;int\u00e9grit\u00e9 territoriale du Y\u00e9men\u00a0\u00bb, a ajout\u00e9 la m\u00eame source.<\/p>\n<p>&#013;<\/p>\n<p>\u00a0<\/p>\n<p>&#013;<\/p>\n<p style=\"text-align: center\"><strong>Entretien t\u00e9l\u00e9phonique entre Messahel et le ministre koweitien des AE<\/strong><\/p>\n<p>&#013;<\/p>\n<p>\u00a0<\/p>\n<p>&#013;<\/p>\n<p>Le ministre des Affaires \u00e9trang\u00e8res, Abdelkader Messahel a eu dimanche un entretien t\u00e9l\u00e9phonique avec Cheikh Sabah Al Khaled Hamad Al Sabah, vice-premier ministre et ministre des Affaires \u00e9trang\u00e8res de l&rsquo;Etat du Kowe\u00eft dans lequel il a pass\u00e9 en revue les relations bilat\u00e9rale et la situation dans la r\u00e9gion du Golfe \u00e0 la lumi\u00e8re des diff\u00e9rends survenus entre certains pays de cette r\u00e9gion, a indiqu\u00e9 un communiqu\u00e9 du minist\u00e8re des Affaires \u00e9trang\u00e8res (AE) .<\/p>\n<p>&#013;<\/p>\n<p class=\"MsoNormal\">\u00ab\u00a0M. Messahel a salu\u00e9 les efforts consentis par l&rsquo;\u00e9mir de l&rsquo;Etat du Kowe\u00eft, Cheikh Al Sabah Al Ahmed Al Sabah et par le gouvernement koweitien pour le r\u00e8glement des diff\u00e9rends survenus entre certains pays de la r\u00e9gion\u00a0\u00bb.<\/p>\n<\/div>\n<p>&#013;<br \/>\nSource: <a href=\"http:\/\/www.aps.dz\/algerie\/59090-messahel-recoit-une-communication-telephonique-du-ministre-yemenite-des-ae\" target=\"_blank\">Messahel re\u00e7oit une communication t\u00e9l\u00e9phonique du ministre y\u00e9m\u00e9nite des AE<\/a><\/p>\n<!--CusAds0-->\n<div style=\"font-size: 0px; height: 0px; line-height: 0px; margin: 0; padding: 0; clear: both;\"><\/div>","protected":false},"excerpt":{"rendered":"<p>ALGER &#8211; Le ministre des Affaires \u00e9trang\u00e8res, Abdelkader Messahel, a re\u00e7u dimanche une communication t\u00e9l\u00e9phonique du vice-Premier ministre et ministre des Affaires \u00e9trang\u00e8res de la R\u00e9publique du Y\u00e9men, Abdul Malek Al-Mekhlafi. &#013; &#013; Lors de l&rsquo;entretien t\u00e9l\u00e9phonique, le ministre y\u00e9m\u00e9nite a donn\u00e9 un aper\u00e7u de \u00ab\u00a0la situation dans son pays et des conditions de vie<\/p>\n","protected":false},"author":6,"featured_media":13323,"comment_status":"open","ping_status":"open","sticky":false,"template":"","format":"standard","meta":{"footnotes":""},"categories":[22],"tags":[93],"class_list":["post-13322","post","type-post","status-publish","format-standard","has-post-thumbnail","hentry","category-infos","tag-onu"],"yoast_head":"<!-- This site is optimized with the Yoast SEO plugin v27.5 - https:\/\/yoast.com\/product\/yoast-seo-wordpress\/ -->\n<title>Messahel re\u00e7oit une communication t\u00e9l\u00e9phonique du ministre y\u00e9m\u00e9nite des AE - info algerie<\/title>\n<meta name=\"robots\" content=\"index, follow, max-snippet:-1, max-image-preview:large, max-video-preview:-1\" \/>\n<link rel=\"canonical\" href=\"https:\/\/www.info-algerie.com\/actualites\/messahel-recoit-une-communication-telephonique-du-ministre-yemenite-des-ae\/\" \/>\n<meta property=\"og:locale\" content=\"fr_FR\" \/>\n<meta property=\"og:type\" content=\"article\" \/>\n<meta property=\"og:title\" content=\"Messahel re\u00e7oit une communication t\u00e9l\u00e9phonique du ministre y\u00e9m\u00e9nite des AE - info algerie\" \/>\n<meta property=\"og:description\" content=\"ALGER &#8211; Le ministre des Affaires \u00e9trang\u00e8res, Abdelkader Messahel, a re\u00e7u dimanche une communication t\u00e9l\u00e9phonique du vice-Premier ministre et ministre des Affaires \u00e9trang\u00e8res de la R\u00e9publique du Y\u00e9men, Abdul Malek Al-Mekhlafi. &#013; &#013; Lors de l&rsquo;entretien t\u00e9l\u00e9phonique, le ministre y\u00e9m\u00e9nite a donn\u00e9 un aper\u00e7u de \u00ab\u00a0la situation dans son pays et des conditions de vie\" \/>\n<meta property=\"og:url\" content=\"https:\/\/www.info-algerie.com\/actualites\/messahel-recoit-une-communication-telephonique-du-ministre-yemenite-des-ae\/\" \/>\n<meta property=\"og:site_name\" content=\"info algerie\" \/>\n<meta property=\"article:publisher\" content=\"https:\/\/www.facebook.com\/infoalgerieactu\" \/>\n<meta property=\"article:published_time\" content=\"2017-06-18T17:17:54+00:00\" \/>\n<meta property=\"og:image\" content=\"https:\/\/www.info-algerie.com\/actualites\/wp-content\/uploads\/2017\/06\/6e2775c6c27d5823a0fbe9bfc41e2f23_S-1.jpg\" \/>\n\t<meta property=\"og:image:width\" content=\"280\" \/>\n\t<meta property=\"og:image:height\" content=\"169\" \/>\n\t<meta property=\"og:image:type\" content=\"image\/jpeg\" \/>\n<meta name=\"author\" content=\"La r\u00e9daction\" \/>\n<meta name=\"twitter:label1\" content=\"\u00c9crit par\" \/>\n\t<meta name=\"twitter:data1\" content=\"La r\u00e9daction\" \/>\n\t<meta name=\"twitter:label2\" content=\"Dur\u00e9e de lecture estim\u00e9e\" \/>\n\t<meta name=\"twitter:data2\" content=\"1 minute\" \/>\n<script type=\"application\/ld+json\" class=\"yoast-schema-graph\">{\"@context\":\"https:\\\/\\\/schema.org\",\"@graph\":[{\"@type\":\"Article\",\"@id\":\"https:\\\/\\\/www.info-algerie.com\\\/actualites\\\/messahel-recoit-une-communication-telephonique-du-ministre-yemenite-des-ae\\\/#article\",\"isPartOf\":{\"@id\":\"https:\\\/\\\/www.info-algerie.com\\\/actualites\\\/messahel-recoit-une-communication-telephonique-du-ministre-yemenite-des-ae\\\/\"},\"author\":{\"name\":\"La r\u00e9daction\",\"@id\":\"https:\\\/\\\/www.info-algerie.com\\\/actualites\\\/#\\\/schema\\\/person\\\/847aaec44920825b843a08f30ec6aa1e\"},\"headline\":\"Messahel re\u00e7oit une communication t\u00e9l\u00e9phonique du ministre y\u00e9m\u00e9nite des AE\",\"datePublished\":\"2017-06-18T17:17:54+00:00\",\"mainEntityOfPage\":{\"@id\":\"https:\\\/\\\/www.info-algerie.com\\\/actualites\\\/messahel-recoit-une-communication-telephonique-du-ministre-yemenite-des-ae\\\/\"},\"wordCount\":310,\"commentCount\":0,\"publisher\":{\"@id\":\"https:\\\/\\\/www.info-algerie.com\\\/actualites\\\/#organization\"},\"image\":{\"@id\":\"https:\\\/\\\/www.info-algerie.com\\\/actualites\\\/messahel-recoit-une-communication-telephonique-du-ministre-yemenite-des-ae\\\/#primaryimage\"},\"thumbnailUrl\":\"https:\\\/\\\/www.info-algerie.com\\\/actualites\\\/wp-content\\\/uploads\\\/2017\\\/06\\\/6e2775c6c27d5823a0fbe9bfc41e2f23_S-1.jpg\",\"keywords\":[\"ONU\"],\"articleSection\":[\"infos\"],\"inLanguage\":\"fr-FR\",\"potentialAction\":[{\"@type\":\"CommentAction\",\"name\":\"Comment\",\"target\":[\"https:\\\/\\\/www.info-algerie.com\\\/actualites\\\/messahel-recoit-une-communication-telephonique-du-ministre-yemenite-des-ae\\\/#respond\"]}]},{\"@type\":\"WebPage\",\"@id\":\"https:\\\/\\\/www.info-algerie.com\\\/actualites\\\/messahel-recoit-une-communication-telephonique-du-ministre-yemenite-des-ae\\\/\",\"url\":\"https:\\\/\\\/www.info-algerie.com\\\/actualites\\\/messahel-recoit-une-communication-telephonique-du-ministre-yemenite-des-ae\\\/\",\"name\":\"Messahel re\u00e7oit une communication t\u00e9l\u00e9phonique du ministre y\u00e9m\u00e9nite des AE - info algerie\",\"isPartOf\":{\"@id\":\"https:\\\/\\\/www.info-algerie.com\\\/actualites\\\/#website\"},\"primaryImageOfPage\":{\"@id\":\"https:\\\/\\\/www.info-algerie.com\\\/actualites\\\/messahel-recoit-une-communication-telephonique-du-ministre-yemenite-des-ae\\\/#primaryimage\"},\"image\":{\"@id\":\"https:\\\/\\\/www.info-algerie.com\\\/actualites\\\/messahel-recoit-une-communication-telephonique-du-ministre-yemenite-des-ae\\\/#primaryimage\"},\"thumbnailUrl\":\"https:\\\/\\\/www.info-algerie.com\\\/actualites\\\/wp-content\\\/uploads\\\/2017\\\/06\\\/6e2775c6c27d5823a0fbe9bfc41e2f23_S-1.jpg\",\"datePublished\":\"2017-06-18T17:17:54+00:00\",\"breadcrumb\":{\"@id\":\"https:\\\/\\\/www.info-algerie.com\\\/actualites\\\/messahel-recoit-une-communication-telephonique-du-ministre-yemenite-des-ae\\\/#breadcrumb\"},\"inLanguage\":\"fr-FR\",\"potentialAction\":[{\"@type\":\"ReadAction\",\"target\":[\"https:\\\/\\\/www.info-algerie.com\\\/actualites\\\/messahel-recoit-une-communication-telephonique-du-ministre-yemenite-des-ae\\\/\"]}]},{\"@type\":\"ImageObject\",\"inLanguage\":\"fr-FR\",\"@id\":\"https:\\\/\\\/www.info-algerie.com\\\/actualites\\\/messahel-recoit-une-communication-telephonique-du-ministre-yemenite-des-ae\\\/#primaryimage\",\"url\":\"https:\\\/\\\/www.info-algerie.com\\\/actualites\\\/wp-content\\\/uploads\\\/2017\\\/06\\\/6e2775c6c27d5823a0fbe9bfc41e2f23_S-1.jpg\",\"contentUrl\":\"https:\\\/\\\/www.info-algerie.com\\\/actualites\\\/wp-content\\\/uploads\\\/2017\\\/06\\\/6e2775c6c27d5823a0fbe9bfc41e2f23_S-1.jpg\",\"width\":280,\"height\":169},{\"@type\":\"BreadcrumbList\",\"@id\":\"https:\\\/\\\/www.info-algerie.com\\\/actualites\\\/messahel-recoit-une-communication-telephonique-du-ministre-yemenite-des-ae\\\/#breadcrumb\",\"itemListElement\":[{\"@type\":\"ListItem\",\"position\":1,\"name\":\"Accueil\",\"item\":\"https:\\\/\\\/www.info-algerie.com\\\/actualites\\\/\"},{\"@type\":\"ListItem\",\"position\":2,\"name\":\"Messahel re\u00e7oit une communication t\u00e9l\u00e9phonique du ministre y\u00e9m\u00e9nite des AE\"}]},{\"@type\":\"WebSite\",\"@id\":\"https:\\\/\\\/www.info-algerie.com\\\/actualites\\\/#website\",\"url\":\"https:\\\/\\\/www.info-algerie.com\\\/actualites\\\/\",\"name\":\"info algerie\",\"description\":\"Toutes les actualit\u00e9s\",\"publisher\":{\"@id\":\"https:\\\/\\\/www.info-algerie.com\\\/actualites\\\/#organization\"},\"potentialAction\":[{\"@type\":\"SearchAction\",\"target\":{\"@type\":\"EntryPoint\",\"urlTemplate\":\"https:\\\/\\\/www.info-algerie.com\\\/actualites\\\/?s={search_term_string}\"},\"query-input\":{\"@type\":\"PropertyValueSpecification\",\"valueRequired\":true,\"valueName\":\"search_term_string\"}}],\"inLanguage\":\"fr-FR\"},{\"@type\":\"Organization\",\"@id\":\"https:\\\/\\\/www.info-algerie.com\\\/actualites\\\/#organization\",\"name\":\"info algerie\",\"url\":\"https:\\\/\\\/www.info-algerie.com\\\/actualites\\\/\",\"logo\":{\"@type\":\"ImageObject\",\"inLanguage\":\"fr-FR\",\"@id\":\"https:\\\/\\\/www.info-algerie.com\\\/actualites\\\/#\\\/schema\\\/logo\\\/image\\\/\",\"url\":\"https:\\\/\\\/www.info-algerie.com\\\/actualites\\\/wp-content\\\/uploads\\\/2022\\\/07\\\/logo-ia-120.png\",\"contentUrl\":\"https:\\\/\\\/www.info-algerie.com\\\/actualites\\\/wp-content\\\/uploads\\\/2022\\\/07\\\/logo-ia-120.png\",\"width\":120,\"height\":43,\"caption\":\"info algerie\"},\"image\":{\"@id\":\"https:\\\/\\\/www.info-algerie.com\\\/actualites\\\/#\\\/schema\\\/logo\\\/image\\\/\"},\"sameAs\":[\"https:\\\/\\\/www.facebook.com\\\/infoalgerieactu\",\"https:\\\/\\\/x.com\\\/infoalgerie1\"]},{\"@type\":\"Person\",\"@id\":\"https:\\\/\\\/www.info-algerie.com\\\/actualites\\\/#\\\/schema\\\/person\\\/847aaec44920825b843a08f30ec6aa1e\",\"name\":\"La r\u00e9daction\",\"image\":{\"@type\":\"ImageObject\",\"inLanguage\":\"fr-FR\",\"@id\":\"https:\\\/\\\/secure.gravatar.com\\\/avatar\\\/769db425c6f465158149f1ffd6cf61ce7a8a879d11dfbef8288af36dfddd418c?s=96&d=mm&r=g\",\"url\":\"https:\\\/\\\/secure.gravatar.com\\\/avatar\\\/769db425c6f465158149f1ffd6cf61ce7a8a879d11dfbef8288af36dfddd418c?s=96&d=mm&r=g\",\"contentUrl\":\"https:\\\/\\\/secure.gravatar.com\\\/avatar\\\/769db425c6f465158149f1ffd6cf61ce7a8a879d11dfbef8288af36dfddd418c?s=96&d=mm&r=g\",\"caption\":\"La r\u00e9daction\"},\"sameAs\":[\"http:\\\/\\\/www.lkeria.com\\\/\"],\"url\":\"https:\\\/\\\/www.info-algerie.com\\\/actualites\\\/author\\\/chakib32\\\/\"}]}<\/script>\n<!-- \/ Yoast SEO plugin. -->","yoast_head_json":{"title":"Messahel re\u00e7oit une communication t\u00e9l\u00e9phonique du ministre y\u00e9m\u00e9nite des AE - info algerie","robots":{"index":"index","follow":"follow","max-snippet":"max-snippet:-1","max-image-preview":"max-image-preview:large","max-video-preview":"max-video-preview:-1"},"canonical":"https:\/\/www.info-algerie.com\/actualites\/messahel-recoit-une-communication-telephonique-du-ministre-yemenite-des-ae\/","og_locale":"fr_FR","og_type":"article","og_title":"Messahel re\u00e7oit une communication t\u00e9l\u00e9phonique du ministre y\u00e9m\u00e9nite des AE - info algerie","og_description":"ALGER &#8211; Le ministre des Affaires \u00e9trang\u00e8res, Abdelkader Messahel, a re\u00e7u dimanche une communication t\u00e9l\u00e9phonique du vice-Premier ministre et ministre des Affaires \u00e9trang\u00e8res de la R\u00e9publique du Y\u00e9men, Abdul Malek Al-Mekhlafi. &#013; &#013; Lors de l&rsquo;entretien t\u00e9l\u00e9phonique, le ministre y\u00e9m\u00e9nite a donn\u00e9 un aper\u00e7u de \u00ab\u00a0la situation dans son pays et des conditions de vie","og_url":"https:\/\/www.info-algerie.com\/actualites\/messahel-recoit-une-communication-telephonique-du-ministre-yemenite-des-ae\/","og_site_name":"info algerie","article_publisher":"https:\/\/www.facebook.com\/infoalgerieactu","article_published_time":"2017-06-18T17:17:54+00:00","og_image":[{"width":280,"height":169,"url":"https:\/\/www.info-algerie.com\/actualites\/wp-content\/uploads\/2017\/06\/6e2775c6c27d5823a0fbe9bfc41e2f23_S-1.jpg","type":"image\/jpeg"}],"author":"La r\u00e9daction","twitter_misc":{"\u00c9crit par":"La r\u00e9daction","Dur\u00e9e de lecture estim\u00e9e":"1 minute"},"schema":{"@context":"https:\/\/schema.org","@graph":[{"@type":"Article","@id":"https:\/\/www.info-algerie.com\/actualites\/messahel-recoit-une-communication-telephonique-du-ministre-yemenite-des-ae\/#article","isPartOf":{"@id":"https:\/\/www.info-algerie.com\/actualites\/messahel-recoit-une-communication-telephonique-du-ministre-yemenite-des-ae\/"},"author":{"name":"La r\u00e9daction","@id":"https:\/\/www.info-algerie.com\/actualites\/#\/schema\/person\/847aaec44920825b843a08f30ec6aa1e"},"headline":"Messahel re\u00e7oit une communication t\u00e9l\u00e9phonique du ministre y\u00e9m\u00e9nite des AE","datePublished":"2017-06-18T17:17:54+00:00","mainEntityOfPage":{"@id":"https:\/\/www.info-algerie.com\/actualites\/messahel-recoit-une-communication-telephonique-du-ministre-yemenite-des-ae\/"},"wordCount":310,"commentCount":0,"publisher":{"@id":"https:\/\/www.info-algerie.com\/actualites\/#organization"},"image":{"@id":"https:\/\/www.info-algerie.com\/actualites\/messahel-recoit-une-communication-telephonique-du-ministre-yemenite-des-ae\/#primaryimage"},"thumbnailUrl":"https:\/\/www.info-algerie.com\/actualites\/wp-content\/uploads\/2017\/06\/6e2775c6c27d5823a0fbe9bfc41e2f23_S-1.jpg","keywords":["ONU"],"articleSection":["infos"],"inLanguage":"fr-FR","potentialAction":[{"@type":"CommentAction","name":"Comment","target":["https:\/\/www.info-algerie.com\/actualites\/messahel-recoit-une-communication-telephonique-du-ministre-yemenite-des-ae\/#respond"]}]},{"@type":"WebPage","@id":"https:\/\/www.info-algerie.com\/actualites\/messahel-recoit-une-communication-telephonique-du-ministre-yemenite-des-ae\/","url":"https:\/\/www.info-algerie.com\/actualites\/messahel-recoit-une-communication-telephonique-du-ministre-yemenite-des-ae\/","name":"Messahel re\u00e7oit une communication t\u00e9l\u00e9phonique du ministre y\u00e9m\u00e9nite des AE - info algerie","isPartOf":{"@id":"https:\/\/www.info-algerie.com\/actualites\/#website"},"primaryImageOfPage":{"@id":"https:\/\/www.info-algerie.com\/actualites\/messahel-recoit-une-communication-telephonique-du-ministre-yemenite-des-ae\/#primaryimage"},"image":{"@id":"https:\/\/www.info-algerie.com\/actualites\/messahel-recoit-une-communication-telephonique-du-ministre-yemenite-des-ae\/#primaryimage"},"thumbnailUrl":"https:\/\/www.info-algerie.com\/actualites\/wp-content\/uploads\/2017\/06\/6e2775c6c27d5823a0fbe9bfc41e2f23_S-1.jpg","datePublished":"2017-06-18T17:17:54+00:00","breadcrumb":{"@id":"https:\/\/www.info-algerie.com\/actualites\/messahel-recoit-une-communication-telephonique-du-ministre-yemenite-des-ae\/#breadcrumb"},"inLanguage":"fr-FR","potentialAction":[{"@type":"ReadAction","target":["https:\/\/www.info-algerie.com\/actualites\/messahel-recoit-une-communication-telephonique-du-ministre-yemenite-des-ae\/"]}]},{"@type":"ImageObject","inLanguage":"fr-FR","@id":"https:\/\/www.info-algerie.com\/actualites\/messahel-recoit-une-communication-telephonique-du-ministre-yemenite-des-ae\/#primaryimage","url":"https:\/\/www.info-algerie.com\/actualites\/wp-content\/uploads\/2017\/06\/6e2775c6c27d5823a0fbe9bfc41e2f23_S-1.jpg","contentUrl":"https:\/\/www.info-algerie.com\/actualites\/wp-content\/uploads\/2017\/06\/6e2775c6c27d5823a0fbe9bfc41e2f23_S-1.jpg","width":280,"height":169},{"@type":"BreadcrumbList","@id":"https:\/\/www.info-algerie.com\/actualites\/messahel-recoit-une-communication-telephonique-du-ministre-yemenite-des-ae\/#breadcrumb","itemListElement":[{"@type":"ListItem","position":1,"name":"Accueil","item":"https:\/\/www.info-algerie.com\/actualites\/"},{"@type":"ListItem","position":2,"name":"Messahel re\u00e7oit une communication t\u00e9l\u00e9phonique du ministre y\u00e9m\u00e9nite des AE"}]},{"@type":"WebSite","@id":"https:\/\/www.info-algerie.com\/actualites\/#website","url":"https:\/\/www.info-algerie.com\/actualites\/","name":"info algerie","description":"Toutes les actualit\u00e9s","publisher":{"@id":"https:\/\/www.info-algerie.com\/actualites\/#organization"},"potentialAction":[{"@type":"SearchAction","target":{"@type":"EntryPoint","urlTemplate":"https:\/\/www.info-algerie.com\/actualites\/?s={search_term_string}"},"query-input":{"@type":"PropertyValueSpecification","valueRequired":true,"valueName":"search_term_string"}}],"inLanguage":"fr-FR"},{"@type":"Organization","@id":"https:\/\/www.info-algerie.com\/actualites\/#organization","name":"info algerie","url":"https:\/\/www.info-algerie.com\/actualites\/","logo":{"@type":"ImageObject","inLanguage":"fr-FR","@id":"https:\/\/www.info-algerie.com\/actualites\/#\/schema\/logo\/image\/","url":"https:\/\/www.info-algerie.com\/actualites\/wp-content\/uploads\/2022\/07\/logo-ia-120.png","contentUrl":"https:\/\/www.info-algerie.com\/actualites\/wp-content\/uploads\/2022\/07\/logo-ia-120.png","width":120,"height":43,"caption":"info algerie"},"image":{"@id":"https:\/\/www.info-algerie.com\/actualites\/#\/schema\/logo\/image\/"},"sameAs":["https:\/\/www.facebook.com\/infoalgerieactu","https:\/\/x.com\/infoalgerie1"]},{"@type":"Person","@id":"https:\/\/www.info-algerie.com\/actualites\/#\/schema\/person\/847aaec44920825b843a08f30ec6aa1e","name":"La r\u00e9daction","image":{"@type":"ImageObject","inLanguage":"fr-FR","@id":"https:\/\/secure.gravatar.com\/avatar\/769db425c6f465158149f1ffd6cf61ce7a8a879d11dfbef8288af36dfddd418c?s=96&d=mm&r=g","url":"https:\/\/secure.gravatar.com\/avatar\/769db425c6f465158149f1ffd6cf61ce7a8a879d11dfbef8288af36dfddd418c?s=96&d=mm&r=g","contentUrl":"https:\/\/secure.gravatar.com\/avatar\/769db425c6f465158149f1ffd6cf61ce7a8a879d11dfbef8288af36dfddd418c?s=96&d=mm&r=g","caption":"La r\u00e9daction"},"sameAs":["http:\/\/www.lkeria.com\/"],"url":"https:\/\/www.info-algerie.com\/actualites\/author\/chakib32\/"}]}},"_links":{"self":[{"href":"https:\/\/www.info-algerie.com\/actualites\/wp-json\/wp\/v2\/posts\/13322","targetHints":{"allow":["GET"]}}],"collection":[{"href":"https:\/\/www.info-algerie.com\/actualites\/wp-json\/wp\/v2\/posts"}],"about":[{"href":"https:\/\/www.info-algerie.com\/actualites\/wp-json\/wp\/v2\/types\/post"}],"author":[{"embeddable":true,"href":"https:\/\/www.info-algerie.com\/actualites\/wp-json\/wp\/v2\/users\/6"}],"replies":[{"embeddable":true,"href":"https:\/\/www.info-algerie.com\/actualites\/wp-json\/wp\/v2\/comments?post=13322"}],"version-history":[{"count":0,"href":"https:\/\/www.info-algerie.com\/actualites\/wp-json\/wp\/v2\/posts\/13322\/revisions"}],"wp:featuredmedia":[{"embeddable":true,"href":"https:\/\/www.info-algerie.com\/actualites\/wp-json\/wp\/v2\/media\/13323"}],"wp:attachment":[{"href":"https:\/\/www.info-algerie.com\/actualites\/wp-json\/wp\/v2\/media?parent=13322"}],"wp:term":[{"taxonomy":"category","embeddable":true,"href":"https:\/\/www.info-algerie.com\/actualites\/wp-json\/wp\/v2\/categories?post=13322"},{"taxonomy":"post_tag","embeddable":true,"href":"https:\/\/www.info-algerie.com\/actualites\/wp-json\/wp\/v2\/tags?post=13322"}],"curies":[{"name":"wp","href":"https:\/\/api.w.org\/{rel}","templated":true}]}}