{"id":13332,"date":"2017-06-18T17:49:53","date_gmt":"2017-06-18T16:49:53","guid":{"rendered":"http:\/\/www.info-algerie.com\/actualites\/algerie-iran-convergence-de-vues-sur-la-lutte-antiterroriste-et-le-respect-de-la-souverainete-des-etats\/"},"modified":"2017-06-18T17:49:53","modified_gmt":"2017-06-18T16:49:53","slug":"algerie-iran-convergence-de-vues-sur-la-lutte-antiterroriste-et-le-respect-de-la-souverainete-des-etats","status":"publish","type":"post","link":"https:\/\/www.info-algerie.com\/actualites\/algerie-iran-convergence-de-vues-sur-la-lutte-antiterroriste-et-le-respect-de-la-souverainete-des-etats\/","title":{"rendered":"Alg\u00e9rie-Iran: convergence de vues sur la lutte antiterroriste et le respect de la souverainet\u00e9 des Etats"},"content":{"rendered":"<div class=\"K2FeedImage\"><img decoding=\"async\" src=\"https:\/\/www.info-algerie.com\/actualites\/wp-content\/uploads\/2017\/06\/b5da0e32c8534425cf658d3bc848a286_S.jpg\" alt=\"Alg&#xE9;rie-Iran: convergence de vues sur la lutte antiterroriste et le respect de la souverainet&#xE9; des Etats\" \/><\/div>\n<div class=\"K2FeedIntroText\">\n<p>ALGER &#8211; Le ministre iranien des Affaires \u00e9trang\u00e8res, Mohammad Jawad Zarif, a mis en avant dimanche \u00e0 Alger une convergence de vues entre l&rsquo;Alg\u00e9rie et son pays concernant la coop\u00e9ration internationale, la lutte antiterroriste, le respect de l&rsquo;int\u00e9grit\u00e9 territoriale et la souverainet\u00e9 des Etas et la non-ing\u00e9rence dans leurs affaires internes.<\/p>\n<p>&#013;\n<\/p><\/div>\n<div class=\"K2FeedFullText\">&#013;<\/p>\n<p>\u00ab\u00a0Nous avons proc\u00e9der \u00e0 un \u00e9change de vues sur la n\u00e9cessit\u00e9 de la coop\u00e9ration internationale dans la lutte antiterroriste, du respect de la souverainet\u00e9 et de l&rsquo;int\u00e9grit\u00e9 territoriales des Etats et la non-ing\u00e9rence dans leurs affaires ainsi que sur l&rsquo;importance du dialogue pour parvenir \u00e0 des solutions pacifiques aux conflits et aux diff\u00e9rends, a d\u00e9clar\u00e9 \u00e0 la presse le chef de la diplomatie iranienne \u00e0 l&rsquo;issue de son entrevue avec le ministre des Affaires \u00e9trang\u00e8res, Abdelkader Messahel.<\/p>\n<p>&#013;<\/p>\n<p>M. Jawad Zarif a pr\u00e9cis\u00e9 avoir \u00e9voqu\u00e9 avec M. Messahel \u00ab\u00a0les questions r\u00e9gionales notamment en mati\u00e8re de lutte contre le terrorisme et l&rsquo;extr\u00e9misme\u00a0\u00bb qualifiant ces entretiens de \u00ab\u00a0bonnes et constructives\u00a0\u00bb.<\/p>\n<p>&#013;<\/p>\n<p>Qualifiant les relations entre l&rsquo;Alg\u00e9rie et l&rsquo;Iran de \u00ab\u00a0tr\u00e8s solides\u00a0\u00bb dans divers domaines \u00e9conomiques et politiques, le ministre iranien a fait \u00e9tat de \u00ab\u00a0concertations continues\u00a0\u00bb et de \u00ab\u00a0dialogue permanent\u00a0\u00bb entre les deux pays concernant toutes les questions.<\/p>\n<p>&#013;<\/p>\n<p>Il a affirm\u00e9, dans ce contexte, que cette rencontre a permis d&rsquo;\u00e9voquer \u00ab\u00a0les relations bilat\u00e9rales ainsi que la coop\u00e9ration bancaire et \u00e9conomique et les moyens \u00e0 m\u00eame de dynamiser et de booster davantage ces relations\u00a0\u00bb.<\/p>\n<p>&#013;<\/p>\n<p>\u00a0<\/p>\n<p>&#013;<\/p>\n<p style=\"text-align: center\">\u00a0<img decoding=\"async\" src=\"https:\/\/www.info-algerie.com\/actualites\/wp-content\/uploads\/2017\/06\/messahel.jpg\" alt=\"\" \/><\/p>\n<p>&#013;<\/p>\n<p>\u00a0<\/p>\n<p>&#013;<\/p>\n<p>Pour sa part, M. Messahel a affirm\u00e9 avoir proc\u00e9d\u00e9 avec son homologue iranien \u00e0 \u00ab\u00a0l&rsquo;\u00e9valuation des m\u00e9canismes de la coop\u00e9ration bilat\u00e9rale et l&rsquo;examen de de la situation dans le monde arabo-musulmans\u00a0\u00bb.<\/p>\n<p>&#013;<\/p>\n<p>L&rsquo;entretien a \u00e9t\u00e9 \u00e9galement l&rsquo;occasion de \u00ab\u00a0pr\u00e9senter l&rsquo;approche alg\u00e9rienne en mati\u00e8re de lutte antiterroriste et concernant le r\u00f4le de la d\u00e9mocratie dans la lutte contre ce fl\u00e9au\u00a0\u00bb, en sus de \u00ab\u00a0la question du r\u00e8glement des conflits et la position de l&rsquo;Alg\u00e9rie rejetant toute ing\u00e9rence \u00e9trang\u00e8re dans les affaires internes des pays et la n\u00e9cessit\u00e9 du respect de leur souverainet\u00e9\u00a0\u00bb, a ajout\u00e9 M. Messahel.<\/p>\n<p>&#013;<\/p>\n<p>\u00ab\u00a0M\u00eame pour la situation en Syrie, en Libye ou en Irak, notre position est claire: la solution doit \u00eatre interne, entre les concern\u00e9s directement, sans aucune ing\u00e9rence ou pression politique de l&rsquo;ext\u00e9rieur\u00a0\u00bb, a ajout\u00e9 M. Messahel.<\/p>\n<p>&#013;<\/p>\n<p>Il a soulign\u00e9, dans ce sens, l&rsquo;importance du \u00ab\u00a0respect de la souverainet\u00e9, de la volont\u00e9 et des choix des peuples\u00a0\u00bb.<\/p>\n<p>&#013;<\/p>\n<p class=\"MsoNormal\"><strong><a href=\"http:\/\/www.aps.dz\/algerie\/59050-le-ministre-iranien-des-ae-entame-une-visite-en-algerie-dans-le-cadre-d-une-tournee-dans-la-region\">Le ministre iranien des Affaires \u00e9trang\u00e8res a entam\u00e9 dimanche une visite en Alg\u00e9rie dans le cadre d&rsquo;une tourn\u00e9e en Afrique du Nord.<\/a><\/strong><\/p>\n<\/div>\n<p>&#013;<br \/>\nSource: <a href=\"http:\/\/www.aps.dz\/algerie\/59085-algerie-iran-convergence-de-vues-sur-la-lutte-antiterroriste-et-le-respect-de-la-souverainete-des-etats\" target=\"_blank\">Alg\u00e9rie-Iran: convergence de vues sur la lutte antiterroriste et le respect de la souverainet\u00e9 des Etats<\/a><\/p>\n<!--CusAds0-->\n<div style=\"font-size: 0px; height: 0px; line-height: 0px; margin: 0; padding: 0; clear: both;\"><\/div>","protected":false},"excerpt":{"rendered":"<p>ALGER &#8211; Le ministre iranien des Affaires \u00e9trang\u00e8res, Mohammad Jawad Zarif, a mis en avant dimanche \u00e0 Alger une convergence de vues entre l&rsquo;Alg\u00e9rie et son pays concernant la coop\u00e9ration internationale, la lutte antiterroriste, le respect de l&rsquo;int\u00e9grit\u00e9 territoriale et la souverainet\u00e9 des Etas et la non-ing\u00e9rence dans leurs affaires internes. &#013; &#013; \u00ab\u00a0Nous avons<\/p>\n","protected":false},"author":6,"featured_media":13333,"comment_status":"open","ping_status":"open","sticky":false,"template":"","format":"standard","meta":{"footnotes":""},"categories":[22],"tags":[93],"class_list":["post-13332","post","type-post","status-publish","format-standard","has-post-thumbnail","hentry","category-infos","tag-onu"],"yoast_head":"<!-- This site is optimized with the Yoast SEO plugin v27.5 - https:\/\/yoast.com\/product\/yoast-seo-wordpress\/ -->\n<title>Alg\u00e9rie-Iran: convergence de vues sur la lutte antiterroriste et le respect de la souverainet\u00e9 des Etats - info algerie<\/title>\n<meta name=\"robots\" content=\"index, follow, max-snippet:-1, max-image-preview:large, max-video-preview:-1\" \/>\n<link rel=\"canonical\" href=\"https:\/\/www.info-algerie.com\/actualites\/algerie-iran-convergence-de-vues-sur-la-lutte-antiterroriste-et-le-respect-de-la-souverainete-des-etats\/\" \/>\n<meta property=\"og:locale\" content=\"fr_FR\" \/>\n<meta property=\"og:type\" content=\"article\" \/>\n<meta property=\"og:title\" content=\"Alg\u00e9rie-Iran: convergence de vues sur la lutte antiterroriste et le respect de la souverainet\u00e9 des Etats - info algerie\" \/>\n<meta property=\"og:description\" content=\"ALGER &#8211; Le ministre iranien des Affaires \u00e9trang\u00e8res, Mohammad Jawad Zarif, a mis en avant dimanche \u00e0 Alger une convergence de vues entre l&rsquo;Alg\u00e9rie et son pays concernant la coop\u00e9ration internationale, la lutte antiterroriste, le respect de l&rsquo;int\u00e9grit\u00e9 territoriale et la souverainet\u00e9 des Etas et la non-ing\u00e9rence dans leurs affaires internes. &#013; &#013; \u00ab\u00a0Nous avons\" \/>\n<meta property=\"og:url\" content=\"https:\/\/www.info-algerie.com\/actualites\/algerie-iran-convergence-de-vues-sur-la-lutte-antiterroriste-et-le-respect-de-la-souverainete-des-etats\/\" \/>\n<meta property=\"og:site_name\" content=\"info algerie\" \/>\n<meta property=\"article:publisher\" content=\"https:\/\/www.facebook.com\/infoalgerieactu\" \/>\n<meta property=\"article:published_time\" content=\"2017-06-18T16:49:53+00:00\" \/>\n<meta property=\"og:image\" content=\"https:\/\/www.info-algerie.com\/actualites\/wp-content\/uploads\/2017\/06\/b5da0e32c8534425cf658d3bc848a286_S-1.jpg\" \/>\n\t<meta property=\"og:image:width\" content=\"280\" \/>\n\t<meta property=\"og:image:height\" content=\"169\" \/>\n\t<meta property=\"og:image:type\" content=\"image\/jpeg\" \/>\n<meta name=\"author\" content=\"La r\u00e9daction\" \/>\n<meta name=\"twitter:label1\" content=\"\u00c9crit par\" \/>\n\t<meta name=\"twitter:data1\" content=\"La r\u00e9daction\" \/>\n\t<meta name=\"twitter:label2\" content=\"Dur\u00e9e de lecture estim\u00e9e\" \/>\n\t<meta name=\"twitter:data2\" content=\"2 minutes\" \/>\n<script type=\"application\/ld+json\" class=\"yoast-schema-graph\">{\"@context\":\"https:\\\/\\\/schema.org\",\"@graph\":[{\"@type\":\"Article\",\"@id\":\"https:\\\/\\\/www.info-algerie.com\\\/actualites\\\/algerie-iran-convergence-de-vues-sur-la-lutte-antiterroriste-et-le-respect-de-la-souverainete-des-etats\\\/#article\",\"isPartOf\":{\"@id\":\"https:\\\/\\\/www.info-algerie.com\\\/actualites\\\/algerie-iran-convergence-de-vues-sur-la-lutte-antiterroriste-et-le-respect-de-la-souverainete-des-etats\\\/\"},\"author\":{\"name\":\"La r\u00e9daction\",\"@id\":\"https:\\\/\\\/www.info-algerie.com\\\/actualites\\\/#\\\/schema\\\/person\\\/847aaec44920825b843a08f30ec6aa1e\"},\"headline\":\"Alg\u00e9rie-Iran: convergence de vues sur la lutte antiterroriste et le respect de la souverainet\u00e9 des Etats\",\"datePublished\":\"2017-06-18T16:49:53+00:00\",\"mainEntityOfPage\":{\"@id\":\"https:\\\/\\\/www.info-algerie.com\\\/actualites\\\/algerie-iran-convergence-de-vues-sur-la-lutte-antiterroriste-et-le-respect-de-la-souverainete-des-etats\\\/\"},\"wordCount\":492,\"commentCount\":0,\"publisher\":{\"@id\":\"https:\\\/\\\/www.info-algerie.com\\\/actualites\\\/#organization\"},\"image\":{\"@id\":\"https:\\\/\\\/www.info-algerie.com\\\/actualites\\\/algerie-iran-convergence-de-vues-sur-la-lutte-antiterroriste-et-le-respect-de-la-souverainete-des-etats\\\/#primaryimage\"},\"thumbnailUrl\":\"https:\\\/\\\/www.info-algerie.com\\\/actualites\\\/wp-content\\\/uploads\\\/2017\\\/06\\\/b5da0e32c8534425cf658d3bc848a286_S-1.jpg\",\"keywords\":[\"ONU\"],\"articleSection\":[\"infos\"],\"inLanguage\":\"fr-FR\",\"potentialAction\":[{\"@type\":\"CommentAction\",\"name\":\"Comment\",\"target\":[\"https:\\\/\\\/www.info-algerie.com\\\/actualites\\\/algerie-iran-convergence-de-vues-sur-la-lutte-antiterroriste-et-le-respect-de-la-souverainete-des-etats\\\/#respond\"]}]},{\"@type\":\"WebPage\",\"@id\":\"https:\\\/\\\/www.info-algerie.com\\\/actualites\\\/algerie-iran-convergence-de-vues-sur-la-lutte-antiterroriste-et-le-respect-de-la-souverainete-des-etats\\\/\",\"url\":\"https:\\\/\\\/www.info-algerie.com\\\/actualites\\\/algerie-iran-convergence-de-vues-sur-la-lutte-antiterroriste-et-le-respect-de-la-souverainete-des-etats\\\/\",\"name\":\"Alg\u00e9rie-Iran: convergence de vues sur la lutte antiterroriste et le respect de la souverainet\u00e9 des Etats - info algerie\",\"isPartOf\":{\"@id\":\"https:\\\/\\\/www.info-algerie.com\\\/actualites\\\/#website\"},\"primaryImageOfPage\":{\"@id\":\"https:\\\/\\\/www.info-algerie.com\\\/actualites\\\/algerie-iran-convergence-de-vues-sur-la-lutte-antiterroriste-et-le-respect-de-la-souverainete-des-etats\\\/#primaryimage\"},\"image\":{\"@id\":\"https:\\\/\\\/www.info-algerie.com\\\/actualites\\\/algerie-iran-convergence-de-vues-sur-la-lutte-antiterroriste-et-le-respect-de-la-souverainete-des-etats\\\/#primaryimage\"},\"thumbnailUrl\":\"https:\\\/\\\/www.info-algerie.com\\\/actualites\\\/wp-content\\\/uploads\\\/2017\\\/06\\\/b5da0e32c8534425cf658d3bc848a286_S-1.jpg\",\"datePublished\":\"2017-06-18T16:49:53+00:00\",\"breadcrumb\":{\"@id\":\"https:\\\/\\\/www.info-algerie.com\\\/actualites\\\/algerie-iran-convergence-de-vues-sur-la-lutte-antiterroriste-et-le-respect-de-la-souverainete-des-etats\\\/#breadcrumb\"},\"inLanguage\":\"fr-FR\",\"potentialAction\":[{\"@type\":\"ReadAction\",\"target\":[\"https:\\\/\\\/www.info-algerie.com\\\/actualites\\\/algerie-iran-convergence-de-vues-sur-la-lutte-antiterroriste-et-le-respect-de-la-souverainete-des-etats\\\/\"]}]},{\"@type\":\"ImageObject\",\"inLanguage\":\"fr-FR\",\"@id\":\"https:\\\/\\\/www.info-algerie.com\\\/actualites\\\/algerie-iran-convergence-de-vues-sur-la-lutte-antiterroriste-et-le-respect-de-la-souverainete-des-etats\\\/#primaryimage\",\"url\":\"https:\\\/\\\/www.info-algerie.com\\\/actualites\\\/wp-content\\\/uploads\\\/2017\\\/06\\\/b5da0e32c8534425cf658d3bc848a286_S-1.jpg\",\"contentUrl\":\"https:\\\/\\\/www.info-algerie.com\\\/actualites\\\/wp-content\\\/uploads\\\/2017\\\/06\\\/b5da0e32c8534425cf658d3bc848a286_S-1.jpg\",\"width\":280,\"height\":169},{\"@type\":\"BreadcrumbList\",\"@id\":\"https:\\\/\\\/www.info-algerie.com\\\/actualites\\\/algerie-iran-convergence-de-vues-sur-la-lutte-antiterroriste-et-le-respect-de-la-souverainete-des-etats\\\/#breadcrumb\",\"itemListElement\":[{\"@type\":\"ListItem\",\"position\":1,\"name\":\"Accueil\",\"item\":\"https:\\\/\\\/www.info-algerie.com\\\/actualites\\\/\"},{\"@type\":\"ListItem\",\"position\":2,\"name\":\"Alg\u00e9rie-Iran: convergence de vues sur la lutte antiterroriste et le respect de la souverainet\u00e9 des Etats\"}]},{\"@type\":\"WebSite\",\"@id\":\"https:\\\/\\\/www.info-algerie.com\\\/actualites\\\/#website\",\"url\":\"https:\\\/\\\/www.info-algerie.com\\\/actualites\\\/\",\"name\":\"info algerie\",\"description\":\"Toutes les actualit\u00e9s\",\"publisher\":{\"@id\":\"https:\\\/\\\/www.info-algerie.com\\\/actualites\\\/#organization\"},\"potentialAction\":[{\"@type\":\"SearchAction\",\"target\":{\"@type\":\"EntryPoint\",\"urlTemplate\":\"https:\\\/\\\/www.info-algerie.com\\\/actualites\\\/?s={search_term_string}\"},\"query-input\":{\"@type\":\"PropertyValueSpecification\",\"valueRequired\":true,\"valueName\":\"search_term_string\"}}],\"inLanguage\":\"fr-FR\"},{\"@type\":\"Organization\",\"@id\":\"https:\\\/\\\/www.info-algerie.com\\\/actualites\\\/#organization\",\"name\":\"info algerie\",\"url\":\"https:\\\/\\\/www.info-algerie.com\\\/actualites\\\/\",\"logo\":{\"@type\":\"ImageObject\",\"inLanguage\":\"fr-FR\",\"@id\":\"https:\\\/\\\/www.info-algerie.com\\\/actualites\\\/#\\\/schema\\\/logo\\\/image\\\/\",\"url\":\"https:\\\/\\\/www.info-algerie.com\\\/actualites\\\/wp-content\\\/uploads\\\/2022\\\/07\\\/logo-ia-120.png\",\"contentUrl\":\"https:\\\/\\\/www.info-algerie.com\\\/actualites\\\/wp-content\\\/uploads\\\/2022\\\/07\\\/logo-ia-120.png\",\"width\":120,\"height\":43,\"caption\":\"info algerie\"},\"image\":{\"@id\":\"https:\\\/\\\/www.info-algerie.com\\\/actualites\\\/#\\\/schema\\\/logo\\\/image\\\/\"},\"sameAs\":[\"https:\\\/\\\/www.facebook.com\\\/infoalgerieactu\",\"https:\\\/\\\/x.com\\\/infoalgerie1\"]},{\"@type\":\"Person\",\"@id\":\"https:\\\/\\\/www.info-algerie.com\\\/actualites\\\/#\\\/schema\\\/person\\\/847aaec44920825b843a08f30ec6aa1e\",\"name\":\"La r\u00e9daction\",\"image\":{\"@type\":\"ImageObject\",\"inLanguage\":\"fr-FR\",\"@id\":\"https:\\\/\\\/secure.gravatar.com\\\/avatar\\\/769db425c6f465158149f1ffd6cf61ce7a8a879d11dfbef8288af36dfddd418c?s=96&d=mm&r=g\",\"url\":\"https:\\\/\\\/secure.gravatar.com\\\/avatar\\\/769db425c6f465158149f1ffd6cf61ce7a8a879d11dfbef8288af36dfddd418c?s=96&d=mm&r=g\",\"contentUrl\":\"https:\\\/\\\/secure.gravatar.com\\\/avatar\\\/769db425c6f465158149f1ffd6cf61ce7a8a879d11dfbef8288af36dfddd418c?s=96&d=mm&r=g\",\"caption\":\"La r\u00e9daction\"},\"sameAs\":[\"http:\\\/\\\/www.lkeria.com\\\/\"],\"url\":\"https:\\\/\\\/www.info-algerie.com\\\/actualites\\\/author\\\/chakib32\\\/\"}]}<\/script>\n<!-- \/ Yoast SEO plugin. -->","yoast_head_json":{"title":"Alg\u00e9rie-Iran: convergence de vues sur la lutte antiterroriste et le respect de la souverainet\u00e9 des Etats - info algerie","robots":{"index":"index","follow":"follow","max-snippet":"max-snippet:-1","max-image-preview":"max-image-preview:large","max-video-preview":"max-video-preview:-1"},"canonical":"https:\/\/www.info-algerie.com\/actualites\/algerie-iran-convergence-de-vues-sur-la-lutte-antiterroriste-et-le-respect-de-la-souverainete-des-etats\/","og_locale":"fr_FR","og_type":"article","og_title":"Alg\u00e9rie-Iran: convergence de vues sur la lutte antiterroriste et le respect de la souverainet\u00e9 des Etats - info algerie","og_description":"ALGER &#8211; Le ministre iranien des Affaires \u00e9trang\u00e8res, Mohammad Jawad Zarif, a mis en avant dimanche \u00e0 Alger une convergence de vues entre l&rsquo;Alg\u00e9rie et son pays concernant la coop\u00e9ration internationale, la lutte antiterroriste, le respect de l&rsquo;int\u00e9grit\u00e9 territoriale et la souverainet\u00e9 des Etas et la non-ing\u00e9rence dans leurs affaires internes. &#013; &#013; \u00ab\u00a0Nous avons","og_url":"https:\/\/www.info-algerie.com\/actualites\/algerie-iran-convergence-de-vues-sur-la-lutte-antiterroriste-et-le-respect-de-la-souverainete-des-etats\/","og_site_name":"info algerie","article_publisher":"https:\/\/www.facebook.com\/infoalgerieactu","article_published_time":"2017-06-18T16:49:53+00:00","og_image":[{"width":280,"height":169,"url":"https:\/\/www.info-algerie.com\/actualites\/wp-content\/uploads\/2017\/06\/b5da0e32c8534425cf658d3bc848a286_S-1.jpg","type":"image\/jpeg"}],"author":"La r\u00e9daction","twitter_misc":{"\u00c9crit par":"La r\u00e9daction","Dur\u00e9e de lecture estim\u00e9e":"2 minutes"},"schema":{"@context":"https:\/\/schema.org","@graph":[{"@type":"Article","@id":"https:\/\/www.info-algerie.com\/actualites\/algerie-iran-convergence-de-vues-sur-la-lutte-antiterroriste-et-le-respect-de-la-souverainete-des-etats\/#article","isPartOf":{"@id":"https:\/\/www.info-algerie.com\/actualites\/algerie-iran-convergence-de-vues-sur-la-lutte-antiterroriste-et-le-respect-de-la-souverainete-des-etats\/"},"author":{"name":"La r\u00e9daction","@id":"https:\/\/www.info-algerie.com\/actualites\/#\/schema\/person\/847aaec44920825b843a08f30ec6aa1e"},"headline":"Alg\u00e9rie-Iran: convergence de vues sur la lutte antiterroriste et le respect de la souverainet\u00e9 des Etats","datePublished":"2017-06-18T16:49:53+00:00","mainEntityOfPage":{"@id":"https:\/\/www.info-algerie.com\/actualites\/algerie-iran-convergence-de-vues-sur-la-lutte-antiterroriste-et-le-respect-de-la-souverainete-des-etats\/"},"wordCount":492,"commentCount":0,"publisher":{"@id":"https:\/\/www.info-algerie.com\/actualites\/#organization"},"image":{"@id":"https:\/\/www.info-algerie.com\/actualites\/algerie-iran-convergence-de-vues-sur-la-lutte-antiterroriste-et-le-respect-de-la-souverainete-des-etats\/#primaryimage"},"thumbnailUrl":"https:\/\/www.info-algerie.com\/actualites\/wp-content\/uploads\/2017\/06\/b5da0e32c8534425cf658d3bc848a286_S-1.jpg","keywords":["ONU"],"articleSection":["infos"],"inLanguage":"fr-FR","potentialAction":[{"@type":"CommentAction","name":"Comment","target":["https:\/\/www.info-algerie.com\/actualites\/algerie-iran-convergence-de-vues-sur-la-lutte-antiterroriste-et-le-respect-de-la-souverainete-des-etats\/#respond"]}]},{"@type":"WebPage","@id":"https:\/\/www.info-algerie.com\/actualites\/algerie-iran-convergence-de-vues-sur-la-lutte-antiterroriste-et-le-respect-de-la-souverainete-des-etats\/","url":"https:\/\/www.info-algerie.com\/actualites\/algerie-iran-convergence-de-vues-sur-la-lutte-antiterroriste-et-le-respect-de-la-souverainete-des-etats\/","name":"Alg\u00e9rie-Iran: convergence de vues sur la lutte antiterroriste et le respect de la souverainet\u00e9 des Etats - info algerie","isPartOf":{"@id":"https:\/\/www.info-algerie.com\/actualites\/#website"},"primaryImageOfPage":{"@id":"https:\/\/www.info-algerie.com\/actualites\/algerie-iran-convergence-de-vues-sur-la-lutte-antiterroriste-et-le-respect-de-la-souverainete-des-etats\/#primaryimage"},"image":{"@id":"https:\/\/www.info-algerie.com\/actualites\/algerie-iran-convergence-de-vues-sur-la-lutte-antiterroriste-et-le-respect-de-la-souverainete-des-etats\/#primaryimage"},"thumbnailUrl":"https:\/\/www.info-algerie.com\/actualites\/wp-content\/uploads\/2017\/06\/b5da0e32c8534425cf658d3bc848a286_S-1.jpg","datePublished":"2017-06-18T16:49:53+00:00","breadcrumb":{"@id":"https:\/\/www.info-algerie.com\/actualites\/algerie-iran-convergence-de-vues-sur-la-lutte-antiterroriste-et-le-respect-de-la-souverainete-des-etats\/#breadcrumb"},"inLanguage":"fr-FR","potentialAction":[{"@type":"ReadAction","target":["https:\/\/www.info-algerie.com\/actualites\/algerie-iran-convergence-de-vues-sur-la-lutte-antiterroriste-et-le-respect-de-la-souverainete-des-etats\/"]}]},{"@type":"ImageObject","inLanguage":"fr-FR","@id":"https:\/\/www.info-algerie.com\/actualites\/algerie-iran-convergence-de-vues-sur-la-lutte-antiterroriste-et-le-respect-de-la-souverainete-des-etats\/#primaryimage","url":"https:\/\/www.info-algerie.com\/actualites\/wp-content\/uploads\/2017\/06\/b5da0e32c8534425cf658d3bc848a286_S-1.jpg","contentUrl":"https:\/\/www.info-algerie.com\/actualites\/wp-content\/uploads\/2017\/06\/b5da0e32c8534425cf658d3bc848a286_S-1.jpg","width":280,"height":169},{"@type":"BreadcrumbList","@id":"https:\/\/www.info-algerie.com\/actualites\/algerie-iran-convergence-de-vues-sur-la-lutte-antiterroriste-et-le-respect-de-la-souverainete-des-etats\/#breadcrumb","itemListElement":[{"@type":"ListItem","position":1,"name":"Accueil","item":"https:\/\/www.info-algerie.com\/actualites\/"},{"@type":"ListItem","position":2,"name":"Alg\u00e9rie-Iran: convergence de vues sur la lutte antiterroriste et le respect de la souverainet\u00e9 des Etats"}]},{"@type":"WebSite","@id":"https:\/\/www.info-algerie.com\/actualites\/#website","url":"https:\/\/www.info-algerie.com\/actualites\/","name":"info algerie","description":"Toutes les actualit\u00e9s","publisher":{"@id":"https:\/\/www.info-algerie.com\/actualites\/#organization"},"potentialAction":[{"@type":"SearchAction","target":{"@type":"EntryPoint","urlTemplate":"https:\/\/www.info-algerie.com\/actualites\/?s={search_term_string}"},"query-input":{"@type":"PropertyValueSpecification","valueRequired":true,"valueName":"search_term_string"}}],"inLanguage":"fr-FR"},{"@type":"Organization","@id":"https:\/\/www.info-algerie.com\/actualites\/#organization","name":"info algerie","url":"https:\/\/www.info-algerie.com\/actualites\/","logo":{"@type":"ImageObject","inLanguage":"fr-FR","@id":"https:\/\/www.info-algerie.com\/actualites\/#\/schema\/logo\/image\/","url":"https:\/\/www.info-algerie.com\/actualites\/wp-content\/uploads\/2022\/07\/logo-ia-120.png","contentUrl":"https:\/\/www.info-algerie.com\/actualites\/wp-content\/uploads\/2022\/07\/logo-ia-120.png","width":120,"height":43,"caption":"info algerie"},"image":{"@id":"https:\/\/www.info-algerie.com\/actualites\/#\/schema\/logo\/image\/"},"sameAs":["https:\/\/www.facebook.com\/infoalgerieactu","https:\/\/x.com\/infoalgerie1"]},{"@type":"Person","@id":"https:\/\/www.info-algerie.com\/actualites\/#\/schema\/person\/847aaec44920825b843a08f30ec6aa1e","name":"La r\u00e9daction","image":{"@type":"ImageObject","inLanguage":"fr-FR","@id":"https:\/\/secure.gravatar.com\/avatar\/769db425c6f465158149f1ffd6cf61ce7a8a879d11dfbef8288af36dfddd418c?s=96&d=mm&r=g","url":"https:\/\/secure.gravatar.com\/avatar\/769db425c6f465158149f1ffd6cf61ce7a8a879d11dfbef8288af36dfddd418c?s=96&d=mm&r=g","contentUrl":"https:\/\/secure.gravatar.com\/avatar\/769db425c6f465158149f1ffd6cf61ce7a8a879d11dfbef8288af36dfddd418c?s=96&d=mm&r=g","caption":"La r\u00e9daction"},"sameAs":["http:\/\/www.lkeria.com\/"],"url":"https:\/\/www.info-algerie.com\/actualites\/author\/chakib32\/"}]}},"_links":{"self":[{"href":"https:\/\/www.info-algerie.com\/actualites\/wp-json\/wp\/v2\/posts\/13332","targetHints":{"allow":["GET"]}}],"collection":[{"href":"https:\/\/www.info-algerie.com\/actualites\/wp-json\/wp\/v2\/posts"}],"about":[{"href":"https:\/\/www.info-algerie.com\/actualites\/wp-json\/wp\/v2\/types\/post"}],"author":[{"embeddable":true,"href":"https:\/\/www.info-algerie.com\/actualites\/wp-json\/wp\/v2\/users\/6"}],"replies":[{"embeddable":true,"href":"https:\/\/www.info-algerie.com\/actualites\/wp-json\/wp\/v2\/comments?post=13332"}],"version-history":[{"count":0,"href":"https:\/\/www.info-algerie.com\/actualites\/wp-json\/wp\/v2\/posts\/13332\/revisions"}],"wp:featuredmedia":[{"embeddable":true,"href":"https:\/\/www.info-algerie.com\/actualites\/wp-json\/wp\/v2\/media\/13333"}],"wp:attachment":[{"href":"https:\/\/www.info-algerie.com\/actualites\/wp-json\/wp\/v2\/media?parent=13332"}],"wp:term":[{"taxonomy":"category","embeddable":true,"href":"https:\/\/www.info-algerie.com\/actualites\/wp-json\/wp\/v2\/categories?post=13332"},{"taxonomy":"post_tag","embeddable":true,"href":"https:\/\/www.info-algerie.com\/actualites\/wp-json\/wp\/v2\/tags?post=13332"}],"curies":[{"name":"wp","href":"https:\/\/api.w.org\/{rel}","templated":true}]}}