{"id":13344,"date":"2017-06-19T11:34:31","date_gmt":"2017-06-19T10:34:31","guid":{"rendered":"http:\/\/www.info-algerie.com\/actualites\/le-gouvernement-determine-a-consolider-les-acquis-sociaux-dans-un-esprit-dequite-et-de-justice-sociale\/"},"modified":"2017-06-19T11:34:31","modified_gmt":"2017-06-19T10:34:31","slug":"le-gouvernement-determine-a-consolider-les-acquis-sociaux-dans-un-esprit-dequite-et-de-justice-sociale","status":"publish","type":"post","link":"https:\/\/www.info-algerie.com\/actualites\/le-gouvernement-determine-a-consolider-les-acquis-sociaux-dans-un-esprit-dequite-et-de-justice-sociale\/","title":{"rendered":"Le gouvernement d\u00e9termin\u00e9 \u00e0 consolider les acquis sociaux dans un esprit d&#039;\u00e9quit\u00e9 et de justice sociale"},"content":{"rendered":"<div class=\"K2FeedImage\"><img decoding=\"async\" src=\"https:\/\/www.info-algerie.com\/actualites\/wp-content\/uploads\/2017\/06\/0543e1dacf65a76cda286a5ce3a19abb_S.jpg\" alt=\"Le gouvernement d&#xE9;termin&#xE9; &#xE0; consolider les acquis sociaux dans un esprit d'&#xE9;quit&#xE9; et de justice sociale\" \/><\/div>\n<div class=\"K2FeedIntroText\">\n<p>ALGER &#8211; Les acquis sociaux seront consolid\u00e9s dans un esprit \u00ab\u00a0d&rsquo;\u00e9quit\u00e9 et de justice sociale\u00a0\u00bb en soutenant et en accompagnant les cat\u00e9gories d\u00e9favoris\u00e9es et fragiles de la soci\u00e9t\u00e9, selon le Plan d&rsquo;action du gouvernement qui sera pr\u00e9sent\u00e9 mardi devant les d\u00e9put\u00e9s de l&rsquo;Assembl\u00e9e populaire nationale (APN).<\/p>\n<p>&#013;\n<\/p><\/div>\n<div class=\"K2FeedFullText\">&#013;<\/p>\n<p>\u00ab\u00a0Si le gouvernement est r\u00e9solument engag\u00e9 dans la diversification de l&rsquo;\u00e9conomie nationale pour la rendre de moins en moins d\u00e9pendante des hydrocarbures, il est encore plus d\u00e9termin\u00e9 \u00e0 consolider les acquis sociaux dans un esprit d&rsquo;\u00e9quit\u00e9 et de justice sociale en soutenant et en accompagnant les cat\u00e9gories d\u00e9favoris\u00e9es et fragiles de la soci\u00e9t\u00e9 \u00e0 travers la mise en place progressive de nouveaux m\u00e9canismes permettant le ciblage efficace des cat\u00e9gories \u00e9ligibles aux aides de l&rsquo;Etat\u00a0\u00bb, note le\u00a0 document.<\/p>\n<p>&#013;<\/p>\n<p>Ainsi et concernant la pr\u00e9servation du syst\u00e8me nationale de s\u00e9curit\u00e9 sociale et de retraite, le gouvernement mettra l&rsquo;accent notamment sur l&rsquo;\u00e9largissement de la base cotisante au syst\u00e8me national de s\u00e9curit\u00e9 sociale devant atteindre \u00e0 terme 3.000.000 nouvelles affiliations par l&rsquo;introduction de dispositifs inclusifs des nouvelles formes de travail de l&rsquo;\u00e9conomie num\u00e9rique des personnes actives occup\u00e9es par le secteur informel, des personnes actives non occup\u00e9es et du monde agricole.<\/p>\n<p>&#013;<\/p>\n<p>Le gouvernement mettra \u00e9galement l&rsquo;accent sur la cr\u00e9ation de la branche retraite compl\u00e9mentaire au sein de la CNR et de la CASNOS aux fins de rehausser l&rsquo;attractivit\u00e9 du syst\u00e8me et r\u00e9duire les non d\u00e9clarations des assujettis et l&rsquo;\u00e9vasion sociale, la r\u00e9activation du processus de contractualisation entre les caisses de s\u00e9curit\u00e9 sociale et les \u00e9tablissements publics de sant\u00e9.<\/p>\n<p>&#013;<\/p>\n<p>\u00a0<\/p>\n<p>&#013;<\/p>\n<p><strong>Promotion de l&#8217;emploi et lutte contre le ch\u00f4mage : des objectifs strat\u00e9giques<\/strong><\/p>\n<p>&#013;<\/p>\n<p>\u00a0<\/p>\n<p>&#013;<\/p>\n<p>Dans le domaine de la promotion de l&#8217;emploi et lutte contre le ch\u00f4mage, le gouvernement affirme que la promotion de l&#8217;emploi et la lutte contre le ch\u00f4mage, demeurent des objectifs strat\u00e9giques de la politique nationale de d\u00e9veloppement visant la construction d&rsquo;une \u00e9conomie \u00e9mergente diversifi\u00e9e, cr\u00e9atrice d&#8217;emplois, particuli\u00e8rement au profit des jeunes dipl\u00f4m\u00e9s ou non, reposant sur une strat\u00e9gie de performance et de d\u00e9veloppement durable, inclusif et \u00e9quitable.<\/p>\n<p>&#013;<\/p>\n<p>A cet \u00e9gard, le gouvernement s&rsquo;attellera \u00e0 renforcer l&rsquo;investissement dans les secteurs cr\u00e9ateurs d&#8217;emploi, tels que l&rsquo;agriculture, l&rsquo;industrie, le tourisme et l&rsquo;artisanat et \u00e0 favoriser le d\u00e9veloppement de la petite et moyenne entreprise \u00e0 travers notamment l&rsquo;encouragement du partenariat<\/p>\n<p>&#013;<\/p>\n<p>public-priv\u00e9 national et \u00e9tranger et la simplification des proc\u00e9dures de cr\u00e9ation d&rsquo;entreprises, y compris le travail familial.<\/p>\n<p>&#013;<\/p>\n<p>Concernant la contribution des dispositifs publics de promotion de l&#8217;emploi, qu&rsquo;il s&rsquo;agisse de l&#8217;emploi salari\u00e9, ou de la cr\u00e9ation d&rsquo;activit\u00e9s par les jeunes promoteurs, les efforts du gouvernement seront orient\u00e9s vers la consolidation du dispositif actuel d&rsquo;aide \u00e0 l&rsquo;insertion professionnelle, la poursuite du programme de modernisation et de renforcement du service public de l&#8217;emploi et l&rsquo;am\u00e9lioration des synergies entre les diff\u00e9rents intervenants dans la perspective d&rsquo;une gestion du march\u00e9 du travail plus efficace et prospective en vue de favoriser le rapprochement entre l&rsquo;offre et la demande.<\/p>\n<p>&#013;<\/p>\n<p>Pour l&rsquo;ann\u00e9e 2017, Le gouvernement vise le placement de 400.000 demandeurs d&#8217;emploi par l&rsquo;ANEM, l&rsquo;insertion de 44.200 jeunes primo demandeurs dans le cadre du dispositif d&rsquo;aide \u00e0 l&rsquo;insertion professionnelle (DAIP) et le recrutement de 30.000 jeunes en du contrat de travail aid\u00e9 (CTA).<\/p>\n<p>&#013;<\/p>\n<p>En mati\u00e8re d&rsquo;appui \u00e0 la cr\u00e9ation d&rsquo;activit\u00e9, les efforts seront principalement ax\u00e9s sur la consolidation des dispositifs ANSEJ et CNAC, \u00e0 travers notamment l&rsquo;am\u00e9lioration de la contribution de ces dispositifs \u00e0 la croissance et au d\u00e9veloppement \u00e9conomique et social du pays et \u00e0 la cr\u00e9ation d&#8217;emplois, la multiplication des services \u00e0 distance et la mise en oeuvre de programmes de perfectionnement et de professionnalisation des personnels, le renforcement de l&rsquo;accompagnement post cr\u00e9ation et la mise en oeuvre de mesures visant \u00e0 soutenir les micros entreprises cr\u00e9\u00e9es et une<\/p>\n<p>&#013;<\/p>\n<p>application effective de la disposition du code des march\u00e9s visant la r\u00e9servation de 20% de la commande publique locale au profit des micros entreprises.<\/p>\n<p>&#013;<\/p>\n<p>Au titre des relations de travail, le Plan d&rsquo;action du gouvernement pr\u00e9cise qu&rsquo;il sera proc\u00e9d\u00e9 \u00e0 la finalisation des dispositifs l\u00e9gislatifs et r\u00e9glementaires, ainsi qu&rsquo;au renforcement du contr\u00f4le de leur mise en oeuvre, notamment en mati\u00e8re de non affiliation \u00e0 la s\u00e9curit\u00e9 sociale, de placement des travailleurs, du respect du SNMG et de la lutte contre le travail des enfants.<\/p>\n<p>&#013;<\/p>\n<p>Par ailleurs, le gouvernement affirme qu&rsquo;une \u00ab\u00a0attention particuli\u00e8re\u00a0\u00bb sera accord\u00e9e \u00e0 la promotion du dialogue social et \u00e0 la pr\u00e9vention des conflits de travail, \u00e0 travers notamment, l&rsquo;encouragement de la tenue de rencontres r\u00e9guli\u00e8res entre les organisations syndicales et les employeurs.<\/p>\n<p>&#013;<\/p>\n<p>\u00a0<\/p>\n<p>&#013;<\/p>\n<p><strong>Renforcement des m\u00e9canismes de solidarit\u00e9 nationale<\/strong><\/p>\n<p>&#013;<\/p>\n<p>\u00a0<\/p>\n<p>&#013;<\/p>\n<p>Dans le domaine du soutien et de l&rsquo;accompagnement aux personnes valides en difficult\u00e9 sociale, le gouvernement poursuivra ses efforts par la mise \u00e0 disposition de programmes d&rsquo;insertion au profit de personnes sans revenus et ne disposant pas de qualifications, \u00e0 travers le dispositif d&rsquo;aide \u00e0<\/p>\n<p>&#013;<\/p>\n<p>l&rsquo;Insertion sociale (DAIS), offrant une couverture sociale.<\/p>\n<p>&#013;<\/p>\n<p>Il poursuivra \u00e9galement le programme d&rsquo;insertion des jeunes dipl\u00f4m\u00e9s, ainsi que la cr\u00e9ation de chantiers de travaux d&rsquo;utilit\u00e9 publique \u00e0 haute intensit\u00e9 de main d&rsquo;oeuvre (TUP-HIMO) et de chantiers Blanche Alg\u00e9rie, et renforcera par ailleurs, les m\u00e9canismes de soutien et d&rsquo;accompagnement aux\u00a0 personnes d\u00e9munies d\u00e9sireuses de cr\u00e9er leurs propres activit\u00e9s dans le\u00a0 cadre du micro cr\u00e9dit.<\/p>\n<p>&#013;<\/p>\n<p>Les programmes de d\u00e9veloppement participatifs dans les zones d\u00e9munies et enclav\u00e9es seront renforc\u00e9s, ainsi que le partenariat avec le mouvement associatif \u00e0 caract\u00e8re social et humanitaire, consid\u00e9r\u00e9 comme un partenaire privil\u00e9gi\u00e9, au regard de la compl\u00e9mentarit\u00e9 de son action avec celle de l&rsquo;Etat.<\/p>\n<p>&#013;<\/p>\n<p>Dans le domaine de la poursuite de la prise en charge des cat\u00e9gories sociales aux besoins sp\u00e9cifiques et en ce qui concerne les personnes handicap\u00e9es, le gouvernement veillera \u00e0 la prise en charge des besoins sp\u00e9cifiques, \u00e0 l&rsquo;am\u00e9lioration des conditions de prise en charge en milieu institutionnel et \u00e0 la facilitation des conditions d&rsquo;insertion professionnelle par la mise en oeuvre de la r\u00e8gle de r\u00e9servation \u00e0 leur profit de 1% des postes d&#8217;emplois au niveau des entreprises \u00e9conomiques et des administrations publiques.<\/p>\n<p>&#013;<\/p>\n<p>Dans ce cadre, les incitations fiscales et parafiscales au profit des employeurs faisant travailler des personnes en situation de handicap seront maintenues et renforc\u00e9es, ainsi que les subventions pour l&rsquo;am\u00e9nagement et l&rsquo;\u00e9quipement de postes de travail pour le recrutement de personnes handicap\u00e9es.<\/p>\n<p>&#013;<\/p>\n<p>Le gouvernement indique que l&rsquo;assainissement des listes des personnes handicap\u00e9es sera poursuivi en vue de la constitution d&rsquo;un fichier national des personnes handicap\u00e9es \u00e9ligibles aux aides sociales.<\/p>\n<p>&#013;<\/p>\n<p>Enfin, le gouvernement oeuvrera \u00e0 consolider les mesures visant la protection des personnes \u00e2g\u00e9es afin de leur garantir une prise en charge adapt\u00e9e, en privil\u00e9giant l&rsquo;insertion en milieu familial et l&rsquo;aide \u00e0 domicile, par la mise \u00e0 disposition notamment d&rsquo;auxiliaires de vie pour les personnes \u00e2g\u00e9es d\u00e9pendantes.<\/p>\n<p>&#013;<\/p>\n<p>Au chapitre de la promotion des droits de la femme, le Plan d&rsquo;action note que la femme alg\u00e9rienne \u00ab\u00a0continue \u00e0 jouer un r\u00f4le important dans la dynamique de d\u00e9veloppement national, dans toutes ses dimensions et \u00e0 assurer une pleine participation \u00e0 la vie politique, \u00e9conomique et sociale de la nation\u00a0\u00bb.<\/p>\n<p>&#013;<\/p>\n<p>A ce titre, le gouvernement oeuvrera \u00e0 la mobilisation d&rsquo;un surcro\u00eet d&rsquo;efforts et de moyens pour pr\u00e9server ces acquis et renforcer davantage la protection et la pr\u00e9servation de ces droits.<\/p>\n<p>&#013;<\/p>\n<p>Dans ce cadre, il s&rsquo;att\u00e8lera, en concertation avec les organisations f\u00e9minines, \u00e0 la mise en oeuvre de la strat\u00e9gie nationale de promotion et d&rsquo;insertion de la femme, en mobilisant toutes les comp\u00e9tences disponibles.<\/p>\n<p>&#013;<\/p>\n<p>Cette strat\u00e9gie privil\u00e9giera l&rsquo;insertion de la femme dans les circuits \u00e9conomiques.<\/p>\n<p>&#013;<\/p>\n<p>Il poursuivra la mise en oeuvre de la strat\u00e9gie nationale de lutte contre la violence \u00e0 l&rsquo;\u00e9gard des femmes et oeuvrera au renforcement des dispositifs de protection et des m\u00e9canismes d&rsquo;accompagnement.<\/p>\n<p>&#013;<\/p>\n<p>\u00a0<\/p>\n<p>&#013;<\/p>\n<p>En mati\u00e8re de promotion et protection des droits des enfants, les actions du gouvernement viseront \u00e0 garantir la protection, l&rsquo;\u00e9panouissement et le bien-\u00eatre social de l&rsquo;enfant par l&rsquo;am\u00e9lioration de la prise en charge institutionnelle, le renforcement de la protection de l&rsquo;enfance et de l&rsquo;adolescence en danger moral contre toutes formes de violence, de violation de leurs droits et de d\u00e9rives ainsi que la consolidation des efforts de prise en charge de l&rsquo;enfance priv\u00e9e de famille.<\/p>\n<\/div>\n<p>&#013;<br \/>\nSource: <a href=\"http:\/\/www.aps.dz\/algerie\/59100-le-gouvernement-determine-a-consolider-les-acquis-sociaux-dans-un-esprit-d-equite-et-de-justice-sociale\" target=\"_blank\">Le gouvernement d\u00e9termin\u00e9 \u00e0 consolider les acquis sociaux dans un esprit d&rsquo;\u00e9quit\u00e9 et de justice sociale<\/a><\/p>\n<!--CusAds0-->\n<div style=\"font-size: 0px; height: 0px; line-height: 0px; margin: 0; padding: 0; clear: both;\"><\/div>","protected":false},"excerpt":{"rendered":"<p>ALGER &#8211; Les acquis sociaux seront consolid\u00e9s dans un esprit \u00ab\u00a0d&rsquo;\u00e9quit\u00e9 et de justice sociale\u00a0\u00bb en soutenant et en accompagnant les cat\u00e9gories d\u00e9favoris\u00e9es et fragiles de la soci\u00e9t\u00e9, selon le Plan d&rsquo;action du gouvernement qui sera pr\u00e9sent\u00e9 mardi devant les d\u00e9put\u00e9s de l&rsquo;Assembl\u00e9e populaire nationale (APN). &#013; &#013; \u00ab\u00a0Si le gouvernement est r\u00e9solument engag\u00e9 dans<\/p>\n","protected":false},"author":6,"featured_media":13345,"comment_status":"open","ping_status":"open","sticky":false,"template":"","format":"standard","meta":{"footnotes":""},"categories":[22],"tags":[93],"class_list":["post-13344","post","type-post","status-publish","format-standard","has-post-thumbnail","hentry","category-infos","tag-onu"],"yoast_head":"<!-- This site is optimized with the Yoast SEO plugin v27.5 - https:\/\/yoast.com\/product\/yoast-seo-wordpress\/ -->\n<title>Le gouvernement d\u00e9termin\u00e9 \u00e0 consolider les acquis sociaux dans un esprit d&#039;\u00e9quit\u00e9 et de justice sociale - info algerie<\/title>\n<meta name=\"robots\" content=\"index, follow, max-snippet:-1, max-image-preview:large, max-video-preview:-1\" \/>\n<link rel=\"canonical\" href=\"https:\/\/www.info-algerie.com\/actualites\/le-gouvernement-determine-a-consolider-les-acquis-sociaux-dans-un-esprit-dequite-et-de-justice-sociale\/\" \/>\n<meta property=\"og:locale\" content=\"fr_FR\" \/>\n<meta property=\"og:type\" content=\"article\" \/>\n<meta property=\"og:title\" content=\"Le gouvernement d\u00e9termin\u00e9 \u00e0 consolider les acquis sociaux dans un esprit d&#039;\u00e9quit\u00e9 et de justice sociale - info algerie\" \/>\n<meta property=\"og:description\" content=\"ALGER &#8211; Les acquis sociaux seront consolid\u00e9s dans un esprit \u00ab\u00a0d&rsquo;\u00e9quit\u00e9 et de justice sociale\u00a0\u00bb en soutenant et en accompagnant les cat\u00e9gories d\u00e9favoris\u00e9es et fragiles de la soci\u00e9t\u00e9, selon le Plan d&rsquo;action du gouvernement qui sera pr\u00e9sent\u00e9 mardi devant les d\u00e9put\u00e9s de l&rsquo;Assembl\u00e9e populaire nationale (APN). &#013; &#013; \u00ab\u00a0Si le gouvernement est r\u00e9solument engag\u00e9 dans\" \/>\n<meta property=\"og:url\" content=\"https:\/\/www.info-algerie.com\/actualites\/le-gouvernement-determine-a-consolider-les-acquis-sociaux-dans-un-esprit-dequite-et-de-justice-sociale\/\" \/>\n<meta property=\"og:site_name\" content=\"info algerie\" \/>\n<meta property=\"article:publisher\" content=\"https:\/\/www.facebook.com\/infoalgerieactu\" \/>\n<meta property=\"article:published_time\" content=\"2017-06-19T10:34:31+00:00\" \/>\n<meta property=\"og:image\" content=\"https:\/\/www.info-algerie.com\/actualites\/wp-content\/uploads\/2017\/06\/0543e1dacf65a76cda286a5ce3a19abb_S-1.jpg\" \/>\n\t<meta property=\"og:image:width\" content=\"280\" \/>\n\t<meta property=\"og:image:height\" content=\"179\" \/>\n\t<meta property=\"og:image:type\" content=\"image\/jpeg\" \/>\n<meta name=\"author\" content=\"La r\u00e9daction\" \/>\n<meta name=\"twitter:label1\" content=\"\u00c9crit par\" \/>\n\t<meta name=\"twitter:data1\" content=\"La r\u00e9daction\" \/>\n\t<meta name=\"twitter:label2\" content=\"Dur\u00e9e de lecture estim\u00e9e\" \/>\n\t<meta name=\"twitter:data2\" content=\"7 minutes\" \/>\n<script type=\"application\/ld+json\" class=\"yoast-schema-graph\">{\"@context\":\"https:\\\/\\\/schema.org\",\"@graph\":[{\"@type\":\"Article\",\"@id\":\"https:\\\/\\\/www.info-algerie.com\\\/actualites\\\/le-gouvernement-determine-a-consolider-les-acquis-sociaux-dans-un-esprit-dequite-et-de-justice-sociale\\\/#article\",\"isPartOf\":{\"@id\":\"https:\\\/\\\/www.info-algerie.com\\\/actualites\\\/le-gouvernement-determine-a-consolider-les-acquis-sociaux-dans-un-esprit-dequite-et-de-justice-sociale\\\/\"},\"author\":{\"name\":\"La r\u00e9daction\",\"@id\":\"https:\\\/\\\/www.info-algerie.com\\\/actualites\\\/#\\\/schema\\\/person\\\/847aaec44920825b843a08f30ec6aa1e\"},\"headline\":\"Le gouvernement d\u00e9termin\u00e9 \u00e0 consolider les acquis sociaux dans un esprit d&#039;\u00e9quit\u00e9 et de justice sociale\",\"datePublished\":\"2017-06-19T10:34:31+00:00\",\"mainEntityOfPage\":{\"@id\":\"https:\\\/\\\/www.info-algerie.com\\\/actualites\\\/le-gouvernement-determine-a-consolider-les-acquis-sociaux-dans-un-esprit-dequite-et-de-justice-sociale\\\/\"},\"wordCount\":1518,\"commentCount\":0,\"publisher\":{\"@id\":\"https:\\\/\\\/www.info-algerie.com\\\/actualites\\\/#organization\"},\"image\":{\"@id\":\"https:\\\/\\\/www.info-algerie.com\\\/actualites\\\/le-gouvernement-determine-a-consolider-les-acquis-sociaux-dans-un-esprit-dequite-et-de-justice-sociale\\\/#primaryimage\"},\"thumbnailUrl\":\"https:\\\/\\\/www.info-algerie.com\\\/actualites\\\/wp-content\\\/uploads\\\/2017\\\/06\\\/0543e1dacf65a76cda286a5ce3a19abb_S-1.jpg\",\"keywords\":[\"ONU\"],\"articleSection\":[\"infos\"],\"inLanguage\":\"fr-FR\",\"potentialAction\":[{\"@type\":\"CommentAction\",\"name\":\"Comment\",\"target\":[\"https:\\\/\\\/www.info-algerie.com\\\/actualites\\\/le-gouvernement-determine-a-consolider-les-acquis-sociaux-dans-un-esprit-dequite-et-de-justice-sociale\\\/#respond\"]}]},{\"@type\":\"WebPage\",\"@id\":\"https:\\\/\\\/www.info-algerie.com\\\/actualites\\\/le-gouvernement-determine-a-consolider-les-acquis-sociaux-dans-un-esprit-dequite-et-de-justice-sociale\\\/\",\"url\":\"https:\\\/\\\/www.info-algerie.com\\\/actualites\\\/le-gouvernement-determine-a-consolider-les-acquis-sociaux-dans-un-esprit-dequite-et-de-justice-sociale\\\/\",\"name\":\"Le gouvernement d\u00e9termin\u00e9 \u00e0 consolider les acquis sociaux dans un esprit d&#039;\u00e9quit\u00e9 et de justice sociale - info algerie\",\"isPartOf\":{\"@id\":\"https:\\\/\\\/www.info-algerie.com\\\/actualites\\\/#website\"},\"primaryImageOfPage\":{\"@id\":\"https:\\\/\\\/www.info-algerie.com\\\/actualites\\\/le-gouvernement-determine-a-consolider-les-acquis-sociaux-dans-un-esprit-dequite-et-de-justice-sociale\\\/#primaryimage\"},\"image\":{\"@id\":\"https:\\\/\\\/www.info-algerie.com\\\/actualites\\\/le-gouvernement-determine-a-consolider-les-acquis-sociaux-dans-un-esprit-dequite-et-de-justice-sociale\\\/#primaryimage\"},\"thumbnailUrl\":\"https:\\\/\\\/www.info-algerie.com\\\/actualites\\\/wp-content\\\/uploads\\\/2017\\\/06\\\/0543e1dacf65a76cda286a5ce3a19abb_S-1.jpg\",\"datePublished\":\"2017-06-19T10:34:31+00:00\",\"breadcrumb\":{\"@id\":\"https:\\\/\\\/www.info-algerie.com\\\/actualites\\\/le-gouvernement-determine-a-consolider-les-acquis-sociaux-dans-un-esprit-dequite-et-de-justice-sociale\\\/#breadcrumb\"},\"inLanguage\":\"fr-FR\",\"potentialAction\":[{\"@type\":\"ReadAction\",\"target\":[\"https:\\\/\\\/www.info-algerie.com\\\/actualites\\\/le-gouvernement-determine-a-consolider-les-acquis-sociaux-dans-un-esprit-dequite-et-de-justice-sociale\\\/\"]}]},{\"@type\":\"ImageObject\",\"inLanguage\":\"fr-FR\",\"@id\":\"https:\\\/\\\/www.info-algerie.com\\\/actualites\\\/le-gouvernement-determine-a-consolider-les-acquis-sociaux-dans-un-esprit-dequite-et-de-justice-sociale\\\/#primaryimage\",\"url\":\"https:\\\/\\\/www.info-algerie.com\\\/actualites\\\/wp-content\\\/uploads\\\/2017\\\/06\\\/0543e1dacf65a76cda286a5ce3a19abb_S-1.jpg\",\"contentUrl\":\"https:\\\/\\\/www.info-algerie.com\\\/actualites\\\/wp-content\\\/uploads\\\/2017\\\/06\\\/0543e1dacf65a76cda286a5ce3a19abb_S-1.jpg\",\"width\":280,\"height\":179},{\"@type\":\"BreadcrumbList\",\"@id\":\"https:\\\/\\\/www.info-algerie.com\\\/actualites\\\/le-gouvernement-determine-a-consolider-les-acquis-sociaux-dans-un-esprit-dequite-et-de-justice-sociale\\\/#breadcrumb\",\"itemListElement\":[{\"@type\":\"ListItem\",\"position\":1,\"name\":\"Accueil\",\"item\":\"https:\\\/\\\/www.info-algerie.com\\\/actualites\\\/\"},{\"@type\":\"ListItem\",\"position\":2,\"name\":\"Le gouvernement d\u00e9termin\u00e9 \u00e0 consolider les acquis sociaux dans un esprit d&#039;\u00e9quit\u00e9 et de justice sociale\"}]},{\"@type\":\"WebSite\",\"@id\":\"https:\\\/\\\/www.info-algerie.com\\\/actualites\\\/#website\",\"url\":\"https:\\\/\\\/www.info-algerie.com\\\/actualites\\\/\",\"name\":\"info algerie\",\"description\":\"Toutes les actualit\u00e9s\",\"publisher\":{\"@id\":\"https:\\\/\\\/www.info-algerie.com\\\/actualites\\\/#organization\"},\"potentialAction\":[{\"@type\":\"SearchAction\",\"target\":{\"@type\":\"EntryPoint\",\"urlTemplate\":\"https:\\\/\\\/www.info-algerie.com\\\/actualites\\\/?s={search_term_string}\"},\"query-input\":{\"@type\":\"PropertyValueSpecification\",\"valueRequired\":true,\"valueName\":\"search_term_string\"}}],\"inLanguage\":\"fr-FR\"},{\"@type\":\"Organization\",\"@id\":\"https:\\\/\\\/www.info-algerie.com\\\/actualites\\\/#organization\",\"name\":\"info algerie\",\"url\":\"https:\\\/\\\/www.info-algerie.com\\\/actualites\\\/\",\"logo\":{\"@type\":\"ImageObject\",\"inLanguage\":\"fr-FR\",\"@id\":\"https:\\\/\\\/www.info-algerie.com\\\/actualites\\\/#\\\/schema\\\/logo\\\/image\\\/\",\"url\":\"https:\\\/\\\/www.info-algerie.com\\\/actualites\\\/wp-content\\\/uploads\\\/2022\\\/07\\\/logo-ia-120.png\",\"contentUrl\":\"https:\\\/\\\/www.info-algerie.com\\\/actualites\\\/wp-content\\\/uploads\\\/2022\\\/07\\\/logo-ia-120.png\",\"width\":120,\"height\":43,\"caption\":\"info algerie\"},\"image\":{\"@id\":\"https:\\\/\\\/www.info-algerie.com\\\/actualites\\\/#\\\/schema\\\/logo\\\/image\\\/\"},\"sameAs\":[\"https:\\\/\\\/www.facebook.com\\\/infoalgerieactu\",\"https:\\\/\\\/x.com\\\/infoalgerie1\"]},{\"@type\":\"Person\",\"@id\":\"https:\\\/\\\/www.info-algerie.com\\\/actualites\\\/#\\\/schema\\\/person\\\/847aaec44920825b843a08f30ec6aa1e\",\"name\":\"La r\u00e9daction\",\"image\":{\"@type\":\"ImageObject\",\"inLanguage\":\"fr-FR\",\"@id\":\"https:\\\/\\\/secure.gravatar.com\\\/avatar\\\/769db425c6f465158149f1ffd6cf61ce7a8a879d11dfbef8288af36dfddd418c?s=96&d=mm&r=g\",\"url\":\"https:\\\/\\\/secure.gravatar.com\\\/avatar\\\/769db425c6f465158149f1ffd6cf61ce7a8a879d11dfbef8288af36dfddd418c?s=96&d=mm&r=g\",\"contentUrl\":\"https:\\\/\\\/secure.gravatar.com\\\/avatar\\\/769db425c6f465158149f1ffd6cf61ce7a8a879d11dfbef8288af36dfddd418c?s=96&d=mm&r=g\",\"caption\":\"La r\u00e9daction\"},\"sameAs\":[\"http:\\\/\\\/www.lkeria.com\\\/\"],\"url\":\"https:\\\/\\\/www.info-algerie.com\\\/actualites\\\/author\\\/chakib32\\\/\"}]}<\/script>\n<!-- \/ Yoast SEO plugin. -->","yoast_head_json":{"title":"Le gouvernement d\u00e9termin\u00e9 \u00e0 consolider les acquis sociaux dans un esprit d&#039;\u00e9quit\u00e9 et de justice sociale - info algerie","robots":{"index":"index","follow":"follow","max-snippet":"max-snippet:-1","max-image-preview":"max-image-preview:large","max-video-preview":"max-video-preview:-1"},"canonical":"https:\/\/www.info-algerie.com\/actualites\/le-gouvernement-determine-a-consolider-les-acquis-sociaux-dans-un-esprit-dequite-et-de-justice-sociale\/","og_locale":"fr_FR","og_type":"article","og_title":"Le gouvernement d\u00e9termin\u00e9 \u00e0 consolider les acquis sociaux dans un esprit d&#039;\u00e9quit\u00e9 et de justice sociale - info algerie","og_description":"ALGER &#8211; Les acquis sociaux seront consolid\u00e9s dans un esprit \u00ab\u00a0d&rsquo;\u00e9quit\u00e9 et de justice sociale\u00a0\u00bb en soutenant et en accompagnant les cat\u00e9gories d\u00e9favoris\u00e9es et fragiles de la soci\u00e9t\u00e9, selon le Plan d&rsquo;action du gouvernement qui sera pr\u00e9sent\u00e9 mardi devant les d\u00e9put\u00e9s de l&rsquo;Assembl\u00e9e populaire nationale (APN). &#013; &#013; \u00ab\u00a0Si le gouvernement est r\u00e9solument engag\u00e9 dans","og_url":"https:\/\/www.info-algerie.com\/actualites\/le-gouvernement-determine-a-consolider-les-acquis-sociaux-dans-un-esprit-dequite-et-de-justice-sociale\/","og_site_name":"info algerie","article_publisher":"https:\/\/www.facebook.com\/infoalgerieactu","article_published_time":"2017-06-19T10:34:31+00:00","og_image":[{"width":280,"height":179,"url":"https:\/\/www.info-algerie.com\/actualites\/wp-content\/uploads\/2017\/06\/0543e1dacf65a76cda286a5ce3a19abb_S-1.jpg","type":"image\/jpeg"}],"author":"La r\u00e9daction","twitter_misc":{"\u00c9crit par":"La r\u00e9daction","Dur\u00e9e de lecture estim\u00e9e":"7 minutes"},"schema":{"@context":"https:\/\/schema.org","@graph":[{"@type":"Article","@id":"https:\/\/www.info-algerie.com\/actualites\/le-gouvernement-determine-a-consolider-les-acquis-sociaux-dans-un-esprit-dequite-et-de-justice-sociale\/#article","isPartOf":{"@id":"https:\/\/www.info-algerie.com\/actualites\/le-gouvernement-determine-a-consolider-les-acquis-sociaux-dans-un-esprit-dequite-et-de-justice-sociale\/"},"author":{"name":"La r\u00e9daction","@id":"https:\/\/www.info-algerie.com\/actualites\/#\/schema\/person\/847aaec44920825b843a08f30ec6aa1e"},"headline":"Le gouvernement d\u00e9termin\u00e9 \u00e0 consolider les acquis sociaux dans un esprit d&#039;\u00e9quit\u00e9 et de justice sociale","datePublished":"2017-06-19T10:34:31+00:00","mainEntityOfPage":{"@id":"https:\/\/www.info-algerie.com\/actualites\/le-gouvernement-determine-a-consolider-les-acquis-sociaux-dans-un-esprit-dequite-et-de-justice-sociale\/"},"wordCount":1518,"commentCount":0,"publisher":{"@id":"https:\/\/www.info-algerie.com\/actualites\/#organization"},"image":{"@id":"https:\/\/www.info-algerie.com\/actualites\/le-gouvernement-determine-a-consolider-les-acquis-sociaux-dans-un-esprit-dequite-et-de-justice-sociale\/#primaryimage"},"thumbnailUrl":"https:\/\/www.info-algerie.com\/actualites\/wp-content\/uploads\/2017\/06\/0543e1dacf65a76cda286a5ce3a19abb_S-1.jpg","keywords":["ONU"],"articleSection":["infos"],"inLanguage":"fr-FR","potentialAction":[{"@type":"CommentAction","name":"Comment","target":["https:\/\/www.info-algerie.com\/actualites\/le-gouvernement-determine-a-consolider-les-acquis-sociaux-dans-un-esprit-dequite-et-de-justice-sociale\/#respond"]}]},{"@type":"WebPage","@id":"https:\/\/www.info-algerie.com\/actualites\/le-gouvernement-determine-a-consolider-les-acquis-sociaux-dans-un-esprit-dequite-et-de-justice-sociale\/","url":"https:\/\/www.info-algerie.com\/actualites\/le-gouvernement-determine-a-consolider-les-acquis-sociaux-dans-un-esprit-dequite-et-de-justice-sociale\/","name":"Le gouvernement d\u00e9termin\u00e9 \u00e0 consolider les acquis sociaux dans un esprit d&#039;\u00e9quit\u00e9 et de justice sociale - info algerie","isPartOf":{"@id":"https:\/\/www.info-algerie.com\/actualites\/#website"},"primaryImageOfPage":{"@id":"https:\/\/www.info-algerie.com\/actualites\/le-gouvernement-determine-a-consolider-les-acquis-sociaux-dans-un-esprit-dequite-et-de-justice-sociale\/#primaryimage"},"image":{"@id":"https:\/\/www.info-algerie.com\/actualites\/le-gouvernement-determine-a-consolider-les-acquis-sociaux-dans-un-esprit-dequite-et-de-justice-sociale\/#primaryimage"},"thumbnailUrl":"https:\/\/www.info-algerie.com\/actualites\/wp-content\/uploads\/2017\/06\/0543e1dacf65a76cda286a5ce3a19abb_S-1.jpg","datePublished":"2017-06-19T10:34:31+00:00","breadcrumb":{"@id":"https:\/\/www.info-algerie.com\/actualites\/le-gouvernement-determine-a-consolider-les-acquis-sociaux-dans-un-esprit-dequite-et-de-justice-sociale\/#breadcrumb"},"inLanguage":"fr-FR","potentialAction":[{"@type":"ReadAction","target":["https:\/\/www.info-algerie.com\/actualites\/le-gouvernement-determine-a-consolider-les-acquis-sociaux-dans-un-esprit-dequite-et-de-justice-sociale\/"]}]},{"@type":"ImageObject","inLanguage":"fr-FR","@id":"https:\/\/www.info-algerie.com\/actualites\/le-gouvernement-determine-a-consolider-les-acquis-sociaux-dans-un-esprit-dequite-et-de-justice-sociale\/#primaryimage","url":"https:\/\/www.info-algerie.com\/actualites\/wp-content\/uploads\/2017\/06\/0543e1dacf65a76cda286a5ce3a19abb_S-1.jpg","contentUrl":"https:\/\/www.info-algerie.com\/actualites\/wp-content\/uploads\/2017\/06\/0543e1dacf65a76cda286a5ce3a19abb_S-1.jpg","width":280,"height":179},{"@type":"BreadcrumbList","@id":"https:\/\/www.info-algerie.com\/actualites\/le-gouvernement-determine-a-consolider-les-acquis-sociaux-dans-un-esprit-dequite-et-de-justice-sociale\/#breadcrumb","itemListElement":[{"@type":"ListItem","position":1,"name":"Accueil","item":"https:\/\/www.info-algerie.com\/actualites\/"},{"@type":"ListItem","position":2,"name":"Le gouvernement d\u00e9termin\u00e9 \u00e0 consolider les acquis sociaux dans un esprit d&#039;\u00e9quit\u00e9 et de justice sociale"}]},{"@type":"WebSite","@id":"https:\/\/www.info-algerie.com\/actualites\/#website","url":"https:\/\/www.info-algerie.com\/actualites\/","name":"info algerie","description":"Toutes les actualit\u00e9s","publisher":{"@id":"https:\/\/www.info-algerie.com\/actualites\/#organization"},"potentialAction":[{"@type":"SearchAction","target":{"@type":"EntryPoint","urlTemplate":"https:\/\/www.info-algerie.com\/actualites\/?s={search_term_string}"},"query-input":{"@type":"PropertyValueSpecification","valueRequired":true,"valueName":"search_term_string"}}],"inLanguage":"fr-FR"},{"@type":"Organization","@id":"https:\/\/www.info-algerie.com\/actualites\/#organization","name":"info algerie","url":"https:\/\/www.info-algerie.com\/actualites\/","logo":{"@type":"ImageObject","inLanguage":"fr-FR","@id":"https:\/\/www.info-algerie.com\/actualites\/#\/schema\/logo\/image\/","url":"https:\/\/www.info-algerie.com\/actualites\/wp-content\/uploads\/2022\/07\/logo-ia-120.png","contentUrl":"https:\/\/www.info-algerie.com\/actualites\/wp-content\/uploads\/2022\/07\/logo-ia-120.png","width":120,"height":43,"caption":"info algerie"},"image":{"@id":"https:\/\/www.info-algerie.com\/actualites\/#\/schema\/logo\/image\/"},"sameAs":["https:\/\/www.facebook.com\/infoalgerieactu","https:\/\/x.com\/infoalgerie1"]},{"@type":"Person","@id":"https:\/\/www.info-algerie.com\/actualites\/#\/schema\/person\/847aaec44920825b843a08f30ec6aa1e","name":"La r\u00e9daction","image":{"@type":"ImageObject","inLanguage":"fr-FR","@id":"https:\/\/secure.gravatar.com\/avatar\/769db425c6f465158149f1ffd6cf61ce7a8a879d11dfbef8288af36dfddd418c?s=96&d=mm&r=g","url":"https:\/\/secure.gravatar.com\/avatar\/769db425c6f465158149f1ffd6cf61ce7a8a879d11dfbef8288af36dfddd418c?s=96&d=mm&r=g","contentUrl":"https:\/\/secure.gravatar.com\/avatar\/769db425c6f465158149f1ffd6cf61ce7a8a879d11dfbef8288af36dfddd418c?s=96&d=mm&r=g","caption":"La r\u00e9daction"},"sameAs":["http:\/\/www.lkeria.com\/"],"url":"https:\/\/www.info-algerie.com\/actualites\/author\/chakib32\/"}]}},"_links":{"self":[{"href":"https:\/\/www.info-algerie.com\/actualites\/wp-json\/wp\/v2\/posts\/13344","targetHints":{"allow":["GET"]}}],"collection":[{"href":"https:\/\/www.info-algerie.com\/actualites\/wp-json\/wp\/v2\/posts"}],"about":[{"href":"https:\/\/www.info-algerie.com\/actualites\/wp-json\/wp\/v2\/types\/post"}],"author":[{"embeddable":true,"href":"https:\/\/www.info-algerie.com\/actualites\/wp-json\/wp\/v2\/users\/6"}],"replies":[{"embeddable":true,"href":"https:\/\/www.info-algerie.com\/actualites\/wp-json\/wp\/v2\/comments?post=13344"}],"version-history":[{"count":0,"href":"https:\/\/www.info-algerie.com\/actualites\/wp-json\/wp\/v2\/posts\/13344\/revisions"}],"wp:featuredmedia":[{"embeddable":true,"href":"https:\/\/www.info-algerie.com\/actualites\/wp-json\/wp\/v2\/media\/13345"}],"wp:attachment":[{"href":"https:\/\/www.info-algerie.com\/actualites\/wp-json\/wp\/v2\/media?parent=13344"}],"wp:term":[{"taxonomy":"category","embeddable":true,"href":"https:\/\/www.info-algerie.com\/actualites\/wp-json\/wp\/v2\/categories?post=13344"},{"taxonomy":"post_tag","embeddable":true,"href":"https:\/\/www.info-algerie.com\/actualites\/wp-json\/wp\/v2\/tags?post=13344"}],"curies":[{"name":"wp","href":"https:\/\/api.w.org\/{rel}","templated":true}]}}