{"id":13351,"date":"2017-06-19T15:50:10","date_gmt":"2017-06-19T14:50:10","guid":{"rendered":"http:\/\/www.info-algerie.com\/actualites\/linteret-accorde-a-la-memoire-nationale-est-un-devoir-sacre-pour-letat-et-de-la-societe\/"},"modified":"2017-06-19T15:50:10","modified_gmt":"2017-06-19T14:50:10","slug":"linteret-accorde-a-la-memoire-nationale-est-un-devoir-sacre-pour-letat-et-de-la-societe","status":"publish","type":"post","link":"https:\/\/www.info-algerie.com\/actualites\/linteret-accorde-a-la-memoire-nationale-est-un-devoir-sacre-pour-letat-et-de-la-societe\/","title":{"rendered":"L\u2019int\u00e9r\u00eat accord\u00e9 \u00e0 la m\u00e9moire nationale est un &quot;devoir sacr\u00e9&quot; pour l\u2019Etat et de la soci\u00e9t\u00e9"},"content":{"rendered":"<div class=\"K2FeedImage\"><img decoding=\"async\" src=\"https:\/\/www.info-algerie.com\/actualites\/wp-content\/uploads\/2017\/06\/9e22369ec2c112d0ee1d8deaac99108b_S.jpg\" \/><\/div>\n<div class=\"K2FeedIntroText\">\n<p>MASCARA &#8211; Le ministre des Moudjahidine, Tayeb Zitouni a affirm\u00e9, lundi \u00e0 Mascara que l\u2019int\u00e9r\u00eat accord\u00e9 \u00e0 la m\u00e9moire nationale et sa pr\u00e9servation est un \u00ab\u00a0devoir sacr\u00e9\u00a0\u00bb de l\u2019Etat et de la soci\u00e9t\u00e9.<\/p>\n<p>&#013;\n<\/p><\/div>\n<div class=\"K2FeedFullText\">&#013;<\/p>\n<p>A l\u2019ouverture d\u2019une conf\u00e9rence historique organis\u00e9e \u00e0 l\u2019occasion de la comm\u00e9moration du 61\u00e8me anniversaire de la mort des deux h\u00e9ros Ahmed Zabana et Abdelkader Ferradj ex\u00e9cut\u00e9s \u00e0 la guillotine par le colonisateur fran\u00e7ais, le ministre a soulign\u00e9 que \u00ab\u00a0son d\u00e9partement accorde un grand int\u00e9r\u00eat au patrimoine historique et culturel et \u00e0 la pr\u00e9servation de notre glorieuse m\u00e9moire \u00e0 travers un plan d\u2019action qui concr\u00e9tise le programme du pr\u00e9sident de la r\u00e9publique pour transmettre le message des chouhada et des moudjahidine aux g\u00e9n\u00e9rations\u00a0\u00bb.<\/p>\n<p>&#013;<\/p>\n<p>Tayeb Zitouni a ajout\u00e9 que le minist\u00e8re \u0153uvre \u00e0 renforcer le syst\u00e8me d\u2019\u00e9criture de notre histoire nationale avec des plumes nationales en proposant des moyens de sa promotion, de renforcement de ses m\u00e9thodologies et d&rsquo;enseignement aux g\u00e9n\u00e9rations selon des approches acad\u00e9miques modernes qui s\u2019adaptent \u00e0 l\u2019\u00e9volution sur tous les plans.<\/p>\n<p>&#013;<\/p>\n<p>Le ministre des Moudjahidine a appel\u00e9 les Alg\u00e9riens \u00e0 traduire les sacrifices des chouhadas et moudjahidines dans le domaine de l\u2019\u00e9dification, de la pr\u00e9servation du pays et de sa d\u00e9fense dans le cadre des principes de la r\u00e9volution de lib\u00e9ration pour que le message du chahid soit le protecteur et le garant de la coh\u00e9sion du peuple alg\u00e9rien pour surmonter toutes les difficult\u00e9s.<\/p>\n<p>&#013;<\/p>\n<p>Il a ajout\u00e9 que la date du 19 juin, jour de la mort du martyr Ahmed Zabana est semblable aux autres jours de mort de chouhada ayant sacrifi\u00e9 leurs vies pour que vive l\u2019Alg\u00e9rie libre et dans la dignit\u00e9.<\/p>\n<p>&#013;<\/p>\n<p>Cette conf\u00e9rence tenue \u00e0 l\u2019universit\u00e9 \u00ab\u00a0Mustapha Stambouli\u00a0\u00bb de Mascara par le centre national des \u00e9tudes et de recherche sur le\u00a0 mouvement national et la guerre du 1er novembre 1954 est intitul\u00e9e \u00ab\u00a0Ahmed Zabana fiert\u00e9 des\u00a0 chouhada pour la libert\u00e9\u00a0\u00bb en pr\u00e9sence d&rsquo;universitaires et chercheurs.<\/p>\n<p>&#013;<\/p>\n<p>Le ministre a honor\u00e9, \u00e0 cette occasion, deux moudjahids dont Said Stambouli, compagnon de Ahmed Zabana.<\/p>\n<p>&#013;<\/p>\n<p>La grande salle des conf\u00e9rences de l\u2019universit\u00e9 de Mascara a abrit\u00e9 des expositions diverses.<\/p>\n<p>&#013;<\/p>\n<p class=\"MsoNormal\">Tayeb Zitouni s&rsquo;est rendu dans la commune de Zahana lieu de naissance de Ahmed Zabana o\u00f9 il s&rsquo;est recueilli au carr\u00e9 des martyrs \u00e0 la m\u00e9moire des chouhada, avant de visiter deux carr\u00e9s similaires dans les communes de Sig et Mamounia qui ont fait l&rsquo;objet de travaux r\u00e9am\u00e9nagement.<\/p>\n<\/div>\n<p>&#013;<br \/>\nSource: <a href=\"http:\/\/www.aps.dz\/algerie\/59127-l-interet-accorde-a-la-memoire-nationale-est-un-devoir-sacre-pour-l-etat-et-de-la-societe\" target=\"_blank\">L\u2019int\u00e9r\u00eat accord\u00e9 \u00e0 la m\u00e9moire nationale est un \u00ab\u00a0devoir sacr\u00e9\u00a0\u00bb pour l\u2019Etat et de la soci\u00e9t\u00e9<\/a><\/p>\n<!--CusAds0-->\n<div style=\"font-size: 0px; height: 0px; line-height: 0px; margin: 0; padding: 0; clear: both;\"><\/div>","protected":false},"excerpt":{"rendered":"<p>MASCARA &#8211; Le ministre des Moudjahidine, Tayeb Zitouni a affirm\u00e9, lundi \u00e0 Mascara que l\u2019int\u00e9r\u00eat accord\u00e9 \u00e0 la m\u00e9moire nationale et sa pr\u00e9servation est un \u00ab\u00a0devoir sacr\u00e9\u00a0\u00bb de l\u2019Etat et de la soci\u00e9t\u00e9. &#013; &#013; A l\u2019ouverture d\u2019une conf\u00e9rence historique organis\u00e9e \u00e0 l\u2019occasion de la comm\u00e9moration du 61\u00e8me anniversaire de la mort des deux h\u00e9ros<\/p>\n","protected":false},"author":6,"featured_media":13352,"comment_status":"open","ping_status":"open","sticky":false,"template":"","format":"standard","meta":{"footnotes":""},"categories":[22],"tags":[93],"class_list":["post-13351","post","type-post","status-publish","format-standard","has-post-thumbnail","hentry","category-infos","tag-onu"],"yoast_head":"<!-- This site is optimized with the Yoast SEO plugin v27.5 - https:\/\/yoast.com\/product\/yoast-seo-wordpress\/ -->\n<title>L\u2019int\u00e9r\u00eat accord\u00e9 \u00e0 la m\u00e9moire nationale est un &quot;devoir sacr\u00e9&quot; pour l\u2019Etat et de la soci\u00e9t\u00e9 - info algerie<\/title>\n<meta name=\"robots\" content=\"index, follow, max-snippet:-1, max-image-preview:large, max-video-preview:-1\" \/>\n<link rel=\"canonical\" href=\"https:\/\/www.info-algerie.com\/actualites\/linteret-accorde-a-la-memoire-nationale-est-un-devoir-sacre-pour-letat-et-de-la-societe\/\" \/>\n<meta property=\"og:locale\" content=\"fr_FR\" \/>\n<meta property=\"og:type\" content=\"article\" \/>\n<meta property=\"og:title\" content=\"L\u2019int\u00e9r\u00eat accord\u00e9 \u00e0 la m\u00e9moire nationale est un &quot;devoir sacr\u00e9&quot; pour l\u2019Etat et de la soci\u00e9t\u00e9 - info algerie\" \/>\n<meta property=\"og:description\" content=\"MASCARA &#8211; Le ministre des Moudjahidine, Tayeb Zitouni a affirm\u00e9, lundi \u00e0 Mascara que l\u2019int\u00e9r\u00eat accord\u00e9 \u00e0 la m\u00e9moire nationale et sa pr\u00e9servation est un \u00ab\u00a0devoir sacr\u00e9\u00a0\u00bb de l\u2019Etat et de la soci\u00e9t\u00e9. &#013; &#013; A l\u2019ouverture d\u2019une conf\u00e9rence historique organis\u00e9e \u00e0 l\u2019occasion de la comm\u00e9moration du 61\u00e8me anniversaire de la mort des deux h\u00e9ros\" \/>\n<meta property=\"og:url\" content=\"https:\/\/www.info-algerie.com\/actualites\/linteret-accorde-a-la-memoire-nationale-est-un-devoir-sacre-pour-letat-et-de-la-societe\/\" \/>\n<meta property=\"og:site_name\" content=\"info algerie\" \/>\n<meta property=\"article:publisher\" content=\"https:\/\/www.facebook.com\/infoalgerieactu\" \/>\n<meta property=\"article:published_time\" content=\"2017-06-19T14:50:10+00:00\" \/>\n<meta property=\"og:image\" content=\"https:\/\/www.info-algerie.com\/actualites\/wp-content\/uploads\/2017\/06\/9e22369ec2c112d0ee1d8deaac99108b_S-1.jpg\" \/>\n\t<meta property=\"og:image:width\" content=\"280\" \/>\n\t<meta property=\"og:image:height\" content=\"169\" \/>\n\t<meta property=\"og:image:type\" content=\"image\/jpeg\" \/>\n<meta name=\"author\" content=\"La r\u00e9daction\" \/>\n<meta name=\"twitter:label1\" content=\"\u00c9crit par\" \/>\n\t<meta name=\"twitter:data1\" content=\"La r\u00e9daction\" \/>\n\t<meta name=\"twitter:label2\" content=\"Dur\u00e9e de lecture estim\u00e9e\" \/>\n\t<meta name=\"twitter:data2\" content=\"2 minutes\" \/>\n<script type=\"application\/ld+json\" class=\"yoast-schema-graph\">{\"@context\":\"https:\\\/\\\/schema.org\",\"@graph\":[{\"@type\":\"Article\",\"@id\":\"https:\\\/\\\/www.info-algerie.com\\\/actualites\\\/linteret-accorde-a-la-memoire-nationale-est-un-devoir-sacre-pour-letat-et-de-la-societe\\\/#article\",\"isPartOf\":{\"@id\":\"https:\\\/\\\/www.info-algerie.com\\\/actualites\\\/linteret-accorde-a-la-memoire-nationale-est-un-devoir-sacre-pour-letat-et-de-la-societe\\\/\"},\"author\":{\"name\":\"La r\u00e9daction\",\"@id\":\"https:\\\/\\\/www.info-algerie.com\\\/actualites\\\/#\\\/schema\\\/person\\\/847aaec44920825b843a08f30ec6aa1e\"},\"headline\":\"L\u2019int\u00e9r\u00eat accord\u00e9 \u00e0 la m\u00e9moire nationale est un &quot;devoir sacr\u00e9&quot; pour l\u2019Etat et de la soci\u00e9t\u00e9\",\"datePublished\":\"2017-06-19T14:50:10+00:00\",\"mainEntityOfPage\":{\"@id\":\"https:\\\/\\\/www.info-algerie.com\\\/actualites\\\/linteret-accorde-a-la-memoire-nationale-est-un-devoir-sacre-pour-letat-et-de-la-societe\\\/\"},\"wordCount\":483,\"commentCount\":0,\"publisher\":{\"@id\":\"https:\\\/\\\/www.info-algerie.com\\\/actualites\\\/#organization\"},\"image\":{\"@id\":\"https:\\\/\\\/www.info-algerie.com\\\/actualites\\\/linteret-accorde-a-la-memoire-nationale-est-un-devoir-sacre-pour-letat-et-de-la-societe\\\/#primaryimage\"},\"thumbnailUrl\":\"https:\\\/\\\/www.info-algerie.com\\\/actualites\\\/wp-content\\\/uploads\\\/2017\\\/06\\\/9e22369ec2c112d0ee1d8deaac99108b_S-1.jpg\",\"keywords\":[\"ONU\"],\"articleSection\":[\"infos\"],\"inLanguage\":\"fr-FR\",\"potentialAction\":[{\"@type\":\"CommentAction\",\"name\":\"Comment\",\"target\":[\"https:\\\/\\\/www.info-algerie.com\\\/actualites\\\/linteret-accorde-a-la-memoire-nationale-est-un-devoir-sacre-pour-letat-et-de-la-societe\\\/#respond\"]}]},{\"@type\":\"WebPage\",\"@id\":\"https:\\\/\\\/www.info-algerie.com\\\/actualites\\\/linteret-accorde-a-la-memoire-nationale-est-un-devoir-sacre-pour-letat-et-de-la-societe\\\/\",\"url\":\"https:\\\/\\\/www.info-algerie.com\\\/actualites\\\/linteret-accorde-a-la-memoire-nationale-est-un-devoir-sacre-pour-letat-et-de-la-societe\\\/\",\"name\":\"L\u2019int\u00e9r\u00eat accord\u00e9 \u00e0 la m\u00e9moire nationale est un &quot;devoir sacr\u00e9&quot; pour l\u2019Etat et de la soci\u00e9t\u00e9 - info algerie\",\"isPartOf\":{\"@id\":\"https:\\\/\\\/www.info-algerie.com\\\/actualites\\\/#website\"},\"primaryImageOfPage\":{\"@id\":\"https:\\\/\\\/www.info-algerie.com\\\/actualites\\\/linteret-accorde-a-la-memoire-nationale-est-un-devoir-sacre-pour-letat-et-de-la-societe\\\/#primaryimage\"},\"image\":{\"@id\":\"https:\\\/\\\/www.info-algerie.com\\\/actualites\\\/linteret-accorde-a-la-memoire-nationale-est-un-devoir-sacre-pour-letat-et-de-la-societe\\\/#primaryimage\"},\"thumbnailUrl\":\"https:\\\/\\\/www.info-algerie.com\\\/actualites\\\/wp-content\\\/uploads\\\/2017\\\/06\\\/9e22369ec2c112d0ee1d8deaac99108b_S-1.jpg\",\"datePublished\":\"2017-06-19T14:50:10+00:00\",\"breadcrumb\":{\"@id\":\"https:\\\/\\\/www.info-algerie.com\\\/actualites\\\/linteret-accorde-a-la-memoire-nationale-est-un-devoir-sacre-pour-letat-et-de-la-societe\\\/#breadcrumb\"},\"inLanguage\":\"fr-FR\",\"potentialAction\":[{\"@type\":\"ReadAction\",\"target\":[\"https:\\\/\\\/www.info-algerie.com\\\/actualites\\\/linteret-accorde-a-la-memoire-nationale-est-un-devoir-sacre-pour-letat-et-de-la-societe\\\/\"]}]},{\"@type\":\"ImageObject\",\"inLanguage\":\"fr-FR\",\"@id\":\"https:\\\/\\\/www.info-algerie.com\\\/actualites\\\/linteret-accorde-a-la-memoire-nationale-est-un-devoir-sacre-pour-letat-et-de-la-societe\\\/#primaryimage\",\"url\":\"https:\\\/\\\/www.info-algerie.com\\\/actualites\\\/wp-content\\\/uploads\\\/2017\\\/06\\\/9e22369ec2c112d0ee1d8deaac99108b_S-1.jpg\",\"contentUrl\":\"https:\\\/\\\/www.info-algerie.com\\\/actualites\\\/wp-content\\\/uploads\\\/2017\\\/06\\\/9e22369ec2c112d0ee1d8deaac99108b_S-1.jpg\",\"width\":280,\"height\":169},{\"@type\":\"BreadcrumbList\",\"@id\":\"https:\\\/\\\/www.info-algerie.com\\\/actualites\\\/linteret-accorde-a-la-memoire-nationale-est-un-devoir-sacre-pour-letat-et-de-la-societe\\\/#breadcrumb\",\"itemListElement\":[{\"@type\":\"ListItem\",\"position\":1,\"name\":\"Accueil\",\"item\":\"https:\\\/\\\/www.info-algerie.com\\\/actualites\\\/\"},{\"@type\":\"ListItem\",\"position\":2,\"name\":\"L\u2019int\u00e9r\u00eat accord\u00e9 \u00e0 la m\u00e9moire nationale est un &quot;devoir sacr\u00e9&quot; pour l\u2019Etat et de la soci\u00e9t\u00e9\"}]},{\"@type\":\"WebSite\",\"@id\":\"https:\\\/\\\/www.info-algerie.com\\\/actualites\\\/#website\",\"url\":\"https:\\\/\\\/www.info-algerie.com\\\/actualites\\\/\",\"name\":\"info algerie\",\"description\":\"Toutes les actualit\u00e9s\",\"publisher\":{\"@id\":\"https:\\\/\\\/www.info-algerie.com\\\/actualites\\\/#organization\"},\"potentialAction\":[{\"@type\":\"SearchAction\",\"target\":{\"@type\":\"EntryPoint\",\"urlTemplate\":\"https:\\\/\\\/www.info-algerie.com\\\/actualites\\\/?s={search_term_string}\"},\"query-input\":{\"@type\":\"PropertyValueSpecification\",\"valueRequired\":true,\"valueName\":\"search_term_string\"}}],\"inLanguage\":\"fr-FR\"},{\"@type\":\"Organization\",\"@id\":\"https:\\\/\\\/www.info-algerie.com\\\/actualites\\\/#organization\",\"name\":\"info algerie\",\"url\":\"https:\\\/\\\/www.info-algerie.com\\\/actualites\\\/\",\"logo\":{\"@type\":\"ImageObject\",\"inLanguage\":\"fr-FR\",\"@id\":\"https:\\\/\\\/www.info-algerie.com\\\/actualites\\\/#\\\/schema\\\/logo\\\/image\\\/\",\"url\":\"https:\\\/\\\/www.info-algerie.com\\\/actualites\\\/wp-content\\\/uploads\\\/2022\\\/07\\\/logo-ia-120.png\",\"contentUrl\":\"https:\\\/\\\/www.info-algerie.com\\\/actualites\\\/wp-content\\\/uploads\\\/2022\\\/07\\\/logo-ia-120.png\",\"width\":120,\"height\":43,\"caption\":\"info algerie\"},\"image\":{\"@id\":\"https:\\\/\\\/www.info-algerie.com\\\/actualites\\\/#\\\/schema\\\/logo\\\/image\\\/\"},\"sameAs\":[\"https:\\\/\\\/www.facebook.com\\\/infoalgerieactu\",\"https:\\\/\\\/x.com\\\/infoalgerie1\"]},{\"@type\":\"Person\",\"@id\":\"https:\\\/\\\/www.info-algerie.com\\\/actualites\\\/#\\\/schema\\\/person\\\/847aaec44920825b843a08f30ec6aa1e\",\"name\":\"La r\u00e9daction\",\"image\":{\"@type\":\"ImageObject\",\"inLanguage\":\"fr-FR\",\"@id\":\"https:\\\/\\\/secure.gravatar.com\\\/avatar\\\/769db425c6f465158149f1ffd6cf61ce7a8a879d11dfbef8288af36dfddd418c?s=96&d=mm&r=g\",\"url\":\"https:\\\/\\\/secure.gravatar.com\\\/avatar\\\/769db425c6f465158149f1ffd6cf61ce7a8a879d11dfbef8288af36dfddd418c?s=96&d=mm&r=g\",\"contentUrl\":\"https:\\\/\\\/secure.gravatar.com\\\/avatar\\\/769db425c6f465158149f1ffd6cf61ce7a8a879d11dfbef8288af36dfddd418c?s=96&d=mm&r=g\",\"caption\":\"La r\u00e9daction\"},\"sameAs\":[\"http:\\\/\\\/www.lkeria.com\\\/\"],\"url\":\"https:\\\/\\\/www.info-algerie.com\\\/actualites\\\/author\\\/chakib32\\\/\"}]}<\/script>\n<!-- \/ Yoast SEO plugin. -->","yoast_head_json":{"title":"L\u2019int\u00e9r\u00eat accord\u00e9 \u00e0 la m\u00e9moire nationale est un &quot;devoir sacr\u00e9&quot; pour l\u2019Etat et de la soci\u00e9t\u00e9 - info algerie","robots":{"index":"index","follow":"follow","max-snippet":"max-snippet:-1","max-image-preview":"max-image-preview:large","max-video-preview":"max-video-preview:-1"},"canonical":"https:\/\/www.info-algerie.com\/actualites\/linteret-accorde-a-la-memoire-nationale-est-un-devoir-sacre-pour-letat-et-de-la-societe\/","og_locale":"fr_FR","og_type":"article","og_title":"L\u2019int\u00e9r\u00eat accord\u00e9 \u00e0 la m\u00e9moire nationale est un &quot;devoir sacr\u00e9&quot; pour l\u2019Etat et de la soci\u00e9t\u00e9 - info algerie","og_description":"MASCARA &#8211; Le ministre des Moudjahidine, Tayeb Zitouni a affirm\u00e9, lundi \u00e0 Mascara que l\u2019int\u00e9r\u00eat accord\u00e9 \u00e0 la m\u00e9moire nationale et sa pr\u00e9servation est un \u00ab\u00a0devoir sacr\u00e9\u00a0\u00bb de l\u2019Etat et de la soci\u00e9t\u00e9. &#013; &#013; A l\u2019ouverture d\u2019une conf\u00e9rence historique organis\u00e9e \u00e0 l\u2019occasion de la comm\u00e9moration du 61\u00e8me anniversaire de la mort des deux h\u00e9ros","og_url":"https:\/\/www.info-algerie.com\/actualites\/linteret-accorde-a-la-memoire-nationale-est-un-devoir-sacre-pour-letat-et-de-la-societe\/","og_site_name":"info algerie","article_publisher":"https:\/\/www.facebook.com\/infoalgerieactu","article_published_time":"2017-06-19T14:50:10+00:00","og_image":[{"width":280,"height":169,"url":"https:\/\/www.info-algerie.com\/actualites\/wp-content\/uploads\/2017\/06\/9e22369ec2c112d0ee1d8deaac99108b_S-1.jpg","type":"image\/jpeg"}],"author":"La r\u00e9daction","twitter_misc":{"\u00c9crit par":"La r\u00e9daction","Dur\u00e9e de lecture estim\u00e9e":"2 minutes"},"schema":{"@context":"https:\/\/schema.org","@graph":[{"@type":"Article","@id":"https:\/\/www.info-algerie.com\/actualites\/linteret-accorde-a-la-memoire-nationale-est-un-devoir-sacre-pour-letat-et-de-la-societe\/#article","isPartOf":{"@id":"https:\/\/www.info-algerie.com\/actualites\/linteret-accorde-a-la-memoire-nationale-est-un-devoir-sacre-pour-letat-et-de-la-societe\/"},"author":{"name":"La r\u00e9daction","@id":"https:\/\/www.info-algerie.com\/actualites\/#\/schema\/person\/847aaec44920825b843a08f30ec6aa1e"},"headline":"L\u2019int\u00e9r\u00eat accord\u00e9 \u00e0 la m\u00e9moire nationale est un &quot;devoir sacr\u00e9&quot; pour l\u2019Etat et de la soci\u00e9t\u00e9","datePublished":"2017-06-19T14:50:10+00:00","mainEntityOfPage":{"@id":"https:\/\/www.info-algerie.com\/actualites\/linteret-accorde-a-la-memoire-nationale-est-un-devoir-sacre-pour-letat-et-de-la-societe\/"},"wordCount":483,"commentCount":0,"publisher":{"@id":"https:\/\/www.info-algerie.com\/actualites\/#organization"},"image":{"@id":"https:\/\/www.info-algerie.com\/actualites\/linteret-accorde-a-la-memoire-nationale-est-un-devoir-sacre-pour-letat-et-de-la-societe\/#primaryimage"},"thumbnailUrl":"https:\/\/www.info-algerie.com\/actualites\/wp-content\/uploads\/2017\/06\/9e22369ec2c112d0ee1d8deaac99108b_S-1.jpg","keywords":["ONU"],"articleSection":["infos"],"inLanguage":"fr-FR","potentialAction":[{"@type":"CommentAction","name":"Comment","target":["https:\/\/www.info-algerie.com\/actualites\/linteret-accorde-a-la-memoire-nationale-est-un-devoir-sacre-pour-letat-et-de-la-societe\/#respond"]}]},{"@type":"WebPage","@id":"https:\/\/www.info-algerie.com\/actualites\/linteret-accorde-a-la-memoire-nationale-est-un-devoir-sacre-pour-letat-et-de-la-societe\/","url":"https:\/\/www.info-algerie.com\/actualites\/linteret-accorde-a-la-memoire-nationale-est-un-devoir-sacre-pour-letat-et-de-la-societe\/","name":"L\u2019int\u00e9r\u00eat accord\u00e9 \u00e0 la m\u00e9moire nationale est un &quot;devoir sacr\u00e9&quot; pour l\u2019Etat et de la soci\u00e9t\u00e9 - info algerie","isPartOf":{"@id":"https:\/\/www.info-algerie.com\/actualites\/#website"},"primaryImageOfPage":{"@id":"https:\/\/www.info-algerie.com\/actualites\/linteret-accorde-a-la-memoire-nationale-est-un-devoir-sacre-pour-letat-et-de-la-societe\/#primaryimage"},"image":{"@id":"https:\/\/www.info-algerie.com\/actualites\/linteret-accorde-a-la-memoire-nationale-est-un-devoir-sacre-pour-letat-et-de-la-societe\/#primaryimage"},"thumbnailUrl":"https:\/\/www.info-algerie.com\/actualites\/wp-content\/uploads\/2017\/06\/9e22369ec2c112d0ee1d8deaac99108b_S-1.jpg","datePublished":"2017-06-19T14:50:10+00:00","breadcrumb":{"@id":"https:\/\/www.info-algerie.com\/actualites\/linteret-accorde-a-la-memoire-nationale-est-un-devoir-sacre-pour-letat-et-de-la-societe\/#breadcrumb"},"inLanguage":"fr-FR","potentialAction":[{"@type":"ReadAction","target":["https:\/\/www.info-algerie.com\/actualites\/linteret-accorde-a-la-memoire-nationale-est-un-devoir-sacre-pour-letat-et-de-la-societe\/"]}]},{"@type":"ImageObject","inLanguage":"fr-FR","@id":"https:\/\/www.info-algerie.com\/actualites\/linteret-accorde-a-la-memoire-nationale-est-un-devoir-sacre-pour-letat-et-de-la-societe\/#primaryimage","url":"https:\/\/www.info-algerie.com\/actualites\/wp-content\/uploads\/2017\/06\/9e22369ec2c112d0ee1d8deaac99108b_S-1.jpg","contentUrl":"https:\/\/www.info-algerie.com\/actualites\/wp-content\/uploads\/2017\/06\/9e22369ec2c112d0ee1d8deaac99108b_S-1.jpg","width":280,"height":169},{"@type":"BreadcrumbList","@id":"https:\/\/www.info-algerie.com\/actualites\/linteret-accorde-a-la-memoire-nationale-est-un-devoir-sacre-pour-letat-et-de-la-societe\/#breadcrumb","itemListElement":[{"@type":"ListItem","position":1,"name":"Accueil","item":"https:\/\/www.info-algerie.com\/actualites\/"},{"@type":"ListItem","position":2,"name":"L\u2019int\u00e9r\u00eat accord\u00e9 \u00e0 la m\u00e9moire nationale est un &quot;devoir sacr\u00e9&quot; pour l\u2019Etat et de la soci\u00e9t\u00e9"}]},{"@type":"WebSite","@id":"https:\/\/www.info-algerie.com\/actualites\/#website","url":"https:\/\/www.info-algerie.com\/actualites\/","name":"info algerie","description":"Toutes les actualit\u00e9s","publisher":{"@id":"https:\/\/www.info-algerie.com\/actualites\/#organization"},"potentialAction":[{"@type":"SearchAction","target":{"@type":"EntryPoint","urlTemplate":"https:\/\/www.info-algerie.com\/actualites\/?s={search_term_string}"},"query-input":{"@type":"PropertyValueSpecification","valueRequired":true,"valueName":"search_term_string"}}],"inLanguage":"fr-FR"},{"@type":"Organization","@id":"https:\/\/www.info-algerie.com\/actualites\/#organization","name":"info algerie","url":"https:\/\/www.info-algerie.com\/actualites\/","logo":{"@type":"ImageObject","inLanguage":"fr-FR","@id":"https:\/\/www.info-algerie.com\/actualites\/#\/schema\/logo\/image\/","url":"https:\/\/www.info-algerie.com\/actualites\/wp-content\/uploads\/2022\/07\/logo-ia-120.png","contentUrl":"https:\/\/www.info-algerie.com\/actualites\/wp-content\/uploads\/2022\/07\/logo-ia-120.png","width":120,"height":43,"caption":"info algerie"},"image":{"@id":"https:\/\/www.info-algerie.com\/actualites\/#\/schema\/logo\/image\/"},"sameAs":["https:\/\/www.facebook.com\/infoalgerieactu","https:\/\/x.com\/infoalgerie1"]},{"@type":"Person","@id":"https:\/\/www.info-algerie.com\/actualites\/#\/schema\/person\/847aaec44920825b843a08f30ec6aa1e","name":"La r\u00e9daction","image":{"@type":"ImageObject","inLanguage":"fr-FR","@id":"https:\/\/secure.gravatar.com\/avatar\/769db425c6f465158149f1ffd6cf61ce7a8a879d11dfbef8288af36dfddd418c?s=96&d=mm&r=g","url":"https:\/\/secure.gravatar.com\/avatar\/769db425c6f465158149f1ffd6cf61ce7a8a879d11dfbef8288af36dfddd418c?s=96&d=mm&r=g","contentUrl":"https:\/\/secure.gravatar.com\/avatar\/769db425c6f465158149f1ffd6cf61ce7a8a879d11dfbef8288af36dfddd418c?s=96&d=mm&r=g","caption":"La r\u00e9daction"},"sameAs":["http:\/\/www.lkeria.com\/"],"url":"https:\/\/www.info-algerie.com\/actualites\/author\/chakib32\/"}]}},"_links":{"self":[{"href":"https:\/\/www.info-algerie.com\/actualites\/wp-json\/wp\/v2\/posts\/13351","targetHints":{"allow":["GET"]}}],"collection":[{"href":"https:\/\/www.info-algerie.com\/actualites\/wp-json\/wp\/v2\/posts"}],"about":[{"href":"https:\/\/www.info-algerie.com\/actualites\/wp-json\/wp\/v2\/types\/post"}],"author":[{"embeddable":true,"href":"https:\/\/www.info-algerie.com\/actualites\/wp-json\/wp\/v2\/users\/6"}],"replies":[{"embeddable":true,"href":"https:\/\/www.info-algerie.com\/actualites\/wp-json\/wp\/v2\/comments?post=13351"}],"version-history":[{"count":0,"href":"https:\/\/www.info-algerie.com\/actualites\/wp-json\/wp\/v2\/posts\/13351\/revisions"}],"wp:featuredmedia":[{"embeddable":true,"href":"https:\/\/www.info-algerie.com\/actualites\/wp-json\/wp\/v2\/media\/13352"}],"wp:attachment":[{"href":"https:\/\/www.info-algerie.com\/actualites\/wp-json\/wp\/v2\/media?parent=13351"}],"wp:term":[{"taxonomy":"category","embeddable":true,"href":"https:\/\/www.info-algerie.com\/actualites\/wp-json\/wp\/v2\/categories?post=13351"},{"taxonomy":"post_tag","embeddable":true,"href":"https:\/\/www.info-algerie.com\/actualites\/wp-json\/wp\/v2\/tags?post=13351"}],"curies":[{"name":"wp","href":"https:\/\/api.w.org\/{rel}","templated":true}]}}