{"id":13358,"date":"2017-06-19T17:46:41","date_gmt":"2017-06-19T16:46:41","guid":{"rendered":"http:\/\/www.info-algerie.com\/actualites\/lalgerie-exprime-sa-solidarite-avec-le-mali-suite-aux-attaques-terroristes-contre-un-camp-militaire-et-un-campement-mae\/"},"modified":"2017-06-19T17:46:41","modified_gmt":"2017-06-19T16:46:41","slug":"lalgerie-exprime-sa-solidarite-avec-le-mali-suite-aux-attaques-terroristes-contre-un-camp-militaire-et-un-campement-mae","status":"publish","type":"post","link":"https:\/\/www.info-algerie.com\/actualites\/lalgerie-exprime-sa-solidarite-avec-le-mali-suite-aux-attaques-terroristes-contre-un-camp-militaire-et-un-campement-mae\/","title":{"rendered":"L&#039;Alg\u00e9rie exprime sa solidarit\u00e9 avec le Mali suite aux attaques terroristes contre un camp militaire et un campement (MAE)"},"content":{"rendered":"<div class=\"K2FeedImage\"><img decoding=\"async\" src=\"https:\/\/www.info-algerie.com\/actualites\/wp-content\/uploads\/2017\/06\/053df2c94bbc09815759052b63f0d0e1_S.jpg\" alt=\"L'Alg&#xE9;rie exprime sa solidarit&#xE9; avec le Mali suite aux attaques terroristes contre un camp militaire et un campement (MAE)\" \/><\/div>\n<div class=\"K2FeedIntroText\">\n<p>ALGER &#8211; L&rsquo;Alg\u00e9rie a exprim\u00e9 sa solidarit\u00e9 avec le peuple et le gouvernement maliens suite aux attaques terroristes perp\u00e9tr\u00e9es contre un camp militaire \u00e0 Bintagoungou et le campement Kangaba \u00e0 Bamako, en se disant \u00ab\u00a0convaincue\u00a0\u00bb que cette strat\u00e9gie de terreur se heurtera \u00e0 la d\u00e9termination des Maliens de continuer l&rsquo;\u0153uvre de la r\u00e9conciliation et de\u00a0 l&rsquo;\u00e9dification nationale.<\/p>\n<p>&#013;\n<\/p><\/div>\n<div class=\"K2FeedFullText\">&#013;<\/p>\n<p>\u00ab\u00a0Le Mali a v\u00e9cu ces derniers jours une recrudescence des actes terroristes r\u00e9v\u00e9lateurs des tentatives funestes des auteurs de compromettre la marche des Maliens vers la paix et la stabilit\u00e9\u00a0\u00bb, a indiqu\u00e9 lundi le porte-parole du minist\u00e8re des Affaires \u00e9trang\u00e8res, Abdelaziz Benali Ch\u00e9rif dans une d\u00e9claration \u00e0 l&rsquo;APS suite aux attaques terroristes perp\u00e9tr\u00e9es\u00a0 respectivement le 17 juin contre un camp militaire \u00e0 Bintagoungou, et le 18 juin contre le campement Kangaba \u00e0 Bamako.<\/p>\n<p>&#013;<\/p>\n<p>\u00ab\u00a0Autant l&rsquo;attaque contre un camp militaire de Bintagoungou que celle perp\u00e9tr\u00e9e hier contre le campement Kangaba, sont l&rsquo;illustration de la volont\u00e9 des forces obscurantistes \u00e0 fragiliser le processus de paix au Mali\u00a0\u00bb, a soulign\u00e9 le porte-parole du MAE. Et d&rsquo;ajouter : \u00ab\u00a0Alors que la paix fait face \u00e0 ces attaques meurtri\u00e8res, nous exprimons notre solidarit\u00e9 avec le peuple et le gouvernement maliens fr\u00e8res, tout comme nous assurons de notre sympathie les familles des victimes\u00a0\u00bb.<\/p>\n<p>&#013;<\/p>\n<p class=\"MsoNormal\">\u00ab\u00a0Nous demeurons convaincus que cette strat\u00e9gie de la terreur, se heurtera \u00e0 la d\u00e9termination de l&rsquo;ensemble des composantes maliennes \u00e0 continuer l&rsquo;\u0153uvre de la r\u00e9conciliation et de l&rsquo;\u00e9dification nationale.\u00a0\u00bb, a affirm\u00e9 le porte-parole du MAE.<\/p>\n<\/div>\n<p>&#013;<br \/>\nSource: <a href=\"http:\/\/www.aps.dz\/algerie\/59146-l-algerie-exprime-sa-solidarite-avec-le-mali-suite-aux-attaques-terroristes-contre-un-camp-militaire-et-un-campement-mae\" target=\"_blank\">L&rsquo;Alg\u00e9rie exprime sa solidarit\u00e9 avec le Mali suite aux attaques terroristes contre un camp militaire et un campement (MAE)<\/a><\/p>\n<!--CusAds0-->\n<div style=\"font-size: 0px; height: 0px; line-height: 0px; margin: 0; padding: 0; clear: both;\"><\/div>","protected":false},"excerpt":{"rendered":"<p>ALGER &#8211; L&rsquo;Alg\u00e9rie a exprim\u00e9 sa solidarit\u00e9 avec le peuple et le gouvernement maliens suite aux attaques terroristes perp\u00e9tr\u00e9es contre un camp militaire \u00e0 Bintagoungou et le campement Kangaba \u00e0 Bamako, en se disant \u00ab\u00a0convaincue\u00a0\u00bb que cette strat\u00e9gie de terreur se heurtera \u00e0 la d\u00e9termination des Maliens de continuer l&rsquo;\u0153uvre de la r\u00e9conciliation et de\u00a0<\/p>\n","protected":false},"author":6,"featured_media":13359,"comment_status":"open","ping_status":"open","sticky":false,"template":"","format":"standard","meta":{"footnotes":""},"categories":[22],"tags":[93],"class_list":["post-13358","post","type-post","status-publish","format-standard","has-post-thumbnail","hentry","category-infos","tag-onu"],"yoast_head":"<!-- This site is optimized with the Yoast SEO plugin v27.5 - https:\/\/yoast.com\/product\/yoast-seo-wordpress\/ -->\n<title>L&#039;Alg\u00e9rie exprime sa solidarit\u00e9 avec le Mali suite aux attaques terroristes contre un camp militaire et un campement (MAE) - info algerie<\/title>\n<meta name=\"robots\" content=\"index, follow, max-snippet:-1, max-image-preview:large, max-video-preview:-1\" \/>\n<link rel=\"canonical\" href=\"https:\/\/www.info-algerie.com\/actualites\/lalgerie-exprime-sa-solidarite-avec-le-mali-suite-aux-attaques-terroristes-contre-un-camp-militaire-et-un-campement-mae\/\" \/>\n<meta property=\"og:locale\" content=\"fr_FR\" \/>\n<meta property=\"og:type\" content=\"article\" \/>\n<meta property=\"og:title\" content=\"L&#039;Alg\u00e9rie exprime sa solidarit\u00e9 avec le Mali suite aux attaques terroristes contre un camp militaire et un campement (MAE) - info algerie\" \/>\n<meta property=\"og:description\" content=\"ALGER &#8211; L&rsquo;Alg\u00e9rie a exprim\u00e9 sa solidarit\u00e9 avec le peuple et le gouvernement maliens suite aux attaques terroristes perp\u00e9tr\u00e9es contre un camp militaire \u00e0 Bintagoungou et le campement Kangaba \u00e0 Bamako, en se disant \u00ab\u00a0convaincue\u00a0\u00bb que cette strat\u00e9gie de terreur se heurtera \u00e0 la d\u00e9termination des Maliens de continuer l&rsquo;\u0153uvre de la r\u00e9conciliation et de\u00a0\" \/>\n<meta property=\"og:url\" content=\"https:\/\/www.info-algerie.com\/actualites\/lalgerie-exprime-sa-solidarite-avec-le-mali-suite-aux-attaques-terroristes-contre-un-camp-militaire-et-un-campement-mae\/\" \/>\n<meta property=\"og:site_name\" content=\"info algerie\" \/>\n<meta property=\"article:publisher\" content=\"https:\/\/www.facebook.com\/infoalgerieactu\" \/>\n<meta property=\"article:published_time\" content=\"2017-06-19T16:46:41+00:00\" \/>\n<meta property=\"og:image\" content=\"https:\/\/www.info-algerie.com\/actualites\/wp-content\/uploads\/2017\/06\/053df2c94bbc09815759052b63f0d0e1_S-1.jpg\" \/>\n\t<meta property=\"og:image:width\" content=\"280\" \/>\n\t<meta property=\"og:image:height\" content=\"169\" \/>\n\t<meta property=\"og:image:type\" content=\"image\/jpeg\" \/>\n<meta name=\"author\" content=\"La r\u00e9daction\" \/>\n<meta name=\"twitter:label1\" content=\"\u00c9crit par\" \/>\n\t<meta name=\"twitter:data1\" content=\"La r\u00e9daction\" \/>\n\t<meta name=\"twitter:label2\" content=\"Dur\u00e9e de lecture estim\u00e9e\" \/>\n\t<meta name=\"twitter:data2\" content=\"1 minute\" \/>\n<script type=\"application\/ld+json\" class=\"yoast-schema-graph\">{\"@context\":\"https:\\\/\\\/schema.org\",\"@graph\":[{\"@type\":\"Article\",\"@id\":\"https:\\\/\\\/www.info-algerie.com\\\/actualites\\\/lalgerie-exprime-sa-solidarite-avec-le-mali-suite-aux-attaques-terroristes-contre-un-camp-militaire-et-un-campement-mae\\\/#article\",\"isPartOf\":{\"@id\":\"https:\\\/\\\/www.info-algerie.com\\\/actualites\\\/lalgerie-exprime-sa-solidarite-avec-le-mali-suite-aux-attaques-terroristes-contre-un-camp-militaire-et-un-campement-mae\\\/\"},\"author\":{\"name\":\"La r\u00e9daction\",\"@id\":\"https:\\\/\\\/www.info-algerie.com\\\/actualites\\\/#\\\/schema\\\/person\\\/847aaec44920825b843a08f30ec6aa1e\"},\"headline\":\"L&#039;Alg\u00e9rie exprime sa solidarit\u00e9 avec le Mali suite aux attaques terroristes contre un camp militaire et un campement (MAE)\",\"datePublished\":\"2017-06-19T16:46:41+00:00\",\"mainEntityOfPage\":{\"@id\":\"https:\\\/\\\/www.info-algerie.com\\\/actualites\\\/lalgerie-exprime-sa-solidarite-avec-le-mali-suite-aux-attaques-terroristes-contre-un-camp-militaire-et-un-campement-mae\\\/\"},\"wordCount\":301,\"commentCount\":0,\"publisher\":{\"@id\":\"https:\\\/\\\/www.info-algerie.com\\\/actualites\\\/#organization\"},\"image\":{\"@id\":\"https:\\\/\\\/www.info-algerie.com\\\/actualites\\\/lalgerie-exprime-sa-solidarite-avec-le-mali-suite-aux-attaques-terroristes-contre-un-camp-militaire-et-un-campement-mae\\\/#primaryimage\"},\"thumbnailUrl\":\"https:\\\/\\\/www.info-algerie.com\\\/actualites\\\/wp-content\\\/uploads\\\/2017\\\/06\\\/053df2c94bbc09815759052b63f0d0e1_S-1.jpg\",\"keywords\":[\"ONU\"],\"articleSection\":[\"infos\"],\"inLanguage\":\"fr-FR\",\"potentialAction\":[{\"@type\":\"CommentAction\",\"name\":\"Comment\",\"target\":[\"https:\\\/\\\/www.info-algerie.com\\\/actualites\\\/lalgerie-exprime-sa-solidarite-avec-le-mali-suite-aux-attaques-terroristes-contre-un-camp-militaire-et-un-campement-mae\\\/#respond\"]}]},{\"@type\":\"WebPage\",\"@id\":\"https:\\\/\\\/www.info-algerie.com\\\/actualites\\\/lalgerie-exprime-sa-solidarite-avec-le-mali-suite-aux-attaques-terroristes-contre-un-camp-militaire-et-un-campement-mae\\\/\",\"url\":\"https:\\\/\\\/www.info-algerie.com\\\/actualites\\\/lalgerie-exprime-sa-solidarite-avec-le-mali-suite-aux-attaques-terroristes-contre-un-camp-militaire-et-un-campement-mae\\\/\",\"name\":\"L&#039;Alg\u00e9rie exprime sa solidarit\u00e9 avec le Mali suite aux attaques terroristes contre un camp militaire et un campement (MAE) - info algerie\",\"isPartOf\":{\"@id\":\"https:\\\/\\\/www.info-algerie.com\\\/actualites\\\/#website\"},\"primaryImageOfPage\":{\"@id\":\"https:\\\/\\\/www.info-algerie.com\\\/actualites\\\/lalgerie-exprime-sa-solidarite-avec-le-mali-suite-aux-attaques-terroristes-contre-un-camp-militaire-et-un-campement-mae\\\/#primaryimage\"},\"image\":{\"@id\":\"https:\\\/\\\/www.info-algerie.com\\\/actualites\\\/lalgerie-exprime-sa-solidarite-avec-le-mali-suite-aux-attaques-terroristes-contre-un-camp-militaire-et-un-campement-mae\\\/#primaryimage\"},\"thumbnailUrl\":\"https:\\\/\\\/www.info-algerie.com\\\/actualites\\\/wp-content\\\/uploads\\\/2017\\\/06\\\/053df2c94bbc09815759052b63f0d0e1_S-1.jpg\",\"datePublished\":\"2017-06-19T16:46:41+00:00\",\"breadcrumb\":{\"@id\":\"https:\\\/\\\/www.info-algerie.com\\\/actualites\\\/lalgerie-exprime-sa-solidarite-avec-le-mali-suite-aux-attaques-terroristes-contre-un-camp-militaire-et-un-campement-mae\\\/#breadcrumb\"},\"inLanguage\":\"fr-FR\",\"potentialAction\":[{\"@type\":\"ReadAction\",\"target\":[\"https:\\\/\\\/www.info-algerie.com\\\/actualites\\\/lalgerie-exprime-sa-solidarite-avec-le-mali-suite-aux-attaques-terroristes-contre-un-camp-militaire-et-un-campement-mae\\\/\"]}]},{\"@type\":\"ImageObject\",\"inLanguage\":\"fr-FR\",\"@id\":\"https:\\\/\\\/www.info-algerie.com\\\/actualites\\\/lalgerie-exprime-sa-solidarite-avec-le-mali-suite-aux-attaques-terroristes-contre-un-camp-militaire-et-un-campement-mae\\\/#primaryimage\",\"url\":\"https:\\\/\\\/www.info-algerie.com\\\/actualites\\\/wp-content\\\/uploads\\\/2017\\\/06\\\/053df2c94bbc09815759052b63f0d0e1_S-1.jpg\",\"contentUrl\":\"https:\\\/\\\/www.info-algerie.com\\\/actualites\\\/wp-content\\\/uploads\\\/2017\\\/06\\\/053df2c94bbc09815759052b63f0d0e1_S-1.jpg\",\"width\":280,\"height\":169},{\"@type\":\"BreadcrumbList\",\"@id\":\"https:\\\/\\\/www.info-algerie.com\\\/actualites\\\/lalgerie-exprime-sa-solidarite-avec-le-mali-suite-aux-attaques-terroristes-contre-un-camp-militaire-et-un-campement-mae\\\/#breadcrumb\",\"itemListElement\":[{\"@type\":\"ListItem\",\"position\":1,\"name\":\"Accueil\",\"item\":\"https:\\\/\\\/www.info-algerie.com\\\/actualites\\\/\"},{\"@type\":\"ListItem\",\"position\":2,\"name\":\"L&#039;Alg\u00e9rie exprime sa solidarit\u00e9 avec le Mali suite aux attaques terroristes contre un camp militaire et un campement (MAE)\"}]},{\"@type\":\"WebSite\",\"@id\":\"https:\\\/\\\/www.info-algerie.com\\\/actualites\\\/#website\",\"url\":\"https:\\\/\\\/www.info-algerie.com\\\/actualites\\\/\",\"name\":\"info algerie\",\"description\":\"Toutes les actualit\u00e9s\",\"publisher\":{\"@id\":\"https:\\\/\\\/www.info-algerie.com\\\/actualites\\\/#organization\"},\"potentialAction\":[{\"@type\":\"SearchAction\",\"target\":{\"@type\":\"EntryPoint\",\"urlTemplate\":\"https:\\\/\\\/www.info-algerie.com\\\/actualites\\\/?s={search_term_string}\"},\"query-input\":{\"@type\":\"PropertyValueSpecification\",\"valueRequired\":true,\"valueName\":\"search_term_string\"}}],\"inLanguage\":\"fr-FR\"},{\"@type\":\"Organization\",\"@id\":\"https:\\\/\\\/www.info-algerie.com\\\/actualites\\\/#organization\",\"name\":\"info algerie\",\"url\":\"https:\\\/\\\/www.info-algerie.com\\\/actualites\\\/\",\"logo\":{\"@type\":\"ImageObject\",\"inLanguage\":\"fr-FR\",\"@id\":\"https:\\\/\\\/www.info-algerie.com\\\/actualites\\\/#\\\/schema\\\/logo\\\/image\\\/\",\"url\":\"https:\\\/\\\/www.info-algerie.com\\\/actualites\\\/wp-content\\\/uploads\\\/2022\\\/07\\\/logo-ia-120.png\",\"contentUrl\":\"https:\\\/\\\/www.info-algerie.com\\\/actualites\\\/wp-content\\\/uploads\\\/2022\\\/07\\\/logo-ia-120.png\",\"width\":120,\"height\":43,\"caption\":\"info algerie\"},\"image\":{\"@id\":\"https:\\\/\\\/www.info-algerie.com\\\/actualites\\\/#\\\/schema\\\/logo\\\/image\\\/\"},\"sameAs\":[\"https:\\\/\\\/www.facebook.com\\\/infoalgerieactu\",\"https:\\\/\\\/x.com\\\/infoalgerie1\"]},{\"@type\":\"Person\",\"@id\":\"https:\\\/\\\/www.info-algerie.com\\\/actualites\\\/#\\\/schema\\\/person\\\/847aaec44920825b843a08f30ec6aa1e\",\"name\":\"La r\u00e9daction\",\"image\":{\"@type\":\"ImageObject\",\"inLanguage\":\"fr-FR\",\"@id\":\"https:\\\/\\\/secure.gravatar.com\\\/avatar\\\/769db425c6f465158149f1ffd6cf61ce7a8a879d11dfbef8288af36dfddd418c?s=96&d=mm&r=g\",\"url\":\"https:\\\/\\\/secure.gravatar.com\\\/avatar\\\/769db425c6f465158149f1ffd6cf61ce7a8a879d11dfbef8288af36dfddd418c?s=96&d=mm&r=g\",\"contentUrl\":\"https:\\\/\\\/secure.gravatar.com\\\/avatar\\\/769db425c6f465158149f1ffd6cf61ce7a8a879d11dfbef8288af36dfddd418c?s=96&d=mm&r=g\",\"caption\":\"La r\u00e9daction\"},\"sameAs\":[\"http:\\\/\\\/www.lkeria.com\\\/\"],\"url\":\"https:\\\/\\\/www.info-algerie.com\\\/actualites\\\/author\\\/chakib32\\\/\"}]}<\/script>\n<!-- \/ Yoast SEO plugin. -->","yoast_head_json":{"title":"L&#039;Alg\u00e9rie exprime sa solidarit\u00e9 avec le Mali suite aux attaques terroristes contre un camp militaire et un campement (MAE) - info algerie","robots":{"index":"index","follow":"follow","max-snippet":"max-snippet:-1","max-image-preview":"max-image-preview:large","max-video-preview":"max-video-preview:-1"},"canonical":"https:\/\/www.info-algerie.com\/actualites\/lalgerie-exprime-sa-solidarite-avec-le-mali-suite-aux-attaques-terroristes-contre-un-camp-militaire-et-un-campement-mae\/","og_locale":"fr_FR","og_type":"article","og_title":"L&#039;Alg\u00e9rie exprime sa solidarit\u00e9 avec le Mali suite aux attaques terroristes contre un camp militaire et un campement (MAE) - info algerie","og_description":"ALGER &#8211; L&rsquo;Alg\u00e9rie a exprim\u00e9 sa solidarit\u00e9 avec le peuple et le gouvernement maliens suite aux attaques terroristes perp\u00e9tr\u00e9es contre un camp militaire \u00e0 Bintagoungou et le campement Kangaba \u00e0 Bamako, en se disant \u00ab\u00a0convaincue\u00a0\u00bb que cette strat\u00e9gie de terreur se heurtera \u00e0 la d\u00e9termination des Maliens de continuer l&rsquo;\u0153uvre de la r\u00e9conciliation et de\u00a0","og_url":"https:\/\/www.info-algerie.com\/actualites\/lalgerie-exprime-sa-solidarite-avec-le-mali-suite-aux-attaques-terroristes-contre-un-camp-militaire-et-un-campement-mae\/","og_site_name":"info algerie","article_publisher":"https:\/\/www.facebook.com\/infoalgerieactu","article_published_time":"2017-06-19T16:46:41+00:00","og_image":[{"width":280,"height":169,"url":"https:\/\/www.info-algerie.com\/actualites\/wp-content\/uploads\/2017\/06\/053df2c94bbc09815759052b63f0d0e1_S-1.jpg","type":"image\/jpeg"}],"author":"La r\u00e9daction","twitter_misc":{"\u00c9crit par":"La r\u00e9daction","Dur\u00e9e de lecture estim\u00e9e":"1 minute"},"schema":{"@context":"https:\/\/schema.org","@graph":[{"@type":"Article","@id":"https:\/\/www.info-algerie.com\/actualites\/lalgerie-exprime-sa-solidarite-avec-le-mali-suite-aux-attaques-terroristes-contre-un-camp-militaire-et-un-campement-mae\/#article","isPartOf":{"@id":"https:\/\/www.info-algerie.com\/actualites\/lalgerie-exprime-sa-solidarite-avec-le-mali-suite-aux-attaques-terroristes-contre-un-camp-militaire-et-un-campement-mae\/"},"author":{"name":"La r\u00e9daction","@id":"https:\/\/www.info-algerie.com\/actualites\/#\/schema\/person\/847aaec44920825b843a08f30ec6aa1e"},"headline":"L&#039;Alg\u00e9rie exprime sa solidarit\u00e9 avec le Mali suite aux attaques terroristes contre un camp militaire et un campement (MAE)","datePublished":"2017-06-19T16:46:41+00:00","mainEntityOfPage":{"@id":"https:\/\/www.info-algerie.com\/actualites\/lalgerie-exprime-sa-solidarite-avec-le-mali-suite-aux-attaques-terroristes-contre-un-camp-militaire-et-un-campement-mae\/"},"wordCount":301,"commentCount":0,"publisher":{"@id":"https:\/\/www.info-algerie.com\/actualites\/#organization"},"image":{"@id":"https:\/\/www.info-algerie.com\/actualites\/lalgerie-exprime-sa-solidarite-avec-le-mali-suite-aux-attaques-terroristes-contre-un-camp-militaire-et-un-campement-mae\/#primaryimage"},"thumbnailUrl":"https:\/\/www.info-algerie.com\/actualites\/wp-content\/uploads\/2017\/06\/053df2c94bbc09815759052b63f0d0e1_S-1.jpg","keywords":["ONU"],"articleSection":["infos"],"inLanguage":"fr-FR","potentialAction":[{"@type":"CommentAction","name":"Comment","target":["https:\/\/www.info-algerie.com\/actualites\/lalgerie-exprime-sa-solidarite-avec-le-mali-suite-aux-attaques-terroristes-contre-un-camp-militaire-et-un-campement-mae\/#respond"]}]},{"@type":"WebPage","@id":"https:\/\/www.info-algerie.com\/actualites\/lalgerie-exprime-sa-solidarite-avec-le-mali-suite-aux-attaques-terroristes-contre-un-camp-militaire-et-un-campement-mae\/","url":"https:\/\/www.info-algerie.com\/actualites\/lalgerie-exprime-sa-solidarite-avec-le-mali-suite-aux-attaques-terroristes-contre-un-camp-militaire-et-un-campement-mae\/","name":"L&#039;Alg\u00e9rie exprime sa solidarit\u00e9 avec le Mali suite aux attaques terroristes contre un camp militaire et un campement (MAE) - info algerie","isPartOf":{"@id":"https:\/\/www.info-algerie.com\/actualites\/#website"},"primaryImageOfPage":{"@id":"https:\/\/www.info-algerie.com\/actualites\/lalgerie-exprime-sa-solidarite-avec-le-mali-suite-aux-attaques-terroristes-contre-un-camp-militaire-et-un-campement-mae\/#primaryimage"},"image":{"@id":"https:\/\/www.info-algerie.com\/actualites\/lalgerie-exprime-sa-solidarite-avec-le-mali-suite-aux-attaques-terroristes-contre-un-camp-militaire-et-un-campement-mae\/#primaryimage"},"thumbnailUrl":"https:\/\/www.info-algerie.com\/actualites\/wp-content\/uploads\/2017\/06\/053df2c94bbc09815759052b63f0d0e1_S-1.jpg","datePublished":"2017-06-19T16:46:41+00:00","breadcrumb":{"@id":"https:\/\/www.info-algerie.com\/actualites\/lalgerie-exprime-sa-solidarite-avec-le-mali-suite-aux-attaques-terroristes-contre-un-camp-militaire-et-un-campement-mae\/#breadcrumb"},"inLanguage":"fr-FR","potentialAction":[{"@type":"ReadAction","target":["https:\/\/www.info-algerie.com\/actualites\/lalgerie-exprime-sa-solidarite-avec-le-mali-suite-aux-attaques-terroristes-contre-un-camp-militaire-et-un-campement-mae\/"]}]},{"@type":"ImageObject","inLanguage":"fr-FR","@id":"https:\/\/www.info-algerie.com\/actualites\/lalgerie-exprime-sa-solidarite-avec-le-mali-suite-aux-attaques-terroristes-contre-un-camp-militaire-et-un-campement-mae\/#primaryimage","url":"https:\/\/www.info-algerie.com\/actualites\/wp-content\/uploads\/2017\/06\/053df2c94bbc09815759052b63f0d0e1_S-1.jpg","contentUrl":"https:\/\/www.info-algerie.com\/actualites\/wp-content\/uploads\/2017\/06\/053df2c94bbc09815759052b63f0d0e1_S-1.jpg","width":280,"height":169},{"@type":"BreadcrumbList","@id":"https:\/\/www.info-algerie.com\/actualites\/lalgerie-exprime-sa-solidarite-avec-le-mali-suite-aux-attaques-terroristes-contre-un-camp-militaire-et-un-campement-mae\/#breadcrumb","itemListElement":[{"@type":"ListItem","position":1,"name":"Accueil","item":"https:\/\/www.info-algerie.com\/actualites\/"},{"@type":"ListItem","position":2,"name":"L&#039;Alg\u00e9rie exprime sa solidarit\u00e9 avec le Mali suite aux attaques terroristes contre un camp militaire et un campement (MAE)"}]},{"@type":"WebSite","@id":"https:\/\/www.info-algerie.com\/actualites\/#website","url":"https:\/\/www.info-algerie.com\/actualites\/","name":"info algerie","description":"Toutes les actualit\u00e9s","publisher":{"@id":"https:\/\/www.info-algerie.com\/actualites\/#organization"},"potentialAction":[{"@type":"SearchAction","target":{"@type":"EntryPoint","urlTemplate":"https:\/\/www.info-algerie.com\/actualites\/?s={search_term_string}"},"query-input":{"@type":"PropertyValueSpecification","valueRequired":true,"valueName":"search_term_string"}}],"inLanguage":"fr-FR"},{"@type":"Organization","@id":"https:\/\/www.info-algerie.com\/actualites\/#organization","name":"info algerie","url":"https:\/\/www.info-algerie.com\/actualites\/","logo":{"@type":"ImageObject","inLanguage":"fr-FR","@id":"https:\/\/www.info-algerie.com\/actualites\/#\/schema\/logo\/image\/","url":"https:\/\/www.info-algerie.com\/actualites\/wp-content\/uploads\/2022\/07\/logo-ia-120.png","contentUrl":"https:\/\/www.info-algerie.com\/actualites\/wp-content\/uploads\/2022\/07\/logo-ia-120.png","width":120,"height":43,"caption":"info algerie"},"image":{"@id":"https:\/\/www.info-algerie.com\/actualites\/#\/schema\/logo\/image\/"},"sameAs":["https:\/\/www.facebook.com\/infoalgerieactu","https:\/\/x.com\/infoalgerie1"]},{"@type":"Person","@id":"https:\/\/www.info-algerie.com\/actualites\/#\/schema\/person\/847aaec44920825b843a08f30ec6aa1e","name":"La r\u00e9daction","image":{"@type":"ImageObject","inLanguage":"fr-FR","@id":"https:\/\/secure.gravatar.com\/avatar\/769db425c6f465158149f1ffd6cf61ce7a8a879d11dfbef8288af36dfddd418c?s=96&d=mm&r=g","url":"https:\/\/secure.gravatar.com\/avatar\/769db425c6f465158149f1ffd6cf61ce7a8a879d11dfbef8288af36dfddd418c?s=96&d=mm&r=g","contentUrl":"https:\/\/secure.gravatar.com\/avatar\/769db425c6f465158149f1ffd6cf61ce7a8a879d11dfbef8288af36dfddd418c?s=96&d=mm&r=g","caption":"La r\u00e9daction"},"sameAs":["http:\/\/www.lkeria.com\/"],"url":"https:\/\/www.info-algerie.com\/actualites\/author\/chakib32\/"}]}},"_links":{"self":[{"href":"https:\/\/www.info-algerie.com\/actualites\/wp-json\/wp\/v2\/posts\/13358","targetHints":{"allow":["GET"]}}],"collection":[{"href":"https:\/\/www.info-algerie.com\/actualites\/wp-json\/wp\/v2\/posts"}],"about":[{"href":"https:\/\/www.info-algerie.com\/actualites\/wp-json\/wp\/v2\/types\/post"}],"author":[{"embeddable":true,"href":"https:\/\/www.info-algerie.com\/actualites\/wp-json\/wp\/v2\/users\/6"}],"replies":[{"embeddable":true,"href":"https:\/\/www.info-algerie.com\/actualites\/wp-json\/wp\/v2\/comments?post=13358"}],"version-history":[{"count":0,"href":"https:\/\/www.info-algerie.com\/actualites\/wp-json\/wp\/v2\/posts\/13358\/revisions"}],"wp:featuredmedia":[{"embeddable":true,"href":"https:\/\/www.info-algerie.com\/actualites\/wp-json\/wp\/v2\/media\/13359"}],"wp:attachment":[{"href":"https:\/\/www.info-algerie.com\/actualites\/wp-json\/wp\/v2\/media?parent=13358"}],"wp:term":[{"taxonomy":"category","embeddable":true,"href":"https:\/\/www.info-algerie.com\/actualites\/wp-json\/wp\/v2\/categories?post=13358"},{"taxonomy":"post_tag","embeddable":true,"href":"https:\/\/www.info-algerie.com\/actualites\/wp-json\/wp\/v2\/tags?post=13358"}],"curies":[{"name":"wp","href":"https:\/\/api.w.org\/{rel}","templated":true}]}}