{"id":13360,"date":"2017-06-19T17:39:26","date_gmt":"2017-06-19T16:39:26","guid":{"rendered":"http:\/\/www.info-algerie.com\/actualites\/kaouane-evoque-avec-lambassadeur-us-la-dynamisation-des-echanges-en-matiere-dinformation\/"},"modified":"2017-06-19T17:39:26","modified_gmt":"2017-06-19T16:39:26","slug":"kaouane-evoque-avec-lambassadeur-us-la-dynamisation-des-echanges-en-matiere-dinformation","status":"publish","type":"post","link":"https:\/\/www.info-algerie.com\/actualites\/kaouane-evoque-avec-lambassadeur-us-la-dynamisation-des-echanges-en-matiere-dinformation\/","title":{"rendered":"Kaouane \u00e9voque avec l&#039;ambassadeur US la dynamisation des \u00e9changes en mati\u00e8re d&#039;information"},"content":{"rendered":"<div class=\"K2FeedIntroText\">\n<p>ALGER &#8211; Le ministre de la Communication, Djamel Kaouane, a re\u00e7u, lundi \u00e0 Alger, l&rsquo;ambassadeur des Etats-Unis d&rsquo;Am\u00e9rique, Joan A. Polaschik, avec laquelle il a \u00e9voqu\u00e9 les moyens de d\u00e9velopper et de dynamiser davantage les \u00e9changes entre les deux pays dans le domaine de la communication et de l&rsquo;information, indique un communiqu\u00e9 du minist\u00e8re de la Communication.<\/p>\n<p>&#013;\n<\/p><\/div>\n<div class=\"K2FeedFullText\">&#013;<\/p>\n<p>\u00ab\u00a0Tout en saluant les acquis de la libert\u00e9 d&rsquo;expression et de la presse, ainsi que les avanc\u00e9es extraordinaires que le secteur de la communication a connues en Alg\u00e9rie, les deux parties se sont accord\u00e9es \u00e0 reconna\u00eetre la n\u00e9cessit\u00e9 de poursuivre l&rsquo;effort d&rsquo;investissement dans la ressource humaine qui demeure le capital primordial\u00a0\u00bb, pr\u00e9cise-t-on de m\u00eame source.<\/p>\n<p>&#013;<\/p>\n<p>C&rsquo;est dans cet ordre d&rsquo;id\u00e9es qu&rsquo;il a \u00e9t\u00e9 convenu d'\u00a0\u00bbintensifier les \u00e9changes et la coop\u00e9ration entre les deux pays en mati\u00e8re de formation et de donner de la fluidit\u00e9 aux nombreuses initiatives qui sont prises en la mati\u00e8re en faveur du secteur\u00a0\u00bb.<\/p>\n<p>&#013;<\/p>\n<p>Mme Polaschik, qui rendait une visite de courtoisie et d&rsquo;adieu au ministre de la Communication, a renouvel\u00e9 \u00ab\u00a0son attachement et son amiti\u00e9 pour l&rsquo;Alg\u00e9rie qu&rsquo;elle entend \u0153uvrer \u00e0 faire mieux conna\u00eetre aux USA\u00a0\u00bb, car, a-t-elle, dit, \u00ab\u00a0l&rsquo;Alg\u00e9rie et les Alg\u00e9riens ont une tr\u00e8s belle histoire \u00e0 raconter au monde\u00a0\u00bb.<\/p>\n<p>&#013;<\/p>\n<p>\u00a0<\/p>\n<p>&#013;<\/p>\n<p style=\"text-align: center\"><strong>Kaouane et l&rsquo;ambassadeur du Canada examinent la coop\u00e9ration dans le domaine de la Communication<\/strong><\/p>\n<p>&#013;<\/p>\n<p>\u00a0<\/p>\n<p>&#013;<\/p>\n<p>Le ministre de la Communication, Djamel Kaouane, a re\u00e7u, lundi \u00e0 Alger, l&rsquo;ambassadeur du Canada, Mme Isabelle Roy, dans le cadre d&rsquo;une visite de courtoisie et d&rsquo;adieu durant laquelle les deux parties ont examin\u00e9 la coop\u00e9ration dans le domaine de la communication, indique un communiqu\u00e9 de ce minist\u00e8re.<\/p>\n<p>&#013;<\/p>\n<p>L&rsquo;entretien qui a permis de \u00ab\u00a0mettre en perspective des relations alg\u00e9ro-canadiennes prometteuses, du fait d\u2019une \u00e9lite alg\u00e9rienne de plus en plus importante au Canada, a \u00e9t\u00e9 l\u2019occasion de passer en revue les nombreuses affinit\u00e9s qui existent entre les deux pays et qui donnent leur chance \u00e0 des relations autrement plus intenses et plus fructueuses dans\u00a0 tous les domaines, et plus particuli\u00e8rement dans le domaine de la communication et de l\u2019information, la passerelle, par excellence\u00a0\u00bb, pr\u00e9cise la m\u00eame source.<\/p>\n<p>&#013;<\/p>\n<p class=\"MsoNormal\">Les deux parties \u00ab\u00a0ont convenu, d&rsquo;un commun accord, de la pertinence d\u2019une coop\u00e9ration ax\u00e9e essentiellement sur la formation dans le domaine de la presse et des m\u00e9dias, et ce du fait des bouleversements professionnels et technologiques que conna\u00eet le secteur de la communication\u00a0\u00bb, ajoute le communiqu\u00e9.<\/p>\n<\/div>\n<p>&#013;<br \/>\nSource: <a href=\"http:\/\/www.aps.dz\/algerie\/59145-kaouane-evoque-avec-l-ambassadeur-us-la-dynamisation-des-echanges-en-matiere-d-information\" target=\"_blank\">Kaouane \u00e9voque avec l&rsquo;ambassadeur US la dynamisation des \u00e9changes en mati\u00e8re d&rsquo;information<\/a><\/p>\n<!--CusAds0-->\n<div style=\"font-size: 0px; height: 0px; line-height: 0px; margin: 0; padding: 0; clear: both;\"><\/div>","protected":false},"excerpt":{"rendered":"<p>ALGER &#8211; Le ministre de la Communication, Djamel Kaouane, a re\u00e7u, lundi \u00e0 Alger, l&rsquo;ambassadeur des Etats-Unis d&rsquo;Am\u00e9rique, Joan A. Polaschik, avec laquelle il a \u00e9voqu\u00e9 les moyens de d\u00e9velopper et de dynamiser davantage les \u00e9changes entre les deux pays dans le domaine de la communication et de l&rsquo;information, indique un communiqu\u00e9 du minist\u00e8re de<\/p>\n","protected":false},"author":6,"featured_media":0,"comment_status":"open","ping_status":"open","sticky":false,"template":"","format":"standard","meta":{"footnotes":""},"categories":[22],"tags":[93],"class_list":["post-13360","post","type-post","status-publish","format-standard","hentry","category-infos","tag-onu"],"yoast_head":"<!-- This site is optimized with the Yoast SEO plugin v27.5 - https:\/\/yoast.com\/product\/yoast-seo-wordpress\/ -->\n<title>Kaouane \u00e9voque avec l&#039;ambassadeur US la dynamisation des \u00e9changes en mati\u00e8re d&#039;information - info algerie<\/title>\n<meta name=\"robots\" content=\"index, follow, max-snippet:-1, max-image-preview:large, max-video-preview:-1\" \/>\n<link rel=\"canonical\" href=\"https:\/\/www.info-algerie.com\/actualites\/kaouane-evoque-avec-lambassadeur-us-la-dynamisation-des-echanges-en-matiere-dinformation\/\" \/>\n<meta property=\"og:locale\" content=\"fr_FR\" \/>\n<meta property=\"og:type\" content=\"article\" \/>\n<meta property=\"og:title\" content=\"Kaouane \u00e9voque avec l&#039;ambassadeur US la dynamisation des \u00e9changes en mati\u00e8re d&#039;information - info algerie\" \/>\n<meta property=\"og:description\" content=\"ALGER &#8211; Le ministre de la Communication, Djamel Kaouane, a re\u00e7u, lundi \u00e0 Alger, l&rsquo;ambassadeur des Etats-Unis d&rsquo;Am\u00e9rique, Joan A. Polaschik, avec laquelle il a \u00e9voqu\u00e9 les moyens de d\u00e9velopper et de dynamiser davantage les \u00e9changes entre les deux pays dans le domaine de la communication et de l&rsquo;information, indique un communiqu\u00e9 du minist\u00e8re de\" \/>\n<meta property=\"og:url\" content=\"https:\/\/www.info-algerie.com\/actualites\/kaouane-evoque-avec-lambassadeur-us-la-dynamisation-des-echanges-en-matiere-dinformation\/\" \/>\n<meta property=\"og:site_name\" content=\"info algerie\" \/>\n<meta property=\"article:publisher\" content=\"https:\/\/www.facebook.com\/infoalgerieactu\" \/>\n<meta property=\"article:published_time\" content=\"2017-06-19T16:39:26+00:00\" \/>\n<meta name=\"author\" content=\"La r\u00e9daction\" \/>\n<meta name=\"twitter:label1\" content=\"\u00c9crit par\" \/>\n\t<meta name=\"twitter:data1\" content=\"La r\u00e9daction\" \/>\n\t<meta name=\"twitter:label2\" content=\"Dur\u00e9e de lecture estim\u00e9e\" \/>\n\t<meta name=\"twitter:data2\" content=\"2 minutes\" \/>\n<script type=\"application\/ld+json\" class=\"yoast-schema-graph\">{\"@context\":\"https:\\\/\\\/schema.org\",\"@graph\":[{\"@type\":\"Article\",\"@id\":\"https:\\\/\\\/www.info-algerie.com\\\/actualites\\\/kaouane-evoque-avec-lambassadeur-us-la-dynamisation-des-echanges-en-matiere-dinformation\\\/#article\",\"isPartOf\":{\"@id\":\"https:\\\/\\\/www.info-algerie.com\\\/actualites\\\/kaouane-evoque-avec-lambassadeur-us-la-dynamisation-des-echanges-en-matiere-dinformation\\\/\"},\"author\":{\"name\":\"La r\u00e9daction\",\"@id\":\"https:\\\/\\\/www.info-algerie.com\\\/actualites\\\/#\\\/schema\\\/person\\\/847aaec44920825b843a08f30ec6aa1e\"},\"headline\":\"Kaouane \u00e9voque avec l&#039;ambassadeur US la dynamisation des \u00e9changes en mati\u00e8re d&#039;information\",\"datePublished\":\"2017-06-19T16:39:26+00:00\",\"mainEntityOfPage\":{\"@id\":\"https:\\\/\\\/www.info-algerie.com\\\/actualites\\\/kaouane-evoque-avec-lambassadeur-us-la-dynamisation-des-echanges-en-matiere-dinformation\\\/\"},\"wordCount\":472,\"commentCount\":0,\"publisher\":{\"@id\":\"https:\\\/\\\/www.info-algerie.com\\\/actualites\\\/#organization\"},\"keywords\":[\"ONU\"],\"articleSection\":[\"infos\"],\"inLanguage\":\"fr-FR\",\"potentialAction\":[{\"@type\":\"CommentAction\",\"name\":\"Comment\",\"target\":[\"https:\\\/\\\/www.info-algerie.com\\\/actualites\\\/kaouane-evoque-avec-lambassadeur-us-la-dynamisation-des-echanges-en-matiere-dinformation\\\/#respond\"]}]},{\"@type\":\"WebPage\",\"@id\":\"https:\\\/\\\/www.info-algerie.com\\\/actualites\\\/kaouane-evoque-avec-lambassadeur-us-la-dynamisation-des-echanges-en-matiere-dinformation\\\/\",\"url\":\"https:\\\/\\\/www.info-algerie.com\\\/actualites\\\/kaouane-evoque-avec-lambassadeur-us-la-dynamisation-des-echanges-en-matiere-dinformation\\\/\",\"name\":\"Kaouane \u00e9voque avec l&#039;ambassadeur US la dynamisation des \u00e9changes en mati\u00e8re d&#039;information - info algerie\",\"isPartOf\":{\"@id\":\"https:\\\/\\\/www.info-algerie.com\\\/actualites\\\/#website\"},\"datePublished\":\"2017-06-19T16:39:26+00:00\",\"breadcrumb\":{\"@id\":\"https:\\\/\\\/www.info-algerie.com\\\/actualites\\\/kaouane-evoque-avec-lambassadeur-us-la-dynamisation-des-echanges-en-matiere-dinformation\\\/#breadcrumb\"},\"inLanguage\":\"fr-FR\",\"potentialAction\":[{\"@type\":\"ReadAction\",\"target\":[\"https:\\\/\\\/www.info-algerie.com\\\/actualites\\\/kaouane-evoque-avec-lambassadeur-us-la-dynamisation-des-echanges-en-matiere-dinformation\\\/\"]}]},{\"@type\":\"BreadcrumbList\",\"@id\":\"https:\\\/\\\/www.info-algerie.com\\\/actualites\\\/kaouane-evoque-avec-lambassadeur-us-la-dynamisation-des-echanges-en-matiere-dinformation\\\/#breadcrumb\",\"itemListElement\":[{\"@type\":\"ListItem\",\"position\":1,\"name\":\"Accueil\",\"item\":\"https:\\\/\\\/www.info-algerie.com\\\/actualites\\\/\"},{\"@type\":\"ListItem\",\"position\":2,\"name\":\"Kaouane \u00e9voque avec l&#039;ambassadeur US la dynamisation des \u00e9changes en mati\u00e8re d&#039;information\"}]},{\"@type\":\"WebSite\",\"@id\":\"https:\\\/\\\/www.info-algerie.com\\\/actualites\\\/#website\",\"url\":\"https:\\\/\\\/www.info-algerie.com\\\/actualites\\\/\",\"name\":\"info algerie\",\"description\":\"Toutes les actualit\u00e9s\",\"publisher\":{\"@id\":\"https:\\\/\\\/www.info-algerie.com\\\/actualites\\\/#organization\"},\"potentialAction\":[{\"@type\":\"SearchAction\",\"target\":{\"@type\":\"EntryPoint\",\"urlTemplate\":\"https:\\\/\\\/www.info-algerie.com\\\/actualites\\\/?s={search_term_string}\"},\"query-input\":{\"@type\":\"PropertyValueSpecification\",\"valueRequired\":true,\"valueName\":\"search_term_string\"}}],\"inLanguage\":\"fr-FR\"},{\"@type\":\"Organization\",\"@id\":\"https:\\\/\\\/www.info-algerie.com\\\/actualites\\\/#organization\",\"name\":\"info algerie\",\"url\":\"https:\\\/\\\/www.info-algerie.com\\\/actualites\\\/\",\"logo\":{\"@type\":\"ImageObject\",\"inLanguage\":\"fr-FR\",\"@id\":\"https:\\\/\\\/www.info-algerie.com\\\/actualites\\\/#\\\/schema\\\/logo\\\/image\\\/\",\"url\":\"https:\\\/\\\/www.info-algerie.com\\\/actualites\\\/wp-content\\\/uploads\\\/2022\\\/07\\\/logo-ia-120.png\",\"contentUrl\":\"https:\\\/\\\/www.info-algerie.com\\\/actualites\\\/wp-content\\\/uploads\\\/2022\\\/07\\\/logo-ia-120.png\",\"width\":120,\"height\":43,\"caption\":\"info algerie\"},\"image\":{\"@id\":\"https:\\\/\\\/www.info-algerie.com\\\/actualites\\\/#\\\/schema\\\/logo\\\/image\\\/\"},\"sameAs\":[\"https:\\\/\\\/www.facebook.com\\\/infoalgerieactu\",\"https:\\\/\\\/x.com\\\/infoalgerie1\"]},{\"@type\":\"Person\",\"@id\":\"https:\\\/\\\/www.info-algerie.com\\\/actualites\\\/#\\\/schema\\\/person\\\/847aaec44920825b843a08f30ec6aa1e\",\"name\":\"La r\u00e9daction\",\"image\":{\"@type\":\"ImageObject\",\"inLanguage\":\"fr-FR\",\"@id\":\"https:\\\/\\\/secure.gravatar.com\\\/avatar\\\/769db425c6f465158149f1ffd6cf61ce7a8a879d11dfbef8288af36dfddd418c?s=96&d=mm&r=g\",\"url\":\"https:\\\/\\\/secure.gravatar.com\\\/avatar\\\/769db425c6f465158149f1ffd6cf61ce7a8a879d11dfbef8288af36dfddd418c?s=96&d=mm&r=g\",\"contentUrl\":\"https:\\\/\\\/secure.gravatar.com\\\/avatar\\\/769db425c6f465158149f1ffd6cf61ce7a8a879d11dfbef8288af36dfddd418c?s=96&d=mm&r=g\",\"caption\":\"La r\u00e9daction\"},\"sameAs\":[\"http:\\\/\\\/www.lkeria.com\\\/\"],\"url\":\"https:\\\/\\\/www.info-algerie.com\\\/actualites\\\/author\\\/chakib32\\\/\"}]}<\/script>\n<!-- \/ Yoast SEO plugin. -->","yoast_head_json":{"title":"Kaouane \u00e9voque avec l&#039;ambassadeur US la dynamisation des \u00e9changes en mati\u00e8re d&#039;information - info algerie","robots":{"index":"index","follow":"follow","max-snippet":"max-snippet:-1","max-image-preview":"max-image-preview:large","max-video-preview":"max-video-preview:-1"},"canonical":"https:\/\/www.info-algerie.com\/actualites\/kaouane-evoque-avec-lambassadeur-us-la-dynamisation-des-echanges-en-matiere-dinformation\/","og_locale":"fr_FR","og_type":"article","og_title":"Kaouane \u00e9voque avec l&#039;ambassadeur US la dynamisation des \u00e9changes en mati\u00e8re d&#039;information - info algerie","og_description":"ALGER &#8211; Le ministre de la Communication, Djamel Kaouane, a re\u00e7u, lundi \u00e0 Alger, l&rsquo;ambassadeur des Etats-Unis d&rsquo;Am\u00e9rique, Joan A. Polaschik, avec laquelle il a \u00e9voqu\u00e9 les moyens de d\u00e9velopper et de dynamiser davantage les \u00e9changes entre les deux pays dans le domaine de la communication et de l&rsquo;information, indique un communiqu\u00e9 du minist\u00e8re de","og_url":"https:\/\/www.info-algerie.com\/actualites\/kaouane-evoque-avec-lambassadeur-us-la-dynamisation-des-echanges-en-matiere-dinformation\/","og_site_name":"info algerie","article_publisher":"https:\/\/www.facebook.com\/infoalgerieactu","article_published_time":"2017-06-19T16:39:26+00:00","author":"La r\u00e9daction","twitter_misc":{"\u00c9crit par":"La r\u00e9daction","Dur\u00e9e de lecture estim\u00e9e":"2 minutes"},"schema":{"@context":"https:\/\/schema.org","@graph":[{"@type":"Article","@id":"https:\/\/www.info-algerie.com\/actualites\/kaouane-evoque-avec-lambassadeur-us-la-dynamisation-des-echanges-en-matiere-dinformation\/#article","isPartOf":{"@id":"https:\/\/www.info-algerie.com\/actualites\/kaouane-evoque-avec-lambassadeur-us-la-dynamisation-des-echanges-en-matiere-dinformation\/"},"author":{"name":"La r\u00e9daction","@id":"https:\/\/www.info-algerie.com\/actualites\/#\/schema\/person\/847aaec44920825b843a08f30ec6aa1e"},"headline":"Kaouane \u00e9voque avec l&#039;ambassadeur US la dynamisation des \u00e9changes en mati\u00e8re d&#039;information","datePublished":"2017-06-19T16:39:26+00:00","mainEntityOfPage":{"@id":"https:\/\/www.info-algerie.com\/actualites\/kaouane-evoque-avec-lambassadeur-us-la-dynamisation-des-echanges-en-matiere-dinformation\/"},"wordCount":472,"commentCount":0,"publisher":{"@id":"https:\/\/www.info-algerie.com\/actualites\/#organization"},"keywords":["ONU"],"articleSection":["infos"],"inLanguage":"fr-FR","potentialAction":[{"@type":"CommentAction","name":"Comment","target":["https:\/\/www.info-algerie.com\/actualites\/kaouane-evoque-avec-lambassadeur-us-la-dynamisation-des-echanges-en-matiere-dinformation\/#respond"]}]},{"@type":"WebPage","@id":"https:\/\/www.info-algerie.com\/actualites\/kaouane-evoque-avec-lambassadeur-us-la-dynamisation-des-echanges-en-matiere-dinformation\/","url":"https:\/\/www.info-algerie.com\/actualites\/kaouane-evoque-avec-lambassadeur-us-la-dynamisation-des-echanges-en-matiere-dinformation\/","name":"Kaouane \u00e9voque avec l&#039;ambassadeur US la dynamisation des \u00e9changes en mati\u00e8re d&#039;information - info algerie","isPartOf":{"@id":"https:\/\/www.info-algerie.com\/actualites\/#website"},"datePublished":"2017-06-19T16:39:26+00:00","breadcrumb":{"@id":"https:\/\/www.info-algerie.com\/actualites\/kaouane-evoque-avec-lambassadeur-us-la-dynamisation-des-echanges-en-matiere-dinformation\/#breadcrumb"},"inLanguage":"fr-FR","potentialAction":[{"@type":"ReadAction","target":["https:\/\/www.info-algerie.com\/actualites\/kaouane-evoque-avec-lambassadeur-us-la-dynamisation-des-echanges-en-matiere-dinformation\/"]}]},{"@type":"BreadcrumbList","@id":"https:\/\/www.info-algerie.com\/actualites\/kaouane-evoque-avec-lambassadeur-us-la-dynamisation-des-echanges-en-matiere-dinformation\/#breadcrumb","itemListElement":[{"@type":"ListItem","position":1,"name":"Accueil","item":"https:\/\/www.info-algerie.com\/actualites\/"},{"@type":"ListItem","position":2,"name":"Kaouane \u00e9voque avec l&#039;ambassadeur US la dynamisation des \u00e9changes en mati\u00e8re d&#039;information"}]},{"@type":"WebSite","@id":"https:\/\/www.info-algerie.com\/actualites\/#website","url":"https:\/\/www.info-algerie.com\/actualites\/","name":"info algerie","description":"Toutes les actualit\u00e9s","publisher":{"@id":"https:\/\/www.info-algerie.com\/actualites\/#organization"},"potentialAction":[{"@type":"SearchAction","target":{"@type":"EntryPoint","urlTemplate":"https:\/\/www.info-algerie.com\/actualites\/?s={search_term_string}"},"query-input":{"@type":"PropertyValueSpecification","valueRequired":true,"valueName":"search_term_string"}}],"inLanguage":"fr-FR"},{"@type":"Organization","@id":"https:\/\/www.info-algerie.com\/actualites\/#organization","name":"info algerie","url":"https:\/\/www.info-algerie.com\/actualites\/","logo":{"@type":"ImageObject","inLanguage":"fr-FR","@id":"https:\/\/www.info-algerie.com\/actualites\/#\/schema\/logo\/image\/","url":"https:\/\/www.info-algerie.com\/actualites\/wp-content\/uploads\/2022\/07\/logo-ia-120.png","contentUrl":"https:\/\/www.info-algerie.com\/actualites\/wp-content\/uploads\/2022\/07\/logo-ia-120.png","width":120,"height":43,"caption":"info algerie"},"image":{"@id":"https:\/\/www.info-algerie.com\/actualites\/#\/schema\/logo\/image\/"},"sameAs":["https:\/\/www.facebook.com\/infoalgerieactu","https:\/\/x.com\/infoalgerie1"]},{"@type":"Person","@id":"https:\/\/www.info-algerie.com\/actualites\/#\/schema\/person\/847aaec44920825b843a08f30ec6aa1e","name":"La r\u00e9daction","image":{"@type":"ImageObject","inLanguage":"fr-FR","@id":"https:\/\/secure.gravatar.com\/avatar\/769db425c6f465158149f1ffd6cf61ce7a8a879d11dfbef8288af36dfddd418c?s=96&d=mm&r=g","url":"https:\/\/secure.gravatar.com\/avatar\/769db425c6f465158149f1ffd6cf61ce7a8a879d11dfbef8288af36dfddd418c?s=96&d=mm&r=g","contentUrl":"https:\/\/secure.gravatar.com\/avatar\/769db425c6f465158149f1ffd6cf61ce7a8a879d11dfbef8288af36dfddd418c?s=96&d=mm&r=g","caption":"La r\u00e9daction"},"sameAs":["http:\/\/www.lkeria.com\/"],"url":"https:\/\/www.info-algerie.com\/actualites\/author\/chakib32\/"}]}},"_links":{"self":[{"href":"https:\/\/www.info-algerie.com\/actualites\/wp-json\/wp\/v2\/posts\/13360","targetHints":{"allow":["GET"]}}],"collection":[{"href":"https:\/\/www.info-algerie.com\/actualites\/wp-json\/wp\/v2\/posts"}],"about":[{"href":"https:\/\/www.info-algerie.com\/actualites\/wp-json\/wp\/v2\/types\/post"}],"author":[{"embeddable":true,"href":"https:\/\/www.info-algerie.com\/actualites\/wp-json\/wp\/v2\/users\/6"}],"replies":[{"embeddable":true,"href":"https:\/\/www.info-algerie.com\/actualites\/wp-json\/wp\/v2\/comments?post=13360"}],"version-history":[{"count":0,"href":"https:\/\/www.info-algerie.com\/actualites\/wp-json\/wp\/v2\/posts\/13360\/revisions"}],"wp:attachment":[{"href":"https:\/\/www.info-algerie.com\/actualites\/wp-json\/wp\/v2\/media?parent=13360"}],"wp:term":[{"taxonomy":"category","embeddable":true,"href":"https:\/\/www.info-algerie.com\/actualites\/wp-json\/wp\/v2\/categories?post=13360"},{"taxonomy":"post_tag","embeddable":true,"href":"https:\/\/www.info-algerie.com\/actualites\/wp-json\/wp\/v2\/tags?post=13360"}],"curies":[{"name":"wp","href":"https:\/\/api.w.org\/{rel}","templated":true}]}}