{"id":13368,"date":"2017-06-20T13:14:59","date_gmt":"2017-06-20T12:14:59","guid":{"rendered":"http:\/\/www.info-algerie.com\/actualites\/le-president-bouteflika-retire-sa-plainte-pour-diffamation-contre-le-journal-le-monde\/"},"modified":"2017-06-20T13:14:59","modified_gmt":"2017-06-20T12:14:59","slug":"le-president-bouteflika-retire-sa-plainte-pour-diffamation-contre-le-journal-le-monde","status":"publish","type":"post","link":"https:\/\/www.info-algerie.com\/actualites\/le-president-bouteflika-retire-sa-plainte-pour-diffamation-contre-le-journal-le-monde\/","title":{"rendered":"Le pr\u00e9sident Bouteflika retire sa plainte pour diffamation contre le journal le Monde"},"content":{"rendered":"<div class=\"K2FeedImage\"><img decoding=\"async\" src=\"https:\/\/www.info-algerie.com\/actualites\/wp-content\/uploads\/2017\/06\/968ee83654aaffbf9b90f2b939484d12_S.jpg\" alt=\"Le pr&#xE9;sident Bouteflika retire sa plainte pour diffamation contre le journal le Monde\" \/><\/div>\n<div class=\"K2FeedIntroText\">\n<p class=\"MsoNoSpacing\">PARIS- Le pr\u00e9sident de la R\u00e9publique, Abdelaziz Bouteflika, a retir\u00e9 sa plainte pour diffamation contre le journal fran\u00e7ais Le Monde, ont annonc\u00e9 mardi les avocats Chems-eddine Hafiz et Basile Ader lors du proc\u00e8s au Tribunal correctionnel de Paris.<\/p>\n<p>&#013;\n<\/p><\/div>\n<div class=\"K2FeedFullText\">&#013;<\/p>\n<p>\u00a0<\/p>\n<p>&#013;<\/p>\n<p class=\"MsoNoSpacing\">Le dossier \u00e9tait\u00a0 bien ficel\u00e9 et le proc\u00e8s \u00e9tait gagn\u00e9 d\u2019avance par le plaignant, ont pr\u00e9cis\u00e9 les avocats \u00e0 la presse qui ont relev\u00e9 le geste fort du pr\u00e9sident de la R\u00e9publique en direction de la presse, particuli\u00e8rement\u00a0 pour le Monde.<\/p>\n<\/div>\n<p>&#013;<br \/>\nSource: <a href=\"http:\/\/www.aps.dz\/algerie\/59171-le-president-bouteflika-retire-sa-plainte-pour-diffamation-contre-le-journal-le-monde\" target=\"_blank\">Le pr\u00e9sident Bouteflika retire sa plainte pour diffamation contre le journal le Monde<\/a><\/p>\n<!--CusAds0-->\n<div style=\"font-size: 0px; height: 0px; line-height: 0px; margin: 0; padding: 0; clear: both;\"><\/div>","protected":false},"excerpt":{"rendered":"<p>PARIS- Le pr\u00e9sident de la R\u00e9publique, Abdelaziz Bouteflika, a retir\u00e9 sa plainte pour diffamation contre le journal fran\u00e7ais Le Monde, ont annonc\u00e9 mardi les avocats Chems-eddine Hafiz et Basile Ader lors du proc\u00e8s au Tribunal correctionnel de Paris. &#013; &#013; \u00a0 &#013; Le dossier \u00e9tait\u00a0 bien ficel\u00e9 et le proc\u00e8s \u00e9tait gagn\u00e9 d\u2019avance par le<\/p>\n","protected":false},"author":6,"featured_media":13369,"comment_status":"open","ping_status":"open","sticky":false,"template":"","format":"standard","meta":{"footnotes":""},"categories":[22],"tags":[93],"class_list":["post-13368","post","type-post","status-publish","format-standard","has-post-thumbnail","hentry","category-infos","tag-onu"],"yoast_head":"<!-- This site is optimized with the Yoast SEO plugin v27.5 - https:\/\/yoast.com\/product\/yoast-seo-wordpress\/ -->\n<title>Le pr\u00e9sident Bouteflika retire sa plainte pour diffamation contre le journal le Monde - info algerie<\/title>\n<meta name=\"robots\" content=\"index, follow, max-snippet:-1, max-image-preview:large, max-video-preview:-1\" \/>\n<link rel=\"canonical\" href=\"https:\/\/www.info-algerie.com\/actualites\/le-president-bouteflika-retire-sa-plainte-pour-diffamation-contre-le-journal-le-monde\/\" \/>\n<meta property=\"og:locale\" content=\"fr_FR\" \/>\n<meta property=\"og:type\" content=\"article\" \/>\n<meta property=\"og:title\" content=\"Le pr\u00e9sident Bouteflika retire sa plainte pour diffamation contre le journal le Monde - info algerie\" \/>\n<meta property=\"og:description\" content=\"PARIS- Le pr\u00e9sident de la R\u00e9publique, Abdelaziz Bouteflika, a retir\u00e9 sa plainte pour diffamation contre le journal fran\u00e7ais Le Monde, ont annonc\u00e9 mardi les avocats Chems-eddine Hafiz et Basile Ader lors du proc\u00e8s au Tribunal correctionnel de Paris. &#013; &#013; \u00a0 &#013; Le dossier \u00e9tait\u00a0 bien ficel\u00e9 et le proc\u00e8s \u00e9tait gagn\u00e9 d\u2019avance par le\" \/>\n<meta property=\"og:url\" content=\"https:\/\/www.info-algerie.com\/actualites\/le-president-bouteflika-retire-sa-plainte-pour-diffamation-contre-le-journal-le-monde\/\" \/>\n<meta property=\"og:site_name\" content=\"info algerie\" \/>\n<meta property=\"article:publisher\" content=\"https:\/\/www.facebook.com\/infoalgerieactu\" \/>\n<meta property=\"article:published_time\" content=\"2017-06-20T12:14:59+00:00\" \/>\n<meta property=\"og:image\" content=\"https:\/\/www.info-algerie.com\/actualites\/wp-content\/uploads\/2017\/06\/968ee83654aaffbf9b90f2b939484d12_S-1.jpg\" \/>\n\t<meta property=\"og:image:width\" content=\"280\" \/>\n\t<meta property=\"og:image:height\" content=\"174\" \/>\n\t<meta property=\"og:image:type\" content=\"image\/jpeg\" \/>\n<meta name=\"author\" content=\"La r\u00e9daction\" \/>\n<meta name=\"twitter:label1\" content=\"\u00c9crit par\" \/>\n\t<meta name=\"twitter:data1\" content=\"La r\u00e9daction\" \/>\n\t<meta name=\"twitter:label2\" content=\"Dur\u00e9e de lecture estim\u00e9e\" \/>\n\t<meta name=\"twitter:data2\" content=\"1 minute\" \/>\n<script type=\"application\/ld+json\" class=\"yoast-schema-graph\">{\"@context\":\"https:\\\/\\\/schema.org\",\"@graph\":[{\"@type\":\"Article\",\"@id\":\"https:\\\/\\\/www.info-algerie.com\\\/actualites\\\/le-president-bouteflika-retire-sa-plainte-pour-diffamation-contre-le-journal-le-monde\\\/#article\",\"isPartOf\":{\"@id\":\"https:\\\/\\\/www.info-algerie.com\\\/actualites\\\/le-president-bouteflika-retire-sa-plainte-pour-diffamation-contre-le-journal-le-monde\\\/\"},\"author\":{\"name\":\"La r\u00e9daction\",\"@id\":\"https:\\\/\\\/www.info-algerie.com\\\/actualites\\\/#\\\/schema\\\/person\\\/847aaec44920825b843a08f30ec6aa1e\"},\"headline\":\"Le pr\u00e9sident Bouteflika retire sa plainte pour diffamation contre le journal le Monde\",\"datePublished\":\"2017-06-20T12:14:59+00:00\",\"mainEntityOfPage\":{\"@id\":\"https:\\\/\\\/www.info-algerie.com\\\/actualites\\\/le-president-bouteflika-retire-sa-plainte-pour-diffamation-contre-le-journal-le-monde\\\/\"},\"wordCount\":117,\"commentCount\":0,\"publisher\":{\"@id\":\"https:\\\/\\\/www.info-algerie.com\\\/actualites\\\/#organization\"},\"image\":{\"@id\":\"https:\\\/\\\/www.info-algerie.com\\\/actualites\\\/le-president-bouteflika-retire-sa-plainte-pour-diffamation-contre-le-journal-le-monde\\\/#primaryimage\"},\"thumbnailUrl\":\"https:\\\/\\\/www.info-algerie.com\\\/actualites\\\/wp-content\\\/uploads\\\/2017\\\/06\\\/968ee83654aaffbf9b90f2b939484d12_S-1.jpg\",\"keywords\":[\"ONU\"],\"articleSection\":[\"infos\"],\"inLanguage\":\"fr-FR\",\"potentialAction\":[{\"@type\":\"CommentAction\",\"name\":\"Comment\",\"target\":[\"https:\\\/\\\/www.info-algerie.com\\\/actualites\\\/le-president-bouteflika-retire-sa-plainte-pour-diffamation-contre-le-journal-le-monde\\\/#respond\"]}]},{\"@type\":\"WebPage\",\"@id\":\"https:\\\/\\\/www.info-algerie.com\\\/actualites\\\/le-president-bouteflika-retire-sa-plainte-pour-diffamation-contre-le-journal-le-monde\\\/\",\"url\":\"https:\\\/\\\/www.info-algerie.com\\\/actualites\\\/le-president-bouteflika-retire-sa-plainte-pour-diffamation-contre-le-journal-le-monde\\\/\",\"name\":\"Le pr\u00e9sident Bouteflika retire sa plainte pour diffamation contre le journal le Monde - info algerie\",\"isPartOf\":{\"@id\":\"https:\\\/\\\/www.info-algerie.com\\\/actualites\\\/#website\"},\"primaryImageOfPage\":{\"@id\":\"https:\\\/\\\/www.info-algerie.com\\\/actualites\\\/le-president-bouteflika-retire-sa-plainte-pour-diffamation-contre-le-journal-le-monde\\\/#primaryimage\"},\"image\":{\"@id\":\"https:\\\/\\\/www.info-algerie.com\\\/actualites\\\/le-president-bouteflika-retire-sa-plainte-pour-diffamation-contre-le-journal-le-monde\\\/#primaryimage\"},\"thumbnailUrl\":\"https:\\\/\\\/www.info-algerie.com\\\/actualites\\\/wp-content\\\/uploads\\\/2017\\\/06\\\/968ee83654aaffbf9b90f2b939484d12_S-1.jpg\",\"datePublished\":\"2017-06-20T12:14:59+00:00\",\"breadcrumb\":{\"@id\":\"https:\\\/\\\/www.info-algerie.com\\\/actualites\\\/le-president-bouteflika-retire-sa-plainte-pour-diffamation-contre-le-journal-le-monde\\\/#breadcrumb\"},\"inLanguage\":\"fr-FR\",\"potentialAction\":[{\"@type\":\"ReadAction\",\"target\":[\"https:\\\/\\\/www.info-algerie.com\\\/actualites\\\/le-president-bouteflika-retire-sa-plainte-pour-diffamation-contre-le-journal-le-monde\\\/\"]}]},{\"@type\":\"ImageObject\",\"inLanguage\":\"fr-FR\",\"@id\":\"https:\\\/\\\/www.info-algerie.com\\\/actualites\\\/le-president-bouteflika-retire-sa-plainte-pour-diffamation-contre-le-journal-le-monde\\\/#primaryimage\",\"url\":\"https:\\\/\\\/www.info-algerie.com\\\/actualites\\\/wp-content\\\/uploads\\\/2017\\\/06\\\/968ee83654aaffbf9b90f2b939484d12_S-1.jpg\",\"contentUrl\":\"https:\\\/\\\/www.info-algerie.com\\\/actualites\\\/wp-content\\\/uploads\\\/2017\\\/06\\\/968ee83654aaffbf9b90f2b939484d12_S-1.jpg\",\"width\":280,\"height\":174},{\"@type\":\"BreadcrumbList\",\"@id\":\"https:\\\/\\\/www.info-algerie.com\\\/actualites\\\/le-president-bouteflika-retire-sa-plainte-pour-diffamation-contre-le-journal-le-monde\\\/#breadcrumb\",\"itemListElement\":[{\"@type\":\"ListItem\",\"position\":1,\"name\":\"Accueil\",\"item\":\"https:\\\/\\\/www.info-algerie.com\\\/actualites\\\/\"},{\"@type\":\"ListItem\",\"position\":2,\"name\":\"Le pr\u00e9sident Bouteflika retire sa plainte pour diffamation contre le journal le Monde\"}]},{\"@type\":\"WebSite\",\"@id\":\"https:\\\/\\\/www.info-algerie.com\\\/actualites\\\/#website\",\"url\":\"https:\\\/\\\/www.info-algerie.com\\\/actualites\\\/\",\"name\":\"info algerie\",\"description\":\"Toutes les actualit\u00e9s\",\"publisher\":{\"@id\":\"https:\\\/\\\/www.info-algerie.com\\\/actualites\\\/#organization\"},\"potentialAction\":[{\"@type\":\"SearchAction\",\"target\":{\"@type\":\"EntryPoint\",\"urlTemplate\":\"https:\\\/\\\/www.info-algerie.com\\\/actualites\\\/?s={search_term_string}\"},\"query-input\":{\"@type\":\"PropertyValueSpecification\",\"valueRequired\":true,\"valueName\":\"search_term_string\"}}],\"inLanguage\":\"fr-FR\"},{\"@type\":\"Organization\",\"@id\":\"https:\\\/\\\/www.info-algerie.com\\\/actualites\\\/#organization\",\"name\":\"info algerie\",\"url\":\"https:\\\/\\\/www.info-algerie.com\\\/actualites\\\/\",\"logo\":{\"@type\":\"ImageObject\",\"inLanguage\":\"fr-FR\",\"@id\":\"https:\\\/\\\/www.info-algerie.com\\\/actualites\\\/#\\\/schema\\\/logo\\\/image\\\/\",\"url\":\"https:\\\/\\\/www.info-algerie.com\\\/actualites\\\/wp-content\\\/uploads\\\/2022\\\/07\\\/logo-ia-120.png\",\"contentUrl\":\"https:\\\/\\\/www.info-algerie.com\\\/actualites\\\/wp-content\\\/uploads\\\/2022\\\/07\\\/logo-ia-120.png\",\"width\":120,\"height\":43,\"caption\":\"info algerie\"},\"image\":{\"@id\":\"https:\\\/\\\/www.info-algerie.com\\\/actualites\\\/#\\\/schema\\\/logo\\\/image\\\/\"},\"sameAs\":[\"https:\\\/\\\/www.facebook.com\\\/infoalgerieactu\",\"https:\\\/\\\/x.com\\\/infoalgerie1\"]},{\"@type\":\"Person\",\"@id\":\"https:\\\/\\\/www.info-algerie.com\\\/actualites\\\/#\\\/schema\\\/person\\\/847aaec44920825b843a08f30ec6aa1e\",\"name\":\"La r\u00e9daction\",\"image\":{\"@type\":\"ImageObject\",\"inLanguage\":\"fr-FR\",\"@id\":\"https:\\\/\\\/secure.gravatar.com\\\/avatar\\\/769db425c6f465158149f1ffd6cf61ce7a8a879d11dfbef8288af36dfddd418c?s=96&d=mm&r=g\",\"url\":\"https:\\\/\\\/secure.gravatar.com\\\/avatar\\\/769db425c6f465158149f1ffd6cf61ce7a8a879d11dfbef8288af36dfddd418c?s=96&d=mm&r=g\",\"contentUrl\":\"https:\\\/\\\/secure.gravatar.com\\\/avatar\\\/769db425c6f465158149f1ffd6cf61ce7a8a879d11dfbef8288af36dfddd418c?s=96&d=mm&r=g\",\"caption\":\"La r\u00e9daction\"},\"sameAs\":[\"http:\\\/\\\/www.lkeria.com\\\/\"],\"url\":\"https:\\\/\\\/www.info-algerie.com\\\/actualites\\\/author\\\/chakib32\\\/\"}]}<\/script>\n<!-- \/ Yoast SEO plugin. -->","yoast_head_json":{"title":"Le pr\u00e9sident Bouteflika retire sa plainte pour diffamation contre le journal le Monde - info algerie","robots":{"index":"index","follow":"follow","max-snippet":"max-snippet:-1","max-image-preview":"max-image-preview:large","max-video-preview":"max-video-preview:-1"},"canonical":"https:\/\/www.info-algerie.com\/actualites\/le-president-bouteflika-retire-sa-plainte-pour-diffamation-contre-le-journal-le-monde\/","og_locale":"fr_FR","og_type":"article","og_title":"Le pr\u00e9sident Bouteflika retire sa plainte pour diffamation contre le journal le Monde - info algerie","og_description":"PARIS- Le pr\u00e9sident de la R\u00e9publique, Abdelaziz Bouteflika, a retir\u00e9 sa plainte pour diffamation contre le journal fran\u00e7ais Le Monde, ont annonc\u00e9 mardi les avocats Chems-eddine Hafiz et Basile Ader lors du proc\u00e8s au Tribunal correctionnel de Paris. &#013; &#013; \u00a0 &#013; Le dossier \u00e9tait\u00a0 bien ficel\u00e9 et le proc\u00e8s \u00e9tait gagn\u00e9 d\u2019avance par le","og_url":"https:\/\/www.info-algerie.com\/actualites\/le-president-bouteflika-retire-sa-plainte-pour-diffamation-contre-le-journal-le-monde\/","og_site_name":"info algerie","article_publisher":"https:\/\/www.facebook.com\/infoalgerieactu","article_published_time":"2017-06-20T12:14:59+00:00","og_image":[{"width":280,"height":174,"url":"https:\/\/www.info-algerie.com\/actualites\/wp-content\/uploads\/2017\/06\/968ee83654aaffbf9b90f2b939484d12_S-1.jpg","type":"image\/jpeg"}],"author":"La r\u00e9daction","twitter_misc":{"\u00c9crit par":"La r\u00e9daction","Dur\u00e9e de lecture estim\u00e9e":"1 minute"},"schema":{"@context":"https:\/\/schema.org","@graph":[{"@type":"Article","@id":"https:\/\/www.info-algerie.com\/actualites\/le-president-bouteflika-retire-sa-plainte-pour-diffamation-contre-le-journal-le-monde\/#article","isPartOf":{"@id":"https:\/\/www.info-algerie.com\/actualites\/le-president-bouteflika-retire-sa-plainte-pour-diffamation-contre-le-journal-le-monde\/"},"author":{"name":"La r\u00e9daction","@id":"https:\/\/www.info-algerie.com\/actualites\/#\/schema\/person\/847aaec44920825b843a08f30ec6aa1e"},"headline":"Le pr\u00e9sident Bouteflika retire sa plainte pour diffamation contre le journal le Monde","datePublished":"2017-06-20T12:14:59+00:00","mainEntityOfPage":{"@id":"https:\/\/www.info-algerie.com\/actualites\/le-president-bouteflika-retire-sa-plainte-pour-diffamation-contre-le-journal-le-monde\/"},"wordCount":117,"commentCount":0,"publisher":{"@id":"https:\/\/www.info-algerie.com\/actualites\/#organization"},"image":{"@id":"https:\/\/www.info-algerie.com\/actualites\/le-president-bouteflika-retire-sa-plainte-pour-diffamation-contre-le-journal-le-monde\/#primaryimage"},"thumbnailUrl":"https:\/\/www.info-algerie.com\/actualites\/wp-content\/uploads\/2017\/06\/968ee83654aaffbf9b90f2b939484d12_S-1.jpg","keywords":["ONU"],"articleSection":["infos"],"inLanguage":"fr-FR","potentialAction":[{"@type":"CommentAction","name":"Comment","target":["https:\/\/www.info-algerie.com\/actualites\/le-president-bouteflika-retire-sa-plainte-pour-diffamation-contre-le-journal-le-monde\/#respond"]}]},{"@type":"WebPage","@id":"https:\/\/www.info-algerie.com\/actualites\/le-president-bouteflika-retire-sa-plainte-pour-diffamation-contre-le-journal-le-monde\/","url":"https:\/\/www.info-algerie.com\/actualites\/le-president-bouteflika-retire-sa-plainte-pour-diffamation-contre-le-journal-le-monde\/","name":"Le pr\u00e9sident Bouteflika retire sa plainte pour diffamation contre le journal le Monde - info algerie","isPartOf":{"@id":"https:\/\/www.info-algerie.com\/actualites\/#website"},"primaryImageOfPage":{"@id":"https:\/\/www.info-algerie.com\/actualites\/le-president-bouteflika-retire-sa-plainte-pour-diffamation-contre-le-journal-le-monde\/#primaryimage"},"image":{"@id":"https:\/\/www.info-algerie.com\/actualites\/le-president-bouteflika-retire-sa-plainte-pour-diffamation-contre-le-journal-le-monde\/#primaryimage"},"thumbnailUrl":"https:\/\/www.info-algerie.com\/actualites\/wp-content\/uploads\/2017\/06\/968ee83654aaffbf9b90f2b939484d12_S-1.jpg","datePublished":"2017-06-20T12:14:59+00:00","breadcrumb":{"@id":"https:\/\/www.info-algerie.com\/actualites\/le-president-bouteflika-retire-sa-plainte-pour-diffamation-contre-le-journal-le-monde\/#breadcrumb"},"inLanguage":"fr-FR","potentialAction":[{"@type":"ReadAction","target":["https:\/\/www.info-algerie.com\/actualites\/le-president-bouteflika-retire-sa-plainte-pour-diffamation-contre-le-journal-le-monde\/"]}]},{"@type":"ImageObject","inLanguage":"fr-FR","@id":"https:\/\/www.info-algerie.com\/actualites\/le-president-bouteflika-retire-sa-plainte-pour-diffamation-contre-le-journal-le-monde\/#primaryimage","url":"https:\/\/www.info-algerie.com\/actualites\/wp-content\/uploads\/2017\/06\/968ee83654aaffbf9b90f2b939484d12_S-1.jpg","contentUrl":"https:\/\/www.info-algerie.com\/actualites\/wp-content\/uploads\/2017\/06\/968ee83654aaffbf9b90f2b939484d12_S-1.jpg","width":280,"height":174},{"@type":"BreadcrumbList","@id":"https:\/\/www.info-algerie.com\/actualites\/le-president-bouteflika-retire-sa-plainte-pour-diffamation-contre-le-journal-le-monde\/#breadcrumb","itemListElement":[{"@type":"ListItem","position":1,"name":"Accueil","item":"https:\/\/www.info-algerie.com\/actualites\/"},{"@type":"ListItem","position":2,"name":"Le pr\u00e9sident Bouteflika retire sa plainte pour diffamation contre le journal le Monde"}]},{"@type":"WebSite","@id":"https:\/\/www.info-algerie.com\/actualites\/#website","url":"https:\/\/www.info-algerie.com\/actualites\/","name":"info algerie","description":"Toutes les actualit\u00e9s","publisher":{"@id":"https:\/\/www.info-algerie.com\/actualites\/#organization"},"potentialAction":[{"@type":"SearchAction","target":{"@type":"EntryPoint","urlTemplate":"https:\/\/www.info-algerie.com\/actualites\/?s={search_term_string}"},"query-input":{"@type":"PropertyValueSpecification","valueRequired":true,"valueName":"search_term_string"}}],"inLanguage":"fr-FR"},{"@type":"Organization","@id":"https:\/\/www.info-algerie.com\/actualites\/#organization","name":"info algerie","url":"https:\/\/www.info-algerie.com\/actualites\/","logo":{"@type":"ImageObject","inLanguage":"fr-FR","@id":"https:\/\/www.info-algerie.com\/actualites\/#\/schema\/logo\/image\/","url":"https:\/\/www.info-algerie.com\/actualites\/wp-content\/uploads\/2022\/07\/logo-ia-120.png","contentUrl":"https:\/\/www.info-algerie.com\/actualites\/wp-content\/uploads\/2022\/07\/logo-ia-120.png","width":120,"height":43,"caption":"info algerie"},"image":{"@id":"https:\/\/www.info-algerie.com\/actualites\/#\/schema\/logo\/image\/"},"sameAs":["https:\/\/www.facebook.com\/infoalgerieactu","https:\/\/x.com\/infoalgerie1"]},{"@type":"Person","@id":"https:\/\/www.info-algerie.com\/actualites\/#\/schema\/person\/847aaec44920825b843a08f30ec6aa1e","name":"La r\u00e9daction","image":{"@type":"ImageObject","inLanguage":"fr-FR","@id":"https:\/\/secure.gravatar.com\/avatar\/769db425c6f465158149f1ffd6cf61ce7a8a879d11dfbef8288af36dfddd418c?s=96&d=mm&r=g","url":"https:\/\/secure.gravatar.com\/avatar\/769db425c6f465158149f1ffd6cf61ce7a8a879d11dfbef8288af36dfddd418c?s=96&d=mm&r=g","contentUrl":"https:\/\/secure.gravatar.com\/avatar\/769db425c6f465158149f1ffd6cf61ce7a8a879d11dfbef8288af36dfddd418c?s=96&d=mm&r=g","caption":"La r\u00e9daction"},"sameAs":["http:\/\/www.lkeria.com\/"],"url":"https:\/\/www.info-algerie.com\/actualites\/author\/chakib32\/"}]}},"_links":{"self":[{"href":"https:\/\/www.info-algerie.com\/actualites\/wp-json\/wp\/v2\/posts\/13368","targetHints":{"allow":["GET"]}}],"collection":[{"href":"https:\/\/www.info-algerie.com\/actualites\/wp-json\/wp\/v2\/posts"}],"about":[{"href":"https:\/\/www.info-algerie.com\/actualites\/wp-json\/wp\/v2\/types\/post"}],"author":[{"embeddable":true,"href":"https:\/\/www.info-algerie.com\/actualites\/wp-json\/wp\/v2\/users\/6"}],"replies":[{"embeddable":true,"href":"https:\/\/www.info-algerie.com\/actualites\/wp-json\/wp\/v2\/comments?post=13368"}],"version-history":[{"count":0,"href":"https:\/\/www.info-algerie.com\/actualites\/wp-json\/wp\/v2\/posts\/13368\/revisions"}],"wp:featuredmedia":[{"embeddable":true,"href":"https:\/\/www.info-algerie.com\/actualites\/wp-json\/wp\/v2\/media\/13369"}],"wp:attachment":[{"href":"https:\/\/www.info-algerie.com\/actualites\/wp-json\/wp\/v2\/media?parent=13368"}],"wp:term":[{"taxonomy":"category","embeddable":true,"href":"https:\/\/www.info-algerie.com\/actualites\/wp-json\/wp\/v2\/categories?post=13368"},{"taxonomy":"post_tag","embeddable":true,"href":"https:\/\/www.info-algerie.com\/actualites\/wp-json\/wp\/v2\/tags?post=13368"}],"curies":[{"name":"wp","href":"https:\/\/api.w.org\/{rel}","templated":true}]}}