{"id":13377,"date":"2017-06-20T14:34:15","date_gmt":"2017-06-20T13:34:15","guid":{"rendered":"http:\/\/www.info-algerie.com\/actualites\/fete-de-laid-el-fitr-les-journees-du-1er-et-2-chaoual-chomees-et-payees\/"},"modified":"2017-06-20T14:34:15","modified_gmt":"2017-06-20T13:34:15","slug":"fete-de-laid-el-fitr-les-journees-du-1er-et-2-chaoual-chomees-et-payees","status":"publish","type":"post","link":"https:\/\/www.info-algerie.com\/actualites\/fete-de-laid-el-fitr-les-journees-du-1er-et-2-chaoual-chomees-et-payees\/","title":{"rendered":"F\u00eate de l&#039;A\u00efd El Fitr: les journ\u00e9es du 1er et  2 chaoual ch\u00f4m\u00e9es et pay\u00e9es"},"content":{"rendered":"<div class=\"K2FeedImage\"><img decoding=\"async\" src=\"https:\/\/www.info-algerie.com\/actualites\/wp-content\/uploads\/2017\/06\/1f6b6d2db56e7a283af6e2f7ac2264d4_S.jpg\" alt=\"F&#xEA;te de l'A&#xEF;d El Fitr: les journ&#xE9;es du 1er et  2 chaoual ch&#xF4;m&#xE9;es et pay&#xE9;es\" \/><\/div>\n<div class=\"K2FeedIntroText\">\n<p>ALGER &#8211; Les journ\u00e9es du 1er et 2 chaoual 1438 de l&rsquo;H\u00e9gire, correspondant aux 1er et 2eme jour de l&rsquo;A\u00efd El Fitr sont ch\u00f4m\u00e9es et pay\u00e9es pour l`ensemble des personnels des institutions et administrations publiques, y compris les personnels pay\u00e9s \u00e0 l`heure ou \u00e0 la journ\u00e9e, indique mardi la Direction g\u00e9n\u00e9rale de la Fonction publique et de la R\u00e9forme administrative dans un communiqu\u00e9.<\/p>\n<p>&#013;\n<\/p><\/div>\n<div class=\"K2FeedFullText\">&#013;<\/p>\n<p class=\"MsoNormal\">\u00ab\u00a0Les personnels exer\u00e7ant en travail post\u00e9 ou \u00e0 la journ\u00e9e sont toutefois tenus d`assurer la continuit\u00e9 du service\u00a0\u00bb, ajoute la m\u00eame source qui pr\u00e9cise que cette mesure intervient conform\u00e9ment \u00e0 la loi du 26 juillet 1963, modifi\u00e9e et compl\u00e9t\u00e9e, fixant la liste des f\u00eates l\u00e9gales.<\/p>\n<\/div>\n<p>&#013;<br \/>\nSource: <a href=\"http:\/\/www.aps.dz\/algerie\/59173-fete-de-l-aid-el-fitr-les-journees-du-1er-et-2-chaoual-chomees-et-payees\" target=\"_blank\">F\u00eate de l&rsquo;A\u00efd El Fitr: les journ\u00e9es du 1er et  2 chaoual ch\u00f4m\u00e9es et pay\u00e9es<\/a><\/p>\n<!--CusAds0-->\n<div style=\"font-size: 0px; height: 0px; line-height: 0px; margin: 0; padding: 0; clear: both;\"><\/div>","protected":false},"excerpt":{"rendered":"<p>ALGER &#8211; Les journ\u00e9es du 1er et 2 chaoual 1438 de l&rsquo;H\u00e9gire, correspondant aux 1er et 2eme jour de l&rsquo;A\u00efd El Fitr sont ch\u00f4m\u00e9es et pay\u00e9es pour l`ensemble des personnels des institutions et administrations publiques, y compris les personnels pay\u00e9s \u00e0 l`heure ou \u00e0 la journ\u00e9e, indique mardi la Direction g\u00e9n\u00e9rale de la Fonction publique<\/p>\n","protected":false},"author":6,"featured_media":13378,"comment_status":"open","ping_status":"open","sticky":false,"template":"","format":"standard","meta":{"footnotes":""},"categories":[22],"tags":[93],"class_list":["post-13377","post","type-post","status-publish","format-standard","has-post-thumbnail","hentry","category-infos","tag-onu"],"yoast_head":"<!-- This site is optimized with the Yoast SEO plugin v27.5 - https:\/\/yoast.com\/product\/yoast-seo-wordpress\/ -->\n<title>F\u00eate de l&#039;A\u00efd El Fitr: les journ\u00e9es du 1er et 2 chaoual ch\u00f4m\u00e9es et pay\u00e9es - info algerie<\/title>\n<meta name=\"robots\" content=\"index, follow, max-snippet:-1, max-image-preview:large, max-video-preview:-1\" \/>\n<link rel=\"canonical\" href=\"https:\/\/www.info-algerie.com\/actualites\/fete-de-laid-el-fitr-les-journees-du-1er-et-2-chaoual-chomees-et-payees\/\" \/>\n<meta property=\"og:locale\" content=\"fr_FR\" \/>\n<meta property=\"og:type\" content=\"article\" \/>\n<meta property=\"og:title\" content=\"F\u00eate de l&#039;A\u00efd El Fitr: les journ\u00e9es du 1er et 2 chaoual ch\u00f4m\u00e9es et pay\u00e9es - info algerie\" \/>\n<meta property=\"og:description\" content=\"ALGER &#8211; Les journ\u00e9es du 1er et 2 chaoual 1438 de l&rsquo;H\u00e9gire, correspondant aux 1er et 2eme jour de l&rsquo;A\u00efd El Fitr sont ch\u00f4m\u00e9es et pay\u00e9es pour l`ensemble des personnels des institutions et administrations publiques, y compris les personnels pay\u00e9s \u00e0 l`heure ou \u00e0 la journ\u00e9e, indique mardi la Direction g\u00e9n\u00e9rale de la Fonction publique\" \/>\n<meta property=\"og:url\" content=\"https:\/\/www.info-algerie.com\/actualites\/fete-de-laid-el-fitr-les-journees-du-1er-et-2-chaoual-chomees-et-payees\/\" \/>\n<meta property=\"og:site_name\" content=\"info algerie\" \/>\n<meta property=\"article:publisher\" content=\"https:\/\/www.facebook.com\/infoalgerieactu\" \/>\n<meta property=\"article:published_time\" content=\"2017-06-20T13:34:15+00:00\" \/>\n<meta property=\"og:image\" content=\"https:\/\/www.info-algerie.com\/actualites\/wp-content\/uploads\/2017\/06\/1f6b6d2db56e7a283af6e2f7ac2264d4_S-1.jpg\" \/>\n\t<meta property=\"og:image:width\" content=\"280\" \/>\n\t<meta property=\"og:image:height\" content=\"169\" \/>\n\t<meta property=\"og:image:type\" content=\"image\/jpeg\" \/>\n<meta name=\"author\" content=\"La r\u00e9daction\" \/>\n<meta name=\"twitter:label1\" content=\"\u00c9crit par\" \/>\n\t<meta name=\"twitter:data1\" content=\"La r\u00e9daction\" \/>\n\t<meta name=\"twitter:label2\" content=\"Dur\u00e9e de lecture estim\u00e9e\" \/>\n\t<meta name=\"twitter:data2\" content=\"1 minute\" \/>\n<script type=\"application\/ld+json\" class=\"yoast-schema-graph\">{\"@context\":\"https:\\\/\\\/schema.org\",\"@graph\":[{\"@type\":\"Article\",\"@id\":\"https:\\\/\\\/www.info-algerie.com\\\/actualites\\\/fete-de-laid-el-fitr-les-journees-du-1er-et-2-chaoual-chomees-et-payees\\\/#article\",\"isPartOf\":{\"@id\":\"https:\\\/\\\/www.info-algerie.com\\\/actualites\\\/fete-de-laid-el-fitr-les-journees-du-1er-et-2-chaoual-chomees-et-payees\\\/\"},\"author\":{\"name\":\"La r\u00e9daction\",\"@id\":\"https:\\\/\\\/www.info-algerie.com\\\/actualites\\\/#\\\/schema\\\/person\\\/847aaec44920825b843a08f30ec6aa1e\"},\"headline\":\"F\u00eate de l&#039;A\u00efd El Fitr: les journ\u00e9es du 1er et 2 chaoual ch\u00f4m\u00e9es et pay\u00e9es\",\"datePublished\":\"2017-06-20T13:34:15+00:00\",\"mainEntityOfPage\":{\"@id\":\"https:\\\/\\\/www.info-algerie.com\\\/actualites\\\/fete-de-laid-el-fitr-les-journees-du-1er-et-2-chaoual-chomees-et-payees\\\/\"},\"wordCount\":169,\"commentCount\":0,\"publisher\":{\"@id\":\"https:\\\/\\\/www.info-algerie.com\\\/actualites\\\/#organization\"},\"image\":{\"@id\":\"https:\\\/\\\/www.info-algerie.com\\\/actualites\\\/fete-de-laid-el-fitr-les-journees-du-1er-et-2-chaoual-chomees-et-payees\\\/#primaryimage\"},\"thumbnailUrl\":\"https:\\\/\\\/www.info-algerie.com\\\/actualites\\\/wp-content\\\/uploads\\\/2017\\\/06\\\/1f6b6d2db56e7a283af6e2f7ac2264d4_S-1.jpg\",\"keywords\":[\"ONU\"],\"articleSection\":[\"infos\"],\"inLanguage\":\"fr-FR\",\"potentialAction\":[{\"@type\":\"CommentAction\",\"name\":\"Comment\",\"target\":[\"https:\\\/\\\/www.info-algerie.com\\\/actualites\\\/fete-de-laid-el-fitr-les-journees-du-1er-et-2-chaoual-chomees-et-payees\\\/#respond\"]}]},{\"@type\":\"WebPage\",\"@id\":\"https:\\\/\\\/www.info-algerie.com\\\/actualites\\\/fete-de-laid-el-fitr-les-journees-du-1er-et-2-chaoual-chomees-et-payees\\\/\",\"url\":\"https:\\\/\\\/www.info-algerie.com\\\/actualites\\\/fete-de-laid-el-fitr-les-journees-du-1er-et-2-chaoual-chomees-et-payees\\\/\",\"name\":\"F\u00eate de l&#039;A\u00efd El Fitr: les journ\u00e9es du 1er et 2 chaoual ch\u00f4m\u00e9es et pay\u00e9es - info algerie\",\"isPartOf\":{\"@id\":\"https:\\\/\\\/www.info-algerie.com\\\/actualites\\\/#website\"},\"primaryImageOfPage\":{\"@id\":\"https:\\\/\\\/www.info-algerie.com\\\/actualites\\\/fete-de-laid-el-fitr-les-journees-du-1er-et-2-chaoual-chomees-et-payees\\\/#primaryimage\"},\"image\":{\"@id\":\"https:\\\/\\\/www.info-algerie.com\\\/actualites\\\/fete-de-laid-el-fitr-les-journees-du-1er-et-2-chaoual-chomees-et-payees\\\/#primaryimage\"},\"thumbnailUrl\":\"https:\\\/\\\/www.info-algerie.com\\\/actualites\\\/wp-content\\\/uploads\\\/2017\\\/06\\\/1f6b6d2db56e7a283af6e2f7ac2264d4_S-1.jpg\",\"datePublished\":\"2017-06-20T13:34:15+00:00\",\"breadcrumb\":{\"@id\":\"https:\\\/\\\/www.info-algerie.com\\\/actualites\\\/fete-de-laid-el-fitr-les-journees-du-1er-et-2-chaoual-chomees-et-payees\\\/#breadcrumb\"},\"inLanguage\":\"fr-FR\",\"potentialAction\":[{\"@type\":\"ReadAction\",\"target\":[\"https:\\\/\\\/www.info-algerie.com\\\/actualites\\\/fete-de-laid-el-fitr-les-journees-du-1er-et-2-chaoual-chomees-et-payees\\\/\"]}]},{\"@type\":\"ImageObject\",\"inLanguage\":\"fr-FR\",\"@id\":\"https:\\\/\\\/www.info-algerie.com\\\/actualites\\\/fete-de-laid-el-fitr-les-journees-du-1er-et-2-chaoual-chomees-et-payees\\\/#primaryimage\",\"url\":\"https:\\\/\\\/www.info-algerie.com\\\/actualites\\\/wp-content\\\/uploads\\\/2017\\\/06\\\/1f6b6d2db56e7a283af6e2f7ac2264d4_S-1.jpg\",\"contentUrl\":\"https:\\\/\\\/www.info-algerie.com\\\/actualites\\\/wp-content\\\/uploads\\\/2017\\\/06\\\/1f6b6d2db56e7a283af6e2f7ac2264d4_S-1.jpg\",\"width\":280,\"height\":169},{\"@type\":\"BreadcrumbList\",\"@id\":\"https:\\\/\\\/www.info-algerie.com\\\/actualites\\\/fete-de-laid-el-fitr-les-journees-du-1er-et-2-chaoual-chomees-et-payees\\\/#breadcrumb\",\"itemListElement\":[{\"@type\":\"ListItem\",\"position\":1,\"name\":\"Accueil\",\"item\":\"https:\\\/\\\/www.info-algerie.com\\\/actualites\\\/\"},{\"@type\":\"ListItem\",\"position\":2,\"name\":\"F\u00eate de l&#039;A\u00efd El Fitr: les journ\u00e9es du 1er et 2 chaoual ch\u00f4m\u00e9es et pay\u00e9es\"}]},{\"@type\":\"WebSite\",\"@id\":\"https:\\\/\\\/www.info-algerie.com\\\/actualites\\\/#website\",\"url\":\"https:\\\/\\\/www.info-algerie.com\\\/actualites\\\/\",\"name\":\"info algerie\",\"description\":\"Toutes les actualit\u00e9s\",\"publisher\":{\"@id\":\"https:\\\/\\\/www.info-algerie.com\\\/actualites\\\/#organization\"},\"potentialAction\":[{\"@type\":\"SearchAction\",\"target\":{\"@type\":\"EntryPoint\",\"urlTemplate\":\"https:\\\/\\\/www.info-algerie.com\\\/actualites\\\/?s={search_term_string}\"},\"query-input\":{\"@type\":\"PropertyValueSpecification\",\"valueRequired\":true,\"valueName\":\"search_term_string\"}}],\"inLanguage\":\"fr-FR\"},{\"@type\":\"Organization\",\"@id\":\"https:\\\/\\\/www.info-algerie.com\\\/actualites\\\/#organization\",\"name\":\"info algerie\",\"url\":\"https:\\\/\\\/www.info-algerie.com\\\/actualites\\\/\",\"logo\":{\"@type\":\"ImageObject\",\"inLanguage\":\"fr-FR\",\"@id\":\"https:\\\/\\\/www.info-algerie.com\\\/actualites\\\/#\\\/schema\\\/logo\\\/image\\\/\",\"url\":\"https:\\\/\\\/www.info-algerie.com\\\/actualites\\\/wp-content\\\/uploads\\\/2022\\\/07\\\/logo-ia-120.png\",\"contentUrl\":\"https:\\\/\\\/www.info-algerie.com\\\/actualites\\\/wp-content\\\/uploads\\\/2022\\\/07\\\/logo-ia-120.png\",\"width\":120,\"height\":43,\"caption\":\"info algerie\"},\"image\":{\"@id\":\"https:\\\/\\\/www.info-algerie.com\\\/actualites\\\/#\\\/schema\\\/logo\\\/image\\\/\"},\"sameAs\":[\"https:\\\/\\\/www.facebook.com\\\/infoalgerieactu\",\"https:\\\/\\\/x.com\\\/infoalgerie1\"]},{\"@type\":\"Person\",\"@id\":\"https:\\\/\\\/www.info-algerie.com\\\/actualites\\\/#\\\/schema\\\/person\\\/847aaec44920825b843a08f30ec6aa1e\",\"name\":\"La r\u00e9daction\",\"image\":{\"@type\":\"ImageObject\",\"inLanguage\":\"fr-FR\",\"@id\":\"https:\\\/\\\/secure.gravatar.com\\\/avatar\\\/769db425c6f465158149f1ffd6cf61ce7a8a879d11dfbef8288af36dfddd418c?s=96&d=mm&r=g\",\"url\":\"https:\\\/\\\/secure.gravatar.com\\\/avatar\\\/769db425c6f465158149f1ffd6cf61ce7a8a879d11dfbef8288af36dfddd418c?s=96&d=mm&r=g\",\"contentUrl\":\"https:\\\/\\\/secure.gravatar.com\\\/avatar\\\/769db425c6f465158149f1ffd6cf61ce7a8a879d11dfbef8288af36dfddd418c?s=96&d=mm&r=g\",\"caption\":\"La r\u00e9daction\"},\"sameAs\":[\"http:\\\/\\\/www.lkeria.com\\\/\"],\"url\":\"https:\\\/\\\/www.info-algerie.com\\\/actualites\\\/author\\\/chakib32\\\/\"}]}<\/script>\n<!-- \/ Yoast SEO plugin. -->","yoast_head_json":{"title":"F\u00eate de l&#039;A\u00efd El Fitr: les journ\u00e9es du 1er et 2 chaoual ch\u00f4m\u00e9es et pay\u00e9es - info algerie","robots":{"index":"index","follow":"follow","max-snippet":"max-snippet:-1","max-image-preview":"max-image-preview:large","max-video-preview":"max-video-preview:-1"},"canonical":"https:\/\/www.info-algerie.com\/actualites\/fete-de-laid-el-fitr-les-journees-du-1er-et-2-chaoual-chomees-et-payees\/","og_locale":"fr_FR","og_type":"article","og_title":"F\u00eate de l&#039;A\u00efd El Fitr: les journ\u00e9es du 1er et 2 chaoual ch\u00f4m\u00e9es et pay\u00e9es - info algerie","og_description":"ALGER &#8211; Les journ\u00e9es du 1er et 2 chaoual 1438 de l&rsquo;H\u00e9gire, correspondant aux 1er et 2eme jour de l&rsquo;A\u00efd El Fitr sont ch\u00f4m\u00e9es et pay\u00e9es pour l`ensemble des personnels des institutions et administrations publiques, y compris les personnels pay\u00e9s \u00e0 l`heure ou \u00e0 la journ\u00e9e, indique mardi la Direction g\u00e9n\u00e9rale de la Fonction publique","og_url":"https:\/\/www.info-algerie.com\/actualites\/fete-de-laid-el-fitr-les-journees-du-1er-et-2-chaoual-chomees-et-payees\/","og_site_name":"info algerie","article_publisher":"https:\/\/www.facebook.com\/infoalgerieactu","article_published_time":"2017-06-20T13:34:15+00:00","og_image":[{"width":280,"height":169,"url":"https:\/\/www.info-algerie.com\/actualites\/wp-content\/uploads\/2017\/06\/1f6b6d2db56e7a283af6e2f7ac2264d4_S-1.jpg","type":"image\/jpeg"}],"author":"La r\u00e9daction","twitter_misc":{"\u00c9crit par":"La r\u00e9daction","Dur\u00e9e de lecture estim\u00e9e":"1 minute"},"schema":{"@context":"https:\/\/schema.org","@graph":[{"@type":"Article","@id":"https:\/\/www.info-algerie.com\/actualites\/fete-de-laid-el-fitr-les-journees-du-1er-et-2-chaoual-chomees-et-payees\/#article","isPartOf":{"@id":"https:\/\/www.info-algerie.com\/actualites\/fete-de-laid-el-fitr-les-journees-du-1er-et-2-chaoual-chomees-et-payees\/"},"author":{"name":"La r\u00e9daction","@id":"https:\/\/www.info-algerie.com\/actualites\/#\/schema\/person\/847aaec44920825b843a08f30ec6aa1e"},"headline":"F\u00eate de l&#039;A\u00efd El Fitr: les journ\u00e9es du 1er et 2 chaoual ch\u00f4m\u00e9es et pay\u00e9es","datePublished":"2017-06-20T13:34:15+00:00","mainEntityOfPage":{"@id":"https:\/\/www.info-algerie.com\/actualites\/fete-de-laid-el-fitr-les-journees-du-1er-et-2-chaoual-chomees-et-payees\/"},"wordCount":169,"commentCount":0,"publisher":{"@id":"https:\/\/www.info-algerie.com\/actualites\/#organization"},"image":{"@id":"https:\/\/www.info-algerie.com\/actualites\/fete-de-laid-el-fitr-les-journees-du-1er-et-2-chaoual-chomees-et-payees\/#primaryimage"},"thumbnailUrl":"https:\/\/www.info-algerie.com\/actualites\/wp-content\/uploads\/2017\/06\/1f6b6d2db56e7a283af6e2f7ac2264d4_S-1.jpg","keywords":["ONU"],"articleSection":["infos"],"inLanguage":"fr-FR","potentialAction":[{"@type":"CommentAction","name":"Comment","target":["https:\/\/www.info-algerie.com\/actualites\/fete-de-laid-el-fitr-les-journees-du-1er-et-2-chaoual-chomees-et-payees\/#respond"]}]},{"@type":"WebPage","@id":"https:\/\/www.info-algerie.com\/actualites\/fete-de-laid-el-fitr-les-journees-du-1er-et-2-chaoual-chomees-et-payees\/","url":"https:\/\/www.info-algerie.com\/actualites\/fete-de-laid-el-fitr-les-journees-du-1er-et-2-chaoual-chomees-et-payees\/","name":"F\u00eate de l&#039;A\u00efd El Fitr: les journ\u00e9es du 1er et 2 chaoual ch\u00f4m\u00e9es et pay\u00e9es - info algerie","isPartOf":{"@id":"https:\/\/www.info-algerie.com\/actualites\/#website"},"primaryImageOfPage":{"@id":"https:\/\/www.info-algerie.com\/actualites\/fete-de-laid-el-fitr-les-journees-du-1er-et-2-chaoual-chomees-et-payees\/#primaryimage"},"image":{"@id":"https:\/\/www.info-algerie.com\/actualites\/fete-de-laid-el-fitr-les-journees-du-1er-et-2-chaoual-chomees-et-payees\/#primaryimage"},"thumbnailUrl":"https:\/\/www.info-algerie.com\/actualites\/wp-content\/uploads\/2017\/06\/1f6b6d2db56e7a283af6e2f7ac2264d4_S-1.jpg","datePublished":"2017-06-20T13:34:15+00:00","breadcrumb":{"@id":"https:\/\/www.info-algerie.com\/actualites\/fete-de-laid-el-fitr-les-journees-du-1er-et-2-chaoual-chomees-et-payees\/#breadcrumb"},"inLanguage":"fr-FR","potentialAction":[{"@type":"ReadAction","target":["https:\/\/www.info-algerie.com\/actualites\/fete-de-laid-el-fitr-les-journees-du-1er-et-2-chaoual-chomees-et-payees\/"]}]},{"@type":"ImageObject","inLanguage":"fr-FR","@id":"https:\/\/www.info-algerie.com\/actualites\/fete-de-laid-el-fitr-les-journees-du-1er-et-2-chaoual-chomees-et-payees\/#primaryimage","url":"https:\/\/www.info-algerie.com\/actualites\/wp-content\/uploads\/2017\/06\/1f6b6d2db56e7a283af6e2f7ac2264d4_S-1.jpg","contentUrl":"https:\/\/www.info-algerie.com\/actualites\/wp-content\/uploads\/2017\/06\/1f6b6d2db56e7a283af6e2f7ac2264d4_S-1.jpg","width":280,"height":169},{"@type":"BreadcrumbList","@id":"https:\/\/www.info-algerie.com\/actualites\/fete-de-laid-el-fitr-les-journees-du-1er-et-2-chaoual-chomees-et-payees\/#breadcrumb","itemListElement":[{"@type":"ListItem","position":1,"name":"Accueil","item":"https:\/\/www.info-algerie.com\/actualites\/"},{"@type":"ListItem","position":2,"name":"F\u00eate de l&#039;A\u00efd El Fitr: les journ\u00e9es du 1er et 2 chaoual ch\u00f4m\u00e9es et pay\u00e9es"}]},{"@type":"WebSite","@id":"https:\/\/www.info-algerie.com\/actualites\/#website","url":"https:\/\/www.info-algerie.com\/actualites\/","name":"info algerie","description":"Toutes les actualit\u00e9s","publisher":{"@id":"https:\/\/www.info-algerie.com\/actualites\/#organization"},"potentialAction":[{"@type":"SearchAction","target":{"@type":"EntryPoint","urlTemplate":"https:\/\/www.info-algerie.com\/actualites\/?s={search_term_string}"},"query-input":{"@type":"PropertyValueSpecification","valueRequired":true,"valueName":"search_term_string"}}],"inLanguage":"fr-FR"},{"@type":"Organization","@id":"https:\/\/www.info-algerie.com\/actualites\/#organization","name":"info algerie","url":"https:\/\/www.info-algerie.com\/actualites\/","logo":{"@type":"ImageObject","inLanguage":"fr-FR","@id":"https:\/\/www.info-algerie.com\/actualites\/#\/schema\/logo\/image\/","url":"https:\/\/www.info-algerie.com\/actualites\/wp-content\/uploads\/2022\/07\/logo-ia-120.png","contentUrl":"https:\/\/www.info-algerie.com\/actualites\/wp-content\/uploads\/2022\/07\/logo-ia-120.png","width":120,"height":43,"caption":"info algerie"},"image":{"@id":"https:\/\/www.info-algerie.com\/actualites\/#\/schema\/logo\/image\/"},"sameAs":["https:\/\/www.facebook.com\/infoalgerieactu","https:\/\/x.com\/infoalgerie1"]},{"@type":"Person","@id":"https:\/\/www.info-algerie.com\/actualites\/#\/schema\/person\/847aaec44920825b843a08f30ec6aa1e","name":"La r\u00e9daction","image":{"@type":"ImageObject","inLanguage":"fr-FR","@id":"https:\/\/secure.gravatar.com\/avatar\/769db425c6f465158149f1ffd6cf61ce7a8a879d11dfbef8288af36dfddd418c?s=96&d=mm&r=g","url":"https:\/\/secure.gravatar.com\/avatar\/769db425c6f465158149f1ffd6cf61ce7a8a879d11dfbef8288af36dfddd418c?s=96&d=mm&r=g","contentUrl":"https:\/\/secure.gravatar.com\/avatar\/769db425c6f465158149f1ffd6cf61ce7a8a879d11dfbef8288af36dfddd418c?s=96&d=mm&r=g","caption":"La r\u00e9daction"},"sameAs":["http:\/\/www.lkeria.com\/"],"url":"https:\/\/www.info-algerie.com\/actualites\/author\/chakib32\/"}]}},"_links":{"self":[{"href":"https:\/\/www.info-algerie.com\/actualites\/wp-json\/wp\/v2\/posts\/13377","targetHints":{"allow":["GET"]}}],"collection":[{"href":"https:\/\/www.info-algerie.com\/actualites\/wp-json\/wp\/v2\/posts"}],"about":[{"href":"https:\/\/www.info-algerie.com\/actualites\/wp-json\/wp\/v2\/types\/post"}],"author":[{"embeddable":true,"href":"https:\/\/www.info-algerie.com\/actualites\/wp-json\/wp\/v2\/users\/6"}],"replies":[{"embeddable":true,"href":"https:\/\/www.info-algerie.com\/actualites\/wp-json\/wp\/v2\/comments?post=13377"}],"version-history":[{"count":0,"href":"https:\/\/www.info-algerie.com\/actualites\/wp-json\/wp\/v2\/posts\/13377\/revisions"}],"wp:featuredmedia":[{"embeddable":true,"href":"https:\/\/www.info-algerie.com\/actualites\/wp-json\/wp\/v2\/media\/13378"}],"wp:attachment":[{"href":"https:\/\/www.info-algerie.com\/actualites\/wp-json\/wp\/v2\/media?parent=13377"}],"wp:term":[{"taxonomy":"category","embeddable":true,"href":"https:\/\/www.info-algerie.com\/actualites\/wp-json\/wp\/v2\/categories?post=13377"},{"taxonomy":"post_tag","embeddable":true,"href":"https:\/\/www.info-algerie.com\/actualites\/wp-json\/wp\/v2\/tags?post=13377"}],"curies":[{"name":"wp","href":"https:\/\/api.w.org\/{rel}","templated":true}]}}