{"id":13383,"date":"2017-06-20T15:41:29","date_gmt":"2017-06-20T14:41:29","guid":{"rendered":"http:\/\/www.info-algerie.com\/actualites\/lalgerie-accorde-un-interet-accru-a-la-question-des-refugies-et-au-principe-de-non-refoulement\/"},"modified":"2017-06-20T15:41:29","modified_gmt":"2017-06-20T14:41:29","slug":"lalgerie-accorde-un-interet-accru-a-la-question-des-refugies-et-au-principe-de-non-refoulement","status":"publish","type":"post","link":"https:\/\/www.info-algerie.com\/actualites\/lalgerie-accorde-un-interet-accru-a-la-question-des-refugies-et-au-principe-de-non-refoulement\/","title":{"rendered":"L&#039;Alg\u00e9rie accorde un int\u00e9r\u00eat accru \u00e0 la question des r\u00e9fugi\u00e9s et au principe de non-refoulement"},"content":{"rendered":"<div class=\"K2FeedImage\"><img decoding=\"async\" src=\"https:\/\/www.info-algerie.com\/actualites\/wp-content\/uploads\/2017\/06\/24df1f27c29ec92136847d4886865511_S.jpg\" alt=\"La pr&#xE9;sidente du Conseil national des droits de l'homme (CNDH), Fafa Benzerrouki \" \/><\/div>\n<div class=\"K2FeedIntroText\">\n<p>ALGER &#8211; La pr\u00e9sidente du Conseil national des droits de l&rsquo;homme (CNDH), Fafa Benzerrouki a affirm\u00e9 mardi que l&rsquo;<strong><a href=\"http:\/\/www.aps.dz\/algerie\/59144-les-ressortissants-africains-sont-les-bienvenus-en-algerie-un-fichier-national-pour-leur-recensement-est-en-cours\">Alg\u00e9rie<\/a><\/strong> accordait un \u00ab\u00a0int\u00e9r\u00eat accru\u00a0\u00bb \u00e0 la question des r\u00e9fugi\u00e9s et au principe de non-refoulement de ceux qui se trouvent dans ses territoires, outre son attachement \u00e0 la pr\u00e9servation de leur dignit\u00e9 humaine.<\/p>\n<p>&#013;\n<\/p><\/div>\n<div class=\"K2FeedFullText\">&#013;<\/p>\n<p>Mme. Benzerrouki qui pr\u00e9sidait l&rsquo;ouverture d&rsquo;une journ\u00e9e d&rsquo;\u00e9tudes sur \u00ab\u00a0les r\u00e9fugi\u00e9s entre Conventions internationales et r\u00e9gionales et R\u00e9alit\u00e9\u00a0\u00bb, organis\u00e9e \u00e0 l&rsquo;occasion de la c\u00e9l\u00e9bration de la Journ\u00e9e mondiale des r\u00e9fugi\u00e9s et la Journ\u00e9e des r\u00e9fugi\u00e9s africains, a mis l&rsquo;accent sur l&rsquo;importance qu&rsquo;accorde l&rsquo;Alg\u00e9rie \u00e0 la question des r\u00e9fugi\u00e9s et son soutien \u00e0 ces derniers par tous les moyens n\u00e9cessaires, d&rsquo;autant que l&rsquo;Alg\u00e9rie a connu ce ph\u00e9nom\u00e8ne durant la guerre de lib\u00e9ration, o\u00f9 des milliers de ses enfants avaient v\u00e9cu comme des r\u00e9fugi\u00e9s dans d&rsquo;autres pays fuyant la barbarie du colonisateur fran\u00e7ais.<\/p>\n<p>&#013;<\/p>\n<p>La pr\u00e9sidente de la CNDH a pass\u00e9 en revue les diff\u00e9rents engagements adopt\u00e9s par l&rsquo;Alg\u00e9rie depuis l&rsquo;ind\u00e9pendance afin d&rsquo;adh\u00e9rer au processus de protection des r\u00e9fugi\u00e9s. En 1951, l&rsquo;Alg\u00e9rie a sign\u00e9 la Convention relatives au statut des r\u00e9fugi\u00e9s.<\/p>\n<p>&#013;<\/p>\n<p>Dans ce cadre, l&rsquo;Alg\u00e9rie avait promulgu\u00e9 le d\u00e9cret relatif \u00e0 l&rsquo;application de ladite Convention en vertu de laquelle un bureau alg\u00e9rien pour les r\u00e9fugi\u00e9s et des apatrides a \u00e9t\u00e9 cr\u00e9\u00e9, auquel s&rsquo;ajoutait la ratification de la Convention de l&rsquo;OUA r\u00e9gissant les aspects propres des probl\u00e8mes des r\u00e9fugi\u00e9s.<\/p>\n<p>&#013;<\/p>\n<p>D&rsquo;autre part, Mme. Benzerrouki a pr\u00e9cis\u00e9 que le but de cette journ\u00e9e \u00e9tait de \u00ab\u00a0sensibiliser \u00e0 la situation des r\u00e9fugi\u00e9s, renforcer l&rsquo;esprit de solidarit\u00e9 et de coop\u00e9ration avec cette cat\u00e9gorie, faire conna\u00eetre leurs droits et promulguer une l\u00e9gislation nationale sur la cr\u00e9ation d&rsquo;un centre pour r\u00e9fugi\u00e9s et demandeurs d&rsquo;asile, conform\u00e9ment aux principes des droits de l&rsquo;homme et aux engagements de l&rsquo;Alg\u00e9rie aux plans international et r\u00e9gional\u00a0\u00bb.<\/p>\n<p>&#013;<\/p>\n<p>A souligner que l&rsquo;Assembl\u00e9e g\u00e9n\u00e9rale de l&rsquo;ONU avait d\u00e9cid\u00e9 le 4 d\u00e9cembre 2000 d&rsquo;instituer le 20 juin de chaque ann\u00e9e, Journ\u00e9e mondiale des r\u00e9fugi\u00e9s afin de rappeler la souffrance que des milliers de personnes endurent apr\u00e8s\u00a0 avoir quitt\u00e9 leurs pays pour fuir oppression et les pers\u00e9cutions, \u00e0 cause de leur ethnie, religion, sexe ou opinions politiques, ainsi que les guerres et les conflits, notant \u00e9galement que cette journ\u00e9e co\u00efncide aussi avec la journ\u00e9e africaine des r\u00e9fugi\u00e9s.<\/p>\n<p>&#013;<\/p>\n<p class=\"MsoNormal\">Les efforts d\u00e9ploy\u00e9s dans ce cadre dans diff\u00e9rents domaines tendent \u00e0 interpeller la communaut\u00e9 internationale \u00e0 \u0153uvrer davantage afin d&rsquo;\u00e9radiquer les raisons qui sont derri\u00e8re la croissance du ph\u00e9nom\u00e8ne des r\u00e9fugi\u00e9s qui a pris de l&rsquo;ampleur durant les derni\u00e8res ann\u00e9es, notamment en Syrie, en Afghanistan, en Irak, en Somalie, au Soudan, au Y\u00e9men, en Lybie et dans d&rsquo;autres pays.<\/p>\n<\/div>\n<p>&#013;<br \/>\nSource: <a href=\"http:\/\/www.aps.dz\/algerie\/59187-l-algerie-accorde-un-interet-accru-a-la-question-des-refugies-et-au-principe-de-non-refoulement\" target=\"_blank\">L&rsquo;Alg\u00e9rie accorde un int\u00e9r\u00eat accru \u00e0 la question des r\u00e9fugi\u00e9s et au principe de non-refoulement<\/a><\/p>\n<!--CusAds0-->\n<div style=\"font-size: 0px; height: 0px; line-height: 0px; margin: 0; padding: 0; clear: both;\"><\/div>","protected":false},"excerpt":{"rendered":"<p>ALGER &#8211; La pr\u00e9sidente du Conseil national des droits de l&rsquo;homme (CNDH), Fafa Benzerrouki a affirm\u00e9 mardi que l&rsquo;Alg\u00e9rie accordait un \u00ab\u00a0int\u00e9r\u00eat accru\u00a0\u00bb \u00e0 la question des r\u00e9fugi\u00e9s et au principe de non-refoulement de ceux qui se trouvent dans ses territoires, outre son attachement \u00e0 la pr\u00e9servation de leur dignit\u00e9 humaine. &#013; &#013; Mme. Benzerrouki<\/p>\n","protected":false},"author":6,"featured_media":13384,"comment_status":"open","ping_status":"open","sticky":false,"template":"","format":"standard","meta":{"footnotes":""},"categories":[22],"tags":[93],"class_list":["post-13383","post","type-post","status-publish","format-standard","has-post-thumbnail","hentry","category-infos","tag-onu"],"yoast_head":"<!-- This site is optimized with the Yoast SEO plugin v27.5 - https:\/\/yoast.com\/product\/yoast-seo-wordpress\/ -->\n<title>L&#039;Alg\u00e9rie accorde un int\u00e9r\u00eat accru \u00e0 la question des r\u00e9fugi\u00e9s et au principe de non-refoulement - info algerie<\/title>\n<meta name=\"robots\" content=\"index, follow, max-snippet:-1, max-image-preview:large, max-video-preview:-1\" \/>\n<link rel=\"canonical\" href=\"https:\/\/www.info-algerie.com\/actualites\/lalgerie-accorde-un-interet-accru-a-la-question-des-refugies-et-au-principe-de-non-refoulement\/\" \/>\n<meta property=\"og:locale\" content=\"fr_FR\" \/>\n<meta property=\"og:type\" content=\"article\" \/>\n<meta property=\"og:title\" content=\"L&#039;Alg\u00e9rie accorde un int\u00e9r\u00eat accru \u00e0 la question des r\u00e9fugi\u00e9s et au principe de non-refoulement - info algerie\" \/>\n<meta property=\"og:description\" content=\"ALGER &#8211; La pr\u00e9sidente du Conseil national des droits de l&rsquo;homme (CNDH), Fafa Benzerrouki a affirm\u00e9 mardi que l&rsquo;Alg\u00e9rie accordait un \u00ab\u00a0int\u00e9r\u00eat accru\u00a0\u00bb \u00e0 la question des r\u00e9fugi\u00e9s et au principe de non-refoulement de ceux qui se trouvent dans ses territoires, outre son attachement \u00e0 la pr\u00e9servation de leur dignit\u00e9 humaine. &#013; &#013; Mme. Benzerrouki\" \/>\n<meta property=\"og:url\" content=\"https:\/\/www.info-algerie.com\/actualites\/lalgerie-accorde-un-interet-accru-a-la-question-des-refugies-et-au-principe-de-non-refoulement\/\" \/>\n<meta property=\"og:site_name\" content=\"info algerie\" \/>\n<meta property=\"article:publisher\" content=\"https:\/\/www.facebook.com\/infoalgerieactu\" \/>\n<meta property=\"article:published_time\" content=\"2017-06-20T14:41:29+00:00\" \/>\n<meta property=\"og:image\" content=\"https:\/\/www.info-algerie.com\/actualites\/wp-content\/uploads\/2017\/06\/24df1f27c29ec92136847d4886865511_S-1.jpg\" \/>\n\t<meta property=\"og:image:width\" content=\"280\" \/>\n\t<meta property=\"og:image:height\" content=\"169\" \/>\n\t<meta property=\"og:image:type\" content=\"image\/jpeg\" \/>\n<meta name=\"author\" content=\"La r\u00e9daction\" \/>\n<meta name=\"twitter:label1\" content=\"\u00c9crit par\" \/>\n\t<meta name=\"twitter:data1\" content=\"La r\u00e9daction\" \/>\n\t<meta name=\"twitter:label2\" content=\"Dur\u00e9e de lecture estim\u00e9e\" \/>\n\t<meta name=\"twitter:data2\" content=\"3 minutes\" \/>\n<script type=\"application\/ld+json\" class=\"yoast-schema-graph\">{\"@context\":\"https:\\\/\\\/schema.org\",\"@graph\":[{\"@type\":\"Article\",\"@id\":\"https:\\\/\\\/www.info-algerie.com\\\/actualites\\\/lalgerie-accorde-un-interet-accru-a-la-question-des-refugies-et-au-principe-de-non-refoulement\\\/#article\",\"isPartOf\":{\"@id\":\"https:\\\/\\\/www.info-algerie.com\\\/actualites\\\/lalgerie-accorde-un-interet-accru-a-la-question-des-refugies-et-au-principe-de-non-refoulement\\\/\"},\"author\":{\"name\":\"La r\u00e9daction\",\"@id\":\"https:\\\/\\\/www.info-algerie.com\\\/actualites\\\/#\\\/schema\\\/person\\\/847aaec44920825b843a08f30ec6aa1e\"},\"headline\":\"L&#039;Alg\u00e9rie accorde un int\u00e9r\u00eat accru \u00e0 la question des r\u00e9fugi\u00e9s et au principe de non-refoulement\",\"datePublished\":\"2017-06-20T14:41:29+00:00\",\"mainEntityOfPage\":{\"@id\":\"https:\\\/\\\/www.info-algerie.com\\\/actualites\\\/lalgerie-accorde-un-interet-accru-a-la-question-des-refugies-et-au-principe-de-non-refoulement\\\/\"},\"wordCount\":582,\"commentCount\":0,\"publisher\":{\"@id\":\"https:\\\/\\\/www.info-algerie.com\\\/actualites\\\/#organization\"},\"image\":{\"@id\":\"https:\\\/\\\/www.info-algerie.com\\\/actualites\\\/lalgerie-accorde-un-interet-accru-a-la-question-des-refugies-et-au-principe-de-non-refoulement\\\/#primaryimage\"},\"thumbnailUrl\":\"https:\\\/\\\/www.info-algerie.com\\\/actualites\\\/wp-content\\\/uploads\\\/2017\\\/06\\\/24df1f27c29ec92136847d4886865511_S-1.jpg\",\"keywords\":[\"ONU\"],\"articleSection\":[\"infos\"],\"inLanguage\":\"fr-FR\",\"potentialAction\":[{\"@type\":\"CommentAction\",\"name\":\"Comment\",\"target\":[\"https:\\\/\\\/www.info-algerie.com\\\/actualites\\\/lalgerie-accorde-un-interet-accru-a-la-question-des-refugies-et-au-principe-de-non-refoulement\\\/#respond\"]}]},{\"@type\":\"WebPage\",\"@id\":\"https:\\\/\\\/www.info-algerie.com\\\/actualites\\\/lalgerie-accorde-un-interet-accru-a-la-question-des-refugies-et-au-principe-de-non-refoulement\\\/\",\"url\":\"https:\\\/\\\/www.info-algerie.com\\\/actualites\\\/lalgerie-accorde-un-interet-accru-a-la-question-des-refugies-et-au-principe-de-non-refoulement\\\/\",\"name\":\"L&#039;Alg\u00e9rie accorde un int\u00e9r\u00eat accru \u00e0 la question des r\u00e9fugi\u00e9s et au principe de non-refoulement - info algerie\",\"isPartOf\":{\"@id\":\"https:\\\/\\\/www.info-algerie.com\\\/actualites\\\/#website\"},\"primaryImageOfPage\":{\"@id\":\"https:\\\/\\\/www.info-algerie.com\\\/actualites\\\/lalgerie-accorde-un-interet-accru-a-la-question-des-refugies-et-au-principe-de-non-refoulement\\\/#primaryimage\"},\"image\":{\"@id\":\"https:\\\/\\\/www.info-algerie.com\\\/actualites\\\/lalgerie-accorde-un-interet-accru-a-la-question-des-refugies-et-au-principe-de-non-refoulement\\\/#primaryimage\"},\"thumbnailUrl\":\"https:\\\/\\\/www.info-algerie.com\\\/actualites\\\/wp-content\\\/uploads\\\/2017\\\/06\\\/24df1f27c29ec92136847d4886865511_S-1.jpg\",\"datePublished\":\"2017-06-20T14:41:29+00:00\",\"breadcrumb\":{\"@id\":\"https:\\\/\\\/www.info-algerie.com\\\/actualites\\\/lalgerie-accorde-un-interet-accru-a-la-question-des-refugies-et-au-principe-de-non-refoulement\\\/#breadcrumb\"},\"inLanguage\":\"fr-FR\",\"potentialAction\":[{\"@type\":\"ReadAction\",\"target\":[\"https:\\\/\\\/www.info-algerie.com\\\/actualites\\\/lalgerie-accorde-un-interet-accru-a-la-question-des-refugies-et-au-principe-de-non-refoulement\\\/\"]}]},{\"@type\":\"ImageObject\",\"inLanguage\":\"fr-FR\",\"@id\":\"https:\\\/\\\/www.info-algerie.com\\\/actualites\\\/lalgerie-accorde-un-interet-accru-a-la-question-des-refugies-et-au-principe-de-non-refoulement\\\/#primaryimage\",\"url\":\"https:\\\/\\\/www.info-algerie.com\\\/actualites\\\/wp-content\\\/uploads\\\/2017\\\/06\\\/24df1f27c29ec92136847d4886865511_S-1.jpg\",\"contentUrl\":\"https:\\\/\\\/www.info-algerie.com\\\/actualites\\\/wp-content\\\/uploads\\\/2017\\\/06\\\/24df1f27c29ec92136847d4886865511_S-1.jpg\",\"width\":280,\"height\":169},{\"@type\":\"BreadcrumbList\",\"@id\":\"https:\\\/\\\/www.info-algerie.com\\\/actualites\\\/lalgerie-accorde-un-interet-accru-a-la-question-des-refugies-et-au-principe-de-non-refoulement\\\/#breadcrumb\",\"itemListElement\":[{\"@type\":\"ListItem\",\"position\":1,\"name\":\"Accueil\",\"item\":\"https:\\\/\\\/www.info-algerie.com\\\/actualites\\\/\"},{\"@type\":\"ListItem\",\"position\":2,\"name\":\"L&#039;Alg\u00e9rie accorde un int\u00e9r\u00eat accru \u00e0 la question des r\u00e9fugi\u00e9s et au principe de non-refoulement\"}]},{\"@type\":\"WebSite\",\"@id\":\"https:\\\/\\\/www.info-algerie.com\\\/actualites\\\/#website\",\"url\":\"https:\\\/\\\/www.info-algerie.com\\\/actualites\\\/\",\"name\":\"info algerie\",\"description\":\"Toutes les actualit\u00e9s\",\"publisher\":{\"@id\":\"https:\\\/\\\/www.info-algerie.com\\\/actualites\\\/#organization\"},\"potentialAction\":[{\"@type\":\"SearchAction\",\"target\":{\"@type\":\"EntryPoint\",\"urlTemplate\":\"https:\\\/\\\/www.info-algerie.com\\\/actualites\\\/?s={search_term_string}\"},\"query-input\":{\"@type\":\"PropertyValueSpecification\",\"valueRequired\":true,\"valueName\":\"search_term_string\"}}],\"inLanguage\":\"fr-FR\"},{\"@type\":\"Organization\",\"@id\":\"https:\\\/\\\/www.info-algerie.com\\\/actualites\\\/#organization\",\"name\":\"info algerie\",\"url\":\"https:\\\/\\\/www.info-algerie.com\\\/actualites\\\/\",\"logo\":{\"@type\":\"ImageObject\",\"inLanguage\":\"fr-FR\",\"@id\":\"https:\\\/\\\/www.info-algerie.com\\\/actualites\\\/#\\\/schema\\\/logo\\\/image\\\/\",\"url\":\"https:\\\/\\\/www.info-algerie.com\\\/actualites\\\/wp-content\\\/uploads\\\/2022\\\/07\\\/logo-ia-120.png\",\"contentUrl\":\"https:\\\/\\\/www.info-algerie.com\\\/actualites\\\/wp-content\\\/uploads\\\/2022\\\/07\\\/logo-ia-120.png\",\"width\":120,\"height\":43,\"caption\":\"info algerie\"},\"image\":{\"@id\":\"https:\\\/\\\/www.info-algerie.com\\\/actualites\\\/#\\\/schema\\\/logo\\\/image\\\/\"},\"sameAs\":[\"https:\\\/\\\/www.facebook.com\\\/infoalgerieactu\",\"https:\\\/\\\/x.com\\\/infoalgerie1\"]},{\"@type\":\"Person\",\"@id\":\"https:\\\/\\\/www.info-algerie.com\\\/actualites\\\/#\\\/schema\\\/person\\\/847aaec44920825b843a08f30ec6aa1e\",\"name\":\"La r\u00e9daction\",\"image\":{\"@type\":\"ImageObject\",\"inLanguage\":\"fr-FR\",\"@id\":\"https:\\\/\\\/secure.gravatar.com\\\/avatar\\\/769db425c6f465158149f1ffd6cf61ce7a8a879d11dfbef8288af36dfddd418c?s=96&d=mm&r=g\",\"url\":\"https:\\\/\\\/secure.gravatar.com\\\/avatar\\\/769db425c6f465158149f1ffd6cf61ce7a8a879d11dfbef8288af36dfddd418c?s=96&d=mm&r=g\",\"contentUrl\":\"https:\\\/\\\/secure.gravatar.com\\\/avatar\\\/769db425c6f465158149f1ffd6cf61ce7a8a879d11dfbef8288af36dfddd418c?s=96&d=mm&r=g\",\"caption\":\"La r\u00e9daction\"},\"sameAs\":[\"http:\\\/\\\/www.lkeria.com\\\/\"],\"url\":\"https:\\\/\\\/www.info-algerie.com\\\/actualites\\\/author\\\/chakib32\\\/\"}]}<\/script>\n<!-- \/ Yoast SEO plugin. -->","yoast_head_json":{"title":"L&#039;Alg\u00e9rie accorde un int\u00e9r\u00eat accru \u00e0 la question des r\u00e9fugi\u00e9s et au principe de non-refoulement - info algerie","robots":{"index":"index","follow":"follow","max-snippet":"max-snippet:-1","max-image-preview":"max-image-preview:large","max-video-preview":"max-video-preview:-1"},"canonical":"https:\/\/www.info-algerie.com\/actualites\/lalgerie-accorde-un-interet-accru-a-la-question-des-refugies-et-au-principe-de-non-refoulement\/","og_locale":"fr_FR","og_type":"article","og_title":"L&#039;Alg\u00e9rie accorde un int\u00e9r\u00eat accru \u00e0 la question des r\u00e9fugi\u00e9s et au principe de non-refoulement - info algerie","og_description":"ALGER &#8211; La pr\u00e9sidente du Conseil national des droits de l&rsquo;homme (CNDH), Fafa Benzerrouki a affirm\u00e9 mardi que l&rsquo;Alg\u00e9rie accordait un \u00ab\u00a0int\u00e9r\u00eat accru\u00a0\u00bb \u00e0 la question des r\u00e9fugi\u00e9s et au principe de non-refoulement de ceux qui se trouvent dans ses territoires, outre son attachement \u00e0 la pr\u00e9servation de leur dignit\u00e9 humaine. &#013; &#013; Mme. Benzerrouki","og_url":"https:\/\/www.info-algerie.com\/actualites\/lalgerie-accorde-un-interet-accru-a-la-question-des-refugies-et-au-principe-de-non-refoulement\/","og_site_name":"info algerie","article_publisher":"https:\/\/www.facebook.com\/infoalgerieactu","article_published_time":"2017-06-20T14:41:29+00:00","og_image":[{"width":280,"height":169,"url":"https:\/\/www.info-algerie.com\/actualites\/wp-content\/uploads\/2017\/06\/24df1f27c29ec92136847d4886865511_S-1.jpg","type":"image\/jpeg"}],"author":"La r\u00e9daction","twitter_misc":{"\u00c9crit par":"La r\u00e9daction","Dur\u00e9e de lecture estim\u00e9e":"3 minutes"},"schema":{"@context":"https:\/\/schema.org","@graph":[{"@type":"Article","@id":"https:\/\/www.info-algerie.com\/actualites\/lalgerie-accorde-un-interet-accru-a-la-question-des-refugies-et-au-principe-de-non-refoulement\/#article","isPartOf":{"@id":"https:\/\/www.info-algerie.com\/actualites\/lalgerie-accorde-un-interet-accru-a-la-question-des-refugies-et-au-principe-de-non-refoulement\/"},"author":{"name":"La r\u00e9daction","@id":"https:\/\/www.info-algerie.com\/actualites\/#\/schema\/person\/847aaec44920825b843a08f30ec6aa1e"},"headline":"L&#039;Alg\u00e9rie accorde un int\u00e9r\u00eat accru \u00e0 la question des r\u00e9fugi\u00e9s et au principe de non-refoulement","datePublished":"2017-06-20T14:41:29+00:00","mainEntityOfPage":{"@id":"https:\/\/www.info-algerie.com\/actualites\/lalgerie-accorde-un-interet-accru-a-la-question-des-refugies-et-au-principe-de-non-refoulement\/"},"wordCount":582,"commentCount":0,"publisher":{"@id":"https:\/\/www.info-algerie.com\/actualites\/#organization"},"image":{"@id":"https:\/\/www.info-algerie.com\/actualites\/lalgerie-accorde-un-interet-accru-a-la-question-des-refugies-et-au-principe-de-non-refoulement\/#primaryimage"},"thumbnailUrl":"https:\/\/www.info-algerie.com\/actualites\/wp-content\/uploads\/2017\/06\/24df1f27c29ec92136847d4886865511_S-1.jpg","keywords":["ONU"],"articleSection":["infos"],"inLanguage":"fr-FR","potentialAction":[{"@type":"CommentAction","name":"Comment","target":["https:\/\/www.info-algerie.com\/actualites\/lalgerie-accorde-un-interet-accru-a-la-question-des-refugies-et-au-principe-de-non-refoulement\/#respond"]}]},{"@type":"WebPage","@id":"https:\/\/www.info-algerie.com\/actualites\/lalgerie-accorde-un-interet-accru-a-la-question-des-refugies-et-au-principe-de-non-refoulement\/","url":"https:\/\/www.info-algerie.com\/actualites\/lalgerie-accorde-un-interet-accru-a-la-question-des-refugies-et-au-principe-de-non-refoulement\/","name":"L&#039;Alg\u00e9rie accorde un int\u00e9r\u00eat accru \u00e0 la question des r\u00e9fugi\u00e9s et au principe de non-refoulement - info algerie","isPartOf":{"@id":"https:\/\/www.info-algerie.com\/actualites\/#website"},"primaryImageOfPage":{"@id":"https:\/\/www.info-algerie.com\/actualites\/lalgerie-accorde-un-interet-accru-a-la-question-des-refugies-et-au-principe-de-non-refoulement\/#primaryimage"},"image":{"@id":"https:\/\/www.info-algerie.com\/actualites\/lalgerie-accorde-un-interet-accru-a-la-question-des-refugies-et-au-principe-de-non-refoulement\/#primaryimage"},"thumbnailUrl":"https:\/\/www.info-algerie.com\/actualites\/wp-content\/uploads\/2017\/06\/24df1f27c29ec92136847d4886865511_S-1.jpg","datePublished":"2017-06-20T14:41:29+00:00","breadcrumb":{"@id":"https:\/\/www.info-algerie.com\/actualites\/lalgerie-accorde-un-interet-accru-a-la-question-des-refugies-et-au-principe-de-non-refoulement\/#breadcrumb"},"inLanguage":"fr-FR","potentialAction":[{"@type":"ReadAction","target":["https:\/\/www.info-algerie.com\/actualites\/lalgerie-accorde-un-interet-accru-a-la-question-des-refugies-et-au-principe-de-non-refoulement\/"]}]},{"@type":"ImageObject","inLanguage":"fr-FR","@id":"https:\/\/www.info-algerie.com\/actualites\/lalgerie-accorde-un-interet-accru-a-la-question-des-refugies-et-au-principe-de-non-refoulement\/#primaryimage","url":"https:\/\/www.info-algerie.com\/actualites\/wp-content\/uploads\/2017\/06\/24df1f27c29ec92136847d4886865511_S-1.jpg","contentUrl":"https:\/\/www.info-algerie.com\/actualites\/wp-content\/uploads\/2017\/06\/24df1f27c29ec92136847d4886865511_S-1.jpg","width":280,"height":169},{"@type":"BreadcrumbList","@id":"https:\/\/www.info-algerie.com\/actualites\/lalgerie-accorde-un-interet-accru-a-la-question-des-refugies-et-au-principe-de-non-refoulement\/#breadcrumb","itemListElement":[{"@type":"ListItem","position":1,"name":"Accueil","item":"https:\/\/www.info-algerie.com\/actualites\/"},{"@type":"ListItem","position":2,"name":"L&#039;Alg\u00e9rie accorde un int\u00e9r\u00eat accru \u00e0 la question des r\u00e9fugi\u00e9s et au principe de non-refoulement"}]},{"@type":"WebSite","@id":"https:\/\/www.info-algerie.com\/actualites\/#website","url":"https:\/\/www.info-algerie.com\/actualites\/","name":"info algerie","description":"Toutes les actualit\u00e9s","publisher":{"@id":"https:\/\/www.info-algerie.com\/actualites\/#organization"},"potentialAction":[{"@type":"SearchAction","target":{"@type":"EntryPoint","urlTemplate":"https:\/\/www.info-algerie.com\/actualites\/?s={search_term_string}"},"query-input":{"@type":"PropertyValueSpecification","valueRequired":true,"valueName":"search_term_string"}}],"inLanguage":"fr-FR"},{"@type":"Organization","@id":"https:\/\/www.info-algerie.com\/actualites\/#organization","name":"info algerie","url":"https:\/\/www.info-algerie.com\/actualites\/","logo":{"@type":"ImageObject","inLanguage":"fr-FR","@id":"https:\/\/www.info-algerie.com\/actualites\/#\/schema\/logo\/image\/","url":"https:\/\/www.info-algerie.com\/actualites\/wp-content\/uploads\/2022\/07\/logo-ia-120.png","contentUrl":"https:\/\/www.info-algerie.com\/actualites\/wp-content\/uploads\/2022\/07\/logo-ia-120.png","width":120,"height":43,"caption":"info algerie"},"image":{"@id":"https:\/\/www.info-algerie.com\/actualites\/#\/schema\/logo\/image\/"},"sameAs":["https:\/\/www.facebook.com\/infoalgerieactu","https:\/\/x.com\/infoalgerie1"]},{"@type":"Person","@id":"https:\/\/www.info-algerie.com\/actualites\/#\/schema\/person\/847aaec44920825b843a08f30ec6aa1e","name":"La r\u00e9daction","image":{"@type":"ImageObject","inLanguage":"fr-FR","@id":"https:\/\/secure.gravatar.com\/avatar\/769db425c6f465158149f1ffd6cf61ce7a8a879d11dfbef8288af36dfddd418c?s=96&d=mm&r=g","url":"https:\/\/secure.gravatar.com\/avatar\/769db425c6f465158149f1ffd6cf61ce7a8a879d11dfbef8288af36dfddd418c?s=96&d=mm&r=g","contentUrl":"https:\/\/secure.gravatar.com\/avatar\/769db425c6f465158149f1ffd6cf61ce7a8a879d11dfbef8288af36dfddd418c?s=96&d=mm&r=g","caption":"La r\u00e9daction"},"sameAs":["http:\/\/www.lkeria.com\/"],"url":"https:\/\/www.info-algerie.com\/actualites\/author\/chakib32\/"}]}},"_links":{"self":[{"href":"https:\/\/www.info-algerie.com\/actualites\/wp-json\/wp\/v2\/posts\/13383","targetHints":{"allow":["GET"]}}],"collection":[{"href":"https:\/\/www.info-algerie.com\/actualites\/wp-json\/wp\/v2\/posts"}],"about":[{"href":"https:\/\/www.info-algerie.com\/actualites\/wp-json\/wp\/v2\/types\/post"}],"author":[{"embeddable":true,"href":"https:\/\/www.info-algerie.com\/actualites\/wp-json\/wp\/v2\/users\/6"}],"replies":[{"embeddable":true,"href":"https:\/\/www.info-algerie.com\/actualites\/wp-json\/wp\/v2\/comments?post=13383"}],"version-history":[{"count":0,"href":"https:\/\/www.info-algerie.com\/actualites\/wp-json\/wp\/v2\/posts\/13383\/revisions"}],"wp:featuredmedia":[{"embeddable":true,"href":"https:\/\/www.info-algerie.com\/actualites\/wp-json\/wp\/v2\/media\/13384"}],"wp:attachment":[{"href":"https:\/\/www.info-algerie.com\/actualites\/wp-json\/wp\/v2\/media?parent=13383"}],"wp:term":[{"taxonomy":"category","embeddable":true,"href":"https:\/\/www.info-algerie.com\/actualites\/wp-json\/wp\/v2\/categories?post=13383"},{"taxonomy":"post_tag","embeddable":true,"href":"https:\/\/www.info-algerie.com\/actualites\/wp-json\/wp\/v2\/tags?post=13383"}],"curies":[{"name":"wp","href":"https:\/\/api.w.org\/{rel}","templated":true}]}}